{"id":180046,"date":"2014-11-05T23:06:00","date_gmt":"2014-11-05T23:06:00","guid":{"rendered":"https:\/\/www.webdo.tn\/fr\/blog\/message-soutien-conseil-ordre-national-des-avocats-tunisie-attentat-terroriste-kef\/180046\/"},"modified":"2025-05-22T13:22:54","modified_gmt":"2025-05-22T13:22:54","slug":"message-soutien-conseil-ordre-national-des-avocats-tunisie-attentat-terroriste-kef","status":"publish","type":"post","link":"https:\/\/www.webdo.tn\/fr\/actualite\/terrorisme\/message-soutien-conseil-ordre-national-des-avocats-tunisie-attentat-terroriste-kef\/180046\/","title":{"rendered":"Message de soutien du conseil de l\u2019Ordre national des avocats de Tunisie suite \u00e0 l\u2019attentat terroriste au Kef"},"content":{"rendered":"<p>Suite \u00e0 l&rsquo;op\u00e9ration terroriste qui a cibl\u00e9 nos soldats ce mercredi 5 novembre au Kef, faisant parmi les victimes 4 d\u00e9c\u00e8s et 12 bless\u00e9s, le conseil de l\u2019Ordre national des avocats de Tunisie ont rendu public un communiqu\u00e9 dans lequel le conseil a pr\u00e9sent\u00e9 ses sinc\u00e8res condol\u00e9ances au peuple tunisien en souhaitant un prompt r\u00e9tablissement aux bless\u00e9s.<\/p>\n<p>Par ailleurs, le conseil a r\u00e9it\u00e9r\u00e9 son soutien aux forces s\u00e9curitaires et militaires dans leur lutte contre le terrorisme en soulignant que ces l\u00e2ches op\u00e9rations terroristes ne peuvent avoir d\u2019impact sur le peuple tunisien qui, dit-il, est plus que jamais d\u00e9termin\u00e9 \u00e0 instituer un \u00c9tat d\u2019institutions durables selon les principes de la r\u00e9volution.<\/p>\n<p>Le Conseil de l&rsquo;ordre national des avocats de Tunisie fait partie du Quartette en compagnie de l\u2019Union g\u00e9n\u00e9rale tunisienne du travail (UGTT), la Ligue tunisienne des droits de l\u2019homme (LTHD), et l\u2019Union tunisienne de l\u2019industrie, du commerce et de l\u2019artisanat (UTICA).<br \/>\nAbdelhamid Ferchichi<\/p>\n","protected":false},"excerpt":{"rendered":"<p>Message de soutien du conseil de l\u2019Ordre national des avocats de Tunisie suite \u00e0 l\u2019attentat terroriste au Kef<\/p>\n","protected":false},"author":3222,"featured_media":335229,"comment_status":"open","ping_status":"closed","sticky":false,"template":"","format":"standard","meta":{"footnotes":""},"categories":[11342],"tags":[],"class_list":["post-180046","post","type-post","status-publish","format-standard","has-post-thumbnail","hentry","category-terrorisme"],"yoast_head":"<!-- This site is optimized with the Yoast SEO Premium plugin v27.4 (Yoast SEO v27.5) - https:\/\/yoast.com\/product\/yoast-seo-premium-wordpress\/ -->\n<title>Message de soutien du conseil de l\u2019Ordre national des avocats de Tunisie suite \u00e0 l\u2019attentat terroriste au Kef<\/title>\n<meta name=\"description\" content=\"Message de soutien du conseil de l\u2019Ordre national des avocats de Tunisie suite \u00e0 l\u2019attentat terroriste au Kef\" \/>\n<link rel=\"canonical\" href=\"https:\/\/www.webdo.tn\/fr\/actualite\/terrorisme\/message-soutien-conseil-ordre-national-des-avocats-tunisie-attentat-terroriste-kef\/180046\/\" \/>\n<meta property=\"og:locale\" content=\"fr_FR\" \/>\n<meta property=\"og:type\" content=\"article\" \/>\n<meta property=\"og:title\" content=\"Message de soutien du conseil de l\u2019Ordre national des avocats de Tunisie suite \u00e0 l\u2019attentat terroriste au Kef\" \/>\n<meta property=\"og:description\" content=\"Message de soutien du conseil de l\u2019Ordre national des avocats de Tunisie suite \u00e0 l\u2019attentat terroriste au Kef\" \/>\n<meta property=\"og:url\" content=\"https:\/\/www.webdo.tn\/fr\/actualite\/terrorisme\/message-soutien-conseil-ordre-national-des-avocats-tunisie-attentat-terroriste-kef\/180046\/\" \/>\n<meta property=\"og:site_name\" content=\"webdo\" \/>\n<meta property=\"article:publisher\" content=\"https:\/\/www.facebook.com\/webdotn\" \/>\n<meta property=\"article:published_time\" content=\"2014-11-05T23:06:00+00:00\" \/>\n<meta property=\"article:modified_time\" content=\"2025-05-22T13:22:54+00:00\" \/>\n<meta property=\"og:image\" content=\"https:\/\/www.webdo.tn\/fr\/wp-content\/uploads\/2014\/11\/ordre-avocats-tunisie.jpg\" \/>\n\t<meta property=\"og:image:width\" content=\"240\" \/>\n\t<meta property=\"og:image:height\" content=\"172\" \/>\n\t<meta property=\"og:image:type\" content=\"image\/jpeg\" \/>\n<meta name=\"author\" content=\"webdo.tn\" \/>\n<meta name=\"twitter:card\" content=\"summary_large_image\" \/>\n<meta name=\"twitter:creator\" content=\"@webdo_tn\" \/>\n<meta name=\"twitter:site\" content=\"@webdo_tn\" \/>\n<meta name=\"twitter:label1\" content=\"\u00c9crit par\" \/>\n\t<meta name=\"twitter:data1\" content=\"webdo.tn\" \/>\n\t<meta name=\"twitter:label2\" content=\"Dur\u00e9e de lecture estim\u00e9e\" \/>\n\t<meta name=\"twitter:data2\" content=\"1 minute\" \/>\n<script type=\"application\/ld+json\" class=\"yoast-schema-graph\">{\"@context\":\"https:\\\/\\\/schema.org\",\"@graph\":[{\"@type\":\"NewsArticle\",\"@id\":\"https:\\\/\\\/www.webdo.tn\\\/fr\\\/actualite\\\/terrorisme\\\/message-soutien-conseil-ordre-national-des-avocats-tunisie-attentat-terroriste-kef\\\/180046\\\/#article\",\"isPartOf\":{\"@id\":\"https:\\\/\\\/www.webdo.tn\\\/fr\\\/actualite\\\/terrorisme\\\/message-soutien-conseil-ordre-national-des-avocats-tunisie-attentat-terroriste-kef\\\/180046\\\/\"},\"author\":{\"name\":\"webdo.tn\",\"@id\":\"https:\\\/\\\/www.webdo.tn\\\/fr\\\/#\\\/schema\\\/person\\\/9a9c6118d687c117df8ef3cc36a4d175\"},\"headline\":\"Message de soutien du conseil de l\u2019Ordre national des avocats de Tunisie suite \u00e0 l\u2019attentat terroriste au Kef\",\"datePublished\":\"2014-11-05T23:06:00+00:00\",\"dateModified\":\"2025-05-22T13:22:54+00:00\",\"mainEntityOfPage\":{\"@id\":\"https:\\\/\\\/www.webdo.tn\\\/fr\\\/actualite\\\/terrorisme\\\/message-soutien-conseil-ordre-national-des-avocats-tunisie-attentat-terroriste-kef\\\/180046\\\/\"},\"wordCount\":195,\"commentCount\":0,\"publisher\":{\"@id\":\"https:\\\/\\\/www.webdo.tn\\\/fr\\\/#organization\"},\"image\":{\"@id\":\"https:\\\/\\\/www.webdo.tn\\\/fr\\\/actualite\\\/terrorisme\\\/message-soutien-conseil-ordre-national-des-avocats-tunisie-attentat-terroriste-kef\\\/180046\\\/#primaryimage\"},\"thumbnailUrl\":\"https:\\\/\\\/www.webdo.tn\\\/fr\\\/wp-content\\\/uploads\\\/2014\\\/11\\\/ordre-avocats-tunisie.jpg\",\"articleSection\":[\"Terrorisme\"],\"inLanguage\":\"fr-FR\"},{\"@type\":\"WebPage\",\"@id\":\"https:\\\/\\\/www.webdo.tn\\\/fr\\\/actualite\\\/terrorisme\\\/message-soutien-conseil-ordre-national-des-avocats-tunisie-attentat-terroriste-kef\\\/180046\\\/\",\"url\":\"https:\\\/\\\/www.webdo.tn\\\/fr\\\/actualite\\\/terrorisme\\\/message-soutien-conseil-ordre-national-des-avocats-tunisie-attentat-terroriste-kef\\\/180046\\\/\",\"name\":\"Message de soutien du conseil de l\u2019Ordre national des avocats de Tunisie suite \u00e0 l\u2019attentat terroriste au Kef\",\"isPartOf\":{\"@id\":\"https:\\\/\\\/www.webdo.tn\\\/fr\\\/#website\"},\"primaryImageOfPage\":{\"@id\":\"https:\\\/\\\/www.webdo.tn\\\/fr\\\/actualite\\\/terrorisme\\\/message-soutien-conseil-ordre-national-des-avocats-tunisie-attentat-terroriste-kef\\\/180046\\\/#primaryimage\"},\"image\":{\"@id\":\"https:\\\/\\\/www.webdo.tn\\\/fr\\\/actualite\\\/terrorisme\\\/message-soutien-conseil-ordre-national-des-avocats-tunisie-attentat-terroriste-kef\\\/180046\\\/#primaryimage\"},\"thumbnailUrl\":\"https:\\\/\\\/www.webdo.tn\\\/fr\\\/wp-content\\\/uploads\\\/2014\\\/11\\\/ordre-avocats-tunisie.jpg\",\"datePublished\":\"2014-11-05T23:06:00+00:00\",\"dateModified\":\"2025-05-22T13:22:54+00:00\",\"description\":\"Message de soutien du conseil de l\u2019Ordre national des avocats de Tunisie suite \u00e0 l\u2019attentat terroriste au Kef\",\"breadcrumb\":{\"@id\":\"https:\\\/\\\/www.webdo.tn\\\/fr\\\/actualite\\\/terrorisme\\\/message-soutien-conseil-ordre-national-des-avocats-tunisie-attentat-terroriste-kef\\\/180046\\\/#breadcrumb\"},\"inLanguage\":\"fr-FR\",\"potentialAction\":[{\"@type\":\"ReadAction\",\"target\":[\"https:\\\/\\\/www.webdo.tn\\\/fr\\\/actualite\\\/terrorisme\\\/message-soutien-conseil-ordre-national-des-avocats-tunisie-attentat-terroriste-kef\\\/180046\\\/\"]}]},{\"@type\":\"ImageObject\",\"inLanguage\":\"fr-FR\",\"@id\":\"https:\\\/\\\/www.webdo.tn\\\/fr\\\/actualite\\\/terrorisme\\\/message-soutien-conseil-ordre-national-des-avocats-tunisie-attentat-terroriste-kef\\\/180046\\\/#primaryimage\",\"url\":\"https:\\\/\\\/www.webdo.tn\\\/fr\\\/wp-content\\\/uploads\\\/2014\\\/11\\\/ordre-avocats-tunisie.jpg\",\"contentUrl\":\"https:\\\/\\\/www.webdo.tn\\\/fr\\\/wp-content\\\/uploads\\\/2014\\\/11\\\/ordre-avocats-tunisie.jpg\",\"width\":240,\"height\":172,\"caption\":\"Message de soutien du conseil de l\u2019Ordre national des avocats de Tunisie suite \u00e0 l\u2019attentat terroriste au Kef\"},{\"@type\":\"BreadcrumbList\",\"@id\":\"https:\\\/\\\/www.webdo.tn\\\/fr\\\/actualite\\\/terrorisme\\\/message-soutien-conseil-ordre-national-des-avocats-tunisie-attentat-terroriste-kef\\\/180046\\\/#breadcrumb\",\"itemListElement\":[{\"@type\":\"ListItem\",\"position\":1,\"name\":\"Accueil\",\"item\":\"https:\\\/\\\/www.webdo.tn\\\/fr\\\/\"},{\"@type\":\"ListItem\",\"position\":2,\"name\":\"Message de soutien du conseil de l\u2019Ordre national des avocats de Tunisie suite \u00e0 l\u2019attentat terroriste au Kef\"}]},{\"@type\":\"WebSite\",\"@id\":\"https:\\\/\\\/www.webdo.tn\\\/fr\\\/#website\",\"url\":\"https:\\\/\\\/www.webdo.tn\\\/fr\\\/\",\"name\":\"webdo\",\"description\":\"Tunisie - News en Tunisie et \u00e0 l&#039;international sur Webdo.tn\",\"publisher\":{\"@id\":\"https:\\\/\\\/www.webdo.tn\\\/fr\\\/#organization\"},\"potentialAction\":[{\"@type\":\"SearchAction\",\"target\":{\"@type\":\"EntryPoint\",\"urlTemplate\":\"https:\\\/\\\/www.webdo.tn\\\/fr\\\/?s={search_term_string}\"},\"query-input\":{\"@type\":\"PropertyValueSpecification\",\"valueRequired\":true,\"valueName\":\"search_term_string\"}}],\"inLanguage\":\"fr-FR\"},{\"@type\":\"Organization\",\"@id\":\"https:\\\/\\\/www.webdo.tn\\\/fr\\\/#organization\",\"name\":\"Webdo\",\"alternateName\":\"Webdo.tn\",\"url\":\"https:\\\/\\\/www.webdo.tn\\\/fr\\\/\",\"logo\":{\"@type\":\"ImageObject\",\"inLanguage\":\"fr-FR\",\"@id\":\"https:\\\/\\\/www.webdo.tn\\\/fr\\\/#\\\/schema\\\/logo\\\/image\\\/\",\"url\":\"https:\\\/\\\/www.webdo.tn\\\/fr\\\/wp-content\\\/uploads\\\/2025\\\/06\\\/Webdo-Tunisie_168377.jpg\",\"contentUrl\":\"https:\\\/\\\/www.webdo.tn\\\/fr\\\/wp-content\\\/uploads\\\/2025\\\/06\\\/Webdo-Tunisie_168377.jpg\",\"width\":301,\"height\":301,\"caption\":\"Webdo\"},\"image\":{\"@id\":\"https:\\\/\\\/www.webdo.tn\\\/fr\\\/#\\\/schema\\\/logo\\\/image\\\/\"},\"sameAs\":[\"https:\\\/\\\/www.facebook.com\\\/webdotn\",\"https:\\\/\\\/x.com\\\/webdo_tn\"],\"description\":\"Webdo est un m\u00e9dia num\u00e9rique tunisien fond\u00e9 en 2010, sp\u00e9cialis\u00e9 dans l\u2019actualit\u00e9 nationale et internationale, l\u2019\u00e9conomie, la soci\u00e9t\u00e9 et les analyses politiques. Le site s\u2019adresse \u00e0 un large public francophone et couvre l\u2019information tunisienne en temps r\u00e9el.\",\"email\":\"redac@webdo.tn\",\"legalName\":\"YNJ SARL\",\"foundingDate\":\"2010-09-06\",\"numberOfEmployees\":{\"@type\":\"QuantitativeValue\",\"minValue\":\"11\",\"maxValue\":\"50\"}},{\"@type\":\"Person\",\"@id\":\"https:\\\/\\\/www.webdo.tn\\\/fr\\\/#\\\/schema\\\/person\\\/9a9c6118d687c117df8ef3cc36a4d175\",\"name\":\"webdo.tn\",\"image\":{\"@type\":\"ImageObject\",\"inLanguage\":\"fr-FR\",\"@id\":\"https:\\\/\\\/secure.gravatar.com\\\/avatar\\\/7ce1f28c0c3bbac99ff550b85ef8e44a6950c6ee24514fb6a5489e51d06f0298?s=96&d=mm&r=g\",\"url\":\"https:\\\/\\\/secure.gravatar.com\\\/avatar\\\/7ce1f28c0c3bbac99ff550b85ef8e44a6950c6ee24514fb6a5489e51d06f0298?s=96&d=mm&r=g\",\"contentUrl\":\"https:\\\/\\\/secure.gravatar.com\\\/avatar\\\/7ce1f28c0c3bbac99ff550b85ef8e44a6950c6ee24514fb6a5489e51d06f0298?s=96&d=mm&r=g\",\"caption\":\"webdo.tn\"},\"url\":\"https:\\\/\\\/www.webdo.tn\\\/fr\\\/actualite\\\/author\\\/webdotn\\\/\"}]}<\/script>\n<!-- \/ Yoast SEO Premium plugin. -->","yoast_head_json":{"title":"Message de soutien du conseil de l\u2019Ordre national des avocats de Tunisie suite \u00e0 l\u2019attentat terroriste au Kef","description":"Message de soutien du conseil de l\u2019Ordre national des avocats de Tunisie suite \u00e0 l\u2019attentat terroriste au Kef","canonical":"https:\/\/www.webdo.tn\/fr\/actualite\/terrorisme\/message-soutien-conseil-ordre-national-des-avocats-tunisie-attentat-terroriste-kef\/180046\/","og_locale":"fr_FR","og_type":"article","og_title":"Message de soutien du conseil de l\u2019Ordre national des avocats de Tunisie suite \u00e0 l\u2019attentat terroriste au Kef","og_description":"Message de soutien du conseil de l\u2019Ordre national des avocats de Tunisie suite \u00e0 l\u2019attentat terroriste au Kef","og_url":"https:\/\/www.webdo.tn\/fr\/actualite\/terrorisme\/message-soutien-conseil-ordre-national-des-avocats-tunisie-attentat-terroriste-kef\/180046\/","og_site_name":"webdo","article_publisher":"https:\/\/www.facebook.com\/webdotn","article_published_time":"2014-11-05T23:06:00+00:00","article_modified_time":"2025-05-22T13:22:54+00:00","og_image":[{"width":240,"height":172,"url":"https:\/\/www.webdo.tn\/fr\/wp-content\/uploads\/2014\/11\/ordre-avocats-tunisie.jpg","type":"image\/jpeg"}],"author":"webdo.tn","twitter_card":"summary_large_image","twitter_creator":"@webdo_tn","twitter_site":"@webdo_tn","twitter_misc":{"\u00c9crit par":"webdo.tn","Dur\u00e9e de lecture estim\u00e9e":"1 minute"},"schema":{"@context":"https:\/\/schema.org","@graph":[{"@type":"NewsArticle","@id":"https:\/\/www.webdo.tn\/fr\/actualite\/terrorisme\/message-soutien-conseil-ordre-national-des-avocats-tunisie-attentat-terroriste-kef\/180046\/#article","isPartOf":{"@id":"https:\/\/www.webdo.tn\/fr\/actualite\/terrorisme\/message-soutien-conseil-ordre-national-des-avocats-tunisie-attentat-terroriste-kef\/180046\/"},"author":{"name":"webdo.tn","@id":"https:\/\/www.webdo.tn\/fr\/#\/schema\/person\/9a9c6118d687c117df8ef3cc36a4d175"},"headline":"Message de soutien du conseil de l\u2019Ordre national des avocats de Tunisie suite \u00e0 l\u2019attentat terroriste au Kef","datePublished":"2014-11-05T23:06:00+00:00","dateModified":"2025-05-22T13:22:54+00:00","mainEntityOfPage":{"@id":"https:\/\/www.webdo.tn\/fr\/actualite\/terrorisme\/message-soutien-conseil-ordre-national-des-avocats-tunisie-attentat-terroriste-kef\/180046\/"},"wordCount":195,"commentCount":0,"publisher":{"@id":"https:\/\/www.webdo.tn\/fr\/#organization"},"image":{"@id":"https:\/\/www.webdo.tn\/fr\/actualite\/terrorisme\/message-soutien-conseil-ordre-national-des-avocats-tunisie-attentat-terroriste-kef\/180046\/#primaryimage"},"thumbnailUrl":"https:\/\/www.webdo.tn\/fr\/wp-content\/uploads\/2014\/11\/ordre-avocats-tunisie.jpg","articleSection":["Terrorisme"],"inLanguage":"fr-FR"},{"@type":"WebPage","@id":"https:\/\/www.webdo.tn\/fr\/actualite\/terrorisme\/message-soutien-conseil-ordre-national-des-avocats-tunisie-attentat-terroriste-kef\/180046\/","url":"https:\/\/www.webdo.tn\/fr\/actualite\/terrorisme\/message-soutien-conseil-ordre-national-des-avocats-tunisie-attentat-terroriste-kef\/180046\/","name":"Message de soutien du conseil de l\u2019Ordre national des avocats de Tunisie suite \u00e0 l\u2019attentat terroriste au Kef","isPartOf":{"@id":"https:\/\/www.webdo.tn\/fr\/#website"},"primaryImageOfPage":{"@id":"https:\/\/www.webdo.tn\/fr\/actualite\/terrorisme\/message-soutien-conseil-ordre-national-des-avocats-tunisie-attentat-terroriste-kef\/180046\/#primaryimage"},"image":{"@id":"https:\/\/www.webdo.tn\/fr\/actualite\/terrorisme\/message-soutien-conseil-ordre-national-des-avocats-tunisie-attentat-terroriste-kef\/180046\/#primaryimage"},"thumbnailUrl":"https:\/\/www.webdo.tn\/fr\/wp-content\/uploads\/2014\/11\/ordre-avocats-tunisie.jpg","datePublished":"2014-11-05T23:06:00+00:00","dateModified":"2025-05-22T13:22:54+00:00","description":"Message de soutien du conseil de l\u2019Ordre national des avocats de Tunisie suite \u00e0 l\u2019attentat terroriste au Kef","breadcrumb":{"@id":"https:\/\/www.webdo.tn\/fr\/actualite\/terrorisme\/message-soutien-conseil-ordre-national-des-avocats-tunisie-attentat-terroriste-kef\/180046\/#breadcrumb"},"inLanguage":"fr-FR","potentialAction":[{"@type":"ReadAction","target":["https:\/\/www.webdo.tn\/fr\/actualite\/terrorisme\/message-soutien-conseil-ordre-national-des-avocats-tunisie-attentat-terroriste-kef\/180046\/"]}]},{"@type":"ImageObject","inLanguage":"fr-FR","@id":"https:\/\/www.webdo.tn\/fr\/actualite\/terrorisme\/message-soutien-conseil-ordre-national-des-avocats-tunisie-attentat-terroriste-kef\/180046\/#primaryimage","url":"https:\/\/www.webdo.tn\/fr\/wp-content\/uploads\/2014\/11\/ordre-avocats-tunisie.jpg","contentUrl":"https:\/\/www.webdo.tn\/fr\/wp-content\/uploads\/2014\/11\/ordre-avocats-tunisie.jpg","width":240,"height":172,"caption":"Message de soutien du conseil de l\u2019Ordre national des avocats de Tunisie suite \u00e0 l\u2019attentat terroriste au Kef"},{"@type":"BreadcrumbList","@id":"https:\/\/www.webdo.tn\/fr\/actualite\/terrorisme\/message-soutien-conseil-ordre-national-des-avocats-tunisie-attentat-terroriste-kef\/180046\/#breadcrumb","itemListElement":[{"@type":"ListItem","position":1,"name":"Accueil","item":"https:\/\/www.webdo.tn\/fr\/"},{"@type":"ListItem","position":2,"name":"Message de soutien du conseil de l\u2019Ordre national des avocats de Tunisie suite \u00e0 l\u2019attentat terroriste au Kef"}]},{"@type":"WebSite","@id":"https:\/\/www.webdo.tn\/fr\/#website","url":"https:\/\/www.webdo.tn\/fr\/","name":"webdo","description":"Tunisie - News en Tunisie et \u00e0 l&#039;international sur Webdo.tn","publisher":{"@id":"https:\/\/www.webdo.tn\/fr\/#organization"},"potentialAction":[{"@type":"SearchAction","target":{"@type":"EntryPoint","urlTemplate":"https:\/\/www.webdo.tn\/fr\/?s={search_term_string}"},"query-input":{"@type":"PropertyValueSpecification","valueRequired":true,"valueName":"search_term_string"}}],"inLanguage":"fr-FR"},{"@type":"Organization","@id":"https:\/\/www.webdo.tn\/fr\/#organization","name":"Webdo","alternateName":"Webdo.tn","url":"https:\/\/www.webdo.tn\/fr\/","logo":{"@type":"ImageObject","inLanguage":"fr-FR","@id":"https:\/\/www.webdo.tn\/fr\/#\/schema\/logo\/image\/","url":"https:\/\/www.webdo.tn\/fr\/wp-content\/uploads\/2025\/06\/Webdo-Tunisie_168377.jpg","contentUrl":"https:\/\/www.webdo.tn\/fr\/wp-content\/uploads\/2025\/06\/Webdo-Tunisie_168377.jpg","width":301,"height":301,"caption":"Webdo"},"image":{"@id":"https:\/\/www.webdo.tn\/fr\/#\/schema\/logo\/image\/"},"sameAs":["https:\/\/www.facebook.com\/webdotn","https:\/\/x.com\/webdo_tn"],"description":"Webdo est un m\u00e9dia num\u00e9rique tunisien fond\u00e9 en 2010, sp\u00e9cialis\u00e9 dans l\u2019actualit\u00e9 nationale et internationale, l\u2019\u00e9conomie, la soci\u00e9t\u00e9 et les analyses politiques. Le site s\u2019adresse \u00e0 un large public francophone et couvre l\u2019information tunisienne en temps r\u00e9el.","email":"redac@webdo.tn","legalName":"YNJ SARL","foundingDate":"2010-09-06","numberOfEmployees":{"@type":"QuantitativeValue","minValue":"11","maxValue":"50"}},{"@type":"Person","@id":"https:\/\/www.webdo.tn\/fr\/#\/schema\/person\/9a9c6118d687c117df8ef3cc36a4d175","name":"webdo.tn","image":{"@type":"ImageObject","inLanguage":"fr-FR","@id":"https:\/\/secure.gravatar.com\/avatar\/7ce1f28c0c3bbac99ff550b85ef8e44a6950c6ee24514fb6a5489e51d06f0298?s=96&d=mm&r=g","url":"https:\/\/secure.gravatar.com\/avatar\/7ce1f28c0c3bbac99ff550b85ef8e44a6950c6ee24514fb6a5489e51d06f0298?s=96&d=mm&r=g","contentUrl":"https:\/\/secure.gravatar.com\/avatar\/7ce1f28c0c3bbac99ff550b85ef8e44a6950c6ee24514fb6a5489e51d06f0298?s=96&d=mm&r=g","caption":"webdo.tn"},"url":"https:\/\/www.webdo.tn\/fr\/actualite\/author\/webdotn\/"}]}},"_links":{"self":[{"href":"https:\/\/www.webdo.tn\/fr\/wp-json\/wp\/v2\/posts\/180046","targetHints":{"allow":["GET"]}}],"collection":[{"href":"https:\/\/www.webdo.tn\/fr\/wp-json\/wp\/v2\/posts"}],"about":[{"href":"https:\/\/www.webdo.tn\/fr\/wp-json\/wp\/v2\/types\/post"}],"author":[{"embeddable":true,"href":"https:\/\/www.webdo.tn\/fr\/wp-json\/wp\/v2\/users\/3222"}],"replies":[{"embeddable":true,"href":"https:\/\/www.webdo.tn\/fr\/wp-json\/wp\/v2\/comments?post=180046"}],"version-history":[{"count":0,"href":"https:\/\/www.webdo.tn\/fr\/wp-json\/wp\/v2\/posts\/180046\/revisions"}],"wp:featuredmedia":[{"embeddable":true,"href":"https:\/\/www.webdo.tn\/fr\/wp-json\/wp\/v2\/media\/335229"}],"wp:attachment":[{"href":"https:\/\/www.webdo.tn\/fr\/wp-json\/wp\/v2\/media?parent=180046"}],"wp:term":[{"taxonomy":"category","embeddable":true,"href":"https:\/\/www.webdo.tn\/fr\/wp-json\/wp\/v2\/categories?post=180046"},{"taxonomy":"post_tag","embeddable":true,"href":"https:\/\/www.webdo.tn\/fr\/wp-json\/wp\/v2\/tags?post=180046"}],"curies":[{"name":"wp","href":"https:\/\/api.w.org\/{rel}","templated":true}]}}