{"id":180045,"date":"2014-11-10T12:56:00","date_gmt":"2014-11-10T12:56:00","guid":{"rendered":"https:\/\/www.webdo.tn\/fr\/blog\/nigeria-47-collegiens-tues-79-blesses-attentat-suicide\/180045\/"},"modified":"2014-11-10T12:56:00","modified_gmt":"2014-11-10T12:56:00","slug":"nigeria-47-collegiens-tues-79-blesses-attentat-suicide","status":"publish","type":"post","link":"https:\/\/www.webdo.tn\/fr\/actualite\/terrorisme\/nigeria-47-collegiens-tues-79-blesses-attentat-suicide\/180045\/","title":{"rendered":"Nigeria : 47 coll\u00e9giens tu\u00e9s et 79 bless\u00e9s dans attentat-suicide"},"content":{"rendered":"<p>Un attentat- suicide a fait, ce lundi 10 novembre, au moins 47 morts et 79 bless\u00e9s parmi les \u00e9l\u00e8ves d&rsquo;un coll\u00e8ge du nord-est du Nigeria, rapporte l&rsquo;AFP, selon la police.<\/p>\n<p>Il y a eu une explosion provoqu\u00e9e par un kamikaze dans un coll\u00e8ge de Potiskum, dans l&rsquo;Etat de Yobe, a d\u00e9clar\u00e9 Emmanuel Ojukwu, le porte-parole de la police nig\u00e9riane \u00e0 l\u2019agence de presse. Il y a 47 morts et 79 bless\u00e9s parmi les \u00e9l\u00e8ves, a-t-il ajout\u00e9, pr\u00e9cisant que Boko Haram \u00e9tait soup\u00e7onn\u00e9 d&rsquo;\u00eatre responsable du massacre.<\/p>\n<p>L&rsquo;explosion s&rsquo;est produite dans un coll\u00e8ge-lyc\u00e9e public de gar\u00e7ons de Potiskum, la capitale \u00e9conomique de l&rsquo;Etat de Yobe, au moment o\u00f9 le principal de l&rsquo;\u00e9tablissement s&rsquo;appr\u00eatait \u00e0 s&rsquo;adresser aux adolescents, tous rassembl\u00e9s avant le d\u00e9but des cours, selon un enseignant et un membre de l&rsquo;\u00e9quipe de secours.<\/p>\n","protected":false},"excerpt":{"rendered":"<p>Nigeria : 47 coll\u00e9giens tu\u00e9s et 79 bless\u00e9s dans attentat-suicide<\/p>\n","protected":false},"author":3222,"featured_media":331175,"comment_status":"open","ping_status":"closed","sticky":false,"template":"","format":"standard","meta":{"footnotes":""},"categories":[11342],"tags":[2600],"class_list":["post-180045","post","type-post","status-publish","format-standard","has-post-thumbnail","hentry","category-terrorisme","tag-guerre"],"yoast_head":"<!-- This site is optimized with the Yoast SEO Premium plugin v27.4 (Yoast SEO v27.5) - https:\/\/yoast.com\/product\/yoast-seo-premium-wordpress\/ -->\n<title>Nigeria : 47 coll\u00e9giens tu\u00e9s et 79 bless\u00e9s dans attentat-suicide<\/title>\n<meta name=\"description\" content=\"Nigeria : 47 coll\u00e9giens tu\u00e9s et 79 bless\u00e9s dans attentat-suicide\" \/>\n<link rel=\"canonical\" href=\"https:\/\/www.webdo.tn\/fr\/actualite\/terrorisme\/nigeria-47-collegiens-tues-79-blesses-attentat-suicide\/180045\/\" \/>\n<meta property=\"og:locale\" content=\"fr_FR\" \/>\n<meta property=\"og:type\" content=\"article\" \/>\n<meta property=\"og:title\" content=\"Nigeria : 47 coll\u00e9giens tu\u00e9s et 79 bless\u00e9s dans attentat-suicide\" \/>\n<meta property=\"og:description\" content=\"Nigeria : 47 coll\u00e9giens tu\u00e9s et 79 bless\u00e9s dans attentat-suicide\" \/>\n<meta property=\"og:url\" content=\"https:\/\/www.webdo.tn\/fr\/actualite\/terrorisme\/nigeria-47-collegiens-tues-79-blesses-attentat-suicide\/180045\/\" \/>\n<meta property=\"og:site_name\" content=\"webdo\" \/>\n<meta property=\"article:publisher\" content=\"https:\/\/www.facebook.com\/webdotn\" \/>\n<meta property=\"article:published_time\" content=\"2014-11-10T12:56:00+00:00\" \/>\n<meta property=\"og:image\" content=\"https:\/\/www.webdo.tn\/fr\/wp-content\/uploads\/2014\/11\/Boko-Haram.jpg\" \/>\n\t<meta property=\"og:image:width\" content=\"315\" \/>\n\t<meta property=\"og:image:height\" content=\"200\" \/>\n\t<meta property=\"og:image:type\" content=\"image\/jpeg\" \/>\n<meta name=\"author\" content=\"webdo.tn\" \/>\n<meta name=\"twitter:card\" content=\"summary_large_image\" \/>\n<meta name=\"twitter:creator\" content=\"@webdo_tn\" \/>\n<meta name=\"twitter:site\" content=\"@webdo_tn\" \/>\n<meta name=\"twitter:label1\" content=\"\u00c9crit par\" \/>\n\t<meta name=\"twitter:data1\" content=\"webdo.tn\" \/>\n\t<meta name=\"twitter:label2\" content=\"Dur\u00e9e de lecture estim\u00e9e\" \/>\n\t<meta name=\"twitter:data2\" content=\"1 minute\" \/>\n<script type=\"application\/ld+json\" class=\"yoast-schema-graph\">{\"@context\":\"https:\\\/\\\/schema.org\",\"@graph\":[{\"@type\":\"NewsArticle\",\"@id\":\"https:\\\/\\\/www.webdo.tn\\\/fr\\\/actualite\\\/terrorisme\\\/nigeria-47-collegiens-tues-79-blesses-attentat-suicide\\\/180045\\\/#article\",\"isPartOf\":{\"@id\":\"https:\\\/\\\/www.webdo.tn\\\/fr\\\/actualite\\\/terrorisme\\\/nigeria-47-collegiens-tues-79-blesses-attentat-suicide\\\/180045\\\/\"},\"author\":{\"name\":\"webdo.tn\",\"@id\":\"https:\\\/\\\/www.webdo.tn\\\/fr\\\/#\\\/schema\\\/person\\\/9a9c6118d687c117df8ef3cc36a4d175\"},\"headline\":\"Nigeria : 47 coll\u00e9giens tu\u00e9s et 79 bless\u00e9s dans attentat-suicide\",\"datePublished\":\"2014-11-10T12:56:00+00:00\",\"mainEntityOfPage\":{\"@id\":\"https:\\\/\\\/www.webdo.tn\\\/fr\\\/actualite\\\/terrorisme\\\/nigeria-47-collegiens-tues-79-blesses-attentat-suicide\\\/180045\\\/\"},\"wordCount\":165,\"commentCount\":0,\"publisher\":{\"@id\":\"https:\\\/\\\/www.webdo.tn\\\/fr\\\/#organization\"},\"image\":{\"@id\":\"https:\\\/\\\/www.webdo.tn\\\/fr\\\/actualite\\\/terrorisme\\\/nigeria-47-collegiens-tues-79-blesses-attentat-suicide\\\/180045\\\/#primaryimage\"},\"thumbnailUrl\":\"https:\\\/\\\/www.webdo.tn\\\/fr\\\/wp-content\\\/uploads\\\/2014\\\/11\\\/Boko-Haram.jpg\",\"keywords\":[\"guerre\"],\"articleSection\":[\"Terrorisme\"],\"inLanguage\":\"fr-FR\"},{\"@type\":\"WebPage\",\"@id\":\"https:\\\/\\\/www.webdo.tn\\\/fr\\\/actualite\\\/terrorisme\\\/nigeria-47-collegiens-tues-79-blesses-attentat-suicide\\\/180045\\\/\",\"url\":\"https:\\\/\\\/www.webdo.tn\\\/fr\\\/actualite\\\/terrorisme\\\/nigeria-47-collegiens-tues-79-blesses-attentat-suicide\\\/180045\\\/\",\"name\":\"Nigeria : 47 coll\u00e9giens tu\u00e9s et 79 bless\u00e9s dans attentat-suicide\",\"isPartOf\":{\"@id\":\"https:\\\/\\\/www.webdo.tn\\\/fr\\\/#website\"},\"primaryImageOfPage\":{\"@id\":\"https:\\\/\\\/www.webdo.tn\\\/fr\\\/actualite\\\/terrorisme\\\/nigeria-47-collegiens-tues-79-blesses-attentat-suicide\\\/180045\\\/#primaryimage\"},\"image\":{\"@id\":\"https:\\\/\\\/www.webdo.tn\\\/fr\\\/actualite\\\/terrorisme\\\/nigeria-47-collegiens-tues-79-blesses-attentat-suicide\\\/180045\\\/#primaryimage\"},\"thumbnailUrl\":\"https:\\\/\\\/www.webdo.tn\\\/fr\\\/wp-content\\\/uploads\\\/2014\\\/11\\\/Boko-Haram.jpg\",\"datePublished\":\"2014-11-10T12:56:00+00:00\",\"description\":\"Nigeria : 47 coll\u00e9giens tu\u00e9s et 79 bless\u00e9s dans attentat-suicide\",\"breadcrumb\":{\"@id\":\"https:\\\/\\\/www.webdo.tn\\\/fr\\\/actualite\\\/terrorisme\\\/nigeria-47-collegiens-tues-79-blesses-attentat-suicide\\\/180045\\\/#breadcrumb\"},\"inLanguage\":\"fr-FR\",\"potentialAction\":[{\"@type\":\"ReadAction\",\"target\":[\"https:\\\/\\\/www.webdo.tn\\\/fr\\\/actualite\\\/terrorisme\\\/nigeria-47-collegiens-tues-79-blesses-attentat-suicide\\\/180045\\\/\"]}]},{\"@type\":\"ImageObject\",\"inLanguage\":\"fr-FR\",\"@id\":\"https:\\\/\\\/www.webdo.tn\\\/fr\\\/actualite\\\/terrorisme\\\/nigeria-47-collegiens-tues-79-blesses-attentat-suicide\\\/180045\\\/#primaryimage\",\"url\":\"https:\\\/\\\/www.webdo.tn\\\/fr\\\/wp-content\\\/uploads\\\/2014\\\/11\\\/Boko-Haram.jpg\",\"contentUrl\":\"https:\\\/\\\/www.webdo.tn\\\/fr\\\/wp-content\\\/uploads\\\/2014\\\/11\\\/Boko-Haram.jpg\",\"width\":315,\"height\":200,\"caption\":\"Nigeria : 47 coll\u00e9giens tu\u00e9s et 79 bless\u00e9s dans attentat-suicide\"},{\"@type\":\"BreadcrumbList\",\"@id\":\"https:\\\/\\\/www.webdo.tn\\\/fr\\\/actualite\\\/terrorisme\\\/nigeria-47-collegiens-tues-79-blesses-attentat-suicide\\\/180045\\\/#breadcrumb\",\"itemListElement\":[{\"@type\":\"ListItem\",\"position\":1,\"name\":\"Accueil\",\"item\":\"https:\\\/\\\/www.webdo.tn\\\/fr\\\/\"},{\"@type\":\"ListItem\",\"position\":2,\"name\":\"Nigeria : 47 coll\u00e9giens tu\u00e9s et 79 bless\u00e9s dans attentat-suicide\"}]},{\"@type\":\"WebSite\",\"@id\":\"https:\\\/\\\/www.webdo.tn\\\/fr\\\/#website\",\"url\":\"https:\\\/\\\/www.webdo.tn\\\/fr\\\/\",\"name\":\"webdo\",\"description\":\"Tunisie - News en Tunisie et \u00e0 l&#039;international sur Webdo.tn\",\"publisher\":{\"@id\":\"https:\\\/\\\/www.webdo.tn\\\/fr\\\/#organization\"},\"potentialAction\":[{\"@type\":\"SearchAction\",\"target\":{\"@type\":\"EntryPoint\",\"urlTemplate\":\"https:\\\/\\\/www.webdo.tn\\\/fr\\\/?s={search_term_string}\"},\"query-input\":{\"@type\":\"PropertyValueSpecification\",\"valueRequired\":true,\"valueName\":\"search_term_string\"}}],\"inLanguage\":\"fr-FR\"},{\"@type\":\"Organization\",\"@id\":\"https:\\\/\\\/www.webdo.tn\\\/fr\\\/#organization\",\"name\":\"Webdo\",\"alternateName\":\"Webdo.tn\",\"url\":\"https:\\\/\\\/www.webdo.tn\\\/fr\\\/\",\"logo\":{\"@type\":\"ImageObject\",\"inLanguage\":\"fr-FR\",\"@id\":\"https:\\\/\\\/www.webdo.tn\\\/fr\\\/#\\\/schema\\\/logo\\\/image\\\/\",\"url\":\"https:\\\/\\\/www.webdo.tn\\\/fr\\\/wp-content\\\/uploads\\\/2025\\\/06\\\/Webdo-Tunisie_168377.jpg\",\"contentUrl\":\"https:\\\/\\\/www.webdo.tn\\\/fr\\\/wp-content\\\/uploads\\\/2025\\\/06\\\/Webdo-Tunisie_168377.jpg\",\"width\":301,\"height\":301,\"caption\":\"Webdo\"},\"image\":{\"@id\":\"https:\\\/\\\/www.webdo.tn\\\/fr\\\/#\\\/schema\\\/logo\\\/image\\\/\"},\"sameAs\":[\"https:\\\/\\\/www.facebook.com\\\/webdotn\",\"https:\\\/\\\/x.com\\\/webdo_tn\"],\"description\":\"Webdo est un m\u00e9dia num\u00e9rique tunisien fond\u00e9 en 2010, sp\u00e9cialis\u00e9 dans l\u2019actualit\u00e9 nationale et internationale, l\u2019\u00e9conomie, la soci\u00e9t\u00e9 et les analyses politiques. Le site s\u2019adresse \u00e0 un large public francophone et couvre l\u2019information tunisienne en temps r\u00e9el.\",\"email\":\"redac@webdo.tn\",\"legalName\":\"YNJ SARL\",\"foundingDate\":\"2010-09-06\",\"numberOfEmployees\":{\"@type\":\"QuantitativeValue\",\"minValue\":\"11\",\"maxValue\":\"50\"}},{\"@type\":\"Person\",\"@id\":\"https:\\\/\\\/www.webdo.tn\\\/fr\\\/#\\\/schema\\\/person\\\/9a9c6118d687c117df8ef3cc36a4d175\",\"name\":\"webdo.tn\",\"image\":{\"@type\":\"ImageObject\",\"inLanguage\":\"fr-FR\",\"@id\":\"https:\\\/\\\/secure.gravatar.com\\\/avatar\\\/7ce1f28c0c3bbac99ff550b85ef8e44a6950c6ee24514fb6a5489e51d06f0298?s=96&d=mm&r=g\",\"url\":\"https:\\\/\\\/secure.gravatar.com\\\/avatar\\\/7ce1f28c0c3bbac99ff550b85ef8e44a6950c6ee24514fb6a5489e51d06f0298?s=96&d=mm&r=g\",\"contentUrl\":\"https:\\\/\\\/secure.gravatar.com\\\/avatar\\\/7ce1f28c0c3bbac99ff550b85ef8e44a6950c6ee24514fb6a5489e51d06f0298?s=96&d=mm&r=g\",\"caption\":\"webdo.tn\"},\"url\":\"https:\\\/\\\/www.webdo.tn\\\/fr\\\/actualite\\\/author\\\/webdotn\\\/\"}]}<\/script>\n<!-- \/ Yoast SEO Premium plugin. -->","yoast_head_json":{"title":"Nigeria : 47 coll\u00e9giens tu\u00e9s et 79 bless\u00e9s dans attentat-suicide","description":"Nigeria : 47 coll\u00e9giens tu\u00e9s et 79 bless\u00e9s dans attentat-suicide","canonical":"https:\/\/www.webdo.tn\/fr\/actualite\/terrorisme\/nigeria-47-collegiens-tues-79-blesses-attentat-suicide\/180045\/","og_locale":"fr_FR","og_type":"article","og_title":"Nigeria : 47 coll\u00e9giens tu\u00e9s et 79 bless\u00e9s dans attentat-suicide","og_description":"Nigeria : 47 coll\u00e9giens tu\u00e9s et 79 bless\u00e9s dans attentat-suicide","og_url":"https:\/\/www.webdo.tn\/fr\/actualite\/terrorisme\/nigeria-47-collegiens-tues-79-blesses-attentat-suicide\/180045\/","og_site_name":"webdo","article_publisher":"https:\/\/www.facebook.com\/webdotn","article_published_time":"2014-11-10T12:56:00+00:00","og_image":[{"width":315,"height":200,"url":"https:\/\/www.webdo.tn\/fr\/wp-content\/uploads\/2014\/11\/Boko-Haram.jpg","type":"image\/jpeg"}],"author":"webdo.tn","twitter_card":"summary_large_image","twitter_creator":"@webdo_tn","twitter_site":"@webdo_tn","twitter_misc":{"\u00c9crit par":"webdo.tn","Dur\u00e9e de lecture estim\u00e9e":"1 minute"},"schema":{"@context":"https:\/\/schema.org","@graph":[{"@type":"NewsArticle","@id":"https:\/\/www.webdo.tn\/fr\/actualite\/terrorisme\/nigeria-47-collegiens-tues-79-blesses-attentat-suicide\/180045\/#article","isPartOf":{"@id":"https:\/\/www.webdo.tn\/fr\/actualite\/terrorisme\/nigeria-47-collegiens-tues-79-blesses-attentat-suicide\/180045\/"},"author":{"name":"webdo.tn","@id":"https:\/\/www.webdo.tn\/fr\/#\/schema\/person\/9a9c6118d687c117df8ef3cc36a4d175"},"headline":"Nigeria : 47 coll\u00e9giens tu\u00e9s et 79 bless\u00e9s dans attentat-suicide","datePublished":"2014-11-10T12:56:00+00:00","mainEntityOfPage":{"@id":"https:\/\/www.webdo.tn\/fr\/actualite\/terrorisme\/nigeria-47-collegiens-tues-79-blesses-attentat-suicide\/180045\/"},"wordCount":165,"commentCount":0,"publisher":{"@id":"https:\/\/www.webdo.tn\/fr\/#organization"},"image":{"@id":"https:\/\/www.webdo.tn\/fr\/actualite\/terrorisme\/nigeria-47-collegiens-tues-79-blesses-attentat-suicide\/180045\/#primaryimage"},"thumbnailUrl":"https:\/\/www.webdo.tn\/fr\/wp-content\/uploads\/2014\/11\/Boko-Haram.jpg","keywords":["guerre"],"articleSection":["Terrorisme"],"inLanguage":"fr-FR"},{"@type":"WebPage","@id":"https:\/\/www.webdo.tn\/fr\/actualite\/terrorisme\/nigeria-47-collegiens-tues-79-blesses-attentat-suicide\/180045\/","url":"https:\/\/www.webdo.tn\/fr\/actualite\/terrorisme\/nigeria-47-collegiens-tues-79-blesses-attentat-suicide\/180045\/","name":"Nigeria : 47 coll\u00e9giens tu\u00e9s et 79 bless\u00e9s dans attentat-suicide","isPartOf":{"@id":"https:\/\/www.webdo.tn\/fr\/#website"},"primaryImageOfPage":{"@id":"https:\/\/www.webdo.tn\/fr\/actualite\/terrorisme\/nigeria-47-collegiens-tues-79-blesses-attentat-suicide\/180045\/#primaryimage"},"image":{"@id":"https:\/\/www.webdo.tn\/fr\/actualite\/terrorisme\/nigeria-47-collegiens-tues-79-blesses-attentat-suicide\/180045\/#primaryimage"},"thumbnailUrl":"https:\/\/www.webdo.tn\/fr\/wp-content\/uploads\/2014\/11\/Boko-Haram.jpg","datePublished":"2014-11-10T12:56:00+00:00","description":"Nigeria : 47 coll\u00e9giens tu\u00e9s et 79 bless\u00e9s dans attentat-suicide","breadcrumb":{"@id":"https:\/\/www.webdo.tn\/fr\/actualite\/terrorisme\/nigeria-47-collegiens-tues-79-blesses-attentat-suicide\/180045\/#breadcrumb"},"inLanguage":"fr-FR","potentialAction":[{"@type":"ReadAction","target":["https:\/\/www.webdo.tn\/fr\/actualite\/terrorisme\/nigeria-47-collegiens-tues-79-blesses-attentat-suicide\/180045\/"]}]},{"@type":"ImageObject","inLanguage":"fr-FR","@id":"https:\/\/www.webdo.tn\/fr\/actualite\/terrorisme\/nigeria-47-collegiens-tues-79-blesses-attentat-suicide\/180045\/#primaryimage","url":"https:\/\/www.webdo.tn\/fr\/wp-content\/uploads\/2014\/11\/Boko-Haram.jpg","contentUrl":"https:\/\/www.webdo.tn\/fr\/wp-content\/uploads\/2014\/11\/Boko-Haram.jpg","width":315,"height":200,"caption":"Nigeria : 47 coll\u00e9giens tu\u00e9s et 79 bless\u00e9s dans attentat-suicide"},{"@type":"BreadcrumbList","@id":"https:\/\/www.webdo.tn\/fr\/actualite\/terrorisme\/nigeria-47-collegiens-tues-79-blesses-attentat-suicide\/180045\/#breadcrumb","itemListElement":[{"@type":"ListItem","position":1,"name":"Accueil","item":"https:\/\/www.webdo.tn\/fr\/"},{"@type":"ListItem","position":2,"name":"Nigeria : 47 coll\u00e9giens tu\u00e9s et 79 bless\u00e9s dans attentat-suicide"}]},{"@type":"WebSite","@id":"https:\/\/www.webdo.tn\/fr\/#website","url":"https:\/\/www.webdo.tn\/fr\/","name":"webdo","description":"Tunisie - News en Tunisie et \u00e0 l&#039;international sur Webdo.tn","publisher":{"@id":"https:\/\/www.webdo.tn\/fr\/#organization"},"potentialAction":[{"@type":"SearchAction","target":{"@type":"EntryPoint","urlTemplate":"https:\/\/www.webdo.tn\/fr\/?s={search_term_string}"},"query-input":{"@type":"PropertyValueSpecification","valueRequired":true,"valueName":"search_term_string"}}],"inLanguage":"fr-FR"},{"@type":"Organization","@id":"https:\/\/www.webdo.tn\/fr\/#organization","name":"Webdo","alternateName":"Webdo.tn","url":"https:\/\/www.webdo.tn\/fr\/","logo":{"@type":"ImageObject","inLanguage":"fr-FR","@id":"https:\/\/www.webdo.tn\/fr\/#\/schema\/logo\/image\/","url":"https:\/\/www.webdo.tn\/fr\/wp-content\/uploads\/2025\/06\/Webdo-Tunisie_168377.jpg","contentUrl":"https:\/\/www.webdo.tn\/fr\/wp-content\/uploads\/2025\/06\/Webdo-Tunisie_168377.jpg","width":301,"height":301,"caption":"Webdo"},"image":{"@id":"https:\/\/www.webdo.tn\/fr\/#\/schema\/logo\/image\/"},"sameAs":["https:\/\/www.facebook.com\/webdotn","https:\/\/x.com\/webdo_tn"],"description":"Webdo est un m\u00e9dia num\u00e9rique tunisien fond\u00e9 en 2010, sp\u00e9cialis\u00e9 dans l\u2019actualit\u00e9 nationale et internationale, l\u2019\u00e9conomie, la soci\u00e9t\u00e9 et les analyses politiques. Le site s\u2019adresse \u00e0 un large public francophone et couvre l\u2019information tunisienne en temps r\u00e9el.","email":"redac@webdo.tn","legalName":"YNJ SARL","foundingDate":"2010-09-06","numberOfEmployees":{"@type":"QuantitativeValue","minValue":"11","maxValue":"50"}},{"@type":"Person","@id":"https:\/\/www.webdo.tn\/fr\/#\/schema\/person\/9a9c6118d687c117df8ef3cc36a4d175","name":"webdo.tn","image":{"@type":"ImageObject","inLanguage":"fr-FR","@id":"https:\/\/secure.gravatar.com\/avatar\/7ce1f28c0c3bbac99ff550b85ef8e44a6950c6ee24514fb6a5489e51d06f0298?s=96&d=mm&r=g","url":"https:\/\/secure.gravatar.com\/avatar\/7ce1f28c0c3bbac99ff550b85ef8e44a6950c6ee24514fb6a5489e51d06f0298?s=96&d=mm&r=g","contentUrl":"https:\/\/secure.gravatar.com\/avatar\/7ce1f28c0c3bbac99ff550b85ef8e44a6950c6ee24514fb6a5489e51d06f0298?s=96&d=mm&r=g","caption":"webdo.tn"},"url":"https:\/\/www.webdo.tn\/fr\/actualite\/author\/webdotn\/"}]}},"_links":{"self":[{"href":"https:\/\/www.webdo.tn\/fr\/wp-json\/wp\/v2\/posts\/180045","targetHints":{"allow":["GET"]}}],"collection":[{"href":"https:\/\/www.webdo.tn\/fr\/wp-json\/wp\/v2\/posts"}],"about":[{"href":"https:\/\/www.webdo.tn\/fr\/wp-json\/wp\/v2\/types\/post"}],"author":[{"embeddable":true,"href":"https:\/\/www.webdo.tn\/fr\/wp-json\/wp\/v2\/users\/3222"}],"replies":[{"embeddable":true,"href":"https:\/\/www.webdo.tn\/fr\/wp-json\/wp\/v2\/comments?post=180045"}],"version-history":[{"count":0,"href":"https:\/\/www.webdo.tn\/fr\/wp-json\/wp\/v2\/posts\/180045\/revisions"}],"wp:featuredmedia":[{"embeddable":true,"href":"https:\/\/www.webdo.tn\/fr\/wp-json\/wp\/v2\/media\/331175"}],"wp:attachment":[{"href":"https:\/\/www.webdo.tn\/fr\/wp-json\/wp\/v2\/media?parent=180045"}],"wp:term":[{"taxonomy":"category","embeddable":true,"href":"https:\/\/www.webdo.tn\/fr\/wp-json\/wp\/v2\/categories?post=180045"},{"taxonomy":"post_tag","embeddable":true,"href":"https:\/\/www.webdo.tn\/fr\/wp-json\/wp\/v2\/tags?post=180045"}],"curies":[{"name":"wp","href":"https:\/\/api.w.org\/{rel}","templated":true}]}}