{"id":180044,"date":"2014-11-19T14:29:00","date_gmt":"2014-11-19T14:29:00","guid":{"rendered":"https:\/\/www.webdo.tn\/fr\/blog\/tunisie-achat-helicopteres-americains-reunion-presidence-gouvernement\/180044\/"},"modified":"2025-05-22T13:01:52","modified_gmt":"2025-05-22T13:01:52","slug":"tunisie-achat-helicopteres-americains-reunion-presidence-gouvernement","status":"publish","type":"post","link":"https:\/\/www.webdo.tn\/fr\/actualite\/terrorisme\/tunisie-achat-helicopteres-americains-reunion-presidence-gouvernement\/180044\/","title":{"rendered":"L&rsquo;achat d&rsquo;h\u00e9licopt\u00e8res am\u00e9ricains au centre d&rsquo;une r\u00e9union \u00e0 la pr\u00e9sidence du gouvernement"},"content":{"rendered":"<p>Mehdi Joma\u00e2a a pr\u00e9sid\u00e9, hier, mardi 18 novembre \u00e0 la Kasbah, une s\u00e9ance de travail minist\u00e9rielle pour examiner l&rsquo;acquisition d&rsquo;h\u00e9licopt\u00e8res militaires de haute technologie, informe un communiqu\u00e9 de la pr\u00e9sidence du gouvernement.<\/p>\n<p>\u00ab\u00a0Il s&rsquo;agit d&rsquo;h\u00e9licopt\u00e8res am\u00e9ricains\u00a0\u00bb, nous a indiqu\u00e9 le lieutenant-colonel Belhassen Oueslati, porte-parole du minist\u00e8re de la D\u00e9fense.<\/p>\n<p>Cette r\u00e9union a eu lieu en pr\u00e9sence de Ghazi Jeribi, le ministre de la D\u00e9fense, et de plusieurs \u00ab\u00a0hauts dirigeants militaires\u00a0\u00bb, indique le communiqu\u00e9. Il a notamment \u00e9t\u00e9 question des \u00ab\u00a0difficult\u00e9s mat\u00e9rielles\u00a0\u00bb \u00e0 surmonter pour acqu\u00e9rir ces h\u00e9licopt\u00e8res, qui devraient servir \u00e0 renforcer les capacit\u00e9s des forces arm\u00e9es \u00ab\u00a0en mati\u00e8re de reconnaissance et de lutte contre le terrorisme\u00a0\u00bb.<\/p>\n<p>En juillet dernier, le D\u00e9partement d&rsquo;\u00c9tat am\u00e9ricain avait approuv\u00e9 une possible vente d&rsquo;\u00e9quipements militaires \u00e0 la Tunisie, parmi lesquels 12 h\u00e9licopt\u00e8res Black Hawk UH-60.<\/p>\n","protected":false},"excerpt":{"rendered":"<p>L&rsquo;achat d&rsquo;h\u00e9licopt\u00e8res am\u00e9ricains au centre d&rsquo;une r\u00e9union \u00e0 la pr\u00e9sidence du gouvernement<\/p>\n","protected":false},"author":3222,"featured_media":319793,"comment_status":"open","ping_status":"closed","sticky":false,"template":"","format":"standard","meta":{"footnotes":""},"categories":[11342],"tags":[],"class_list":["post-180044","post","type-post","status-publish","format-standard","has-post-thumbnail","hentry","category-terrorisme"],"yoast_head":"<!-- This site is optimized with the Yoast SEO Premium plugin v27.4 (Yoast SEO v27.5) - https:\/\/yoast.com\/product\/yoast-seo-premium-wordpress\/ -->\n<title>L&#039;achat d&#039;h\u00e9licopt\u00e8res am\u00e9ricains au centre d&#039;une r\u00e9union \u00e0 la pr\u00e9sidence du gouvernement<\/title>\n<meta name=\"description\" content=\"L&#039;achat d&#039;h\u00e9licopt\u00e8res am\u00e9ricains au centre d&#039;une r\u00e9union \u00e0 la pr\u00e9sidence du gouvernement\" \/>\n<link rel=\"canonical\" href=\"https:\/\/www.webdo.tn\/fr\/actualite\/terrorisme\/tunisie-achat-helicopteres-americains-reunion-presidence-gouvernement\/180044\/\" \/>\n<meta property=\"og:locale\" content=\"fr_FR\" \/>\n<meta property=\"og:type\" content=\"article\" \/>\n<meta property=\"og:title\" content=\"L&#039;achat d&#039;h\u00e9licopt\u00e8res am\u00e9ricains au centre d&#039;une r\u00e9union \u00e0 la pr\u00e9sidence du gouvernement\" \/>\n<meta property=\"og:description\" content=\"L&#039;achat d&#039;h\u00e9licopt\u00e8res am\u00e9ricains au centre d&#039;une r\u00e9union \u00e0 la pr\u00e9sidence du gouvernement\" \/>\n<meta property=\"og:url\" content=\"https:\/\/www.webdo.tn\/fr\/actualite\/terrorisme\/tunisie-achat-helicopteres-americains-reunion-presidence-gouvernement\/180044\/\" \/>\n<meta property=\"og:site_name\" content=\"webdo\" \/>\n<meta property=\"article:publisher\" content=\"https:\/\/www.facebook.com\/webdotn\" \/>\n<meta property=\"article:published_time\" content=\"2014-11-19T14:29:00+00:00\" \/>\n<meta property=\"article:modified_time\" content=\"2025-05-22T13:01:52+00:00\" \/>\n<meta property=\"og:image\" content=\"https:\/\/www.webdo.tn\/fr\/wp-content\/uploads\/2014\/11\/Black-Hawk.jpg\" \/>\n\t<meta property=\"og:image:width\" content=\"600\" \/>\n\t<meta property=\"og:image:height\" content=\"330\" \/>\n\t<meta property=\"og:image:type\" content=\"image\/jpeg\" \/>\n<meta name=\"author\" content=\"webdo.tn\" \/>\n<meta name=\"twitter:card\" content=\"summary_large_image\" \/>\n<meta name=\"twitter:creator\" content=\"@webdo_tn\" \/>\n<meta name=\"twitter:site\" content=\"@webdo_tn\" \/>\n<meta name=\"twitter:label1\" content=\"\u00c9crit par\" \/>\n\t<meta name=\"twitter:data1\" content=\"webdo.tn\" \/>\n\t<meta name=\"twitter:label2\" content=\"Dur\u00e9e de lecture estim\u00e9e\" \/>\n\t<meta name=\"twitter:data2\" content=\"1 minute\" \/>\n<script type=\"application\/ld+json\" class=\"yoast-schema-graph\">{\"@context\":\"https:\\\/\\\/schema.org\",\"@graph\":[{\"@type\":\"NewsArticle\",\"@id\":\"https:\\\/\\\/www.webdo.tn\\\/fr\\\/actualite\\\/terrorisme\\\/tunisie-achat-helicopteres-americains-reunion-presidence-gouvernement\\\/180044\\\/#article\",\"isPartOf\":{\"@id\":\"https:\\\/\\\/www.webdo.tn\\\/fr\\\/actualite\\\/terrorisme\\\/tunisie-achat-helicopteres-americains-reunion-presidence-gouvernement\\\/180044\\\/\"},\"author\":{\"name\":\"webdo.tn\",\"@id\":\"https:\\\/\\\/www.webdo.tn\\\/fr\\\/#\\\/schema\\\/person\\\/9a9c6118d687c117df8ef3cc36a4d175\"},\"headline\":\"L&rsquo;achat d&rsquo;h\u00e9licopt\u00e8res am\u00e9ricains au centre d&rsquo;une r\u00e9union \u00e0 la pr\u00e9sidence du gouvernement\",\"datePublished\":\"2014-11-19T14:29:00+00:00\",\"dateModified\":\"2025-05-22T13:01:52+00:00\",\"mainEntityOfPage\":{\"@id\":\"https:\\\/\\\/www.webdo.tn\\\/fr\\\/actualite\\\/terrorisme\\\/tunisie-achat-helicopteres-americains-reunion-presidence-gouvernement\\\/180044\\\/\"},\"wordCount\":177,\"commentCount\":0,\"publisher\":{\"@id\":\"https:\\\/\\\/www.webdo.tn\\\/fr\\\/#organization\"},\"image\":{\"@id\":\"https:\\\/\\\/www.webdo.tn\\\/fr\\\/actualite\\\/terrorisme\\\/tunisie-achat-helicopteres-americains-reunion-presidence-gouvernement\\\/180044\\\/#primaryimage\"},\"thumbnailUrl\":\"https:\\\/\\\/www.webdo.tn\\\/fr\\\/wp-content\\\/uploads\\\/2014\\\/11\\\/Black-Hawk.jpg\",\"articleSection\":[\"Terrorisme\"],\"inLanguage\":\"fr-FR\"},{\"@type\":\"WebPage\",\"@id\":\"https:\\\/\\\/www.webdo.tn\\\/fr\\\/actualite\\\/terrorisme\\\/tunisie-achat-helicopteres-americains-reunion-presidence-gouvernement\\\/180044\\\/\",\"url\":\"https:\\\/\\\/www.webdo.tn\\\/fr\\\/actualite\\\/terrorisme\\\/tunisie-achat-helicopteres-americains-reunion-presidence-gouvernement\\\/180044\\\/\",\"name\":\"L'achat d'h\u00e9licopt\u00e8res am\u00e9ricains au centre d'une r\u00e9union \u00e0 la pr\u00e9sidence du gouvernement\",\"isPartOf\":{\"@id\":\"https:\\\/\\\/www.webdo.tn\\\/fr\\\/#website\"},\"primaryImageOfPage\":{\"@id\":\"https:\\\/\\\/www.webdo.tn\\\/fr\\\/actualite\\\/terrorisme\\\/tunisie-achat-helicopteres-americains-reunion-presidence-gouvernement\\\/180044\\\/#primaryimage\"},\"image\":{\"@id\":\"https:\\\/\\\/www.webdo.tn\\\/fr\\\/actualite\\\/terrorisme\\\/tunisie-achat-helicopteres-americains-reunion-presidence-gouvernement\\\/180044\\\/#primaryimage\"},\"thumbnailUrl\":\"https:\\\/\\\/www.webdo.tn\\\/fr\\\/wp-content\\\/uploads\\\/2014\\\/11\\\/Black-Hawk.jpg\",\"datePublished\":\"2014-11-19T14:29:00+00:00\",\"dateModified\":\"2025-05-22T13:01:52+00:00\",\"description\":\"L'achat d'h\u00e9licopt\u00e8res am\u00e9ricains au centre d'une r\u00e9union \u00e0 la pr\u00e9sidence du gouvernement\",\"breadcrumb\":{\"@id\":\"https:\\\/\\\/www.webdo.tn\\\/fr\\\/actualite\\\/terrorisme\\\/tunisie-achat-helicopteres-americains-reunion-presidence-gouvernement\\\/180044\\\/#breadcrumb\"},\"inLanguage\":\"fr-FR\",\"potentialAction\":[{\"@type\":\"ReadAction\",\"target\":[\"https:\\\/\\\/www.webdo.tn\\\/fr\\\/actualite\\\/terrorisme\\\/tunisie-achat-helicopteres-americains-reunion-presidence-gouvernement\\\/180044\\\/\"]}]},{\"@type\":\"ImageObject\",\"inLanguage\":\"fr-FR\",\"@id\":\"https:\\\/\\\/www.webdo.tn\\\/fr\\\/actualite\\\/terrorisme\\\/tunisie-achat-helicopteres-americains-reunion-presidence-gouvernement\\\/180044\\\/#primaryimage\",\"url\":\"https:\\\/\\\/www.webdo.tn\\\/fr\\\/wp-content\\\/uploads\\\/2014\\\/11\\\/Black-Hawk.jpg\",\"contentUrl\":\"https:\\\/\\\/www.webdo.tn\\\/fr\\\/wp-content\\\/uploads\\\/2014\\\/11\\\/Black-Hawk.jpg\",\"width\":600,\"height\":330,\"caption\":\"L'achat d'h\u00e9licopt\u00e8res am\u00e9ricains au centre d'une r\u00e9union \u00e0 la pr\u00e9sidence du gouvernement\"},{\"@type\":\"BreadcrumbList\",\"@id\":\"https:\\\/\\\/www.webdo.tn\\\/fr\\\/actualite\\\/terrorisme\\\/tunisie-achat-helicopteres-americains-reunion-presidence-gouvernement\\\/180044\\\/#breadcrumb\",\"itemListElement\":[{\"@type\":\"ListItem\",\"position\":1,\"name\":\"Accueil\",\"item\":\"https:\\\/\\\/www.webdo.tn\\\/fr\\\/\"},{\"@type\":\"ListItem\",\"position\":2,\"name\":\"L&rsquo;achat d&rsquo;h\u00e9licopt\u00e8res am\u00e9ricains au centre d&rsquo;une r\u00e9union \u00e0 la pr\u00e9sidence du gouvernement\"}]},{\"@type\":\"WebSite\",\"@id\":\"https:\\\/\\\/www.webdo.tn\\\/fr\\\/#website\",\"url\":\"https:\\\/\\\/www.webdo.tn\\\/fr\\\/\",\"name\":\"webdo\",\"description\":\"Tunisie - News en Tunisie et \u00e0 l&#039;international sur Webdo.tn\",\"publisher\":{\"@id\":\"https:\\\/\\\/www.webdo.tn\\\/fr\\\/#organization\"},\"potentialAction\":[{\"@type\":\"SearchAction\",\"target\":{\"@type\":\"EntryPoint\",\"urlTemplate\":\"https:\\\/\\\/www.webdo.tn\\\/fr\\\/?s={search_term_string}\"},\"query-input\":{\"@type\":\"PropertyValueSpecification\",\"valueRequired\":true,\"valueName\":\"search_term_string\"}}],\"inLanguage\":\"fr-FR\"},{\"@type\":\"Organization\",\"@id\":\"https:\\\/\\\/www.webdo.tn\\\/fr\\\/#organization\",\"name\":\"Webdo\",\"alternateName\":\"Webdo.tn\",\"url\":\"https:\\\/\\\/www.webdo.tn\\\/fr\\\/\",\"logo\":{\"@type\":\"ImageObject\",\"inLanguage\":\"fr-FR\",\"@id\":\"https:\\\/\\\/www.webdo.tn\\\/fr\\\/#\\\/schema\\\/logo\\\/image\\\/\",\"url\":\"https:\\\/\\\/www.webdo.tn\\\/fr\\\/wp-content\\\/uploads\\\/2025\\\/06\\\/Webdo-Tunisie_168377.jpg\",\"contentUrl\":\"https:\\\/\\\/www.webdo.tn\\\/fr\\\/wp-content\\\/uploads\\\/2025\\\/06\\\/Webdo-Tunisie_168377.jpg\",\"width\":301,\"height\":301,\"caption\":\"Webdo\"},\"image\":{\"@id\":\"https:\\\/\\\/www.webdo.tn\\\/fr\\\/#\\\/schema\\\/logo\\\/image\\\/\"},\"sameAs\":[\"https:\\\/\\\/www.facebook.com\\\/webdotn\",\"https:\\\/\\\/x.com\\\/webdo_tn\"],\"description\":\"Webdo est un m\u00e9dia num\u00e9rique tunisien fond\u00e9 en 2010, sp\u00e9cialis\u00e9 dans l\u2019actualit\u00e9 nationale et internationale, l\u2019\u00e9conomie, la soci\u00e9t\u00e9 et les analyses politiques. Le site s\u2019adresse \u00e0 un large public francophone et couvre l\u2019information tunisienne en temps r\u00e9el.\",\"email\":\"redac@webdo.tn\",\"legalName\":\"YNJ SARL\",\"foundingDate\":\"2010-09-06\",\"numberOfEmployees\":{\"@type\":\"QuantitativeValue\",\"minValue\":\"11\",\"maxValue\":\"50\"}},{\"@type\":\"Person\",\"@id\":\"https:\\\/\\\/www.webdo.tn\\\/fr\\\/#\\\/schema\\\/person\\\/9a9c6118d687c117df8ef3cc36a4d175\",\"name\":\"webdo.tn\",\"image\":{\"@type\":\"ImageObject\",\"inLanguage\":\"fr-FR\",\"@id\":\"https:\\\/\\\/secure.gravatar.com\\\/avatar\\\/7ce1f28c0c3bbac99ff550b85ef8e44a6950c6ee24514fb6a5489e51d06f0298?s=96&d=mm&r=g\",\"url\":\"https:\\\/\\\/secure.gravatar.com\\\/avatar\\\/7ce1f28c0c3bbac99ff550b85ef8e44a6950c6ee24514fb6a5489e51d06f0298?s=96&d=mm&r=g\",\"contentUrl\":\"https:\\\/\\\/secure.gravatar.com\\\/avatar\\\/7ce1f28c0c3bbac99ff550b85ef8e44a6950c6ee24514fb6a5489e51d06f0298?s=96&d=mm&r=g\",\"caption\":\"webdo.tn\"},\"url\":\"https:\\\/\\\/www.webdo.tn\\\/fr\\\/actualite\\\/author\\\/webdotn\\\/\"}]}<\/script>\n<!-- \/ Yoast SEO Premium plugin. -->","yoast_head_json":{"title":"L'achat d'h\u00e9licopt\u00e8res am\u00e9ricains au centre d'une r\u00e9union \u00e0 la pr\u00e9sidence du gouvernement","description":"L'achat d'h\u00e9licopt\u00e8res am\u00e9ricains au centre d'une r\u00e9union \u00e0 la pr\u00e9sidence du gouvernement","canonical":"https:\/\/www.webdo.tn\/fr\/actualite\/terrorisme\/tunisie-achat-helicopteres-americains-reunion-presidence-gouvernement\/180044\/","og_locale":"fr_FR","og_type":"article","og_title":"L'achat d'h\u00e9licopt\u00e8res am\u00e9ricains au centre d'une r\u00e9union \u00e0 la pr\u00e9sidence du gouvernement","og_description":"L'achat d'h\u00e9licopt\u00e8res am\u00e9ricains au centre d'une r\u00e9union \u00e0 la pr\u00e9sidence du gouvernement","og_url":"https:\/\/www.webdo.tn\/fr\/actualite\/terrorisme\/tunisie-achat-helicopteres-americains-reunion-presidence-gouvernement\/180044\/","og_site_name":"webdo","article_publisher":"https:\/\/www.facebook.com\/webdotn","article_published_time":"2014-11-19T14:29:00+00:00","article_modified_time":"2025-05-22T13:01:52+00:00","og_image":[{"width":600,"height":330,"url":"https:\/\/www.webdo.tn\/fr\/wp-content\/uploads\/2014\/11\/Black-Hawk.jpg","type":"image\/jpeg"}],"author":"webdo.tn","twitter_card":"summary_large_image","twitter_creator":"@webdo_tn","twitter_site":"@webdo_tn","twitter_misc":{"\u00c9crit par":"webdo.tn","Dur\u00e9e de lecture estim\u00e9e":"1 minute"},"schema":{"@context":"https:\/\/schema.org","@graph":[{"@type":"NewsArticle","@id":"https:\/\/www.webdo.tn\/fr\/actualite\/terrorisme\/tunisie-achat-helicopteres-americains-reunion-presidence-gouvernement\/180044\/#article","isPartOf":{"@id":"https:\/\/www.webdo.tn\/fr\/actualite\/terrorisme\/tunisie-achat-helicopteres-americains-reunion-presidence-gouvernement\/180044\/"},"author":{"name":"webdo.tn","@id":"https:\/\/www.webdo.tn\/fr\/#\/schema\/person\/9a9c6118d687c117df8ef3cc36a4d175"},"headline":"L&rsquo;achat d&rsquo;h\u00e9licopt\u00e8res am\u00e9ricains au centre d&rsquo;une r\u00e9union \u00e0 la pr\u00e9sidence du gouvernement","datePublished":"2014-11-19T14:29:00+00:00","dateModified":"2025-05-22T13:01:52+00:00","mainEntityOfPage":{"@id":"https:\/\/www.webdo.tn\/fr\/actualite\/terrorisme\/tunisie-achat-helicopteres-americains-reunion-presidence-gouvernement\/180044\/"},"wordCount":177,"commentCount":0,"publisher":{"@id":"https:\/\/www.webdo.tn\/fr\/#organization"},"image":{"@id":"https:\/\/www.webdo.tn\/fr\/actualite\/terrorisme\/tunisie-achat-helicopteres-americains-reunion-presidence-gouvernement\/180044\/#primaryimage"},"thumbnailUrl":"https:\/\/www.webdo.tn\/fr\/wp-content\/uploads\/2014\/11\/Black-Hawk.jpg","articleSection":["Terrorisme"],"inLanguage":"fr-FR"},{"@type":"WebPage","@id":"https:\/\/www.webdo.tn\/fr\/actualite\/terrorisme\/tunisie-achat-helicopteres-americains-reunion-presidence-gouvernement\/180044\/","url":"https:\/\/www.webdo.tn\/fr\/actualite\/terrorisme\/tunisie-achat-helicopteres-americains-reunion-presidence-gouvernement\/180044\/","name":"L'achat d'h\u00e9licopt\u00e8res am\u00e9ricains au centre d'une r\u00e9union \u00e0 la pr\u00e9sidence du gouvernement","isPartOf":{"@id":"https:\/\/www.webdo.tn\/fr\/#website"},"primaryImageOfPage":{"@id":"https:\/\/www.webdo.tn\/fr\/actualite\/terrorisme\/tunisie-achat-helicopteres-americains-reunion-presidence-gouvernement\/180044\/#primaryimage"},"image":{"@id":"https:\/\/www.webdo.tn\/fr\/actualite\/terrorisme\/tunisie-achat-helicopteres-americains-reunion-presidence-gouvernement\/180044\/#primaryimage"},"thumbnailUrl":"https:\/\/www.webdo.tn\/fr\/wp-content\/uploads\/2014\/11\/Black-Hawk.jpg","datePublished":"2014-11-19T14:29:00+00:00","dateModified":"2025-05-22T13:01:52+00:00","description":"L'achat d'h\u00e9licopt\u00e8res am\u00e9ricains au centre d'une r\u00e9union \u00e0 la pr\u00e9sidence du gouvernement","breadcrumb":{"@id":"https:\/\/www.webdo.tn\/fr\/actualite\/terrorisme\/tunisie-achat-helicopteres-americains-reunion-presidence-gouvernement\/180044\/#breadcrumb"},"inLanguage":"fr-FR","potentialAction":[{"@type":"ReadAction","target":["https:\/\/www.webdo.tn\/fr\/actualite\/terrorisme\/tunisie-achat-helicopteres-americains-reunion-presidence-gouvernement\/180044\/"]}]},{"@type":"ImageObject","inLanguage":"fr-FR","@id":"https:\/\/www.webdo.tn\/fr\/actualite\/terrorisme\/tunisie-achat-helicopteres-americains-reunion-presidence-gouvernement\/180044\/#primaryimage","url":"https:\/\/www.webdo.tn\/fr\/wp-content\/uploads\/2014\/11\/Black-Hawk.jpg","contentUrl":"https:\/\/www.webdo.tn\/fr\/wp-content\/uploads\/2014\/11\/Black-Hawk.jpg","width":600,"height":330,"caption":"L'achat d'h\u00e9licopt\u00e8res am\u00e9ricains au centre d'une r\u00e9union \u00e0 la pr\u00e9sidence du gouvernement"},{"@type":"BreadcrumbList","@id":"https:\/\/www.webdo.tn\/fr\/actualite\/terrorisme\/tunisie-achat-helicopteres-americains-reunion-presidence-gouvernement\/180044\/#breadcrumb","itemListElement":[{"@type":"ListItem","position":1,"name":"Accueil","item":"https:\/\/www.webdo.tn\/fr\/"},{"@type":"ListItem","position":2,"name":"L&rsquo;achat d&rsquo;h\u00e9licopt\u00e8res am\u00e9ricains au centre d&rsquo;une r\u00e9union \u00e0 la pr\u00e9sidence du gouvernement"}]},{"@type":"WebSite","@id":"https:\/\/www.webdo.tn\/fr\/#website","url":"https:\/\/www.webdo.tn\/fr\/","name":"webdo","description":"Tunisie - News en Tunisie et \u00e0 l&#039;international sur Webdo.tn","publisher":{"@id":"https:\/\/www.webdo.tn\/fr\/#organization"},"potentialAction":[{"@type":"SearchAction","target":{"@type":"EntryPoint","urlTemplate":"https:\/\/www.webdo.tn\/fr\/?s={search_term_string}"},"query-input":{"@type":"PropertyValueSpecification","valueRequired":true,"valueName":"search_term_string"}}],"inLanguage":"fr-FR"},{"@type":"Organization","@id":"https:\/\/www.webdo.tn\/fr\/#organization","name":"Webdo","alternateName":"Webdo.tn","url":"https:\/\/www.webdo.tn\/fr\/","logo":{"@type":"ImageObject","inLanguage":"fr-FR","@id":"https:\/\/www.webdo.tn\/fr\/#\/schema\/logo\/image\/","url":"https:\/\/www.webdo.tn\/fr\/wp-content\/uploads\/2025\/06\/Webdo-Tunisie_168377.jpg","contentUrl":"https:\/\/www.webdo.tn\/fr\/wp-content\/uploads\/2025\/06\/Webdo-Tunisie_168377.jpg","width":301,"height":301,"caption":"Webdo"},"image":{"@id":"https:\/\/www.webdo.tn\/fr\/#\/schema\/logo\/image\/"},"sameAs":["https:\/\/www.facebook.com\/webdotn","https:\/\/x.com\/webdo_tn"],"description":"Webdo est un m\u00e9dia num\u00e9rique tunisien fond\u00e9 en 2010, sp\u00e9cialis\u00e9 dans l\u2019actualit\u00e9 nationale et internationale, l\u2019\u00e9conomie, la soci\u00e9t\u00e9 et les analyses politiques. Le site s\u2019adresse \u00e0 un large public francophone et couvre l\u2019information tunisienne en temps r\u00e9el.","email":"redac@webdo.tn","legalName":"YNJ SARL","foundingDate":"2010-09-06","numberOfEmployees":{"@type":"QuantitativeValue","minValue":"11","maxValue":"50"}},{"@type":"Person","@id":"https:\/\/www.webdo.tn\/fr\/#\/schema\/person\/9a9c6118d687c117df8ef3cc36a4d175","name":"webdo.tn","image":{"@type":"ImageObject","inLanguage":"fr-FR","@id":"https:\/\/secure.gravatar.com\/avatar\/7ce1f28c0c3bbac99ff550b85ef8e44a6950c6ee24514fb6a5489e51d06f0298?s=96&d=mm&r=g","url":"https:\/\/secure.gravatar.com\/avatar\/7ce1f28c0c3bbac99ff550b85ef8e44a6950c6ee24514fb6a5489e51d06f0298?s=96&d=mm&r=g","contentUrl":"https:\/\/secure.gravatar.com\/avatar\/7ce1f28c0c3bbac99ff550b85ef8e44a6950c6ee24514fb6a5489e51d06f0298?s=96&d=mm&r=g","caption":"webdo.tn"},"url":"https:\/\/www.webdo.tn\/fr\/actualite\/author\/webdotn\/"}]}},"_links":{"self":[{"href":"https:\/\/www.webdo.tn\/fr\/wp-json\/wp\/v2\/posts\/180044","targetHints":{"allow":["GET"]}}],"collection":[{"href":"https:\/\/www.webdo.tn\/fr\/wp-json\/wp\/v2\/posts"}],"about":[{"href":"https:\/\/www.webdo.tn\/fr\/wp-json\/wp\/v2\/types\/post"}],"author":[{"embeddable":true,"href":"https:\/\/www.webdo.tn\/fr\/wp-json\/wp\/v2\/users\/3222"}],"replies":[{"embeddable":true,"href":"https:\/\/www.webdo.tn\/fr\/wp-json\/wp\/v2\/comments?post=180044"}],"version-history":[{"count":0,"href":"https:\/\/www.webdo.tn\/fr\/wp-json\/wp\/v2\/posts\/180044\/revisions"}],"wp:featuredmedia":[{"embeddable":true,"href":"https:\/\/www.webdo.tn\/fr\/wp-json\/wp\/v2\/media\/319793"}],"wp:attachment":[{"href":"https:\/\/www.webdo.tn\/fr\/wp-json\/wp\/v2\/media?parent=180044"}],"wp:term":[{"taxonomy":"category","embeddable":true,"href":"https:\/\/www.webdo.tn\/fr\/wp-json\/wp\/v2\/categories?post=180044"},{"taxonomy":"post_tag","embeddable":true,"href":"https:\/\/www.webdo.tn\/fr\/wp-json\/wp\/v2\/tags?post=180044"}],"curies":[{"name":"wp","href":"https:\/\/api.w.org\/{rel}","templated":true}]}}