{"id":180043,"date":"2014-11-19T16:21:00","date_gmt":"2014-11-19T16:21:00","guid":{"rendered":"https:\/\/www.webdo.tn\/fr\/blog\/terroriste-tue-agent-garde-nationale-blesse-sidi-bouzid-tunisie\/180043\/"},"modified":"2025-05-22T13:01:52","modified_gmt":"2025-05-22T13:01:52","slug":"terroriste-tue-agent-garde-nationale-blesse-sidi-bouzid-tunisie","status":"publish","type":"post","link":"https:\/\/www.webdo.tn\/fr\/actualite\/terrorisme\/terroriste-tue-agent-garde-nationale-blesse-sidi-bouzid-tunisie\/180043\/","title":{"rendered":"Un \u00ab\u00a0terroriste\u00a0\u00bb tu\u00e9 et un agent de la Garde nationale bless\u00e9 lors d&rsquo;un \u00e9change de coups de feu \u00e0 Sidi Bouzid"},"content":{"rendered":"<p>Un \u00ab\u00a0terroriste\u00a0\u00bb a \u00e9t\u00e9 tu\u00e9 et un agent de la Garde nationale a \u00e9t\u00e9 bless\u00e9 ce mercredi 19 novembre \u00e0 Sidi Bouzid lors d&rsquo;un \u00e9change de coups de feu, indique un communiqu\u00e9 du minist\u00e8re de l&rsquo;Int\u00e9rieur.<\/p>\n<p>[Br\u00e8ve]<\/p>\n","protected":false},"excerpt":{"rendered":"<p>Un  terroriste  tu\u00e9 et un agent de la Garde nationale bless\u00e9 lors d&rsquo;un \u00e9change de coups de feu \u00e0 Sidi Bouzid<\/p>\n","protected":false},"author":3222,"featured_media":319794,"comment_status":"open","ping_status":"closed","sticky":false,"template":"","format":"standard","meta":{"footnotes":""},"categories":[11342],"tags":[],"class_list":["post-180043","post","type-post","status-publish","format-standard","has-post-thumbnail","hentry","category-terrorisme"],"yoast_head":"<!-- This site is optimized with the Yoast SEO Premium plugin v27.4 (Yoast SEO v27.5) - https:\/\/yoast.com\/product\/yoast-seo-premium-wordpress\/ -->\n<title>Un terroriste tu\u00e9 et un agent de la Garde nationale bless\u00e9 lors d&#039;un \u00e9change de coups de feu \u00e0 Sidi Bouzid<\/title>\n<meta name=\"description\" content=\"Un terroriste tu\u00e9 et un agent de la Garde nationale bless\u00e9 lors d&#039;un \u00e9change de coups de feu \u00e0 Sidi Bouzid\" \/>\n<link rel=\"canonical\" href=\"https:\/\/www.webdo.tn\/fr\/actualite\/terrorisme\/terroriste-tue-agent-garde-nationale-blesse-sidi-bouzid-tunisie\/180043\/\" \/>\n<meta property=\"og:locale\" content=\"fr_FR\" \/>\n<meta property=\"og:type\" content=\"article\" \/>\n<meta property=\"og:title\" content=\"Un &quot;terroriste&quot; tu\u00e9 et un agent de la Garde nationale bless\u00e9 lors d&#039;un \u00e9change de coups de feu \u00e0 Sidi Bouzid\" \/>\n<meta property=\"og:description\" content=\"Un terroriste tu\u00e9 et un agent de la Garde nationale bless\u00e9 lors d&#039;un \u00e9change de coups de feu \u00e0 Sidi Bouzid\" \/>\n<meta property=\"og:url\" content=\"https:\/\/www.webdo.tn\/fr\/actualite\/terrorisme\/terroriste-tue-agent-garde-nationale-blesse-sidi-bouzid-tunisie\/180043\/\" \/>\n<meta property=\"og:site_name\" content=\"webdo\" \/>\n<meta property=\"article:publisher\" content=\"https:\/\/www.facebook.com\/webdotn\" \/>\n<meta property=\"article:published_time\" content=\"2014-11-19T16:21:00+00:00\" \/>\n<meta property=\"article:modified_time\" content=\"2025-05-22T13:01:52+00:00\" \/>\n<meta property=\"og:image\" content=\"https:\/\/www.webdo.tn\/fr\/wp-content\/uploads\/2014\/11\/Sidi-Bouzid.gif\" \/>\n\t<meta property=\"og:image:width\" content=\"300\" \/>\n\t<meta property=\"og:image:height\" content=\"245\" \/>\n\t<meta property=\"og:image:type\" content=\"image\/gif\" \/>\n<meta name=\"author\" content=\"webdo.tn\" \/>\n<meta name=\"twitter:card\" content=\"summary_large_image\" \/>\n<meta name=\"twitter:creator\" content=\"@webdo_tn\" \/>\n<meta name=\"twitter:site\" content=\"@webdo_tn\" \/>\n<meta name=\"twitter:label1\" content=\"\u00c9crit par\" \/>\n\t<meta name=\"twitter:data1\" content=\"webdo.tn\" \/>\n<script type=\"application\/ld+json\" class=\"yoast-schema-graph\">{\"@context\":\"https:\\\/\\\/schema.org\",\"@graph\":[{\"@type\":\"NewsArticle\",\"@id\":\"https:\\\/\\\/www.webdo.tn\\\/fr\\\/actualite\\\/terrorisme\\\/terroriste-tue-agent-garde-nationale-blesse-sidi-bouzid-tunisie\\\/180043\\\/#article\",\"isPartOf\":{\"@id\":\"https:\\\/\\\/www.webdo.tn\\\/fr\\\/actualite\\\/terrorisme\\\/terroriste-tue-agent-garde-nationale-blesse-sidi-bouzid-tunisie\\\/180043\\\/\"},\"author\":{\"name\":\"webdo.tn\",\"@id\":\"https:\\\/\\\/www.webdo.tn\\\/fr\\\/#\\\/schema\\\/person\\\/9a9c6118d687c117df8ef3cc36a4d175\"},\"headline\":\"Un \u00ab\u00a0terroriste\u00a0\u00bb tu\u00e9 et un agent de la Garde nationale bless\u00e9 lors d&rsquo;un \u00e9change de coups de feu \u00e0 Sidi Bouzid\",\"datePublished\":\"2014-11-19T16:21:00+00:00\",\"dateModified\":\"2025-05-22T13:01:52+00:00\",\"mainEntityOfPage\":{\"@id\":\"https:\\\/\\\/www.webdo.tn\\\/fr\\\/actualite\\\/terrorisme\\\/terroriste-tue-agent-garde-nationale-blesse-sidi-bouzid-tunisie\\\/180043\\\/\"},\"wordCount\":61,\"commentCount\":0,\"publisher\":{\"@id\":\"https:\\\/\\\/www.webdo.tn\\\/fr\\\/#organization\"},\"image\":{\"@id\":\"https:\\\/\\\/www.webdo.tn\\\/fr\\\/actualite\\\/terrorisme\\\/terroriste-tue-agent-garde-nationale-blesse-sidi-bouzid-tunisie\\\/180043\\\/#primaryimage\"},\"thumbnailUrl\":\"https:\\\/\\\/www.webdo.tn\\\/fr\\\/wp-content\\\/uploads\\\/2014\\\/11\\\/Sidi-Bouzid.gif\",\"articleSection\":[\"Terrorisme\"],\"inLanguage\":\"fr-FR\"},{\"@type\":\"WebPage\",\"@id\":\"https:\\\/\\\/www.webdo.tn\\\/fr\\\/actualite\\\/terrorisme\\\/terroriste-tue-agent-garde-nationale-blesse-sidi-bouzid-tunisie\\\/180043\\\/\",\"url\":\"https:\\\/\\\/www.webdo.tn\\\/fr\\\/actualite\\\/terrorisme\\\/terroriste-tue-agent-garde-nationale-blesse-sidi-bouzid-tunisie\\\/180043\\\/\",\"name\":\"Un terroriste tu\u00e9 et un agent de la Garde nationale bless\u00e9 lors d'un \u00e9change de coups de feu \u00e0 Sidi Bouzid\",\"isPartOf\":{\"@id\":\"https:\\\/\\\/www.webdo.tn\\\/fr\\\/#website\"},\"primaryImageOfPage\":{\"@id\":\"https:\\\/\\\/www.webdo.tn\\\/fr\\\/actualite\\\/terrorisme\\\/terroriste-tue-agent-garde-nationale-blesse-sidi-bouzid-tunisie\\\/180043\\\/#primaryimage\"},\"image\":{\"@id\":\"https:\\\/\\\/www.webdo.tn\\\/fr\\\/actualite\\\/terrorisme\\\/terroriste-tue-agent-garde-nationale-blesse-sidi-bouzid-tunisie\\\/180043\\\/#primaryimage\"},\"thumbnailUrl\":\"https:\\\/\\\/www.webdo.tn\\\/fr\\\/wp-content\\\/uploads\\\/2014\\\/11\\\/Sidi-Bouzid.gif\",\"datePublished\":\"2014-11-19T16:21:00+00:00\",\"dateModified\":\"2025-05-22T13:01:52+00:00\",\"description\":\"Un terroriste tu\u00e9 et un agent de la Garde nationale bless\u00e9 lors d'un \u00e9change de coups de feu \u00e0 Sidi Bouzid\",\"breadcrumb\":{\"@id\":\"https:\\\/\\\/www.webdo.tn\\\/fr\\\/actualite\\\/terrorisme\\\/terroriste-tue-agent-garde-nationale-blesse-sidi-bouzid-tunisie\\\/180043\\\/#breadcrumb\"},\"inLanguage\":\"fr-FR\",\"potentialAction\":[{\"@type\":\"ReadAction\",\"target\":[\"https:\\\/\\\/www.webdo.tn\\\/fr\\\/actualite\\\/terrorisme\\\/terroriste-tue-agent-garde-nationale-blesse-sidi-bouzid-tunisie\\\/180043\\\/\"]}]},{\"@type\":\"ImageObject\",\"inLanguage\":\"fr-FR\",\"@id\":\"https:\\\/\\\/www.webdo.tn\\\/fr\\\/actualite\\\/terrorisme\\\/terroriste-tue-agent-garde-nationale-blesse-sidi-bouzid-tunisie\\\/180043\\\/#primaryimage\",\"url\":\"https:\\\/\\\/www.webdo.tn\\\/fr\\\/wp-content\\\/uploads\\\/2014\\\/11\\\/Sidi-Bouzid.gif\",\"contentUrl\":\"https:\\\/\\\/www.webdo.tn\\\/fr\\\/wp-content\\\/uploads\\\/2014\\\/11\\\/Sidi-Bouzid.gif\",\"width\":300,\"height\":245,\"caption\":\"Un \\\"terroriste\\\" tu\u00e9 et un agent de la Garde nationale bless\u00e9 lors d'un \u00e9change de coups de feu \u00e0 Sidi Bouzid\"},{\"@type\":\"BreadcrumbList\",\"@id\":\"https:\\\/\\\/www.webdo.tn\\\/fr\\\/actualite\\\/terrorisme\\\/terroriste-tue-agent-garde-nationale-blesse-sidi-bouzid-tunisie\\\/180043\\\/#breadcrumb\",\"itemListElement\":[{\"@type\":\"ListItem\",\"position\":1,\"name\":\"Accueil\",\"item\":\"https:\\\/\\\/www.webdo.tn\\\/fr\\\/\"},{\"@type\":\"ListItem\",\"position\":2,\"name\":\"Un \u00ab\u00a0terroriste\u00a0\u00bb tu\u00e9 et un agent de la Garde nationale bless\u00e9 lors d&rsquo;un \u00e9change de coups de feu \u00e0 Sidi Bouzid\"}]},{\"@type\":\"WebSite\",\"@id\":\"https:\\\/\\\/www.webdo.tn\\\/fr\\\/#website\",\"url\":\"https:\\\/\\\/www.webdo.tn\\\/fr\\\/\",\"name\":\"webdo\",\"description\":\"Tunisie - News en Tunisie et \u00e0 l&#039;international sur Webdo.tn\",\"publisher\":{\"@id\":\"https:\\\/\\\/www.webdo.tn\\\/fr\\\/#organization\"},\"potentialAction\":[{\"@type\":\"SearchAction\",\"target\":{\"@type\":\"EntryPoint\",\"urlTemplate\":\"https:\\\/\\\/www.webdo.tn\\\/fr\\\/?s={search_term_string}\"},\"query-input\":{\"@type\":\"PropertyValueSpecification\",\"valueRequired\":true,\"valueName\":\"search_term_string\"}}],\"inLanguage\":\"fr-FR\"},{\"@type\":\"Organization\",\"@id\":\"https:\\\/\\\/www.webdo.tn\\\/fr\\\/#organization\",\"name\":\"Webdo\",\"alternateName\":\"Webdo.tn\",\"url\":\"https:\\\/\\\/www.webdo.tn\\\/fr\\\/\",\"logo\":{\"@type\":\"ImageObject\",\"inLanguage\":\"fr-FR\",\"@id\":\"https:\\\/\\\/www.webdo.tn\\\/fr\\\/#\\\/schema\\\/logo\\\/image\\\/\",\"url\":\"https:\\\/\\\/www.webdo.tn\\\/fr\\\/wp-content\\\/uploads\\\/2025\\\/06\\\/Webdo-Tunisie_168377.jpg\",\"contentUrl\":\"https:\\\/\\\/www.webdo.tn\\\/fr\\\/wp-content\\\/uploads\\\/2025\\\/06\\\/Webdo-Tunisie_168377.jpg\",\"width\":301,\"height\":301,\"caption\":\"Webdo\"},\"image\":{\"@id\":\"https:\\\/\\\/www.webdo.tn\\\/fr\\\/#\\\/schema\\\/logo\\\/image\\\/\"},\"sameAs\":[\"https:\\\/\\\/www.facebook.com\\\/webdotn\",\"https:\\\/\\\/x.com\\\/webdo_tn\"],\"description\":\"Webdo est un m\u00e9dia num\u00e9rique tunisien fond\u00e9 en 2010, sp\u00e9cialis\u00e9 dans l\u2019actualit\u00e9 nationale et internationale, l\u2019\u00e9conomie, la soci\u00e9t\u00e9 et les analyses politiques. Le site s\u2019adresse \u00e0 un large public francophone et couvre l\u2019information tunisienne en temps r\u00e9el.\",\"email\":\"redac@webdo.tn\",\"legalName\":\"YNJ SARL\",\"foundingDate\":\"2010-09-06\",\"numberOfEmployees\":{\"@type\":\"QuantitativeValue\",\"minValue\":\"11\",\"maxValue\":\"50\"}},{\"@type\":\"Person\",\"@id\":\"https:\\\/\\\/www.webdo.tn\\\/fr\\\/#\\\/schema\\\/person\\\/9a9c6118d687c117df8ef3cc36a4d175\",\"name\":\"webdo.tn\",\"image\":{\"@type\":\"ImageObject\",\"inLanguage\":\"fr-FR\",\"@id\":\"https:\\\/\\\/secure.gravatar.com\\\/avatar\\\/7ce1f28c0c3bbac99ff550b85ef8e44a6950c6ee24514fb6a5489e51d06f0298?s=96&d=mm&r=g\",\"url\":\"https:\\\/\\\/secure.gravatar.com\\\/avatar\\\/7ce1f28c0c3bbac99ff550b85ef8e44a6950c6ee24514fb6a5489e51d06f0298?s=96&d=mm&r=g\",\"contentUrl\":\"https:\\\/\\\/secure.gravatar.com\\\/avatar\\\/7ce1f28c0c3bbac99ff550b85ef8e44a6950c6ee24514fb6a5489e51d06f0298?s=96&d=mm&r=g\",\"caption\":\"webdo.tn\"},\"url\":\"https:\\\/\\\/www.webdo.tn\\\/fr\\\/actualite\\\/author\\\/webdotn\\\/\"}]}<\/script>\n<!-- \/ Yoast SEO Premium plugin. -->","yoast_head_json":{"title":"Un terroriste tu\u00e9 et un agent de la Garde nationale bless\u00e9 lors d'un \u00e9change de coups de feu \u00e0 Sidi Bouzid","description":"Un terroriste tu\u00e9 et un agent de la Garde nationale bless\u00e9 lors d'un \u00e9change de coups de feu \u00e0 Sidi Bouzid","canonical":"https:\/\/www.webdo.tn\/fr\/actualite\/terrorisme\/terroriste-tue-agent-garde-nationale-blesse-sidi-bouzid-tunisie\/180043\/","og_locale":"fr_FR","og_type":"article","og_title":"Un \"terroriste\" tu\u00e9 et un agent de la Garde nationale bless\u00e9 lors d'un \u00e9change de coups de feu \u00e0 Sidi Bouzid","og_description":"Un terroriste tu\u00e9 et un agent de la Garde nationale bless\u00e9 lors d'un \u00e9change de coups de feu \u00e0 Sidi Bouzid","og_url":"https:\/\/www.webdo.tn\/fr\/actualite\/terrorisme\/terroriste-tue-agent-garde-nationale-blesse-sidi-bouzid-tunisie\/180043\/","og_site_name":"webdo","article_publisher":"https:\/\/www.facebook.com\/webdotn","article_published_time":"2014-11-19T16:21:00+00:00","article_modified_time":"2025-05-22T13:01:52+00:00","og_image":[{"width":300,"height":245,"url":"https:\/\/www.webdo.tn\/fr\/wp-content\/uploads\/2014\/11\/Sidi-Bouzid.gif","type":"image\/gif"}],"author":"webdo.tn","twitter_card":"summary_large_image","twitter_creator":"@webdo_tn","twitter_site":"@webdo_tn","twitter_misc":{"\u00c9crit par":"webdo.tn"},"schema":{"@context":"https:\/\/schema.org","@graph":[{"@type":"NewsArticle","@id":"https:\/\/www.webdo.tn\/fr\/actualite\/terrorisme\/terroriste-tue-agent-garde-nationale-blesse-sidi-bouzid-tunisie\/180043\/#article","isPartOf":{"@id":"https:\/\/www.webdo.tn\/fr\/actualite\/terrorisme\/terroriste-tue-agent-garde-nationale-blesse-sidi-bouzid-tunisie\/180043\/"},"author":{"name":"webdo.tn","@id":"https:\/\/www.webdo.tn\/fr\/#\/schema\/person\/9a9c6118d687c117df8ef3cc36a4d175"},"headline":"Un \u00ab\u00a0terroriste\u00a0\u00bb tu\u00e9 et un agent de la Garde nationale bless\u00e9 lors d&rsquo;un \u00e9change de coups de feu \u00e0 Sidi Bouzid","datePublished":"2014-11-19T16:21:00+00:00","dateModified":"2025-05-22T13:01:52+00:00","mainEntityOfPage":{"@id":"https:\/\/www.webdo.tn\/fr\/actualite\/terrorisme\/terroriste-tue-agent-garde-nationale-blesse-sidi-bouzid-tunisie\/180043\/"},"wordCount":61,"commentCount":0,"publisher":{"@id":"https:\/\/www.webdo.tn\/fr\/#organization"},"image":{"@id":"https:\/\/www.webdo.tn\/fr\/actualite\/terrorisme\/terroriste-tue-agent-garde-nationale-blesse-sidi-bouzid-tunisie\/180043\/#primaryimage"},"thumbnailUrl":"https:\/\/www.webdo.tn\/fr\/wp-content\/uploads\/2014\/11\/Sidi-Bouzid.gif","articleSection":["Terrorisme"],"inLanguage":"fr-FR"},{"@type":"WebPage","@id":"https:\/\/www.webdo.tn\/fr\/actualite\/terrorisme\/terroriste-tue-agent-garde-nationale-blesse-sidi-bouzid-tunisie\/180043\/","url":"https:\/\/www.webdo.tn\/fr\/actualite\/terrorisme\/terroriste-tue-agent-garde-nationale-blesse-sidi-bouzid-tunisie\/180043\/","name":"Un terroriste tu\u00e9 et un agent de la Garde nationale bless\u00e9 lors d'un \u00e9change de coups de feu \u00e0 Sidi Bouzid","isPartOf":{"@id":"https:\/\/www.webdo.tn\/fr\/#website"},"primaryImageOfPage":{"@id":"https:\/\/www.webdo.tn\/fr\/actualite\/terrorisme\/terroriste-tue-agent-garde-nationale-blesse-sidi-bouzid-tunisie\/180043\/#primaryimage"},"image":{"@id":"https:\/\/www.webdo.tn\/fr\/actualite\/terrorisme\/terroriste-tue-agent-garde-nationale-blesse-sidi-bouzid-tunisie\/180043\/#primaryimage"},"thumbnailUrl":"https:\/\/www.webdo.tn\/fr\/wp-content\/uploads\/2014\/11\/Sidi-Bouzid.gif","datePublished":"2014-11-19T16:21:00+00:00","dateModified":"2025-05-22T13:01:52+00:00","description":"Un terroriste tu\u00e9 et un agent de la Garde nationale bless\u00e9 lors d'un \u00e9change de coups de feu \u00e0 Sidi Bouzid","breadcrumb":{"@id":"https:\/\/www.webdo.tn\/fr\/actualite\/terrorisme\/terroriste-tue-agent-garde-nationale-blesse-sidi-bouzid-tunisie\/180043\/#breadcrumb"},"inLanguage":"fr-FR","potentialAction":[{"@type":"ReadAction","target":["https:\/\/www.webdo.tn\/fr\/actualite\/terrorisme\/terroriste-tue-agent-garde-nationale-blesse-sidi-bouzid-tunisie\/180043\/"]}]},{"@type":"ImageObject","inLanguage":"fr-FR","@id":"https:\/\/www.webdo.tn\/fr\/actualite\/terrorisme\/terroriste-tue-agent-garde-nationale-blesse-sidi-bouzid-tunisie\/180043\/#primaryimage","url":"https:\/\/www.webdo.tn\/fr\/wp-content\/uploads\/2014\/11\/Sidi-Bouzid.gif","contentUrl":"https:\/\/www.webdo.tn\/fr\/wp-content\/uploads\/2014\/11\/Sidi-Bouzid.gif","width":300,"height":245,"caption":"Un \"terroriste\" tu\u00e9 et un agent de la Garde nationale bless\u00e9 lors d'un \u00e9change de coups de feu \u00e0 Sidi Bouzid"},{"@type":"BreadcrumbList","@id":"https:\/\/www.webdo.tn\/fr\/actualite\/terrorisme\/terroriste-tue-agent-garde-nationale-blesse-sidi-bouzid-tunisie\/180043\/#breadcrumb","itemListElement":[{"@type":"ListItem","position":1,"name":"Accueil","item":"https:\/\/www.webdo.tn\/fr\/"},{"@type":"ListItem","position":2,"name":"Un \u00ab\u00a0terroriste\u00a0\u00bb tu\u00e9 et un agent de la Garde nationale bless\u00e9 lors d&rsquo;un \u00e9change de coups de feu \u00e0 Sidi Bouzid"}]},{"@type":"WebSite","@id":"https:\/\/www.webdo.tn\/fr\/#website","url":"https:\/\/www.webdo.tn\/fr\/","name":"webdo","description":"Tunisie - News en Tunisie et \u00e0 l&#039;international sur Webdo.tn","publisher":{"@id":"https:\/\/www.webdo.tn\/fr\/#organization"},"potentialAction":[{"@type":"SearchAction","target":{"@type":"EntryPoint","urlTemplate":"https:\/\/www.webdo.tn\/fr\/?s={search_term_string}"},"query-input":{"@type":"PropertyValueSpecification","valueRequired":true,"valueName":"search_term_string"}}],"inLanguage":"fr-FR"},{"@type":"Organization","@id":"https:\/\/www.webdo.tn\/fr\/#organization","name":"Webdo","alternateName":"Webdo.tn","url":"https:\/\/www.webdo.tn\/fr\/","logo":{"@type":"ImageObject","inLanguage":"fr-FR","@id":"https:\/\/www.webdo.tn\/fr\/#\/schema\/logo\/image\/","url":"https:\/\/www.webdo.tn\/fr\/wp-content\/uploads\/2025\/06\/Webdo-Tunisie_168377.jpg","contentUrl":"https:\/\/www.webdo.tn\/fr\/wp-content\/uploads\/2025\/06\/Webdo-Tunisie_168377.jpg","width":301,"height":301,"caption":"Webdo"},"image":{"@id":"https:\/\/www.webdo.tn\/fr\/#\/schema\/logo\/image\/"},"sameAs":["https:\/\/www.facebook.com\/webdotn","https:\/\/x.com\/webdo_tn"],"description":"Webdo est un m\u00e9dia num\u00e9rique tunisien fond\u00e9 en 2010, sp\u00e9cialis\u00e9 dans l\u2019actualit\u00e9 nationale et internationale, l\u2019\u00e9conomie, la soci\u00e9t\u00e9 et les analyses politiques. Le site s\u2019adresse \u00e0 un large public francophone et couvre l\u2019information tunisienne en temps r\u00e9el.","email":"redac@webdo.tn","legalName":"YNJ SARL","foundingDate":"2010-09-06","numberOfEmployees":{"@type":"QuantitativeValue","minValue":"11","maxValue":"50"}},{"@type":"Person","@id":"https:\/\/www.webdo.tn\/fr\/#\/schema\/person\/9a9c6118d687c117df8ef3cc36a4d175","name":"webdo.tn","image":{"@type":"ImageObject","inLanguage":"fr-FR","@id":"https:\/\/secure.gravatar.com\/avatar\/7ce1f28c0c3bbac99ff550b85ef8e44a6950c6ee24514fb6a5489e51d06f0298?s=96&d=mm&r=g","url":"https:\/\/secure.gravatar.com\/avatar\/7ce1f28c0c3bbac99ff550b85ef8e44a6950c6ee24514fb6a5489e51d06f0298?s=96&d=mm&r=g","contentUrl":"https:\/\/secure.gravatar.com\/avatar\/7ce1f28c0c3bbac99ff550b85ef8e44a6950c6ee24514fb6a5489e51d06f0298?s=96&d=mm&r=g","caption":"webdo.tn"},"url":"https:\/\/www.webdo.tn\/fr\/actualite\/author\/webdotn\/"}]}},"_links":{"self":[{"href":"https:\/\/www.webdo.tn\/fr\/wp-json\/wp\/v2\/posts\/180043","targetHints":{"allow":["GET"]}}],"collection":[{"href":"https:\/\/www.webdo.tn\/fr\/wp-json\/wp\/v2\/posts"}],"about":[{"href":"https:\/\/www.webdo.tn\/fr\/wp-json\/wp\/v2\/types\/post"}],"author":[{"embeddable":true,"href":"https:\/\/www.webdo.tn\/fr\/wp-json\/wp\/v2\/users\/3222"}],"replies":[{"embeddable":true,"href":"https:\/\/www.webdo.tn\/fr\/wp-json\/wp\/v2\/comments?post=180043"}],"version-history":[{"count":0,"href":"https:\/\/www.webdo.tn\/fr\/wp-json\/wp\/v2\/posts\/180043\/revisions"}],"wp:featuredmedia":[{"embeddable":true,"href":"https:\/\/www.webdo.tn\/fr\/wp-json\/wp\/v2\/media\/319794"}],"wp:attachment":[{"href":"https:\/\/www.webdo.tn\/fr\/wp-json\/wp\/v2\/media?parent=180043"}],"wp:term":[{"taxonomy":"category","embeddable":true,"href":"https:\/\/www.webdo.tn\/fr\/wp-json\/wp\/v2\/categories?post=180043"},{"taxonomy":"post_tag","embeddable":true,"href":"https:\/\/www.webdo.tn\/fr\/wp-json\/wp\/v2\/tags?post=180043"}],"curies":[{"name":"wp","href":"https:\/\/api.w.org\/{rel}","templated":true}]}}