{"id":180040,"date":"2014-12-16T21:01:00","date_gmt":"2014-12-16T21:01:00","guid":{"rendered":"https:\/\/www.webdo.tn\/fr\/blog\/tunisie-ben-jeddou-pole-securitaire-antiterroriste-independant-judiciaire\/186042\/"},"modified":"2025-05-22T13:01:17","modified_gmt":"2025-05-22T13:01:17","slug":"tunisie-ben-jeddou-pole-securitaire-antiterroriste-independant-judiciaire","status":"publish","type":"post","link":"https:\/\/www.webdo.tn\/fr\/actualite\/terrorisme\/tunisie-ben-jeddou-pole-securitaire-antiterroriste-independant-judiciaire\/180040\/","title":{"rendered":"Ben Jeddou : Le p\u00f4le s\u00e9curitaire antiterroriste \u00ab\u00a0totalement ind\u00e9pendant\u00a0\u00bb du p\u00f4le judiciaire"},"content":{"rendered":"<p>Le p\u00f4le s\u00e9curitaire antiterroriste est \u00ab\u00a0totalement ind\u00e9pendant\u00a0\u00bb du p\u00f4le judiciaire, a assur\u00e9 le ministre de l&rsquo;Int\u00e9rieur Lotfi Ben Jeddou lors de son inauguration, ce mardi 16 d\u00e9cembre, rapporte la TAP.<\/p>\n<p>Il y a quelques jours, l&rsquo;Observatoire tunisien des droits et libert\u00e9s (OTDL) s&rsquo;\u00e9tait pourtant alarm\u00e9 du fait que ces deux p\u00f4les &#8211; s\u00e9curitaire et judiciaire &#8211; \u00e9taient install\u00e9s dans le m\u00eame b\u00e2timent, jugeant cette cohabitation entre s\u00e9curitaires et magistrats \u00ab\u00a0anti-constitutionnelle\u00a0\u00bb et \u00ab\u00a0contraire aux conventions internationales\u00a0\u00bb.<\/p>\n<p>La cohabitation entre ces deux p\u00f4les r\u00e9pond \u00e0 des \u00ab\u00a0consid\u00e9rations s\u00e9curitaires\u00a0\u00bb, a justifi\u00e9 M. Ben Jeddou,<\/p>\n<p>Les p\u00f4les s\u00e9curitaire et judiciaire charg\u00e9s de la lutte antiterroriste ont \u00e9t\u00e9 inaugur\u00e9s en pr\u00e9sence du chef du gouvernement Mehdi Joma\u00e2.<\/p>\n","protected":false},"excerpt":{"rendered":"<p>Ben Jeddou : Le p\u00f4le s\u00e9curitaire antiterroriste  totalement ind\u00e9pendant  du p\u00f4le judiciaire<\/p>\n","protected":false},"author":3222,"featured_media":330981,"comment_status":"open","ping_status":"closed","sticky":false,"template":"","format":"standard","meta":{"footnotes":""},"categories":[11342],"tags":[],"class_list":["post-180040","post","type-post","status-publish","format-standard","has-post-thumbnail","hentry","category-terrorisme"],"yoast_head":"<!-- This site is optimized with the Yoast SEO Premium plugin v27.4 (Yoast SEO v27.5) - https:\/\/yoast.com\/product\/yoast-seo-premium-wordpress\/ -->\n<title>Ben Jeddou : Le p\u00f4le s\u00e9curitaire antiterroriste totalement ind\u00e9pendant du p\u00f4le judiciaire<\/title>\n<meta name=\"description\" content=\"Ben Jeddou : Le p\u00f4le s\u00e9curitaire antiterroriste totalement ind\u00e9pendant du p\u00f4le judiciaire\" \/>\n<link rel=\"canonical\" href=\"https:\/\/www.webdo.tn\/fr\/actualite\/terrorisme\/tunisie-ben-jeddou-pole-securitaire-antiterroriste-independant-judiciaire\/180040\/\" \/>\n<meta property=\"og:locale\" content=\"fr_FR\" \/>\n<meta property=\"og:type\" content=\"article\" \/>\n<meta property=\"og:title\" content=\"Ben Jeddou : Le p\u00f4le s\u00e9curitaire antiterroriste &quot;totalement ind\u00e9pendant&quot; du p\u00f4le judiciaire\" \/>\n<meta property=\"og:description\" content=\"Ben Jeddou : Le p\u00f4le s\u00e9curitaire antiterroriste totalement ind\u00e9pendant du p\u00f4le judiciaire\" \/>\n<meta property=\"og:url\" content=\"https:\/\/www.webdo.tn\/fr\/actualite\/terrorisme\/tunisie-ben-jeddou-pole-securitaire-antiterroriste-independant-judiciaire\/180040\/\" \/>\n<meta property=\"og:site_name\" content=\"webdo\" \/>\n<meta property=\"article:publisher\" content=\"https:\/\/www.facebook.com\/webdotn\" \/>\n<meta property=\"article:published_time\" content=\"2014-12-16T21:01:00+00:00\" \/>\n<meta property=\"article:modified_time\" content=\"2025-05-22T13:01:17+00:00\" \/>\n<meta property=\"og:image\" content=\"https:\/\/www.webdo.tn\/fr\/wp-content\/uploads\/2014\/12\/webdo_default-63.jpg\" \/>\n\t<meta property=\"og:image:width\" content=\"800\" \/>\n\t<meta property=\"og:image:height\" content=\"500\" \/>\n\t<meta property=\"og:image:type\" content=\"image\/jpeg\" \/>\n<meta name=\"author\" content=\"webdo.tn\" \/>\n<meta name=\"twitter:card\" content=\"summary_large_image\" \/>\n<meta name=\"twitter:creator\" content=\"@webdo_tn\" \/>\n<meta name=\"twitter:site\" content=\"@webdo_tn\" \/>\n<meta name=\"twitter:label1\" content=\"\u00c9crit par\" \/>\n\t<meta name=\"twitter:data1\" content=\"webdo.tn\" \/>\n\t<meta name=\"twitter:label2\" content=\"Dur\u00e9e de lecture estim\u00e9e\" \/>\n\t<meta name=\"twitter:data2\" content=\"1 minute\" \/>\n<script type=\"application\/ld+json\" class=\"yoast-schema-graph\">{\"@context\":\"https:\\\/\\\/schema.org\",\"@graph\":[{\"@type\":\"NewsArticle\",\"@id\":\"https:\\\/\\\/www.webdo.tn\\\/fr\\\/actualite\\\/terrorisme\\\/tunisie-ben-jeddou-pole-securitaire-antiterroriste-independant-judiciaire\\\/180040\\\/#article\",\"isPartOf\":{\"@id\":\"https:\\\/\\\/www.webdo.tn\\\/fr\\\/actualite\\\/terrorisme\\\/tunisie-ben-jeddou-pole-securitaire-antiterroriste-independant-judiciaire\\\/180040\\\/\"},\"author\":{\"name\":\"webdo.tn\",\"@id\":\"https:\\\/\\\/www.webdo.tn\\\/fr\\\/#\\\/schema\\\/person\\\/9a9c6118d687c117df8ef3cc36a4d175\"},\"headline\":\"Ben Jeddou : Le p\u00f4le s\u00e9curitaire antiterroriste \u00ab\u00a0totalement ind\u00e9pendant\u00a0\u00bb du p\u00f4le judiciaire\",\"datePublished\":\"2014-12-16T21:01:00+00:00\",\"dateModified\":\"2025-05-22T13:01:17+00:00\",\"mainEntityOfPage\":{\"@id\":\"https:\\\/\\\/www.webdo.tn\\\/fr\\\/actualite\\\/terrorisme\\\/tunisie-ben-jeddou-pole-securitaire-antiterroriste-independant-judiciaire\\\/180040\\\/\"},\"wordCount\":150,\"commentCount\":0,\"publisher\":{\"@id\":\"https:\\\/\\\/www.webdo.tn\\\/fr\\\/#organization\"},\"image\":{\"@id\":\"https:\\\/\\\/www.webdo.tn\\\/fr\\\/actualite\\\/terrorisme\\\/tunisie-ben-jeddou-pole-securitaire-antiterroriste-independant-judiciaire\\\/180040\\\/#primaryimage\"},\"thumbnailUrl\":\"https:\\\/\\\/www.webdo.tn\\\/fr\\\/wp-content\\\/uploads\\\/2014\\\/12\\\/webdo_default-63.jpg\",\"articleSection\":[\"Terrorisme\"],\"inLanguage\":\"fr-FR\"},{\"@type\":\"WebPage\",\"@id\":\"https:\\\/\\\/www.webdo.tn\\\/fr\\\/actualite\\\/terrorisme\\\/tunisie-ben-jeddou-pole-securitaire-antiterroriste-independant-judiciaire\\\/180040\\\/\",\"url\":\"https:\\\/\\\/www.webdo.tn\\\/fr\\\/actualite\\\/terrorisme\\\/tunisie-ben-jeddou-pole-securitaire-antiterroriste-independant-judiciaire\\\/180040\\\/\",\"name\":\"Ben Jeddou : Le p\u00f4le s\u00e9curitaire antiterroriste totalement ind\u00e9pendant du p\u00f4le judiciaire\",\"isPartOf\":{\"@id\":\"https:\\\/\\\/www.webdo.tn\\\/fr\\\/#website\"},\"primaryImageOfPage\":{\"@id\":\"https:\\\/\\\/www.webdo.tn\\\/fr\\\/actualite\\\/terrorisme\\\/tunisie-ben-jeddou-pole-securitaire-antiterroriste-independant-judiciaire\\\/180040\\\/#primaryimage\"},\"image\":{\"@id\":\"https:\\\/\\\/www.webdo.tn\\\/fr\\\/actualite\\\/terrorisme\\\/tunisie-ben-jeddou-pole-securitaire-antiterroriste-independant-judiciaire\\\/180040\\\/#primaryimage\"},\"thumbnailUrl\":\"https:\\\/\\\/www.webdo.tn\\\/fr\\\/wp-content\\\/uploads\\\/2014\\\/12\\\/webdo_default-63.jpg\",\"datePublished\":\"2014-12-16T21:01:00+00:00\",\"dateModified\":\"2025-05-22T13:01:17+00:00\",\"description\":\"Ben Jeddou : Le p\u00f4le s\u00e9curitaire antiterroriste totalement ind\u00e9pendant du p\u00f4le judiciaire\",\"breadcrumb\":{\"@id\":\"https:\\\/\\\/www.webdo.tn\\\/fr\\\/actualite\\\/terrorisme\\\/tunisie-ben-jeddou-pole-securitaire-antiterroriste-independant-judiciaire\\\/180040\\\/#breadcrumb\"},\"inLanguage\":\"fr-FR\",\"potentialAction\":[{\"@type\":\"ReadAction\",\"target\":[\"https:\\\/\\\/www.webdo.tn\\\/fr\\\/actualite\\\/terrorisme\\\/tunisie-ben-jeddou-pole-securitaire-antiterroriste-independant-judiciaire\\\/180040\\\/\"]}]},{\"@type\":\"ImageObject\",\"inLanguage\":\"fr-FR\",\"@id\":\"https:\\\/\\\/www.webdo.tn\\\/fr\\\/actualite\\\/terrorisme\\\/tunisie-ben-jeddou-pole-securitaire-antiterroriste-independant-judiciaire\\\/180040\\\/#primaryimage\",\"url\":\"https:\\\/\\\/www.webdo.tn\\\/fr\\\/wp-content\\\/uploads\\\/2014\\\/12\\\/webdo_default-63.jpg\",\"contentUrl\":\"https:\\\/\\\/www.webdo.tn\\\/fr\\\/wp-content\\\/uploads\\\/2014\\\/12\\\/webdo_default-63.jpg\",\"width\":800,\"height\":500,\"caption\":\"Ben Jeddou : Le p\u00f4le s\u00e9curitaire antiterroriste \\\"totalement ind\u00e9pendant\\\" du p\u00f4le judiciaire\"},{\"@type\":\"BreadcrumbList\",\"@id\":\"https:\\\/\\\/www.webdo.tn\\\/fr\\\/actualite\\\/terrorisme\\\/tunisie-ben-jeddou-pole-securitaire-antiterroriste-independant-judiciaire\\\/180040\\\/#breadcrumb\",\"itemListElement\":[{\"@type\":\"ListItem\",\"position\":1,\"name\":\"Accueil\",\"item\":\"https:\\\/\\\/www.webdo.tn\\\/fr\\\/\"},{\"@type\":\"ListItem\",\"position\":2,\"name\":\"Ben Jeddou : Le p\u00f4le s\u00e9curitaire antiterroriste \u00ab\u00a0totalement ind\u00e9pendant\u00a0\u00bb du p\u00f4le judiciaire\"}]},{\"@type\":\"WebSite\",\"@id\":\"https:\\\/\\\/www.webdo.tn\\\/fr\\\/#website\",\"url\":\"https:\\\/\\\/www.webdo.tn\\\/fr\\\/\",\"name\":\"webdo\",\"description\":\"Tunisie - News en Tunisie et \u00e0 l&#039;international sur Webdo.tn\",\"publisher\":{\"@id\":\"https:\\\/\\\/www.webdo.tn\\\/fr\\\/#organization\"},\"potentialAction\":[{\"@type\":\"SearchAction\",\"target\":{\"@type\":\"EntryPoint\",\"urlTemplate\":\"https:\\\/\\\/www.webdo.tn\\\/fr\\\/?s={search_term_string}\"},\"query-input\":{\"@type\":\"PropertyValueSpecification\",\"valueRequired\":true,\"valueName\":\"search_term_string\"}}],\"inLanguage\":\"fr-FR\"},{\"@type\":\"Organization\",\"@id\":\"https:\\\/\\\/www.webdo.tn\\\/fr\\\/#organization\",\"name\":\"Webdo\",\"alternateName\":\"Webdo.tn\",\"url\":\"https:\\\/\\\/www.webdo.tn\\\/fr\\\/\",\"logo\":{\"@type\":\"ImageObject\",\"inLanguage\":\"fr-FR\",\"@id\":\"https:\\\/\\\/www.webdo.tn\\\/fr\\\/#\\\/schema\\\/logo\\\/image\\\/\",\"url\":\"https:\\\/\\\/www.webdo.tn\\\/fr\\\/wp-content\\\/uploads\\\/2025\\\/06\\\/Webdo-Tunisie_168377.jpg\",\"contentUrl\":\"https:\\\/\\\/www.webdo.tn\\\/fr\\\/wp-content\\\/uploads\\\/2025\\\/06\\\/Webdo-Tunisie_168377.jpg\",\"width\":301,\"height\":301,\"caption\":\"Webdo\"},\"image\":{\"@id\":\"https:\\\/\\\/www.webdo.tn\\\/fr\\\/#\\\/schema\\\/logo\\\/image\\\/\"},\"sameAs\":[\"https:\\\/\\\/www.facebook.com\\\/webdotn\",\"https:\\\/\\\/x.com\\\/webdo_tn\"],\"description\":\"Webdo est un m\u00e9dia num\u00e9rique tunisien fond\u00e9 en 2010, sp\u00e9cialis\u00e9 dans l\u2019actualit\u00e9 nationale et internationale, l\u2019\u00e9conomie, la soci\u00e9t\u00e9 et les analyses politiques. Le site s\u2019adresse \u00e0 un large public francophone et couvre l\u2019information tunisienne en temps r\u00e9el.\",\"email\":\"redac@webdo.tn\",\"legalName\":\"YNJ SARL\",\"foundingDate\":\"2010-09-06\",\"numberOfEmployees\":{\"@type\":\"QuantitativeValue\",\"minValue\":\"11\",\"maxValue\":\"50\"}},{\"@type\":\"Person\",\"@id\":\"https:\\\/\\\/www.webdo.tn\\\/fr\\\/#\\\/schema\\\/person\\\/9a9c6118d687c117df8ef3cc36a4d175\",\"name\":\"webdo.tn\",\"image\":{\"@type\":\"ImageObject\",\"inLanguage\":\"fr-FR\",\"@id\":\"https:\\\/\\\/secure.gravatar.com\\\/avatar\\\/7ce1f28c0c3bbac99ff550b85ef8e44a6950c6ee24514fb6a5489e51d06f0298?s=96&d=mm&r=g\",\"url\":\"https:\\\/\\\/secure.gravatar.com\\\/avatar\\\/7ce1f28c0c3bbac99ff550b85ef8e44a6950c6ee24514fb6a5489e51d06f0298?s=96&d=mm&r=g\",\"contentUrl\":\"https:\\\/\\\/secure.gravatar.com\\\/avatar\\\/7ce1f28c0c3bbac99ff550b85ef8e44a6950c6ee24514fb6a5489e51d06f0298?s=96&d=mm&r=g\",\"caption\":\"webdo.tn\"},\"url\":\"https:\\\/\\\/www.webdo.tn\\\/fr\\\/actualite\\\/author\\\/webdotn\\\/\"}]}<\/script>\n<!-- \/ Yoast SEO Premium plugin. -->","yoast_head_json":{"title":"Ben Jeddou : Le p\u00f4le s\u00e9curitaire antiterroriste totalement ind\u00e9pendant du p\u00f4le judiciaire","description":"Ben Jeddou : Le p\u00f4le s\u00e9curitaire antiterroriste totalement ind\u00e9pendant du p\u00f4le judiciaire","canonical":"https:\/\/www.webdo.tn\/fr\/actualite\/terrorisme\/tunisie-ben-jeddou-pole-securitaire-antiterroriste-independant-judiciaire\/180040\/","og_locale":"fr_FR","og_type":"article","og_title":"Ben Jeddou : Le p\u00f4le s\u00e9curitaire antiterroriste \"totalement ind\u00e9pendant\" du p\u00f4le judiciaire","og_description":"Ben Jeddou : Le p\u00f4le s\u00e9curitaire antiterroriste totalement ind\u00e9pendant du p\u00f4le judiciaire","og_url":"https:\/\/www.webdo.tn\/fr\/actualite\/terrorisme\/tunisie-ben-jeddou-pole-securitaire-antiterroriste-independant-judiciaire\/180040\/","og_site_name":"webdo","article_publisher":"https:\/\/www.facebook.com\/webdotn","article_published_time":"2014-12-16T21:01:00+00:00","article_modified_time":"2025-05-22T13:01:17+00:00","og_image":[{"width":800,"height":500,"url":"https:\/\/www.webdo.tn\/fr\/wp-content\/uploads\/2014\/12\/webdo_default-63.jpg","type":"image\/jpeg"}],"author":"webdo.tn","twitter_card":"summary_large_image","twitter_creator":"@webdo_tn","twitter_site":"@webdo_tn","twitter_misc":{"\u00c9crit par":"webdo.tn","Dur\u00e9e de lecture estim\u00e9e":"1 minute"},"schema":{"@context":"https:\/\/schema.org","@graph":[{"@type":"NewsArticle","@id":"https:\/\/www.webdo.tn\/fr\/actualite\/terrorisme\/tunisie-ben-jeddou-pole-securitaire-antiterroriste-independant-judiciaire\/180040\/#article","isPartOf":{"@id":"https:\/\/www.webdo.tn\/fr\/actualite\/terrorisme\/tunisie-ben-jeddou-pole-securitaire-antiterroriste-independant-judiciaire\/180040\/"},"author":{"name":"webdo.tn","@id":"https:\/\/www.webdo.tn\/fr\/#\/schema\/person\/9a9c6118d687c117df8ef3cc36a4d175"},"headline":"Ben Jeddou : Le p\u00f4le s\u00e9curitaire antiterroriste \u00ab\u00a0totalement ind\u00e9pendant\u00a0\u00bb du p\u00f4le judiciaire","datePublished":"2014-12-16T21:01:00+00:00","dateModified":"2025-05-22T13:01:17+00:00","mainEntityOfPage":{"@id":"https:\/\/www.webdo.tn\/fr\/actualite\/terrorisme\/tunisie-ben-jeddou-pole-securitaire-antiterroriste-independant-judiciaire\/180040\/"},"wordCount":150,"commentCount":0,"publisher":{"@id":"https:\/\/www.webdo.tn\/fr\/#organization"},"image":{"@id":"https:\/\/www.webdo.tn\/fr\/actualite\/terrorisme\/tunisie-ben-jeddou-pole-securitaire-antiterroriste-independant-judiciaire\/180040\/#primaryimage"},"thumbnailUrl":"https:\/\/www.webdo.tn\/fr\/wp-content\/uploads\/2014\/12\/webdo_default-63.jpg","articleSection":["Terrorisme"],"inLanguage":"fr-FR"},{"@type":"WebPage","@id":"https:\/\/www.webdo.tn\/fr\/actualite\/terrorisme\/tunisie-ben-jeddou-pole-securitaire-antiterroriste-independant-judiciaire\/180040\/","url":"https:\/\/www.webdo.tn\/fr\/actualite\/terrorisme\/tunisie-ben-jeddou-pole-securitaire-antiterroriste-independant-judiciaire\/180040\/","name":"Ben Jeddou : Le p\u00f4le s\u00e9curitaire antiterroriste totalement ind\u00e9pendant du p\u00f4le judiciaire","isPartOf":{"@id":"https:\/\/www.webdo.tn\/fr\/#website"},"primaryImageOfPage":{"@id":"https:\/\/www.webdo.tn\/fr\/actualite\/terrorisme\/tunisie-ben-jeddou-pole-securitaire-antiterroriste-independant-judiciaire\/180040\/#primaryimage"},"image":{"@id":"https:\/\/www.webdo.tn\/fr\/actualite\/terrorisme\/tunisie-ben-jeddou-pole-securitaire-antiterroriste-independant-judiciaire\/180040\/#primaryimage"},"thumbnailUrl":"https:\/\/www.webdo.tn\/fr\/wp-content\/uploads\/2014\/12\/webdo_default-63.jpg","datePublished":"2014-12-16T21:01:00+00:00","dateModified":"2025-05-22T13:01:17+00:00","description":"Ben Jeddou : Le p\u00f4le s\u00e9curitaire antiterroriste totalement ind\u00e9pendant du p\u00f4le judiciaire","breadcrumb":{"@id":"https:\/\/www.webdo.tn\/fr\/actualite\/terrorisme\/tunisie-ben-jeddou-pole-securitaire-antiterroriste-independant-judiciaire\/180040\/#breadcrumb"},"inLanguage":"fr-FR","potentialAction":[{"@type":"ReadAction","target":["https:\/\/www.webdo.tn\/fr\/actualite\/terrorisme\/tunisie-ben-jeddou-pole-securitaire-antiterroriste-independant-judiciaire\/180040\/"]}]},{"@type":"ImageObject","inLanguage":"fr-FR","@id":"https:\/\/www.webdo.tn\/fr\/actualite\/terrorisme\/tunisie-ben-jeddou-pole-securitaire-antiterroriste-independant-judiciaire\/180040\/#primaryimage","url":"https:\/\/www.webdo.tn\/fr\/wp-content\/uploads\/2014\/12\/webdo_default-63.jpg","contentUrl":"https:\/\/www.webdo.tn\/fr\/wp-content\/uploads\/2014\/12\/webdo_default-63.jpg","width":800,"height":500,"caption":"Ben Jeddou : Le p\u00f4le s\u00e9curitaire antiterroriste \"totalement ind\u00e9pendant\" du p\u00f4le judiciaire"},{"@type":"BreadcrumbList","@id":"https:\/\/www.webdo.tn\/fr\/actualite\/terrorisme\/tunisie-ben-jeddou-pole-securitaire-antiterroriste-independant-judiciaire\/180040\/#breadcrumb","itemListElement":[{"@type":"ListItem","position":1,"name":"Accueil","item":"https:\/\/www.webdo.tn\/fr\/"},{"@type":"ListItem","position":2,"name":"Ben Jeddou : Le p\u00f4le s\u00e9curitaire antiterroriste \u00ab\u00a0totalement ind\u00e9pendant\u00a0\u00bb du p\u00f4le judiciaire"}]},{"@type":"WebSite","@id":"https:\/\/www.webdo.tn\/fr\/#website","url":"https:\/\/www.webdo.tn\/fr\/","name":"webdo","description":"Tunisie - News en Tunisie et \u00e0 l&#039;international sur Webdo.tn","publisher":{"@id":"https:\/\/www.webdo.tn\/fr\/#organization"},"potentialAction":[{"@type":"SearchAction","target":{"@type":"EntryPoint","urlTemplate":"https:\/\/www.webdo.tn\/fr\/?s={search_term_string}"},"query-input":{"@type":"PropertyValueSpecification","valueRequired":true,"valueName":"search_term_string"}}],"inLanguage":"fr-FR"},{"@type":"Organization","@id":"https:\/\/www.webdo.tn\/fr\/#organization","name":"Webdo","alternateName":"Webdo.tn","url":"https:\/\/www.webdo.tn\/fr\/","logo":{"@type":"ImageObject","inLanguage":"fr-FR","@id":"https:\/\/www.webdo.tn\/fr\/#\/schema\/logo\/image\/","url":"https:\/\/www.webdo.tn\/fr\/wp-content\/uploads\/2025\/06\/Webdo-Tunisie_168377.jpg","contentUrl":"https:\/\/www.webdo.tn\/fr\/wp-content\/uploads\/2025\/06\/Webdo-Tunisie_168377.jpg","width":301,"height":301,"caption":"Webdo"},"image":{"@id":"https:\/\/www.webdo.tn\/fr\/#\/schema\/logo\/image\/"},"sameAs":["https:\/\/www.facebook.com\/webdotn","https:\/\/x.com\/webdo_tn"],"description":"Webdo est un m\u00e9dia num\u00e9rique tunisien fond\u00e9 en 2010, sp\u00e9cialis\u00e9 dans l\u2019actualit\u00e9 nationale et internationale, l\u2019\u00e9conomie, la soci\u00e9t\u00e9 et les analyses politiques. Le site s\u2019adresse \u00e0 un large public francophone et couvre l\u2019information tunisienne en temps r\u00e9el.","email":"redac@webdo.tn","legalName":"YNJ SARL","foundingDate":"2010-09-06","numberOfEmployees":{"@type":"QuantitativeValue","minValue":"11","maxValue":"50"}},{"@type":"Person","@id":"https:\/\/www.webdo.tn\/fr\/#\/schema\/person\/9a9c6118d687c117df8ef3cc36a4d175","name":"webdo.tn","image":{"@type":"ImageObject","inLanguage":"fr-FR","@id":"https:\/\/secure.gravatar.com\/avatar\/7ce1f28c0c3bbac99ff550b85ef8e44a6950c6ee24514fb6a5489e51d06f0298?s=96&d=mm&r=g","url":"https:\/\/secure.gravatar.com\/avatar\/7ce1f28c0c3bbac99ff550b85ef8e44a6950c6ee24514fb6a5489e51d06f0298?s=96&d=mm&r=g","contentUrl":"https:\/\/secure.gravatar.com\/avatar\/7ce1f28c0c3bbac99ff550b85ef8e44a6950c6ee24514fb6a5489e51d06f0298?s=96&d=mm&r=g","caption":"webdo.tn"},"url":"https:\/\/www.webdo.tn\/fr\/actualite\/author\/webdotn\/"}]}},"_links":{"self":[{"href":"https:\/\/www.webdo.tn\/fr\/wp-json\/wp\/v2\/posts\/180040","targetHints":{"allow":["GET"]}}],"collection":[{"href":"https:\/\/www.webdo.tn\/fr\/wp-json\/wp\/v2\/posts"}],"about":[{"href":"https:\/\/www.webdo.tn\/fr\/wp-json\/wp\/v2\/types\/post"}],"author":[{"embeddable":true,"href":"https:\/\/www.webdo.tn\/fr\/wp-json\/wp\/v2\/users\/3222"}],"replies":[{"embeddable":true,"href":"https:\/\/www.webdo.tn\/fr\/wp-json\/wp\/v2\/comments?post=180040"}],"version-history":[{"count":0,"href":"https:\/\/www.webdo.tn\/fr\/wp-json\/wp\/v2\/posts\/180040\/revisions"}],"wp:featuredmedia":[{"embeddable":true,"href":"https:\/\/www.webdo.tn\/fr\/wp-json\/wp\/v2\/media\/330981"}],"wp:attachment":[{"href":"https:\/\/www.webdo.tn\/fr\/wp-json\/wp\/v2\/media?parent=180040"}],"wp:term":[{"taxonomy":"category","embeddable":true,"href":"https:\/\/www.webdo.tn\/fr\/wp-json\/wp\/v2\/categories?post=180040"},{"taxonomy":"post_tag","embeddable":true,"href":"https:\/\/www.webdo.tn\/fr\/wp-json\/wp\/v2\/tags?post=180040"}],"curies":[{"name":"wp","href":"https:\/\/api.w.org\/{rel}","templated":true}]}}