{"id":180039,"date":"2014-12-17T18:50:00","date_gmt":"2014-12-17T18:50:00","guid":{"rendered":"https:\/\/www.webdo.tn\/fr\/blog\/tunisie-prisonniers-terrorisme-greve-faim\/180039\/"},"modified":"2025-05-22T13:01:15","modified_gmt":"2025-05-22T13:01:15","slug":"tunisie-prisonniers-terrorisme-greve-faim","status":"publish","type":"post","link":"https:\/\/www.webdo.tn\/fr\/actualite\/terrorisme\/tunisie-prisonniers-terrorisme-greve-faim\/180039\/","title":{"rendered":"Tunisie : Des prisonniers accus\u00e9s de terrorisme entament une gr\u00e8ve de la faim"},"content":{"rendered":"<p>Des d\u00e9tenus accus\u00e9s de terrorisme ont entam\u00e9 aujourd&rsquo;hui, mercredi 17 d\u00e9cembre, une gr\u00e8ve de la faim \u00e0 la prison de Mornaguia, nous a inform\u00e9 l&rsquo;avocat Hafedh Ghadhoun, qui en a \u00e9t\u00e9 inform\u00e9 hier, mardi 16 d\u00e9cembre, en allant rendre visite \u00e0 ses clients.<\/p>\n<p>Ces prisonniers r\u00e9clament d&rsquo;\u00eatre jug\u00e9s. Certains sont en effet en d\u00e9tention depuis plus de 8 mois sans jugement, et sont encore en phase d&rsquo;instruction, nous a indiqu\u00e9 Me Ghadhoun.<\/p>\n<p>Le Code de proc\u00e9dure p\u00e9nale pr\u00e9voit pour les arrestations dans les affaires de terrorisme six mois de d\u00e9tention provisoire, qui peuvent \u00eatre prolong\u00e9s une premi\u00e8re fois de quatre mois, puis une deuxi\u00e8me fois par quatre mois suppl\u00e9mentaires.<br \/>\nCertains sont d\u00e9tenus pour leur implication pr\u00e9sum\u00e9e dans les \u00e9v\u00e9nements de Bir Ali Ben Khalifa<br \/>\nLes d\u00e9tenus les plus anciens concern\u00e9s par la gr\u00e8ve de la faim sont ceux du groupe de Bir Ali Ben Khlifa, nous a pr\u00e9cis\u00e9 Hafedh Ghadhoun.<\/p>\n<p>Plusieurs personnes ont en effet \u00e9t\u00e9 arr\u00eat\u00e9es suite \u00e0 un \u00e9change de coups de feu ayant eu lieu \u00e0 Bir Ali Ben Khalifa, en f\u00e9vrier 2012, entre une bande arm\u00e9e et les forces de s\u00e9curit\u00e9.<br \/>\nInes Harrath fait \u00e9tat de torture \u00e0 l&rsquo;encontre des prisonniers<br \/>\nL&rsquo;avocate Ines Harrath, qui a rendu visite \u00e0 certains de ses clients dans la m\u00eame prison, \u00e0 Mornaguia, a elle aussi d\u00e9clar\u00e9 sur son compte Facebook que les d\u00e9tenus avaient entam\u00e9 une gr\u00e8ve de la faim. Elle rapporte qu&rsquo;ils ont \u00e9t\u00e9 oblig\u00e9s de mettre fin \u00e0 leur gr\u00e8ve et qu&rsquo;on leur a donn\u00e9 \u00e0 manger et \u00e0 boire par la force.<\/p>\n<p>\u00ab\u00a0Certains parmi eux ont \u00e9t\u00e9 tortur\u00e9s et d&rsquo;autres ont \u00e9t\u00e9 transf\u00e9r\u00e9s dans un autre pavillon\u00a0\u00bb, raconte-t-elle encore sur Facebook.<\/p>\n","protected":false},"excerpt":{"rendered":"<p>Tunisie : Des prisonniers accus\u00e9s de terrorisme entament une gr\u00e8ve de la faim<\/p>\n","protected":false},"author":3222,"featured_media":330982,"comment_status":"open","ping_status":"closed","sticky":false,"template":"","format":"standard","meta":{"footnotes":""},"categories":[11342],"tags":[],"class_list":["post-180039","post","type-post","status-publish","format-standard","has-post-thumbnail","hentry","category-terrorisme"],"yoast_head":"<!-- This site is optimized with the Yoast SEO Premium plugin v27.4 (Yoast SEO v27.5) - https:\/\/yoast.com\/product\/yoast-seo-premium-wordpress\/ -->\n<title>Tunisie : Des prisonniers accus\u00e9s de terrorisme entament une gr\u00e8ve de la faim<\/title>\n<meta name=\"description\" content=\"Tunisie : Des prisonniers accus\u00e9s de terrorisme entament une gr\u00e8ve de la faim\" \/>\n<link rel=\"canonical\" href=\"https:\/\/www.webdo.tn\/fr\/actualite\/terrorisme\/tunisie-prisonniers-terrorisme-greve-faim\/180039\/\" \/>\n<meta property=\"og:locale\" content=\"fr_FR\" \/>\n<meta property=\"og:type\" content=\"article\" \/>\n<meta property=\"og:title\" content=\"Tunisie : Des prisonniers accus\u00e9s de terrorisme entament une gr\u00e8ve de la faim\" \/>\n<meta property=\"og:description\" content=\"Tunisie : Des prisonniers accus\u00e9s de terrorisme entament une gr\u00e8ve de la faim\" \/>\n<meta property=\"og:url\" content=\"https:\/\/www.webdo.tn\/fr\/actualite\/terrorisme\/tunisie-prisonniers-terrorisme-greve-faim\/180039\/\" \/>\n<meta property=\"og:site_name\" content=\"webdo\" \/>\n<meta property=\"article:publisher\" content=\"https:\/\/www.facebook.com\/webdotn\" \/>\n<meta property=\"article:published_time\" content=\"2014-12-17T18:50:00+00:00\" \/>\n<meta property=\"article:modified_time\" content=\"2025-05-22T13:01:15+00:00\" \/>\n<meta property=\"og:image\" content=\"https:\/\/www.webdo.tn\/fr\/wp-content\/uploads\/2014\/12\/webdo_default-64.jpg\" \/>\n\t<meta property=\"og:image:width\" content=\"800\" \/>\n\t<meta property=\"og:image:height\" content=\"500\" \/>\n\t<meta property=\"og:image:type\" content=\"image\/jpeg\" \/>\n<meta name=\"author\" content=\"webdo.tn\" \/>\n<meta name=\"twitter:card\" content=\"summary_large_image\" \/>\n<meta name=\"twitter:creator\" content=\"@webdo_tn\" \/>\n<meta name=\"twitter:site\" content=\"@webdo_tn\" \/>\n<meta name=\"twitter:label1\" content=\"\u00c9crit par\" \/>\n\t<meta name=\"twitter:data1\" content=\"webdo.tn\" \/>\n\t<meta name=\"twitter:label2\" content=\"Dur\u00e9e de lecture estim\u00e9e\" \/>\n\t<meta name=\"twitter:data2\" content=\"2 minutes\" \/>\n<script type=\"application\/ld+json\" class=\"yoast-schema-graph\">{\"@context\":\"https:\\\/\\\/schema.org\",\"@graph\":[{\"@type\":\"NewsArticle\",\"@id\":\"https:\\\/\\\/www.webdo.tn\\\/fr\\\/actualite\\\/terrorisme\\\/tunisie-prisonniers-terrorisme-greve-faim\\\/180039\\\/#article\",\"isPartOf\":{\"@id\":\"https:\\\/\\\/www.webdo.tn\\\/fr\\\/actualite\\\/terrorisme\\\/tunisie-prisonniers-terrorisme-greve-faim\\\/180039\\\/\"},\"author\":{\"name\":\"webdo.tn\",\"@id\":\"https:\\\/\\\/www.webdo.tn\\\/fr\\\/#\\\/schema\\\/person\\\/9a9c6118d687c117df8ef3cc36a4d175\"},\"headline\":\"Tunisie : Des prisonniers accus\u00e9s de terrorisme entament une gr\u00e8ve de la faim\",\"datePublished\":\"2014-12-17T18:50:00+00:00\",\"dateModified\":\"2025-05-22T13:01:15+00:00\",\"mainEntityOfPage\":{\"@id\":\"https:\\\/\\\/www.webdo.tn\\\/fr\\\/actualite\\\/terrorisme\\\/tunisie-prisonniers-terrorisme-greve-faim\\\/180039\\\/\"},\"wordCount\":322,\"commentCount\":0,\"publisher\":{\"@id\":\"https:\\\/\\\/www.webdo.tn\\\/fr\\\/#organization\"},\"image\":{\"@id\":\"https:\\\/\\\/www.webdo.tn\\\/fr\\\/actualite\\\/terrorisme\\\/tunisie-prisonniers-terrorisme-greve-faim\\\/180039\\\/#primaryimage\"},\"thumbnailUrl\":\"https:\\\/\\\/www.webdo.tn\\\/fr\\\/wp-content\\\/uploads\\\/2014\\\/12\\\/webdo_default-64.jpg\",\"articleSection\":[\"Terrorisme\"],\"inLanguage\":\"fr-FR\"},{\"@type\":\"WebPage\",\"@id\":\"https:\\\/\\\/www.webdo.tn\\\/fr\\\/actualite\\\/terrorisme\\\/tunisie-prisonniers-terrorisme-greve-faim\\\/180039\\\/\",\"url\":\"https:\\\/\\\/www.webdo.tn\\\/fr\\\/actualite\\\/terrorisme\\\/tunisie-prisonniers-terrorisme-greve-faim\\\/180039\\\/\",\"name\":\"Tunisie : Des prisonniers accus\u00e9s de terrorisme entament une gr\u00e8ve de la faim\",\"isPartOf\":{\"@id\":\"https:\\\/\\\/www.webdo.tn\\\/fr\\\/#website\"},\"primaryImageOfPage\":{\"@id\":\"https:\\\/\\\/www.webdo.tn\\\/fr\\\/actualite\\\/terrorisme\\\/tunisie-prisonniers-terrorisme-greve-faim\\\/180039\\\/#primaryimage\"},\"image\":{\"@id\":\"https:\\\/\\\/www.webdo.tn\\\/fr\\\/actualite\\\/terrorisme\\\/tunisie-prisonniers-terrorisme-greve-faim\\\/180039\\\/#primaryimage\"},\"thumbnailUrl\":\"https:\\\/\\\/www.webdo.tn\\\/fr\\\/wp-content\\\/uploads\\\/2014\\\/12\\\/webdo_default-64.jpg\",\"datePublished\":\"2014-12-17T18:50:00+00:00\",\"dateModified\":\"2025-05-22T13:01:15+00:00\",\"description\":\"Tunisie : Des prisonniers accus\u00e9s de terrorisme entament une gr\u00e8ve de la faim\",\"breadcrumb\":{\"@id\":\"https:\\\/\\\/www.webdo.tn\\\/fr\\\/actualite\\\/terrorisme\\\/tunisie-prisonniers-terrorisme-greve-faim\\\/180039\\\/#breadcrumb\"},\"inLanguage\":\"fr-FR\",\"potentialAction\":[{\"@type\":\"ReadAction\",\"target\":[\"https:\\\/\\\/www.webdo.tn\\\/fr\\\/actualite\\\/terrorisme\\\/tunisie-prisonniers-terrorisme-greve-faim\\\/180039\\\/\"]}]},{\"@type\":\"ImageObject\",\"inLanguage\":\"fr-FR\",\"@id\":\"https:\\\/\\\/www.webdo.tn\\\/fr\\\/actualite\\\/terrorisme\\\/tunisie-prisonniers-terrorisme-greve-faim\\\/180039\\\/#primaryimage\",\"url\":\"https:\\\/\\\/www.webdo.tn\\\/fr\\\/wp-content\\\/uploads\\\/2014\\\/12\\\/webdo_default-64.jpg\",\"contentUrl\":\"https:\\\/\\\/www.webdo.tn\\\/fr\\\/wp-content\\\/uploads\\\/2014\\\/12\\\/webdo_default-64.jpg\",\"width\":800,\"height\":500,\"caption\":\"Tunisie : Des prisonniers accus\u00e9s de terrorisme entament une gr\u00e8ve de la faim\"},{\"@type\":\"BreadcrumbList\",\"@id\":\"https:\\\/\\\/www.webdo.tn\\\/fr\\\/actualite\\\/terrorisme\\\/tunisie-prisonniers-terrorisme-greve-faim\\\/180039\\\/#breadcrumb\",\"itemListElement\":[{\"@type\":\"ListItem\",\"position\":1,\"name\":\"Accueil\",\"item\":\"https:\\\/\\\/www.webdo.tn\\\/fr\\\/\"},{\"@type\":\"ListItem\",\"position\":2,\"name\":\"Tunisie : Des prisonniers accus\u00e9s de terrorisme entament une gr\u00e8ve de la faim\"}]},{\"@type\":\"WebSite\",\"@id\":\"https:\\\/\\\/www.webdo.tn\\\/fr\\\/#website\",\"url\":\"https:\\\/\\\/www.webdo.tn\\\/fr\\\/\",\"name\":\"webdo\",\"description\":\"Tunisie - News en Tunisie et \u00e0 l&#039;international sur Webdo.tn\",\"publisher\":{\"@id\":\"https:\\\/\\\/www.webdo.tn\\\/fr\\\/#organization\"},\"potentialAction\":[{\"@type\":\"SearchAction\",\"target\":{\"@type\":\"EntryPoint\",\"urlTemplate\":\"https:\\\/\\\/www.webdo.tn\\\/fr\\\/?s={search_term_string}\"},\"query-input\":{\"@type\":\"PropertyValueSpecification\",\"valueRequired\":true,\"valueName\":\"search_term_string\"}}],\"inLanguage\":\"fr-FR\"},{\"@type\":\"Organization\",\"@id\":\"https:\\\/\\\/www.webdo.tn\\\/fr\\\/#organization\",\"name\":\"Webdo\",\"alternateName\":\"Webdo.tn\",\"url\":\"https:\\\/\\\/www.webdo.tn\\\/fr\\\/\",\"logo\":{\"@type\":\"ImageObject\",\"inLanguage\":\"fr-FR\",\"@id\":\"https:\\\/\\\/www.webdo.tn\\\/fr\\\/#\\\/schema\\\/logo\\\/image\\\/\",\"url\":\"https:\\\/\\\/www.webdo.tn\\\/fr\\\/wp-content\\\/uploads\\\/2025\\\/06\\\/Webdo-Tunisie_168377.jpg\",\"contentUrl\":\"https:\\\/\\\/www.webdo.tn\\\/fr\\\/wp-content\\\/uploads\\\/2025\\\/06\\\/Webdo-Tunisie_168377.jpg\",\"width\":301,\"height\":301,\"caption\":\"Webdo\"},\"image\":{\"@id\":\"https:\\\/\\\/www.webdo.tn\\\/fr\\\/#\\\/schema\\\/logo\\\/image\\\/\"},\"sameAs\":[\"https:\\\/\\\/www.facebook.com\\\/webdotn\",\"https:\\\/\\\/x.com\\\/webdo_tn\"],\"description\":\"Webdo est un m\u00e9dia num\u00e9rique tunisien fond\u00e9 en 2010, sp\u00e9cialis\u00e9 dans l\u2019actualit\u00e9 nationale et internationale, l\u2019\u00e9conomie, la soci\u00e9t\u00e9 et les analyses politiques. Le site s\u2019adresse \u00e0 un large public francophone et couvre l\u2019information tunisienne en temps r\u00e9el.\",\"email\":\"redac@webdo.tn\",\"legalName\":\"YNJ SARL\",\"foundingDate\":\"2010-09-06\",\"numberOfEmployees\":{\"@type\":\"QuantitativeValue\",\"minValue\":\"11\",\"maxValue\":\"50\"}},{\"@type\":\"Person\",\"@id\":\"https:\\\/\\\/www.webdo.tn\\\/fr\\\/#\\\/schema\\\/person\\\/9a9c6118d687c117df8ef3cc36a4d175\",\"name\":\"webdo.tn\",\"image\":{\"@type\":\"ImageObject\",\"inLanguage\":\"fr-FR\",\"@id\":\"https:\\\/\\\/secure.gravatar.com\\\/avatar\\\/7ce1f28c0c3bbac99ff550b85ef8e44a6950c6ee24514fb6a5489e51d06f0298?s=96&d=mm&r=g\",\"url\":\"https:\\\/\\\/secure.gravatar.com\\\/avatar\\\/7ce1f28c0c3bbac99ff550b85ef8e44a6950c6ee24514fb6a5489e51d06f0298?s=96&d=mm&r=g\",\"contentUrl\":\"https:\\\/\\\/secure.gravatar.com\\\/avatar\\\/7ce1f28c0c3bbac99ff550b85ef8e44a6950c6ee24514fb6a5489e51d06f0298?s=96&d=mm&r=g\",\"caption\":\"webdo.tn\"},\"url\":\"https:\\\/\\\/www.webdo.tn\\\/fr\\\/actualite\\\/author\\\/webdotn\\\/\"}]}<\/script>\n<!-- \/ Yoast SEO Premium plugin. -->","yoast_head_json":{"title":"Tunisie : Des prisonniers accus\u00e9s de terrorisme entament une gr\u00e8ve de la faim","description":"Tunisie : Des prisonniers accus\u00e9s de terrorisme entament une gr\u00e8ve de la faim","canonical":"https:\/\/www.webdo.tn\/fr\/actualite\/terrorisme\/tunisie-prisonniers-terrorisme-greve-faim\/180039\/","og_locale":"fr_FR","og_type":"article","og_title":"Tunisie : Des prisonniers accus\u00e9s de terrorisme entament une gr\u00e8ve de la faim","og_description":"Tunisie : Des prisonniers accus\u00e9s de terrorisme entament une gr\u00e8ve de la faim","og_url":"https:\/\/www.webdo.tn\/fr\/actualite\/terrorisme\/tunisie-prisonniers-terrorisme-greve-faim\/180039\/","og_site_name":"webdo","article_publisher":"https:\/\/www.facebook.com\/webdotn","article_published_time":"2014-12-17T18:50:00+00:00","article_modified_time":"2025-05-22T13:01:15+00:00","og_image":[{"width":800,"height":500,"url":"https:\/\/www.webdo.tn\/fr\/wp-content\/uploads\/2014\/12\/webdo_default-64.jpg","type":"image\/jpeg"}],"author":"webdo.tn","twitter_card":"summary_large_image","twitter_creator":"@webdo_tn","twitter_site":"@webdo_tn","twitter_misc":{"\u00c9crit par":"webdo.tn","Dur\u00e9e de lecture estim\u00e9e":"2 minutes"},"schema":{"@context":"https:\/\/schema.org","@graph":[{"@type":"NewsArticle","@id":"https:\/\/www.webdo.tn\/fr\/actualite\/terrorisme\/tunisie-prisonniers-terrorisme-greve-faim\/180039\/#article","isPartOf":{"@id":"https:\/\/www.webdo.tn\/fr\/actualite\/terrorisme\/tunisie-prisonniers-terrorisme-greve-faim\/180039\/"},"author":{"name":"webdo.tn","@id":"https:\/\/www.webdo.tn\/fr\/#\/schema\/person\/9a9c6118d687c117df8ef3cc36a4d175"},"headline":"Tunisie : Des prisonniers accus\u00e9s de terrorisme entament une gr\u00e8ve de la faim","datePublished":"2014-12-17T18:50:00+00:00","dateModified":"2025-05-22T13:01:15+00:00","mainEntityOfPage":{"@id":"https:\/\/www.webdo.tn\/fr\/actualite\/terrorisme\/tunisie-prisonniers-terrorisme-greve-faim\/180039\/"},"wordCount":322,"commentCount":0,"publisher":{"@id":"https:\/\/www.webdo.tn\/fr\/#organization"},"image":{"@id":"https:\/\/www.webdo.tn\/fr\/actualite\/terrorisme\/tunisie-prisonniers-terrorisme-greve-faim\/180039\/#primaryimage"},"thumbnailUrl":"https:\/\/www.webdo.tn\/fr\/wp-content\/uploads\/2014\/12\/webdo_default-64.jpg","articleSection":["Terrorisme"],"inLanguage":"fr-FR"},{"@type":"WebPage","@id":"https:\/\/www.webdo.tn\/fr\/actualite\/terrorisme\/tunisie-prisonniers-terrorisme-greve-faim\/180039\/","url":"https:\/\/www.webdo.tn\/fr\/actualite\/terrorisme\/tunisie-prisonniers-terrorisme-greve-faim\/180039\/","name":"Tunisie : Des prisonniers accus\u00e9s de terrorisme entament une gr\u00e8ve de la faim","isPartOf":{"@id":"https:\/\/www.webdo.tn\/fr\/#website"},"primaryImageOfPage":{"@id":"https:\/\/www.webdo.tn\/fr\/actualite\/terrorisme\/tunisie-prisonniers-terrorisme-greve-faim\/180039\/#primaryimage"},"image":{"@id":"https:\/\/www.webdo.tn\/fr\/actualite\/terrorisme\/tunisie-prisonniers-terrorisme-greve-faim\/180039\/#primaryimage"},"thumbnailUrl":"https:\/\/www.webdo.tn\/fr\/wp-content\/uploads\/2014\/12\/webdo_default-64.jpg","datePublished":"2014-12-17T18:50:00+00:00","dateModified":"2025-05-22T13:01:15+00:00","description":"Tunisie : Des prisonniers accus\u00e9s de terrorisme entament une gr\u00e8ve de la faim","breadcrumb":{"@id":"https:\/\/www.webdo.tn\/fr\/actualite\/terrorisme\/tunisie-prisonniers-terrorisme-greve-faim\/180039\/#breadcrumb"},"inLanguage":"fr-FR","potentialAction":[{"@type":"ReadAction","target":["https:\/\/www.webdo.tn\/fr\/actualite\/terrorisme\/tunisie-prisonniers-terrorisme-greve-faim\/180039\/"]}]},{"@type":"ImageObject","inLanguage":"fr-FR","@id":"https:\/\/www.webdo.tn\/fr\/actualite\/terrorisme\/tunisie-prisonniers-terrorisme-greve-faim\/180039\/#primaryimage","url":"https:\/\/www.webdo.tn\/fr\/wp-content\/uploads\/2014\/12\/webdo_default-64.jpg","contentUrl":"https:\/\/www.webdo.tn\/fr\/wp-content\/uploads\/2014\/12\/webdo_default-64.jpg","width":800,"height":500,"caption":"Tunisie : Des prisonniers accus\u00e9s de terrorisme entament une gr\u00e8ve de la faim"},{"@type":"BreadcrumbList","@id":"https:\/\/www.webdo.tn\/fr\/actualite\/terrorisme\/tunisie-prisonniers-terrorisme-greve-faim\/180039\/#breadcrumb","itemListElement":[{"@type":"ListItem","position":1,"name":"Accueil","item":"https:\/\/www.webdo.tn\/fr\/"},{"@type":"ListItem","position":2,"name":"Tunisie : Des prisonniers accus\u00e9s de terrorisme entament une gr\u00e8ve de la faim"}]},{"@type":"WebSite","@id":"https:\/\/www.webdo.tn\/fr\/#website","url":"https:\/\/www.webdo.tn\/fr\/","name":"webdo","description":"Tunisie - News en Tunisie et \u00e0 l&#039;international sur Webdo.tn","publisher":{"@id":"https:\/\/www.webdo.tn\/fr\/#organization"},"potentialAction":[{"@type":"SearchAction","target":{"@type":"EntryPoint","urlTemplate":"https:\/\/www.webdo.tn\/fr\/?s={search_term_string}"},"query-input":{"@type":"PropertyValueSpecification","valueRequired":true,"valueName":"search_term_string"}}],"inLanguage":"fr-FR"},{"@type":"Organization","@id":"https:\/\/www.webdo.tn\/fr\/#organization","name":"Webdo","alternateName":"Webdo.tn","url":"https:\/\/www.webdo.tn\/fr\/","logo":{"@type":"ImageObject","inLanguage":"fr-FR","@id":"https:\/\/www.webdo.tn\/fr\/#\/schema\/logo\/image\/","url":"https:\/\/www.webdo.tn\/fr\/wp-content\/uploads\/2025\/06\/Webdo-Tunisie_168377.jpg","contentUrl":"https:\/\/www.webdo.tn\/fr\/wp-content\/uploads\/2025\/06\/Webdo-Tunisie_168377.jpg","width":301,"height":301,"caption":"Webdo"},"image":{"@id":"https:\/\/www.webdo.tn\/fr\/#\/schema\/logo\/image\/"},"sameAs":["https:\/\/www.facebook.com\/webdotn","https:\/\/x.com\/webdo_tn"],"description":"Webdo est un m\u00e9dia num\u00e9rique tunisien fond\u00e9 en 2010, sp\u00e9cialis\u00e9 dans l\u2019actualit\u00e9 nationale et internationale, l\u2019\u00e9conomie, la soci\u00e9t\u00e9 et les analyses politiques. Le site s\u2019adresse \u00e0 un large public francophone et couvre l\u2019information tunisienne en temps r\u00e9el.","email":"redac@webdo.tn","legalName":"YNJ SARL","foundingDate":"2010-09-06","numberOfEmployees":{"@type":"QuantitativeValue","minValue":"11","maxValue":"50"}},{"@type":"Person","@id":"https:\/\/www.webdo.tn\/fr\/#\/schema\/person\/9a9c6118d687c117df8ef3cc36a4d175","name":"webdo.tn","image":{"@type":"ImageObject","inLanguage":"fr-FR","@id":"https:\/\/secure.gravatar.com\/avatar\/7ce1f28c0c3bbac99ff550b85ef8e44a6950c6ee24514fb6a5489e51d06f0298?s=96&d=mm&r=g","url":"https:\/\/secure.gravatar.com\/avatar\/7ce1f28c0c3bbac99ff550b85ef8e44a6950c6ee24514fb6a5489e51d06f0298?s=96&d=mm&r=g","contentUrl":"https:\/\/secure.gravatar.com\/avatar\/7ce1f28c0c3bbac99ff550b85ef8e44a6950c6ee24514fb6a5489e51d06f0298?s=96&d=mm&r=g","caption":"webdo.tn"},"url":"https:\/\/www.webdo.tn\/fr\/actualite\/author\/webdotn\/"}]}},"_links":{"self":[{"href":"https:\/\/www.webdo.tn\/fr\/wp-json\/wp\/v2\/posts\/180039","targetHints":{"allow":["GET"]}}],"collection":[{"href":"https:\/\/www.webdo.tn\/fr\/wp-json\/wp\/v2\/posts"}],"about":[{"href":"https:\/\/www.webdo.tn\/fr\/wp-json\/wp\/v2\/types\/post"}],"author":[{"embeddable":true,"href":"https:\/\/www.webdo.tn\/fr\/wp-json\/wp\/v2\/users\/3222"}],"replies":[{"embeddable":true,"href":"https:\/\/www.webdo.tn\/fr\/wp-json\/wp\/v2\/comments?post=180039"}],"version-history":[{"count":0,"href":"https:\/\/www.webdo.tn\/fr\/wp-json\/wp\/v2\/posts\/180039\/revisions"}],"wp:featuredmedia":[{"embeddable":true,"href":"https:\/\/www.webdo.tn\/fr\/wp-json\/wp\/v2\/media\/330982"}],"wp:attachment":[{"href":"https:\/\/www.webdo.tn\/fr\/wp-json\/wp\/v2\/media?parent=180039"}],"wp:term":[{"taxonomy":"category","embeddable":true,"href":"https:\/\/www.webdo.tn\/fr\/wp-json\/wp\/v2\/categories?post=180039"},{"taxonomy":"post_tag","embeddable":true,"href":"https:\/\/www.webdo.tn\/fr\/wp-json\/wp\/v2\/tags?post=180039"}],"curies":[{"name":"wp","href":"https:\/\/api.w.org\/{rel}","templated":true}]}}