{"id":180037,"date":"2015-02-18T04:50:00","date_gmt":"2015-02-18T04:50:00","guid":{"rendered":"https:\/\/www.webdo.tn\/fr\/blog\/attaque-terroriste-a-boulaaba-quatre-membres-de-la-garde-nationale-tues\/180037\/"},"modified":"2025-05-22T12:59:29","modified_gmt":"2025-05-22T12:59:29","slug":"attaque-terroriste-a-boulaaba-quatre-membres-de-la-garde-nationale-tues","status":"publish","type":"post","link":"https:\/\/www.webdo.tn\/fr\/actualite\/terrorisme\/attaque-terroriste-a-boulaaba-quatre-membres-de-la-garde-nationale-tues\/180037\/","title":{"rendered":"Attaque terroriste \u00e0 Boulaaba : Quatre membres de la Garde nationale tu\u00e9s"},"content":{"rendered":"<p>Kasserine | Quatre membres de la garde nationale ont \u00e9t\u00e9 tu\u00e9s par balles lors d&rsquo;une attaque terroriste survenue \u00e0 Boulaaba dans le gouvernorat de Kasserine vers 1h du matin ce mercredi 18 f\u00e9vrier nous a inform\u00e9 notre correspondant. Il s&rsquo;agit de Abdelwaheb Nsir, Haythem Chaouari, Mehdi Laabidi et Omar Zliti.<\/p>\n<p>L&rsquo;information a \u00e9t\u00e9 confirm\u00e9e plus tard par le minist\u00e8re de l&rsquo;int\u00e9rieur dans un communiqu\u00e9. Plus de d\u00e9tails sur cette attaque seront divulgu\u00e9s dans la journ\u00e9e, annonce le minist\u00e8re.<\/p>\n<p>Boulaaba est situ\u00e9 pr\u00e8s du Jebel\u00a0Chaambi, \u00e0 la fronti\u00e8re alg\u00e9rienne o\u00f9 est retranch\u00e9e l&rsquo;organisation terroriste Oqba Ibn Nafaa [1], qui serait une branche d&rsquo;Al Qaida.<\/p>\n<p>Ifrikya4, l\u2019une des officines de communication du groupe terroriste sur twitter avait annonc\u00e9 une \u00ab\u00a0nouvelle heureuse de la contr\u00e9e Ifrikiya\u00ab\u00a0.<\/p>\n<p>Apr\u00e8s le drame, le compte a publi\u00e9 un message o\u00f9 il parlait de vengeance apr\u00e8s l&rsquo;attaque d&rsquo;une \u00ab\u00a0patrouille\u00a0\u00bb.<\/p>\n<p>\u00a0<br \/>\n\u00ab\u00a0Vous avez tu\u00e9 nos femmes, vous les avez attaqu\u00e9es, nous allons tuer vos femmes et vos \u00e9pouses et nous allons r\u00e9pondre en double. Vous rendez nos enfants orphelins, nous allons faire pareil avec vos enfants\u2026 Nous allons faire ce que Kamel Gadhgadhi a fait \u00e0 Kasserine et vous avez vu ce qu\u2019il a fait dans la vid\u00e9o saisie\u00a0\u00bb.<br \/>\n\u00a0Le minist\u00e8re de l&rsquo;Int\u00e9rieur aurait \u00e9t\u00e9 pr\u00e9venu<br \/>\nSuite \u00e0 ce drame, vers 3 heures du matin, le syndicaliste s\u00e9curitaire Walid Zarrouk a affirm\u00e9 sur sa page facebook que \u00ab\u00a0les services sp\u00e9ciaux du minist\u00e8re de l&rsquo;Int\u00e9rieur ont \u00e9t\u00e9 pr\u00e9venus depuis un certain moment de l&rsquo;existence d&rsquo;un groupe terroriste cach\u00e9 dans une usine de brique \u00e0 Boulaaba.<\/p>\n<p>[quote_box_center]<br \/>\n\u00ab\u00a0Combien de fois ont-ils \u00e9t\u00e9 pr\u00e9venus &#8230; qu&rsquo;ils \u00e9taient fournis de l\u00e0-bas, qu&rsquo;ils se dirigeaient vers le cimeti\u00e8re et revenaient apr\u00e8s \u00e0 la montagne mais h\u00e9las&#8230; Personne n&rsquo;est l\u00e0. Le commandant de la garde nationale Mounir Kssikssi doit\u00a0\u00e9t\u00e9 chang\u00e9. Il faut aussi r\u00e9viser les nominations \u00e0 l&rsquo;int\u00e9rieur du minist\u00e8re de l&rsquo;Int\u00e9rieur, l&rsquo;ouverture des enqu\u00eates, les jugements.\u00a0\u00bb<br \/>\n[\/quote_box_center]<\/p>\n<p>\u00a0<\/p>\n<p>Cette \u00e9ni\u00e8me attaque dans la r\u00e9gion de Kasserine, depuis la r\u00e9volution en Tunisie, survient suite \u00e0 plusieurs autres op\u00e9rations terroristes mises en \u00e9chec, d&rsquo;apr\u00e8s les autorit\u00e9s tunisiennes.<\/p>\n<p>\u00ab\u00a0500 djihadistes tunisiens de l'\u00a0\u00bbEtat islamique\u00a0\u00bb (Daech) sont revenus en Tunisie\u00a0\u00bb et\u00a010.000 Tunisiens ont \u00e9t\u00e9 emp\u00each\u00e9s de quitter le territoire\u00a0pour aller en Syrie et en Irak, affirme Rafik Chelly, secr\u00e9taire d\u2019Etat aupr\u00e8s du minist\u00e8re de l\u2019Int\u00e9rieur charg\u00e9 de la s\u00fbret\u00e9 nationale.<\/p>\n<p>[1] Katiba [bataillon] \u00a0Oqba Ibn Nafaa est un \u00ab\u00a0bataillon qui cherche a \u00eatre affili\u00e9 \u00e0 l\u2019organisation terroriste Al-Qaida, mais rien ne prouve encore qu\u2019elle a adopt\u00e9 les membres se trouvant dans le massif montagneux \u00bb. D\u00e9claration de Lotfi Ben Jeddou le\u00a0 4 ao\u00fbt\u00a02013.<br \/>\nLa moiti\u00e9 du groupe qui est \u00e0 Chambi est compos\u00e9e d\u2019Alg\u00e9riens qui ont rejoint des Tunisiens d\u00e9j\u00e0 recherch\u00e9s et affili\u00e9s \u00e0 Katiba Oqba Ibn Nafaa.<\/p>\n","protected":false},"excerpt":{"rendered":"<p>Attaque terroriste \u00e0 Boulaaba : Quatre membres de la Garde nationale tu\u00e9s<\/p>\n","protected":false},"author":3222,"featured_media":319036,"comment_status":"open","ping_status":"closed","sticky":false,"template":"","format":"standard","meta":{"footnotes":""},"categories":[11342],"tags":[],"class_list":["post-180037","post","type-post","status-publish","format-standard","has-post-thumbnail","hentry","category-terrorisme"],"yoast_head":"<!-- This site is optimized with the Yoast SEO Premium plugin v27.4 (Yoast SEO v27.5) - https:\/\/yoast.com\/product\/yoast-seo-premium-wordpress\/ -->\n<title>Attaque terroriste \u00e0 Boulaaba : Quatre membres de la Garde nationale tu\u00e9s<\/title>\n<meta name=\"description\" content=\"Attaque terroriste \u00e0 Boulaaba : Quatre membres de la Garde nationale tu\u00e9s\" \/>\n<link rel=\"canonical\" href=\"https:\/\/www.webdo.tn\/fr\/actualite\/terrorisme\/attaque-terroriste-a-boulaaba-quatre-membres-de-la-garde-nationale-tues\/180037\/\" \/>\n<meta property=\"og:locale\" content=\"fr_FR\" \/>\n<meta property=\"og:type\" content=\"article\" \/>\n<meta property=\"og:title\" content=\"Attaque terroriste \u00e0 Boulaaba : Quatre membres de la Garde nationale tu\u00e9s\" \/>\n<meta property=\"og:description\" content=\"Attaque terroriste \u00e0 Boulaaba : Quatre membres de la Garde nationale tu\u00e9s\" \/>\n<meta property=\"og:url\" content=\"https:\/\/www.webdo.tn\/fr\/actualite\/terrorisme\/attaque-terroriste-a-boulaaba-quatre-membres-de-la-garde-nationale-tues\/180037\/\" \/>\n<meta property=\"og:site_name\" content=\"webdo\" \/>\n<meta property=\"article:publisher\" content=\"https:\/\/www.facebook.com\/webdotn\" \/>\n<meta property=\"article:published_time\" content=\"2015-02-18T04:50:00+00:00\" \/>\n<meta property=\"article:modified_time\" content=\"2025-05-22T12:59:29+00:00\" \/>\n<meta property=\"og:image\" content=\"https:\/\/www.webdo.tn\/fr\/wp-content\/uploads\/2015\/02\/Sidi-Boulaaba.png\" \/>\n\t<meta property=\"og:image:width\" content=\"514\" \/>\n\t<meta property=\"og:image:height\" content=\"347\" \/>\n\t<meta property=\"og:image:type\" content=\"image\/png\" \/>\n<meta name=\"author\" content=\"webdo.tn\" \/>\n<meta name=\"twitter:card\" content=\"summary_large_image\" \/>\n<meta name=\"twitter:creator\" content=\"@webdo_tn\" \/>\n<meta name=\"twitter:site\" content=\"@webdo_tn\" \/>\n<meta name=\"twitter:label1\" content=\"\u00c9crit par\" \/>\n\t<meta name=\"twitter:data1\" content=\"webdo.tn\" \/>\n\t<meta name=\"twitter:label2\" content=\"Dur\u00e9e de lecture estim\u00e9e\" \/>\n\t<meta name=\"twitter:data2\" content=\"3 minutes\" \/>\n<script type=\"application\/ld+json\" class=\"yoast-schema-graph\">{\"@context\":\"https:\\\/\\\/schema.org\",\"@graph\":[{\"@type\":\"NewsArticle\",\"@id\":\"https:\\\/\\\/www.webdo.tn\\\/fr\\\/actualite\\\/terrorisme\\\/attaque-terroriste-a-boulaaba-quatre-membres-de-la-garde-nationale-tues\\\/180037\\\/#article\",\"isPartOf\":{\"@id\":\"https:\\\/\\\/www.webdo.tn\\\/fr\\\/actualite\\\/terrorisme\\\/attaque-terroriste-a-boulaaba-quatre-membres-de-la-garde-nationale-tues\\\/180037\\\/\"},\"author\":{\"name\":\"webdo.tn\",\"@id\":\"https:\\\/\\\/www.webdo.tn\\\/fr\\\/#\\\/schema\\\/person\\\/9a9c6118d687c117df8ef3cc36a4d175\"},\"headline\":\"Attaque terroriste \u00e0 Boulaaba : Quatre membres de la Garde nationale tu\u00e9s\",\"datePublished\":\"2015-02-18T04:50:00+00:00\",\"dateModified\":\"2025-05-22T12:59:29+00:00\",\"mainEntityOfPage\":{\"@id\":\"https:\\\/\\\/www.webdo.tn\\\/fr\\\/actualite\\\/terrorisme\\\/attaque-terroriste-a-boulaaba-quatre-membres-de-la-garde-nationale-tues\\\/180037\\\/\"},\"wordCount\":530,\"commentCount\":0,\"publisher\":{\"@id\":\"https:\\\/\\\/www.webdo.tn\\\/fr\\\/#organization\"},\"image\":{\"@id\":\"https:\\\/\\\/www.webdo.tn\\\/fr\\\/actualite\\\/terrorisme\\\/attaque-terroriste-a-boulaaba-quatre-membres-de-la-garde-nationale-tues\\\/180037\\\/#primaryimage\"},\"thumbnailUrl\":\"https:\\\/\\\/www.webdo.tn\\\/fr\\\/wp-content\\\/uploads\\\/2015\\\/02\\\/Sidi-Boulaaba.png\",\"articleSection\":[\"Terrorisme\"],\"inLanguage\":\"fr-FR\"},{\"@type\":\"WebPage\",\"@id\":\"https:\\\/\\\/www.webdo.tn\\\/fr\\\/actualite\\\/terrorisme\\\/attaque-terroriste-a-boulaaba-quatre-membres-de-la-garde-nationale-tues\\\/180037\\\/\",\"url\":\"https:\\\/\\\/www.webdo.tn\\\/fr\\\/actualite\\\/terrorisme\\\/attaque-terroriste-a-boulaaba-quatre-membres-de-la-garde-nationale-tues\\\/180037\\\/\",\"name\":\"Attaque terroriste \u00e0 Boulaaba : Quatre membres de la Garde nationale tu\u00e9s\",\"isPartOf\":{\"@id\":\"https:\\\/\\\/www.webdo.tn\\\/fr\\\/#website\"},\"primaryImageOfPage\":{\"@id\":\"https:\\\/\\\/www.webdo.tn\\\/fr\\\/actualite\\\/terrorisme\\\/attaque-terroriste-a-boulaaba-quatre-membres-de-la-garde-nationale-tues\\\/180037\\\/#primaryimage\"},\"image\":{\"@id\":\"https:\\\/\\\/www.webdo.tn\\\/fr\\\/actualite\\\/terrorisme\\\/attaque-terroriste-a-boulaaba-quatre-membres-de-la-garde-nationale-tues\\\/180037\\\/#primaryimage\"},\"thumbnailUrl\":\"https:\\\/\\\/www.webdo.tn\\\/fr\\\/wp-content\\\/uploads\\\/2015\\\/02\\\/Sidi-Boulaaba.png\",\"datePublished\":\"2015-02-18T04:50:00+00:00\",\"dateModified\":\"2025-05-22T12:59:29+00:00\",\"description\":\"Attaque terroriste \u00e0 Boulaaba : Quatre membres de la Garde nationale tu\u00e9s\",\"breadcrumb\":{\"@id\":\"https:\\\/\\\/www.webdo.tn\\\/fr\\\/actualite\\\/terrorisme\\\/attaque-terroriste-a-boulaaba-quatre-membres-de-la-garde-nationale-tues\\\/180037\\\/#breadcrumb\"},\"inLanguage\":\"fr-FR\",\"potentialAction\":[{\"@type\":\"ReadAction\",\"target\":[\"https:\\\/\\\/www.webdo.tn\\\/fr\\\/actualite\\\/terrorisme\\\/attaque-terroriste-a-boulaaba-quatre-membres-de-la-garde-nationale-tues\\\/180037\\\/\"]}]},{\"@type\":\"ImageObject\",\"inLanguage\":\"fr-FR\",\"@id\":\"https:\\\/\\\/www.webdo.tn\\\/fr\\\/actualite\\\/terrorisme\\\/attaque-terroriste-a-boulaaba-quatre-membres-de-la-garde-nationale-tues\\\/180037\\\/#primaryimage\",\"url\":\"https:\\\/\\\/www.webdo.tn\\\/fr\\\/wp-content\\\/uploads\\\/2015\\\/02\\\/Sidi-Boulaaba.png\",\"contentUrl\":\"https:\\\/\\\/www.webdo.tn\\\/fr\\\/wp-content\\\/uploads\\\/2015\\\/02\\\/Sidi-Boulaaba.png\",\"width\":514,\"height\":347,\"caption\":\"Attaque terroriste \u00e0 Boulaaba : Quatre membres de la Garde nationale tu\u00e9s\"},{\"@type\":\"BreadcrumbList\",\"@id\":\"https:\\\/\\\/www.webdo.tn\\\/fr\\\/actualite\\\/terrorisme\\\/attaque-terroriste-a-boulaaba-quatre-membres-de-la-garde-nationale-tues\\\/180037\\\/#breadcrumb\",\"itemListElement\":[{\"@type\":\"ListItem\",\"position\":1,\"name\":\"Accueil\",\"item\":\"https:\\\/\\\/www.webdo.tn\\\/fr\\\/\"},{\"@type\":\"ListItem\",\"position\":2,\"name\":\"Attaque terroriste \u00e0 Boulaaba : Quatre membres de la Garde nationale tu\u00e9s\"}]},{\"@type\":\"WebSite\",\"@id\":\"https:\\\/\\\/www.webdo.tn\\\/fr\\\/#website\",\"url\":\"https:\\\/\\\/www.webdo.tn\\\/fr\\\/\",\"name\":\"webdo\",\"description\":\"Tunisie - News en Tunisie et \u00e0 l&#039;international sur Webdo.tn\",\"publisher\":{\"@id\":\"https:\\\/\\\/www.webdo.tn\\\/fr\\\/#organization\"},\"potentialAction\":[{\"@type\":\"SearchAction\",\"target\":{\"@type\":\"EntryPoint\",\"urlTemplate\":\"https:\\\/\\\/www.webdo.tn\\\/fr\\\/?s={search_term_string}\"},\"query-input\":{\"@type\":\"PropertyValueSpecification\",\"valueRequired\":true,\"valueName\":\"search_term_string\"}}],\"inLanguage\":\"fr-FR\"},{\"@type\":\"Organization\",\"@id\":\"https:\\\/\\\/www.webdo.tn\\\/fr\\\/#organization\",\"name\":\"Webdo\",\"alternateName\":\"Webdo.tn\",\"url\":\"https:\\\/\\\/www.webdo.tn\\\/fr\\\/\",\"logo\":{\"@type\":\"ImageObject\",\"inLanguage\":\"fr-FR\",\"@id\":\"https:\\\/\\\/www.webdo.tn\\\/fr\\\/#\\\/schema\\\/logo\\\/image\\\/\",\"url\":\"https:\\\/\\\/www.webdo.tn\\\/fr\\\/wp-content\\\/uploads\\\/2025\\\/06\\\/Webdo-Tunisie_168377.jpg\",\"contentUrl\":\"https:\\\/\\\/www.webdo.tn\\\/fr\\\/wp-content\\\/uploads\\\/2025\\\/06\\\/Webdo-Tunisie_168377.jpg\",\"width\":301,\"height\":301,\"caption\":\"Webdo\"},\"image\":{\"@id\":\"https:\\\/\\\/www.webdo.tn\\\/fr\\\/#\\\/schema\\\/logo\\\/image\\\/\"},\"sameAs\":[\"https:\\\/\\\/www.facebook.com\\\/webdotn\",\"https:\\\/\\\/x.com\\\/webdo_tn\"],\"description\":\"Webdo est un m\u00e9dia num\u00e9rique tunisien fond\u00e9 en 2010, sp\u00e9cialis\u00e9 dans l\u2019actualit\u00e9 nationale et internationale, l\u2019\u00e9conomie, la soci\u00e9t\u00e9 et les analyses politiques. Le site s\u2019adresse \u00e0 un large public francophone et couvre l\u2019information tunisienne en temps r\u00e9el.\",\"email\":\"redac@webdo.tn\",\"legalName\":\"YNJ SARL\",\"foundingDate\":\"2010-09-06\",\"numberOfEmployees\":{\"@type\":\"QuantitativeValue\",\"minValue\":\"11\",\"maxValue\":\"50\"}},{\"@type\":\"Person\",\"@id\":\"https:\\\/\\\/www.webdo.tn\\\/fr\\\/#\\\/schema\\\/person\\\/9a9c6118d687c117df8ef3cc36a4d175\",\"name\":\"webdo.tn\",\"image\":{\"@type\":\"ImageObject\",\"inLanguage\":\"fr-FR\",\"@id\":\"https:\\\/\\\/secure.gravatar.com\\\/avatar\\\/7ce1f28c0c3bbac99ff550b85ef8e44a6950c6ee24514fb6a5489e51d06f0298?s=96&d=mm&r=g\",\"url\":\"https:\\\/\\\/secure.gravatar.com\\\/avatar\\\/7ce1f28c0c3bbac99ff550b85ef8e44a6950c6ee24514fb6a5489e51d06f0298?s=96&d=mm&r=g\",\"contentUrl\":\"https:\\\/\\\/secure.gravatar.com\\\/avatar\\\/7ce1f28c0c3bbac99ff550b85ef8e44a6950c6ee24514fb6a5489e51d06f0298?s=96&d=mm&r=g\",\"caption\":\"webdo.tn\"},\"url\":\"https:\\\/\\\/www.webdo.tn\\\/fr\\\/actualite\\\/author\\\/webdotn\\\/\"}]}<\/script>\n<!-- \/ Yoast SEO Premium plugin. -->","yoast_head_json":{"title":"Attaque terroriste \u00e0 Boulaaba : Quatre membres de la Garde nationale tu\u00e9s","description":"Attaque terroriste \u00e0 Boulaaba : Quatre membres de la Garde nationale tu\u00e9s","canonical":"https:\/\/www.webdo.tn\/fr\/actualite\/terrorisme\/attaque-terroriste-a-boulaaba-quatre-membres-de-la-garde-nationale-tues\/180037\/","og_locale":"fr_FR","og_type":"article","og_title":"Attaque terroriste \u00e0 Boulaaba : Quatre membres de la Garde nationale tu\u00e9s","og_description":"Attaque terroriste \u00e0 Boulaaba : Quatre membres de la Garde nationale tu\u00e9s","og_url":"https:\/\/www.webdo.tn\/fr\/actualite\/terrorisme\/attaque-terroriste-a-boulaaba-quatre-membres-de-la-garde-nationale-tues\/180037\/","og_site_name":"webdo","article_publisher":"https:\/\/www.facebook.com\/webdotn","article_published_time":"2015-02-18T04:50:00+00:00","article_modified_time":"2025-05-22T12:59:29+00:00","og_image":[{"width":514,"height":347,"url":"https:\/\/www.webdo.tn\/fr\/wp-content\/uploads\/2015\/02\/Sidi-Boulaaba.png","type":"image\/png"}],"author":"webdo.tn","twitter_card":"summary_large_image","twitter_creator":"@webdo_tn","twitter_site":"@webdo_tn","twitter_misc":{"\u00c9crit par":"webdo.tn","Dur\u00e9e de lecture estim\u00e9e":"3 minutes"},"schema":{"@context":"https:\/\/schema.org","@graph":[{"@type":"NewsArticle","@id":"https:\/\/www.webdo.tn\/fr\/actualite\/terrorisme\/attaque-terroriste-a-boulaaba-quatre-membres-de-la-garde-nationale-tues\/180037\/#article","isPartOf":{"@id":"https:\/\/www.webdo.tn\/fr\/actualite\/terrorisme\/attaque-terroriste-a-boulaaba-quatre-membres-de-la-garde-nationale-tues\/180037\/"},"author":{"name":"webdo.tn","@id":"https:\/\/www.webdo.tn\/fr\/#\/schema\/person\/9a9c6118d687c117df8ef3cc36a4d175"},"headline":"Attaque terroriste \u00e0 Boulaaba : Quatre membres de la Garde nationale tu\u00e9s","datePublished":"2015-02-18T04:50:00+00:00","dateModified":"2025-05-22T12:59:29+00:00","mainEntityOfPage":{"@id":"https:\/\/www.webdo.tn\/fr\/actualite\/terrorisme\/attaque-terroriste-a-boulaaba-quatre-membres-de-la-garde-nationale-tues\/180037\/"},"wordCount":530,"commentCount":0,"publisher":{"@id":"https:\/\/www.webdo.tn\/fr\/#organization"},"image":{"@id":"https:\/\/www.webdo.tn\/fr\/actualite\/terrorisme\/attaque-terroriste-a-boulaaba-quatre-membres-de-la-garde-nationale-tues\/180037\/#primaryimage"},"thumbnailUrl":"https:\/\/www.webdo.tn\/fr\/wp-content\/uploads\/2015\/02\/Sidi-Boulaaba.png","articleSection":["Terrorisme"],"inLanguage":"fr-FR"},{"@type":"WebPage","@id":"https:\/\/www.webdo.tn\/fr\/actualite\/terrorisme\/attaque-terroriste-a-boulaaba-quatre-membres-de-la-garde-nationale-tues\/180037\/","url":"https:\/\/www.webdo.tn\/fr\/actualite\/terrorisme\/attaque-terroriste-a-boulaaba-quatre-membres-de-la-garde-nationale-tues\/180037\/","name":"Attaque terroriste \u00e0 Boulaaba : Quatre membres de la Garde nationale tu\u00e9s","isPartOf":{"@id":"https:\/\/www.webdo.tn\/fr\/#website"},"primaryImageOfPage":{"@id":"https:\/\/www.webdo.tn\/fr\/actualite\/terrorisme\/attaque-terroriste-a-boulaaba-quatre-membres-de-la-garde-nationale-tues\/180037\/#primaryimage"},"image":{"@id":"https:\/\/www.webdo.tn\/fr\/actualite\/terrorisme\/attaque-terroriste-a-boulaaba-quatre-membres-de-la-garde-nationale-tues\/180037\/#primaryimage"},"thumbnailUrl":"https:\/\/www.webdo.tn\/fr\/wp-content\/uploads\/2015\/02\/Sidi-Boulaaba.png","datePublished":"2015-02-18T04:50:00+00:00","dateModified":"2025-05-22T12:59:29+00:00","description":"Attaque terroriste \u00e0 Boulaaba : Quatre membres de la Garde nationale tu\u00e9s","breadcrumb":{"@id":"https:\/\/www.webdo.tn\/fr\/actualite\/terrorisme\/attaque-terroriste-a-boulaaba-quatre-membres-de-la-garde-nationale-tues\/180037\/#breadcrumb"},"inLanguage":"fr-FR","potentialAction":[{"@type":"ReadAction","target":["https:\/\/www.webdo.tn\/fr\/actualite\/terrorisme\/attaque-terroriste-a-boulaaba-quatre-membres-de-la-garde-nationale-tues\/180037\/"]}]},{"@type":"ImageObject","inLanguage":"fr-FR","@id":"https:\/\/www.webdo.tn\/fr\/actualite\/terrorisme\/attaque-terroriste-a-boulaaba-quatre-membres-de-la-garde-nationale-tues\/180037\/#primaryimage","url":"https:\/\/www.webdo.tn\/fr\/wp-content\/uploads\/2015\/02\/Sidi-Boulaaba.png","contentUrl":"https:\/\/www.webdo.tn\/fr\/wp-content\/uploads\/2015\/02\/Sidi-Boulaaba.png","width":514,"height":347,"caption":"Attaque terroriste \u00e0 Boulaaba : Quatre membres de la Garde nationale tu\u00e9s"},{"@type":"BreadcrumbList","@id":"https:\/\/www.webdo.tn\/fr\/actualite\/terrorisme\/attaque-terroriste-a-boulaaba-quatre-membres-de-la-garde-nationale-tues\/180037\/#breadcrumb","itemListElement":[{"@type":"ListItem","position":1,"name":"Accueil","item":"https:\/\/www.webdo.tn\/fr\/"},{"@type":"ListItem","position":2,"name":"Attaque terroriste \u00e0 Boulaaba : Quatre membres de la Garde nationale tu\u00e9s"}]},{"@type":"WebSite","@id":"https:\/\/www.webdo.tn\/fr\/#website","url":"https:\/\/www.webdo.tn\/fr\/","name":"webdo","description":"Tunisie - News en Tunisie et \u00e0 l&#039;international sur Webdo.tn","publisher":{"@id":"https:\/\/www.webdo.tn\/fr\/#organization"},"potentialAction":[{"@type":"SearchAction","target":{"@type":"EntryPoint","urlTemplate":"https:\/\/www.webdo.tn\/fr\/?s={search_term_string}"},"query-input":{"@type":"PropertyValueSpecification","valueRequired":true,"valueName":"search_term_string"}}],"inLanguage":"fr-FR"},{"@type":"Organization","@id":"https:\/\/www.webdo.tn\/fr\/#organization","name":"Webdo","alternateName":"Webdo.tn","url":"https:\/\/www.webdo.tn\/fr\/","logo":{"@type":"ImageObject","inLanguage":"fr-FR","@id":"https:\/\/www.webdo.tn\/fr\/#\/schema\/logo\/image\/","url":"https:\/\/www.webdo.tn\/fr\/wp-content\/uploads\/2025\/06\/Webdo-Tunisie_168377.jpg","contentUrl":"https:\/\/www.webdo.tn\/fr\/wp-content\/uploads\/2025\/06\/Webdo-Tunisie_168377.jpg","width":301,"height":301,"caption":"Webdo"},"image":{"@id":"https:\/\/www.webdo.tn\/fr\/#\/schema\/logo\/image\/"},"sameAs":["https:\/\/www.facebook.com\/webdotn","https:\/\/x.com\/webdo_tn"],"description":"Webdo est un m\u00e9dia num\u00e9rique tunisien fond\u00e9 en 2010, sp\u00e9cialis\u00e9 dans l\u2019actualit\u00e9 nationale et internationale, l\u2019\u00e9conomie, la soci\u00e9t\u00e9 et les analyses politiques. Le site s\u2019adresse \u00e0 un large public francophone et couvre l\u2019information tunisienne en temps r\u00e9el.","email":"redac@webdo.tn","legalName":"YNJ SARL","foundingDate":"2010-09-06","numberOfEmployees":{"@type":"QuantitativeValue","minValue":"11","maxValue":"50"}},{"@type":"Person","@id":"https:\/\/www.webdo.tn\/fr\/#\/schema\/person\/9a9c6118d687c117df8ef3cc36a4d175","name":"webdo.tn","image":{"@type":"ImageObject","inLanguage":"fr-FR","@id":"https:\/\/secure.gravatar.com\/avatar\/7ce1f28c0c3bbac99ff550b85ef8e44a6950c6ee24514fb6a5489e51d06f0298?s=96&d=mm&r=g","url":"https:\/\/secure.gravatar.com\/avatar\/7ce1f28c0c3bbac99ff550b85ef8e44a6950c6ee24514fb6a5489e51d06f0298?s=96&d=mm&r=g","contentUrl":"https:\/\/secure.gravatar.com\/avatar\/7ce1f28c0c3bbac99ff550b85ef8e44a6950c6ee24514fb6a5489e51d06f0298?s=96&d=mm&r=g","caption":"webdo.tn"},"url":"https:\/\/www.webdo.tn\/fr\/actualite\/author\/webdotn\/"}]}},"_links":{"self":[{"href":"https:\/\/www.webdo.tn\/fr\/wp-json\/wp\/v2\/posts\/180037","targetHints":{"allow":["GET"]}}],"collection":[{"href":"https:\/\/www.webdo.tn\/fr\/wp-json\/wp\/v2\/posts"}],"about":[{"href":"https:\/\/www.webdo.tn\/fr\/wp-json\/wp\/v2\/types\/post"}],"author":[{"embeddable":true,"href":"https:\/\/www.webdo.tn\/fr\/wp-json\/wp\/v2\/users\/3222"}],"replies":[{"embeddable":true,"href":"https:\/\/www.webdo.tn\/fr\/wp-json\/wp\/v2\/comments?post=180037"}],"version-history":[{"count":0,"href":"https:\/\/www.webdo.tn\/fr\/wp-json\/wp\/v2\/posts\/180037\/revisions"}],"wp:featuredmedia":[{"embeddable":true,"href":"https:\/\/www.webdo.tn\/fr\/wp-json\/wp\/v2\/media\/319036"}],"wp:attachment":[{"href":"https:\/\/www.webdo.tn\/fr\/wp-json\/wp\/v2\/media?parent=180037"}],"wp:term":[{"taxonomy":"category","embeddable":true,"href":"https:\/\/www.webdo.tn\/fr\/wp-json\/wp\/v2\/categories?post=180037"},{"taxonomy":"post_tag","embeddable":true,"href":"https:\/\/www.webdo.tn\/fr\/wp-json\/wp\/v2\/tags?post=180037"}],"curies":[{"name":"wp","href":"https:\/\/api.w.org\/{rel}","templated":true}]}}