{"id":180036,"date":"2015-02-18T09:28:00","date_gmt":"2015-02-18T09:28:00","guid":{"rendered":"https:\/\/www.webdo.tn\/fr\/blog\/tunisie-un-compte-twitter-proche-de-katibat-okba-ibn-nafaa-revendique-lattaque-terroriste-de-boulaaba\/180036\/"},"modified":"2025-05-18T22:20:50","modified_gmt":"2025-05-18T22:20:50","slug":"tunisie-un-compte-twitter-proche-de-katibat-okba-ibn-nafaa-revendique-lattaque-terroriste-de-boulaaba","status":"publish","type":"post","link":"https:\/\/www.webdo.tn\/fr\/actualite\/terrorisme\/tunisie-un-compte-twitter-proche-de-katibat-okba-ibn-nafaa-revendique-lattaque-terroriste-de-boulaaba\/180036\/","title":{"rendered":"Un compte twitter proche de Katiba Okba Ibn Nafaa revendiquerait l&rsquo;attaque terroriste de Boulaaba"},"content":{"rendered":"<p>Un compte twitter proche du groupe terroriste Katiba Okba Ibn Nafaa revendiquerait\u00a0l&rsquo;attaque terroriste perp\u00e9tr\u00e9e dans la nuit de mardi 17 \u00e0 mercredi 18 f\u00e9vrier \u00e0 Boulaaba dans le gouvernorat de Kasserine vers 2h du matin au cours de laquelle quatre membres de la garde nationale ont \u00e9t\u00e9 tu\u00e9s.<\/p>\n<p>[pull_quote_center]\u00a0\u00bbMaintenant commence le combat. Quatre des soldats du taghout tunisien \u00e9cras\u00e9s lors d&rsquo;une attaque de leur patrouille dans la r\u00e9gion de Boulaaba, pr\u00e8s du djebel Chambi\u00a0\u00bb.\u00a0[\/pull_quote_center]<\/p>\n<p>Ifrikya4, l&rsquo;une des officines de communication du groupe terroriste sur twitter avait annonc\u00e9 une \u00ab\u00a0nouvelle heureuse de la contr\u00e9e Ifrikiya\u00a0\u00bb. Apr\u00e8s le drame, le compte a publi\u00e9 un message o\u00f9 il parlait de vengeance.<\/p>\n<p>\u00a0<\/p>\n<p>[quote_box_center]\u00a0\u00bbVous avez tu\u00e9 nos femmes, vous les avez attaqu\u00e9es, nous allons tuer vos femmes et vos \u00e9pouses et nous allons r\u00e9pondre en double. Vous rendez nos enfants orphelins, nous allons faire pareil avec vos enfants&#8230; Nous allons faire ce que Kamel Gadhgadhi a fait \u00e0 Kasserine et vous avez vu ce qu&rsquo;il a fait dans la vid\u00e9o saisie\u00a0\u00bb.[\/quote_box_center]<\/p>\n<p>\u00a0<\/p>\n<p>Boulaaba est situ\u00e9 pr\u00e8s de Jebel Chaambi, \u00e0 la fronti\u00e8re alg\u00e9rienne o\u00f9 est justement retranch\u00e9e l\u2019organisation terroriste Katibat Okba Ibn Nafaa [1].<\/p>\n<p>D&rsquo;autres \u00ab\u00a0supporters\u00a0\u00bb \u00ab\u00a0Ansar Katiba Okba\u00a0\u00bb, se sont r\u00e9jouit de l&rsquo;attaque.<br \/>\n.:: \u0623\u062a\u062d\u0633\u0628\u0648\u0646\u0646\u0627 \u0625\u0646\u062a\u0647\u064a\u0646\u0627\u061f ::. #\u0627\u0644\u062b\u0623\u0631_\u0644\u0623\u0633\u064a\u0631\u0627\u062a_\u062a\u0648\u0646\u0633 #\u0643\u062a\u064a\u0628\u0629_\u0639\u0642\u0628\u0629_\u0628\u0646_\u0646\u0627\u0641\u0639 #\u0627\u0644\u0645\u063a\u0631\u0628_\u0627\u0644\u0625\u0633\u0644\u0627\u0645\u064a pic.twitter.com\/FqnUfp0z9K<\/p>\n<p>\u2014 \u0627\u0646\u0635\u0627\u0631 \u0643\u062a\u064a\u0628\u0629 \u0639\u0642\u0628\u0629 (@Ansar_Qayrawan) 18 F\u00e9vrier 2015<\/p>\n<p>#\u0639\u0627\u062c\u0644 \u00a0\u00bb \u0627\u0644\u0644\u0647 \u0623\u0643\u0628\u0631 \u0648 \u0644\u0644\u0647 \u0627\u0644\u062d\u0645\u062f \u0627\u0644\u0627\u064e\u0646 \u0625\u0633\u062a\u0647\u062f\u0627\u0641 \u062f\u0648\u0631\u064a\u0629 \u0644\u0644\u062d\u0631\u0633 \u0627\u0644\u0648\u062b\u0646\u064a \u0628\u0645\u0646\u0637\u0642\u0629 \u0628\u0648\u0644\u0639\u0627\u0628\u0629 \u0627\u0644\u0645\u062d\u0627\u0630\u064a\u0629 \u0644\u062c\u0628\u0644 \u0627\u0644\u0634\u0639\u0627\u0646\u0628\u064a #\u062a\u0648\u0646\u0633 \u0648\u0642\u062a\u0644 4 \u0645\u0646 \u0645\u0645\u0646 \u0643\u0627\u0646\u0648\u0627 \u0641\u064a\u0647\u0627 \u2014 \u0627\u0646\u0635\u0627\u0631 \u0643\u062a\u064a\u0628\u0629 \u0639\u0642\u0628\u0629 (@Ansar_Qayrawan) 18 F\u00e9vrier 2015<\/p>\n<p>[1] Katiba [bataillon] Okba Ibn Nafaa est un \u00ab \u00a0bataillon qui cherche a \u00eatre affili\u00e9 \u00e0 l\u2019organisation terroriste Al-Qaida, mais rien ne prouve encore qu\u2019elle a adopt\u00e9 les membres se trouvant dans le massif montagneux \u00bb. D\u00e9claration de Lotfi Ben Jeddou le 4 ao\u00fbt 2013.<\/p>\n<p>La moiti\u00e9 du groupe qui est \u00e0 Chambi est compos\u00e9e d\u2019Alg\u00e9riens qui ont rejoint des Tunisiens d\u00e9j\u00e0 recherch\u00e9s et affili\u00e9s \u00e0 Katiba Oqba Ibn Nafaa.<\/p>\n","protected":false},"excerpt":{"rendered":"<p>Un compte twitter proche de Katiba Okba Ibn Nafaa revendiquerait l&rsquo;attaque terroriste de Boulaaba<\/p>\n","protected":false},"author":3222,"featured_media":373096,"comment_status":"open","ping_status":"closed","sticky":false,"template":"","format":"standard","meta":{"footnotes":""},"categories":[11342],"tags":[2600],"class_list":["post-180036","post","type-post","status-publish","format-standard","has-post-thumbnail","hentry","category-terrorisme","tag-guerre"],"yoast_head":"<!-- This site is optimized with the Yoast SEO Premium plugin v27.4 (Yoast SEO v27.5) - https:\/\/yoast.com\/product\/yoast-seo-premium-wordpress\/ -->\n<title>Un compte twitter proche de Katiba Okba Ibn Nafaa revendiquerait l&#039;attaque terroriste de Boulaaba<\/title>\n<meta name=\"description\" content=\"Un compte twitter proche de Katiba Okba Ibn Nafaa revendiquerait l&#039;attaque terroriste de Boulaaba\" \/>\n<link rel=\"canonical\" href=\"https:\/\/www.webdo.tn\/fr\/actualite\/terrorisme\/tunisie-un-compte-twitter-proche-de-katibat-okba-ibn-nafaa-revendique-lattaque-terroriste-de-boulaaba\/180036\/\" \/>\n<meta property=\"og:locale\" content=\"fr_FR\" \/>\n<meta property=\"og:type\" content=\"article\" \/>\n<meta property=\"og:title\" content=\"Un compte twitter proche de Katiba Okba Ibn Nafaa revendiquerait l&#039;attaque terroriste de Boulaaba\" \/>\n<meta property=\"og:description\" content=\"Un compte twitter proche de Katiba Okba Ibn Nafaa revendiquerait l&#039;attaque terroriste de Boulaaba\" \/>\n<meta property=\"og:url\" content=\"https:\/\/www.webdo.tn\/fr\/actualite\/terrorisme\/tunisie-un-compte-twitter-proche-de-katibat-okba-ibn-nafaa-revendique-lattaque-terroriste-de-boulaaba\/180036\/\" \/>\n<meta property=\"og:site_name\" content=\"webdo\" \/>\n<meta property=\"article:publisher\" content=\"https:\/\/www.facebook.com\/webdotn\" \/>\n<meta property=\"article:published_time\" content=\"2015-02-18T09:28:00+00:00\" \/>\n<meta property=\"article:modified_time\" content=\"2025-05-18T22:20:50+00:00\" \/>\n<meta property=\"og:image\" content=\"https:\/\/www.webdo.tn\/fr\/wp-content\/uploads\/2025\/06\/Capture-decran-2015-02-18-a-06.15.08-e1424236841854_180036.png\" \/>\n\t<meta property=\"og:image:width\" content=\"600\" \/>\n\t<meta property=\"og:image:height\" content=\"454\" \/>\n\t<meta property=\"og:image:type\" content=\"image\/png\" \/>\n<meta name=\"author\" content=\"webdo.tn\" \/>\n<meta name=\"twitter:card\" content=\"summary_large_image\" \/>\n<meta name=\"twitter:creator\" content=\"@webdo_tn\" \/>\n<meta name=\"twitter:site\" content=\"@webdo_tn\" \/>\n<meta name=\"twitter:label1\" content=\"\u00c9crit par\" \/>\n\t<meta name=\"twitter:data1\" content=\"webdo.tn\" \/>\n\t<meta name=\"twitter:label2\" content=\"Dur\u00e9e de lecture estim\u00e9e\" \/>\n\t<meta name=\"twitter:data2\" content=\"2 minutes\" \/>\n<script type=\"application\/ld+json\" class=\"yoast-schema-graph\">{\"@context\":\"https:\\\/\\\/schema.org\",\"@graph\":[{\"@type\":\"NewsArticle\",\"@id\":\"https:\\\/\\\/www.webdo.tn\\\/fr\\\/actualite\\\/terrorisme\\\/tunisie-un-compte-twitter-proche-de-katibat-okba-ibn-nafaa-revendique-lattaque-terroriste-de-boulaaba\\\/180036\\\/#article\",\"isPartOf\":{\"@id\":\"https:\\\/\\\/www.webdo.tn\\\/fr\\\/actualite\\\/terrorisme\\\/tunisie-un-compte-twitter-proche-de-katibat-okba-ibn-nafaa-revendique-lattaque-terroriste-de-boulaaba\\\/180036\\\/\"},\"author\":{\"name\":\"webdo.tn\",\"@id\":\"https:\\\/\\\/www.webdo.tn\\\/fr\\\/#\\\/schema\\\/person\\\/9a9c6118d687c117df8ef3cc36a4d175\"},\"headline\":\"Un compte twitter proche de Katiba Okba Ibn Nafaa revendiquerait l&rsquo;attaque terroriste de Boulaaba\",\"datePublished\":\"2015-02-18T09:28:00+00:00\",\"dateModified\":\"2025-05-18T22:20:50+00:00\",\"mainEntityOfPage\":{\"@id\":\"https:\\\/\\\/www.webdo.tn\\\/fr\\\/actualite\\\/terrorisme\\\/tunisie-un-compte-twitter-proche-de-katibat-okba-ibn-nafaa-revendique-lattaque-terroriste-de-boulaaba\\\/180036\\\/\"},\"wordCount\":329,\"commentCount\":0,\"publisher\":{\"@id\":\"https:\\\/\\\/www.webdo.tn\\\/fr\\\/#organization\"},\"image\":{\"@id\":\"https:\\\/\\\/www.webdo.tn\\\/fr\\\/actualite\\\/terrorisme\\\/tunisie-un-compte-twitter-proche-de-katibat-okba-ibn-nafaa-revendique-lattaque-terroriste-de-boulaaba\\\/180036\\\/#primaryimage\"},\"thumbnailUrl\":\"https:\\\/\\\/www.webdo.tn\\\/fr\\\/wp-content\\\/uploads\\\/2025\\\/06\\\/Capture-decran-2015-02-18-a-06.15.08-e1424236841854_180036.png\",\"keywords\":[\"guerre\"],\"articleSection\":[\"Terrorisme\"],\"inLanguage\":\"fr-FR\"},{\"@type\":\"WebPage\",\"@id\":\"https:\\\/\\\/www.webdo.tn\\\/fr\\\/actualite\\\/terrorisme\\\/tunisie-un-compte-twitter-proche-de-katibat-okba-ibn-nafaa-revendique-lattaque-terroriste-de-boulaaba\\\/180036\\\/\",\"url\":\"https:\\\/\\\/www.webdo.tn\\\/fr\\\/actualite\\\/terrorisme\\\/tunisie-un-compte-twitter-proche-de-katibat-okba-ibn-nafaa-revendique-lattaque-terroriste-de-boulaaba\\\/180036\\\/\",\"name\":\"Un compte twitter proche de Katiba Okba Ibn Nafaa revendiquerait l'attaque terroriste de Boulaaba\",\"isPartOf\":{\"@id\":\"https:\\\/\\\/www.webdo.tn\\\/fr\\\/#website\"},\"primaryImageOfPage\":{\"@id\":\"https:\\\/\\\/www.webdo.tn\\\/fr\\\/actualite\\\/terrorisme\\\/tunisie-un-compte-twitter-proche-de-katibat-okba-ibn-nafaa-revendique-lattaque-terroriste-de-boulaaba\\\/180036\\\/#primaryimage\"},\"image\":{\"@id\":\"https:\\\/\\\/www.webdo.tn\\\/fr\\\/actualite\\\/terrorisme\\\/tunisie-un-compte-twitter-proche-de-katibat-okba-ibn-nafaa-revendique-lattaque-terroriste-de-boulaaba\\\/180036\\\/#primaryimage\"},\"thumbnailUrl\":\"https:\\\/\\\/www.webdo.tn\\\/fr\\\/wp-content\\\/uploads\\\/2025\\\/06\\\/Capture-decran-2015-02-18-a-06.15.08-e1424236841854_180036.png\",\"datePublished\":\"2015-02-18T09:28:00+00:00\",\"dateModified\":\"2025-05-18T22:20:50+00:00\",\"description\":\"Un compte twitter proche de Katiba Okba Ibn Nafaa revendiquerait l'attaque terroriste de Boulaaba\",\"breadcrumb\":{\"@id\":\"https:\\\/\\\/www.webdo.tn\\\/fr\\\/actualite\\\/terrorisme\\\/tunisie-un-compte-twitter-proche-de-katibat-okba-ibn-nafaa-revendique-lattaque-terroriste-de-boulaaba\\\/180036\\\/#breadcrumb\"},\"inLanguage\":\"fr-FR\",\"potentialAction\":[{\"@type\":\"ReadAction\",\"target\":[\"https:\\\/\\\/www.webdo.tn\\\/fr\\\/actualite\\\/terrorisme\\\/tunisie-un-compte-twitter-proche-de-katibat-okba-ibn-nafaa-revendique-lattaque-terroriste-de-boulaaba\\\/180036\\\/\"]}]},{\"@type\":\"ImageObject\",\"inLanguage\":\"fr-FR\",\"@id\":\"https:\\\/\\\/www.webdo.tn\\\/fr\\\/actualite\\\/terrorisme\\\/tunisie-un-compte-twitter-proche-de-katibat-okba-ibn-nafaa-revendique-lattaque-terroriste-de-boulaaba\\\/180036\\\/#primaryimage\",\"url\":\"https:\\\/\\\/www.webdo.tn\\\/fr\\\/wp-content\\\/uploads\\\/2025\\\/06\\\/Capture-decran-2015-02-18-a-06.15.08-e1424236841854_180036.png\",\"contentUrl\":\"https:\\\/\\\/www.webdo.tn\\\/fr\\\/wp-content\\\/uploads\\\/2025\\\/06\\\/Capture-decran-2015-02-18-a-06.15.08-e1424236841854_180036.png\",\"width\":600,\"height\":454,\"caption\":\"Un compte twitter proche de Katiba Okba Ibn Nafaa revendiquerait l'attaque terroriste de Boulaaba\"},{\"@type\":\"BreadcrumbList\",\"@id\":\"https:\\\/\\\/www.webdo.tn\\\/fr\\\/actualite\\\/terrorisme\\\/tunisie-un-compte-twitter-proche-de-katibat-okba-ibn-nafaa-revendique-lattaque-terroriste-de-boulaaba\\\/180036\\\/#breadcrumb\",\"itemListElement\":[{\"@type\":\"ListItem\",\"position\":1,\"name\":\"Accueil\",\"item\":\"https:\\\/\\\/www.webdo.tn\\\/fr\\\/\"},{\"@type\":\"ListItem\",\"position\":2,\"name\":\"Un compte twitter proche de Katiba Okba Ibn Nafaa revendiquerait l&rsquo;attaque terroriste de Boulaaba\"}]},{\"@type\":\"WebSite\",\"@id\":\"https:\\\/\\\/www.webdo.tn\\\/fr\\\/#website\",\"url\":\"https:\\\/\\\/www.webdo.tn\\\/fr\\\/\",\"name\":\"webdo\",\"description\":\"Tunisie - News en Tunisie et \u00e0 l&#039;international sur Webdo.tn\",\"publisher\":{\"@id\":\"https:\\\/\\\/www.webdo.tn\\\/fr\\\/#organization\"},\"potentialAction\":[{\"@type\":\"SearchAction\",\"target\":{\"@type\":\"EntryPoint\",\"urlTemplate\":\"https:\\\/\\\/www.webdo.tn\\\/fr\\\/?s={search_term_string}\"},\"query-input\":{\"@type\":\"PropertyValueSpecification\",\"valueRequired\":true,\"valueName\":\"search_term_string\"}}],\"inLanguage\":\"fr-FR\"},{\"@type\":\"Organization\",\"@id\":\"https:\\\/\\\/www.webdo.tn\\\/fr\\\/#organization\",\"name\":\"Webdo\",\"alternateName\":\"Webdo.tn\",\"url\":\"https:\\\/\\\/www.webdo.tn\\\/fr\\\/\",\"logo\":{\"@type\":\"ImageObject\",\"inLanguage\":\"fr-FR\",\"@id\":\"https:\\\/\\\/www.webdo.tn\\\/fr\\\/#\\\/schema\\\/logo\\\/image\\\/\",\"url\":\"https:\\\/\\\/www.webdo.tn\\\/fr\\\/wp-content\\\/uploads\\\/2025\\\/06\\\/Webdo-Tunisie_168377.jpg\",\"contentUrl\":\"https:\\\/\\\/www.webdo.tn\\\/fr\\\/wp-content\\\/uploads\\\/2025\\\/06\\\/Webdo-Tunisie_168377.jpg\",\"width\":301,\"height\":301,\"caption\":\"Webdo\"},\"image\":{\"@id\":\"https:\\\/\\\/www.webdo.tn\\\/fr\\\/#\\\/schema\\\/logo\\\/image\\\/\"},\"sameAs\":[\"https:\\\/\\\/www.facebook.com\\\/webdotn\",\"https:\\\/\\\/x.com\\\/webdo_tn\"],\"description\":\"Webdo est un m\u00e9dia num\u00e9rique tunisien fond\u00e9 en 2010, sp\u00e9cialis\u00e9 dans l\u2019actualit\u00e9 nationale et internationale, l\u2019\u00e9conomie, la soci\u00e9t\u00e9 et les analyses politiques. Le site s\u2019adresse \u00e0 un large public francophone et couvre l\u2019information tunisienne en temps r\u00e9el.\",\"email\":\"redac@webdo.tn\",\"legalName\":\"YNJ SARL\",\"foundingDate\":\"2010-09-06\",\"numberOfEmployees\":{\"@type\":\"QuantitativeValue\",\"minValue\":\"11\",\"maxValue\":\"50\"}},{\"@type\":\"Person\",\"@id\":\"https:\\\/\\\/www.webdo.tn\\\/fr\\\/#\\\/schema\\\/person\\\/9a9c6118d687c117df8ef3cc36a4d175\",\"name\":\"webdo.tn\",\"image\":{\"@type\":\"ImageObject\",\"inLanguage\":\"fr-FR\",\"@id\":\"https:\\\/\\\/secure.gravatar.com\\\/avatar\\\/7ce1f28c0c3bbac99ff550b85ef8e44a6950c6ee24514fb6a5489e51d06f0298?s=96&d=mm&r=g\",\"url\":\"https:\\\/\\\/secure.gravatar.com\\\/avatar\\\/7ce1f28c0c3bbac99ff550b85ef8e44a6950c6ee24514fb6a5489e51d06f0298?s=96&d=mm&r=g\",\"contentUrl\":\"https:\\\/\\\/secure.gravatar.com\\\/avatar\\\/7ce1f28c0c3bbac99ff550b85ef8e44a6950c6ee24514fb6a5489e51d06f0298?s=96&d=mm&r=g\",\"caption\":\"webdo.tn\"},\"url\":\"https:\\\/\\\/www.webdo.tn\\\/fr\\\/actualite\\\/author\\\/webdotn\\\/\"}]}<\/script>\n<!-- \/ Yoast SEO Premium plugin. -->","yoast_head_json":{"title":"Un compte twitter proche de Katiba Okba Ibn Nafaa revendiquerait l'attaque terroriste de Boulaaba","description":"Un compte twitter proche de Katiba Okba Ibn Nafaa revendiquerait l'attaque terroriste de Boulaaba","canonical":"https:\/\/www.webdo.tn\/fr\/actualite\/terrorisme\/tunisie-un-compte-twitter-proche-de-katibat-okba-ibn-nafaa-revendique-lattaque-terroriste-de-boulaaba\/180036\/","og_locale":"fr_FR","og_type":"article","og_title":"Un compte twitter proche de Katiba Okba Ibn Nafaa revendiquerait l'attaque terroriste de Boulaaba","og_description":"Un compte twitter proche de Katiba Okba Ibn Nafaa revendiquerait l'attaque terroriste de Boulaaba","og_url":"https:\/\/www.webdo.tn\/fr\/actualite\/terrorisme\/tunisie-un-compte-twitter-proche-de-katibat-okba-ibn-nafaa-revendique-lattaque-terroriste-de-boulaaba\/180036\/","og_site_name":"webdo","article_publisher":"https:\/\/www.facebook.com\/webdotn","article_published_time":"2015-02-18T09:28:00+00:00","article_modified_time":"2025-05-18T22:20:50+00:00","og_image":[{"width":600,"height":454,"url":"https:\/\/www.webdo.tn\/fr\/wp-content\/uploads\/2025\/06\/Capture-decran-2015-02-18-a-06.15.08-e1424236841854_180036.png","type":"image\/png"}],"author":"webdo.tn","twitter_card":"summary_large_image","twitter_creator":"@webdo_tn","twitter_site":"@webdo_tn","twitter_misc":{"\u00c9crit par":"webdo.tn","Dur\u00e9e de lecture estim\u00e9e":"2 minutes"},"schema":{"@context":"https:\/\/schema.org","@graph":[{"@type":"NewsArticle","@id":"https:\/\/www.webdo.tn\/fr\/actualite\/terrorisme\/tunisie-un-compte-twitter-proche-de-katibat-okba-ibn-nafaa-revendique-lattaque-terroriste-de-boulaaba\/180036\/#article","isPartOf":{"@id":"https:\/\/www.webdo.tn\/fr\/actualite\/terrorisme\/tunisie-un-compte-twitter-proche-de-katibat-okba-ibn-nafaa-revendique-lattaque-terroriste-de-boulaaba\/180036\/"},"author":{"name":"webdo.tn","@id":"https:\/\/www.webdo.tn\/fr\/#\/schema\/person\/9a9c6118d687c117df8ef3cc36a4d175"},"headline":"Un compte twitter proche de Katiba Okba Ibn Nafaa revendiquerait l&rsquo;attaque terroriste de Boulaaba","datePublished":"2015-02-18T09:28:00+00:00","dateModified":"2025-05-18T22:20:50+00:00","mainEntityOfPage":{"@id":"https:\/\/www.webdo.tn\/fr\/actualite\/terrorisme\/tunisie-un-compte-twitter-proche-de-katibat-okba-ibn-nafaa-revendique-lattaque-terroriste-de-boulaaba\/180036\/"},"wordCount":329,"commentCount":0,"publisher":{"@id":"https:\/\/www.webdo.tn\/fr\/#organization"},"image":{"@id":"https:\/\/www.webdo.tn\/fr\/actualite\/terrorisme\/tunisie-un-compte-twitter-proche-de-katibat-okba-ibn-nafaa-revendique-lattaque-terroriste-de-boulaaba\/180036\/#primaryimage"},"thumbnailUrl":"https:\/\/www.webdo.tn\/fr\/wp-content\/uploads\/2025\/06\/Capture-decran-2015-02-18-a-06.15.08-e1424236841854_180036.png","keywords":["guerre"],"articleSection":["Terrorisme"],"inLanguage":"fr-FR"},{"@type":"WebPage","@id":"https:\/\/www.webdo.tn\/fr\/actualite\/terrorisme\/tunisie-un-compte-twitter-proche-de-katibat-okba-ibn-nafaa-revendique-lattaque-terroriste-de-boulaaba\/180036\/","url":"https:\/\/www.webdo.tn\/fr\/actualite\/terrorisme\/tunisie-un-compte-twitter-proche-de-katibat-okba-ibn-nafaa-revendique-lattaque-terroriste-de-boulaaba\/180036\/","name":"Un compte twitter proche de Katiba Okba Ibn Nafaa revendiquerait l'attaque terroriste de Boulaaba","isPartOf":{"@id":"https:\/\/www.webdo.tn\/fr\/#website"},"primaryImageOfPage":{"@id":"https:\/\/www.webdo.tn\/fr\/actualite\/terrorisme\/tunisie-un-compte-twitter-proche-de-katibat-okba-ibn-nafaa-revendique-lattaque-terroriste-de-boulaaba\/180036\/#primaryimage"},"image":{"@id":"https:\/\/www.webdo.tn\/fr\/actualite\/terrorisme\/tunisie-un-compte-twitter-proche-de-katibat-okba-ibn-nafaa-revendique-lattaque-terroriste-de-boulaaba\/180036\/#primaryimage"},"thumbnailUrl":"https:\/\/www.webdo.tn\/fr\/wp-content\/uploads\/2025\/06\/Capture-decran-2015-02-18-a-06.15.08-e1424236841854_180036.png","datePublished":"2015-02-18T09:28:00+00:00","dateModified":"2025-05-18T22:20:50+00:00","description":"Un compte twitter proche de Katiba Okba Ibn Nafaa revendiquerait l'attaque terroriste de Boulaaba","breadcrumb":{"@id":"https:\/\/www.webdo.tn\/fr\/actualite\/terrorisme\/tunisie-un-compte-twitter-proche-de-katibat-okba-ibn-nafaa-revendique-lattaque-terroriste-de-boulaaba\/180036\/#breadcrumb"},"inLanguage":"fr-FR","potentialAction":[{"@type":"ReadAction","target":["https:\/\/www.webdo.tn\/fr\/actualite\/terrorisme\/tunisie-un-compte-twitter-proche-de-katibat-okba-ibn-nafaa-revendique-lattaque-terroriste-de-boulaaba\/180036\/"]}]},{"@type":"ImageObject","inLanguage":"fr-FR","@id":"https:\/\/www.webdo.tn\/fr\/actualite\/terrorisme\/tunisie-un-compte-twitter-proche-de-katibat-okba-ibn-nafaa-revendique-lattaque-terroriste-de-boulaaba\/180036\/#primaryimage","url":"https:\/\/www.webdo.tn\/fr\/wp-content\/uploads\/2025\/06\/Capture-decran-2015-02-18-a-06.15.08-e1424236841854_180036.png","contentUrl":"https:\/\/www.webdo.tn\/fr\/wp-content\/uploads\/2025\/06\/Capture-decran-2015-02-18-a-06.15.08-e1424236841854_180036.png","width":600,"height":454,"caption":"Un compte twitter proche de Katiba Okba Ibn Nafaa revendiquerait l'attaque terroriste de Boulaaba"},{"@type":"BreadcrumbList","@id":"https:\/\/www.webdo.tn\/fr\/actualite\/terrorisme\/tunisie-un-compte-twitter-proche-de-katibat-okba-ibn-nafaa-revendique-lattaque-terroriste-de-boulaaba\/180036\/#breadcrumb","itemListElement":[{"@type":"ListItem","position":1,"name":"Accueil","item":"https:\/\/www.webdo.tn\/fr\/"},{"@type":"ListItem","position":2,"name":"Un compte twitter proche de Katiba Okba Ibn Nafaa revendiquerait l&rsquo;attaque terroriste de Boulaaba"}]},{"@type":"WebSite","@id":"https:\/\/www.webdo.tn\/fr\/#website","url":"https:\/\/www.webdo.tn\/fr\/","name":"webdo","description":"Tunisie - News en Tunisie et \u00e0 l&#039;international sur Webdo.tn","publisher":{"@id":"https:\/\/www.webdo.tn\/fr\/#organization"},"potentialAction":[{"@type":"SearchAction","target":{"@type":"EntryPoint","urlTemplate":"https:\/\/www.webdo.tn\/fr\/?s={search_term_string}"},"query-input":{"@type":"PropertyValueSpecification","valueRequired":true,"valueName":"search_term_string"}}],"inLanguage":"fr-FR"},{"@type":"Organization","@id":"https:\/\/www.webdo.tn\/fr\/#organization","name":"Webdo","alternateName":"Webdo.tn","url":"https:\/\/www.webdo.tn\/fr\/","logo":{"@type":"ImageObject","inLanguage":"fr-FR","@id":"https:\/\/www.webdo.tn\/fr\/#\/schema\/logo\/image\/","url":"https:\/\/www.webdo.tn\/fr\/wp-content\/uploads\/2025\/06\/Webdo-Tunisie_168377.jpg","contentUrl":"https:\/\/www.webdo.tn\/fr\/wp-content\/uploads\/2025\/06\/Webdo-Tunisie_168377.jpg","width":301,"height":301,"caption":"Webdo"},"image":{"@id":"https:\/\/www.webdo.tn\/fr\/#\/schema\/logo\/image\/"},"sameAs":["https:\/\/www.facebook.com\/webdotn","https:\/\/x.com\/webdo_tn"],"description":"Webdo est un m\u00e9dia num\u00e9rique tunisien fond\u00e9 en 2010, sp\u00e9cialis\u00e9 dans l\u2019actualit\u00e9 nationale et internationale, l\u2019\u00e9conomie, la soci\u00e9t\u00e9 et les analyses politiques. Le site s\u2019adresse \u00e0 un large public francophone et couvre l\u2019information tunisienne en temps r\u00e9el.","email":"redac@webdo.tn","legalName":"YNJ SARL","foundingDate":"2010-09-06","numberOfEmployees":{"@type":"QuantitativeValue","minValue":"11","maxValue":"50"}},{"@type":"Person","@id":"https:\/\/www.webdo.tn\/fr\/#\/schema\/person\/9a9c6118d687c117df8ef3cc36a4d175","name":"webdo.tn","image":{"@type":"ImageObject","inLanguage":"fr-FR","@id":"https:\/\/secure.gravatar.com\/avatar\/7ce1f28c0c3bbac99ff550b85ef8e44a6950c6ee24514fb6a5489e51d06f0298?s=96&d=mm&r=g","url":"https:\/\/secure.gravatar.com\/avatar\/7ce1f28c0c3bbac99ff550b85ef8e44a6950c6ee24514fb6a5489e51d06f0298?s=96&d=mm&r=g","contentUrl":"https:\/\/secure.gravatar.com\/avatar\/7ce1f28c0c3bbac99ff550b85ef8e44a6950c6ee24514fb6a5489e51d06f0298?s=96&d=mm&r=g","caption":"webdo.tn"},"url":"https:\/\/www.webdo.tn\/fr\/actualite\/author\/webdotn\/"}]}},"_links":{"self":[{"href":"https:\/\/www.webdo.tn\/fr\/wp-json\/wp\/v2\/posts\/180036","targetHints":{"allow":["GET"]}}],"collection":[{"href":"https:\/\/www.webdo.tn\/fr\/wp-json\/wp\/v2\/posts"}],"about":[{"href":"https:\/\/www.webdo.tn\/fr\/wp-json\/wp\/v2\/types\/post"}],"author":[{"embeddable":true,"href":"https:\/\/www.webdo.tn\/fr\/wp-json\/wp\/v2\/users\/3222"}],"replies":[{"embeddable":true,"href":"https:\/\/www.webdo.tn\/fr\/wp-json\/wp\/v2\/comments?post=180036"}],"version-history":[{"count":0,"href":"https:\/\/www.webdo.tn\/fr\/wp-json\/wp\/v2\/posts\/180036\/revisions"}],"wp:featuredmedia":[{"embeddable":true,"href":"https:\/\/www.webdo.tn\/fr\/wp-json\/wp\/v2\/media\/373096"}],"wp:attachment":[{"href":"https:\/\/www.webdo.tn\/fr\/wp-json\/wp\/v2\/media?parent=180036"}],"wp:term":[{"taxonomy":"category","embeddable":true,"href":"https:\/\/www.webdo.tn\/fr\/wp-json\/wp\/v2\/categories?post=180036"},{"taxonomy":"post_tag","embeddable":true,"href":"https:\/\/www.webdo.tn\/fr\/wp-json\/wp\/v2\/tags?post=180036"}],"curies":[{"name":"wp","href":"https:\/\/api.w.org\/{rel}","templated":true}]}}