{"id":180034,"date":"2015-02-18T11:50:00","date_gmt":"2015-02-18T11:50:00","guid":{"rendered":"https:\/\/www.webdo.tn\/fr\/blog\/tunisie-20-terroristes-ont-perpetre-lattaque-de-boulaaba-selon-le-ministere-de-linterieur\/180034\/"},"modified":"2025-05-19T10:21:50","modified_gmt":"2025-05-19T10:21:50","slug":"tunisie-20-terroristes-ont-perpetre-lattaque-de-boulaaba-selon-le-ministere-de-linterieur","status":"publish","type":"post","link":"https:\/\/www.webdo.tn\/fr\/actualite\/terrorisme\/tunisie-20-terroristes-ont-perpetre-lattaque-de-boulaaba-selon-le-ministere-de-linterieur\/180034\/","title":{"rendered":"Une vingtaine de terroristes ont tu\u00e9 par balles quatre agents de la Garde Nationale \u00e0 Boula\u00e2ba"},"content":{"rendered":"<p>Quelques heures apr\u00e8s l\u2019attaque terroriste qui a eu lieu \u00e0 Boula\u00e2ba, \u00e0 20 km de Kasserine, Mohamed Laroui, porte-parole du minist\u00e8re de la D\u00e9fense, a tenu ce matin du mercredi 18 f\u00e9vrier, une conf\u00e9rence de presse au minist\u00e8re de l\u2019Int\u00e9rieur.<\/p>\n<p>Mohamed Ali Aroui a notamment r\u00e9v\u00e9l\u00e9 que l\u2019attaque contre les quatre agents de la Garde nationale, tu\u00e9s dans cet attentat, a \u00e9t\u00e9 perp\u00e9tr\u00e9e par une \u00ab\u00a0vingtaine de terroristes\u00a0\u00bb, sans donner un nombre exact.<\/p>\n<p>Les assaillants ont attaqu\u00e9 le v\u00e9hicule de la Garde nationale par surprise et les ont cribl\u00e9s de balles. Ils se sont ensuite empar\u00e9s de leurs armes avant de prendre la fuite<\/p>\n<p>Suite \u00e0 cette attaque meurtri\u00e8re, une op\u00e9ration de ratissage a lieu actuellement dans la zone de Boula\u00e2ba.<\/p>\n<p>Mohamed Ali Aroui a indiqu\u00e9, en outre, que quatre ministres seront pr\u00e9sents aux enterrements des quatre membres de la Garde nationale tu\u00e9s.<\/p>\n<p>\/\/ <\/p>\n<p>Publication by Minist\u00e8re de l&rsquo;Int\u00e9rieur &#8211; Tunisie.<\/p>\n","protected":false},"excerpt":{"rendered":"<p>Une vingtaine de terroristes ont tu\u00e9 par balles quatre agents de la Garde Nationale \u00e0 Boula\u00e2ba<\/p>\n","protected":false},"author":3222,"featured_media":319049,"comment_status":"open","ping_status":"closed","sticky":false,"template":"","format":"standard","meta":{"footnotes":""},"categories":[11342],"tags":[2600],"class_list":["post-180034","post","type-post","status-publish","format-standard","has-post-thumbnail","hentry","category-terrorisme","tag-guerre"],"yoast_head":"<!-- This site is optimized with the Yoast SEO Premium plugin v27.4 (Yoast SEO v27.5) - https:\/\/yoast.com\/product\/yoast-seo-premium-wordpress\/ -->\n<title>Une vingtaine de terroristes ont tu\u00e9 par balles quatre agents de la Garde Nationale \u00e0 Boula\u00e2ba<\/title>\n<meta name=\"description\" content=\"Une vingtaine de terroristes ont tu\u00e9 par balles quatre agents de la Garde Nationale \u00e0 Boula\u00e2ba\" \/>\n<link rel=\"canonical\" href=\"https:\/\/www.webdo.tn\/fr\/actualite\/terrorisme\/tunisie-20-terroristes-ont-perpetre-lattaque-de-boulaaba-selon-le-ministere-de-linterieur\/180034\/\" \/>\n<meta property=\"og:locale\" content=\"fr_FR\" \/>\n<meta property=\"og:type\" content=\"article\" \/>\n<meta property=\"og:title\" content=\"Une vingtaine de terroristes ont tu\u00e9 par balles quatre agents de la Garde Nationale \u00e0 Boula\u00e2ba\" \/>\n<meta property=\"og:description\" content=\"Une vingtaine de terroristes ont tu\u00e9 par balles quatre agents de la Garde Nationale \u00e0 Boula\u00e2ba\" \/>\n<meta property=\"og:url\" content=\"https:\/\/www.webdo.tn\/fr\/actualite\/terrorisme\/tunisie-20-terroristes-ont-perpetre-lattaque-de-boulaaba-selon-le-ministere-de-linterieur\/180034\/\" \/>\n<meta property=\"og:site_name\" content=\"webdo\" \/>\n<meta property=\"article:publisher\" content=\"https:\/\/www.facebook.com\/webdotn\" \/>\n<meta property=\"article:published_time\" content=\"2015-02-18T11:50:00+00:00\" \/>\n<meta property=\"article:modified_time\" content=\"2025-05-19T10:21:50+00:00\" \/>\n<meta property=\"og:image\" content=\"https:\/\/www.webdo.tn\/fr\/wp-content\/uploads\/2015\/02\/webdo_default-9.jpg\" \/>\n\t<meta property=\"og:image:width\" content=\"800\" \/>\n\t<meta property=\"og:image:height\" content=\"500\" \/>\n\t<meta property=\"og:image:type\" content=\"image\/jpeg\" \/>\n<meta name=\"author\" content=\"webdo.tn\" \/>\n<meta name=\"twitter:card\" content=\"summary_large_image\" \/>\n<meta name=\"twitter:creator\" content=\"@webdo_tn\" \/>\n<meta name=\"twitter:site\" content=\"@webdo_tn\" \/>\n<meta name=\"twitter:label1\" content=\"\u00c9crit par\" \/>\n\t<meta name=\"twitter:data1\" content=\"webdo.tn\" \/>\n\t<meta name=\"twitter:label2\" content=\"Dur\u00e9e de lecture estim\u00e9e\" \/>\n\t<meta name=\"twitter:data2\" content=\"1 minute\" \/>\n<script type=\"application\/ld+json\" class=\"yoast-schema-graph\">{\"@context\":\"https:\\\/\\\/schema.org\",\"@graph\":[{\"@type\":\"NewsArticle\",\"@id\":\"https:\\\/\\\/www.webdo.tn\\\/fr\\\/actualite\\\/terrorisme\\\/tunisie-20-terroristes-ont-perpetre-lattaque-de-boulaaba-selon-le-ministere-de-linterieur\\\/180034\\\/#article\",\"isPartOf\":{\"@id\":\"https:\\\/\\\/www.webdo.tn\\\/fr\\\/actualite\\\/terrorisme\\\/tunisie-20-terroristes-ont-perpetre-lattaque-de-boulaaba-selon-le-ministere-de-linterieur\\\/180034\\\/\"},\"author\":{\"name\":\"webdo.tn\",\"@id\":\"https:\\\/\\\/www.webdo.tn\\\/fr\\\/#\\\/schema\\\/person\\\/9a9c6118d687c117df8ef3cc36a4d175\"},\"headline\":\"Une vingtaine de terroristes ont tu\u00e9 par balles quatre agents de la Garde Nationale \u00e0 Boula\u00e2ba\",\"datePublished\":\"2015-02-18T11:50:00+00:00\",\"dateModified\":\"2025-05-19T10:21:50+00:00\",\"mainEntityOfPage\":{\"@id\":\"https:\\\/\\\/www.webdo.tn\\\/fr\\\/actualite\\\/terrorisme\\\/tunisie-20-terroristes-ont-perpetre-lattaque-de-boulaaba-selon-le-ministere-de-linterieur\\\/180034\\\/\"},\"wordCount\":188,\"commentCount\":0,\"publisher\":{\"@id\":\"https:\\\/\\\/www.webdo.tn\\\/fr\\\/#organization\"},\"image\":{\"@id\":\"https:\\\/\\\/www.webdo.tn\\\/fr\\\/actualite\\\/terrorisme\\\/tunisie-20-terroristes-ont-perpetre-lattaque-de-boulaaba-selon-le-ministere-de-linterieur\\\/180034\\\/#primaryimage\"},\"thumbnailUrl\":\"https:\\\/\\\/www.webdo.tn\\\/fr\\\/wp-content\\\/uploads\\\/2015\\\/02\\\/webdo_default-9.jpg\",\"keywords\":[\"guerre\"],\"articleSection\":[\"Terrorisme\"],\"inLanguage\":\"fr-FR\"},{\"@type\":\"WebPage\",\"@id\":\"https:\\\/\\\/www.webdo.tn\\\/fr\\\/actualite\\\/terrorisme\\\/tunisie-20-terroristes-ont-perpetre-lattaque-de-boulaaba-selon-le-ministere-de-linterieur\\\/180034\\\/\",\"url\":\"https:\\\/\\\/www.webdo.tn\\\/fr\\\/actualite\\\/terrorisme\\\/tunisie-20-terroristes-ont-perpetre-lattaque-de-boulaaba-selon-le-ministere-de-linterieur\\\/180034\\\/\",\"name\":\"Une vingtaine de terroristes ont tu\u00e9 par balles quatre agents de la Garde Nationale \u00e0 Boula\u00e2ba\",\"isPartOf\":{\"@id\":\"https:\\\/\\\/www.webdo.tn\\\/fr\\\/#website\"},\"primaryImageOfPage\":{\"@id\":\"https:\\\/\\\/www.webdo.tn\\\/fr\\\/actualite\\\/terrorisme\\\/tunisie-20-terroristes-ont-perpetre-lattaque-de-boulaaba-selon-le-ministere-de-linterieur\\\/180034\\\/#primaryimage\"},\"image\":{\"@id\":\"https:\\\/\\\/www.webdo.tn\\\/fr\\\/actualite\\\/terrorisme\\\/tunisie-20-terroristes-ont-perpetre-lattaque-de-boulaaba-selon-le-ministere-de-linterieur\\\/180034\\\/#primaryimage\"},\"thumbnailUrl\":\"https:\\\/\\\/www.webdo.tn\\\/fr\\\/wp-content\\\/uploads\\\/2015\\\/02\\\/webdo_default-9.jpg\",\"datePublished\":\"2015-02-18T11:50:00+00:00\",\"dateModified\":\"2025-05-19T10:21:50+00:00\",\"description\":\"Une vingtaine de terroristes ont tu\u00e9 par balles quatre agents de la Garde Nationale \u00e0 Boula\u00e2ba\",\"breadcrumb\":{\"@id\":\"https:\\\/\\\/www.webdo.tn\\\/fr\\\/actualite\\\/terrorisme\\\/tunisie-20-terroristes-ont-perpetre-lattaque-de-boulaaba-selon-le-ministere-de-linterieur\\\/180034\\\/#breadcrumb\"},\"inLanguage\":\"fr-FR\",\"potentialAction\":[{\"@type\":\"ReadAction\",\"target\":[\"https:\\\/\\\/www.webdo.tn\\\/fr\\\/actualite\\\/terrorisme\\\/tunisie-20-terroristes-ont-perpetre-lattaque-de-boulaaba-selon-le-ministere-de-linterieur\\\/180034\\\/\"]}]},{\"@type\":\"ImageObject\",\"inLanguage\":\"fr-FR\",\"@id\":\"https:\\\/\\\/www.webdo.tn\\\/fr\\\/actualite\\\/terrorisme\\\/tunisie-20-terroristes-ont-perpetre-lattaque-de-boulaaba-selon-le-ministere-de-linterieur\\\/180034\\\/#primaryimage\",\"url\":\"https:\\\/\\\/www.webdo.tn\\\/fr\\\/wp-content\\\/uploads\\\/2015\\\/02\\\/webdo_default-9.jpg\",\"contentUrl\":\"https:\\\/\\\/www.webdo.tn\\\/fr\\\/wp-content\\\/uploads\\\/2015\\\/02\\\/webdo_default-9.jpg\",\"width\":800,\"height\":500,\"caption\":\"Une vingtaine de terroristes ont tu\u00e9 par balles quatre agents de la Garde Nationale \u00e0 Boula\u00e2ba\"},{\"@type\":\"BreadcrumbList\",\"@id\":\"https:\\\/\\\/www.webdo.tn\\\/fr\\\/actualite\\\/terrorisme\\\/tunisie-20-terroristes-ont-perpetre-lattaque-de-boulaaba-selon-le-ministere-de-linterieur\\\/180034\\\/#breadcrumb\",\"itemListElement\":[{\"@type\":\"ListItem\",\"position\":1,\"name\":\"Accueil\",\"item\":\"https:\\\/\\\/www.webdo.tn\\\/fr\\\/\"},{\"@type\":\"ListItem\",\"position\":2,\"name\":\"Une vingtaine de terroristes ont tu\u00e9 par balles quatre agents de la Garde Nationale \u00e0 Boula\u00e2ba\"}]},{\"@type\":\"WebSite\",\"@id\":\"https:\\\/\\\/www.webdo.tn\\\/fr\\\/#website\",\"url\":\"https:\\\/\\\/www.webdo.tn\\\/fr\\\/\",\"name\":\"webdo\",\"description\":\"Tunisie - News en Tunisie et \u00e0 l&#039;international sur Webdo.tn\",\"publisher\":{\"@id\":\"https:\\\/\\\/www.webdo.tn\\\/fr\\\/#organization\"},\"potentialAction\":[{\"@type\":\"SearchAction\",\"target\":{\"@type\":\"EntryPoint\",\"urlTemplate\":\"https:\\\/\\\/www.webdo.tn\\\/fr\\\/?s={search_term_string}\"},\"query-input\":{\"@type\":\"PropertyValueSpecification\",\"valueRequired\":true,\"valueName\":\"search_term_string\"}}],\"inLanguage\":\"fr-FR\"},{\"@type\":\"Organization\",\"@id\":\"https:\\\/\\\/www.webdo.tn\\\/fr\\\/#organization\",\"name\":\"Webdo\",\"alternateName\":\"Webdo.tn\",\"url\":\"https:\\\/\\\/www.webdo.tn\\\/fr\\\/\",\"logo\":{\"@type\":\"ImageObject\",\"inLanguage\":\"fr-FR\",\"@id\":\"https:\\\/\\\/www.webdo.tn\\\/fr\\\/#\\\/schema\\\/logo\\\/image\\\/\",\"url\":\"https:\\\/\\\/www.webdo.tn\\\/fr\\\/wp-content\\\/uploads\\\/2025\\\/06\\\/Webdo-Tunisie_168377.jpg\",\"contentUrl\":\"https:\\\/\\\/www.webdo.tn\\\/fr\\\/wp-content\\\/uploads\\\/2025\\\/06\\\/Webdo-Tunisie_168377.jpg\",\"width\":301,\"height\":301,\"caption\":\"Webdo\"},\"image\":{\"@id\":\"https:\\\/\\\/www.webdo.tn\\\/fr\\\/#\\\/schema\\\/logo\\\/image\\\/\"},\"sameAs\":[\"https:\\\/\\\/www.facebook.com\\\/webdotn\",\"https:\\\/\\\/x.com\\\/webdo_tn\"],\"description\":\"Webdo est un m\u00e9dia num\u00e9rique tunisien fond\u00e9 en 2010, sp\u00e9cialis\u00e9 dans l\u2019actualit\u00e9 nationale et internationale, l\u2019\u00e9conomie, la soci\u00e9t\u00e9 et les analyses politiques. Le site s\u2019adresse \u00e0 un large public francophone et couvre l\u2019information tunisienne en temps r\u00e9el.\",\"email\":\"redac@webdo.tn\",\"legalName\":\"YNJ SARL\",\"foundingDate\":\"2010-09-06\",\"numberOfEmployees\":{\"@type\":\"QuantitativeValue\",\"minValue\":\"11\",\"maxValue\":\"50\"}},{\"@type\":\"Person\",\"@id\":\"https:\\\/\\\/www.webdo.tn\\\/fr\\\/#\\\/schema\\\/person\\\/9a9c6118d687c117df8ef3cc36a4d175\",\"name\":\"webdo.tn\",\"image\":{\"@type\":\"ImageObject\",\"inLanguage\":\"fr-FR\",\"@id\":\"https:\\\/\\\/secure.gravatar.com\\\/avatar\\\/7ce1f28c0c3bbac99ff550b85ef8e44a6950c6ee24514fb6a5489e51d06f0298?s=96&d=mm&r=g\",\"url\":\"https:\\\/\\\/secure.gravatar.com\\\/avatar\\\/7ce1f28c0c3bbac99ff550b85ef8e44a6950c6ee24514fb6a5489e51d06f0298?s=96&d=mm&r=g\",\"contentUrl\":\"https:\\\/\\\/secure.gravatar.com\\\/avatar\\\/7ce1f28c0c3bbac99ff550b85ef8e44a6950c6ee24514fb6a5489e51d06f0298?s=96&d=mm&r=g\",\"caption\":\"webdo.tn\"},\"url\":\"https:\\\/\\\/www.webdo.tn\\\/fr\\\/actualite\\\/author\\\/webdotn\\\/\"}]}<\/script>\n<!-- \/ Yoast SEO Premium plugin. -->","yoast_head_json":{"title":"Une vingtaine de terroristes ont tu\u00e9 par balles quatre agents de la Garde Nationale \u00e0 Boula\u00e2ba","description":"Une vingtaine de terroristes ont tu\u00e9 par balles quatre agents de la Garde Nationale \u00e0 Boula\u00e2ba","canonical":"https:\/\/www.webdo.tn\/fr\/actualite\/terrorisme\/tunisie-20-terroristes-ont-perpetre-lattaque-de-boulaaba-selon-le-ministere-de-linterieur\/180034\/","og_locale":"fr_FR","og_type":"article","og_title":"Une vingtaine de terroristes ont tu\u00e9 par balles quatre agents de la Garde Nationale \u00e0 Boula\u00e2ba","og_description":"Une vingtaine de terroristes ont tu\u00e9 par balles quatre agents de la Garde Nationale \u00e0 Boula\u00e2ba","og_url":"https:\/\/www.webdo.tn\/fr\/actualite\/terrorisme\/tunisie-20-terroristes-ont-perpetre-lattaque-de-boulaaba-selon-le-ministere-de-linterieur\/180034\/","og_site_name":"webdo","article_publisher":"https:\/\/www.facebook.com\/webdotn","article_published_time":"2015-02-18T11:50:00+00:00","article_modified_time":"2025-05-19T10:21:50+00:00","og_image":[{"width":800,"height":500,"url":"https:\/\/www.webdo.tn\/fr\/wp-content\/uploads\/2015\/02\/webdo_default-9.jpg","type":"image\/jpeg"}],"author":"webdo.tn","twitter_card":"summary_large_image","twitter_creator":"@webdo_tn","twitter_site":"@webdo_tn","twitter_misc":{"\u00c9crit par":"webdo.tn","Dur\u00e9e de lecture estim\u00e9e":"1 minute"},"schema":{"@context":"https:\/\/schema.org","@graph":[{"@type":"NewsArticle","@id":"https:\/\/www.webdo.tn\/fr\/actualite\/terrorisme\/tunisie-20-terroristes-ont-perpetre-lattaque-de-boulaaba-selon-le-ministere-de-linterieur\/180034\/#article","isPartOf":{"@id":"https:\/\/www.webdo.tn\/fr\/actualite\/terrorisme\/tunisie-20-terroristes-ont-perpetre-lattaque-de-boulaaba-selon-le-ministere-de-linterieur\/180034\/"},"author":{"name":"webdo.tn","@id":"https:\/\/www.webdo.tn\/fr\/#\/schema\/person\/9a9c6118d687c117df8ef3cc36a4d175"},"headline":"Une vingtaine de terroristes ont tu\u00e9 par balles quatre agents de la Garde Nationale \u00e0 Boula\u00e2ba","datePublished":"2015-02-18T11:50:00+00:00","dateModified":"2025-05-19T10:21:50+00:00","mainEntityOfPage":{"@id":"https:\/\/www.webdo.tn\/fr\/actualite\/terrorisme\/tunisie-20-terroristes-ont-perpetre-lattaque-de-boulaaba-selon-le-ministere-de-linterieur\/180034\/"},"wordCount":188,"commentCount":0,"publisher":{"@id":"https:\/\/www.webdo.tn\/fr\/#organization"},"image":{"@id":"https:\/\/www.webdo.tn\/fr\/actualite\/terrorisme\/tunisie-20-terroristes-ont-perpetre-lattaque-de-boulaaba-selon-le-ministere-de-linterieur\/180034\/#primaryimage"},"thumbnailUrl":"https:\/\/www.webdo.tn\/fr\/wp-content\/uploads\/2015\/02\/webdo_default-9.jpg","keywords":["guerre"],"articleSection":["Terrorisme"],"inLanguage":"fr-FR"},{"@type":"WebPage","@id":"https:\/\/www.webdo.tn\/fr\/actualite\/terrorisme\/tunisie-20-terroristes-ont-perpetre-lattaque-de-boulaaba-selon-le-ministere-de-linterieur\/180034\/","url":"https:\/\/www.webdo.tn\/fr\/actualite\/terrorisme\/tunisie-20-terroristes-ont-perpetre-lattaque-de-boulaaba-selon-le-ministere-de-linterieur\/180034\/","name":"Une vingtaine de terroristes ont tu\u00e9 par balles quatre agents de la Garde Nationale \u00e0 Boula\u00e2ba","isPartOf":{"@id":"https:\/\/www.webdo.tn\/fr\/#website"},"primaryImageOfPage":{"@id":"https:\/\/www.webdo.tn\/fr\/actualite\/terrorisme\/tunisie-20-terroristes-ont-perpetre-lattaque-de-boulaaba-selon-le-ministere-de-linterieur\/180034\/#primaryimage"},"image":{"@id":"https:\/\/www.webdo.tn\/fr\/actualite\/terrorisme\/tunisie-20-terroristes-ont-perpetre-lattaque-de-boulaaba-selon-le-ministere-de-linterieur\/180034\/#primaryimage"},"thumbnailUrl":"https:\/\/www.webdo.tn\/fr\/wp-content\/uploads\/2015\/02\/webdo_default-9.jpg","datePublished":"2015-02-18T11:50:00+00:00","dateModified":"2025-05-19T10:21:50+00:00","description":"Une vingtaine de terroristes ont tu\u00e9 par balles quatre agents de la Garde Nationale \u00e0 Boula\u00e2ba","breadcrumb":{"@id":"https:\/\/www.webdo.tn\/fr\/actualite\/terrorisme\/tunisie-20-terroristes-ont-perpetre-lattaque-de-boulaaba-selon-le-ministere-de-linterieur\/180034\/#breadcrumb"},"inLanguage":"fr-FR","potentialAction":[{"@type":"ReadAction","target":["https:\/\/www.webdo.tn\/fr\/actualite\/terrorisme\/tunisie-20-terroristes-ont-perpetre-lattaque-de-boulaaba-selon-le-ministere-de-linterieur\/180034\/"]}]},{"@type":"ImageObject","inLanguage":"fr-FR","@id":"https:\/\/www.webdo.tn\/fr\/actualite\/terrorisme\/tunisie-20-terroristes-ont-perpetre-lattaque-de-boulaaba-selon-le-ministere-de-linterieur\/180034\/#primaryimage","url":"https:\/\/www.webdo.tn\/fr\/wp-content\/uploads\/2015\/02\/webdo_default-9.jpg","contentUrl":"https:\/\/www.webdo.tn\/fr\/wp-content\/uploads\/2015\/02\/webdo_default-9.jpg","width":800,"height":500,"caption":"Une vingtaine de terroristes ont tu\u00e9 par balles quatre agents de la Garde Nationale \u00e0 Boula\u00e2ba"},{"@type":"BreadcrumbList","@id":"https:\/\/www.webdo.tn\/fr\/actualite\/terrorisme\/tunisie-20-terroristes-ont-perpetre-lattaque-de-boulaaba-selon-le-ministere-de-linterieur\/180034\/#breadcrumb","itemListElement":[{"@type":"ListItem","position":1,"name":"Accueil","item":"https:\/\/www.webdo.tn\/fr\/"},{"@type":"ListItem","position":2,"name":"Une vingtaine de terroristes ont tu\u00e9 par balles quatre agents de la Garde Nationale \u00e0 Boula\u00e2ba"}]},{"@type":"WebSite","@id":"https:\/\/www.webdo.tn\/fr\/#website","url":"https:\/\/www.webdo.tn\/fr\/","name":"webdo","description":"Tunisie - News en Tunisie et \u00e0 l&#039;international sur Webdo.tn","publisher":{"@id":"https:\/\/www.webdo.tn\/fr\/#organization"},"potentialAction":[{"@type":"SearchAction","target":{"@type":"EntryPoint","urlTemplate":"https:\/\/www.webdo.tn\/fr\/?s={search_term_string}"},"query-input":{"@type":"PropertyValueSpecification","valueRequired":true,"valueName":"search_term_string"}}],"inLanguage":"fr-FR"},{"@type":"Organization","@id":"https:\/\/www.webdo.tn\/fr\/#organization","name":"Webdo","alternateName":"Webdo.tn","url":"https:\/\/www.webdo.tn\/fr\/","logo":{"@type":"ImageObject","inLanguage":"fr-FR","@id":"https:\/\/www.webdo.tn\/fr\/#\/schema\/logo\/image\/","url":"https:\/\/www.webdo.tn\/fr\/wp-content\/uploads\/2025\/06\/Webdo-Tunisie_168377.jpg","contentUrl":"https:\/\/www.webdo.tn\/fr\/wp-content\/uploads\/2025\/06\/Webdo-Tunisie_168377.jpg","width":301,"height":301,"caption":"Webdo"},"image":{"@id":"https:\/\/www.webdo.tn\/fr\/#\/schema\/logo\/image\/"},"sameAs":["https:\/\/www.facebook.com\/webdotn","https:\/\/x.com\/webdo_tn"],"description":"Webdo est un m\u00e9dia num\u00e9rique tunisien fond\u00e9 en 2010, sp\u00e9cialis\u00e9 dans l\u2019actualit\u00e9 nationale et internationale, l\u2019\u00e9conomie, la soci\u00e9t\u00e9 et les analyses politiques. Le site s\u2019adresse \u00e0 un large public francophone et couvre l\u2019information tunisienne en temps r\u00e9el.","email":"redac@webdo.tn","legalName":"YNJ SARL","foundingDate":"2010-09-06","numberOfEmployees":{"@type":"QuantitativeValue","minValue":"11","maxValue":"50"}},{"@type":"Person","@id":"https:\/\/www.webdo.tn\/fr\/#\/schema\/person\/9a9c6118d687c117df8ef3cc36a4d175","name":"webdo.tn","image":{"@type":"ImageObject","inLanguage":"fr-FR","@id":"https:\/\/secure.gravatar.com\/avatar\/7ce1f28c0c3bbac99ff550b85ef8e44a6950c6ee24514fb6a5489e51d06f0298?s=96&d=mm&r=g","url":"https:\/\/secure.gravatar.com\/avatar\/7ce1f28c0c3bbac99ff550b85ef8e44a6950c6ee24514fb6a5489e51d06f0298?s=96&d=mm&r=g","contentUrl":"https:\/\/secure.gravatar.com\/avatar\/7ce1f28c0c3bbac99ff550b85ef8e44a6950c6ee24514fb6a5489e51d06f0298?s=96&d=mm&r=g","caption":"webdo.tn"},"url":"https:\/\/www.webdo.tn\/fr\/actualite\/author\/webdotn\/"}]}},"_links":{"self":[{"href":"https:\/\/www.webdo.tn\/fr\/wp-json\/wp\/v2\/posts\/180034","targetHints":{"allow":["GET"]}}],"collection":[{"href":"https:\/\/www.webdo.tn\/fr\/wp-json\/wp\/v2\/posts"}],"about":[{"href":"https:\/\/www.webdo.tn\/fr\/wp-json\/wp\/v2\/types\/post"}],"author":[{"embeddable":true,"href":"https:\/\/www.webdo.tn\/fr\/wp-json\/wp\/v2\/users\/3222"}],"replies":[{"embeddable":true,"href":"https:\/\/www.webdo.tn\/fr\/wp-json\/wp\/v2\/comments?post=180034"}],"version-history":[{"count":0,"href":"https:\/\/www.webdo.tn\/fr\/wp-json\/wp\/v2\/posts\/180034\/revisions"}],"wp:featuredmedia":[{"embeddable":true,"href":"https:\/\/www.webdo.tn\/fr\/wp-json\/wp\/v2\/media\/319049"}],"wp:attachment":[{"href":"https:\/\/www.webdo.tn\/fr\/wp-json\/wp\/v2\/media?parent=180034"}],"wp:term":[{"taxonomy":"category","embeddable":true,"href":"https:\/\/www.webdo.tn\/fr\/wp-json\/wp\/v2\/categories?post=180034"},{"taxonomy":"post_tag","embeddable":true,"href":"https:\/\/www.webdo.tn\/fr\/wp-json\/wp\/v2\/tags?post=180034"}],"curies":[{"name":"wp","href":"https:\/\/api.w.org\/{rel}","templated":true}]}}