{"id":180032,"date":"2015-02-28T11:35:00","date_gmt":"2015-02-28T11:35:00","guid":{"rendered":"https:\/\/www.webdo.tn\/fr\/blog\/400-cellules-terroristes-dormantes-existent-en-tunisie-selon-mazen-cherif\/180032\/"},"modified":"2025-05-19T10:21:31","modified_gmt":"2025-05-19T10:21:31","slug":"400-cellules-terroristes-dormantes-existent-en-tunisie-selon-mazen-cherif","status":"publish","type":"post","link":"https:\/\/www.webdo.tn\/fr\/actualite\/terrorisme\/400-cellules-terroristes-dormantes-existent-en-tunisie-selon-mazen-cherif\/180032\/","title":{"rendered":"\u00ab\u00a0400 cellules terroristes dormantes existent en Tunisie\u00a0\u00bb selon Mazen Cherif"},"content":{"rendered":"<p>Tunis | \u00ab\u00a0400 cellules terroristes dormantes existent en Tunisie\u00a0\u00bb a r\u00e9v\u00e9l\u00e9 ce samedi 28 f\u00e9vrier Mazen Cherif l&rsquo;un des intervenants (qui se pr\u00e9sente comme un expert dans les affaires s\u00e9curitaires et militaires) lors d&rsquo;un s\u00e9minaire organis\u00e9 par le Centre tunisien pour les Etudes de s\u00e9curit\u00e9 globale (CTESG)\u00a0\u00e0 Tunis. Cet \u00e9v\u00e9nement a \u00e9t\u00e9 organis\u00e9 avec le soutien de la fondation allemande Hann Seidel sur \u00ab\u00a0La situation s\u00e9curitaire en Libye et son impact sur la Tunisie\u00a0\u00bb.<br \/>\nUn chiffre confirm\u00e9 par le minist\u00e8re de l&rsquo;Int\u00e9rieur tunisien<br \/>\nD&rsquo;apr\u00e8s le Colonel Major Mokhtar Ben Nasr, pr\u00e9sident du\u00a0CTESG et ancien porte-parole du minist\u00e8re de la D\u00e9fense, ce chiffre a \u00e9t\u00e9 affirm\u00e9 par le minist\u00e8re de l&rsquo;Int\u00e9rieur tunisien. \u00ab\u00a0Il reste impr\u00e9cis puisqu&rsquo;il s&rsquo;agit de \u00ab\u00a0cellules dormantes\u00a0\u00bb, mais il est approximatif\u00a0\u00bb, nous a-t-il expliqu\u00e9.<\/p>\n<p>Selon M. Ch\u00e9rif, ces cellules seraient compos\u00e9es entre 15 et 25 membres.\u00a0Pour le pr\u00e9dicateur F\u00e9rid Beji, pr\u00e9sent aussi au s\u00e9minaire, ces cellules ne sont pas \u00ab\u00a0dormantes\u00a0\u00bb mais \u00ab\u00a0bien \u00e9veill\u00e9es en attente d&rsquo;un ordre pour attaquer &#8230;\u00a0\u00bb.<\/p>\n<p>Rafik Chelly, secr\u00e9taire d\u2019Etat aupr\u00e8s du minist\u00e8re de l\u2019Int\u00e9rieur charg\u00e9 de la s\u00fbret\u00e9 nationale, avait affirm\u00e9 le 13 f\u00e9vrier dernier que \u00ab\u00a0500 djihadistes tunisiens de Daech sont revenus en Tunisie\u00a0\u00bb et que 10.000 Tunisiens ont \u00e9t\u00e9 emp\u00each\u00e9s de quitter le territoire tunisien pour aller en Syrie et en Irak tout en soulignant que le recrutement de nouveaux djihadistes continue en Tunisie.<\/p>\n","protected":false},"excerpt":{"rendered":"<p>400 cellules terroristes dormantes existent en Tunisie  selon Mazen Cherif<\/p>\n","protected":false},"author":3222,"featured_media":373087,"comment_status":"open","ping_status":"closed","sticky":false,"template":"","format":"standard","meta":{"footnotes":""},"categories":[11342],"tags":[2600],"class_list":["post-180032","post","type-post","status-publish","format-standard","has-post-thumbnail","hentry","category-terrorisme","tag-guerre"],"yoast_head":"<!-- This site is optimized with the Yoast SEO Premium plugin v27.4 (Yoast SEO v27.5) - https:\/\/yoast.com\/product\/yoast-seo-premium-wordpress\/ -->\n<title>400 cellules terroristes dormantes existent en Tunisie selon Mazen Cherif<\/title>\n<meta name=\"description\" content=\"400 cellules terroristes dormantes existent en Tunisie selon Mazen Cherif\" \/>\n<link rel=\"canonical\" href=\"https:\/\/www.webdo.tn\/fr\/actualite\/terrorisme\/400-cellules-terroristes-dormantes-existent-en-tunisie-selon-mazen-cherif\/180032\/\" \/>\n<meta property=\"og:locale\" content=\"fr_FR\" \/>\n<meta property=\"og:type\" content=\"article\" \/>\n<meta property=\"og:title\" content=\"&quot;400 cellules terroristes dormantes existent en Tunisie&quot; selon Mazen Cherif\" \/>\n<meta property=\"og:description\" content=\"400 cellules terroristes dormantes existent en Tunisie selon Mazen Cherif\" \/>\n<meta property=\"og:url\" content=\"https:\/\/www.webdo.tn\/fr\/actualite\/terrorisme\/400-cellules-terroristes-dormantes-existent-en-tunisie-selon-mazen-cherif\/180032\/\" \/>\n<meta property=\"og:site_name\" content=\"webdo\" \/>\n<meta property=\"article:publisher\" content=\"https:\/\/www.facebook.com\/webdotn\" \/>\n<meta property=\"article:published_time\" content=\"2015-02-28T11:35:00+00:00\" \/>\n<meta property=\"article:modified_time\" content=\"2025-05-19T10:21:31+00:00\" \/>\n<meta property=\"og:image\" content=\"https:\/\/www.webdo.tn\/fr\/wp-content\/uploads\/2025\/06\/Capture-decran-2015-02-28-a-11.23.05_180032.png\" \/>\n\t<meta property=\"og:image:width\" content=\"700\" \/>\n\t<meta property=\"og:image:height\" content=\"360\" \/>\n\t<meta property=\"og:image:type\" content=\"image\/png\" \/>\n<meta name=\"author\" content=\"webdo.tn\" \/>\n<meta name=\"twitter:card\" content=\"summary_large_image\" \/>\n<meta name=\"twitter:creator\" content=\"@webdo_tn\" \/>\n<meta name=\"twitter:site\" content=\"@webdo_tn\" \/>\n<meta name=\"twitter:label1\" content=\"\u00c9crit par\" \/>\n\t<meta name=\"twitter:data1\" content=\"webdo.tn\" \/>\n\t<meta name=\"twitter:label2\" content=\"Dur\u00e9e de lecture estim\u00e9e\" \/>\n\t<meta name=\"twitter:data2\" content=\"1 minute\" \/>\n<script type=\"application\/ld+json\" class=\"yoast-schema-graph\">{\"@context\":\"https:\\\/\\\/schema.org\",\"@graph\":[{\"@type\":\"NewsArticle\",\"@id\":\"https:\\\/\\\/www.webdo.tn\\\/fr\\\/actualite\\\/terrorisme\\\/400-cellules-terroristes-dormantes-existent-en-tunisie-selon-mazen-cherif\\\/180032\\\/#article\",\"isPartOf\":{\"@id\":\"https:\\\/\\\/www.webdo.tn\\\/fr\\\/actualite\\\/terrorisme\\\/400-cellules-terroristes-dormantes-existent-en-tunisie-selon-mazen-cherif\\\/180032\\\/\"},\"author\":{\"name\":\"webdo.tn\",\"@id\":\"https:\\\/\\\/www.webdo.tn\\\/fr\\\/#\\\/schema\\\/person\\\/9a9c6118d687c117df8ef3cc36a4d175\"},\"headline\":\"\u00ab\u00a0400 cellules terroristes dormantes existent en Tunisie\u00a0\u00bb selon Mazen Cherif\",\"datePublished\":\"2015-02-28T11:35:00+00:00\",\"dateModified\":\"2025-05-19T10:21:31+00:00\",\"mainEntityOfPage\":{\"@id\":\"https:\\\/\\\/www.webdo.tn\\\/fr\\\/actualite\\\/terrorisme\\\/400-cellules-terroristes-dormantes-existent-en-tunisie-selon-mazen-cherif\\\/180032\\\/\"},\"wordCount\":268,\"commentCount\":0,\"publisher\":{\"@id\":\"https:\\\/\\\/www.webdo.tn\\\/fr\\\/#organization\"},\"image\":{\"@id\":\"https:\\\/\\\/www.webdo.tn\\\/fr\\\/actualite\\\/terrorisme\\\/400-cellules-terroristes-dormantes-existent-en-tunisie-selon-mazen-cherif\\\/180032\\\/#primaryimage\"},\"thumbnailUrl\":\"https:\\\/\\\/www.webdo.tn\\\/fr\\\/wp-content\\\/uploads\\\/2025\\\/06\\\/Capture-decran-2015-02-28-a-11.23.05_180032.png\",\"keywords\":[\"guerre\"],\"articleSection\":[\"Terrorisme\"],\"inLanguage\":\"fr-FR\"},{\"@type\":\"WebPage\",\"@id\":\"https:\\\/\\\/www.webdo.tn\\\/fr\\\/actualite\\\/terrorisme\\\/400-cellules-terroristes-dormantes-existent-en-tunisie-selon-mazen-cherif\\\/180032\\\/\",\"url\":\"https:\\\/\\\/www.webdo.tn\\\/fr\\\/actualite\\\/terrorisme\\\/400-cellules-terroristes-dormantes-existent-en-tunisie-selon-mazen-cherif\\\/180032\\\/\",\"name\":\"400 cellules terroristes dormantes existent en Tunisie selon Mazen Cherif\",\"isPartOf\":{\"@id\":\"https:\\\/\\\/www.webdo.tn\\\/fr\\\/#website\"},\"primaryImageOfPage\":{\"@id\":\"https:\\\/\\\/www.webdo.tn\\\/fr\\\/actualite\\\/terrorisme\\\/400-cellules-terroristes-dormantes-existent-en-tunisie-selon-mazen-cherif\\\/180032\\\/#primaryimage\"},\"image\":{\"@id\":\"https:\\\/\\\/www.webdo.tn\\\/fr\\\/actualite\\\/terrorisme\\\/400-cellules-terroristes-dormantes-existent-en-tunisie-selon-mazen-cherif\\\/180032\\\/#primaryimage\"},\"thumbnailUrl\":\"https:\\\/\\\/www.webdo.tn\\\/fr\\\/wp-content\\\/uploads\\\/2025\\\/06\\\/Capture-decran-2015-02-28-a-11.23.05_180032.png\",\"datePublished\":\"2015-02-28T11:35:00+00:00\",\"dateModified\":\"2025-05-19T10:21:31+00:00\",\"description\":\"400 cellules terroristes dormantes existent en Tunisie selon Mazen Cherif\",\"breadcrumb\":{\"@id\":\"https:\\\/\\\/www.webdo.tn\\\/fr\\\/actualite\\\/terrorisme\\\/400-cellules-terroristes-dormantes-existent-en-tunisie-selon-mazen-cherif\\\/180032\\\/#breadcrumb\"},\"inLanguage\":\"fr-FR\",\"potentialAction\":[{\"@type\":\"ReadAction\",\"target\":[\"https:\\\/\\\/www.webdo.tn\\\/fr\\\/actualite\\\/terrorisme\\\/400-cellules-terroristes-dormantes-existent-en-tunisie-selon-mazen-cherif\\\/180032\\\/\"]}]},{\"@type\":\"ImageObject\",\"inLanguage\":\"fr-FR\",\"@id\":\"https:\\\/\\\/www.webdo.tn\\\/fr\\\/actualite\\\/terrorisme\\\/400-cellules-terroristes-dormantes-existent-en-tunisie-selon-mazen-cherif\\\/180032\\\/#primaryimage\",\"url\":\"https:\\\/\\\/www.webdo.tn\\\/fr\\\/wp-content\\\/uploads\\\/2025\\\/06\\\/Capture-decran-2015-02-28-a-11.23.05_180032.png\",\"contentUrl\":\"https:\\\/\\\/www.webdo.tn\\\/fr\\\/wp-content\\\/uploads\\\/2025\\\/06\\\/Capture-decran-2015-02-28-a-11.23.05_180032.png\",\"width\":700,\"height\":360,\"caption\":\"\\\"400 cellules terroristes dormantes existent en Tunisie\\\" selon Mazen Cherif\"},{\"@type\":\"BreadcrumbList\",\"@id\":\"https:\\\/\\\/www.webdo.tn\\\/fr\\\/actualite\\\/terrorisme\\\/400-cellules-terroristes-dormantes-existent-en-tunisie-selon-mazen-cherif\\\/180032\\\/#breadcrumb\",\"itemListElement\":[{\"@type\":\"ListItem\",\"position\":1,\"name\":\"Accueil\",\"item\":\"https:\\\/\\\/www.webdo.tn\\\/fr\\\/\"},{\"@type\":\"ListItem\",\"position\":2,\"name\":\"\u00ab\u00a0400 cellules terroristes dormantes existent en Tunisie\u00a0\u00bb selon Mazen Cherif\"}]},{\"@type\":\"WebSite\",\"@id\":\"https:\\\/\\\/www.webdo.tn\\\/fr\\\/#website\",\"url\":\"https:\\\/\\\/www.webdo.tn\\\/fr\\\/\",\"name\":\"webdo\",\"description\":\"Tunisie - News en Tunisie et \u00e0 l&#039;international sur Webdo.tn\",\"publisher\":{\"@id\":\"https:\\\/\\\/www.webdo.tn\\\/fr\\\/#organization\"},\"potentialAction\":[{\"@type\":\"SearchAction\",\"target\":{\"@type\":\"EntryPoint\",\"urlTemplate\":\"https:\\\/\\\/www.webdo.tn\\\/fr\\\/?s={search_term_string}\"},\"query-input\":{\"@type\":\"PropertyValueSpecification\",\"valueRequired\":true,\"valueName\":\"search_term_string\"}}],\"inLanguage\":\"fr-FR\"},{\"@type\":\"Organization\",\"@id\":\"https:\\\/\\\/www.webdo.tn\\\/fr\\\/#organization\",\"name\":\"Webdo\",\"alternateName\":\"Webdo.tn\",\"url\":\"https:\\\/\\\/www.webdo.tn\\\/fr\\\/\",\"logo\":{\"@type\":\"ImageObject\",\"inLanguage\":\"fr-FR\",\"@id\":\"https:\\\/\\\/www.webdo.tn\\\/fr\\\/#\\\/schema\\\/logo\\\/image\\\/\",\"url\":\"https:\\\/\\\/www.webdo.tn\\\/fr\\\/wp-content\\\/uploads\\\/2025\\\/06\\\/Webdo-Tunisie_168377.jpg\",\"contentUrl\":\"https:\\\/\\\/www.webdo.tn\\\/fr\\\/wp-content\\\/uploads\\\/2025\\\/06\\\/Webdo-Tunisie_168377.jpg\",\"width\":301,\"height\":301,\"caption\":\"Webdo\"},\"image\":{\"@id\":\"https:\\\/\\\/www.webdo.tn\\\/fr\\\/#\\\/schema\\\/logo\\\/image\\\/\"},\"sameAs\":[\"https:\\\/\\\/www.facebook.com\\\/webdotn\",\"https:\\\/\\\/x.com\\\/webdo_tn\"],\"description\":\"Webdo est un m\u00e9dia num\u00e9rique tunisien fond\u00e9 en 2010, sp\u00e9cialis\u00e9 dans l\u2019actualit\u00e9 nationale et internationale, l\u2019\u00e9conomie, la soci\u00e9t\u00e9 et les analyses politiques. Le site s\u2019adresse \u00e0 un large public francophone et couvre l\u2019information tunisienne en temps r\u00e9el.\",\"email\":\"redac@webdo.tn\",\"legalName\":\"YNJ SARL\",\"foundingDate\":\"2010-09-06\",\"numberOfEmployees\":{\"@type\":\"QuantitativeValue\",\"minValue\":\"11\",\"maxValue\":\"50\"}},{\"@type\":\"Person\",\"@id\":\"https:\\\/\\\/www.webdo.tn\\\/fr\\\/#\\\/schema\\\/person\\\/9a9c6118d687c117df8ef3cc36a4d175\",\"name\":\"webdo.tn\",\"image\":{\"@type\":\"ImageObject\",\"inLanguage\":\"fr-FR\",\"@id\":\"https:\\\/\\\/secure.gravatar.com\\\/avatar\\\/7ce1f28c0c3bbac99ff550b85ef8e44a6950c6ee24514fb6a5489e51d06f0298?s=96&d=mm&r=g\",\"url\":\"https:\\\/\\\/secure.gravatar.com\\\/avatar\\\/7ce1f28c0c3bbac99ff550b85ef8e44a6950c6ee24514fb6a5489e51d06f0298?s=96&d=mm&r=g\",\"contentUrl\":\"https:\\\/\\\/secure.gravatar.com\\\/avatar\\\/7ce1f28c0c3bbac99ff550b85ef8e44a6950c6ee24514fb6a5489e51d06f0298?s=96&d=mm&r=g\",\"caption\":\"webdo.tn\"},\"url\":\"https:\\\/\\\/www.webdo.tn\\\/fr\\\/actualite\\\/author\\\/webdotn\\\/\"}]}<\/script>\n<!-- \/ Yoast SEO Premium plugin. -->","yoast_head_json":{"title":"400 cellules terroristes dormantes existent en Tunisie selon Mazen Cherif","description":"400 cellules terroristes dormantes existent en Tunisie selon Mazen Cherif","canonical":"https:\/\/www.webdo.tn\/fr\/actualite\/terrorisme\/400-cellules-terroristes-dormantes-existent-en-tunisie-selon-mazen-cherif\/180032\/","og_locale":"fr_FR","og_type":"article","og_title":"\"400 cellules terroristes dormantes existent en Tunisie\" selon Mazen Cherif","og_description":"400 cellules terroristes dormantes existent en Tunisie selon Mazen Cherif","og_url":"https:\/\/www.webdo.tn\/fr\/actualite\/terrorisme\/400-cellules-terroristes-dormantes-existent-en-tunisie-selon-mazen-cherif\/180032\/","og_site_name":"webdo","article_publisher":"https:\/\/www.facebook.com\/webdotn","article_published_time":"2015-02-28T11:35:00+00:00","article_modified_time":"2025-05-19T10:21:31+00:00","og_image":[{"width":700,"height":360,"url":"https:\/\/www.webdo.tn\/fr\/wp-content\/uploads\/2025\/06\/Capture-decran-2015-02-28-a-11.23.05_180032.png","type":"image\/png"}],"author":"webdo.tn","twitter_card":"summary_large_image","twitter_creator":"@webdo_tn","twitter_site":"@webdo_tn","twitter_misc":{"\u00c9crit par":"webdo.tn","Dur\u00e9e de lecture estim\u00e9e":"1 minute"},"schema":{"@context":"https:\/\/schema.org","@graph":[{"@type":"NewsArticle","@id":"https:\/\/www.webdo.tn\/fr\/actualite\/terrorisme\/400-cellules-terroristes-dormantes-existent-en-tunisie-selon-mazen-cherif\/180032\/#article","isPartOf":{"@id":"https:\/\/www.webdo.tn\/fr\/actualite\/terrorisme\/400-cellules-terroristes-dormantes-existent-en-tunisie-selon-mazen-cherif\/180032\/"},"author":{"name":"webdo.tn","@id":"https:\/\/www.webdo.tn\/fr\/#\/schema\/person\/9a9c6118d687c117df8ef3cc36a4d175"},"headline":"\u00ab\u00a0400 cellules terroristes dormantes existent en Tunisie\u00a0\u00bb selon Mazen Cherif","datePublished":"2015-02-28T11:35:00+00:00","dateModified":"2025-05-19T10:21:31+00:00","mainEntityOfPage":{"@id":"https:\/\/www.webdo.tn\/fr\/actualite\/terrorisme\/400-cellules-terroristes-dormantes-existent-en-tunisie-selon-mazen-cherif\/180032\/"},"wordCount":268,"commentCount":0,"publisher":{"@id":"https:\/\/www.webdo.tn\/fr\/#organization"},"image":{"@id":"https:\/\/www.webdo.tn\/fr\/actualite\/terrorisme\/400-cellules-terroristes-dormantes-existent-en-tunisie-selon-mazen-cherif\/180032\/#primaryimage"},"thumbnailUrl":"https:\/\/www.webdo.tn\/fr\/wp-content\/uploads\/2025\/06\/Capture-decran-2015-02-28-a-11.23.05_180032.png","keywords":["guerre"],"articleSection":["Terrorisme"],"inLanguage":"fr-FR"},{"@type":"WebPage","@id":"https:\/\/www.webdo.tn\/fr\/actualite\/terrorisme\/400-cellules-terroristes-dormantes-existent-en-tunisie-selon-mazen-cherif\/180032\/","url":"https:\/\/www.webdo.tn\/fr\/actualite\/terrorisme\/400-cellules-terroristes-dormantes-existent-en-tunisie-selon-mazen-cherif\/180032\/","name":"400 cellules terroristes dormantes existent en Tunisie selon Mazen Cherif","isPartOf":{"@id":"https:\/\/www.webdo.tn\/fr\/#website"},"primaryImageOfPage":{"@id":"https:\/\/www.webdo.tn\/fr\/actualite\/terrorisme\/400-cellules-terroristes-dormantes-existent-en-tunisie-selon-mazen-cherif\/180032\/#primaryimage"},"image":{"@id":"https:\/\/www.webdo.tn\/fr\/actualite\/terrorisme\/400-cellules-terroristes-dormantes-existent-en-tunisie-selon-mazen-cherif\/180032\/#primaryimage"},"thumbnailUrl":"https:\/\/www.webdo.tn\/fr\/wp-content\/uploads\/2025\/06\/Capture-decran-2015-02-28-a-11.23.05_180032.png","datePublished":"2015-02-28T11:35:00+00:00","dateModified":"2025-05-19T10:21:31+00:00","description":"400 cellules terroristes dormantes existent en Tunisie selon Mazen Cherif","breadcrumb":{"@id":"https:\/\/www.webdo.tn\/fr\/actualite\/terrorisme\/400-cellules-terroristes-dormantes-existent-en-tunisie-selon-mazen-cherif\/180032\/#breadcrumb"},"inLanguage":"fr-FR","potentialAction":[{"@type":"ReadAction","target":["https:\/\/www.webdo.tn\/fr\/actualite\/terrorisme\/400-cellules-terroristes-dormantes-existent-en-tunisie-selon-mazen-cherif\/180032\/"]}]},{"@type":"ImageObject","inLanguage":"fr-FR","@id":"https:\/\/www.webdo.tn\/fr\/actualite\/terrorisme\/400-cellules-terroristes-dormantes-existent-en-tunisie-selon-mazen-cherif\/180032\/#primaryimage","url":"https:\/\/www.webdo.tn\/fr\/wp-content\/uploads\/2025\/06\/Capture-decran-2015-02-28-a-11.23.05_180032.png","contentUrl":"https:\/\/www.webdo.tn\/fr\/wp-content\/uploads\/2025\/06\/Capture-decran-2015-02-28-a-11.23.05_180032.png","width":700,"height":360,"caption":"\"400 cellules terroristes dormantes existent en Tunisie\" selon Mazen Cherif"},{"@type":"BreadcrumbList","@id":"https:\/\/www.webdo.tn\/fr\/actualite\/terrorisme\/400-cellules-terroristes-dormantes-existent-en-tunisie-selon-mazen-cherif\/180032\/#breadcrumb","itemListElement":[{"@type":"ListItem","position":1,"name":"Accueil","item":"https:\/\/www.webdo.tn\/fr\/"},{"@type":"ListItem","position":2,"name":"\u00ab\u00a0400 cellules terroristes dormantes existent en Tunisie\u00a0\u00bb selon Mazen Cherif"}]},{"@type":"WebSite","@id":"https:\/\/www.webdo.tn\/fr\/#website","url":"https:\/\/www.webdo.tn\/fr\/","name":"webdo","description":"Tunisie - News en Tunisie et \u00e0 l&#039;international sur Webdo.tn","publisher":{"@id":"https:\/\/www.webdo.tn\/fr\/#organization"},"potentialAction":[{"@type":"SearchAction","target":{"@type":"EntryPoint","urlTemplate":"https:\/\/www.webdo.tn\/fr\/?s={search_term_string}"},"query-input":{"@type":"PropertyValueSpecification","valueRequired":true,"valueName":"search_term_string"}}],"inLanguage":"fr-FR"},{"@type":"Organization","@id":"https:\/\/www.webdo.tn\/fr\/#organization","name":"Webdo","alternateName":"Webdo.tn","url":"https:\/\/www.webdo.tn\/fr\/","logo":{"@type":"ImageObject","inLanguage":"fr-FR","@id":"https:\/\/www.webdo.tn\/fr\/#\/schema\/logo\/image\/","url":"https:\/\/www.webdo.tn\/fr\/wp-content\/uploads\/2025\/06\/Webdo-Tunisie_168377.jpg","contentUrl":"https:\/\/www.webdo.tn\/fr\/wp-content\/uploads\/2025\/06\/Webdo-Tunisie_168377.jpg","width":301,"height":301,"caption":"Webdo"},"image":{"@id":"https:\/\/www.webdo.tn\/fr\/#\/schema\/logo\/image\/"},"sameAs":["https:\/\/www.facebook.com\/webdotn","https:\/\/x.com\/webdo_tn"],"description":"Webdo est un m\u00e9dia num\u00e9rique tunisien fond\u00e9 en 2010, sp\u00e9cialis\u00e9 dans l\u2019actualit\u00e9 nationale et internationale, l\u2019\u00e9conomie, la soci\u00e9t\u00e9 et les analyses politiques. Le site s\u2019adresse \u00e0 un large public francophone et couvre l\u2019information tunisienne en temps r\u00e9el.","email":"redac@webdo.tn","legalName":"YNJ SARL","foundingDate":"2010-09-06","numberOfEmployees":{"@type":"QuantitativeValue","minValue":"11","maxValue":"50"}},{"@type":"Person","@id":"https:\/\/www.webdo.tn\/fr\/#\/schema\/person\/9a9c6118d687c117df8ef3cc36a4d175","name":"webdo.tn","image":{"@type":"ImageObject","inLanguage":"fr-FR","@id":"https:\/\/secure.gravatar.com\/avatar\/7ce1f28c0c3bbac99ff550b85ef8e44a6950c6ee24514fb6a5489e51d06f0298?s=96&d=mm&r=g","url":"https:\/\/secure.gravatar.com\/avatar\/7ce1f28c0c3bbac99ff550b85ef8e44a6950c6ee24514fb6a5489e51d06f0298?s=96&d=mm&r=g","contentUrl":"https:\/\/secure.gravatar.com\/avatar\/7ce1f28c0c3bbac99ff550b85ef8e44a6950c6ee24514fb6a5489e51d06f0298?s=96&d=mm&r=g","caption":"webdo.tn"},"url":"https:\/\/www.webdo.tn\/fr\/actualite\/author\/webdotn\/"}]}},"_links":{"self":[{"href":"https:\/\/www.webdo.tn\/fr\/wp-json\/wp\/v2\/posts\/180032","targetHints":{"allow":["GET"]}}],"collection":[{"href":"https:\/\/www.webdo.tn\/fr\/wp-json\/wp\/v2\/posts"}],"about":[{"href":"https:\/\/www.webdo.tn\/fr\/wp-json\/wp\/v2\/types\/post"}],"author":[{"embeddable":true,"href":"https:\/\/www.webdo.tn\/fr\/wp-json\/wp\/v2\/users\/3222"}],"replies":[{"embeddable":true,"href":"https:\/\/www.webdo.tn\/fr\/wp-json\/wp\/v2\/comments?post=180032"}],"version-history":[{"count":0,"href":"https:\/\/www.webdo.tn\/fr\/wp-json\/wp\/v2\/posts\/180032\/revisions"}],"wp:featuredmedia":[{"embeddable":true,"href":"https:\/\/www.webdo.tn\/fr\/wp-json\/wp\/v2\/media\/373087"}],"wp:attachment":[{"href":"https:\/\/www.webdo.tn\/fr\/wp-json\/wp\/v2\/media?parent=180032"}],"wp:term":[{"taxonomy":"category","embeddable":true,"href":"https:\/\/www.webdo.tn\/fr\/wp-json\/wp\/v2\/categories?post=180032"},{"taxonomy":"post_tag","embeddable":true,"href":"https:\/\/www.webdo.tn\/fr\/wp-json\/wp\/v2\/tags?post=180032"}],"curies":[{"name":"wp","href":"https:\/\/api.w.org\/{rel}","templated":true}]}}