{"id":180031,"date":"2015-03-09T11:50:00","date_gmt":"2015-03-09T11:50:00","guid":{"rendered":"https:\/\/www.webdo.tn\/fr\/actualite\/blog\/tunisie-trois-presumes-terroristes-arretes-a-tataouine\/185961\/"},"modified":"2025-05-22T12:58:52","modified_gmt":"2025-05-22T12:58:52","slug":"tunisie-trois-presumes-terroristes-arretes-a-tataouine","status":"publish","type":"post","link":"https:\/\/www.webdo.tn\/fr\/actualite\/terrorisme\/tunisie-trois-presumes-terroristes-arretes-a-tataouine\/180031\/","title":{"rendered":"Trois pr\u00e9sum\u00e9s terroristes arr\u00eat\u00e9s \u00e0 Tataouine"},"content":{"rendered":"<p>Les forces s\u00e9curitaires \u00e0 Tataouine, ont arr\u00eat\u00e9, ce dimanche 8 mars, trois individus, soup\u00e7onn\u00e9s de terrorisme.<\/p>\n<p>Selon une \u00ab\u00a0source s\u00e9curitaire\u00a0\u00bb, les trois individus \u00e9taient recherch\u00e9s, rapporte l\u2019agence TAP.<\/p>\n<p>Retranch\u00e9s dans un appartement dans le centre-ville de Tataouine, ils sont\u00a0soup\u00e7onn\u00e9s d\u2019avoir planifi\u00e9 leur fuite vers la Libye.<\/p>\n","protected":false},"excerpt":{"rendered":"<p>Trois pr\u00e9sum\u00e9s terroristes arr\u00eat\u00e9s \u00e0 Tataouine<\/p>\n","protected":false},"author":3222,"featured_media":352245,"comment_status":"open","ping_status":"closed","sticky":false,"template":"","format":"standard","meta":{"footnotes":""},"categories":[11342],"tags":[],"class_list":["post-180031","post","type-post","status-publish","format-standard","has-post-thumbnail","hentry","category-terrorisme"],"yoast_head":"<!-- This site is optimized with the Yoast SEO Premium plugin v27.4 (Yoast SEO v27.5) - https:\/\/yoast.com\/product\/yoast-seo-premium-wordpress\/ -->\n<title>Trois pr\u00e9sum\u00e9s terroristes arr\u00eat\u00e9s \u00e0 Tataouine<\/title>\n<meta name=\"description\" content=\"Trois pr\u00e9sum\u00e9s terroristes arr\u00eat\u00e9s \u00e0 Tataouine\" \/>\n<link rel=\"canonical\" href=\"https:\/\/www.webdo.tn\/fr\/actualite\/terrorisme\/tunisie-trois-presumes-terroristes-arretes-a-tataouine\/180031\/\" \/>\n<meta property=\"og:locale\" content=\"fr_FR\" \/>\n<meta property=\"og:type\" content=\"article\" \/>\n<meta property=\"og:title\" content=\"Trois pr\u00e9sum\u00e9s terroristes arr\u00eat\u00e9s \u00e0 Tataouine\" \/>\n<meta property=\"og:description\" content=\"Trois pr\u00e9sum\u00e9s terroristes arr\u00eat\u00e9s \u00e0 Tataouine\" \/>\n<meta property=\"og:url\" content=\"https:\/\/www.webdo.tn\/fr\/actualite\/terrorisme\/tunisie-trois-presumes-terroristes-arretes-a-tataouine\/180031\/\" \/>\n<meta property=\"og:site_name\" content=\"webdo\" \/>\n<meta property=\"article:publisher\" content=\"https:\/\/www.facebook.com\/webdotn\" \/>\n<meta property=\"article:published_time\" content=\"2015-03-09T11:50:00+00:00\" \/>\n<meta property=\"article:modified_time\" content=\"2025-05-22T12:58:52+00:00\" \/>\n<meta property=\"og:image\" content=\"https:\/\/www.webdo.tn\/fr\/wp-content\/uploads\/2015\/03\/map-Tataouine.jpg\" \/>\n\t<meta property=\"og:image:width\" content=\"600\" \/>\n\t<meta property=\"og:image:height\" content=\"426\" \/>\n\t<meta property=\"og:image:type\" content=\"image\/jpeg\" \/>\n<meta name=\"author\" content=\"webdo.tn\" \/>\n<meta name=\"twitter:card\" content=\"summary_large_image\" \/>\n<meta name=\"twitter:creator\" content=\"@webdo_tn\" \/>\n<meta name=\"twitter:site\" content=\"@webdo_tn\" \/>\n<meta name=\"twitter:label1\" content=\"\u00c9crit par\" \/>\n\t<meta name=\"twitter:data1\" content=\"webdo.tn\" \/>\n<script type=\"application\/ld+json\" class=\"yoast-schema-graph\">{\"@context\":\"https:\\\/\\\/schema.org\",\"@graph\":[{\"@type\":\"NewsArticle\",\"@id\":\"https:\\\/\\\/www.webdo.tn\\\/fr\\\/actualite\\\/terrorisme\\\/tunisie-trois-presumes-terroristes-arretes-a-tataouine\\\/180031\\\/#article\",\"isPartOf\":{\"@id\":\"https:\\\/\\\/www.webdo.tn\\\/fr\\\/actualite\\\/terrorisme\\\/tunisie-trois-presumes-terroristes-arretes-a-tataouine\\\/180031\\\/\"},\"author\":{\"name\":\"webdo.tn\",\"@id\":\"https:\\\/\\\/www.webdo.tn\\\/fr\\\/#\\\/schema\\\/person\\\/9a9c6118d687c117df8ef3cc36a4d175\"},\"headline\":\"Trois pr\u00e9sum\u00e9s terroristes arr\u00eat\u00e9s \u00e0 Tataouine\",\"datePublished\":\"2015-03-09T11:50:00+00:00\",\"dateModified\":\"2025-05-22T12:58:52+00:00\",\"mainEntityOfPage\":{\"@id\":\"https:\\\/\\\/www.webdo.tn\\\/fr\\\/actualite\\\/terrorisme\\\/tunisie-trois-presumes-terroristes-arretes-a-tataouine\\\/180031\\\/\"},\"wordCount\":65,\"commentCount\":0,\"publisher\":{\"@id\":\"https:\\\/\\\/www.webdo.tn\\\/fr\\\/#organization\"},\"image\":{\"@id\":\"https:\\\/\\\/www.webdo.tn\\\/fr\\\/actualite\\\/terrorisme\\\/tunisie-trois-presumes-terroristes-arretes-a-tataouine\\\/180031\\\/#primaryimage\"},\"thumbnailUrl\":\"https:\\\/\\\/www.webdo.tn\\\/fr\\\/wp-content\\\/uploads\\\/2015\\\/03\\\/map-Tataouine.jpg\",\"articleSection\":[\"Terrorisme\"],\"inLanguage\":\"fr-FR\"},{\"@type\":\"WebPage\",\"@id\":\"https:\\\/\\\/www.webdo.tn\\\/fr\\\/actualite\\\/terrorisme\\\/tunisie-trois-presumes-terroristes-arretes-a-tataouine\\\/180031\\\/\",\"url\":\"https:\\\/\\\/www.webdo.tn\\\/fr\\\/actualite\\\/terrorisme\\\/tunisie-trois-presumes-terroristes-arretes-a-tataouine\\\/180031\\\/\",\"name\":\"Trois pr\u00e9sum\u00e9s terroristes arr\u00eat\u00e9s \u00e0 Tataouine\",\"isPartOf\":{\"@id\":\"https:\\\/\\\/www.webdo.tn\\\/fr\\\/#website\"},\"primaryImageOfPage\":{\"@id\":\"https:\\\/\\\/www.webdo.tn\\\/fr\\\/actualite\\\/terrorisme\\\/tunisie-trois-presumes-terroristes-arretes-a-tataouine\\\/180031\\\/#primaryimage\"},\"image\":{\"@id\":\"https:\\\/\\\/www.webdo.tn\\\/fr\\\/actualite\\\/terrorisme\\\/tunisie-trois-presumes-terroristes-arretes-a-tataouine\\\/180031\\\/#primaryimage\"},\"thumbnailUrl\":\"https:\\\/\\\/www.webdo.tn\\\/fr\\\/wp-content\\\/uploads\\\/2015\\\/03\\\/map-Tataouine.jpg\",\"datePublished\":\"2015-03-09T11:50:00+00:00\",\"dateModified\":\"2025-05-22T12:58:52+00:00\",\"description\":\"Trois pr\u00e9sum\u00e9s terroristes arr\u00eat\u00e9s \u00e0 Tataouine\",\"breadcrumb\":{\"@id\":\"https:\\\/\\\/www.webdo.tn\\\/fr\\\/actualite\\\/terrorisme\\\/tunisie-trois-presumes-terroristes-arretes-a-tataouine\\\/180031\\\/#breadcrumb\"},\"inLanguage\":\"fr-FR\",\"potentialAction\":[{\"@type\":\"ReadAction\",\"target\":[\"https:\\\/\\\/www.webdo.tn\\\/fr\\\/actualite\\\/terrorisme\\\/tunisie-trois-presumes-terroristes-arretes-a-tataouine\\\/180031\\\/\"]}]},{\"@type\":\"ImageObject\",\"inLanguage\":\"fr-FR\",\"@id\":\"https:\\\/\\\/www.webdo.tn\\\/fr\\\/actualite\\\/terrorisme\\\/tunisie-trois-presumes-terroristes-arretes-a-tataouine\\\/180031\\\/#primaryimage\",\"url\":\"https:\\\/\\\/www.webdo.tn\\\/fr\\\/wp-content\\\/uploads\\\/2015\\\/03\\\/map-Tataouine.jpg\",\"contentUrl\":\"https:\\\/\\\/www.webdo.tn\\\/fr\\\/wp-content\\\/uploads\\\/2015\\\/03\\\/map-Tataouine.jpg\",\"width\":600,\"height\":426,\"caption\":\"Trois pr\u00e9sum\u00e9s terroristes arr\u00eat\u00e9s \u00e0 Tataouine\"},{\"@type\":\"BreadcrumbList\",\"@id\":\"https:\\\/\\\/www.webdo.tn\\\/fr\\\/actualite\\\/terrorisme\\\/tunisie-trois-presumes-terroristes-arretes-a-tataouine\\\/180031\\\/#breadcrumb\",\"itemListElement\":[{\"@type\":\"ListItem\",\"position\":1,\"name\":\"Accueil\",\"item\":\"https:\\\/\\\/www.webdo.tn\\\/fr\\\/\"},{\"@type\":\"ListItem\",\"position\":2,\"name\":\"Trois pr\u00e9sum\u00e9s terroristes arr\u00eat\u00e9s \u00e0 Tataouine\"}]},{\"@type\":\"WebSite\",\"@id\":\"https:\\\/\\\/www.webdo.tn\\\/fr\\\/#website\",\"url\":\"https:\\\/\\\/www.webdo.tn\\\/fr\\\/\",\"name\":\"webdo\",\"description\":\"Tunisie - News en Tunisie et \u00e0 l&#039;international sur Webdo.tn\",\"publisher\":{\"@id\":\"https:\\\/\\\/www.webdo.tn\\\/fr\\\/#organization\"},\"potentialAction\":[{\"@type\":\"SearchAction\",\"target\":{\"@type\":\"EntryPoint\",\"urlTemplate\":\"https:\\\/\\\/www.webdo.tn\\\/fr\\\/?s={search_term_string}\"},\"query-input\":{\"@type\":\"PropertyValueSpecification\",\"valueRequired\":true,\"valueName\":\"search_term_string\"}}],\"inLanguage\":\"fr-FR\"},{\"@type\":\"Organization\",\"@id\":\"https:\\\/\\\/www.webdo.tn\\\/fr\\\/#organization\",\"name\":\"Webdo\",\"alternateName\":\"Webdo.tn\",\"url\":\"https:\\\/\\\/www.webdo.tn\\\/fr\\\/\",\"logo\":{\"@type\":\"ImageObject\",\"inLanguage\":\"fr-FR\",\"@id\":\"https:\\\/\\\/www.webdo.tn\\\/fr\\\/#\\\/schema\\\/logo\\\/image\\\/\",\"url\":\"https:\\\/\\\/www.webdo.tn\\\/fr\\\/wp-content\\\/uploads\\\/2025\\\/06\\\/Webdo-Tunisie_168377.jpg\",\"contentUrl\":\"https:\\\/\\\/www.webdo.tn\\\/fr\\\/wp-content\\\/uploads\\\/2025\\\/06\\\/Webdo-Tunisie_168377.jpg\",\"width\":301,\"height\":301,\"caption\":\"Webdo\"},\"image\":{\"@id\":\"https:\\\/\\\/www.webdo.tn\\\/fr\\\/#\\\/schema\\\/logo\\\/image\\\/\"},\"sameAs\":[\"https:\\\/\\\/www.facebook.com\\\/webdotn\",\"https:\\\/\\\/x.com\\\/webdo_tn\"],\"description\":\"Webdo est un m\u00e9dia num\u00e9rique tunisien fond\u00e9 en 2010, sp\u00e9cialis\u00e9 dans l\u2019actualit\u00e9 nationale et internationale, l\u2019\u00e9conomie, la soci\u00e9t\u00e9 et les analyses politiques. Le site s\u2019adresse \u00e0 un large public francophone et couvre l\u2019information tunisienne en temps r\u00e9el.\",\"email\":\"redac@webdo.tn\",\"legalName\":\"YNJ SARL\",\"foundingDate\":\"2010-09-06\",\"numberOfEmployees\":{\"@type\":\"QuantitativeValue\",\"minValue\":\"11\",\"maxValue\":\"50\"}},{\"@type\":\"Person\",\"@id\":\"https:\\\/\\\/www.webdo.tn\\\/fr\\\/#\\\/schema\\\/person\\\/9a9c6118d687c117df8ef3cc36a4d175\",\"name\":\"webdo.tn\",\"image\":{\"@type\":\"ImageObject\",\"inLanguage\":\"fr-FR\",\"@id\":\"https:\\\/\\\/secure.gravatar.com\\\/avatar\\\/7ce1f28c0c3bbac99ff550b85ef8e44a6950c6ee24514fb6a5489e51d06f0298?s=96&d=mm&r=g\",\"url\":\"https:\\\/\\\/secure.gravatar.com\\\/avatar\\\/7ce1f28c0c3bbac99ff550b85ef8e44a6950c6ee24514fb6a5489e51d06f0298?s=96&d=mm&r=g\",\"contentUrl\":\"https:\\\/\\\/secure.gravatar.com\\\/avatar\\\/7ce1f28c0c3bbac99ff550b85ef8e44a6950c6ee24514fb6a5489e51d06f0298?s=96&d=mm&r=g\",\"caption\":\"webdo.tn\"},\"url\":\"https:\\\/\\\/www.webdo.tn\\\/fr\\\/actualite\\\/author\\\/webdotn\\\/\"}]}<\/script>\n<!-- \/ Yoast SEO Premium plugin. -->","yoast_head_json":{"title":"Trois pr\u00e9sum\u00e9s terroristes arr\u00eat\u00e9s \u00e0 Tataouine","description":"Trois pr\u00e9sum\u00e9s terroristes arr\u00eat\u00e9s \u00e0 Tataouine","canonical":"https:\/\/www.webdo.tn\/fr\/actualite\/terrorisme\/tunisie-trois-presumes-terroristes-arretes-a-tataouine\/180031\/","og_locale":"fr_FR","og_type":"article","og_title":"Trois pr\u00e9sum\u00e9s terroristes arr\u00eat\u00e9s \u00e0 Tataouine","og_description":"Trois pr\u00e9sum\u00e9s terroristes arr\u00eat\u00e9s \u00e0 Tataouine","og_url":"https:\/\/www.webdo.tn\/fr\/actualite\/terrorisme\/tunisie-trois-presumes-terroristes-arretes-a-tataouine\/180031\/","og_site_name":"webdo","article_publisher":"https:\/\/www.facebook.com\/webdotn","article_published_time":"2015-03-09T11:50:00+00:00","article_modified_time":"2025-05-22T12:58:52+00:00","og_image":[{"width":600,"height":426,"url":"https:\/\/www.webdo.tn\/fr\/wp-content\/uploads\/2015\/03\/map-Tataouine.jpg","type":"image\/jpeg"}],"author":"webdo.tn","twitter_card":"summary_large_image","twitter_creator":"@webdo_tn","twitter_site":"@webdo_tn","twitter_misc":{"\u00c9crit par":"webdo.tn"},"schema":{"@context":"https:\/\/schema.org","@graph":[{"@type":"NewsArticle","@id":"https:\/\/www.webdo.tn\/fr\/actualite\/terrorisme\/tunisie-trois-presumes-terroristes-arretes-a-tataouine\/180031\/#article","isPartOf":{"@id":"https:\/\/www.webdo.tn\/fr\/actualite\/terrorisme\/tunisie-trois-presumes-terroristes-arretes-a-tataouine\/180031\/"},"author":{"name":"webdo.tn","@id":"https:\/\/www.webdo.tn\/fr\/#\/schema\/person\/9a9c6118d687c117df8ef3cc36a4d175"},"headline":"Trois pr\u00e9sum\u00e9s terroristes arr\u00eat\u00e9s \u00e0 Tataouine","datePublished":"2015-03-09T11:50:00+00:00","dateModified":"2025-05-22T12:58:52+00:00","mainEntityOfPage":{"@id":"https:\/\/www.webdo.tn\/fr\/actualite\/terrorisme\/tunisie-trois-presumes-terroristes-arretes-a-tataouine\/180031\/"},"wordCount":65,"commentCount":0,"publisher":{"@id":"https:\/\/www.webdo.tn\/fr\/#organization"},"image":{"@id":"https:\/\/www.webdo.tn\/fr\/actualite\/terrorisme\/tunisie-trois-presumes-terroristes-arretes-a-tataouine\/180031\/#primaryimage"},"thumbnailUrl":"https:\/\/www.webdo.tn\/fr\/wp-content\/uploads\/2015\/03\/map-Tataouine.jpg","articleSection":["Terrorisme"],"inLanguage":"fr-FR"},{"@type":"WebPage","@id":"https:\/\/www.webdo.tn\/fr\/actualite\/terrorisme\/tunisie-trois-presumes-terroristes-arretes-a-tataouine\/180031\/","url":"https:\/\/www.webdo.tn\/fr\/actualite\/terrorisme\/tunisie-trois-presumes-terroristes-arretes-a-tataouine\/180031\/","name":"Trois pr\u00e9sum\u00e9s terroristes arr\u00eat\u00e9s \u00e0 Tataouine","isPartOf":{"@id":"https:\/\/www.webdo.tn\/fr\/#website"},"primaryImageOfPage":{"@id":"https:\/\/www.webdo.tn\/fr\/actualite\/terrorisme\/tunisie-trois-presumes-terroristes-arretes-a-tataouine\/180031\/#primaryimage"},"image":{"@id":"https:\/\/www.webdo.tn\/fr\/actualite\/terrorisme\/tunisie-trois-presumes-terroristes-arretes-a-tataouine\/180031\/#primaryimage"},"thumbnailUrl":"https:\/\/www.webdo.tn\/fr\/wp-content\/uploads\/2015\/03\/map-Tataouine.jpg","datePublished":"2015-03-09T11:50:00+00:00","dateModified":"2025-05-22T12:58:52+00:00","description":"Trois pr\u00e9sum\u00e9s terroristes arr\u00eat\u00e9s \u00e0 Tataouine","breadcrumb":{"@id":"https:\/\/www.webdo.tn\/fr\/actualite\/terrorisme\/tunisie-trois-presumes-terroristes-arretes-a-tataouine\/180031\/#breadcrumb"},"inLanguage":"fr-FR","potentialAction":[{"@type":"ReadAction","target":["https:\/\/www.webdo.tn\/fr\/actualite\/terrorisme\/tunisie-trois-presumes-terroristes-arretes-a-tataouine\/180031\/"]}]},{"@type":"ImageObject","inLanguage":"fr-FR","@id":"https:\/\/www.webdo.tn\/fr\/actualite\/terrorisme\/tunisie-trois-presumes-terroristes-arretes-a-tataouine\/180031\/#primaryimage","url":"https:\/\/www.webdo.tn\/fr\/wp-content\/uploads\/2015\/03\/map-Tataouine.jpg","contentUrl":"https:\/\/www.webdo.tn\/fr\/wp-content\/uploads\/2015\/03\/map-Tataouine.jpg","width":600,"height":426,"caption":"Trois pr\u00e9sum\u00e9s terroristes arr\u00eat\u00e9s \u00e0 Tataouine"},{"@type":"BreadcrumbList","@id":"https:\/\/www.webdo.tn\/fr\/actualite\/terrorisme\/tunisie-trois-presumes-terroristes-arretes-a-tataouine\/180031\/#breadcrumb","itemListElement":[{"@type":"ListItem","position":1,"name":"Accueil","item":"https:\/\/www.webdo.tn\/fr\/"},{"@type":"ListItem","position":2,"name":"Trois pr\u00e9sum\u00e9s terroristes arr\u00eat\u00e9s \u00e0 Tataouine"}]},{"@type":"WebSite","@id":"https:\/\/www.webdo.tn\/fr\/#website","url":"https:\/\/www.webdo.tn\/fr\/","name":"webdo","description":"Tunisie - News en Tunisie et \u00e0 l&#039;international sur Webdo.tn","publisher":{"@id":"https:\/\/www.webdo.tn\/fr\/#organization"},"potentialAction":[{"@type":"SearchAction","target":{"@type":"EntryPoint","urlTemplate":"https:\/\/www.webdo.tn\/fr\/?s={search_term_string}"},"query-input":{"@type":"PropertyValueSpecification","valueRequired":true,"valueName":"search_term_string"}}],"inLanguage":"fr-FR"},{"@type":"Organization","@id":"https:\/\/www.webdo.tn\/fr\/#organization","name":"Webdo","alternateName":"Webdo.tn","url":"https:\/\/www.webdo.tn\/fr\/","logo":{"@type":"ImageObject","inLanguage":"fr-FR","@id":"https:\/\/www.webdo.tn\/fr\/#\/schema\/logo\/image\/","url":"https:\/\/www.webdo.tn\/fr\/wp-content\/uploads\/2025\/06\/Webdo-Tunisie_168377.jpg","contentUrl":"https:\/\/www.webdo.tn\/fr\/wp-content\/uploads\/2025\/06\/Webdo-Tunisie_168377.jpg","width":301,"height":301,"caption":"Webdo"},"image":{"@id":"https:\/\/www.webdo.tn\/fr\/#\/schema\/logo\/image\/"},"sameAs":["https:\/\/www.facebook.com\/webdotn","https:\/\/x.com\/webdo_tn"],"description":"Webdo est un m\u00e9dia num\u00e9rique tunisien fond\u00e9 en 2010, sp\u00e9cialis\u00e9 dans l\u2019actualit\u00e9 nationale et internationale, l\u2019\u00e9conomie, la soci\u00e9t\u00e9 et les analyses politiques. Le site s\u2019adresse \u00e0 un large public francophone et couvre l\u2019information tunisienne en temps r\u00e9el.","email":"redac@webdo.tn","legalName":"YNJ SARL","foundingDate":"2010-09-06","numberOfEmployees":{"@type":"QuantitativeValue","minValue":"11","maxValue":"50"}},{"@type":"Person","@id":"https:\/\/www.webdo.tn\/fr\/#\/schema\/person\/9a9c6118d687c117df8ef3cc36a4d175","name":"webdo.tn","image":{"@type":"ImageObject","inLanguage":"fr-FR","@id":"https:\/\/secure.gravatar.com\/avatar\/7ce1f28c0c3bbac99ff550b85ef8e44a6950c6ee24514fb6a5489e51d06f0298?s=96&d=mm&r=g","url":"https:\/\/secure.gravatar.com\/avatar\/7ce1f28c0c3bbac99ff550b85ef8e44a6950c6ee24514fb6a5489e51d06f0298?s=96&d=mm&r=g","contentUrl":"https:\/\/secure.gravatar.com\/avatar\/7ce1f28c0c3bbac99ff550b85ef8e44a6950c6ee24514fb6a5489e51d06f0298?s=96&d=mm&r=g","caption":"webdo.tn"},"url":"https:\/\/www.webdo.tn\/fr\/actualite\/author\/webdotn\/"}]}},"_links":{"self":[{"href":"https:\/\/www.webdo.tn\/fr\/wp-json\/wp\/v2\/posts\/180031","targetHints":{"allow":["GET"]}}],"collection":[{"href":"https:\/\/www.webdo.tn\/fr\/wp-json\/wp\/v2\/posts"}],"about":[{"href":"https:\/\/www.webdo.tn\/fr\/wp-json\/wp\/v2\/types\/post"}],"author":[{"embeddable":true,"href":"https:\/\/www.webdo.tn\/fr\/wp-json\/wp\/v2\/users\/3222"}],"replies":[{"embeddable":true,"href":"https:\/\/www.webdo.tn\/fr\/wp-json\/wp\/v2\/comments?post=180031"}],"version-history":[{"count":0,"href":"https:\/\/www.webdo.tn\/fr\/wp-json\/wp\/v2\/posts\/180031\/revisions"}],"wp:featuredmedia":[{"embeddable":true,"href":"https:\/\/www.webdo.tn\/fr\/wp-json\/wp\/v2\/media\/352245"}],"wp:attachment":[{"href":"https:\/\/www.webdo.tn\/fr\/wp-json\/wp\/v2\/media?parent=180031"}],"wp:term":[{"taxonomy":"category","embeddable":true,"href":"https:\/\/www.webdo.tn\/fr\/wp-json\/wp\/v2\/categories?post=180031"},{"taxonomy":"post_tag","embeddable":true,"href":"https:\/\/www.webdo.tn\/fr\/wp-json\/wp\/v2\/tags?post=180031"}],"curies":[{"name":"wp","href":"https:\/\/api.w.org\/{rel}","templated":true}]}}