{"id":180030,"date":"2015-03-09T18:09:00","date_gmt":"2015-03-09T18:09:00","guid":{"rendered":"https:\/\/www.webdo.tn\/fr\/blog\/tunisie-decouverte-dun-troisieme-depot-darmes-ben-guerdane\/180030\/"},"modified":"2025-05-22T12:58:41","modified_gmt":"2025-05-22T12:58:41","slug":"tunisie-decouverte-dun-troisieme-depot-darmes-ben-guerdane","status":"publish","type":"post","link":"https:\/\/www.webdo.tn\/fr\/actualite\/terrorisme\/tunisie-decouverte-dun-troisieme-depot-darmes-ben-guerdane\/180030\/","title":{"rendered":"Tunisie : D\u00e9couverte d&rsquo;un troisi\u00e8me d\u00e9p\u00f4t d&rsquo;armes \u00e0 Ben Guerdane"},"content":{"rendered":"<p>Depuis jeudi dernier, la garde nationale a d\u00e9couvert trois caches d&rsquo;armes \u00e0 Ben Guerdane, dans le sud-est de la Tunisie. Le dernier a \u00e9t\u00e9 trouv\u00e9 ce lundi, 9 mars, dans la localit\u00e9 de \u00ab\u00a0Msaref\u00a0\u00bb de la m\u00eame r\u00e9gion, \u00e0 15 KM de la d\u00e9l\u00e9gation et \u00e0 45 KM des fronti\u00e8res tuniso-libyennes, annonce le minist\u00e8re de l&rsquo;Int\u00e9rieur.<\/p>\n<p>[pull_quote_center]<\/p>\n<p>Le d\u00e9p\u00f4t d&rsquo;armes contenait 20 roquettes RPG et 20 charges, \u00a0une lance-roquette RPG, 40 mines anti-char, deux armes FAL, environ 23 000 cartouches, 30 \u00e9lectrochocs et une\u00a0quantit\u00e9 de fusible d\u00e9tonateur.<\/p>\n<p>\u00a0<\/p>\n<p>[\/pull_quote_center]<\/p>\n","protected":false},"excerpt":{"rendered":"<p>Tunisie : D\u00e9couverte d&rsquo;un troisi\u00e8me d\u00e9p\u00f4t d&rsquo;armes \u00e0 Ben Guerdane<\/p>\n","protected":false},"author":3222,"featured_media":373064,"comment_status":"open","ping_status":"closed","sticky":false,"template":"","format":"standard","meta":{"footnotes":""},"categories":[11342],"tags":[],"class_list":["post-180030","post","type-post","status-publish","format-standard","has-post-thumbnail","hentry","category-terrorisme"],"yoast_head":"<!-- This site is optimized with the Yoast SEO Premium plugin v27.4 (Yoast SEO v27.5) - https:\/\/yoast.com\/product\/yoast-seo-premium-wordpress\/ -->\n<title>Tunisie : D\u00e9couverte d&#039;un troisi\u00e8me d\u00e9p\u00f4t d&#039;armes \u00e0 Ben Guerdane<\/title>\n<meta name=\"description\" content=\"Tunisie : D\u00e9couverte d&#039;un troisi\u00e8me d\u00e9p\u00f4t d&#039;armes \u00e0 Ben Guerdane\" \/>\n<link rel=\"canonical\" href=\"https:\/\/www.webdo.tn\/fr\/actualite\/terrorisme\/tunisie-decouverte-dun-troisieme-depot-darmes-ben-guerdane\/180030\/\" \/>\n<meta property=\"og:locale\" content=\"fr_FR\" \/>\n<meta property=\"og:type\" content=\"article\" \/>\n<meta property=\"og:title\" content=\"Tunisie : D\u00e9couverte d&#039;un troisi\u00e8me d\u00e9p\u00f4t d&#039;armes \u00e0 Ben Guerdane\" \/>\n<meta property=\"og:description\" content=\"Tunisie : D\u00e9couverte d&#039;un troisi\u00e8me d\u00e9p\u00f4t d&#039;armes \u00e0 Ben Guerdane\" \/>\n<meta property=\"og:url\" content=\"https:\/\/www.webdo.tn\/fr\/actualite\/terrorisme\/tunisie-decouverte-dun-troisieme-depot-darmes-ben-guerdane\/180030\/\" \/>\n<meta property=\"og:site_name\" content=\"webdo\" \/>\n<meta property=\"article:publisher\" content=\"https:\/\/www.facebook.com\/webdotn\" \/>\n<meta property=\"article:published_time\" content=\"2015-03-09T18:09:00+00:00\" \/>\n<meta property=\"article:modified_time\" content=\"2025-05-22T12:58:41+00:00\" \/>\n<meta property=\"og:image\" content=\"https:\/\/www.webdo.tn\/fr\/wp-content\/uploads\/2025\/06\/Capture-decran-2015-03-06-a-10.37.59-e1425634779440_180030.png\" \/>\n\t<meta property=\"og:image:width\" content=\"600\" \/>\n\t<meta property=\"og:image:height\" content=\"247\" \/>\n\t<meta property=\"og:image:type\" content=\"image\/png\" \/>\n<meta name=\"author\" content=\"webdo.tn\" \/>\n<meta name=\"twitter:card\" content=\"summary_large_image\" \/>\n<meta name=\"twitter:creator\" content=\"@webdo_tn\" \/>\n<meta name=\"twitter:site\" content=\"@webdo_tn\" \/>\n<meta name=\"twitter:label1\" content=\"\u00c9crit par\" \/>\n\t<meta name=\"twitter:data1\" content=\"webdo.tn\" \/>\n<script type=\"application\/ld+json\" class=\"yoast-schema-graph\">{\"@context\":\"https:\\\/\\\/schema.org\",\"@graph\":[{\"@type\":\"NewsArticle\",\"@id\":\"https:\\\/\\\/www.webdo.tn\\\/fr\\\/actualite\\\/terrorisme\\\/tunisie-decouverte-dun-troisieme-depot-darmes-ben-guerdane\\\/180030\\\/#article\",\"isPartOf\":{\"@id\":\"https:\\\/\\\/www.webdo.tn\\\/fr\\\/actualite\\\/terrorisme\\\/tunisie-decouverte-dun-troisieme-depot-darmes-ben-guerdane\\\/180030\\\/\"},\"author\":{\"name\":\"webdo.tn\",\"@id\":\"https:\\\/\\\/www.webdo.tn\\\/fr\\\/#\\\/schema\\\/person\\\/9a9c6118d687c117df8ef3cc36a4d175\"},\"headline\":\"Tunisie : D\u00e9couverte d&rsquo;un troisi\u00e8me d\u00e9p\u00f4t d&rsquo;armes \u00e0 Ben Guerdane\",\"datePublished\":\"2015-03-09T18:09:00+00:00\",\"dateModified\":\"2025-05-22T12:58:41+00:00\",\"mainEntityOfPage\":{\"@id\":\"https:\\\/\\\/www.webdo.tn\\\/fr\\\/actualite\\\/terrorisme\\\/tunisie-decouverte-dun-troisieme-depot-darmes-ben-guerdane\\\/180030\\\/\"},\"wordCount\":109,\"commentCount\":0,\"publisher\":{\"@id\":\"https:\\\/\\\/www.webdo.tn\\\/fr\\\/#organization\"},\"image\":{\"@id\":\"https:\\\/\\\/www.webdo.tn\\\/fr\\\/actualite\\\/terrorisme\\\/tunisie-decouverte-dun-troisieme-depot-darmes-ben-guerdane\\\/180030\\\/#primaryimage\"},\"thumbnailUrl\":\"https:\\\/\\\/www.webdo.tn\\\/fr\\\/wp-content\\\/uploads\\\/2025\\\/06\\\/Capture-decran-2015-03-06-a-10.37.59-e1425634779440_180030.png\",\"articleSection\":[\"Terrorisme\"],\"inLanguage\":\"fr-FR\"},{\"@type\":\"WebPage\",\"@id\":\"https:\\\/\\\/www.webdo.tn\\\/fr\\\/actualite\\\/terrorisme\\\/tunisie-decouverte-dun-troisieme-depot-darmes-ben-guerdane\\\/180030\\\/\",\"url\":\"https:\\\/\\\/www.webdo.tn\\\/fr\\\/actualite\\\/terrorisme\\\/tunisie-decouverte-dun-troisieme-depot-darmes-ben-guerdane\\\/180030\\\/\",\"name\":\"Tunisie : D\u00e9couverte d'un troisi\u00e8me d\u00e9p\u00f4t d'armes \u00e0 Ben Guerdane\",\"isPartOf\":{\"@id\":\"https:\\\/\\\/www.webdo.tn\\\/fr\\\/#website\"},\"primaryImageOfPage\":{\"@id\":\"https:\\\/\\\/www.webdo.tn\\\/fr\\\/actualite\\\/terrorisme\\\/tunisie-decouverte-dun-troisieme-depot-darmes-ben-guerdane\\\/180030\\\/#primaryimage\"},\"image\":{\"@id\":\"https:\\\/\\\/www.webdo.tn\\\/fr\\\/actualite\\\/terrorisme\\\/tunisie-decouverte-dun-troisieme-depot-darmes-ben-guerdane\\\/180030\\\/#primaryimage\"},\"thumbnailUrl\":\"https:\\\/\\\/www.webdo.tn\\\/fr\\\/wp-content\\\/uploads\\\/2025\\\/06\\\/Capture-decran-2015-03-06-a-10.37.59-e1425634779440_180030.png\",\"datePublished\":\"2015-03-09T18:09:00+00:00\",\"dateModified\":\"2025-05-22T12:58:41+00:00\",\"description\":\"Tunisie : D\u00e9couverte d'un troisi\u00e8me d\u00e9p\u00f4t d'armes \u00e0 Ben Guerdane\",\"breadcrumb\":{\"@id\":\"https:\\\/\\\/www.webdo.tn\\\/fr\\\/actualite\\\/terrorisme\\\/tunisie-decouverte-dun-troisieme-depot-darmes-ben-guerdane\\\/180030\\\/#breadcrumb\"},\"inLanguage\":\"fr-FR\",\"potentialAction\":[{\"@type\":\"ReadAction\",\"target\":[\"https:\\\/\\\/www.webdo.tn\\\/fr\\\/actualite\\\/terrorisme\\\/tunisie-decouverte-dun-troisieme-depot-darmes-ben-guerdane\\\/180030\\\/\"]}]},{\"@type\":\"ImageObject\",\"inLanguage\":\"fr-FR\",\"@id\":\"https:\\\/\\\/www.webdo.tn\\\/fr\\\/actualite\\\/terrorisme\\\/tunisie-decouverte-dun-troisieme-depot-darmes-ben-guerdane\\\/180030\\\/#primaryimage\",\"url\":\"https:\\\/\\\/www.webdo.tn\\\/fr\\\/wp-content\\\/uploads\\\/2025\\\/06\\\/Capture-decran-2015-03-06-a-10.37.59-e1425634779440_180030.png\",\"contentUrl\":\"https:\\\/\\\/www.webdo.tn\\\/fr\\\/wp-content\\\/uploads\\\/2025\\\/06\\\/Capture-decran-2015-03-06-a-10.37.59-e1425634779440_180030.png\",\"width\":600,\"height\":247,\"caption\":\"Tunisie : D\u00e9couverte d'un troisi\u00e8me d\u00e9p\u00f4t d'armes \u00e0 Ben Guerdane\"},{\"@type\":\"BreadcrumbList\",\"@id\":\"https:\\\/\\\/www.webdo.tn\\\/fr\\\/actualite\\\/terrorisme\\\/tunisie-decouverte-dun-troisieme-depot-darmes-ben-guerdane\\\/180030\\\/#breadcrumb\",\"itemListElement\":[{\"@type\":\"ListItem\",\"position\":1,\"name\":\"Accueil\",\"item\":\"https:\\\/\\\/www.webdo.tn\\\/fr\\\/\"},{\"@type\":\"ListItem\",\"position\":2,\"name\":\"Tunisie : D\u00e9couverte d&rsquo;un troisi\u00e8me d\u00e9p\u00f4t d&rsquo;armes \u00e0 Ben Guerdane\"}]},{\"@type\":\"WebSite\",\"@id\":\"https:\\\/\\\/www.webdo.tn\\\/fr\\\/#website\",\"url\":\"https:\\\/\\\/www.webdo.tn\\\/fr\\\/\",\"name\":\"webdo\",\"description\":\"Tunisie - News en Tunisie et \u00e0 l&#039;international sur Webdo.tn\",\"publisher\":{\"@id\":\"https:\\\/\\\/www.webdo.tn\\\/fr\\\/#organization\"},\"potentialAction\":[{\"@type\":\"SearchAction\",\"target\":{\"@type\":\"EntryPoint\",\"urlTemplate\":\"https:\\\/\\\/www.webdo.tn\\\/fr\\\/?s={search_term_string}\"},\"query-input\":{\"@type\":\"PropertyValueSpecification\",\"valueRequired\":true,\"valueName\":\"search_term_string\"}}],\"inLanguage\":\"fr-FR\"},{\"@type\":\"Organization\",\"@id\":\"https:\\\/\\\/www.webdo.tn\\\/fr\\\/#organization\",\"name\":\"Webdo\",\"alternateName\":\"Webdo.tn\",\"url\":\"https:\\\/\\\/www.webdo.tn\\\/fr\\\/\",\"logo\":{\"@type\":\"ImageObject\",\"inLanguage\":\"fr-FR\",\"@id\":\"https:\\\/\\\/www.webdo.tn\\\/fr\\\/#\\\/schema\\\/logo\\\/image\\\/\",\"url\":\"https:\\\/\\\/www.webdo.tn\\\/fr\\\/wp-content\\\/uploads\\\/2025\\\/06\\\/Webdo-Tunisie_168377.jpg\",\"contentUrl\":\"https:\\\/\\\/www.webdo.tn\\\/fr\\\/wp-content\\\/uploads\\\/2025\\\/06\\\/Webdo-Tunisie_168377.jpg\",\"width\":301,\"height\":301,\"caption\":\"Webdo\"},\"image\":{\"@id\":\"https:\\\/\\\/www.webdo.tn\\\/fr\\\/#\\\/schema\\\/logo\\\/image\\\/\"},\"sameAs\":[\"https:\\\/\\\/www.facebook.com\\\/webdotn\",\"https:\\\/\\\/x.com\\\/webdo_tn\"],\"description\":\"Webdo est un m\u00e9dia num\u00e9rique tunisien fond\u00e9 en 2010, sp\u00e9cialis\u00e9 dans l\u2019actualit\u00e9 nationale et internationale, l\u2019\u00e9conomie, la soci\u00e9t\u00e9 et les analyses politiques. Le site s\u2019adresse \u00e0 un large public francophone et couvre l\u2019information tunisienne en temps r\u00e9el.\",\"email\":\"redac@webdo.tn\",\"legalName\":\"YNJ SARL\",\"foundingDate\":\"2010-09-06\",\"numberOfEmployees\":{\"@type\":\"QuantitativeValue\",\"minValue\":\"11\",\"maxValue\":\"50\"}},{\"@type\":\"Person\",\"@id\":\"https:\\\/\\\/www.webdo.tn\\\/fr\\\/#\\\/schema\\\/person\\\/9a9c6118d687c117df8ef3cc36a4d175\",\"name\":\"webdo.tn\",\"image\":{\"@type\":\"ImageObject\",\"inLanguage\":\"fr-FR\",\"@id\":\"https:\\\/\\\/secure.gravatar.com\\\/avatar\\\/7ce1f28c0c3bbac99ff550b85ef8e44a6950c6ee24514fb6a5489e51d06f0298?s=96&d=mm&r=g\",\"url\":\"https:\\\/\\\/secure.gravatar.com\\\/avatar\\\/7ce1f28c0c3bbac99ff550b85ef8e44a6950c6ee24514fb6a5489e51d06f0298?s=96&d=mm&r=g\",\"contentUrl\":\"https:\\\/\\\/secure.gravatar.com\\\/avatar\\\/7ce1f28c0c3bbac99ff550b85ef8e44a6950c6ee24514fb6a5489e51d06f0298?s=96&d=mm&r=g\",\"caption\":\"webdo.tn\"},\"url\":\"https:\\\/\\\/www.webdo.tn\\\/fr\\\/actualite\\\/author\\\/webdotn\\\/\"}]}<\/script>\n<!-- \/ Yoast SEO Premium plugin. -->","yoast_head_json":{"title":"Tunisie : D\u00e9couverte d'un troisi\u00e8me d\u00e9p\u00f4t d'armes \u00e0 Ben Guerdane","description":"Tunisie : D\u00e9couverte d'un troisi\u00e8me d\u00e9p\u00f4t d'armes \u00e0 Ben Guerdane","canonical":"https:\/\/www.webdo.tn\/fr\/actualite\/terrorisme\/tunisie-decouverte-dun-troisieme-depot-darmes-ben-guerdane\/180030\/","og_locale":"fr_FR","og_type":"article","og_title":"Tunisie : D\u00e9couverte d'un troisi\u00e8me d\u00e9p\u00f4t d'armes \u00e0 Ben Guerdane","og_description":"Tunisie : D\u00e9couverte d'un troisi\u00e8me d\u00e9p\u00f4t d'armes \u00e0 Ben Guerdane","og_url":"https:\/\/www.webdo.tn\/fr\/actualite\/terrorisme\/tunisie-decouverte-dun-troisieme-depot-darmes-ben-guerdane\/180030\/","og_site_name":"webdo","article_publisher":"https:\/\/www.facebook.com\/webdotn","article_published_time":"2015-03-09T18:09:00+00:00","article_modified_time":"2025-05-22T12:58:41+00:00","og_image":[{"width":600,"height":247,"url":"https:\/\/www.webdo.tn\/fr\/wp-content\/uploads\/2025\/06\/Capture-decran-2015-03-06-a-10.37.59-e1425634779440_180030.png","type":"image\/png"}],"author":"webdo.tn","twitter_card":"summary_large_image","twitter_creator":"@webdo_tn","twitter_site":"@webdo_tn","twitter_misc":{"\u00c9crit par":"webdo.tn"},"schema":{"@context":"https:\/\/schema.org","@graph":[{"@type":"NewsArticle","@id":"https:\/\/www.webdo.tn\/fr\/actualite\/terrorisme\/tunisie-decouverte-dun-troisieme-depot-darmes-ben-guerdane\/180030\/#article","isPartOf":{"@id":"https:\/\/www.webdo.tn\/fr\/actualite\/terrorisme\/tunisie-decouverte-dun-troisieme-depot-darmes-ben-guerdane\/180030\/"},"author":{"name":"webdo.tn","@id":"https:\/\/www.webdo.tn\/fr\/#\/schema\/person\/9a9c6118d687c117df8ef3cc36a4d175"},"headline":"Tunisie : D\u00e9couverte d&rsquo;un troisi\u00e8me d\u00e9p\u00f4t d&rsquo;armes \u00e0 Ben Guerdane","datePublished":"2015-03-09T18:09:00+00:00","dateModified":"2025-05-22T12:58:41+00:00","mainEntityOfPage":{"@id":"https:\/\/www.webdo.tn\/fr\/actualite\/terrorisme\/tunisie-decouverte-dun-troisieme-depot-darmes-ben-guerdane\/180030\/"},"wordCount":109,"commentCount":0,"publisher":{"@id":"https:\/\/www.webdo.tn\/fr\/#organization"},"image":{"@id":"https:\/\/www.webdo.tn\/fr\/actualite\/terrorisme\/tunisie-decouverte-dun-troisieme-depot-darmes-ben-guerdane\/180030\/#primaryimage"},"thumbnailUrl":"https:\/\/www.webdo.tn\/fr\/wp-content\/uploads\/2025\/06\/Capture-decran-2015-03-06-a-10.37.59-e1425634779440_180030.png","articleSection":["Terrorisme"],"inLanguage":"fr-FR"},{"@type":"WebPage","@id":"https:\/\/www.webdo.tn\/fr\/actualite\/terrorisme\/tunisie-decouverte-dun-troisieme-depot-darmes-ben-guerdane\/180030\/","url":"https:\/\/www.webdo.tn\/fr\/actualite\/terrorisme\/tunisie-decouverte-dun-troisieme-depot-darmes-ben-guerdane\/180030\/","name":"Tunisie : D\u00e9couverte d'un troisi\u00e8me d\u00e9p\u00f4t d'armes \u00e0 Ben Guerdane","isPartOf":{"@id":"https:\/\/www.webdo.tn\/fr\/#website"},"primaryImageOfPage":{"@id":"https:\/\/www.webdo.tn\/fr\/actualite\/terrorisme\/tunisie-decouverte-dun-troisieme-depot-darmes-ben-guerdane\/180030\/#primaryimage"},"image":{"@id":"https:\/\/www.webdo.tn\/fr\/actualite\/terrorisme\/tunisie-decouverte-dun-troisieme-depot-darmes-ben-guerdane\/180030\/#primaryimage"},"thumbnailUrl":"https:\/\/www.webdo.tn\/fr\/wp-content\/uploads\/2025\/06\/Capture-decran-2015-03-06-a-10.37.59-e1425634779440_180030.png","datePublished":"2015-03-09T18:09:00+00:00","dateModified":"2025-05-22T12:58:41+00:00","description":"Tunisie : D\u00e9couverte d'un troisi\u00e8me d\u00e9p\u00f4t d'armes \u00e0 Ben Guerdane","breadcrumb":{"@id":"https:\/\/www.webdo.tn\/fr\/actualite\/terrorisme\/tunisie-decouverte-dun-troisieme-depot-darmes-ben-guerdane\/180030\/#breadcrumb"},"inLanguage":"fr-FR","potentialAction":[{"@type":"ReadAction","target":["https:\/\/www.webdo.tn\/fr\/actualite\/terrorisme\/tunisie-decouverte-dun-troisieme-depot-darmes-ben-guerdane\/180030\/"]}]},{"@type":"ImageObject","inLanguage":"fr-FR","@id":"https:\/\/www.webdo.tn\/fr\/actualite\/terrorisme\/tunisie-decouverte-dun-troisieme-depot-darmes-ben-guerdane\/180030\/#primaryimage","url":"https:\/\/www.webdo.tn\/fr\/wp-content\/uploads\/2025\/06\/Capture-decran-2015-03-06-a-10.37.59-e1425634779440_180030.png","contentUrl":"https:\/\/www.webdo.tn\/fr\/wp-content\/uploads\/2025\/06\/Capture-decran-2015-03-06-a-10.37.59-e1425634779440_180030.png","width":600,"height":247,"caption":"Tunisie : D\u00e9couverte d'un troisi\u00e8me d\u00e9p\u00f4t d'armes \u00e0 Ben Guerdane"},{"@type":"BreadcrumbList","@id":"https:\/\/www.webdo.tn\/fr\/actualite\/terrorisme\/tunisie-decouverte-dun-troisieme-depot-darmes-ben-guerdane\/180030\/#breadcrumb","itemListElement":[{"@type":"ListItem","position":1,"name":"Accueil","item":"https:\/\/www.webdo.tn\/fr\/"},{"@type":"ListItem","position":2,"name":"Tunisie : D\u00e9couverte d&rsquo;un troisi\u00e8me d\u00e9p\u00f4t d&rsquo;armes \u00e0 Ben Guerdane"}]},{"@type":"WebSite","@id":"https:\/\/www.webdo.tn\/fr\/#website","url":"https:\/\/www.webdo.tn\/fr\/","name":"webdo","description":"Tunisie - News en Tunisie et \u00e0 l&#039;international sur Webdo.tn","publisher":{"@id":"https:\/\/www.webdo.tn\/fr\/#organization"},"potentialAction":[{"@type":"SearchAction","target":{"@type":"EntryPoint","urlTemplate":"https:\/\/www.webdo.tn\/fr\/?s={search_term_string}"},"query-input":{"@type":"PropertyValueSpecification","valueRequired":true,"valueName":"search_term_string"}}],"inLanguage":"fr-FR"},{"@type":"Organization","@id":"https:\/\/www.webdo.tn\/fr\/#organization","name":"Webdo","alternateName":"Webdo.tn","url":"https:\/\/www.webdo.tn\/fr\/","logo":{"@type":"ImageObject","inLanguage":"fr-FR","@id":"https:\/\/www.webdo.tn\/fr\/#\/schema\/logo\/image\/","url":"https:\/\/www.webdo.tn\/fr\/wp-content\/uploads\/2025\/06\/Webdo-Tunisie_168377.jpg","contentUrl":"https:\/\/www.webdo.tn\/fr\/wp-content\/uploads\/2025\/06\/Webdo-Tunisie_168377.jpg","width":301,"height":301,"caption":"Webdo"},"image":{"@id":"https:\/\/www.webdo.tn\/fr\/#\/schema\/logo\/image\/"},"sameAs":["https:\/\/www.facebook.com\/webdotn","https:\/\/x.com\/webdo_tn"],"description":"Webdo est un m\u00e9dia num\u00e9rique tunisien fond\u00e9 en 2010, sp\u00e9cialis\u00e9 dans l\u2019actualit\u00e9 nationale et internationale, l\u2019\u00e9conomie, la soci\u00e9t\u00e9 et les analyses politiques. Le site s\u2019adresse \u00e0 un large public francophone et couvre l\u2019information tunisienne en temps r\u00e9el.","email":"redac@webdo.tn","legalName":"YNJ SARL","foundingDate":"2010-09-06","numberOfEmployees":{"@type":"QuantitativeValue","minValue":"11","maxValue":"50"}},{"@type":"Person","@id":"https:\/\/www.webdo.tn\/fr\/#\/schema\/person\/9a9c6118d687c117df8ef3cc36a4d175","name":"webdo.tn","image":{"@type":"ImageObject","inLanguage":"fr-FR","@id":"https:\/\/secure.gravatar.com\/avatar\/7ce1f28c0c3bbac99ff550b85ef8e44a6950c6ee24514fb6a5489e51d06f0298?s=96&d=mm&r=g","url":"https:\/\/secure.gravatar.com\/avatar\/7ce1f28c0c3bbac99ff550b85ef8e44a6950c6ee24514fb6a5489e51d06f0298?s=96&d=mm&r=g","contentUrl":"https:\/\/secure.gravatar.com\/avatar\/7ce1f28c0c3bbac99ff550b85ef8e44a6950c6ee24514fb6a5489e51d06f0298?s=96&d=mm&r=g","caption":"webdo.tn"},"url":"https:\/\/www.webdo.tn\/fr\/actualite\/author\/webdotn\/"}]}},"_links":{"self":[{"href":"https:\/\/www.webdo.tn\/fr\/wp-json\/wp\/v2\/posts\/180030","targetHints":{"allow":["GET"]}}],"collection":[{"href":"https:\/\/www.webdo.tn\/fr\/wp-json\/wp\/v2\/posts"}],"about":[{"href":"https:\/\/www.webdo.tn\/fr\/wp-json\/wp\/v2\/types\/post"}],"author":[{"embeddable":true,"href":"https:\/\/www.webdo.tn\/fr\/wp-json\/wp\/v2\/users\/3222"}],"replies":[{"embeddable":true,"href":"https:\/\/www.webdo.tn\/fr\/wp-json\/wp\/v2\/comments?post=180030"}],"version-history":[{"count":0,"href":"https:\/\/www.webdo.tn\/fr\/wp-json\/wp\/v2\/posts\/180030\/revisions"}],"wp:featuredmedia":[{"embeddable":true,"href":"https:\/\/www.webdo.tn\/fr\/wp-json\/wp\/v2\/media\/373064"}],"wp:attachment":[{"href":"https:\/\/www.webdo.tn\/fr\/wp-json\/wp\/v2\/media?parent=180030"}],"wp:term":[{"taxonomy":"category","embeddable":true,"href":"https:\/\/www.webdo.tn\/fr\/wp-json\/wp\/v2\/categories?post=180030"},{"taxonomy":"post_tag","embeddable":true,"href":"https:\/\/www.webdo.tn\/fr\/wp-json\/wp\/v2\/tags?post=180030"}],"curies":[{"name":"wp","href":"https:\/\/api.w.org\/{rel}","templated":true}]}}