{"id":180029,"date":"2015-03-17T17:33:00","date_gmt":"2015-03-17T17:33:00","guid":{"rendered":"https:\/\/www.webdo.tn\/fr\/actualite\/blog\/tunis-la-mort-du-terroriste-ahmed-rouissi-annoncee-par-le-ministere-de-linterieur\/180029\/"},"modified":"2025-05-22T12:58:19","modified_gmt":"2025-05-22T12:58:19","slug":"tunis-la-mort-du-terroriste-ahmed-rouissi-annoncee-par-le-ministere-de-linterieur","status":"publish","type":"post","link":"https:\/\/www.webdo.tn\/fr\/actualite\/terrorisme\/tunis-la-mort-du-terroriste-ahmed-rouissi-annoncee-par-le-ministere-de-linterieur\/180029\/","title":{"rendered":"Le minist\u00e8re de l\u2019Int\u00e9rieur tunisien confirme la mort du terroriste Ahmed Rouissi"},"content":{"rendered":"<p>Tunis | Le minist\u00e8re de l\u2019Int\u00e9rieur aurait des informations qui confirment la mort du terroriste Ahmed Rouissi en Libye. C\u2019est ce qu\u2019a indiqu\u00e9 Mohamed Ali Laroui, porte-parole du minist\u00e8re dans une d\u00e9claration \u00e0 l\u2019agence TAP, ce mardi 17 septembre.<\/p>\n<p>[quote_box_center]<br \/>\nNous avons des informations partiellement exactes qui confirment la mort du terroriste Ahmed Rouissi en Libye. Le minist\u00e8re va v\u00e9rifier cette information \u00e0 l\u2019aide de moyens scientifiques notamment en tentant d\u2019obtenir un \u00e9chantillon d\u2019ADN, et ce en coordination avec le d\u00e9partement des Affaires \u00e9trang\u00e8res et les parties libyennes concern\u00e9es.<br \/>\n[\/quote_box_center]<\/p>\n<p>La mort d\u2019Ahmed Rouissi alias Abou Zakaria Tounsi, un des principaux accus\u00e9s et suspect num\u00e9ro un du meurtre de Chokri Belaid, a \u00e9t\u00e9 annonc\u00e9e ce dimanche 15 mars sur le compte Twitter d&rsquo;Al Ifriqia, m\u00e9dia pro-djihadiste, mais elle n\u2019avait pas \u00e9t\u00e9 confirm\u00e9e par le minist\u00e8re de l\u2019Int\u00e9rieur tunisien.<\/p>\n","protected":false},"excerpt":{"rendered":"<p>Le minist\u00e8re de l\u2019Int\u00e9rieur tunisien confirme la mort du terroriste Ahmed Rouissi<\/p>\n","protected":false},"author":3222,"featured_media":352211,"comment_status":"open","ping_status":"closed","sticky":false,"template":"","format":"standard","meta":{"footnotes":""},"categories":[11342],"tags":[],"class_list":["post-180029","post","type-post","status-publish","format-standard","has-post-thumbnail","hentry","category-terrorisme"],"yoast_head":"<!-- This site is optimized with the Yoast SEO Premium plugin v27.4 (Yoast SEO v27.5) - https:\/\/yoast.com\/product\/yoast-seo-premium-wordpress\/ -->\n<title>Le minist\u00e8re de l\u2019Int\u00e9rieur tunisien confirme la mort du terroriste Ahmed Rouissi<\/title>\n<meta name=\"description\" content=\"Le minist\u00e8re de l\u2019Int\u00e9rieur tunisien confirme la mort du terroriste Ahmed Rouissi\" \/>\n<link rel=\"canonical\" href=\"https:\/\/www.webdo.tn\/fr\/actualite\/terrorisme\/tunis-la-mort-du-terroriste-ahmed-rouissi-annoncee-par-le-ministere-de-linterieur\/180029\/\" \/>\n<meta property=\"og:locale\" content=\"fr_FR\" \/>\n<meta property=\"og:type\" content=\"article\" \/>\n<meta property=\"og:title\" content=\"Le minist\u00e8re de l\u2019Int\u00e9rieur tunisien confirme la mort du terroriste Ahmed Rouissi\" \/>\n<meta property=\"og:description\" content=\"Le minist\u00e8re de l\u2019Int\u00e9rieur tunisien confirme la mort du terroriste Ahmed Rouissi\" \/>\n<meta property=\"og:url\" content=\"https:\/\/www.webdo.tn\/fr\/actualite\/terrorisme\/tunis-la-mort-du-terroriste-ahmed-rouissi-annoncee-par-le-ministere-de-linterieur\/180029\/\" \/>\n<meta property=\"og:site_name\" content=\"webdo\" \/>\n<meta property=\"article:publisher\" content=\"https:\/\/www.facebook.com\/webdotn\" \/>\n<meta property=\"article:published_time\" content=\"2015-03-17T17:33:00+00:00\" \/>\n<meta property=\"article:modified_time\" content=\"2025-05-22T12:58:19+00:00\" \/>\n<meta property=\"og:image\" content=\"https:\/\/www.webdo.tn\/fr\/wp-content\/uploads\/2015\/03\/Ahmed-Rouissi.jpg\" \/>\n\t<meta property=\"og:image:width\" content=\"600\" \/>\n\t<meta property=\"og:image:height\" content=\"334\" \/>\n\t<meta property=\"og:image:type\" content=\"image\/jpeg\" \/>\n<meta name=\"author\" content=\"webdo.tn\" \/>\n<meta name=\"twitter:card\" content=\"summary_large_image\" \/>\n<meta name=\"twitter:creator\" content=\"@webdo_tn\" \/>\n<meta name=\"twitter:site\" content=\"@webdo_tn\" \/>\n<meta name=\"twitter:label1\" content=\"\u00c9crit par\" \/>\n\t<meta name=\"twitter:data1\" content=\"webdo.tn\" \/>\n\t<meta name=\"twitter:label2\" content=\"Dur\u00e9e de lecture estim\u00e9e\" \/>\n\t<meta name=\"twitter:data2\" content=\"1 minute\" \/>\n<script type=\"application\/ld+json\" class=\"yoast-schema-graph\">{\"@context\":\"https:\\\/\\\/schema.org\",\"@graph\":[{\"@type\":\"NewsArticle\",\"@id\":\"https:\\\/\\\/www.webdo.tn\\\/fr\\\/actualite\\\/terrorisme\\\/tunis-la-mort-du-terroriste-ahmed-rouissi-annoncee-par-le-ministere-de-linterieur\\\/180029\\\/#article\",\"isPartOf\":{\"@id\":\"https:\\\/\\\/www.webdo.tn\\\/fr\\\/actualite\\\/terrorisme\\\/tunis-la-mort-du-terroriste-ahmed-rouissi-annoncee-par-le-ministere-de-linterieur\\\/180029\\\/\"},\"author\":{\"name\":\"webdo.tn\",\"@id\":\"https:\\\/\\\/www.webdo.tn\\\/fr\\\/#\\\/schema\\\/person\\\/9a9c6118d687c117df8ef3cc36a4d175\"},\"headline\":\"Le minist\u00e8re de l\u2019Int\u00e9rieur tunisien confirme la mort du terroriste Ahmed Rouissi\",\"datePublished\":\"2015-03-17T17:33:00+00:00\",\"dateModified\":\"2025-05-22T12:58:19+00:00\",\"mainEntityOfPage\":{\"@id\":\"https:\\\/\\\/www.webdo.tn\\\/fr\\\/actualite\\\/terrorisme\\\/tunis-la-mort-du-terroriste-ahmed-rouissi-annoncee-par-le-ministere-de-linterieur\\\/180029\\\/\"},\"wordCount\":179,\"commentCount\":0,\"publisher\":{\"@id\":\"https:\\\/\\\/www.webdo.tn\\\/fr\\\/#organization\"},\"image\":{\"@id\":\"https:\\\/\\\/www.webdo.tn\\\/fr\\\/actualite\\\/terrorisme\\\/tunis-la-mort-du-terroriste-ahmed-rouissi-annoncee-par-le-ministere-de-linterieur\\\/180029\\\/#primaryimage\"},\"thumbnailUrl\":\"https:\\\/\\\/www.webdo.tn\\\/fr\\\/wp-content\\\/uploads\\\/2015\\\/03\\\/Ahmed-Rouissi.jpg\",\"articleSection\":[\"Terrorisme\"],\"inLanguage\":\"fr-FR\"},{\"@type\":\"WebPage\",\"@id\":\"https:\\\/\\\/www.webdo.tn\\\/fr\\\/actualite\\\/terrorisme\\\/tunis-la-mort-du-terroriste-ahmed-rouissi-annoncee-par-le-ministere-de-linterieur\\\/180029\\\/\",\"url\":\"https:\\\/\\\/www.webdo.tn\\\/fr\\\/actualite\\\/terrorisme\\\/tunis-la-mort-du-terroriste-ahmed-rouissi-annoncee-par-le-ministere-de-linterieur\\\/180029\\\/\",\"name\":\"Le minist\u00e8re de l\u2019Int\u00e9rieur tunisien confirme la mort du terroriste Ahmed Rouissi\",\"isPartOf\":{\"@id\":\"https:\\\/\\\/www.webdo.tn\\\/fr\\\/#website\"},\"primaryImageOfPage\":{\"@id\":\"https:\\\/\\\/www.webdo.tn\\\/fr\\\/actualite\\\/terrorisme\\\/tunis-la-mort-du-terroriste-ahmed-rouissi-annoncee-par-le-ministere-de-linterieur\\\/180029\\\/#primaryimage\"},\"image\":{\"@id\":\"https:\\\/\\\/www.webdo.tn\\\/fr\\\/actualite\\\/terrorisme\\\/tunis-la-mort-du-terroriste-ahmed-rouissi-annoncee-par-le-ministere-de-linterieur\\\/180029\\\/#primaryimage\"},\"thumbnailUrl\":\"https:\\\/\\\/www.webdo.tn\\\/fr\\\/wp-content\\\/uploads\\\/2015\\\/03\\\/Ahmed-Rouissi.jpg\",\"datePublished\":\"2015-03-17T17:33:00+00:00\",\"dateModified\":\"2025-05-22T12:58:19+00:00\",\"description\":\"Le minist\u00e8re de l\u2019Int\u00e9rieur tunisien confirme la mort du terroriste Ahmed Rouissi\",\"breadcrumb\":{\"@id\":\"https:\\\/\\\/www.webdo.tn\\\/fr\\\/actualite\\\/terrorisme\\\/tunis-la-mort-du-terroriste-ahmed-rouissi-annoncee-par-le-ministere-de-linterieur\\\/180029\\\/#breadcrumb\"},\"inLanguage\":\"fr-FR\",\"potentialAction\":[{\"@type\":\"ReadAction\",\"target\":[\"https:\\\/\\\/www.webdo.tn\\\/fr\\\/actualite\\\/terrorisme\\\/tunis-la-mort-du-terroriste-ahmed-rouissi-annoncee-par-le-ministere-de-linterieur\\\/180029\\\/\"]}]},{\"@type\":\"ImageObject\",\"inLanguage\":\"fr-FR\",\"@id\":\"https:\\\/\\\/www.webdo.tn\\\/fr\\\/actualite\\\/terrorisme\\\/tunis-la-mort-du-terroriste-ahmed-rouissi-annoncee-par-le-ministere-de-linterieur\\\/180029\\\/#primaryimage\",\"url\":\"https:\\\/\\\/www.webdo.tn\\\/fr\\\/wp-content\\\/uploads\\\/2015\\\/03\\\/Ahmed-Rouissi.jpg\",\"contentUrl\":\"https:\\\/\\\/www.webdo.tn\\\/fr\\\/wp-content\\\/uploads\\\/2015\\\/03\\\/Ahmed-Rouissi.jpg\",\"width\":600,\"height\":334,\"caption\":\"Le minist\u00e8re de l\u2019Int\u00e9rieur tunisien confirme la mort du terroriste Ahmed Rouissi\"},{\"@type\":\"BreadcrumbList\",\"@id\":\"https:\\\/\\\/www.webdo.tn\\\/fr\\\/actualite\\\/terrorisme\\\/tunis-la-mort-du-terroriste-ahmed-rouissi-annoncee-par-le-ministere-de-linterieur\\\/180029\\\/#breadcrumb\",\"itemListElement\":[{\"@type\":\"ListItem\",\"position\":1,\"name\":\"Accueil\",\"item\":\"https:\\\/\\\/www.webdo.tn\\\/fr\\\/\"},{\"@type\":\"ListItem\",\"position\":2,\"name\":\"Le minist\u00e8re de l\u2019Int\u00e9rieur tunisien confirme la mort du terroriste Ahmed Rouissi\"}]},{\"@type\":\"WebSite\",\"@id\":\"https:\\\/\\\/www.webdo.tn\\\/fr\\\/#website\",\"url\":\"https:\\\/\\\/www.webdo.tn\\\/fr\\\/\",\"name\":\"webdo\",\"description\":\"Tunisie - News en Tunisie et \u00e0 l&#039;international sur Webdo.tn\",\"publisher\":{\"@id\":\"https:\\\/\\\/www.webdo.tn\\\/fr\\\/#organization\"},\"potentialAction\":[{\"@type\":\"SearchAction\",\"target\":{\"@type\":\"EntryPoint\",\"urlTemplate\":\"https:\\\/\\\/www.webdo.tn\\\/fr\\\/?s={search_term_string}\"},\"query-input\":{\"@type\":\"PropertyValueSpecification\",\"valueRequired\":true,\"valueName\":\"search_term_string\"}}],\"inLanguage\":\"fr-FR\"},{\"@type\":\"Organization\",\"@id\":\"https:\\\/\\\/www.webdo.tn\\\/fr\\\/#organization\",\"name\":\"Webdo\",\"alternateName\":\"Webdo.tn\",\"url\":\"https:\\\/\\\/www.webdo.tn\\\/fr\\\/\",\"logo\":{\"@type\":\"ImageObject\",\"inLanguage\":\"fr-FR\",\"@id\":\"https:\\\/\\\/www.webdo.tn\\\/fr\\\/#\\\/schema\\\/logo\\\/image\\\/\",\"url\":\"https:\\\/\\\/www.webdo.tn\\\/fr\\\/wp-content\\\/uploads\\\/2025\\\/06\\\/Webdo-Tunisie_168377.jpg\",\"contentUrl\":\"https:\\\/\\\/www.webdo.tn\\\/fr\\\/wp-content\\\/uploads\\\/2025\\\/06\\\/Webdo-Tunisie_168377.jpg\",\"width\":301,\"height\":301,\"caption\":\"Webdo\"},\"image\":{\"@id\":\"https:\\\/\\\/www.webdo.tn\\\/fr\\\/#\\\/schema\\\/logo\\\/image\\\/\"},\"sameAs\":[\"https:\\\/\\\/www.facebook.com\\\/webdotn\",\"https:\\\/\\\/x.com\\\/webdo_tn\"],\"description\":\"Webdo est un m\u00e9dia num\u00e9rique tunisien fond\u00e9 en 2010, sp\u00e9cialis\u00e9 dans l\u2019actualit\u00e9 nationale et internationale, l\u2019\u00e9conomie, la soci\u00e9t\u00e9 et les analyses politiques. Le site s\u2019adresse \u00e0 un large public francophone et couvre l\u2019information tunisienne en temps r\u00e9el.\",\"email\":\"redac@webdo.tn\",\"legalName\":\"YNJ SARL\",\"foundingDate\":\"2010-09-06\",\"numberOfEmployees\":{\"@type\":\"QuantitativeValue\",\"minValue\":\"11\",\"maxValue\":\"50\"}},{\"@type\":\"Person\",\"@id\":\"https:\\\/\\\/www.webdo.tn\\\/fr\\\/#\\\/schema\\\/person\\\/9a9c6118d687c117df8ef3cc36a4d175\",\"name\":\"webdo.tn\",\"image\":{\"@type\":\"ImageObject\",\"inLanguage\":\"fr-FR\",\"@id\":\"https:\\\/\\\/secure.gravatar.com\\\/avatar\\\/7ce1f28c0c3bbac99ff550b85ef8e44a6950c6ee24514fb6a5489e51d06f0298?s=96&d=mm&r=g\",\"url\":\"https:\\\/\\\/secure.gravatar.com\\\/avatar\\\/7ce1f28c0c3bbac99ff550b85ef8e44a6950c6ee24514fb6a5489e51d06f0298?s=96&d=mm&r=g\",\"contentUrl\":\"https:\\\/\\\/secure.gravatar.com\\\/avatar\\\/7ce1f28c0c3bbac99ff550b85ef8e44a6950c6ee24514fb6a5489e51d06f0298?s=96&d=mm&r=g\",\"caption\":\"webdo.tn\"},\"url\":\"https:\\\/\\\/www.webdo.tn\\\/fr\\\/actualite\\\/author\\\/webdotn\\\/\"}]}<\/script>\n<!-- \/ Yoast SEO Premium plugin. -->","yoast_head_json":{"title":"Le minist\u00e8re de l\u2019Int\u00e9rieur tunisien confirme la mort du terroriste Ahmed Rouissi","description":"Le minist\u00e8re de l\u2019Int\u00e9rieur tunisien confirme la mort du terroriste Ahmed Rouissi","canonical":"https:\/\/www.webdo.tn\/fr\/actualite\/terrorisme\/tunis-la-mort-du-terroriste-ahmed-rouissi-annoncee-par-le-ministere-de-linterieur\/180029\/","og_locale":"fr_FR","og_type":"article","og_title":"Le minist\u00e8re de l\u2019Int\u00e9rieur tunisien confirme la mort du terroriste Ahmed Rouissi","og_description":"Le minist\u00e8re de l\u2019Int\u00e9rieur tunisien confirme la mort du terroriste Ahmed Rouissi","og_url":"https:\/\/www.webdo.tn\/fr\/actualite\/terrorisme\/tunis-la-mort-du-terroriste-ahmed-rouissi-annoncee-par-le-ministere-de-linterieur\/180029\/","og_site_name":"webdo","article_publisher":"https:\/\/www.facebook.com\/webdotn","article_published_time":"2015-03-17T17:33:00+00:00","article_modified_time":"2025-05-22T12:58:19+00:00","og_image":[{"width":600,"height":334,"url":"https:\/\/www.webdo.tn\/fr\/wp-content\/uploads\/2015\/03\/Ahmed-Rouissi.jpg","type":"image\/jpeg"}],"author":"webdo.tn","twitter_card":"summary_large_image","twitter_creator":"@webdo_tn","twitter_site":"@webdo_tn","twitter_misc":{"\u00c9crit par":"webdo.tn","Dur\u00e9e de lecture estim\u00e9e":"1 minute"},"schema":{"@context":"https:\/\/schema.org","@graph":[{"@type":"NewsArticle","@id":"https:\/\/www.webdo.tn\/fr\/actualite\/terrorisme\/tunis-la-mort-du-terroriste-ahmed-rouissi-annoncee-par-le-ministere-de-linterieur\/180029\/#article","isPartOf":{"@id":"https:\/\/www.webdo.tn\/fr\/actualite\/terrorisme\/tunis-la-mort-du-terroriste-ahmed-rouissi-annoncee-par-le-ministere-de-linterieur\/180029\/"},"author":{"name":"webdo.tn","@id":"https:\/\/www.webdo.tn\/fr\/#\/schema\/person\/9a9c6118d687c117df8ef3cc36a4d175"},"headline":"Le minist\u00e8re de l\u2019Int\u00e9rieur tunisien confirme la mort du terroriste Ahmed Rouissi","datePublished":"2015-03-17T17:33:00+00:00","dateModified":"2025-05-22T12:58:19+00:00","mainEntityOfPage":{"@id":"https:\/\/www.webdo.tn\/fr\/actualite\/terrorisme\/tunis-la-mort-du-terroriste-ahmed-rouissi-annoncee-par-le-ministere-de-linterieur\/180029\/"},"wordCount":179,"commentCount":0,"publisher":{"@id":"https:\/\/www.webdo.tn\/fr\/#organization"},"image":{"@id":"https:\/\/www.webdo.tn\/fr\/actualite\/terrorisme\/tunis-la-mort-du-terroriste-ahmed-rouissi-annoncee-par-le-ministere-de-linterieur\/180029\/#primaryimage"},"thumbnailUrl":"https:\/\/www.webdo.tn\/fr\/wp-content\/uploads\/2015\/03\/Ahmed-Rouissi.jpg","articleSection":["Terrorisme"],"inLanguage":"fr-FR"},{"@type":"WebPage","@id":"https:\/\/www.webdo.tn\/fr\/actualite\/terrorisme\/tunis-la-mort-du-terroriste-ahmed-rouissi-annoncee-par-le-ministere-de-linterieur\/180029\/","url":"https:\/\/www.webdo.tn\/fr\/actualite\/terrorisme\/tunis-la-mort-du-terroriste-ahmed-rouissi-annoncee-par-le-ministere-de-linterieur\/180029\/","name":"Le minist\u00e8re de l\u2019Int\u00e9rieur tunisien confirme la mort du terroriste Ahmed Rouissi","isPartOf":{"@id":"https:\/\/www.webdo.tn\/fr\/#website"},"primaryImageOfPage":{"@id":"https:\/\/www.webdo.tn\/fr\/actualite\/terrorisme\/tunis-la-mort-du-terroriste-ahmed-rouissi-annoncee-par-le-ministere-de-linterieur\/180029\/#primaryimage"},"image":{"@id":"https:\/\/www.webdo.tn\/fr\/actualite\/terrorisme\/tunis-la-mort-du-terroriste-ahmed-rouissi-annoncee-par-le-ministere-de-linterieur\/180029\/#primaryimage"},"thumbnailUrl":"https:\/\/www.webdo.tn\/fr\/wp-content\/uploads\/2015\/03\/Ahmed-Rouissi.jpg","datePublished":"2015-03-17T17:33:00+00:00","dateModified":"2025-05-22T12:58:19+00:00","description":"Le minist\u00e8re de l\u2019Int\u00e9rieur tunisien confirme la mort du terroriste Ahmed Rouissi","breadcrumb":{"@id":"https:\/\/www.webdo.tn\/fr\/actualite\/terrorisme\/tunis-la-mort-du-terroriste-ahmed-rouissi-annoncee-par-le-ministere-de-linterieur\/180029\/#breadcrumb"},"inLanguage":"fr-FR","potentialAction":[{"@type":"ReadAction","target":["https:\/\/www.webdo.tn\/fr\/actualite\/terrorisme\/tunis-la-mort-du-terroriste-ahmed-rouissi-annoncee-par-le-ministere-de-linterieur\/180029\/"]}]},{"@type":"ImageObject","inLanguage":"fr-FR","@id":"https:\/\/www.webdo.tn\/fr\/actualite\/terrorisme\/tunis-la-mort-du-terroriste-ahmed-rouissi-annoncee-par-le-ministere-de-linterieur\/180029\/#primaryimage","url":"https:\/\/www.webdo.tn\/fr\/wp-content\/uploads\/2015\/03\/Ahmed-Rouissi.jpg","contentUrl":"https:\/\/www.webdo.tn\/fr\/wp-content\/uploads\/2015\/03\/Ahmed-Rouissi.jpg","width":600,"height":334,"caption":"Le minist\u00e8re de l\u2019Int\u00e9rieur tunisien confirme la mort du terroriste Ahmed Rouissi"},{"@type":"BreadcrumbList","@id":"https:\/\/www.webdo.tn\/fr\/actualite\/terrorisme\/tunis-la-mort-du-terroriste-ahmed-rouissi-annoncee-par-le-ministere-de-linterieur\/180029\/#breadcrumb","itemListElement":[{"@type":"ListItem","position":1,"name":"Accueil","item":"https:\/\/www.webdo.tn\/fr\/"},{"@type":"ListItem","position":2,"name":"Le minist\u00e8re de l\u2019Int\u00e9rieur tunisien confirme la mort du terroriste Ahmed Rouissi"}]},{"@type":"WebSite","@id":"https:\/\/www.webdo.tn\/fr\/#website","url":"https:\/\/www.webdo.tn\/fr\/","name":"webdo","description":"Tunisie - News en Tunisie et \u00e0 l&#039;international sur Webdo.tn","publisher":{"@id":"https:\/\/www.webdo.tn\/fr\/#organization"},"potentialAction":[{"@type":"SearchAction","target":{"@type":"EntryPoint","urlTemplate":"https:\/\/www.webdo.tn\/fr\/?s={search_term_string}"},"query-input":{"@type":"PropertyValueSpecification","valueRequired":true,"valueName":"search_term_string"}}],"inLanguage":"fr-FR"},{"@type":"Organization","@id":"https:\/\/www.webdo.tn\/fr\/#organization","name":"Webdo","alternateName":"Webdo.tn","url":"https:\/\/www.webdo.tn\/fr\/","logo":{"@type":"ImageObject","inLanguage":"fr-FR","@id":"https:\/\/www.webdo.tn\/fr\/#\/schema\/logo\/image\/","url":"https:\/\/www.webdo.tn\/fr\/wp-content\/uploads\/2025\/06\/Webdo-Tunisie_168377.jpg","contentUrl":"https:\/\/www.webdo.tn\/fr\/wp-content\/uploads\/2025\/06\/Webdo-Tunisie_168377.jpg","width":301,"height":301,"caption":"Webdo"},"image":{"@id":"https:\/\/www.webdo.tn\/fr\/#\/schema\/logo\/image\/"},"sameAs":["https:\/\/www.facebook.com\/webdotn","https:\/\/x.com\/webdo_tn"],"description":"Webdo est un m\u00e9dia num\u00e9rique tunisien fond\u00e9 en 2010, sp\u00e9cialis\u00e9 dans l\u2019actualit\u00e9 nationale et internationale, l\u2019\u00e9conomie, la soci\u00e9t\u00e9 et les analyses politiques. Le site s\u2019adresse \u00e0 un large public francophone et couvre l\u2019information tunisienne en temps r\u00e9el.","email":"redac@webdo.tn","legalName":"YNJ SARL","foundingDate":"2010-09-06","numberOfEmployees":{"@type":"QuantitativeValue","minValue":"11","maxValue":"50"}},{"@type":"Person","@id":"https:\/\/www.webdo.tn\/fr\/#\/schema\/person\/9a9c6118d687c117df8ef3cc36a4d175","name":"webdo.tn","image":{"@type":"ImageObject","inLanguage":"fr-FR","@id":"https:\/\/secure.gravatar.com\/avatar\/7ce1f28c0c3bbac99ff550b85ef8e44a6950c6ee24514fb6a5489e51d06f0298?s=96&d=mm&r=g","url":"https:\/\/secure.gravatar.com\/avatar\/7ce1f28c0c3bbac99ff550b85ef8e44a6950c6ee24514fb6a5489e51d06f0298?s=96&d=mm&r=g","contentUrl":"https:\/\/secure.gravatar.com\/avatar\/7ce1f28c0c3bbac99ff550b85ef8e44a6950c6ee24514fb6a5489e51d06f0298?s=96&d=mm&r=g","caption":"webdo.tn"},"url":"https:\/\/www.webdo.tn\/fr\/actualite\/author\/webdotn\/"}]}},"_links":{"self":[{"href":"https:\/\/www.webdo.tn\/fr\/wp-json\/wp\/v2\/posts\/180029","targetHints":{"allow":["GET"]}}],"collection":[{"href":"https:\/\/www.webdo.tn\/fr\/wp-json\/wp\/v2\/posts"}],"about":[{"href":"https:\/\/www.webdo.tn\/fr\/wp-json\/wp\/v2\/types\/post"}],"author":[{"embeddable":true,"href":"https:\/\/www.webdo.tn\/fr\/wp-json\/wp\/v2\/users\/3222"}],"replies":[{"embeddable":true,"href":"https:\/\/www.webdo.tn\/fr\/wp-json\/wp\/v2\/comments?post=180029"}],"version-history":[{"count":0,"href":"https:\/\/www.webdo.tn\/fr\/wp-json\/wp\/v2\/posts\/180029\/revisions"}],"wp:featuredmedia":[{"embeddable":true,"href":"https:\/\/www.webdo.tn\/fr\/wp-json\/wp\/v2\/media\/352211"}],"wp:attachment":[{"href":"https:\/\/www.webdo.tn\/fr\/wp-json\/wp\/v2\/media?parent=180029"}],"wp:term":[{"taxonomy":"category","embeddable":true,"href":"https:\/\/www.webdo.tn\/fr\/wp-json\/wp\/v2\/categories?post=180029"},{"taxonomy":"post_tag","embeddable":true,"href":"https:\/\/www.webdo.tn\/fr\/wp-json\/wp\/v2\/tags?post=180029"}],"curies":[{"name":"wp","href":"https:\/\/api.w.org\/{rel}","templated":true}]}}