{"id":180028,"date":"2015-03-26T22:51:00","date_gmt":"2015-03-26T22:51:00","guid":{"rendered":"https:\/\/www.webdo.tn\/fr\/actualite\/blog\/avis-de-recherche-dun-terroriste-algerien-abou-sofiane-essoufi-en-tunisie\/180028\/"},"modified":"2025-05-22T12:57:53","modified_gmt":"2025-05-22T12:57:53","slug":"avis-de-recherche-dun-terroriste-algerien-abou-sofiane-essoufi-en-tunisie","status":"publish","type":"post","link":"https:\/\/www.webdo.tn\/fr\/actualite\/terrorisme\/avis-de-recherche-dun-terroriste-algerien-abou-sofiane-essoufi-en-tunisie\/180028\/","title":{"rendered":"Avis de recherche d&rsquo;un \u00ab\u00a0terroriste alg\u00e9rien\u00a0\u00bb, Abou Sofiane Essoufi, en Tunisie"},"content":{"rendered":"<p>Le minist\u00e8re de l&rsquo;Int\u00e9rieur a lanc\u00e9 ce jeudi soir, 26 mars 2015, un avis de recherche d&rsquo;un Alg\u00e9rien d\u00e9nomm\u00e9 Abou Sofiane Essoufi, en publiant sa photo. Il a \u00e9t\u00e9 qualifi\u00e9 de \u00ab\u00a0terroriste tr\u00e8s dangereux\u00a0\u00bb. D&rsquo;apr\u00e8s\u00a0le minist\u00e8re de l&rsquo;Int\u00e9rieur, Essoufi\u00a0aurait \u00ab\u00a0planifi\u00e9 des op\u00e9rations visant \u00e0 semer le \u00a0trouble en Tunisie\u00a0\u00bb.<\/p>\n<p>Le minist\u00e8re appelle, dans son communiqu\u00e9, les citoyens \u00e0 aviser la s\u00e9curit\u00e9 tunisienne de toute information le concernant, et met \u00e0 leur disposition les num\u00e9ros suivants :<br \/>\n71.335.000 , 193 Garde Nationale, 197 Police<\/p>\n","protected":false},"excerpt":{"rendered":"<p>Avis de recherche d&rsquo;un  terroriste alg\u00e9rien , Abou Sofiane Essoufi, en Tunisie<\/p>\n","protected":false},"author":3222,"featured_media":373037,"comment_status":"open","ping_status":"closed","sticky":false,"template":"","format":"standard","meta":{"footnotes":""},"categories":[11342],"tags":[],"class_list":["post-180028","post","type-post","status-publish","format-standard","has-post-thumbnail","hentry","category-terrorisme"],"yoast_head":"<!-- This site is optimized with the Yoast SEO Premium plugin v27.4 (Yoast SEO v27.5) - https:\/\/yoast.com\/product\/yoast-seo-premium-wordpress\/ -->\n<title>Avis de recherche d&#039;un terroriste alg\u00e9rien , Abou Sofiane Essoufi, en Tunisie<\/title>\n<meta name=\"description\" content=\"Avis de recherche d&#039;un terroriste alg\u00e9rien , Abou Sofiane Essoufi, en Tunisie\" \/>\n<link rel=\"canonical\" href=\"https:\/\/www.webdo.tn\/fr\/actualite\/terrorisme\/avis-de-recherche-dun-terroriste-algerien-abou-sofiane-essoufi-en-tunisie\/180028\/\" \/>\n<meta property=\"og:locale\" content=\"fr_FR\" \/>\n<meta property=\"og:type\" content=\"article\" \/>\n<meta property=\"og:title\" content=\"Avis de recherche d&#039;un &quot;terroriste alg\u00e9rien&quot;, Abou Sofiane Essoufi, en Tunisie\" \/>\n<meta property=\"og:description\" content=\"Avis de recherche d&#039;un terroriste alg\u00e9rien , Abou Sofiane Essoufi, en Tunisie\" \/>\n<meta property=\"og:url\" content=\"https:\/\/www.webdo.tn\/fr\/actualite\/terrorisme\/avis-de-recherche-dun-terroriste-algerien-abou-sofiane-essoufi-en-tunisie\/180028\/\" \/>\n<meta property=\"og:site_name\" content=\"webdo\" \/>\n<meta property=\"article:publisher\" content=\"https:\/\/www.facebook.com\/webdotn\" \/>\n<meta property=\"article:published_time\" content=\"2015-03-26T22:51:00+00:00\" \/>\n<meta property=\"article:modified_time\" content=\"2025-05-22T12:57:53+00:00\" \/>\n<meta property=\"og:image\" content=\"https:\/\/www.webdo.tn\/fr\/wp-content\/uploads\/2025\/06\/Capture-decran-2015-03-26-a-22.43.57_180028.png\" \/>\n\t<meta property=\"og:image:width\" content=\"570\" \/>\n\t<meta property=\"og:image:height\" content=\"233\" \/>\n\t<meta property=\"og:image:type\" content=\"image\/png\" \/>\n<meta name=\"author\" content=\"webdo.tn\" \/>\n<meta name=\"twitter:card\" content=\"summary_large_image\" \/>\n<meta name=\"twitter:creator\" content=\"@webdo_tn\" \/>\n<meta name=\"twitter:site\" content=\"@webdo_tn\" \/>\n<meta name=\"twitter:label1\" content=\"\u00c9crit par\" \/>\n\t<meta name=\"twitter:data1\" content=\"webdo.tn\" \/>\n<script type=\"application\/ld+json\" class=\"yoast-schema-graph\">{\"@context\":\"https:\\\/\\\/schema.org\",\"@graph\":[{\"@type\":\"NewsArticle\",\"@id\":\"https:\\\/\\\/www.webdo.tn\\\/fr\\\/actualite\\\/terrorisme\\\/avis-de-recherche-dun-terroriste-algerien-abou-sofiane-essoufi-en-tunisie\\\/180028\\\/#article\",\"isPartOf\":{\"@id\":\"https:\\\/\\\/www.webdo.tn\\\/fr\\\/actualite\\\/terrorisme\\\/avis-de-recherche-dun-terroriste-algerien-abou-sofiane-essoufi-en-tunisie\\\/180028\\\/\"},\"author\":{\"name\":\"webdo.tn\",\"@id\":\"https:\\\/\\\/www.webdo.tn\\\/fr\\\/#\\\/schema\\\/person\\\/9a9c6118d687c117df8ef3cc36a4d175\"},\"headline\":\"Avis de recherche d&rsquo;un \u00ab\u00a0terroriste alg\u00e9rien\u00a0\u00bb, Abou Sofiane Essoufi, en Tunisie\",\"datePublished\":\"2015-03-26T22:51:00+00:00\",\"dateModified\":\"2025-05-22T12:57:53+00:00\",\"mainEntityOfPage\":{\"@id\":\"https:\\\/\\\/www.webdo.tn\\\/fr\\\/actualite\\\/terrorisme\\\/avis-de-recherche-dun-terroriste-algerien-abou-sofiane-essoufi-en-tunisie\\\/180028\\\/\"},\"wordCount\":104,\"commentCount\":0,\"publisher\":{\"@id\":\"https:\\\/\\\/www.webdo.tn\\\/fr\\\/#organization\"},\"image\":{\"@id\":\"https:\\\/\\\/www.webdo.tn\\\/fr\\\/actualite\\\/terrorisme\\\/avis-de-recherche-dun-terroriste-algerien-abou-sofiane-essoufi-en-tunisie\\\/180028\\\/#primaryimage\"},\"thumbnailUrl\":\"https:\\\/\\\/www.webdo.tn\\\/fr\\\/wp-content\\\/uploads\\\/2025\\\/06\\\/Capture-decran-2015-03-26-a-22.43.57_180028.png\",\"articleSection\":[\"Terrorisme\"],\"inLanguage\":\"fr-FR\"},{\"@type\":\"WebPage\",\"@id\":\"https:\\\/\\\/www.webdo.tn\\\/fr\\\/actualite\\\/terrorisme\\\/avis-de-recherche-dun-terroriste-algerien-abou-sofiane-essoufi-en-tunisie\\\/180028\\\/\",\"url\":\"https:\\\/\\\/www.webdo.tn\\\/fr\\\/actualite\\\/terrorisme\\\/avis-de-recherche-dun-terroriste-algerien-abou-sofiane-essoufi-en-tunisie\\\/180028\\\/\",\"name\":\"Avis de recherche d'un terroriste alg\u00e9rien , Abou Sofiane Essoufi, en Tunisie\",\"isPartOf\":{\"@id\":\"https:\\\/\\\/www.webdo.tn\\\/fr\\\/#website\"},\"primaryImageOfPage\":{\"@id\":\"https:\\\/\\\/www.webdo.tn\\\/fr\\\/actualite\\\/terrorisme\\\/avis-de-recherche-dun-terroriste-algerien-abou-sofiane-essoufi-en-tunisie\\\/180028\\\/#primaryimage\"},\"image\":{\"@id\":\"https:\\\/\\\/www.webdo.tn\\\/fr\\\/actualite\\\/terrorisme\\\/avis-de-recherche-dun-terroriste-algerien-abou-sofiane-essoufi-en-tunisie\\\/180028\\\/#primaryimage\"},\"thumbnailUrl\":\"https:\\\/\\\/www.webdo.tn\\\/fr\\\/wp-content\\\/uploads\\\/2025\\\/06\\\/Capture-decran-2015-03-26-a-22.43.57_180028.png\",\"datePublished\":\"2015-03-26T22:51:00+00:00\",\"dateModified\":\"2025-05-22T12:57:53+00:00\",\"description\":\"Avis de recherche d'un terroriste alg\u00e9rien , Abou Sofiane Essoufi, en Tunisie\",\"breadcrumb\":{\"@id\":\"https:\\\/\\\/www.webdo.tn\\\/fr\\\/actualite\\\/terrorisme\\\/avis-de-recherche-dun-terroriste-algerien-abou-sofiane-essoufi-en-tunisie\\\/180028\\\/#breadcrumb\"},\"inLanguage\":\"fr-FR\",\"potentialAction\":[{\"@type\":\"ReadAction\",\"target\":[\"https:\\\/\\\/www.webdo.tn\\\/fr\\\/actualite\\\/terrorisme\\\/avis-de-recherche-dun-terroriste-algerien-abou-sofiane-essoufi-en-tunisie\\\/180028\\\/\"]}]},{\"@type\":\"ImageObject\",\"inLanguage\":\"fr-FR\",\"@id\":\"https:\\\/\\\/www.webdo.tn\\\/fr\\\/actualite\\\/terrorisme\\\/avis-de-recherche-dun-terroriste-algerien-abou-sofiane-essoufi-en-tunisie\\\/180028\\\/#primaryimage\",\"url\":\"https:\\\/\\\/www.webdo.tn\\\/fr\\\/wp-content\\\/uploads\\\/2025\\\/06\\\/Capture-decran-2015-03-26-a-22.43.57_180028.png\",\"contentUrl\":\"https:\\\/\\\/www.webdo.tn\\\/fr\\\/wp-content\\\/uploads\\\/2025\\\/06\\\/Capture-decran-2015-03-26-a-22.43.57_180028.png\",\"width\":570,\"height\":233,\"caption\":\"Avis de recherche d'un \\\"terroriste alg\u00e9rien\\\", Abou Sofiane Essoufi, en Tunisie\"},{\"@type\":\"BreadcrumbList\",\"@id\":\"https:\\\/\\\/www.webdo.tn\\\/fr\\\/actualite\\\/terrorisme\\\/avis-de-recherche-dun-terroriste-algerien-abou-sofiane-essoufi-en-tunisie\\\/180028\\\/#breadcrumb\",\"itemListElement\":[{\"@type\":\"ListItem\",\"position\":1,\"name\":\"Accueil\",\"item\":\"https:\\\/\\\/www.webdo.tn\\\/fr\\\/\"},{\"@type\":\"ListItem\",\"position\":2,\"name\":\"Avis de recherche d&rsquo;un \u00ab\u00a0terroriste alg\u00e9rien\u00a0\u00bb, Abou Sofiane Essoufi, en Tunisie\"}]},{\"@type\":\"WebSite\",\"@id\":\"https:\\\/\\\/www.webdo.tn\\\/fr\\\/#website\",\"url\":\"https:\\\/\\\/www.webdo.tn\\\/fr\\\/\",\"name\":\"webdo\",\"description\":\"Tunisie - News en Tunisie et \u00e0 l&#039;international sur Webdo.tn\",\"publisher\":{\"@id\":\"https:\\\/\\\/www.webdo.tn\\\/fr\\\/#organization\"},\"potentialAction\":[{\"@type\":\"SearchAction\",\"target\":{\"@type\":\"EntryPoint\",\"urlTemplate\":\"https:\\\/\\\/www.webdo.tn\\\/fr\\\/?s={search_term_string}\"},\"query-input\":{\"@type\":\"PropertyValueSpecification\",\"valueRequired\":true,\"valueName\":\"search_term_string\"}}],\"inLanguage\":\"fr-FR\"},{\"@type\":\"Organization\",\"@id\":\"https:\\\/\\\/www.webdo.tn\\\/fr\\\/#organization\",\"name\":\"Webdo\",\"alternateName\":\"Webdo.tn\",\"url\":\"https:\\\/\\\/www.webdo.tn\\\/fr\\\/\",\"logo\":{\"@type\":\"ImageObject\",\"inLanguage\":\"fr-FR\",\"@id\":\"https:\\\/\\\/www.webdo.tn\\\/fr\\\/#\\\/schema\\\/logo\\\/image\\\/\",\"url\":\"https:\\\/\\\/www.webdo.tn\\\/fr\\\/wp-content\\\/uploads\\\/2025\\\/06\\\/Webdo-Tunisie_168377.jpg\",\"contentUrl\":\"https:\\\/\\\/www.webdo.tn\\\/fr\\\/wp-content\\\/uploads\\\/2025\\\/06\\\/Webdo-Tunisie_168377.jpg\",\"width\":301,\"height\":301,\"caption\":\"Webdo\"},\"image\":{\"@id\":\"https:\\\/\\\/www.webdo.tn\\\/fr\\\/#\\\/schema\\\/logo\\\/image\\\/\"},\"sameAs\":[\"https:\\\/\\\/www.facebook.com\\\/webdotn\",\"https:\\\/\\\/x.com\\\/webdo_tn\"],\"description\":\"Webdo est un m\u00e9dia num\u00e9rique tunisien fond\u00e9 en 2010, sp\u00e9cialis\u00e9 dans l\u2019actualit\u00e9 nationale et internationale, l\u2019\u00e9conomie, la soci\u00e9t\u00e9 et les analyses politiques. Le site s\u2019adresse \u00e0 un large public francophone et couvre l\u2019information tunisienne en temps r\u00e9el.\",\"email\":\"redac@webdo.tn\",\"legalName\":\"YNJ SARL\",\"foundingDate\":\"2010-09-06\",\"numberOfEmployees\":{\"@type\":\"QuantitativeValue\",\"minValue\":\"11\",\"maxValue\":\"50\"}},{\"@type\":\"Person\",\"@id\":\"https:\\\/\\\/www.webdo.tn\\\/fr\\\/#\\\/schema\\\/person\\\/9a9c6118d687c117df8ef3cc36a4d175\",\"name\":\"webdo.tn\",\"image\":{\"@type\":\"ImageObject\",\"inLanguage\":\"fr-FR\",\"@id\":\"https:\\\/\\\/secure.gravatar.com\\\/avatar\\\/7ce1f28c0c3bbac99ff550b85ef8e44a6950c6ee24514fb6a5489e51d06f0298?s=96&d=mm&r=g\",\"url\":\"https:\\\/\\\/secure.gravatar.com\\\/avatar\\\/7ce1f28c0c3bbac99ff550b85ef8e44a6950c6ee24514fb6a5489e51d06f0298?s=96&d=mm&r=g\",\"contentUrl\":\"https:\\\/\\\/secure.gravatar.com\\\/avatar\\\/7ce1f28c0c3bbac99ff550b85ef8e44a6950c6ee24514fb6a5489e51d06f0298?s=96&d=mm&r=g\",\"caption\":\"webdo.tn\"},\"url\":\"https:\\\/\\\/www.webdo.tn\\\/fr\\\/actualite\\\/author\\\/webdotn\\\/\"}]}<\/script>\n<!-- \/ Yoast SEO Premium plugin. -->","yoast_head_json":{"title":"Avis de recherche d'un terroriste alg\u00e9rien , Abou Sofiane Essoufi, en Tunisie","description":"Avis de recherche d'un terroriste alg\u00e9rien , Abou Sofiane Essoufi, en Tunisie","canonical":"https:\/\/www.webdo.tn\/fr\/actualite\/terrorisme\/avis-de-recherche-dun-terroriste-algerien-abou-sofiane-essoufi-en-tunisie\/180028\/","og_locale":"fr_FR","og_type":"article","og_title":"Avis de recherche d'un \"terroriste alg\u00e9rien\", Abou Sofiane Essoufi, en Tunisie","og_description":"Avis de recherche d'un terroriste alg\u00e9rien , Abou Sofiane Essoufi, en Tunisie","og_url":"https:\/\/www.webdo.tn\/fr\/actualite\/terrorisme\/avis-de-recherche-dun-terroriste-algerien-abou-sofiane-essoufi-en-tunisie\/180028\/","og_site_name":"webdo","article_publisher":"https:\/\/www.facebook.com\/webdotn","article_published_time":"2015-03-26T22:51:00+00:00","article_modified_time":"2025-05-22T12:57:53+00:00","og_image":[{"width":570,"height":233,"url":"https:\/\/www.webdo.tn\/fr\/wp-content\/uploads\/2025\/06\/Capture-decran-2015-03-26-a-22.43.57_180028.png","type":"image\/png"}],"author":"webdo.tn","twitter_card":"summary_large_image","twitter_creator":"@webdo_tn","twitter_site":"@webdo_tn","twitter_misc":{"\u00c9crit par":"webdo.tn"},"schema":{"@context":"https:\/\/schema.org","@graph":[{"@type":"NewsArticle","@id":"https:\/\/www.webdo.tn\/fr\/actualite\/terrorisme\/avis-de-recherche-dun-terroriste-algerien-abou-sofiane-essoufi-en-tunisie\/180028\/#article","isPartOf":{"@id":"https:\/\/www.webdo.tn\/fr\/actualite\/terrorisme\/avis-de-recherche-dun-terroriste-algerien-abou-sofiane-essoufi-en-tunisie\/180028\/"},"author":{"name":"webdo.tn","@id":"https:\/\/www.webdo.tn\/fr\/#\/schema\/person\/9a9c6118d687c117df8ef3cc36a4d175"},"headline":"Avis de recherche d&rsquo;un \u00ab\u00a0terroriste alg\u00e9rien\u00a0\u00bb, Abou Sofiane Essoufi, en Tunisie","datePublished":"2015-03-26T22:51:00+00:00","dateModified":"2025-05-22T12:57:53+00:00","mainEntityOfPage":{"@id":"https:\/\/www.webdo.tn\/fr\/actualite\/terrorisme\/avis-de-recherche-dun-terroriste-algerien-abou-sofiane-essoufi-en-tunisie\/180028\/"},"wordCount":104,"commentCount":0,"publisher":{"@id":"https:\/\/www.webdo.tn\/fr\/#organization"},"image":{"@id":"https:\/\/www.webdo.tn\/fr\/actualite\/terrorisme\/avis-de-recherche-dun-terroriste-algerien-abou-sofiane-essoufi-en-tunisie\/180028\/#primaryimage"},"thumbnailUrl":"https:\/\/www.webdo.tn\/fr\/wp-content\/uploads\/2025\/06\/Capture-decran-2015-03-26-a-22.43.57_180028.png","articleSection":["Terrorisme"],"inLanguage":"fr-FR"},{"@type":"WebPage","@id":"https:\/\/www.webdo.tn\/fr\/actualite\/terrorisme\/avis-de-recherche-dun-terroriste-algerien-abou-sofiane-essoufi-en-tunisie\/180028\/","url":"https:\/\/www.webdo.tn\/fr\/actualite\/terrorisme\/avis-de-recherche-dun-terroriste-algerien-abou-sofiane-essoufi-en-tunisie\/180028\/","name":"Avis de recherche d'un terroriste alg\u00e9rien , Abou Sofiane Essoufi, en Tunisie","isPartOf":{"@id":"https:\/\/www.webdo.tn\/fr\/#website"},"primaryImageOfPage":{"@id":"https:\/\/www.webdo.tn\/fr\/actualite\/terrorisme\/avis-de-recherche-dun-terroriste-algerien-abou-sofiane-essoufi-en-tunisie\/180028\/#primaryimage"},"image":{"@id":"https:\/\/www.webdo.tn\/fr\/actualite\/terrorisme\/avis-de-recherche-dun-terroriste-algerien-abou-sofiane-essoufi-en-tunisie\/180028\/#primaryimage"},"thumbnailUrl":"https:\/\/www.webdo.tn\/fr\/wp-content\/uploads\/2025\/06\/Capture-decran-2015-03-26-a-22.43.57_180028.png","datePublished":"2015-03-26T22:51:00+00:00","dateModified":"2025-05-22T12:57:53+00:00","description":"Avis de recherche d'un terroriste alg\u00e9rien , Abou Sofiane Essoufi, en Tunisie","breadcrumb":{"@id":"https:\/\/www.webdo.tn\/fr\/actualite\/terrorisme\/avis-de-recherche-dun-terroriste-algerien-abou-sofiane-essoufi-en-tunisie\/180028\/#breadcrumb"},"inLanguage":"fr-FR","potentialAction":[{"@type":"ReadAction","target":["https:\/\/www.webdo.tn\/fr\/actualite\/terrorisme\/avis-de-recherche-dun-terroriste-algerien-abou-sofiane-essoufi-en-tunisie\/180028\/"]}]},{"@type":"ImageObject","inLanguage":"fr-FR","@id":"https:\/\/www.webdo.tn\/fr\/actualite\/terrorisme\/avis-de-recherche-dun-terroriste-algerien-abou-sofiane-essoufi-en-tunisie\/180028\/#primaryimage","url":"https:\/\/www.webdo.tn\/fr\/wp-content\/uploads\/2025\/06\/Capture-decran-2015-03-26-a-22.43.57_180028.png","contentUrl":"https:\/\/www.webdo.tn\/fr\/wp-content\/uploads\/2025\/06\/Capture-decran-2015-03-26-a-22.43.57_180028.png","width":570,"height":233,"caption":"Avis de recherche d'un \"terroriste alg\u00e9rien\", Abou Sofiane Essoufi, en Tunisie"},{"@type":"BreadcrumbList","@id":"https:\/\/www.webdo.tn\/fr\/actualite\/terrorisme\/avis-de-recherche-dun-terroriste-algerien-abou-sofiane-essoufi-en-tunisie\/180028\/#breadcrumb","itemListElement":[{"@type":"ListItem","position":1,"name":"Accueil","item":"https:\/\/www.webdo.tn\/fr\/"},{"@type":"ListItem","position":2,"name":"Avis de recherche d&rsquo;un \u00ab\u00a0terroriste alg\u00e9rien\u00a0\u00bb, Abou Sofiane Essoufi, en Tunisie"}]},{"@type":"WebSite","@id":"https:\/\/www.webdo.tn\/fr\/#website","url":"https:\/\/www.webdo.tn\/fr\/","name":"webdo","description":"Tunisie - News en Tunisie et \u00e0 l&#039;international sur Webdo.tn","publisher":{"@id":"https:\/\/www.webdo.tn\/fr\/#organization"},"potentialAction":[{"@type":"SearchAction","target":{"@type":"EntryPoint","urlTemplate":"https:\/\/www.webdo.tn\/fr\/?s={search_term_string}"},"query-input":{"@type":"PropertyValueSpecification","valueRequired":true,"valueName":"search_term_string"}}],"inLanguage":"fr-FR"},{"@type":"Organization","@id":"https:\/\/www.webdo.tn\/fr\/#organization","name":"Webdo","alternateName":"Webdo.tn","url":"https:\/\/www.webdo.tn\/fr\/","logo":{"@type":"ImageObject","inLanguage":"fr-FR","@id":"https:\/\/www.webdo.tn\/fr\/#\/schema\/logo\/image\/","url":"https:\/\/www.webdo.tn\/fr\/wp-content\/uploads\/2025\/06\/Webdo-Tunisie_168377.jpg","contentUrl":"https:\/\/www.webdo.tn\/fr\/wp-content\/uploads\/2025\/06\/Webdo-Tunisie_168377.jpg","width":301,"height":301,"caption":"Webdo"},"image":{"@id":"https:\/\/www.webdo.tn\/fr\/#\/schema\/logo\/image\/"},"sameAs":["https:\/\/www.facebook.com\/webdotn","https:\/\/x.com\/webdo_tn"],"description":"Webdo est un m\u00e9dia num\u00e9rique tunisien fond\u00e9 en 2010, sp\u00e9cialis\u00e9 dans l\u2019actualit\u00e9 nationale et internationale, l\u2019\u00e9conomie, la soci\u00e9t\u00e9 et les analyses politiques. Le site s\u2019adresse \u00e0 un large public francophone et couvre l\u2019information tunisienne en temps r\u00e9el.","email":"redac@webdo.tn","legalName":"YNJ SARL","foundingDate":"2010-09-06","numberOfEmployees":{"@type":"QuantitativeValue","minValue":"11","maxValue":"50"}},{"@type":"Person","@id":"https:\/\/www.webdo.tn\/fr\/#\/schema\/person\/9a9c6118d687c117df8ef3cc36a4d175","name":"webdo.tn","image":{"@type":"ImageObject","inLanguage":"fr-FR","@id":"https:\/\/secure.gravatar.com\/avatar\/7ce1f28c0c3bbac99ff550b85ef8e44a6950c6ee24514fb6a5489e51d06f0298?s=96&d=mm&r=g","url":"https:\/\/secure.gravatar.com\/avatar\/7ce1f28c0c3bbac99ff550b85ef8e44a6950c6ee24514fb6a5489e51d06f0298?s=96&d=mm&r=g","contentUrl":"https:\/\/secure.gravatar.com\/avatar\/7ce1f28c0c3bbac99ff550b85ef8e44a6950c6ee24514fb6a5489e51d06f0298?s=96&d=mm&r=g","caption":"webdo.tn"},"url":"https:\/\/www.webdo.tn\/fr\/actualite\/author\/webdotn\/"}]}},"_links":{"self":[{"href":"https:\/\/www.webdo.tn\/fr\/wp-json\/wp\/v2\/posts\/180028","targetHints":{"allow":["GET"]}}],"collection":[{"href":"https:\/\/www.webdo.tn\/fr\/wp-json\/wp\/v2\/posts"}],"about":[{"href":"https:\/\/www.webdo.tn\/fr\/wp-json\/wp\/v2\/types\/post"}],"author":[{"embeddable":true,"href":"https:\/\/www.webdo.tn\/fr\/wp-json\/wp\/v2\/users\/3222"}],"replies":[{"embeddable":true,"href":"https:\/\/www.webdo.tn\/fr\/wp-json\/wp\/v2\/comments?post=180028"}],"version-history":[{"count":0,"href":"https:\/\/www.webdo.tn\/fr\/wp-json\/wp\/v2\/posts\/180028\/revisions"}],"wp:featuredmedia":[{"embeddable":true,"href":"https:\/\/www.webdo.tn\/fr\/wp-json\/wp\/v2\/media\/373037"}],"wp:attachment":[{"href":"https:\/\/www.webdo.tn\/fr\/wp-json\/wp\/v2\/media?parent=180028"}],"wp:term":[{"taxonomy":"category","embeddable":true,"href":"https:\/\/www.webdo.tn\/fr\/wp-json\/wp\/v2\/categories?post=180028"},{"taxonomy":"post_tag","embeddable":true,"href":"https:\/\/www.webdo.tn\/fr\/wp-json\/wp\/v2\/tags?post=180028"}],"curies":[{"name":"wp","href":"https:\/\/api.w.org\/{rel}","templated":true}]}}