{"id":180025,"date":"2015-04-02T21:41:00","date_gmt":"2015-04-02T21:41:00","guid":{"rendered":"https:\/\/www.webdo.tn\/fr\/blog\/tunisie-46-personnes-arretees-suite-a-lattaque-meurtriere-du-bardo\/180025\/"},"modified":"2025-05-22T13:23:44","modified_gmt":"2025-05-22T13:23:44","slug":"tunisie-46-personnes-arretees-suite-a-lattaque-meurtriere-du-bardo","status":"publish","type":"post","link":"https:\/\/www.webdo.tn\/fr\/actualite\/terrorisme\/tunisie-46-personnes-arretees-suite-a-lattaque-meurtriere-du-bardo\/180025\/","title":{"rendered":"Tunisie : 46 personnes arr\u00eat\u00e9es suite \u00e0 l&rsquo;attaque meurtri\u00e8re du Bardo"},"content":{"rendered":"<p>Tunis | Suite \u00e0 l&rsquo;attaque meurtri\u00e8re du Bardo, 46 personnes en tout sont en\u00a0d\u00e9tention, a annonc\u00e9 ce soir, jeudi 2 avril le minist\u00e8re de l&rsquo;Int\u00e9rieur dans un communiqu\u00e9. Certains \u00e9taient recherch\u00e9s pour crimes terroristes et de droit commun, pr\u00e9cise le minist\u00e8re.<br \/>\nLe minist\u00e8re a \u00e9galement ajout\u00e9 que l&rsquo;unit\u00e9 nationale des enqu\u00eates dans les crimes terroristes aupr\u00e8s des services sp\u00e9ciaux de la S\u00e9curit\u00e9 nationale a r\u00e9ussi \u00e0 d\u00e9manteler deux r\u00e9seaux terroristes avec la coordination de la direction des renseignements et la direction de lutte contre le terrorisme.<br \/>\n[pull_quote_center]<br \/>\nLa majorit\u00e9 de ces \u00e9l\u00e9ments sont en relation avec les personnes qui ont particip\u00e9 \u00e0 l&rsquo;op\u00e9ration terroriste du Bardo, que ce soit par le soutien logistique, par le transport des armes ou en leur procurant une cachette \u00e0 ceux qui sont impliqu\u00e9s dans l&rsquo;attaque. D&rsquo;autres \u00e9taient impliqu\u00e9s dans des op\u00e9rations terrorismes visant des \u00e9tablissements s\u00e9curitaires et qui \u00e9taient observ\u00e9s auparavant.\u00a0<br \/>\n[\/pull_quote_center]<br \/>\n Huit jours apr\u00e8s l&rsquo;attaque,\u00a0le ministre de l\u2019Int\u00e9rieur Najem Gharsalli avait r\u00e9v\u00e9l\u00e9 que 23 personnes\u00a0impliqu\u00e9es directement dans l\u2019attaque terroriste du 18 mars, dont une femme seront pr\u00e9sent\u00e9es \u00e0 la justice.<br \/>\nLors de l&rsquo;attaque du Bardo, deux hommes ont tir\u00e9 sur les touristes venus visiter le mus\u00e9e et les pr\u00e9sents faisant 22 morts et des dizaines de bless\u00e9s.Les deux terroristes ont \u00e9t\u00e9 abattus le m\u00eame jour sur place par la Brigade antiterroriste.<\/p>\n","protected":false},"excerpt":{"rendered":"<p>Tunisie : 46 personnes arr\u00eat\u00e9es suite \u00e0 l&rsquo;attaque meurtri\u00e8re du Bardo<\/p>\n","protected":false},"author":3222,"featured_media":335688,"comment_status":"open","ping_status":"closed","sticky":false,"template":"","format":"standard","meta":{"footnotes":""},"categories":[11342],"tags":[],"class_list":["post-180025","post","type-post","status-publish","format-standard","has-post-thumbnail","hentry","category-terrorisme"],"yoast_head":"<!-- This site is optimized with the Yoast SEO Premium plugin v27.4 (Yoast SEO v27.5) - https:\/\/yoast.com\/product\/yoast-seo-premium-wordpress\/ -->\n<title>Tunisie : 46 personnes arr\u00eat\u00e9es suite \u00e0 l&#039;attaque meurtri\u00e8re du Bardo<\/title>\n<meta name=\"description\" content=\"Tunisie : 46 personnes arr\u00eat\u00e9es suite \u00e0 l&#039;attaque meurtri\u00e8re du Bardo\" \/>\n<link rel=\"canonical\" href=\"https:\/\/www.webdo.tn\/fr\/actualite\/terrorisme\/tunisie-46-personnes-arretees-suite-a-lattaque-meurtriere-du-bardo\/180025\/\" \/>\n<meta property=\"og:locale\" content=\"fr_FR\" \/>\n<meta property=\"og:type\" content=\"article\" \/>\n<meta property=\"og:title\" content=\"Tunisie : 46 personnes arr\u00eat\u00e9es suite \u00e0 l&#039;attaque meurtri\u00e8re du Bardo\" \/>\n<meta property=\"og:description\" content=\"Tunisie : 46 personnes arr\u00eat\u00e9es suite \u00e0 l&#039;attaque meurtri\u00e8re du Bardo\" \/>\n<meta property=\"og:url\" content=\"https:\/\/www.webdo.tn\/fr\/actualite\/terrorisme\/tunisie-46-personnes-arretees-suite-a-lattaque-meurtriere-du-bardo\/180025\/\" \/>\n<meta property=\"og:site_name\" content=\"webdo\" \/>\n<meta property=\"article:publisher\" content=\"https:\/\/www.facebook.com\/webdotn\" \/>\n<meta property=\"article:published_time\" content=\"2015-04-02T21:41:00+00:00\" \/>\n<meta property=\"article:modified_time\" content=\"2025-05-22T13:23:44+00:00\" \/>\n<meta property=\"og:image\" content=\"https:\/\/www.webdo.tn\/fr\/wp-content\/uploads\/2015\/04\/Conf-MI-26-03-2015-photo-WEBDO-K.-Nasraoui-3-300x257-1.jpg\" \/>\n\t<meta property=\"og:image:width\" content=\"300\" \/>\n\t<meta property=\"og:image:height\" content=\"257\" \/>\n\t<meta property=\"og:image:type\" content=\"image\/jpeg\" \/>\n<meta name=\"author\" content=\"webdo.tn\" \/>\n<meta name=\"twitter:card\" content=\"summary_large_image\" \/>\n<meta name=\"twitter:creator\" content=\"@webdo_tn\" \/>\n<meta name=\"twitter:site\" content=\"@webdo_tn\" \/>\n<meta name=\"twitter:label1\" content=\"\u00c9crit par\" \/>\n\t<meta name=\"twitter:data1\" content=\"webdo.tn\" \/>\n\t<meta name=\"twitter:label2\" content=\"Dur\u00e9e de lecture estim\u00e9e\" \/>\n\t<meta name=\"twitter:data2\" content=\"1 minute\" \/>\n<script type=\"application\/ld+json\" class=\"yoast-schema-graph\">{\"@context\":\"https:\\\/\\\/schema.org\",\"@graph\":[{\"@type\":\"NewsArticle\",\"@id\":\"https:\\\/\\\/www.webdo.tn\\\/fr\\\/actualite\\\/terrorisme\\\/tunisie-46-personnes-arretees-suite-a-lattaque-meurtriere-du-bardo\\\/180025\\\/#article\",\"isPartOf\":{\"@id\":\"https:\\\/\\\/www.webdo.tn\\\/fr\\\/actualite\\\/terrorisme\\\/tunisie-46-personnes-arretees-suite-a-lattaque-meurtriere-du-bardo\\\/180025\\\/\"},\"author\":{\"name\":\"webdo.tn\",\"@id\":\"https:\\\/\\\/www.webdo.tn\\\/fr\\\/#\\\/schema\\\/person\\\/9a9c6118d687c117df8ef3cc36a4d175\"},\"headline\":\"Tunisie : 46 personnes arr\u00eat\u00e9es suite \u00e0 l&rsquo;attaque meurtri\u00e8re du Bardo\",\"datePublished\":\"2015-04-02T21:41:00+00:00\",\"dateModified\":\"2025-05-22T13:23:44+00:00\",\"mainEntityOfPage\":{\"@id\":\"https:\\\/\\\/www.webdo.tn\\\/fr\\\/actualite\\\/terrorisme\\\/tunisie-46-personnes-arretees-suite-a-lattaque-meurtriere-du-bardo\\\/180025\\\/\"},\"wordCount\":270,\"commentCount\":0,\"publisher\":{\"@id\":\"https:\\\/\\\/www.webdo.tn\\\/fr\\\/#organization\"},\"image\":{\"@id\":\"https:\\\/\\\/www.webdo.tn\\\/fr\\\/actualite\\\/terrorisme\\\/tunisie-46-personnes-arretees-suite-a-lattaque-meurtriere-du-bardo\\\/180025\\\/#primaryimage\"},\"thumbnailUrl\":\"https:\\\/\\\/www.webdo.tn\\\/fr\\\/wp-content\\\/uploads\\\/2015\\\/04\\\/Conf-MI-26-03-2015-photo-WEBDO-K.-Nasraoui-3-300x257-1.jpg\",\"articleSection\":[\"Terrorisme\"],\"inLanguage\":\"fr-FR\"},{\"@type\":\"WebPage\",\"@id\":\"https:\\\/\\\/www.webdo.tn\\\/fr\\\/actualite\\\/terrorisme\\\/tunisie-46-personnes-arretees-suite-a-lattaque-meurtriere-du-bardo\\\/180025\\\/\",\"url\":\"https:\\\/\\\/www.webdo.tn\\\/fr\\\/actualite\\\/terrorisme\\\/tunisie-46-personnes-arretees-suite-a-lattaque-meurtriere-du-bardo\\\/180025\\\/\",\"name\":\"Tunisie : 46 personnes arr\u00eat\u00e9es suite \u00e0 l'attaque meurtri\u00e8re du Bardo\",\"isPartOf\":{\"@id\":\"https:\\\/\\\/www.webdo.tn\\\/fr\\\/#website\"},\"primaryImageOfPage\":{\"@id\":\"https:\\\/\\\/www.webdo.tn\\\/fr\\\/actualite\\\/terrorisme\\\/tunisie-46-personnes-arretees-suite-a-lattaque-meurtriere-du-bardo\\\/180025\\\/#primaryimage\"},\"image\":{\"@id\":\"https:\\\/\\\/www.webdo.tn\\\/fr\\\/actualite\\\/terrorisme\\\/tunisie-46-personnes-arretees-suite-a-lattaque-meurtriere-du-bardo\\\/180025\\\/#primaryimage\"},\"thumbnailUrl\":\"https:\\\/\\\/www.webdo.tn\\\/fr\\\/wp-content\\\/uploads\\\/2015\\\/04\\\/Conf-MI-26-03-2015-photo-WEBDO-K.-Nasraoui-3-300x257-1.jpg\",\"datePublished\":\"2015-04-02T21:41:00+00:00\",\"dateModified\":\"2025-05-22T13:23:44+00:00\",\"description\":\"Tunisie : 46 personnes arr\u00eat\u00e9es suite \u00e0 l'attaque meurtri\u00e8re du Bardo\",\"breadcrumb\":{\"@id\":\"https:\\\/\\\/www.webdo.tn\\\/fr\\\/actualite\\\/terrorisme\\\/tunisie-46-personnes-arretees-suite-a-lattaque-meurtriere-du-bardo\\\/180025\\\/#breadcrumb\"},\"inLanguage\":\"fr-FR\",\"potentialAction\":[{\"@type\":\"ReadAction\",\"target\":[\"https:\\\/\\\/www.webdo.tn\\\/fr\\\/actualite\\\/terrorisme\\\/tunisie-46-personnes-arretees-suite-a-lattaque-meurtriere-du-bardo\\\/180025\\\/\"]}]},{\"@type\":\"ImageObject\",\"inLanguage\":\"fr-FR\",\"@id\":\"https:\\\/\\\/www.webdo.tn\\\/fr\\\/actualite\\\/terrorisme\\\/tunisie-46-personnes-arretees-suite-a-lattaque-meurtriere-du-bardo\\\/180025\\\/#primaryimage\",\"url\":\"https:\\\/\\\/www.webdo.tn\\\/fr\\\/wp-content\\\/uploads\\\/2015\\\/04\\\/Conf-MI-26-03-2015-photo-WEBDO-K.-Nasraoui-3-300x257-1.jpg\",\"contentUrl\":\"https:\\\/\\\/www.webdo.tn\\\/fr\\\/wp-content\\\/uploads\\\/2015\\\/04\\\/Conf-MI-26-03-2015-photo-WEBDO-K.-Nasraoui-3-300x257-1.jpg\",\"width\":300,\"height\":257,\"caption\":\"Tunisie : 46 personnes arr\u00eat\u00e9es suite \u00e0 l'attaque meurtri\u00e8re du Bardo\"},{\"@type\":\"BreadcrumbList\",\"@id\":\"https:\\\/\\\/www.webdo.tn\\\/fr\\\/actualite\\\/terrorisme\\\/tunisie-46-personnes-arretees-suite-a-lattaque-meurtriere-du-bardo\\\/180025\\\/#breadcrumb\",\"itemListElement\":[{\"@type\":\"ListItem\",\"position\":1,\"name\":\"Accueil\",\"item\":\"https:\\\/\\\/www.webdo.tn\\\/fr\\\/\"},{\"@type\":\"ListItem\",\"position\":2,\"name\":\"Tunisie : 46 personnes arr\u00eat\u00e9es suite \u00e0 l&rsquo;attaque meurtri\u00e8re du Bardo\"}]},{\"@type\":\"WebSite\",\"@id\":\"https:\\\/\\\/www.webdo.tn\\\/fr\\\/#website\",\"url\":\"https:\\\/\\\/www.webdo.tn\\\/fr\\\/\",\"name\":\"webdo\",\"description\":\"Tunisie - News en Tunisie et \u00e0 l&#039;international sur Webdo.tn\",\"publisher\":{\"@id\":\"https:\\\/\\\/www.webdo.tn\\\/fr\\\/#organization\"},\"potentialAction\":[{\"@type\":\"SearchAction\",\"target\":{\"@type\":\"EntryPoint\",\"urlTemplate\":\"https:\\\/\\\/www.webdo.tn\\\/fr\\\/?s={search_term_string}\"},\"query-input\":{\"@type\":\"PropertyValueSpecification\",\"valueRequired\":true,\"valueName\":\"search_term_string\"}}],\"inLanguage\":\"fr-FR\"},{\"@type\":\"Organization\",\"@id\":\"https:\\\/\\\/www.webdo.tn\\\/fr\\\/#organization\",\"name\":\"Webdo\",\"alternateName\":\"Webdo.tn\",\"url\":\"https:\\\/\\\/www.webdo.tn\\\/fr\\\/\",\"logo\":{\"@type\":\"ImageObject\",\"inLanguage\":\"fr-FR\",\"@id\":\"https:\\\/\\\/www.webdo.tn\\\/fr\\\/#\\\/schema\\\/logo\\\/image\\\/\",\"url\":\"https:\\\/\\\/www.webdo.tn\\\/fr\\\/wp-content\\\/uploads\\\/2025\\\/06\\\/Webdo-Tunisie_168377.jpg\",\"contentUrl\":\"https:\\\/\\\/www.webdo.tn\\\/fr\\\/wp-content\\\/uploads\\\/2025\\\/06\\\/Webdo-Tunisie_168377.jpg\",\"width\":301,\"height\":301,\"caption\":\"Webdo\"},\"image\":{\"@id\":\"https:\\\/\\\/www.webdo.tn\\\/fr\\\/#\\\/schema\\\/logo\\\/image\\\/\"},\"sameAs\":[\"https:\\\/\\\/www.facebook.com\\\/webdotn\",\"https:\\\/\\\/x.com\\\/webdo_tn\"],\"description\":\"Webdo est un m\u00e9dia num\u00e9rique tunisien fond\u00e9 en 2010, sp\u00e9cialis\u00e9 dans l\u2019actualit\u00e9 nationale et internationale, l\u2019\u00e9conomie, la soci\u00e9t\u00e9 et les analyses politiques. Le site s\u2019adresse \u00e0 un large public francophone et couvre l\u2019information tunisienne en temps r\u00e9el.\",\"email\":\"redac@webdo.tn\",\"legalName\":\"YNJ SARL\",\"foundingDate\":\"2010-09-06\",\"numberOfEmployees\":{\"@type\":\"QuantitativeValue\",\"minValue\":\"11\",\"maxValue\":\"50\"}},{\"@type\":\"Person\",\"@id\":\"https:\\\/\\\/www.webdo.tn\\\/fr\\\/#\\\/schema\\\/person\\\/9a9c6118d687c117df8ef3cc36a4d175\",\"name\":\"webdo.tn\",\"image\":{\"@type\":\"ImageObject\",\"inLanguage\":\"fr-FR\",\"@id\":\"https:\\\/\\\/secure.gravatar.com\\\/avatar\\\/7ce1f28c0c3bbac99ff550b85ef8e44a6950c6ee24514fb6a5489e51d06f0298?s=96&d=mm&r=g\",\"url\":\"https:\\\/\\\/secure.gravatar.com\\\/avatar\\\/7ce1f28c0c3bbac99ff550b85ef8e44a6950c6ee24514fb6a5489e51d06f0298?s=96&d=mm&r=g\",\"contentUrl\":\"https:\\\/\\\/secure.gravatar.com\\\/avatar\\\/7ce1f28c0c3bbac99ff550b85ef8e44a6950c6ee24514fb6a5489e51d06f0298?s=96&d=mm&r=g\",\"caption\":\"webdo.tn\"},\"url\":\"https:\\\/\\\/www.webdo.tn\\\/fr\\\/actualite\\\/author\\\/webdotn\\\/\"}]}<\/script>\n<!-- \/ Yoast SEO Premium plugin. -->","yoast_head_json":{"title":"Tunisie : 46 personnes arr\u00eat\u00e9es suite \u00e0 l'attaque meurtri\u00e8re du Bardo","description":"Tunisie : 46 personnes arr\u00eat\u00e9es suite \u00e0 l'attaque meurtri\u00e8re du Bardo","canonical":"https:\/\/www.webdo.tn\/fr\/actualite\/terrorisme\/tunisie-46-personnes-arretees-suite-a-lattaque-meurtriere-du-bardo\/180025\/","og_locale":"fr_FR","og_type":"article","og_title":"Tunisie : 46 personnes arr\u00eat\u00e9es suite \u00e0 l'attaque meurtri\u00e8re du Bardo","og_description":"Tunisie : 46 personnes arr\u00eat\u00e9es suite \u00e0 l'attaque meurtri\u00e8re du Bardo","og_url":"https:\/\/www.webdo.tn\/fr\/actualite\/terrorisme\/tunisie-46-personnes-arretees-suite-a-lattaque-meurtriere-du-bardo\/180025\/","og_site_name":"webdo","article_publisher":"https:\/\/www.facebook.com\/webdotn","article_published_time":"2015-04-02T21:41:00+00:00","article_modified_time":"2025-05-22T13:23:44+00:00","og_image":[{"width":300,"height":257,"url":"https:\/\/www.webdo.tn\/fr\/wp-content\/uploads\/2015\/04\/Conf-MI-26-03-2015-photo-WEBDO-K.-Nasraoui-3-300x257-1.jpg","type":"image\/jpeg"}],"author":"webdo.tn","twitter_card":"summary_large_image","twitter_creator":"@webdo_tn","twitter_site":"@webdo_tn","twitter_misc":{"\u00c9crit par":"webdo.tn","Dur\u00e9e de lecture estim\u00e9e":"1 minute"},"schema":{"@context":"https:\/\/schema.org","@graph":[{"@type":"NewsArticle","@id":"https:\/\/www.webdo.tn\/fr\/actualite\/terrorisme\/tunisie-46-personnes-arretees-suite-a-lattaque-meurtriere-du-bardo\/180025\/#article","isPartOf":{"@id":"https:\/\/www.webdo.tn\/fr\/actualite\/terrorisme\/tunisie-46-personnes-arretees-suite-a-lattaque-meurtriere-du-bardo\/180025\/"},"author":{"name":"webdo.tn","@id":"https:\/\/www.webdo.tn\/fr\/#\/schema\/person\/9a9c6118d687c117df8ef3cc36a4d175"},"headline":"Tunisie : 46 personnes arr\u00eat\u00e9es suite \u00e0 l&rsquo;attaque meurtri\u00e8re du Bardo","datePublished":"2015-04-02T21:41:00+00:00","dateModified":"2025-05-22T13:23:44+00:00","mainEntityOfPage":{"@id":"https:\/\/www.webdo.tn\/fr\/actualite\/terrorisme\/tunisie-46-personnes-arretees-suite-a-lattaque-meurtriere-du-bardo\/180025\/"},"wordCount":270,"commentCount":0,"publisher":{"@id":"https:\/\/www.webdo.tn\/fr\/#organization"},"image":{"@id":"https:\/\/www.webdo.tn\/fr\/actualite\/terrorisme\/tunisie-46-personnes-arretees-suite-a-lattaque-meurtriere-du-bardo\/180025\/#primaryimage"},"thumbnailUrl":"https:\/\/www.webdo.tn\/fr\/wp-content\/uploads\/2015\/04\/Conf-MI-26-03-2015-photo-WEBDO-K.-Nasraoui-3-300x257-1.jpg","articleSection":["Terrorisme"],"inLanguage":"fr-FR"},{"@type":"WebPage","@id":"https:\/\/www.webdo.tn\/fr\/actualite\/terrorisme\/tunisie-46-personnes-arretees-suite-a-lattaque-meurtriere-du-bardo\/180025\/","url":"https:\/\/www.webdo.tn\/fr\/actualite\/terrorisme\/tunisie-46-personnes-arretees-suite-a-lattaque-meurtriere-du-bardo\/180025\/","name":"Tunisie : 46 personnes arr\u00eat\u00e9es suite \u00e0 l'attaque meurtri\u00e8re du Bardo","isPartOf":{"@id":"https:\/\/www.webdo.tn\/fr\/#website"},"primaryImageOfPage":{"@id":"https:\/\/www.webdo.tn\/fr\/actualite\/terrorisme\/tunisie-46-personnes-arretees-suite-a-lattaque-meurtriere-du-bardo\/180025\/#primaryimage"},"image":{"@id":"https:\/\/www.webdo.tn\/fr\/actualite\/terrorisme\/tunisie-46-personnes-arretees-suite-a-lattaque-meurtriere-du-bardo\/180025\/#primaryimage"},"thumbnailUrl":"https:\/\/www.webdo.tn\/fr\/wp-content\/uploads\/2015\/04\/Conf-MI-26-03-2015-photo-WEBDO-K.-Nasraoui-3-300x257-1.jpg","datePublished":"2015-04-02T21:41:00+00:00","dateModified":"2025-05-22T13:23:44+00:00","description":"Tunisie : 46 personnes arr\u00eat\u00e9es suite \u00e0 l'attaque meurtri\u00e8re du Bardo","breadcrumb":{"@id":"https:\/\/www.webdo.tn\/fr\/actualite\/terrorisme\/tunisie-46-personnes-arretees-suite-a-lattaque-meurtriere-du-bardo\/180025\/#breadcrumb"},"inLanguage":"fr-FR","potentialAction":[{"@type":"ReadAction","target":["https:\/\/www.webdo.tn\/fr\/actualite\/terrorisme\/tunisie-46-personnes-arretees-suite-a-lattaque-meurtriere-du-bardo\/180025\/"]}]},{"@type":"ImageObject","inLanguage":"fr-FR","@id":"https:\/\/www.webdo.tn\/fr\/actualite\/terrorisme\/tunisie-46-personnes-arretees-suite-a-lattaque-meurtriere-du-bardo\/180025\/#primaryimage","url":"https:\/\/www.webdo.tn\/fr\/wp-content\/uploads\/2015\/04\/Conf-MI-26-03-2015-photo-WEBDO-K.-Nasraoui-3-300x257-1.jpg","contentUrl":"https:\/\/www.webdo.tn\/fr\/wp-content\/uploads\/2015\/04\/Conf-MI-26-03-2015-photo-WEBDO-K.-Nasraoui-3-300x257-1.jpg","width":300,"height":257,"caption":"Tunisie : 46 personnes arr\u00eat\u00e9es suite \u00e0 l'attaque meurtri\u00e8re du Bardo"},{"@type":"BreadcrumbList","@id":"https:\/\/www.webdo.tn\/fr\/actualite\/terrorisme\/tunisie-46-personnes-arretees-suite-a-lattaque-meurtriere-du-bardo\/180025\/#breadcrumb","itemListElement":[{"@type":"ListItem","position":1,"name":"Accueil","item":"https:\/\/www.webdo.tn\/fr\/"},{"@type":"ListItem","position":2,"name":"Tunisie : 46 personnes arr\u00eat\u00e9es suite \u00e0 l&rsquo;attaque meurtri\u00e8re du Bardo"}]},{"@type":"WebSite","@id":"https:\/\/www.webdo.tn\/fr\/#website","url":"https:\/\/www.webdo.tn\/fr\/","name":"webdo","description":"Tunisie - News en Tunisie et \u00e0 l&#039;international sur Webdo.tn","publisher":{"@id":"https:\/\/www.webdo.tn\/fr\/#organization"},"potentialAction":[{"@type":"SearchAction","target":{"@type":"EntryPoint","urlTemplate":"https:\/\/www.webdo.tn\/fr\/?s={search_term_string}"},"query-input":{"@type":"PropertyValueSpecification","valueRequired":true,"valueName":"search_term_string"}}],"inLanguage":"fr-FR"},{"@type":"Organization","@id":"https:\/\/www.webdo.tn\/fr\/#organization","name":"Webdo","alternateName":"Webdo.tn","url":"https:\/\/www.webdo.tn\/fr\/","logo":{"@type":"ImageObject","inLanguage":"fr-FR","@id":"https:\/\/www.webdo.tn\/fr\/#\/schema\/logo\/image\/","url":"https:\/\/www.webdo.tn\/fr\/wp-content\/uploads\/2025\/06\/Webdo-Tunisie_168377.jpg","contentUrl":"https:\/\/www.webdo.tn\/fr\/wp-content\/uploads\/2025\/06\/Webdo-Tunisie_168377.jpg","width":301,"height":301,"caption":"Webdo"},"image":{"@id":"https:\/\/www.webdo.tn\/fr\/#\/schema\/logo\/image\/"},"sameAs":["https:\/\/www.facebook.com\/webdotn","https:\/\/x.com\/webdo_tn"],"description":"Webdo est un m\u00e9dia num\u00e9rique tunisien fond\u00e9 en 2010, sp\u00e9cialis\u00e9 dans l\u2019actualit\u00e9 nationale et internationale, l\u2019\u00e9conomie, la soci\u00e9t\u00e9 et les analyses politiques. Le site s\u2019adresse \u00e0 un large public francophone et couvre l\u2019information tunisienne en temps r\u00e9el.","email":"redac@webdo.tn","legalName":"YNJ SARL","foundingDate":"2010-09-06","numberOfEmployees":{"@type":"QuantitativeValue","minValue":"11","maxValue":"50"}},{"@type":"Person","@id":"https:\/\/www.webdo.tn\/fr\/#\/schema\/person\/9a9c6118d687c117df8ef3cc36a4d175","name":"webdo.tn","image":{"@type":"ImageObject","inLanguage":"fr-FR","@id":"https:\/\/secure.gravatar.com\/avatar\/7ce1f28c0c3bbac99ff550b85ef8e44a6950c6ee24514fb6a5489e51d06f0298?s=96&d=mm&r=g","url":"https:\/\/secure.gravatar.com\/avatar\/7ce1f28c0c3bbac99ff550b85ef8e44a6950c6ee24514fb6a5489e51d06f0298?s=96&d=mm&r=g","contentUrl":"https:\/\/secure.gravatar.com\/avatar\/7ce1f28c0c3bbac99ff550b85ef8e44a6950c6ee24514fb6a5489e51d06f0298?s=96&d=mm&r=g","caption":"webdo.tn"},"url":"https:\/\/www.webdo.tn\/fr\/actualite\/author\/webdotn\/"}]}},"_links":{"self":[{"href":"https:\/\/www.webdo.tn\/fr\/wp-json\/wp\/v2\/posts\/180025","targetHints":{"allow":["GET"]}}],"collection":[{"href":"https:\/\/www.webdo.tn\/fr\/wp-json\/wp\/v2\/posts"}],"about":[{"href":"https:\/\/www.webdo.tn\/fr\/wp-json\/wp\/v2\/types\/post"}],"author":[{"embeddable":true,"href":"https:\/\/www.webdo.tn\/fr\/wp-json\/wp\/v2\/users\/3222"}],"replies":[{"embeddable":true,"href":"https:\/\/www.webdo.tn\/fr\/wp-json\/wp\/v2\/comments?post=180025"}],"version-history":[{"count":0,"href":"https:\/\/www.webdo.tn\/fr\/wp-json\/wp\/v2\/posts\/180025\/revisions"}],"wp:featuredmedia":[{"embeddable":true,"href":"https:\/\/www.webdo.tn\/fr\/wp-json\/wp\/v2\/media\/335688"}],"wp:attachment":[{"href":"https:\/\/www.webdo.tn\/fr\/wp-json\/wp\/v2\/media?parent=180025"}],"wp:term":[{"taxonomy":"category","embeddable":true,"href":"https:\/\/www.webdo.tn\/fr\/wp-json\/wp\/v2\/categories?post=180025"},{"taxonomy":"post_tag","embeddable":true,"href":"https:\/\/www.webdo.tn\/fr\/wp-json\/wp\/v2\/tags?post=180025"}],"curies":[{"name":"wp","href":"https:\/\/api.w.org\/{rel}","templated":true}]}}