{"id":180023,"date":"2015-04-22T11:02:00","date_gmt":"2015-04-22T11:02:00","guid":{"rendered":"https:\/\/www.webdo.tn\/fr\/blog\/lofficine-mediatique-de-letat-islamique-publie-photo-dun-de-membres-tues-tunisie\/180023\/"},"modified":"2015-04-22T11:02:00","modified_gmt":"2015-04-22T11:02:00","slug":"lofficine-mediatique-de-letat-islamique-publie-photo-dun-de-membres-tues-tunisie","status":"publish","type":"post","link":"https:\/\/www.webdo.tn\/fr\/actualite\/terrorisme\/lofficine-mediatique-de-letat-islamique-publie-photo-dun-de-membres-tues-tunisie\/180023\/","title":{"rendered":"L&rsquo;officine m\u00e9diatique de l&rsquo;Etat islamique publie la photo d&rsquo;un de ses membres tu\u00e9s en Tunisie"},"content":{"rendered":"<p>Une photo d&rsquo;un des membres de l&rsquo;Etat islamique tu\u00e9 en Tunisie lors de l&rsquo;attaque terroriste au mont Mghila a \u00e9t\u00e9 publi\u00e9e, ce mardi 21 avril par l&rsquo;officine m\u00e9diatique de l&rsquo;EI, \u00ab\u00a0Ifrikia m\u00e9dia\u00a0\u00bb (@IFR_016) sur twitter.<br \/>\n#\u062c\u062f\u064a\u062f \u0635\u0648\u0631\u0629 \u0644\u0623\u062d\u062f \u062c\u0646\u0648\u062f #\u0627\u0644\u062f\u0648\u0644\u0629_\u0627\u0644\u0625\u0633\u0644\u0627\u0645\u064a\u0629 \u0641\u064a #\u062a\u0648\u0646\u0633 #\u0625\u0641\u0631\u064a\u0642\u064a\u0629_\u0644\u0644\u0625\u0639\u0644\u0627\u0645 #\u062c\u0646\u062f_\u0627\u0644\u062e\u0644\u0627\u0641\u0629 pic.twitter.com\/eLFeQuU82Y<\/p>\n<p>\u2014 \u0625\u0641\u0631\u064a\u0642\u064a\u064e\u0629 \u0644\u0644\u0625\u0639\u0644\u0627\u0645 (@IFR_016) 21 Avril 2015<\/p>\n<p>Le membre en question est alg\u00e9rien et se nomme Abdeljabar Abou Zaned Youssef, n\u00e9 en 1982 et aurait rejoint les rangs de l&rsquo;AQMI en 2007 selon un descriptif des \u00ab\u00a0soldats du califat\u00a0\u00bb, le qualifiant de martyr, publi\u00e9 sur leur page twitter et faisant office de revendication de l\u2019attentat terroriste du 7 avril au Mont Mghila.<\/p>\n<p>Ces m\u00eames \u00ab\u00a0soldats\u00a0\u00bb ont menac\u00e9 les forces de l&rsquo;ordre tunisiennes, d\u00e9clarant dans un communiqu\u00e9 que \u00ab\u00a0les sangs de leurs fr\u00e8res ne seront pas vains\u00a0\u00bb et qu&rsquo;ils \u00ab\u00a0continueront sur la voie du jihad jusqu&rsquo;\u00e0 la victoire\u00a0\u00bb.<\/p>\n<p>\u0639\u0634\u062a \u062d\u0645\u064a\u062f\u0627 \u0648\u0645\u062a \u0634\u0647\u064a\u062f\u0627 \u0628\u064a\u0627\u0646 \u0641\u064a \u0627\u0633\u062a\u0634\u0647\u0627\u062f \u062c\u0646\u062f\u064a \u0645\u0646 \u062c\u0646\u0648\u062f \u062f\u0648\u0644\u0629 \u0627\u0644\u0625\u0633\u0644\u0627\u0645 \u0641\u064a \u062a\u0648\u0646\u0633 https:\/\/t.co\/l9awvsIQCb #\u0627\u0644\u062c\u0632\u0627\u0626\u0631 #\u0644\u064a\u0628\u064a\u0627 pic.twitter.com\/dBGCuu9wVi<\/p>\n<p>\u2014 \u0645\u0624\u0633\u0633\u0629 \u0623\u062c\u0646\u0627\u062f \u0627\u0644\u062e\u0644\u0627\u0641\u0629 (@ajned_2O0) 21 Avril 2015<\/p>\n<p>\u00a0<\/p>\n<p>Rappelons qu&rsquo;une embuscade a eu lieu le 8 avril dernier au mont Mghila dans la r\u00e9gion de Kasserine, au cours de laquelle 5 militaires ont \u00e9t\u00e9 tu\u00e9s et 12 autres bless\u00e9s.<\/p>\n","protected":false},"excerpt":{"rendered":"<p>L&rsquo;officine m\u00e9diatique de l&rsquo;Etat islamique publie la photo d&rsquo;un de ses membres tu\u00e9s en Tunisie<\/p>\n","protected":false},"author":3222,"featured_media":335773,"comment_status":"open","ping_status":"closed","sticky":false,"template":"","format":"standard","meta":{"footnotes":""},"categories":[11342],"tags":[2600],"class_list":["post-180023","post","type-post","status-publish","format-standard","has-post-thumbnail","hentry","category-terrorisme","tag-guerre"],"yoast_head":"<!-- This site is optimized with the Yoast SEO Premium plugin v27.4 (Yoast SEO v27.5) - https:\/\/yoast.com\/product\/yoast-seo-premium-wordpress\/ -->\n<title>L&#039;officine m\u00e9diatique de l&#039;Etat islamique publie la photo d&#039;un de ses membres tu\u00e9s en Tunisie<\/title>\n<meta name=\"description\" content=\"L&#039;officine m\u00e9diatique de l&#039;Etat islamique publie la photo d&#039;un de ses membres tu\u00e9s en Tunisie\" \/>\n<link rel=\"canonical\" href=\"https:\/\/www.webdo.tn\/fr\/actualite\/terrorisme\/lofficine-mediatique-de-letat-islamique-publie-photo-dun-de-membres-tues-tunisie\/180023\/\" \/>\n<meta property=\"og:locale\" content=\"fr_FR\" \/>\n<meta property=\"og:type\" content=\"article\" \/>\n<meta property=\"og:title\" content=\"L&#039;officine m\u00e9diatique de l&#039;Etat islamique publie la photo d&#039;un de ses membres tu\u00e9s en Tunisie\" \/>\n<meta property=\"og:description\" content=\"L&#039;officine m\u00e9diatique de l&#039;Etat islamique publie la photo d&#039;un de ses membres tu\u00e9s en Tunisie\" \/>\n<meta property=\"og:url\" content=\"https:\/\/www.webdo.tn\/fr\/actualite\/terrorisme\/lofficine-mediatique-de-letat-islamique-publie-photo-dun-de-membres-tues-tunisie\/180023\/\" \/>\n<meta property=\"og:site_name\" content=\"webdo\" \/>\n<meta property=\"article:publisher\" content=\"https:\/\/www.facebook.com\/webdotn\" \/>\n<meta property=\"article:published_time\" content=\"2015-04-22T11:02:00+00:00\" \/>\n<meta property=\"og:image\" content=\"https:\/\/www.webdo.tn\/fr\/wp-content\/uploads\/2015\/04\/webdo_default-104.jpg\" \/>\n\t<meta property=\"og:image:width\" content=\"800\" \/>\n\t<meta property=\"og:image:height\" content=\"500\" \/>\n\t<meta property=\"og:image:type\" content=\"image\/jpeg\" \/>\n<meta name=\"author\" content=\"webdo.tn\" \/>\n<meta name=\"twitter:card\" content=\"summary_large_image\" \/>\n<meta name=\"twitter:creator\" content=\"@webdo_tn\" \/>\n<meta name=\"twitter:site\" content=\"@webdo_tn\" \/>\n<meta name=\"twitter:label1\" content=\"\u00c9crit par\" \/>\n\t<meta name=\"twitter:data1\" content=\"webdo.tn\" \/>\n\t<meta name=\"twitter:label2\" content=\"Dur\u00e9e de lecture estim\u00e9e\" \/>\n\t<meta name=\"twitter:data2\" content=\"1 minute\" \/>\n<script type=\"application\/ld+json\" class=\"yoast-schema-graph\">{\"@context\":\"https:\\\/\\\/schema.org\",\"@graph\":[{\"@type\":\"NewsArticle\",\"@id\":\"https:\\\/\\\/www.webdo.tn\\\/fr\\\/actualite\\\/terrorisme\\\/lofficine-mediatique-de-letat-islamique-publie-photo-dun-de-membres-tues-tunisie\\\/180023\\\/#article\",\"isPartOf\":{\"@id\":\"https:\\\/\\\/www.webdo.tn\\\/fr\\\/actualite\\\/terrorisme\\\/lofficine-mediatique-de-letat-islamique-publie-photo-dun-de-membres-tues-tunisie\\\/180023\\\/\"},\"author\":{\"name\":\"webdo.tn\",\"@id\":\"https:\\\/\\\/www.webdo.tn\\\/fr\\\/#\\\/schema\\\/person\\\/9a9c6118d687c117df8ef3cc36a4d175\"},\"headline\":\"L&rsquo;officine m\u00e9diatique de l&rsquo;Etat islamique publie la photo d&rsquo;un de ses membres tu\u00e9s en Tunisie\",\"datePublished\":\"2015-04-22T11:02:00+00:00\",\"mainEntityOfPage\":{\"@id\":\"https:\\\/\\\/www.webdo.tn\\\/fr\\\/actualite\\\/terrorisme\\\/lofficine-mediatique-de-letat-islamique-publie-photo-dun-de-membres-tues-tunisie\\\/180023\\\/\"},\"wordCount\":209,\"commentCount\":0,\"publisher\":{\"@id\":\"https:\\\/\\\/www.webdo.tn\\\/fr\\\/#organization\"},\"image\":{\"@id\":\"https:\\\/\\\/www.webdo.tn\\\/fr\\\/actualite\\\/terrorisme\\\/lofficine-mediatique-de-letat-islamique-publie-photo-dun-de-membres-tues-tunisie\\\/180023\\\/#primaryimage\"},\"thumbnailUrl\":\"https:\\\/\\\/www.webdo.tn\\\/fr\\\/wp-content\\\/uploads\\\/2015\\\/04\\\/webdo_default-104.jpg\",\"keywords\":[\"guerre\"],\"articleSection\":[\"Terrorisme\"],\"inLanguage\":\"fr-FR\"},{\"@type\":\"WebPage\",\"@id\":\"https:\\\/\\\/www.webdo.tn\\\/fr\\\/actualite\\\/terrorisme\\\/lofficine-mediatique-de-letat-islamique-publie-photo-dun-de-membres-tues-tunisie\\\/180023\\\/\",\"url\":\"https:\\\/\\\/www.webdo.tn\\\/fr\\\/actualite\\\/terrorisme\\\/lofficine-mediatique-de-letat-islamique-publie-photo-dun-de-membres-tues-tunisie\\\/180023\\\/\",\"name\":\"L'officine m\u00e9diatique de l'Etat islamique publie la photo d'un de ses membres tu\u00e9s en Tunisie\",\"isPartOf\":{\"@id\":\"https:\\\/\\\/www.webdo.tn\\\/fr\\\/#website\"},\"primaryImageOfPage\":{\"@id\":\"https:\\\/\\\/www.webdo.tn\\\/fr\\\/actualite\\\/terrorisme\\\/lofficine-mediatique-de-letat-islamique-publie-photo-dun-de-membres-tues-tunisie\\\/180023\\\/#primaryimage\"},\"image\":{\"@id\":\"https:\\\/\\\/www.webdo.tn\\\/fr\\\/actualite\\\/terrorisme\\\/lofficine-mediatique-de-letat-islamique-publie-photo-dun-de-membres-tues-tunisie\\\/180023\\\/#primaryimage\"},\"thumbnailUrl\":\"https:\\\/\\\/www.webdo.tn\\\/fr\\\/wp-content\\\/uploads\\\/2015\\\/04\\\/webdo_default-104.jpg\",\"datePublished\":\"2015-04-22T11:02:00+00:00\",\"description\":\"L'officine m\u00e9diatique de l'Etat islamique publie la photo d'un de ses membres tu\u00e9s en Tunisie\",\"breadcrumb\":{\"@id\":\"https:\\\/\\\/www.webdo.tn\\\/fr\\\/actualite\\\/terrorisme\\\/lofficine-mediatique-de-letat-islamique-publie-photo-dun-de-membres-tues-tunisie\\\/180023\\\/#breadcrumb\"},\"inLanguage\":\"fr-FR\",\"potentialAction\":[{\"@type\":\"ReadAction\",\"target\":[\"https:\\\/\\\/www.webdo.tn\\\/fr\\\/actualite\\\/terrorisme\\\/lofficine-mediatique-de-letat-islamique-publie-photo-dun-de-membres-tues-tunisie\\\/180023\\\/\"]}]},{\"@type\":\"ImageObject\",\"inLanguage\":\"fr-FR\",\"@id\":\"https:\\\/\\\/www.webdo.tn\\\/fr\\\/actualite\\\/terrorisme\\\/lofficine-mediatique-de-letat-islamique-publie-photo-dun-de-membres-tues-tunisie\\\/180023\\\/#primaryimage\",\"url\":\"https:\\\/\\\/www.webdo.tn\\\/fr\\\/wp-content\\\/uploads\\\/2015\\\/04\\\/webdo_default-104.jpg\",\"contentUrl\":\"https:\\\/\\\/www.webdo.tn\\\/fr\\\/wp-content\\\/uploads\\\/2015\\\/04\\\/webdo_default-104.jpg\",\"width\":800,\"height\":500,\"caption\":\"L'officine m\u00e9diatique de l'Etat islamique publie la photo d'un de ses membres tu\u00e9s en Tunisie\"},{\"@type\":\"BreadcrumbList\",\"@id\":\"https:\\\/\\\/www.webdo.tn\\\/fr\\\/actualite\\\/terrorisme\\\/lofficine-mediatique-de-letat-islamique-publie-photo-dun-de-membres-tues-tunisie\\\/180023\\\/#breadcrumb\",\"itemListElement\":[{\"@type\":\"ListItem\",\"position\":1,\"name\":\"Accueil\",\"item\":\"https:\\\/\\\/www.webdo.tn\\\/fr\\\/\"},{\"@type\":\"ListItem\",\"position\":2,\"name\":\"L&rsquo;officine m\u00e9diatique de l&rsquo;Etat islamique publie la photo d&rsquo;un de ses membres tu\u00e9s en Tunisie\"}]},{\"@type\":\"WebSite\",\"@id\":\"https:\\\/\\\/www.webdo.tn\\\/fr\\\/#website\",\"url\":\"https:\\\/\\\/www.webdo.tn\\\/fr\\\/\",\"name\":\"webdo\",\"description\":\"Tunisie - News en Tunisie et \u00e0 l&#039;international sur Webdo.tn\",\"publisher\":{\"@id\":\"https:\\\/\\\/www.webdo.tn\\\/fr\\\/#organization\"},\"potentialAction\":[{\"@type\":\"SearchAction\",\"target\":{\"@type\":\"EntryPoint\",\"urlTemplate\":\"https:\\\/\\\/www.webdo.tn\\\/fr\\\/?s={search_term_string}\"},\"query-input\":{\"@type\":\"PropertyValueSpecification\",\"valueRequired\":true,\"valueName\":\"search_term_string\"}}],\"inLanguage\":\"fr-FR\"},{\"@type\":\"Organization\",\"@id\":\"https:\\\/\\\/www.webdo.tn\\\/fr\\\/#organization\",\"name\":\"Webdo\",\"alternateName\":\"Webdo.tn\",\"url\":\"https:\\\/\\\/www.webdo.tn\\\/fr\\\/\",\"logo\":{\"@type\":\"ImageObject\",\"inLanguage\":\"fr-FR\",\"@id\":\"https:\\\/\\\/www.webdo.tn\\\/fr\\\/#\\\/schema\\\/logo\\\/image\\\/\",\"url\":\"https:\\\/\\\/www.webdo.tn\\\/fr\\\/wp-content\\\/uploads\\\/2025\\\/06\\\/Webdo-Tunisie_168377.jpg\",\"contentUrl\":\"https:\\\/\\\/www.webdo.tn\\\/fr\\\/wp-content\\\/uploads\\\/2025\\\/06\\\/Webdo-Tunisie_168377.jpg\",\"width\":301,\"height\":301,\"caption\":\"Webdo\"},\"image\":{\"@id\":\"https:\\\/\\\/www.webdo.tn\\\/fr\\\/#\\\/schema\\\/logo\\\/image\\\/\"},\"sameAs\":[\"https:\\\/\\\/www.facebook.com\\\/webdotn\",\"https:\\\/\\\/x.com\\\/webdo_tn\"],\"description\":\"Webdo est un m\u00e9dia num\u00e9rique tunisien fond\u00e9 en 2010, sp\u00e9cialis\u00e9 dans l\u2019actualit\u00e9 nationale et internationale, l\u2019\u00e9conomie, la soci\u00e9t\u00e9 et les analyses politiques. Le site s\u2019adresse \u00e0 un large public francophone et couvre l\u2019information tunisienne en temps r\u00e9el.\",\"email\":\"redac@webdo.tn\",\"legalName\":\"YNJ SARL\",\"foundingDate\":\"2010-09-06\",\"numberOfEmployees\":{\"@type\":\"QuantitativeValue\",\"minValue\":\"11\",\"maxValue\":\"50\"}},{\"@type\":\"Person\",\"@id\":\"https:\\\/\\\/www.webdo.tn\\\/fr\\\/#\\\/schema\\\/person\\\/9a9c6118d687c117df8ef3cc36a4d175\",\"name\":\"webdo.tn\",\"image\":{\"@type\":\"ImageObject\",\"inLanguage\":\"fr-FR\",\"@id\":\"https:\\\/\\\/secure.gravatar.com\\\/avatar\\\/7ce1f28c0c3bbac99ff550b85ef8e44a6950c6ee24514fb6a5489e51d06f0298?s=96&d=mm&r=g\",\"url\":\"https:\\\/\\\/secure.gravatar.com\\\/avatar\\\/7ce1f28c0c3bbac99ff550b85ef8e44a6950c6ee24514fb6a5489e51d06f0298?s=96&d=mm&r=g\",\"contentUrl\":\"https:\\\/\\\/secure.gravatar.com\\\/avatar\\\/7ce1f28c0c3bbac99ff550b85ef8e44a6950c6ee24514fb6a5489e51d06f0298?s=96&d=mm&r=g\",\"caption\":\"webdo.tn\"},\"url\":\"https:\\\/\\\/www.webdo.tn\\\/fr\\\/actualite\\\/author\\\/webdotn\\\/\"}]}<\/script>\n<!-- \/ Yoast SEO Premium plugin. -->","yoast_head_json":{"title":"L'officine m\u00e9diatique de l'Etat islamique publie la photo d'un de ses membres tu\u00e9s en Tunisie","description":"L'officine m\u00e9diatique de l'Etat islamique publie la photo d'un de ses membres tu\u00e9s en Tunisie","canonical":"https:\/\/www.webdo.tn\/fr\/actualite\/terrorisme\/lofficine-mediatique-de-letat-islamique-publie-photo-dun-de-membres-tues-tunisie\/180023\/","og_locale":"fr_FR","og_type":"article","og_title":"L'officine m\u00e9diatique de l'Etat islamique publie la photo d'un de ses membres tu\u00e9s en Tunisie","og_description":"L'officine m\u00e9diatique de l'Etat islamique publie la photo d'un de ses membres tu\u00e9s en Tunisie","og_url":"https:\/\/www.webdo.tn\/fr\/actualite\/terrorisme\/lofficine-mediatique-de-letat-islamique-publie-photo-dun-de-membres-tues-tunisie\/180023\/","og_site_name":"webdo","article_publisher":"https:\/\/www.facebook.com\/webdotn","article_published_time":"2015-04-22T11:02:00+00:00","og_image":[{"width":800,"height":500,"url":"https:\/\/www.webdo.tn\/fr\/wp-content\/uploads\/2015\/04\/webdo_default-104.jpg","type":"image\/jpeg"}],"author":"webdo.tn","twitter_card":"summary_large_image","twitter_creator":"@webdo_tn","twitter_site":"@webdo_tn","twitter_misc":{"\u00c9crit par":"webdo.tn","Dur\u00e9e de lecture estim\u00e9e":"1 minute"},"schema":{"@context":"https:\/\/schema.org","@graph":[{"@type":"NewsArticle","@id":"https:\/\/www.webdo.tn\/fr\/actualite\/terrorisme\/lofficine-mediatique-de-letat-islamique-publie-photo-dun-de-membres-tues-tunisie\/180023\/#article","isPartOf":{"@id":"https:\/\/www.webdo.tn\/fr\/actualite\/terrorisme\/lofficine-mediatique-de-letat-islamique-publie-photo-dun-de-membres-tues-tunisie\/180023\/"},"author":{"name":"webdo.tn","@id":"https:\/\/www.webdo.tn\/fr\/#\/schema\/person\/9a9c6118d687c117df8ef3cc36a4d175"},"headline":"L&rsquo;officine m\u00e9diatique de l&rsquo;Etat islamique publie la photo d&rsquo;un de ses membres tu\u00e9s en Tunisie","datePublished":"2015-04-22T11:02:00+00:00","mainEntityOfPage":{"@id":"https:\/\/www.webdo.tn\/fr\/actualite\/terrorisme\/lofficine-mediatique-de-letat-islamique-publie-photo-dun-de-membres-tues-tunisie\/180023\/"},"wordCount":209,"commentCount":0,"publisher":{"@id":"https:\/\/www.webdo.tn\/fr\/#organization"},"image":{"@id":"https:\/\/www.webdo.tn\/fr\/actualite\/terrorisme\/lofficine-mediatique-de-letat-islamique-publie-photo-dun-de-membres-tues-tunisie\/180023\/#primaryimage"},"thumbnailUrl":"https:\/\/www.webdo.tn\/fr\/wp-content\/uploads\/2015\/04\/webdo_default-104.jpg","keywords":["guerre"],"articleSection":["Terrorisme"],"inLanguage":"fr-FR"},{"@type":"WebPage","@id":"https:\/\/www.webdo.tn\/fr\/actualite\/terrorisme\/lofficine-mediatique-de-letat-islamique-publie-photo-dun-de-membres-tues-tunisie\/180023\/","url":"https:\/\/www.webdo.tn\/fr\/actualite\/terrorisme\/lofficine-mediatique-de-letat-islamique-publie-photo-dun-de-membres-tues-tunisie\/180023\/","name":"L'officine m\u00e9diatique de l'Etat islamique publie la photo d'un de ses membres tu\u00e9s en Tunisie","isPartOf":{"@id":"https:\/\/www.webdo.tn\/fr\/#website"},"primaryImageOfPage":{"@id":"https:\/\/www.webdo.tn\/fr\/actualite\/terrorisme\/lofficine-mediatique-de-letat-islamique-publie-photo-dun-de-membres-tues-tunisie\/180023\/#primaryimage"},"image":{"@id":"https:\/\/www.webdo.tn\/fr\/actualite\/terrorisme\/lofficine-mediatique-de-letat-islamique-publie-photo-dun-de-membres-tues-tunisie\/180023\/#primaryimage"},"thumbnailUrl":"https:\/\/www.webdo.tn\/fr\/wp-content\/uploads\/2015\/04\/webdo_default-104.jpg","datePublished":"2015-04-22T11:02:00+00:00","description":"L'officine m\u00e9diatique de l'Etat islamique publie la photo d'un de ses membres tu\u00e9s en Tunisie","breadcrumb":{"@id":"https:\/\/www.webdo.tn\/fr\/actualite\/terrorisme\/lofficine-mediatique-de-letat-islamique-publie-photo-dun-de-membres-tues-tunisie\/180023\/#breadcrumb"},"inLanguage":"fr-FR","potentialAction":[{"@type":"ReadAction","target":["https:\/\/www.webdo.tn\/fr\/actualite\/terrorisme\/lofficine-mediatique-de-letat-islamique-publie-photo-dun-de-membres-tues-tunisie\/180023\/"]}]},{"@type":"ImageObject","inLanguage":"fr-FR","@id":"https:\/\/www.webdo.tn\/fr\/actualite\/terrorisme\/lofficine-mediatique-de-letat-islamique-publie-photo-dun-de-membres-tues-tunisie\/180023\/#primaryimage","url":"https:\/\/www.webdo.tn\/fr\/wp-content\/uploads\/2015\/04\/webdo_default-104.jpg","contentUrl":"https:\/\/www.webdo.tn\/fr\/wp-content\/uploads\/2015\/04\/webdo_default-104.jpg","width":800,"height":500,"caption":"L'officine m\u00e9diatique de l'Etat islamique publie la photo d'un de ses membres tu\u00e9s en Tunisie"},{"@type":"BreadcrumbList","@id":"https:\/\/www.webdo.tn\/fr\/actualite\/terrorisme\/lofficine-mediatique-de-letat-islamique-publie-photo-dun-de-membres-tues-tunisie\/180023\/#breadcrumb","itemListElement":[{"@type":"ListItem","position":1,"name":"Accueil","item":"https:\/\/www.webdo.tn\/fr\/"},{"@type":"ListItem","position":2,"name":"L&rsquo;officine m\u00e9diatique de l&rsquo;Etat islamique publie la photo d&rsquo;un de ses membres tu\u00e9s en Tunisie"}]},{"@type":"WebSite","@id":"https:\/\/www.webdo.tn\/fr\/#website","url":"https:\/\/www.webdo.tn\/fr\/","name":"webdo","description":"Tunisie - News en Tunisie et \u00e0 l&#039;international sur Webdo.tn","publisher":{"@id":"https:\/\/www.webdo.tn\/fr\/#organization"},"potentialAction":[{"@type":"SearchAction","target":{"@type":"EntryPoint","urlTemplate":"https:\/\/www.webdo.tn\/fr\/?s={search_term_string}"},"query-input":{"@type":"PropertyValueSpecification","valueRequired":true,"valueName":"search_term_string"}}],"inLanguage":"fr-FR"},{"@type":"Organization","@id":"https:\/\/www.webdo.tn\/fr\/#organization","name":"Webdo","alternateName":"Webdo.tn","url":"https:\/\/www.webdo.tn\/fr\/","logo":{"@type":"ImageObject","inLanguage":"fr-FR","@id":"https:\/\/www.webdo.tn\/fr\/#\/schema\/logo\/image\/","url":"https:\/\/www.webdo.tn\/fr\/wp-content\/uploads\/2025\/06\/Webdo-Tunisie_168377.jpg","contentUrl":"https:\/\/www.webdo.tn\/fr\/wp-content\/uploads\/2025\/06\/Webdo-Tunisie_168377.jpg","width":301,"height":301,"caption":"Webdo"},"image":{"@id":"https:\/\/www.webdo.tn\/fr\/#\/schema\/logo\/image\/"},"sameAs":["https:\/\/www.facebook.com\/webdotn","https:\/\/x.com\/webdo_tn"],"description":"Webdo est un m\u00e9dia num\u00e9rique tunisien fond\u00e9 en 2010, sp\u00e9cialis\u00e9 dans l\u2019actualit\u00e9 nationale et internationale, l\u2019\u00e9conomie, la soci\u00e9t\u00e9 et les analyses politiques. Le site s\u2019adresse \u00e0 un large public francophone et couvre l\u2019information tunisienne en temps r\u00e9el.","email":"redac@webdo.tn","legalName":"YNJ SARL","foundingDate":"2010-09-06","numberOfEmployees":{"@type":"QuantitativeValue","minValue":"11","maxValue":"50"}},{"@type":"Person","@id":"https:\/\/www.webdo.tn\/fr\/#\/schema\/person\/9a9c6118d687c117df8ef3cc36a4d175","name":"webdo.tn","image":{"@type":"ImageObject","inLanguage":"fr-FR","@id":"https:\/\/secure.gravatar.com\/avatar\/7ce1f28c0c3bbac99ff550b85ef8e44a6950c6ee24514fb6a5489e51d06f0298?s=96&d=mm&r=g","url":"https:\/\/secure.gravatar.com\/avatar\/7ce1f28c0c3bbac99ff550b85ef8e44a6950c6ee24514fb6a5489e51d06f0298?s=96&d=mm&r=g","contentUrl":"https:\/\/secure.gravatar.com\/avatar\/7ce1f28c0c3bbac99ff550b85ef8e44a6950c6ee24514fb6a5489e51d06f0298?s=96&d=mm&r=g","caption":"webdo.tn"},"url":"https:\/\/www.webdo.tn\/fr\/actualite\/author\/webdotn\/"}]}},"_links":{"self":[{"href":"https:\/\/www.webdo.tn\/fr\/wp-json\/wp\/v2\/posts\/180023","targetHints":{"allow":["GET"]}}],"collection":[{"href":"https:\/\/www.webdo.tn\/fr\/wp-json\/wp\/v2\/posts"}],"about":[{"href":"https:\/\/www.webdo.tn\/fr\/wp-json\/wp\/v2\/types\/post"}],"author":[{"embeddable":true,"href":"https:\/\/www.webdo.tn\/fr\/wp-json\/wp\/v2\/users\/3222"}],"replies":[{"embeddable":true,"href":"https:\/\/www.webdo.tn\/fr\/wp-json\/wp\/v2\/comments?post=180023"}],"version-history":[{"count":0,"href":"https:\/\/www.webdo.tn\/fr\/wp-json\/wp\/v2\/posts\/180023\/revisions"}],"wp:featuredmedia":[{"embeddable":true,"href":"https:\/\/www.webdo.tn\/fr\/wp-json\/wp\/v2\/media\/335773"}],"wp:attachment":[{"href":"https:\/\/www.webdo.tn\/fr\/wp-json\/wp\/v2\/media?parent=180023"}],"wp:term":[{"taxonomy":"category","embeddable":true,"href":"https:\/\/www.webdo.tn\/fr\/wp-json\/wp\/v2\/categories?post=180023"},{"taxonomy":"post_tag","embeddable":true,"href":"https:\/\/www.webdo.tn\/fr\/wp-json\/wp\/v2\/tags?post=180023"}],"curies":[{"name":"wp","href":"https:\/\/api.w.org\/{rel}","templated":true}]}}