{"id":180022,"date":"2015-05-05T12:18:00","date_gmt":"2015-05-05T12:18:00","guid":{"rendered":"https:\/\/www.webdo.tn\/fr\/blog\/kasserine-echange-de-tirs-entre-la-garde-nationale-et-des-terroristes-a-proximite-de-jebel-salloum\/180022\/"},"modified":"2015-05-05T12:18:00","modified_gmt":"2015-05-05T12:18:00","slug":"kasserine-echange-de-tirs-entre-la-garde-nationale-et-des-terroristes-a-proximite-de-jebel-salloum","status":"publish","type":"post","link":"https:\/\/www.webdo.tn\/fr\/actualite\/terrorisme\/kasserine-echange-de-tirs-entre-la-garde-nationale-et-des-terroristes-a-proximite-de-jebel-salloum\/180022\/","title":{"rendered":"Kasserine : Echange de tirs entre la Garde nationale et des terroristes \u00e0 proximit\u00e9 de Jebel Salloum"},"content":{"rendered":"<p>Kasserine | Des \u00e9changes de tirs ont eu lieu dans la soir\u00e9e du lundi 4 mai entre la Garde nationale et des terroristes du c\u00f4t\u00e9 de cit\u00e9 el Karma \u00e0 proximit\u00e9 de Jebel Salloum.<\/p>\n<p>Selon notre correspondant sur place Mohamed Kachroudi \u00ab\u00a0les \u00e9changes de tirs ont \u00e9clat\u00e9 aux alentours de 22 heures entre les deux parties et ce, suite \u00e0 une embuscade de la Garde nationale aux terroristes. Ces derniers qui \u00e9taient plus d&rsquo;une dizaine d&rsquo;individus ont rep\u00e9r\u00e9 le pi\u00e8ge et ont tir\u00e9 en direction des agents de la Garde nationale qui ont ripost\u00e9 sans faire de victimes.\u00a0\u00bb<\/p>\n<p>Toujours selon notre correspondant, un des terroristes qui faisait partie du groupe arm\u00e9 ayant tu\u00e9 des soldats \u00e0 Boulaaba, a \u00e9t\u00e9 arr\u00eat\u00e9 par les forces s\u00e9curitaires \u00e0 Kasserine ce qui a men\u00e9 la Garde nationale \u00e0 cerner les terroristes encore en fuite \u00e0 Jebel Salloum.<\/p>\n<p>Rappelons que le 23 avril dernier, 10 terroristes ont \u00e9t\u00e9 abattus par l&rsquo;arm\u00e9e nationale \u00e0 Jebel Salloum lors d&rsquo;une op\u00e9ration militaire.<\/p>\n","protected":false},"excerpt":{"rendered":"<p>Kasserine : Echange de tirs entre la Garde nationale et des terroristes \u00e0 proximit\u00e9 de Jebel Salloum<\/p>\n","protected":false},"author":3222,"featured_media":330157,"comment_status":"open","ping_status":"closed","sticky":false,"template":"","format":"standard","meta":{"footnotes":""},"categories":[11342],"tags":[2600],"class_list":["post-180022","post","type-post","status-publish","format-standard","has-post-thumbnail","hentry","category-terrorisme","tag-guerre"],"yoast_head":"<!-- This site is optimized with the Yoast SEO Premium plugin v27.4 (Yoast SEO v27.5) - https:\/\/yoast.com\/product\/yoast-seo-premium-wordpress\/ -->\n<title>Kasserine : Echange de tirs entre la Garde nationale et des terroristes \u00e0 proximit\u00e9 de Jebel Salloum<\/title>\n<meta name=\"description\" content=\"Kasserine : Echange de tirs entre la Garde nationale et des terroristes \u00e0 proximit\u00e9 de Jebel Salloum\" \/>\n<link rel=\"canonical\" href=\"https:\/\/www.webdo.tn\/fr\/actualite\/terrorisme\/kasserine-echange-de-tirs-entre-la-garde-nationale-et-des-terroristes-a-proximite-de-jebel-salloum\/180022\/\" \/>\n<meta property=\"og:locale\" content=\"fr_FR\" \/>\n<meta property=\"og:type\" content=\"article\" \/>\n<meta property=\"og:title\" content=\"Kasserine : Echange de tirs entre la Garde nationale et des terroristes \u00e0 proximit\u00e9 de Jebel Salloum\" \/>\n<meta property=\"og:description\" content=\"Kasserine : Echange de tirs entre la Garde nationale et des terroristes \u00e0 proximit\u00e9 de Jebel Salloum\" \/>\n<meta property=\"og:url\" content=\"https:\/\/www.webdo.tn\/fr\/actualite\/terrorisme\/kasserine-echange-de-tirs-entre-la-garde-nationale-et-des-terroristes-a-proximite-de-jebel-salloum\/180022\/\" \/>\n<meta property=\"og:site_name\" content=\"webdo\" \/>\n<meta property=\"article:publisher\" content=\"https:\/\/www.facebook.com\/webdotn\" \/>\n<meta property=\"article:published_time\" content=\"2015-05-05T12:18:00+00:00\" \/>\n<meta property=\"og:image\" content=\"https:\/\/www.webdo.tn\/fr\/wp-content\/uploads\/2015\/05\/Selloum-e1430822940123.png\" \/>\n\t<meta property=\"og:image:width\" content=\"600\" \/>\n\t<meta property=\"og:image:height\" content=\"305\" \/>\n\t<meta property=\"og:image:type\" content=\"image\/png\" \/>\n<meta name=\"author\" content=\"webdo.tn\" \/>\n<meta name=\"twitter:card\" content=\"summary_large_image\" \/>\n<meta name=\"twitter:creator\" content=\"@webdo_tn\" \/>\n<meta name=\"twitter:site\" content=\"@webdo_tn\" \/>\n<meta name=\"twitter:label1\" content=\"\u00c9crit par\" \/>\n\t<meta name=\"twitter:data1\" content=\"webdo.tn\" \/>\n\t<meta name=\"twitter:label2\" content=\"Dur\u00e9e de lecture estim\u00e9e\" \/>\n\t<meta name=\"twitter:data2\" content=\"1 minute\" \/>\n<script type=\"application\/ld+json\" class=\"yoast-schema-graph\">{\"@context\":\"https:\\\/\\\/schema.org\",\"@graph\":[{\"@type\":\"NewsArticle\",\"@id\":\"https:\\\/\\\/www.webdo.tn\\\/fr\\\/actualite\\\/terrorisme\\\/kasserine-echange-de-tirs-entre-la-garde-nationale-et-des-terroristes-a-proximite-de-jebel-salloum\\\/180022\\\/#article\",\"isPartOf\":{\"@id\":\"https:\\\/\\\/www.webdo.tn\\\/fr\\\/actualite\\\/terrorisme\\\/kasserine-echange-de-tirs-entre-la-garde-nationale-et-des-terroristes-a-proximite-de-jebel-salloum\\\/180022\\\/\"},\"author\":{\"name\":\"webdo.tn\",\"@id\":\"https:\\\/\\\/www.webdo.tn\\\/fr\\\/#\\\/schema\\\/person\\\/9a9c6118d687c117df8ef3cc36a4d175\"},\"headline\":\"Kasserine : Echange de tirs entre la Garde nationale et des terroristes \u00e0 proximit\u00e9 de Jebel Salloum\",\"datePublished\":\"2015-05-05T12:18:00+00:00\",\"mainEntityOfPage\":{\"@id\":\"https:\\\/\\\/www.webdo.tn\\\/fr\\\/actualite\\\/terrorisme\\\/kasserine-echange-de-tirs-entre-la-garde-nationale-et-des-terroristes-a-proximite-de-jebel-salloum\\\/180022\\\/\"},\"wordCount\":179,\"commentCount\":0,\"publisher\":{\"@id\":\"https:\\\/\\\/www.webdo.tn\\\/fr\\\/#organization\"},\"image\":{\"@id\":\"https:\\\/\\\/www.webdo.tn\\\/fr\\\/actualite\\\/terrorisme\\\/kasserine-echange-de-tirs-entre-la-garde-nationale-et-des-terroristes-a-proximite-de-jebel-salloum\\\/180022\\\/#primaryimage\"},\"thumbnailUrl\":\"https:\\\/\\\/www.webdo.tn\\\/fr\\\/wp-content\\\/uploads\\\/2015\\\/05\\\/Selloum-e1430822940123.png\",\"keywords\":[\"guerre\"],\"articleSection\":[\"Terrorisme\"],\"inLanguage\":\"fr-FR\"},{\"@type\":\"WebPage\",\"@id\":\"https:\\\/\\\/www.webdo.tn\\\/fr\\\/actualite\\\/terrorisme\\\/kasserine-echange-de-tirs-entre-la-garde-nationale-et-des-terroristes-a-proximite-de-jebel-salloum\\\/180022\\\/\",\"url\":\"https:\\\/\\\/www.webdo.tn\\\/fr\\\/actualite\\\/terrorisme\\\/kasserine-echange-de-tirs-entre-la-garde-nationale-et-des-terroristes-a-proximite-de-jebel-salloum\\\/180022\\\/\",\"name\":\"Kasserine : Echange de tirs entre la Garde nationale et des terroristes \u00e0 proximit\u00e9 de Jebel Salloum\",\"isPartOf\":{\"@id\":\"https:\\\/\\\/www.webdo.tn\\\/fr\\\/#website\"},\"primaryImageOfPage\":{\"@id\":\"https:\\\/\\\/www.webdo.tn\\\/fr\\\/actualite\\\/terrorisme\\\/kasserine-echange-de-tirs-entre-la-garde-nationale-et-des-terroristes-a-proximite-de-jebel-salloum\\\/180022\\\/#primaryimage\"},\"image\":{\"@id\":\"https:\\\/\\\/www.webdo.tn\\\/fr\\\/actualite\\\/terrorisme\\\/kasserine-echange-de-tirs-entre-la-garde-nationale-et-des-terroristes-a-proximite-de-jebel-salloum\\\/180022\\\/#primaryimage\"},\"thumbnailUrl\":\"https:\\\/\\\/www.webdo.tn\\\/fr\\\/wp-content\\\/uploads\\\/2015\\\/05\\\/Selloum-e1430822940123.png\",\"datePublished\":\"2015-05-05T12:18:00+00:00\",\"description\":\"Kasserine : Echange de tirs entre la Garde nationale et des terroristes \u00e0 proximit\u00e9 de Jebel Salloum\",\"breadcrumb\":{\"@id\":\"https:\\\/\\\/www.webdo.tn\\\/fr\\\/actualite\\\/terrorisme\\\/kasserine-echange-de-tirs-entre-la-garde-nationale-et-des-terroristes-a-proximite-de-jebel-salloum\\\/180022\\\/#breadcrumb\"},\"inLanguage\":\"fr-FR\",\"potentialAction\":[{\"@type\":\"ReadAction\",\"target\":[\"https:\\\/\\\/www.webdo.tn\\\/fr\\\/actualite\\\/terrorisme\\\/kasserine-echange-de-tirs-entre-la-garde-nationale-et-des-terroristes-a-proximite-de-jebel-salloum\\\/180022\\\/\"]}]},{\"@type\":\"ImageObject\",\"inLanguage\":\"fr-FR\",\"@id\":\"https:\\\/\\\/www.webdo.tn\\\/fr\\\/actualite\\\/terrorisme\\\/kasserine-echange-de-tirs-entre-la-garde-nationale-et-des-terroristes-a-proximite-de-jebel-salloum\\\/180022\\\/#primaryimage\",\"url\":\"https:\\\/\\\/www.webdo.tn\\\/fr\\\/wp-content\\\/uploads\\\/2015\\\/05\\\/Selloum-e1430822940123.png\",\"contentUrl\":\"https:\\\/\\\/www.webdo.tn\\\/fr\\\/wp-content\\\/uploads\\\/2015\\\/05\\\/Selloum-e1430822940123.png\",\"width\":600,\"height\":305,\"caption\":\"Kasserine : Echange de tirs entre la Garde nationale et des terroristes \u00e0 proximit\u00e9 de Jebel Salloum\"},{\"@type\":\"BreadcrumbList\",\"@id\":\"https:\\\/\\\/www.webdo.tn\\\/fr\\\/actualite\\\/terrorisme\\\/kasserine-echange-de-tirs-entre-la-garde-nationale-et-des-terroristes-a-proximite-de-jebel-salloum\\\/180022\\\/#breadcrumb\",\"itemListElement\":[{\"@type\":\"ListItem\",\"position\":1,\"name\":\"Accueil\",\"item\":\"https:\\\/\\\/www.webdo.tn\\\/fr\\\/\"},{\"@type\":\"ListItem\",\"position\":2,\"name\":\"Kasserine : Echange de tirs entre la Garde nationale et des terroristes \u00e0 proximit\u00e9 de Jebel Salloum\"}]},{\"@type\":\"WebSite\",\"@id\":\"https:\\\/\\\/www.webdo.tn\\\/fr\\\/#website\",\"url\":\"https:\\\/\\\/www.webdo.tn\\\/fr\\\/\",\"name\":\"webdo\",\"description\":\"Tunisie - News en Tunisie et \u00e0 l&#039;international sur Webdo.tn\",\"publisher\":{\"@id\":\"https:\\\/\\\/www.webdo.tn\\\/fr\\\/#organization\"},\"potentialAction\":[{\"@type\":\"SearchAction\",\"target\":{\"@type\":\"EntryPoint\",\"urlTemplate\":\"https:\\\/\\\/www.webdo.tn\\\/fr\\\/?s={search_term_string}\"},\"query-input\":{\"@type\":\"PropertyValueSpecification\",\"valueRequired\":true,\"valueName\":\"search_term_string\"}}],\"inLanguage\":\"fr-FR\"},{\"@type\":\"Organization\",\"@id\":\"https:\\\/\\\/www.webdo.tn\\\/fr\\\/#organization\",\"name\":\"Webdo\",\"alternateName\":\"Webdo.tn\",\"url\":\"https:\\\/\\\/www.webdo.tn\\\/fr\\\/\",\"logo\":{\"@type\":\"ImageObject\",\"inLanguage\":\"fr-FR\",\"@id\":\"https:\\\/\\\/www.webdo.tn\\\/fr\\\/#\\\/schema\\\/logo\\\/image\\\/\",\"url\":\"https:\\\/\\\/www.webdo.tn\\\/fr\\\/wp-content\\\/uploads\\\/2025\\\/06\\\/Webdo-Tunisie_168377.jpg\",\"contentUrl\":\"https:\\\/\\\/www.webdo.tn\\\/fr\\\/wp-content\\\/uploads\\\/2025\\\/06\\\/Webdo-Tunisie_168377.jpg\",\"width\":301,\"height\":301,\"caption\":\"Webdo\"},\"image\":{\"@id\":\"https:\\\/\\\/www.webdo.tn\\\/fr\\\/#\\\/schema\\\/logo\\\/image\\\/\"},\"sameAs\":[\"https:\\\/\\\/www.facebook.com\\\/webdotn\",\"https:\\\/\\\/x.com\\\/webdo_tn\"],\"description\":\"Webdo est un m\u00e9dia num\u00e9rique tunisien fond\u00e9 en 2010, sp\u00e9cialis\u00e9 dans l\u2019actualit\u00e9 nationale et internationale, l\u2019\u00e9conomie, la soci\u00e9t\u00e9 et les analyses politiques. Le site s\u2019adresse \u00e0 un large public francophone et couvre l\u2019information tunisienne en temps r\u00e9el.\",\"email\":\"redac@webdo.tn\",\"legalName\":\"YNJ SARL\",\"foundingDate\":\"2010-09-06\",\"numberOfEmployees\":{\"@type\":\"QuantitativeValue\",\"minValue\":\"11\",\"maxValue\":\"50\"}},{\"@type\":\"Person\",\"@id\":\"https:\\\/\\\/www.webdo.tn\\\/fr\\\/#\\\/schema\\\/person\\\/9a9c6118d687c117df8ef3cc36a4d175\",\"name\":\"webdo.tn\",\"image\":{\"@type\":\"ImageObject\",\"inLanguage\":\"fr-FR\",\"@id\":\"https:\\\/\\\/secure.gravatar.com\\\/avatar\\\/7ce1f28c0c3bbac99ff550b85ef8e44a6950c6ee24514fb6a5489e51d06f0298?s=96&d=mm&r=g\",\"url\":\"https:\\\/\\\/secure.gravatar.com\\\/avatar\\\/7ce1f28c0c3bbac99ff550b85ef8e44a6950c6ee24514fb6a5489e51d06f0298?s=96&d=mm&r=g\",\"contentUrl\":\"https:\\\/\\\/secure.gravatar.com\\\/avatar\\\/7ce1f28c0c3bbac99ff550b85ef8e44a6950c6ee24514fb6a5489e51d06f0298?s=96&d=mm&r=g\",\"caption\":\"webdo.tn\"},\"url\":\"https:\\\/\\\/www.webdo.tn\\\/fr\\\/actualite\\\/author\\\/webdotn\\\/\"}]}<\/script>\n<!-- \/ Yoast SEO Premium plugin. -->","yoast_head_json":{"title":"Kasserine : Echange de tirs entre la Garde nationale et des terroristes \u00e0 proximit\u00e9 de Jebel Salloum","description":"Kasserine : Echange de tirs entre la Garde nationale et des terroristes \u00e0 proximit\u00e9 de Jebel Salloum","canonical":"https:\/\/www.webdo.tn\/fr\/actualite\/terrorisme\/kasserine-echange-de-tirs-entre-la-garde-nationale-et-des-terroristes-a-proximite-de-jebel-salloum\/180022\/","og_locale":"fr_FR","og_type":"article","og_title":"Kasserine : Echange de tirs entre la Garde nationale et des terroristes \u00e0 proximit\u00e9 de Jebel Salloum","og_description":"Kasserine : Echange de tirs entre la Garde nationale et des terroristes \u00e0 proximit\u00e9 de Jebel Salloum","og_url":"https:\/\/www.webdo.tn\/fr\/actualite\/terrorisme\/kasserine-echange-de-tirs-entre-la-garde-nationale-et-des-terroristes-a-proximite-de-jebel-salloum\/180022\/","og_site_name":"webdo","article_publisher":"https:\/\/www.facebook.com\/webdotn","article_published_time":"2015-05-05T12:18:00+00:00","og_image":[{"width":600,"height":305,"url":"https:\/\/www.webdo.tn\/fr\/wp-content\/uploads\/2015\/05\/Selloum-e1430822940123.png","type":"image\/png"}],"author":"webdo.tn","twitter_card":"summary_large_image","twitter_creator":"@webdo_tn","twitter_site":"@webdo_tn","twitter_misc":{"\u00c9crit par":"webdo.tn","Dur\u00e9e de lecture estim\u00e9e":"1 minute"},"schema":{"@context":"https:\/\/schema.org","@graph":[{"@type":"NewsArticle","@id":"https:\/\/www.webdo.tn\/fr\/actualite\/terrorisme\/kasserine-echange-de-tirs-entre-la-garde-nationale-et-des-terroristes-a-proximite-de-jebel-salloum\/180022\/#article","isPartOf":{"@id":"https:\/\/www.webdo.tn\/fr\/actualite\/terrorisme\/kasserine-echange-de-tirs-entre-la-garde-nationale-et-des-terroristes-a-proximite-de-jebel-salloum\/180022\/"},"author":{"name":"webdo.tn","@id":"https:\/\/www.webdo.tn\/fr\/#\/schema\/person\/9a9c6118d687c117df8ef3cc36a4d175"},"headline":"Kasserine : Echange de tirs entre la Garde nationale et des terroristes \u00e0 proximit\u00e9 de Jebel Salloum","datePublished":"2015-05-05T12:18:00+00:00","mainEntityOfPage":{"@id":"https:\/\/www.webdo.tn\/fr\/actualite\/terrorisme\/kasserine-echange-de-tirs-entre-la-garde-nationale-et-des-terroristes-a-proximite-de-jebel-salloum\/180022\/"},"wordCount":179,"commentCount":0,"publisher":{"@id":"https:\/\/www.webdo.tn\/fr\/#organization"},"image":{"@id":"https:\/\/www.webdo.tn\/fr\/actualite\/terrorisme\/kasserine-echange-de-tirs-entre-la-garde-nationale-et-des-terroristes-a-proximite-de-jebel-salloum\/180022\/#primaryimage"},"thumbnailUrl":"https:\/\/www.webdo.tn\/fr\/wp-content\/uploads\/2015\/05\/Selloum-e1430822940123.png","keywords":["guerre"],"articleSection":["Terrorisme"],"inLanguage":"fr-FR"},{"@type":"WebPage","@id":"https:\/\/www.webdo.tn\/fr\/actualite\/terrorisme\/kasserine-echange-de-tirs-entre-la-garde-nationale-et-des-terroristes-a-proximite-de-jebel-salloum\/180022\/","url":"https:\/\/www.webdo.tn\/fr\/actualite\/terrorisme\/kasserine-echange-de-tirs-entre-la-garde-nationale-et-des-terroristes-a-proximite-de-jebel-salloum\/180022\/","name":"Kasserine : Echange de tirs entre la Garde nationale et des terroristes \u00e0 proximit\u00e9 de Jebel Salloum","isPartOf":{"@id":"https:\/\/www.webdo.tn\/fr\/#website"},"primaryImageOfPage":{"@id":"https:\/\/www.webdo.tn\/fr\/actualite\/terrorisme\/kasserine-echange-de-tirs-entre-la-garde-nationale-et-des-terroristes-a-proximite-de-jebel-salloum\/180022\/#primaryimage"},"image":{"@id":"https:\/\/www.webdo.tn\/fr\/actualite\/terrorisme\/kasserine-echange-de-tirs-entre-la-garde-nationale-et-des-terroristes-a-proximite-de-jebel-salloum\/180022\/#primaryimage"},"thumbnailUrl":"https:\/\/www.webdo.tn\/fr\/wp-content\/uploads\/2015\/05\/Selloum-e1430822940123.png","datePublished":"2015-05-05T12:18:00+00:00","description":"Kasserine : Echange de tirs entre la Garde nationale et des terroristes \u00e0 proximit\u00e9 de Jebel Salloum","breadcrumb":{"@id":"https:\/\/www.webdo.tn\/fr\/actualite\/terrorisme\/kasserine-echange-de-tirs-entre-la-garde-nationale-et-des-terroristes-a-proximite-de-jebel-salloum\/180022\/#breadcrumb"},"inLanguage":"fr-FR","potentialAction":[{"@type":"ReadAction","target":["https:\/\/www.webdo.tn\/fr\/actualite\/terrorisme\/kasserine-echange-de-tirs-entre-la-garde-nationale-et-des-terroristes-a-proximite-de-jebel-salloum\/180022\/"]}]},{"@type":"ImageObject","inLanguage":"fr-FR","@id":"https:\/\/www.webdo.tn\/fr\/actualite\/terrorisme\/kasserine-echange-de-tirs-entre-la-garde-nationale-et-des-terroristes-a-proximite-de-jebel-salloum\/180022\/#primaryimage","url":"https:\/\/www.webdo.tn\/fr\/wp-content\/uploads\/2015\/05\/Selloum-e1430822940123.png","contentUrl":"https:\/\/www.webdo.tn\/fr\/wp-content\/uploads\/2015\/05\/Selloum-e1430822940123.png","width":600,"height":305,"caption":"Kasserine : Echange de tirs entre la Garde nationale et des terroristes \u00e0 proximit\u00e9 de Jebel Salloum"},{"@type":"BreadcrumbList","@id":"https:\/\/www.webdo.tn\/fr\/actualite\/terrorisme\/kasserine-echange-de-tirs-entre-la-garde-nationale-et-des-terroristes-a-proximite-de-jebel-salloum\/180022\/#breadcrumb","itemListElement":[{"@type":"ListItem","position":1,"name":"Accueil","item":"https:\/\/www.webdo.tn\/fr\/"},{"@type":"ListItem","position":2,"name":"Kasserine : Echange de tirs entre la Garde nationale et des terroristes \u00e0 proximit\u00e9 de Jebel Salloum"}]},{"@type":"WebSite","@id":"https:\/\/www.webdo.tn\/fr\/#website","url":"https:\/\/www.webdo.tn\/fr\/","name":"webdo","description":"Tunisie - News en Tunisie et \u00e0 l&#039;international sur Webdo.tn","publisher":{"@id":"https:\/\/www.webdo.tn\/fr\/#organization"},"potentialAction":[{"@type":"SearchAction","target":{"@type":"EntryPoint","urlTemplate":"https:\/\/www.webdo.tn\/fr\/?s={search_term_string}"},"query-input":{"@type":"PropertyValueSpecification","valueRequired":true,"valueName":"search_term_string"}}],"inLanguage":"fr-FR"},{"@type":"Organization","@id":"https:\/\/www.webdo.tn\/fr\/#organization","name":"Webdo","alternateName":"Webdo.tn","url":"https:\/\/www.webdo.tn\/fr\/","logo":{"@type":"ImageObject","inLanguage":"fr-FR","@id":"https:\/\/www.webdo.tn\/fr\/#\/schema\/logo\/image\/","url":"https:\/\/www.webdo.tn\/fr\/wp-content\/uploads\/2025\/06\/Webdo-Tunisie_168377.jpg","contentUrl":"https:\/\/www.webdo.tn\/fr\/wp-content\/uploads\/2025\/06\/Webdo-Tunisie_168377.jpg","width":301,"height":301,"caption":"Webdo"},"image":{"@id":"https:\/\/www.webdo.tn\/fr\/#\/schema\/logo\/image\/"},"sameAs":["https:\/\/www.facebook.com\/webdotn","https:\/\/x.com\/webdo_tn"],"description":"Webdo est un m\u00e9dia num\u00e9rique tunisien fond\u00e9 en 2010, sp\u00e9cialis\u00e9 dans l\u2019actualit\u00e9 nationale et internationale, l\u2019\u00e9conomie, la soci\u00e9t\u00e9 et les analyses politiques. Le site s\u2019adresse \u00e0 un large public francophone et couvre l\u2019information tunisienne en temps r\u00e9el.","email":"redac@webdo.tn","legalName":"YNJ SARL","foundingDate":"2010-09-06","numberOfEmployees":{"@type":"QuantitativeValue","minValue":"11","maxValue":"50"}},{"@type":"Person","@id":"https:\/\/www.webdo.tn\/fr\/#\/schema\/person\/9a9c6118d687c117df8ef3cc36a4d175","name":"webdo.tn","image":{"@type":"ImageObject","inLanguage":"fr-FR","@id":"https:\/\/secure.gravatar.com\/avatar\/7ce1f28c0c3bbac99ff550b85ef8e44a6950c6ee24514fb6a5489e51d06f0298?s=96&d=mm&r=g","url":"https:\/\/secure.gravatar.com\/avatar\/7ce1f28c0c3bbac99ff550b85ef8e44a6950c6ee24514fb6a5489e51d06f0298?s=96&d=mm&r=g","contentUrl":"https:\/\/secure.gravatar.com\/avatar\/7ce1f28c0c3bbac99ff550b85ef8e44a6950c6ee24514fb6a5489e51d06f0298?s=96&d=mm&r=g","caption":"webdo.tn"},"url":"https:\/\/www.webdo.tn\/fr\/actualite\/author\/webdotn\/"}]}},"_links":{"self":[{"href":"https:\/\/www.webdo.tn\/fr\/wp-json\/wp\/v2\/posts\/180022","targetHints":{"allow":["GET"]}}],"collection":[{"href":"https:\/\/www.webdo.tn\/fr\/wp-json\/wp\/v2\/posts"}],"about":[{"href":"https:\/\/www.webdo.tn\/fr\/wp-json\/wp\/v2\/types\/post"}],"author":[{"embeddable":true,"href":"https:\/\/www.webdo.tn\/fr\/wp-json\/wp\/v2\/users\/3222"}],"replies":[{"embeddable":true,"href":"https:\/\/www.webdo.tn\/fr\/wp-json\/wp\/v2\/comments?post=180022"}],"version-history":[{"count":0,"href":"https:\/\/www.webdo.tn\/fr\/wp-json\/wp\/v2\/posts\/180022\/revisions"}],"wp:featuredmedia":[{"embeddable":true,"href":"https:\/\/www.webdo.tn\/fr\/wp-json\/wp\/v2\/media\/330157"}],"wp:attachment":[{"href":"https:\/\/www.webdo.tn\/fr\/wp-json\/wp\/v2\/media?parent=180022"}],"wp:term":[{"taxonomy":"category","embeddable":true,"href":"https:\/\/www.webdo.tn\/fr\/wp-json\/wp\/v2\/categories?post=180022"},{"taxonomy":"post_tag","embeddable":true,"href":"https:\/\/www.webdo.tn\/fr\/wp-json\/wp\/v2\/tags?post=180022"}],"curies":[{"name":"wp","href":"https:\/\/api.w.org\/{rel}","templated":true}]}}