{"id":180021,"date":"2015-05-06T16:39:00","date_gmt":"2015-05-06T16:39:00","guid":{"rendered":"https:\/\/www.webdo.tn\/fr\/blog\/tete-mise-a-prix-3-millions-de-tunisien-surnomme-lemir-bombes-suicides-recherche-usa\/180021\/"},"modified":"2015-05-06T16:39:00","modified_gmt":"2015-05-06T16:39:00","slug":"tete-mise-a-prix-3-millions-de-tunisien-surnomme-lemir-bombes-suicides-recherche-usa","status":"publish","type":"post","link":"https:\/\/www.webdo.tn\/fr\/actualite\/terrorisme\/tete-mise-a-prix-3-millions-de-tunisien-surnomme-lemir-bombes-suicides-recherche-usa\/180021\/","title":{"rendered":"Sa t\u00eate est mise \u00e0 prix 3 millions de $ : Un Tunisien, surnomm\u00e9 \u00ab\u00a0l&rsquo;\u00e9mir des bombes suicides\u00a0\u00bb, recherch\u00e9 par les USA"},"content":{"rendered":"<p>Tarek Harzi, membre de l&rsquo;Etat Islamique en Irak et au Levant\u00a0et d&rsquo;origine tunisienne\u00a0est activement recherch\u00e9 par le programme am\u00e9ricain \u00ab\u00a0Rewards for justice\u00a0\u00bb (r\u00e9compense pour la justice). Sa t\u00eate est mise \u00e0 prix 3 millions de dollars.<br \/>\nTariq Bin Al Tahar Bin Al Falih Al &lsquo;Awni Al Harzi est n\u00e9 \u00e0 Tunis. \u00c2g\u00e9 de 33 ans, il est recherch\u00e9 par le programme am\u00e9ricain \u00ab\u00a0Rewards for justice\u00a0\u00bb. Avec trois autres terroristes, sa t\u00eate a \u00e9t\u00e9 mise \u00e0 prix pour 3 millions de dollars.<br \/>\n\u00ab\u00a0Wanted\u00a0\u00bb<br \/>\n\u00ab\u00a0Rewards for justice\u00a0\u00bb est un programme cr\u00e9\u00e9 par les Etats-Unis pour combattre le terrorisme \u00e0 l&rsquo;\u00e9chelle internationale. Plusieurs terroristes y sont affich\u00e9s comme \u00ab\u00a0Wanted\u00a0\u00bb (recherch\u00e9s) avec des mises \u00e0 prix allant de 3 \u00e0 10 millions de dollars.<\/p>\n<p>Il y a quelques jours, quatre nouveaux noms sont venus s&rsquo;ajouter \u00e0 la longue liste de terroristes recherch\u00e9s : Abd al-Rahman Mustafa al-Qaduli, Abu Mohammed al-Adnani,\u00a0Abu Mohammed al-Adnani, Tarkhan Tayumurazovich Batirashvili \u00a0et Tariq Bin-al-Tahar Bin al Falih al&rsquo;Awni al-Harzi.\u00a0<br \/>\n\u00ab\u00a0L&rsquo;\u00e9mir des bombes suicides\u00a0\u00bb<br \/>\nNomm\u00e9 \u00ab\u00a0l&rsquo;\u00e9mir des bombes suicides\u00a0\u00bb en 2013 pour avoir programm\u00e9 plusieurs centaines d&rsquo;attentats suicides dans le monde, Harzi est aussi un recruteur de nouveaux membres de\u00a0l&rsquo;Etat Islamique afin de les envoyer combattre en Syrie.<br \/>\nElodie Potente<\/p>\n","protected":false},"excerpt":{"rendered":"<p>Sa t\u00eate est mise \u00e0 prix 3 millions de $ : Un Tunisien, surnomm\u00e9  l&rsquo;\u00e9mir des bombes suicides , recherch\u00e9 par les USA<\/p>\n","protected":false},"author":3222,"featured_media":330131,"comment_status":"open","ping_status":"closed","sticky":false,"template":"","format":"standard","meta":{"footnotes":""},"categories":[11342],"tags":[2600],"class_list":["post-180021","post","type-post","status-publish","format-standard","has-post-thumbnail","hentry","category-terrorisme","tag-guerre"],"yoast_head":"<!-- This site is optimized with the Yoast SEO Premium plugin v27.4 (Yoast SEO v27.5) - https:\/\/yoast.com\/product\/yoast-seo-premium-wordpress\/ -->\n<title>Sa t\u00eate est mise \u00e0 prix 3 millions de $ : Un Tunisien, surnomm\u00e9 l&#039;\u00e9mir des bombes suicides , recherch\u00e9 par les USA<\/title>\n<meta name=\"description\" content=\"Sa t\u00eate est mise \u00e0 prix 3 millions de $ : Un Tunisien, surnomm\u00e9 l&#039;\u00e9mir des bombes suicides , recherch\u00e9 par les USA\" \/>\n<link rel=\"canonical\" href=\"https:\/\/www.webdo.tn\/fr\/actualite\/terrorisme\/tete-mise-a-prix-3-millions-de-tunisien-surnomme-lemir-bombes-suicides-recherche-usa\/180021\/\" \/>\n<meta property=\"og:locale\" content=\"fr_FR\" \/>\n<meta property=\"og:type\" content=\"article\" \/>\n<meta property=\"og:title\" content=\"Sa t\u00eate est mise \u00e0 prix 3 millions de $ : Un Tunisien, surnomm\u00e9 &quot;l&#039;\u00e9mir des bombes suicides&quot;, recherch\u00e9 par les USA\" \/>\n<meta property=\"og:description\" content=\"Sa t\u00eate est mise \u00e0 prix 3 millions de $ : Un Tunisien, surnomm\u00e9 l&#039;\u00e9mir des bombes suicides , recherch\u00e9 par les USA\" \/>\n<meta property=\"og:url\" content=\"https:\/\/www.webdo.tn\/fr\/actualite\/terrorisme\/tete-mise-a-prix-3-millions-de-tunisien-surnomme-lemir-bombes-suicides-recherche-usa\/180021\/\" \/>\n<meta property=\"og:site_name\" content=\"webdo\" \/>\n<meta property=\"article:publisher\" content=\"https:\/\/www.facebook.com\/webdotn\" \/>\n<meta property=\"article:published_time\" content=\"2015-05-06T16:39:00+00:00\" \/>\n<meta property=\"og:image\" content=\"https:\/\/www.webdo.tn\/fr\/wp-content\/uploads\/2015\/05\/babnet.jpg\" \/>\n\t<meta property=\"og:image:width\" content=\"130\" \/>\n\t<meta property=\"og:image:height\" content=\"170\" \/>\n\t<meta property=\"og:image:type\" content=\"image\/jpeg\" \/>\n<meta name=\"author\" content=\"webdo.tn\" \/>\n<meta name=\"twitter:card\" content=\"summary_large_image\" \/>\n<meta name=\"twitter:creator\" content=\"@webdo_tn\" \/>\n<meta name=\"twitter:site\" content=\"@webdo_tn\" \/>\n<meta name=\"twitter:label1\" content=\"\u00c9crit par\" \/>\n\t<meta name=\"twitter:data1\" content=\"webdo.tn\" \/>\n\t<meta name=\"twitter:label2\" content=\"Dur\u00e9e de lecture estim\u00e9e\" \/>\n\t<meta name=\"twitter:data2\" content=\"1 minute\" \/>\n<script type=\"application\/ld+json\" class=\"yoast-schema-graph\">{\"@context\":\"https:\\\/\\\/schema.org\",\"@graph\":[{\"@type\":\"NewsArticle\",\"@id\":\"https:\\\/\\\/www.webdo.tn\\\/fr\\\/actualite\\\/terrorisme\\\/tete-mise-a-prix-3-millions-de-tunisien-surnomme-lemir-bombes-suicides-recherche-usa\\\/180021\\\/#article\",\"isPartOf\":{\"@id\":\"https:\\\/\\\/www.webdo.tn\\\/fr\\\/actualite\\\/terrorisme\\\/tete-mise-a-prix-3-millions-de-tunisien-surnomme-lemir-bombes-suicides-recherche-usa\\\/180021\\\/\"},\"author\":{\"name\":\"webdo.tn\",\"@id\":\"https:\\\/\\\/www.webdo.tn\\\/fr\\\/#\\\/schema\\\/person\\\/9a9c6118d687c117df8ef3cc36a4d175\"},\"headline\":\"Sa t\u00eate est mise \u00e0 prix 3 millions de $ : Un Tunisien, surnomm\u00e9 \u00ab\u00a0l&rsquo;\u00e9mir des bombes suicides\u00a0\u00bb, recherch\u00e9 par les USA\",\"datePublished\":\"2015-05-06T16:39:00+00:00\",\"mainEntityOfPage\":{\"@id\":\"https:\\\/\\\/www.webdo.tn\\\/fr\\\/actualite\\\/terrorisme\\\/tete-mise-a-prix-3-millions-de-tunisien-surnomme-lemir-bombes-suicides-recherche-usa\\\/180021\\\/\"},\"wordCount\":226,\"commentCount\":0,\"publisher\":{\"@id\":\"https:\\\/\\\/www.webdo.tn\\\/fr\\\/#organization\"},\"image\":{\"@id\":\"https:\\\/\\\/www.webdo.tn\\\/fr\\\/actualite\\\/terrorisme\\\/tete-mise-a-prix-3-millions-de-tunisien-surnomme-lemir-bombes-suicides-recherche-usa\\\/180021\\\/#primaryimage\"},\"thumbnailUrl\":\"https:\\\/\\\/www.webdo.tn\\\/fr\\\/wp-content\\\/uploads\\\/2015\\\/05\\\/babnet.jpg\",\"keywords\":[\"guerre\"],\"articleSection\":[\"Terrorisme\"],\"inLanguage\":\"fr-FR\"},{\"@type\":\"WebPage\",\"@id\":\"https:\\\/\\\/www.webdo.tn\\\/fr\\\/actualite\\\/terrorisme\\\/tete-mise-a-prix-3-millions-de-tunisien-surnomme-lemir-bombes-suicides-recherche-usa\\\/180021\\\/\",\"url\":\"https:\\\/\\\/www.webdo.tn\\\/fr\\\/actualite\\\/terrorisme\\\/tete-mise-a-prix-3-millions-de-tunisien-surnomme-lemir-bombes-suicides-recherche-usa\\\/180021\\\/\",\"name\":\"Sa t\u00eate est mise \u00e0 prix 3 millions de $ : Un Tunisien, surnomm\u00e9 l'\u00e9mir des bombes suicides , recherch\u00e9 par les USA\",\"isPartOf\":{\"@id\":\"https:\\\/\\\/www.webdo.tn\\\/fr\\\/#website\"},\"primaryImageOfPage\":{\"@id\":\"https:\\\/\\\/www.webdo.tn\\\/fr\\\/actualite\\\/terrorisme\\\/tete-mise-a-prix-3-millions-de-tunisien-surnomme-lemir-bombes-suicides-recherche-usa\\\/180021\\\/#primaryimage\"},\"image\":{\"@id\":\"https:\\\/\\\/www.webdo.tn\\\/fr\\\/actualite\\\/terrorisme\\\/tete-mise-a-prix-3-millions-de-tunisien-surnomme-lemir-bombes-suicides-recherche-usa\\\/180021\\\/#primaryimage\"},\"thumbnailUrl\":\"https:\\\/\\\/www.webdo.tn\\\/fr\\\/wp-content\\\/uploads\\\/2015\\\/05\\\/babnet.jpg\",\"datePublished\":\"2015-05-06T16:39:00+00:00\",\"description\":\"Sa t\u00eate est mise \u00e0 prix 3 millions de $ : Un Tunisien, surnomm\u00e9 l'\u00e9mir des bombes suicides , recherch\u00e9 par les USA\",\"breadcrumb\":{\"@id\":\"https:\\\/\\\/www.webdo.tn\\\/fr\\\/actualite\\\/terrorisme\\\/tete-mise-a-prix-3-millions-de-tunisien-surnomme-lemir-bombes-suicides-recherche-usa\\\/180021\\\/#breadcrumb\"},\"inLanguage\":\"fr-FR\",\"potentialAction\":[{\"@type\":\"ReadAction\",\"target\":[\"https:\\\/\\\/www.webdo.tn\\\/fr\\\/actualite\\\/terrorisme\\\/tete-mise-a-prix-3-millions-de-tunisien-surnomme-lemir-bombes-suicides-recherche-usa\\\/180021\\\/\"]}]},{\"@type\":\"ImageObject\",\"inLanguage\":\"fr-FR\",\"@id\":\"https:\\\/\\\/www.webdo.tn\\\/fr\\\/actualite\\\/terrorisme\\\/tete-mise-a-prix-3-millions-de-tunisien-surnomme-lemir-bombes-suicides-recherche-usa\\\/180021\\\/#primaryimage\",\"url\":\"https:\\\/\\\/www.webdo.tn\\\/fr\\\/wp-content\\\/uploads\\\/2015\\\/05\\\/babnet.jpg\",\"contentUrl\":\"https:\\\/\\\/www.webdo.tn\\\/fr\\\/wp-content\\\/uploads\\\/2015\\\/05\\\/babnet.jpg\",\"width\":130,\"height\":170,\"caption\":\"Sa t\u00eate est mise \u00e0 prix 3 millions de $ : Un Tunisien, surnomm\u00e9 \\\"l'\u00e9mir des bombes suicides\\\", recherch\u00e9 par les USA\"},{\"@type\":\"BreadcrumbList\",\"@id\":\"https:\\\/\\\/www.webdo.tn\\\/fr\\\/actualite\\\/terrorisme\\\/tete-mise-a-prix-3-millions-de-tunisien-surnomme-lemir-bombes-suicides-recherche-usa\\\/180021\\\/#breadcrumb\",\"itemListElement\":[{\"@type\":\"ListItem\",\"position\":1,\"name\":\"Accueil\",\"item\":\"https:\\\/\\\/www.webdo.tn\\\/fr\\\/\"},{\"@type\":\"ListItem\",\"position\":2,\"name\":\"Sa t\u00eate est mise \u00e0 prix 3 millions de $ : Un Tunisien, surnomm\u00e9 \u00ab\u00a0l&rsquo;\u00e9mir des bombes suicides\u00a0\u00bb, recherch\u00e9 par les USA\"}]},{\"@type\":\"WebSite\",\"@id\":\"https:\\\/\\\/www.webdo.tn\\\/fr\\\/#website\",\"url\":\"https:\\\/\\\/www.webdo.tn\\\/fr\\\/\",\"name\":\"webdo\",\"description\":\"Tunisie - News en Tunisie et \u00e0 l&#039;international sur Webdo.tn\",\"publisher\":{\"@id\":\"https:\\\/\\\/www.webdo.tn\\\/fr\\\/#organization\"},\"potentialAction\":[{\"@type\":\"SearchAction\",\"target\":{\"@type\":\"EntryPoint\",\"urlTemplate\":\"https:\\\/\\\/www.webdo.tn\\\/fr\\\/?s={search_term_string}\"},\"query-input\":{\"@type\":\"PropertyValueSpecification\",\"valueRequired\":true,\"valueName\":\"search_term_string\"}}],\"inLanguage\":\"fr-FR\"},{\"@type\":\"Organization\",\"@id\":\"https:\\\/\\\/www.webdo.tn\\\/fr\\\/#organization\",\"name\":\"Webdo\",\"alternateName\":\"Webdo.tn\",\"url\":\"https:\\\/\\\/www.webdo.tn\\\/fr\\\/\",\"logo\":{\"@type\":\"ImageObject\",\"inLanguage\":\"fr-FR\",\"@id\":\"https:\\\/\\\/www.webdo.tn\\\/fr\\\/#\\\/schema\\\/logo\\\/image\\\/\",\"url\":\"https:\\\/\\\/www.webdo.tn\\\/fr\\\/wp-content\\\/uploads\\\/2025\\\/06\\\/Webdo-Tunisie_168377.jpg\",\"contentUrl\":\"https:\\\/\\\/www.webdo.tn\\\/fr\\\/wp-content\\\/uploads\\\/2025\\\/06\\\/Webdo-Tunisie_168377.jpg\",\"width\":301,\"height\":301,\"caption\":\"Webdo\"},\"image\":{\"@id\":\"https:\\\/\\\/www.webdo.tn\\\/fr\\\/#\\\/schema\\\/logo\\\/image\\\/\"},\"sameAs\":[\"https:\\\/\\\/www.facebook.com\\\/webdotn\",\"https:\\\/\\\/x.com\\\/webdo_tn\"],\"description\":\"Webdo est un m\u00e9dia num\u00e9rique tunisien fond\u00e9 en 2010, sp\u00e9cialis\u00e9 dans l\u2019actualit\u00e9 nationale et internationale, l\u2019\u00e9conomie, la soci\u00e9t\u00e9 et les analyses politiques. Le site s\u2019adresse \u00e0 un large public francophone et couvre l\u2019information tunisienne en temps r\u00e9el.\",\"email\":\"redac@webdo.tn\",\"legalName\":\"YNJ SARL\",\"foundingDate\":\"2010-09-06\",\"numberOfEmployees\":{\"@type\":\"QuantitativeValue\",\"minValue\":\"11\",\"maxValue\":\"50\"}},{\"@type\":\"Person\",\"@id\":\"https:\\\/\\\/www.webdo.tn\\\/fr\\\/#\\\/schema\\\/person\\\/9a9c6118d687c117df8ef3cc36a4d175\",\"name\":\"webdo.tn\",\"image\":{\"@type\":\"ImageObject\",\"inLanguage\":\"fr-FR\",\"@id\":\"https:\\\/\\\/secure.gravatar.com\\\/avatar\\\/7ce1f28c0c3bbac99ff550b85ef8e44a6950c6ee24514fb6a5489e51d06f0298?s=96&d=mm&r=g\",\"url\":\"https:\\\/\\\/secure.gravatar.com\\\/avatar\\\/7ce1f28c0c3bbac99ff550b85ef8e44a6950c6ee24514fb6a5489e51d06f0298?s=96&d=mm&r=g\",\"contentUrl\":\"https:\\\/\\\/secure.gravatar.com\\\/avatar\\\/7ce1f28c0c3bbac99ff550b85ef8e44a6950c6ee24514fb6a5489e51d06f0298?s=96&d=mm&r=g\",\"caption\":\"webdo.tn\"},\"url\":\"https:\\\/\\\/www.webdo.tn\\\/fr\\\/actualite\\\/author\\\/webdotn\\\/\"}]}<\/script>\n<!-- \/ Yoast SEO Premium plugin. -->","yoast_head_json":{"title":"Sa t\u00eate est mise \u00e0 prix 3 millions de $ : Un Tunisien, surnomm\u00e9 l'\u00e9mir des bombes suicides , recherch\u00e9 par les USA","description":"Sa t\u00eate est mise \u00e0 prix 3 millions de $ : Un Tunisien, surnomm\u00e9 l'\u00e9mir des bombes suicides , recherch\u00e9 par les USA","canonical":"https:\/\/www.webdo.tn\/fr\/actualite\/terrorisme\/tete-mise-a-prix-3-millions-de-tunisien-surnomme-lemir-bombes-suicides-recherche-usa\/180021\/","og_locale":"fr_FR","og_type":"article","og_title":"Sa t\u00eate est mise \u00e0 prix 3 millions de $ : Un Tunisien, surnomm\u00e9 \"l'\u00e9mir des bombes suicides\", recherch\u00e9 par les USA","og_description":"Sa t\u00eate est mise \u00e0 prix 3 millions de $ : Un Tunisien, surnomm\u00e9 l'\u00e9mir des bombes suicides , recherch\u00e9 par les USA","og_url":"https:\/\/www.webdo.tn\/fr\/actualite\/terrorisme\/tete-mise-a-prix-3-millions-de-tunisien-surnomme-lemir-bombes-suicides-recherche-usa\/180021\/","og_site_name":"webdo","article_publisher":"https:\/\/www.facebook.com\/webdotn","article_published_time":"2015-05-06T16:39:00+00:00","og_image":[{"width":130,"height":170,"url":"https:\/\/www.webdo.tn\/fr\/wp-content\/uploads\/2015\/05\/babnet.jpg","type":"image\/jpeg"}],"author":"webdo.tn","twitter_card":"summary_large_image","twitter_creator":"@webdo_tn","twitter_site":"@webdo_tn","twitter_misc":{"\u00c9crit par":"webdo.tn","Dur\u00e9e de lecture estim\u00e9e":"1 minute"},"schema":{"@context":"https:\/\/schema.org","@graph":[{"@type":"NewsArticle","@id":"https:\/\/www.webdo.tn\/fr\/actualite\/terrorisme\/tete-mise-a-prix-3-millions-de-tunisien-surnomme-lemir-bombes-suicides-recherche-usa\/180021\/#article","isPartOf":{"@id":"https:\/\/www.webdo.tn\/fr\/actualite\/terrorisme\/tete-mise-a-prix-3-millions-de-tunisien-surnomme-lemir-bombes-suicides-recherche-usa\/180021\/"},"author":{"name":"webdo.tn","@id":"https:\/\/www.webdo.tn\/fr\/#\/schema\/person\/9a9c6118d687c117df8ef3cc36a4d175"},"headline":"Sa t\u00eate est mise \u00e0 prix 3 millions de $ : Un Tunisien, surnomm\u00e9 \u00ab\u00a0l&rsquo;\u00e9mir des bombes suicides\u00a0\u00bb, recherch\u00e9 par les USA","datePublished":"2015-05-06T16:39:00+00:00","mainEntityOfPage":{"@id":"https:\/\/www.webdo.tn\/fr\/actualite\/terrorisme\/tete-mise-a-prix-3-millions-de-tunisien-surnomme-lemir-bombes-suicides-recherche-usa\/180021\/"},"wordCount":226,"commentCount":0,"publisher":{"@id":"https:\/\/www.webdo.tn\/fr\/#organization"},"image":{"@id":"https:\/\/www.webdo.tn\/fr\/actualite\/terrorisme\/tete-mise-a-prix-3-millions-de-tunisien-surnomme-lemir-bombes-suicides-recherche-usa\/180021\/#primaryimage"},"thumbnailUrl":"https:\/\/www.webdo.tn\/fr\/wp-content\/uploads\/2015\/05\/babnet.jpg","keywords":["guerre"],"articleSection":["Terrorisme"],"inLanguage":"fr-FR"},{"@type":"WebPage","@id":"https:\/\/www.webdo.tn\/fr\/actualite\/terrorisme\/tete-mise-a-prix-3-millions-de-tunisien-surnomme-lemir-bombes-suicides-recherche-usa\/180021\/","url":"https:\/\/www.webdo.tn\/fr\/actualite\/terrorisme\/tete-mise-a-prix-3-millions-de-tunisien-surnomme-lemir-bombes-suicides-recherche-usa\/180021\/","name":"Sa t\u00eate est mise \u00e0 prix 3 millions de $ : Un Tunisien, surnomm\u00e9 l'\u00e9mir des bombes suicides , recherch\u00e9 par les USA","isPartOf":{"@id":"https:\/\/www.webdo.tn\/fr\/#website"},"primaryImageOfPage":{"@id":"https:\/\/www.webdo.tn\/fr\/actualite\/terrorisme\/tete-mise-a-prix-3-millions-de-tunisien-surnomme-lemir-bombes-suicides-recherche-usa\/180021\/#primaryimage"},"image":{"@id":"https:\/\/www.webdo.tn\/fr\/actualite\/terrorisme\/tete-mise-a-prix-3-millions-de-tunisien-surnomme-lemir-bombes-suicides-recherche-usa\/180021\/#primaryimage"},"thumbnailUrl":"https:\/\/www.webdo.tn\/fr\/wp-content\/uploads\/2015\/05\/babnet.jpg","datePublished":"2015-05-06T16:39:00+00:00","description":"Sa t\u00eate est mise \u00e0 prix 3 millions de $ : Un Tunisien, surnomm\u00e9 l'\u00e9mir des bombes suicides , recherch\u00e9 par les USA","breadcrumb":{"@id":"https:\/\/www.webdo.tn\/fr\/actualite\/terrorisme\/tete-mise-a-prix-3-millions-de-tunisien-surnomme-lemir-bombes-suicides-recherche-usa\/180021\/#breadcrumb"},"inLanguage":"fr-FR","potentialAction":[{"@type":"ReadAction","target":["https:\/\/www.webdo.tn\/fr\/actualite\/terrorisme\/tete-mise-a-prix-3-millions-de-tunisien-surnomme-lemir-bombes-suicides-recherche-usa\/180021\/"]}]},{"@type":"ImageObject","inLanguage":"fr-FR","@id":"https:\/\/www.webdo.tn\/fr\/actualite\/terrorisme\/tete-mise-a-prix-3-millions-de-tunisien-surnomme-lemir-bombes-suicides-recherche-usa\/180021\/#primaryimage","url":"https:\/\/www.webdo.tn\/fr\/wp-content\/uploads\/2015\/05\/babnet.jpg","contentUrl":"https:\/\/www.webdo.tn\/fr\/wp-content\/uploads\/2015\/05\/babnet.jpg","width":130,"height":170,"caption":"Sa t\u00eate est mise \u00e0 prix 3 millions de $ : Un Tunisien, surnomm\u00e9 \"l'\u00e9mir des bombes suicides\", recherch\u00e9 par les USA"},{"@type":"BreadcrumbList","@id":"https:\/\/www.webdo.tn\/fr\/actualite\/terrorisme\/tete-mise-a-prix-3-millions-de-tunisien-surnomme-lemir-bombes-suicides-recherche-usa\/180021\/#breadcrumb","itemListElement":[{"@type":"ListItem","position":1,"name":"Accueil","item":"https:\/\/www.webdo.tn\/fr\/"},{"@type":"ListItem","position":2,"name":"Sa t\u00eate est mise \u00e0 prix 3 millions de $ : Un Tunisien, surnomm\u00e9 \u00ab\u00a0l&rsquo;\u00e9mir des bombes suicides\u00a0\u00bb, recherch\u00e9 par les USA"}]},{"@type":"WebSite","@id":"https:\/\/www.webdo.tn\/fr\/#website","url":"https:\/\/www.webdo.tn\/fr\/","name":"webdo","description":"Tunisie - News en Tunisie et \u00e0 l&#039;international sur Webdo.tn","publisher":{"@id":"https:\/\/www.webdo.tn\/fr\/#organization"},"potentialAction":[{"@type":"SearchAction","target":{"@type":"EntryPoint","urlTemplate":"https:\/\/www.webdo.tn\/fr\/?s={search_term_string}"},"query-input":{"@type":"PropertyValueSpecification","valueRequired":true,"valueName":"search_term_string"}}],"inLanguage":"fr-FR"},{"@type":"Organization","@id":"https:\/\/www.webdo.tn\/fr\/#organization","name":"Webdo","alternateName":"Webdo.tn","url":"https:\/\/www.webdo.tn\/fr\/","logo":{"@type":"ImageObject","inLanguage":"fr-FR","@id":"https:\/\/www.webdo.tn\/fr\/#\/schema\/logo\/image\/","url":"https:\/\/www.webdo.tn\/fr\/wp-content\/uploads\/2025\/06\/Webdo-Tunisie_168377.jpg","contentUrl":"https:\/\/www.webdo.tn\/fr\/wp-content\/uploads\/2025\/06\/Webdo-Tunisie_168377.jpg","width":301,"height":301,"caption":"Webdo"},"image":{"@id":"https:\/\/www.webdo.tn\/fr\/#\/schema\/logo\/image\/"},"sameAs":["https:\/\/www.facebook.com\/webdotn","https:\/\/x.com\/webdo_tn"],"description":"Webdo est un m\u00e9dia num\u00e9rique tunisien fond\u00e9 en 2010, sp\u00e9cialis\u00e9 dans l\u2019actualit\u00e9 nationale et internationale, l\u2019\u00e9conomie, la soci\u00e9t\u00e9 et les analyses politiques. Le site s\u2019adresse \u00e0 un large public francophone et couvre l\u2019information tunisienne en temps r\u00e9el.","email":"redac@webdo.tn","legalName":"YNJ SARL","foundingDate":"2010-09-06","numberOfEmployees":{"@type":"QuantitativeValue","minValue":"11","maxValue":"50"}},{"@type":"Person","@id":"https:\/\/www.webdo.tn\/fr\/#\/schema\/person\/9a9c6118d687c117df8ef3cc36a4d175","name":"webdo.tn","image":{"@type":"ImageObject","inLanguage":"fr-FR","@id":"https:\/\/secure.gravatar.com\/avatar\/7ce1f28c0c3bbac99ff550b85ef8e44a6950c6ee24514fb6a5489e51d06f0298?s=96&d=mm&r=g","url":"https:\/\/secure.gravatar.com\/avatar\/7ce1f28c0c3bbac99ff550b85ef8e44a6950c6ee24514fb6a5489e51d06f0298?s=96&d=mm&r=g","contentUrl":"https:\/\/secure.gravatar.com\/avatar\/7ce1f28c0c3bbac99ff550b85ef8e44a6950c6ee24514fb6a5489e51d06f0298?s=96&d=mm&r=g","caption":"webdo.tn"},"url":"https:\/\/www.webdo.tn\/fr\/actualite\/author\/webdotn\/"}]}},"_links":{"self":[{"href":"https:\/\/www.webdo.tn\/fr\/wp-json\/wp\/v2\/posts\/180021","targetHints":{"allow":["GET"]}}],"collection":[{"href":"https:\/\/www.webdo.tn\/fr\/wp-json\/wp\/v2\/posts"}],"about":[{"href":"https:\/\/www.webdo.tn\/fr\/wp-json\/wp\/v2\/types\/post"}],"author":[{"embeddable":true,"href":"https:\/\/www.webdo.tn\/fr\/wp-json\/wp\/v2\/users\/3222"}],"replies":[{"embeddable":true,"href":"https:\/\/www.webdo.tn\/fr\/wp-json\/wp\/v2\/comments?post=180021"}],"version-history":[{"count":0,"href":"https:\/\/www.webdo.tn\/fr\/wp-json\/wp\/v2\/posts\/180021\/revisions"}],"wp:featuredmedia":[{"embeddable":true,"href":"https:\/\/www.webdo.tn\/fr\/wp-json\/wp\/v2\/media\/330131"}],"wp:attachment":[{"href":"https:\/\/www.webdo.tn\/fr\/wp-json\/wp\/v2\/media?parent=180021"}],"wp:term":[{"taxonomy":"category","embeddable":true,"href":"https:\/\/www.webdo.tn\/fr\/wp-json\/wp\/v2\/categories?post=180021"},{"taxonomy":"post_tag","embeddable":true,"href":"https:\/\/www.webdo.tn\/fr\/wp-json\/wp\/v2\/tags?post=180021"}],"curies":[{"name":"wp","href":"https:\/\/api.w.org\/{rel}","templated":true}]}}