{"id":180020,"date":"2015-05-10T13:04:00","date_gmt":"2015-05-10T13:04:00","guid":{"rendered":"https:\/\/www.webdo.tn\/fr\/blog\/une-video-de-lattaque-de-henchir-talla-attribuee-a-katibet-okba-ibn-nafaa-entouree-de-mystere\/180020\/"},"modified":"2015-05-10T13:04:00","modified_gmt":"2015-05-10T13:04:00","slug":"une-video-de-lattaque-de-henchir-talla-attribuee-a-katibet-okba-ibn-nafaa-entouree-de-mystere","status":"publish","type":"post","link":"https:\/\/www.webdo.tn\/fr\/actualite\/terrorisme\/une-video-de-lattaque-de-henchir-talla-attribuee-a-katibet-okba-ibn-nafaa-entouree-de-mystere\/180020\/","title":{"rendered":"Myst\u00e8re autour d&rsquo;une vid\u00e9o de l\u2019attaque de Henchir Talla attribu\u00e9e \u00e0 \u00ab\u00a0Katiba Okba Ibn Nafa\u00e2\u00a0\u00bb"},"content":{"rendered":"<p>Par Imed Ben Hmida<br \/>\nLa milice jihadiste dite \u00ab Katibet Okba Ibn Nafa\u00e2 \u00bb relevant d\u2019Al Qa\u00efda au Maghreb Islamique (AQMI) a publi\u00e9 hier, \u00e0 minuit, une vid\u00e9o de propagande dans laquelle elle ins\u00e8re, pour la premi\u00e8re fois, les images d\u2019une attaque que ses \u00e9l\u00e9ments ont perp\u00e9tr\u00e9e contre un campement de l\u2019Arm\u00e9e nationale.<\/p>\n<p>Une vid\u00e9o dont l\u2019authenticit\u00e9 reste largement \u00e0 prouver puisqu\u2019elle comporte, entre autres des t\u00e9moignages de citoyens (au profit des terroristes, bien entendu).<\/p>\n<p>Un des premiers \u00e0 r\u00e9agir \u00e0 cette vid\u00e9o, Tarek Kahlaoui, estime dans un tweet qu\u2019il s\u2019agit de l\u2019assaut men\u00e9 contre nos militaires \u00e0 Henchir Tella, le mercredi 16 juillet 2014, en plein Ramadan, et juste au moment de la rupture du je\u00fbne.<\/p>\n<p>Kahlaoui ajoute en substance que la publication de cette vid\u00e9o s\u2019inscrit dans le cadre d\u2019une man\u0153uvre d\u2019Al Qa\u00efda pour redorer son blason et se repositionner puisqu\u2019elle a \u00e9t\u00e9 en quelque sorte \u00e9vinc\u00e9e par l\u2019Etat Islamique apr\u00e8s que de nombreux jihadistes ont rejoint Daech faisant all\u00e9geance \u00e0 Abou Bakr Al Baghdadi.<\/p>\n<p>Il faut noter \u00e0 ce propos que l\u2019attaque de Henchir Tella, intervenue en plein Ramadan, est la plus sanglante de toutes les attaques terroristes ayant vis\u00e9 nos forces arm\u00e9es. Elle a fait au moins 16 morts et pr\u00e8s de vingt-cinq bless\u00e9s.<\/p>\n<p>Les assaillants ont m\u00eame lanc\u00e9 sur le web des photos de camions et d\u2019\u00e9quipements militaires en feu, avec leurs propres silhouettes, apr\u00e8s l\u2019attaque. Pourquoi l\u2019AQMI injecte-t-elle, \u00e0 ce moment pr\u00e9cis, une telle vid\u00e9o, s\u2019il s\u2019agit vraiment d\u2019elle ?<\/p>\n<p>Le timing est on ne peut plus curieux d\u2019autant plus qu\u2019il intervient apr\u00e8s les s\u00e9rieux revers essuy\u00e9s par la \u00ab Katiba \u00bb qui a perdu, entre autres son fer de lance, Lokman Abou Sakhr, lors d\u2019une brillante op\u00e9ration des Forces de s\u00e9curit\u00e9.<\/p>\n<p>La vid\u00e9o sort, d\u2019ailleurs, quelques heures apr\u00e8s le point de presse, tenu samedi, \u00e0 la caserne militaire de Bortal Hayder ; par le porte-parole officiel du minist\u00e8re de la D\u00e9fense, Belhassen Oueslati et dans lequel il a annonc\u00e9 une sorte de bilan des op\u00e9rations men\u00e9es par l\u2019Arm\u00e9e nationale dans les jebels et monts \u00ab investis \u00bb par les terroristes, principalement cette fameuse \u00ab Katibet Okba Ibn Nafa\u00e2 \u00bb.<\/p>\n<p>Le Bilan est, par ailleurs flatteur, puisque, selon Belhassen Oueslati, les Forces arm\u00e9es ont d\u00e9couvert 61 camps de terroristes dont 21 \u00e0 Jebel Ch\u00e2ambi, 14 \u00e0 Jebel Selloum, 13 \u00e0 Jebel Ouergha, 10 \u00e0 Semmama et 3 aux monts de Jendouba.<\/p>\n<p>Le porte-parole officiel du minist\u00e8re de la D\u00e9fense ajoute que 10 terroristes parmi 18, dont des \u00e9trangers, ont \u00e9t\u00e9 tu\u00e9s lors de la r\u00e9cente op\u00e9ration \u00e0 Jebel Selloum du gouvernorat de Kasserine, sachant que l\u2019op\u00e9ration se poursuit encore.<\/p>\n<p>Pour revenir \u00e0 al vid\u00e9o en question, qui peut r\u00e9ellement affirmer qu\u2019elle \u00e9mane de \u00ab Katibet Okba Ibn Nafa\u00e2 \u00bb ? Le t\u00e9moignage d\u2019une citoyenne, compris dans cette s\u00e9quence, sur \u00ab les actions des taghout \u00bb para\u00eet quand m\u00eame assez culott\u00e9 et peu vraisemblable.<\/p>\n<p>Est-ce une tentative pour cr\u00e9er un buzz (qui n\u2019en serait pas un) en redonnant vie \u00e0 une milice, Katibet Okba Ibn Nafa\u00e2 en l\u2019occurrence, pr\u00e9sent\u00e9e comme \u00ab agonisante \u00bb par nos Forces arm\u00e9es ? Tout reste \u00e0 prouver.<\/p>\n","protected":false},"excerpt":{"rendered":"<p>Myst\u00e8re autour d&rsquo;une vid\u00e9o de l\u2019attaque de Henchir Talla attribu\u00e9e \u00e0  Katiba Okba Ibn Nafa\u00e2<\/p>\n","protected":false},"author":3222,"featured_media":335848,"comment_status":"open","ping_status":"closed","sticky":false,"template":"","format":"standard","meta":{"footnotes":""},"categories":[11342],"tags":[2600],"class_list":["post-180020","post","type-post","status-publish","format-standard","has-post-thumbnail","hentry","category-terrorisme","tag-guerre"],"yoast_head":"<!-- This site is optimized with the Yoast SEO Premium plugin v27.4 (Yoast SEO v27.5) - https:\/\/yoast.com\/product\/yoast-seo-premium-wordpress\/ -->\n<title>Myst\u00e8re autour d&#039;une vid\u00e9o de l\u2019attaque de Henchir Talla attribu\u00e9e \u00e0 Katiba Okba Ibn Nafa\u00e2<\/title>\n<meta name=\"description\" content=\"Myst\u00e8re autour d&#039;une vid\u00e9o de l\u2019attaque de Henchir Talla attribu\u00e9e \u00e0 Katiba Okba Ibn Nafa\u00e2\" \/>\n<link rel=\"canonical\" href=\"https:\/\/www.webdo.tn\/fr\/actualite\/terrorisme\/une-video-de-lattaque-de-henchir-talla-attribuee-a-katibet-okba-ibn-nafaa-entouree-de-mystere\/180020\/\" \/>\n<meta property=\"og:locale\" content=\"fr_FR\" \/>\n<meta property=\"og:type\" content=\"article\" \/>\n<meta property=\"og:title\" content=\"Myst\u00e8re autour d&#039;une vid\u00e9o de l\u2019attaque de Henchir Talla attribu\u00e9e \u00e0 &quot;Katiba Okba Ibn Nafa\u00e2&quot;\" \/>\n<meta property=\"og:description\" content=\"Myst\u00e8re autour d&#039;une vid\u00e9o de l\u2019attaque de Henchir Talla attribu\u00e9e \u00e0 Katiba Okba Ibn Nafa\u00e2\" \/>\n<meta property=\"og:url\" content=\"https:\/\/www.webdo.tn\/fr\/actualite\/terrorisme\/une-video-de-lattaque-de-henchir-talla-attribuee-a-katibet-okba-ibn-nafaa-entouree-de-mystere\/180020\/\" \/>\n<meta property=\"og:site_name\" content=\"webdo\" \/>\n<meta property=\"article:publisher\" content=\"https:\/\/www.facebook.com\/webdotn\" \/>\n<meta property=\"article:published_time\" content=\"2015-05-10T13:04:00+00:00\" \/>\n<meta property=\"og:image\" content=\"https:\/\/www.webdo.tn\/fr\/wp-content\/uploads\/2015\/05\/Katiba-okba.png\" \/>\n\t<meta property=\"og:image:width\" content=\"847\" \/>\n\t<meta property=\"og:image:height\" content=\"462\" \/>\n\t<meta property=\"og:image:type\" content=\"image\/png\" \/>\n<meta name=\"author\" content=\"webdo.tn\" \/>\n<meta name=\"twitter:card\" content=\"summary_large_image\" \/>\n<meta name=\"twitter:creator\" content=\"@webdo_tn\" \/>\n<meta name=\"twitter:site\" content=\"@webdo_tn\" \/>\n<meta name=\"twitter:label1\" content=\"\u00c9crit par\" \/>\n\t<meta name=\"twitter:data1\" content=\"webdo.tn\" \/>\n\t<meta name=\"twitter:label2\" content=\"Dur\u00e9e de lecture estim\u00e9e\" \/>\n\t<meta name=\"twitter:data2\" content=\"3 minutes\" \/>\n<script type=\"application\/ld+json\" class=\"yoast-schema-graph\">{\"@context\":\"https:\\\/\\\/schema.org\",\"@graph\":[{\"@type\":\"NewsArticle\",\"@id\":\"https:\\\/\\\/www.webdo.tn\\\/fr\\\/actualite\\\/terrorisme\\\/une-video-de-lattaque-de-henchir-talla-attribuee-a-katibet-okba-ibn-nafaa-entouree-de-mystere\\\/180020\\\/#article\",\"isPartOf\":{\"@id\":\"https:\\\/\\\/www.webdo.tn\\\/fr\\\/actualite\\\/terrorisme\\\/une-video-de-lattaque-de-henchir-talla-attribuee-a-katibet-okba-ibn-nafaa-entouree-de-mystere\\\/180020\\\/\"},\"author\":{\"name\":\"webdo.tn\",\"@id\":\"https:\\\/\\\/www.webdo.tn\\\/fr\\\/#\\\/schema\\\/person\\\/9a9c6118d687c117df8ef3cc36a4d175\"},\"headline\":\"Myst\u00e8re autour d&rsquo;une vid\u00e9o de l\u2019attaque de Henchir Talla attribu\u00e9e \u00e0 \u00ab\u00a0Katiba Okba Ibn Nafa\u00e2\u00a0\u00bb\",\"datePublished\":\"2015-05-10T13:04:00+00:00\",\"mainEntityOfPage\":{\"@id\":\"https:\\\/\\\/www.webdo.tn\\\/fr\\\/actualite\\\/terrorisme\\\/une-video-de-lattaque-de-henchir-talla-attribuee-a-katibet-okba-ibn-nafaa-entouree-de-mystere\\\/180020\\\/\"},\"wordCount\":577,\"commentCount\":0,\"publisher\":{\"@id\":\"https:\\\/\\\/www.webdo.tn\\\/fr\\\/#organization\"},\"image\":{\"@id\":\"https:\\\/\\\/www.webdo.tn\\\/fr\\\/actualite\\\/terrorisme\\\/une-video-de-lattaque-de-henchir-talla-attribuee-a-katibet-okba-ibn-nafaa-entouree-de-mystere\\\/180020\\\/#primaryimage\"},\"thumbnailUrl\":\"https:\\\/\\\/www.webdo.tn\\\/fr\\\/wp-content\\\/uploads\\\/2015\\\/05\\\/Katiba-okba.png\",\"keywords\":[\"guerre\"],\"articleSection\":[\"Terrorisme\"],\"inLanguage\":\"fr-FR\"},{\"@type\":\"WebPage\",\"@id\":\"https:\\\/\\\/www.webdo.tn\\\/fr\\\/actualite\\\/terrorisme\\\/une-video-de-lattaque-de-henchir-talla-attribuee-a-katibet-okba-ibn-nafaa-entouree-de-mystere\\\/180020\\\/\",\"url\":\"https:\\\/\\\/www.webdo.tn\\\/fr\\\/actualite\\\/terrorisme\\\/une-video-de-lattaque-de-henchir-talla-attribuee-a-katibet-okba-ibn-nafaa-entouree-de-mystere\\\/180020\\\/\",\"name\":\"Myst\u00e8re autour d'une vid\u00e9o de l\u2019attaque de Henchir Talla attribu\u00e9e \u00e0 Katiba Okba Ibn Nafa\u00e2\",\"isPartOf\":{\"@id\":\"https:\\\/\\\/www.webdo.tn\\\/fr\\\/#website\"},\"primaryImageOfPage\":{\"@id\":\"https:\\\/\\\/www.webdo.tn\\\/fr\\\/actualite\\\/terrorisme\\\/une-video-de-lattaque-de-henchir-talla-attribuee-a-katibet-okba-ibn-nafaa-entouree-de-mystere\\\/180020\\\/#primaryimage\"},\"image\":{\"@id\":\"https:\\\/\\\/www.webdo.tn\\\/fr\\\/actualite\\\/terrorisme\\\/une-video-de-lattaque-de-henchir-talla-attribuee-a-katibet-okba-ibn-nafaa-entouree-de-mystere\\\/180020\\\/#primaryimage\"},\"thumbnailUrl\":\"https:\\\/\\\/www.webdo.tn\\\/fr\\\/wp-content\\\/uploads\\\/2015\\\/05\\\/Katiba-okba.png\",\"datePublished\":\"2015-05-10T13:04:00+00:00\",\"description\":\"Myst\u00e8re autour d'une vid\u00e9o de l\u2019attaque de Henchir Talla attribu\u00e9e \u00e0 Katiba Okba Ibn Nafa\u00e2\",\"breadcrumb\":{\"@id\":\"https:\\\/\\\/www.webdo.tn\\\/fr\\\/actualite\\\/terrorisme\\\/une-video-de-lattaque-de-henchir-talla-attribuee-a-katibet-okba-ibn-nafaa-entouree-de-mystere\\\/180020\\\/#breadcrumb\"},\"inLanguage\":\"fr-FR\",\"potentialAction\":[{\"@type\":\"ReadAction\",\"target\":[\"https:\\\/\\\/www.webdo.tn\\\/fr\\\/actualite\\\/terrorisme\\\/une-video-de-lattaque-de-henchir-talla-attribuee-a-katibet-okba-ibn-nafaa-entouree-de-mystere\\\/180020\\\/\"]}]},{\"@type\":\"ImageObject\",\"inLanguage\":\"fr-FR\",\"@id\":\"https:\\\/\\\/www.webdo.tn\\\/fr\\\/actualite\\\/terrorisme\\\/une-video-de-lattaque-de-henchir-talla-attribuee-a-katibet-okba-ibn-nafaa-entouree-de-mystere\\\/180020\\\/#primaryimage\",\"url\":\"https:\\\/\\\/www.webdo.tn\\\/fr\\\/wp-content\\\/uploads\\\/2015\\\/05\\\/Katiba-okba.png\",\"contentUrl\":\"https:\\\/\\\/www.webdo.tn\\\/fr\\\/wp-content\\\/uploads\\\/2015\\\/05\\\/Katiba-okba.png\",\"width\":847,\"height\":462,\"caption\":\"Myst\u00e8re autour d'une vid\u00e9o de l\u2019attaque de Henchir Talla attribu\u00e9e \u00e0 \\\"Katiba Okba Ibn Nafa\u00e2\\\"\"},{\"@type\":\"BreadcrumbList\",\"@id\":\"https:\\\/\\\/www.webdo.tn\\\/fr\\\/actualite\\\/terrorisme\\\/une-video-de-lattaque-de-henchir-talla-attribuee-a-katibet-okba-ibn-nafaa-entouree-de-mystere\\\/180020\\\/#breadcrumb\",\"itemListElement\":[{\"@type\":\"ListItem\",\"position\":1,\"name\":\"Accueil\",\"item\":\"https:\\\/\\\/www.webdo.tn\\\/fr\\\/\"},{\"@type\":\"ListItem\",\"position\":2,\"name\":\"Myst\u00e8re autour d&rsquo;une vid\u00e9o de l\u2019attaque de Henchir Talla attribu\u00e9e \u00e0 \u00ab\u00a0Katiba Okba Ibn Nafa\u00e2\u00a0\u00bb\"}]},{\"@type\":\"WebSite\",\"@id\":\"https:\\\/\\\/www.webdo.tn\\\/fr\\\/#website\",\"url\":\"https:\\\/\\\/www.webdo.tn\\\/fr\\\/\",\"name\":\"webdo\",\"description\":\"Tunisie - News en Tunisie et \u00e0 l&#039;international sur Webdo.tn\",\"publisher\":{\"@id\":\"https:\\\/\\\/www.webdo.tn\\\/fr\\\/#organization\"},\"potentialAction\":[{\"@type\":\"SearchAction\",\"target\":{\"@type\":\"EntryPoint\",\"urlTemplate\":\"https:\\\/\\\/www.webdo.tn\\\/fr\\\/?s={search_term_string}\"},\"query-input\":{\"@type\":\"PropertyValueSpecification\",\"valueRequired\":true,\"valueName\":\"search_term_string\"}}],\"inLanguage\":\"fr-FR\"},{\"@type\":\"Organization\",\"@id\":\"https:\\\/\\\/www.webdo.tn\\\/fr\\\/#organization\",\"name\":\"Webdo\",\"alternateName\":\"Webdo.tn\",\"url\":\"https:\\\/\\\/www.webdo.tn\\\/fr\\\/\",\"logo\":{\"@type\":\"ImageObject\",\"inLanguage\":\"fr-FR\",\"@id\":\"https:\\\/\\\/www.webdo.tn\\\/fr\\\/#\\\/schema\\\/logo\\\/image\\\/\",\"url\":\"https:\\\/\\\/www.webdo.tn\\\/fr\\\/wp-content\\\/uploads\\\/2025\\\/06\\\/Webdo-Tunisie_168377.jpg\",\"contentUrl\":\"https:\\\/\\\/www.webdo.tn\\\/fr\\\/wp-content\\\/uploads\\\/2025\\\/06\\\/Webdo-Tunisie_168377.jpg\",\"width\":301,\"height\":301,\"caption\":\"Webdo\"},\"image\":{\"@id\":\"https:\\\/\\\/www.webdo.tn\\\/fr\\\/#\\\/schema\\\/logo\\\/image\\\/\"},\"sameAs\":[\"https:\\\/\\\/www.facebook.com\\\/webdotn\",\"https:\\\/\\\/x.com\\\/webdo_tn\"],\"description\":\"Webdo est un m\u00e9dia num\u00e9rique tunisien fond\u00e9 en 2010, sp\u00e9cialis\u00e9 dans l\u2019actualit\u00e9 nationale et internationale, l\u2019\u00e9conomie, la soci\u00e9t\u00e9 et les analyses politiques. Le site s\u2019adresse \u00e0 un large public francophone et couvre l\u2019information tunisienne en temps r\u00e9el.\",\"email\":\"redac@webdo.tn\",\"legalName\":\"YNJ SARL\",\"foundingDate\":\"2010-09-06\",\"numberOfEmployees\":{\"@type\":\"QuantitativeValue\",\"minValue\":\"11\",\"maxValue\":\"50\"}},{\"@type\":\"Person\",\"@id\":\"https:\\\/\\\/www.webdo.tn\\\/fr\\\/#\\\/schema\\\/person\\\/9a9c6118d687c117df8ef3cc36a4d175\",\"name\":\"webdo.tn\",\"image\":{\"@type\":\"ImageObject\",\"inLanguage\":\"fr-FR\",\"@id\":\"https:\\\/\\\/secure.gravatar.com\\\/avatar\\\/7ce1f28c0c3bbac99ff550b85ef8e44a6950c6ee24514fb6a5489e51d06f0298?s=96&d=mm&r=g\",\"url\":\"https:\\\/\\\/secure.gravatar.com\\\/avatar\\\/7ce1f28c0c3bbac99ff550b85ef8e44a6950c6ee24514fb6a5489e51d06f0298?s=96&d=mm&r=g\",\"contentUrl\":\"https:\\\/\\\/secure.gravatar.com\\\/avatar\\\/7ce1f28c0c3bbac99ff550b85ef8e44a6950c6ee24514fb6a5489e51d06f0298?s=96&d=mm&r=g\",\"caption\":\"webdo.tn\"},\"url\":\"https:\\\/\\\/www.webdo.tn\\\/fr\\\/actualite\\\/author\\\/webdotn\\\/\"}]}<\/script>\n<!-- \/ Yoast SEO Premium plugin. -->","yoast_head_json":{"title":"Myst\u00e8re autour d'une vid\u00e9o de l\u2019attaque de Henchir Talla attribu\u00e9e \u00e0 Katiba Okba Ibn Nafa\u00e2","description":"Myst\u00e8re autour d'une vid\u00e9o de l\u2019attaque de Henchir Talla attribu\u00e9e \u00e0 Katiba Okba Ibn Nafa\u00e2","canonical":"https:\/\/www.webdo.tn\/fr\/actualite\/terrorisme\/une-video-de-lattaque-de-henchir-talla-attribuee-a-katibet-okba-ibn-nafaa-entouree-de-mystere\/180020\/","og_locale":"fr_FR","og_type":"article","og_title":"Myst\u00e8re autour d'une vid\u00e9o de l\u2019attaque de Henchir Talla attribu\u00e9e \u00e0 \"Katiba Okba Ibn Nafa\u00e2\"","og_description":"Myst\u00e8re autour d'une vid\u00e9o de l\u2019attaque de Henchir Talla attribu\u00e9e \u00e0 Katiba Okba Ibn Nafa\u00e2","og_url":"https:\/\/www.webdo.tn\/fr\/actualite\/terrorisme\/une-video-de-lattaque-de-henchir-talla-attribuee-a-katibet-okba-ibn-nafaa-entouree-de-mystere\/180020\/","og_site_name":"webdo","article_publisher":"https:\/\/www.facebook.com\/webdotn","article_published_time":"2015-05-10T13:04:00+00:00","og_image":[{"width":847,"height":462,"url":"https:\/\/www.webdo.tn\/fr\/wp-content\/uploads\/2015\/05\/Katiba-okba.png","type":"image\/png"}],"author":"webdo.tn","twitter_card":"summary_large_image","twitter_creator":"@webdo_tn","twitter_site":"@webdo_tn","twitter_misc":{"\u00c9crit par":"webdo.tn","Dur\u00e9e de lecture estim\u00e9e":"3 minutes"},"schema":{"@context":"https:\/\/schema.org","@graph":[{"@type":"NewsArticle","@id":"https:\/\/www.webdo.tn\/fr\/actualite\/terrorisme\/une-video-de-lattaque-de-henchir-talla-attribuee-a-katibet-okba-ibn-nafaa-entouree-de-mystere\/180020\/#article","isPartOf":{"@id":"https:\/\/www.webdo.tn\/fr\/actualite\/terrorisme\/une-video-de-lattaque-de-henchir-talla-attribuee-a-katibet-okba-ibn-nafaa-entouree-de-mystere\/180020\/"},"author":{"name":"webdo.tn","@id":"https:\/\/www.webdo.tn\/fr\/#\/schema\/person\/9a9c6118d687c117df8ef3cc36a4d175"},"headline":"Myst\u00e8re autour d&rsquo;une vid\u00e9o de l\u2019attaque de Henchir Talla attribu\u00e9e \u00e0 \u00ab\u00a0Katiba Okba Ibn Nafa\u00e2\u00a0\u00bb","datePublished":"2015-05-10T13:04:00+00:00","mainEntityOfPage":{"@id":"https:\/\/www.webdo.tn\/fr\/actualite\/terrorisme\/une-video-de-lattaque-de-henchir-talla-attribuee-a-katibet-okba-ibn-nafaa-entouree-de-mystere\/180020\/"},"wordCount":577,"commentCount":0,"publisher":{"@id":"https:\/\/www.webdo.tn\/fr\/#organization"},"image":{"@id":"https:\/\/www.webdo.tn\/fr\/actualite\/terrorisme\/une-video-de-lattaque-de-henchir-talla-attribuee-a-katibet-okba-ibn-nafaa-entouree-de-mystere\/180020\/#primaryimage"},"thumbnailUrl":"https:\/\/www.webdo.tn\/fr\/wp-content\/uploads\/2015\/05\/Katiba-okba.png","keywords":["guerre"],"articleSection":["Terrorisme"],"inLanguage":"fr-FR"},{"@type":"WebPage","@id":"https:\/\/www.webdo.tn\/fr\/actualite\/terrorisme\/une-video-de-lattaque-de-henchir-talla-attribuee-a-katibet-okba-ibn-nafaa-entouree-de-mystere\/180020\/","url":"https:\/\/www.webdo.tn\/fr\/actualite\/terrorisme\/une-video-de-lattaque-de-henchir-talla-attribuee-a-katibet-okba-ibn-nafaa-entouree-de-mystere\/180020\/","name":"Myst\u00e8re autour d'une vid\u00e9o de l\u2019attaque de Henchir Talla attribu\u00e9e \u00e0 Katiba Okba Ibn Nafa\u00e2","isPartOf":{"@id":"https:\/\/www.webdo.tn\/fr\/#website"},"primaryImageOfPage":{"@id":"https:\/\/www.webdo.tn\/fr\/actualite\/terrorisme\/une-video-de-lattaque-de-henchir-talla-attribuee-a-katibet-okba-ibn-nafaa-entouree-de-mystere\/180020\/#primaryimage"},"image":{"@id":"https:\/\/www.webdo.tn\/fr\/actualite\/terrorisme\/une-video-de-lattaque-de-henchir-talla-attribuee-a-katibet-okba-ibn-nafaa-entouree-de-mystere\/180020\/#primaryimage"},"thumbnailUrl":"https:\/\/www.webdo.tn\/fr\/wp-content\/uploads\/2015\/05\/Katiba-okba.png","datePublished":"2015-05-10T13:04:00+00:00","description":"Myst\u00e8re autour d'une vid\u00e9o de l\u2019attaque de Henchir Talla attribu\u00e9e \u00e0 Katiba Okba Ibn Nafa\u00e2","breadcrumb":{"@id":"https:\/\/www.webdo.tn\/fr\/actualite\/terrorisme\/une-video-de-lattaque-de-henchir-talla-attribuee-a-katibet-okba-ibn-nafaa-entouree-de-mystere\/180020\/#breadcrumb"},"inLanguage":"fr-FR","potentialAction":[{"@type":"ReadAction","target":["https:\/\/www.webdo.tn\/fr\/actualite\/terrorisme\/une-video-de-lattaque-de-henchir-talla-attribuee-a-katibet-okba-ibn-nafaa-entouree-de-mystere\/180020\/"]}]},{"@type":"ImageObject","inLanguage":"fr-FR","@id":"https:\/\/www.webdo.tn\/fr\/actualite\/terrorisme\/une-video-de-lattaque-de-henchir-talla-attribuee-a-katibet-okba-ibn-nafaa-entouree-de-mystere\/180020\/#primaryimage","url":"https:\/\/www.webdo.tn\/fr\/wp-content\/uploads\/2015\/05\/Katiba-okba.png","contentUrl":"https:\/\/www.webdo.tn\/fr\/wp-content\/uploads\/2015\/05\/Katiba-okba.png","width":847,"height":462,"caption":"Myst\u00e8re autour d'une vid\u00e9o de l\u2019attaque de Henchir Talla attribu\u00e9e \u00e0 \"Katiba Okba Ibn Nafa\u00e2\""},{"@type":"BreadcrumbList","@id":"https:\/\/www.webdo.tn\/fr\/actualite\/terrorisme\/une-video-de-lattaque-de-henchir-talla-attribuee-a-katibet-okba-ibn-nafaa-entouree-de-mystere\/180020\/#breadcrumb","itemListElement":[{"@type":"ListItem","position":1,"name":"Accueil","item":"https:\/\/www.webdo.tn\/fr\/"},{"@type":"ListItem","position":2,"name":"Myst\u00e8re autour d&rsquo;une vid\u00e9o de l\u2019attaque de Henchir Talla attribu\u00e9e \u00e0 \u00ab\u00a0Katiba Okba Ibn Nafa\u00e2\u00a0\u00bb"}]},{"@type":"WebSite","@id":"https:\/\/www.webdo.tn\/fr\/#website","url":"https:\/\/www.webdo.tn\/fr\/","name":"webdo","description":"Tunisie - News en Tunisie et \u00e0 l&#039;international sur Webdo.tn","publisher":{"@id":"https:\/\/www.webdo.tn\/fr\/#organization"},"potentialAction":[{"@type":"SearchAction","target":{"@type":"EntryPoint","urlTemplate":"https:\/\/www.webdo.tn\/fr\/?s={search_term_string}"},"query-input":{"@type":"PropertyValueSpecification","valueRequired":true,"valueName":"search_term_string"}}],"inLanguage":"fr-FR"},{"@type":"Organization","@id":"https:\/\/www.webdo.tn\/fr\/#organization","name":"Webdo","alternateName":"Webdo.tn","url":"https:\/\/www.webdo.tn\/fr\/","logo":{"@type":"ImageObject","inLanguage":"fr-FR","@id":"https:\/\/www.webdo.tn\/fr\/#\/schema\/logo\/image\/","url":"https:\/\/www.webdo.tn\/fr\/wp-content\/uploads\/2025\/06\/Webdo-Tunisie_168377.jpg","contentUrl":"https:\/\/www.webdo.tn\/fr\/wp-content\/uploads\/2025\/06\/Webdo-Tunisie_168377.jpg","width":301,"height":301,"caption":"Webdo"},"image":{"@id":"https:\/\/www.webdo.tn\/fr\/#\/schema\/logo\/image\/"},"sameAs":["https:\/\/www.facebook.com\/webdotn","https:\/\/x.com\/webdo_tn"],"description":"Webdo est un m\u00e9dia num\u00e9rique tunisien fond\u00e9 en 2010, sp\u00e9cialis\u00e9 dans l\u2019actualit\u00e9 nationale et internationale, l\u2019\u00e9conomie, la soci\u00e9t\u00e9 et les analyses politiques. Le site s\u2019adresse \u00e0 un large public francophone et couvre l\u2019information tunisienne en temps r\u00e9el.","email":"redac@webdo.tn","legalName":"YNJ SARL","foundingDate":"2010-09-06","numberOfEmployees":{"@type":"QuantitativeValue","minValue":"11","maxValue":"50"}},{"@type":"Person","@id":"https:\/\/www.webdo.tn\/fr\/#\/schema\/person\/9a9c6118d687c117df8ef3cc36a4d175","name":"webdo.tn","image":{"@type":"ImageObject","inLanguage":"fr-FR","@id":"https:\/\/secure.gravatar.com\/avatar\/7ce1f28c0c3bbac99ff550b85ef8e44a6950c6ee24514fb6a5489e51d06f0298?s=96&d=mm&r=g","url":"https:\/\/secure.gravatar.com\/avatar\/7ce1f28c0c3bbac99ff550b85ef8e44a6950c6ee24514fb6a5489e51d06f0298?s=96&d=mm&r=g","contentUrl":"https:\/\/secure.gravatar.com\/avatar\/7ce1f28c0c3bbac99ff550b85ef8e44a6950c6ee24514fb6a5489e51d06f0298?s=96&d=mm&r=g","caption":"webdo.tn"},"url":"https:\/\/www.webdo.tn\/fr\/actualite\/author\/webdotn\/"}]}},"_links":{"self":[{"href":"https:\/\/www.webdo.tn\/fr\/wp-json\/wp\/v2\/posts\/180020","targetHints":{"allow":["GET"]}}],"collection":[{"href":"https:\/\/www.webdo.tn\/fr\/wp-json\/wp\/v2\/posts"}],"about":[{"href":"https:\/\/www.webdo.tn\/fr\/wp-json\/wp\/v2\/types\/post"}],"author":[{"embeddable":true,"href":"https:\/\/www.webdo.tn\/fr\/wp-json\/wp\/v2\/users\/3222"}],"replies":[{"embeddable":true,"href":"https:\/\/www.webdo.tn\/fr\/wp-json\/wp\/v2\/comments?post=180020"}],"version-history":[{"count":0,"href":"https:\/\/www.webdo.tn\/fr\/wp-json\/wp\/v2\/posts\/180020\/revisions"}],"wp:featuredmedia":[{"embeddable":true,"href":"https:\/\/www.webdo.tn\/fr\/wp-json\/wp\/v2\/media\/335848"}],"wp:attachment":[{"href":"https:\/\/www.webdo.tn\/fr\/wp-json\/wp\/v2\/media?parent=180020"}],"wp:term":[{"taxonomy":"category","embeddable":true,"href":"https:\/\/www.webdo.tn\/fr\/wp-json\/wp\/v2\/categories?post=180020"},{"taxonomy":"post_tag","embeddable":true,"href":"https:\/\/www.webdo.tn\/fr\/wp-json\/wp\/v2\/tags?post=180020"}],"curies":[{"name":"wp","href":"https:\/\/api.w.org\/{rel}","templated":true}]}}