{"id":180018,"date":"2015-06-16T11:19:00","date_gmt":"2015-06-16T11:19:00","guid":{"rendered":"https:\/\/www.webdo.tn\/fr\/actualite\/blog\/letat-islamique-revendique-lattaque-terroriste-de-sidi-bouzid\/180018\/"},"modified":"2025-05-22T12:55:13","modified_gmt":"2025-05-22T12:55:13","slug":"letat-islamique-revendique-lattaque-terroriste-de-sidi-bouzid","status":"publish","type":"post","link":"https:\/\/www.webdo.tn\/fr\/actualite\/terrorisme\/letat-islamique-revendique-lattaque-terroriste-de-sidi-bouzid\/180018\/","title":{"rendered":"L&rsquo;Etat islamique revendique l&rsquo;attaque terroriste de Sidi Bouzid"},"content":{"rendered":"<p>La branche m\u00e9diatique de l&rsquo;Etat islamique a revendiqu\u00e9 ce mardi 16 juin l&rsquo;attaque terroriste survenue la veille dans la localit\u00e9 de Sidi Ali Ben Aoun et Bir Lahfay dans le gouvernorat de Sidi Bouzid, faisant 3 morts du c\u00f4t\u00e9 de la Garde nationale tunisienne.<\/p>\n<p>L&rsquo;Etat islamique se f\u00e9licite de cette attaque dans un communiqu\u00e9 publi\u00e9 et partag\u00e9 par ses partisans sur twitter.<\/p>\n<p>Selon eux, deux membres, des \u00ab\u00a0soldats du Califat\u00a0\u00bb, ont perp\u00e9tr\u00e9 cette attaque meurtri\u00e8re contre deux camps militaires dans la r\u00e9gion de Sidi Bouzid \u00ab\u00a0tuant et blessant une vingtaine de membres de la garde nationale.\u00a0\u00bbUn \u00e9change de tirs a eu lieu entre une patrouille de la Garde nationale et deux \u00e9l\u00e9ments terroristes \u00e0 Bir Lahfay\u200f, dans le gouvernorat de Sidi Bouzid. Deux agents de la Garde nationale ont \u00e9t\u00e9 tu\u00e9s suite \u00e0 l\u2019attaque perp\u00e9tr\u00e9e par deux terroristes sur un point de contr\u00f4le.<\/p>\n<p>Un troisi\u00e8me agent de la Garde nationale a \u00e9t\u00e9 tu\u00e9 dans une seconde attaque qui a eu lieu \u00e0 l\u2019aube du lundi 15 juin \u00e0 Sidi Ali Ben Aoun. Cet agent \u00e9tait en route pour assurer le convoi transportant les examens de la neuvi\u00e8me ann\u00e9e. Il a \u00e9t\u00e9 gri\u00e8vement bless\u00e9, avant de succomber \u00e0 ses blessures, a annonc\u00e9 le minist\u00e8re de l\u2019Int\u00e9rieur.<\/p>\n<p>Les attaques terroristes et les arrestations des terroristes se sont multipli\u00e9 \u00e0 Bir Lahfay et Sidi Ali Ben Aoun entre 2013 et 2015 faisant bilan de nombreux morts du c\u00f4t\u00e9 de la garde nationale\u00a0dont le lieutenant de la Garde nationale\u00a0Socrate Cherni\u200f\u00a0en octobre 2013.<\/p>\n","protected":false},"excerpt":{"rendered":"<p>L&rsquo;Etat islamique revendique l&rsquo;attaque terroriste de Sidi Bouzid<\/p>\n","protected":false},"author":3222,"featured_media":352013,"comment_status":"open","ping_status":"closed","sticky":false,"template":"","format":"standard","meta":{"footnotes":""},"categories":[11342],"tags":[],"class_list":["post-180018","post","type-post","status-publish","format-standard","has-post-thumbnail","hentry","category-terrorisme"],"yoast_head":"<!-- This site is optimized with the Yoast SEO Premium plugin v27.4 (Yoast SEO v27.5) - https:\/\/yoast.com\/product\/yoast-seo-premium-wordpress\/ -->\n<title>L&#039;Etat islamique revendique l&#039;attaque terroriste de Sidi Bouzid<\/title>\n<meta name=\"description\" content=\"L&#039;Etat islamique revendique l&#039;attaque terroriste de Sidi Bouzid\" \/>\n<link rel=\"canonical\" href=\"https:\/\/www.webdo.tn\/fr\/actualite\/terrorisme\/letat-islamique-revendique-lattaque-terroriste-de-sidi-bouzid\/180018\/\" \/>\n<meta property=\"og:locale\" content=\"fr_FR\" \/>\n<meta property=\"og:type\" content=\"article\" \/>\n<meta property=\"og:title\" content=\"L&#039;Etat islamique revendique l&#039;attaque terroriste de Sidi Bouzid\" \/>\n<meta property=\"og:description\" content=\"L&#039;Etat islamique revendique l&#039;attaque terroriste de Sidi Bouzid\" \/>\n<meta property=\"og:url\" content=\"https:\/\/www.webdo.tn\/fr\/actualite\/terrorisme\/letat-islamique-revendique-lattaque-terroriste-de-sidi-bouzid\/180018\/\" \/>\n<meta property=\"og:site_name\" content=\"webdo\" \/>\n<meta property=\"article:publisher\" content=\"https:\/\/www.facebook.com\/webdotn\" \/>\n<meta property=\"article:published_time\" content=\"2015-06-16T11:19:00+00:00\" \/>\n<meta property=\"article:modified_time\" content=\"2025-05-22T12:55:13+00:00\" \/>\n<meta property=\"og:image\" content=\"https:\/\/www.webdo.tn\/fr\/wp-content\/uploads\/2015\/06\/EI.png\" \/>\n\t<meta property=\"og:image:width\" content=\"585\" \/>\n\t<meta property=\"og:image:height\" content=\"517\" \/>\n\t<meta property=\"og:image:type\" content=\"image\/png\" \/>\n<meta name=\"author\" content=\"webdo.tn\" \/>\n<meta name=\"twitter:card\" content=\"summary_large_image\" \/>\n<meta name=\"twitter:creator\" content=\"@webdo_tn\" \/>\n<meta name=\"twitter:site\" content=\"@webdo_tn\" \/>\n<meta name=\"twitter:label1\" content=\"\u00c9crit par\" \/>\n\t<meta name=\"twitter:data1\" content=\"webdo.tn\" \/>\n\t<meta name=\"twitter:label2\" content=\"Dur\u00e9e de lecture estim\u00e9e\" \/>\n\t<meta name=\"twitter:data2\" content=\"1 minute\" \/>\n<script type=\"application\/ld+json\" class=\"yoast-schema-graph\">{\"@context\":\"https:\\\/\\\/schema.org\",\"@graph\":[{\"@type\":\"NewsArticle\",\"@id\":\"https:\\\/\\\/www.webdo.tn\\\/fr\\\/actualite\\\/terrorisme\\\/letat-islamique-revendique-lattaque-terroriste-de-sidi-bouzid\\\/180018\\\/#article\",\"isPartOf\":{\"@id\":\"https:\\\/\\\/www.webdo.tn\\\/fr\\\/actualite\\\/terrorisme\\\/letat-islamique-revendique-lattaque-terroriste-de-sidi-bouzid\\\/180018\\\/\"},\"author\":{\"name\":\"webdo.tn\",\"@id\":\"https:\\\/\\\/www.webdo.tn\\\/fr\\\/#\\\/schema\\\/person\\\/9a9c6118d687c117df8ef3cc36a4d175\"},\"headline\":\"L&rsquo;Etat islamique revendique l&rsquo;attaque terroriste de Sidi Bouzid\",\"datePublished\":\"2015-06-16T11:19:00+00:00\",\"dateModified\":\"2025-05-22T12:55:13+00:00\",\"mainEntityOfPage\":{\"@id\":\"https:\\\/\\\/www.webdo.tn\\\/fr\\\/actualite\\\/terrorisme\\\/letat-islamique-revendique-lattaque-terroriste-de-sidi-bouzid\\\/180018\\\/\"},\"wordCount\":274,\"commentCount\":0,\"publisher\":{\"@id\":\"https:\\\/\\\/www.webdo.tn\\\/fr\\\/#organization\"},\"image\":{\"@id\":\"https:\\\/\\\/www.webdo.tn\\\/fr\\\/actualite\\\/terrorisme\\\/letat-islamique-revendique-lattaque-terroriste-de-sidi-bouzid\\\/180018\\\/#primaryimage\"},\"thumbnailUrl\":\"https:\\\/\\\/www.webdo.tn\\\/fr\\\/wp-content\\\/uploads\\\/2015\\\/06\\\/EI.png\",\"articleSection\":[\"Terrorisme\"],\"inLanguage\":\"fr-FR\"},{\"@type\":\"WebPage\",\"@id\":\"https:\\\/\\\/www.webdo.tn\\\/fr\\\/actualite\\\/terrorisme\\\/letat-islamique-revendique-lattaque-terroriste-de-sidi-bouzid\\\/180018\\\/\",\"url\":\"https:\\\/\\\/www.webdo.tn\\\/fr\\\/actualite\\\/terrorisme\\\/letat-islamique-revendique-lattaque-terroriste-de-sidi-bouzid\\\/180018\\\/\",\"name\":\"L'Etat islamique revendique l'attaque terroriste de Sidi Bouzid\",\"isPartOf\":{\"@id\":\"https:\\\/\\\/www.webdo.tn\\\/fr\\\/#website\"},\"primaryImageOfPage\":{\"@id\":\"https:\\\/\\\/www.webdo.tn\\\/fr\\\/actualite\\\/terrorisme\\\/letat-islamique-revendique-lattaque-terroriste-de-sidi-bouzid\\\/180018\\\/#primaryimage\"},\"image\":{\"@id\":\"https:\\\/\\\/www.webdo.tn\\\/fr\\\/actualite\\\/terrorisme\\\/letat-islamique-revendique-lattaque-terroriste-de-sidi-bouzid\\\/180018\\\/#primaryimage\"},\"thumbnailUrl\":\"https:\\\/\\\/www.webdo.tn\\\/fr\\\/wp-content\\\/uploads\\\/2015\\\/06\\\/EI.png\",\"datePublished\":\"2015-06-16T11:19:00+00:00\",\"dateModified\":\"2025-05-22T12:55:13+00:00\",\"description\":\"L'Etat islamique revendique l'attaque terroriste de Sidi Bouzid\",\"breadcrumb\":{\"@id\":\"https:\\\/\\\/www.webdo.tn\\\/fr\\\/actualite\\\/terrorisme\\\/letat-islamique-revendique-lattaque-terroriste-de-sidi-bouzid\\\/180018\\\/#breadcrumb\"},\"inLanguage\":\"fr-FR\",\"potentialAction\":[{\"@type\":\"ReadAction\",\"target\":[\"https:\\\/\\\/www.webdo.tn\\\/fr\\\/actualite\\\/terrorisme\\\/letat-islamique-revendique-lattaque-terroriste-de-sidi-bouzid\\\/180018\\\/\"]}]},{\"@type\":\"ImageObject\",\"inLanguage\":\"fr-FR\",\"@id\":\"https:\\\/\\\/www.webdo.tn\\\/fr\\\/actualite\\\/terrorisme\\\/letat-islamique-revendique-lattaque-terroriste-de-sidi-bouzid\\\/180018\\\/#primaryimage\",\"url\":\"https:\\\/\\\/www.webdo.tn\\\/fr\\\/wp-content\\\/uploads\\\/2015\\\/06\\\/EI.png\",\"contentUrl\":\"https:\\\/\\\/www.webdo.tn\\\/fr\\\/wp-content\\\/uploads\\\/2015\\\/06\\\/EI.png\",\"width\":585,\"height\":517,\"caption\":\"L'Etat islamique revendique l'attaque terroriste de Sidi Bouzid\"},{\"@type\":\"BreadcrumbList\",\"@id\":\"https:\\\/\\\/www.webdo.tn\\\/fr\\\/actualite\\\/terrorisme\\\/letat-islamique-revendique-lattaque-terroriste-de-sidi-bouzid\\\/180018\\\/#breadcrumb\",\"itemListElement\":[{\"@type\":\"ListItem\",\"position\":1,\"name\":\"Accueil\",\"item\":\"https:\\\/\\\/www.webdo.tn\\\/fr\\\/\"},{\"@type\":\"ListItem\",\"position\":2,\"name\":\"L&rsquo;Etat islamique revendique l&rsquo;attaque terroriste de Sidi Bouzid\"}]},{\"@type\":\"WebSite\",\"@id\":\"https:\\\/\\\/www.webdo.tn\\\/fr\\\/#website\",\"url\":\"https:\\\/\\\/www.webdo.tn\\\/fr\\\/\",\"name\":\"webdo\",\"description\":\"Tunisie - News en Tunisie et \u00e0 l&#039;international sur Webdo.tn\",\"publisher\":{\"@id\":\"https:\\\/\\\/www.webdo.tn\\\/fr\\\/#organization\"},\"potentialAction\":[{\"@type\":\"SearchAction\",\"target\":{\"@type\":\"EntryPoint\",\"urlTemplate\":\"https:\\\/\\\/www.webdo.tn\\\/fr\\\/?s={search_term_string}\"},\"query-input\":{\"@type\":\"PropertyValueSpecification\",\"valueRequired\":true,\"valueName\":\"search_term_string\"}}],\"inLanguage\":\"fr-FR\"},{\"@type\":\"Organization\",\"@id\":\"https:\\\/\\\/www.webdo.tn\\\/fr\\\/#organization\",\"name\":\"Webdo\",\"alternateName\":\"Webdo.tn\",\"url\":\"https:\\\/\\\/www.webdo.tn\\\/fr\\\/\",\"logo\":{\"@type\":\"ImageObject\",\"inLanguage\":\"fr-FR\",\"@id\":\"https:\\\/\\\/www.webdo.tn\\\/fr\\\/#\\\/schema\\\/logo\\\/image\\\/\",\"url\":\"https:\\\/\\\/www.webdo.tn\\\/fr\\\/wp-content\\\/uploads\\\/2025\\\/06\\\/Webdo-Tunisie_168377.jpg\",\"contentUrl\":\"https:\\\/\\\/www.webdo.tn\\\/fr\\\/wp-content\\\/uploads\\\/2025\\\/06\\\/Webdo-Tunisie_168377.jpg\",\"width\":301,\"height\":301,\"caption\":\"Webdo\"},\"image\":{\"@id\":\"https:\\\/\\\/www.webdo.tn\\\/fr\\\/#\\\/schema\\\/logo\\\/image\\\/\"},\"sameAs\":[\"https:\\\/\\\/www.facebook.com\\\/webdotn\",\"https:\\\/\\\/x.com\\\/webdo_tn\"],\"description\":\"Webdo est un m\u00e9dia num\u00e9rique tunisien fond\u00e9 en 2010, sp\u00e9cialis\u00e9 dans l\u2019actualit\u00e9 nationale et internationale, l\u2019\u00e9conomie, la soci\u00e9t\u00e9 et les analyses politiques. Le site s\u2019adresse \u00e0 un large public francophone et couvre l\u2019information tunisienne en temps r\u00e9el.\",\"email\":\"redac@webdo.tn\",\"legalName\":\"YNJ SARL\",\"foundingDate\":\"2010-09-06\",\"numberOfEmployees\":{\"@type\":\"QuantitativeValue\",\"minValue\":\"11\",\"maxValue\":\"50\"}},{\"@type\":\"Person\",\"@id\":\"https:\\\/\\\/www.webdo.tn\\\/fr\\\/#\\\/schema\\\/person\\\/9a9c6118d687c117df8ef3cc36a4d175\",\"name\":\"webdo.tn\",\"image\":{\"@type\":\"ImageObject\",\"inLanguage\":\"fr-FR\",\"@id\":\"https:\\\/\\\/secure.gravatar.com\\\/avatar\\\/7ce1f28c0c3bbac99ff550b85ef8e44a6950c6ee24514fb6a5489e51d06f0298?s=96&d=mm&r=g\",\"url\":\"https:\\\/\\\/secure.gravatar.com\\\/avatar\\\/7ce1f28c0c3bbac99ff550b85ef8e44a6950c6ee24514fb6a5489e51d06f0298?s=96&d=mm&r=g\",\"contentUrl\":\"https:\\\/\\\/secure.gravatar.com\\\/avatar\\\/7ce1f28c0c3bbac99ff550b85ef8e44a6950c6ee24514fb6a5489e51d06f0298?s=96&d=mm&r=g\",\"caption\":\"webdo.tn\"},\"url\":\"https:\\\/\\\/www.webdo.tn\\\/fr\\\/actualite\\\/author\\\/webdotn\\\/\"}]}<\/script>\n<!-- \/ Yoast SEO Premium plugin. -->","yoast_head_json":{"title":"L'Etat islamique revendique l'attaque terroriste de Sidi Bouzid","description":"L'Etat islamique revendique l'attaque terroriste de Sidi Bouzid","canonical":"https:\/\/www.webdo.tn\/fr\/actualite\/terrorisme\/letat-islamique-revendique-lattaque-terroriste-de-sidi-bouzid\/180018\/","og_locale":"fr_FR","og_type":"article","og_title":"L'Etat islamique revendique l'attaque terroriste de Sidi Bouzid","og_description":"L'Etat islamique revendique l'attaque terroriste de Sidi Bouzid","og_url":"https:\/\/www.webdo.tn\/fr\/actualite\/terrorisme\/letat-islamique-revendique-lattaque-terroriste-de-sidi-bouzid\/180018\/","og_site_name":"webdo","article_publisher":"https:\/\/www.facebook.com\/webdotn","article_published_time":"2015-06-16T11:19:00+00:00","article_modified_time":"2025-05-22T12:55:13+00:00","og_image":[{"width":585,"height":517,"url":"https:\/\/www.webdo.tn\/fr\/wp-content\/uploads\/2015\/06\/EI.png","type":"image\/png"}],"author":"webdo.tn","twitter_card":"summary_large_image","twitter_creator":"@webdo_tn","twitter_site":"@webdo_tn","twitter_misc":{"\u00c9crit par":"webdo.tn","Dur\u00e9e de lecture estim\u00e9e":"1 minute"},"schema":{"@context":"https:\/\/schema.org","@graph":[{"@type":"NewsArticle","@id":"https:\/\/www.webdo.tn\/fr\/actualite\/terrorisme\/letat-islamique-revendique-lattaque-terroriste-de-sidi-bouzid\/180018\/#article","isPartOf":{"@id":"https:\/\/www.webdo.tn\/fr\/actualite\/terrorisme\/letat-islamique-revendique-lattaque-terroriste-de-sidi-bouzid\/180018\/"},"author":{"name":"webdo.tn","@id":"https:\/\/www.webdo.tn\/fr\/#\/schema\/person\/9a9c6118d687c117df8ef3cc36a4d175"},"headline":"L&rsquo;Etat islamique revendique l&rsquo;attaque terroriste de Sidi Bouzid","datePublished":"2015-06-16T11:19:00+00:00","dateModified":"2025-05-22T12:55:13+00:00","mainEntityOfPage":{"@id":"https:\/\/www.webdo.tn\/fr\/actualite\/terrorisme\/letat-islamique-revendique-lattaque-terroriste-de-sidi-bouzid\/180018\/"},"wordCount":274,"commentCount":0,"publisher":{"@id":"https:\/\/www.webdo.tn\/fr\/#organization"},"image":{"@id":"https:\/\/www.webdo.tn\/fr\/actualite\/terrorisme\/letat-islamique-revendique-lattaque-terroriste-de-sidi-bouzid\/180018\/#primaryimage"},"thumbnailUrl":"https:\/\/www.webdo.tn\/fr\/wp-content\/uploads\/2015\/06\/EI.png","articleSection":["Terrorisme"],"inLanguage":"fr-FR"},{"@type":"WebPage","@id":"https:\/\/www.webdo.tn\/fr\/actualite\/terrorisme\/letat-islamique-revendique-lattaque-terroriste-de-sidi-bouzid\/180018\/","url":"https:\/\/www.webdo.tn\/fr\/actualite\/terrorisme\/letat-islamique-revendique-lattaque-terroriste-de-sidi-bouzid\/180018\/","name":"L'Etat islamique revendique l'attaque terroriste de Sidi Bouzid","isPartOf":{"@id":"https:\/\/www.webdo.tn\/fr\/#website"},"primaryImageOfPage":{"@id":"https:\/\/www.webdo.tn\/fr\/actualite\/terrorisme\/letat-islamique-revendique-lattaque-terroriste-de-sidi-bouzid\/180018\/#primaryimage"},"image":{"@id":"https:\/\/www.webdo.tn\/fr\/actualite\/terrorisme\/letat-islamique-revendique-lattaque-terroriste-de-sidi-bouzid\/180018\/#primaryimage"},"thumbnailUrl":"https:\/\/www.webdo.tn\/fr\/wp-content\/uploads\/2015\/06\/EI.png","datePublished":"2015-06-16T11:19:00+00:00","dateModified":"2025-05-22T12:55:13+00:00","description":"L'Etat islamique revendique l'attaque terroriste de Sidi Bouzid","breadcrumb":{"@id":"https:\/\/www.webdo.tn\/fr\/actualite\/terrorisme\/letat-islamique-revendique-lattaque-terroriste-de-sidi-bouzid\/180018\/#breadcrumb"},"inLanguage":"fr-FR","potentialAction":[{"@type":"ReadAction","target":["https:\/\/www.webdo.tn\/fr\/actualite\/terrorisme\/letat-islamique-revendique-lattaque-terroriste-de-sidi-bouzid\/180018\/"]}]},{"@type":"ImageObject","inLanguage":"fr-FR","@id":"https:\/\/www.webdo.tn\/fr\/actualite\/terrorisme\/letat-islamique-revendique-lattaque-terroriste-de-sidi-bouzid\/180018\/#primaryimage","url":"https:\/\/www.webdo.tn\/fr\/wp-content\/uploads\/2015\/06\/EI.png","contentUrl":"https:\/\/www.webdo.tn\/fr\/wp-content\/uploads\/2015\/06\/EI.png","width":585,"height":517,"caption":"L'Etat islamique revendique l'attaque terroriste de Sidi Bouzid"},{"@type":"BreadcrumbList","@id":"https:\/\/www.webdo.tn\/fr\/actualite\/terrorisme\/letat-islamique-revendique-lattaque-terroriste-de-sidi-bouzid\/180018\/#breadcrumb","itemListElement":[{"@type":"ListItem","position":1,"name":"Accueil","item":"https:\/\/www.webdo.tn\/fr\/"},{"@type":"ListItem","position":2,"name":"L&rsquo;Etat islamique revendique l&rsquo;attaque terroriste de Sidi Bouzid"}]},{"@type":"WebSite","@id":"https:\/\/www.webdo.tn\/fr\/#website","url":"https:\/\/www.webdo.tn\/fr\/","name":"webdo","description":"Tunisie - News en Tunisie et \u00e0 l&#039;international sur Webdo.tn","publisher":{"@id":"https:\/\/www.webdo.tn\/fr\/#organization"},"potentialAction":[{"@type":"SearchAction","target":{"@type":"EntryPoint","urlTemplate":"https:\/\/www.webdo.tn\/fr\/?s={search_term_string}"},"query-input":{"@type":"PropertyValueSpecification","valueRequired":true,"valueName":"search_term_string"}}],"inLanguage":"fr-FR"},{"@type":"Organization","@id":"https:\/\/www.webdo.tn\/fr\/#organization","name":"Webdo","alternateName":"Webdo.tn","url":"https:\/\/www.webdo.tn\/fr\/","logo":{"@type":"ImageObject","inLanguage":"fr-FR","@id":"https:\/\/www.webdo.tn\/fr\/#\/schema\/logo\/image\/","url":"https:\/\/www.webdo.tn\/fr\/wp-content\/uploads\/2025\/06\/Webdo-Tunisie_168377.jpg","contentUrl":"https:\/\/www.webdo.tn\/fr\/wp-content\/uploads\/2025\/06\/Webdo-Tunisie_168377.jpg","width":301,"height":301,"caption":"Webdo"},"image":{"@id":"https:\/\/www.webdo.tn\/fr\/#\/schema\/logo\/image\/"},"sameAs":["https:\/\/www.facebook.com\/webdotn","https:\/\/x.com\/webdo_tn"],"description":"Webdo est un m\u00e9dia num\u00e9rique tunisien fond\u00e9 en 2010, sp\u00e9cialis\u00e9 dans l\u2019actualit\u00e9 nationale et internationale, l\u2019\u00e9conomie, la soci\u00e9t\u00e9 et les analyses politiques. Le site s\u2019adresse \u00e0 un large public francophone et couvre l\u2019information tunisienne en temps r\u00e9el.","email":"redac@webdo.tn","legalName":"YNJ SARL","foundingDate":"2010-09-06","numberOfEmployees":{"@type":"QuantitativeValue","minValue":"11","maxValue":"50"}},{"@type":"Person","@id":"https:\/\/www.webdo.tn\/fr\/#\/schema\/person\/9a9c6118d687c117df8ef3cc36a4d175","name":"webdo.tn","image":{"@type":"ImageObject","inLanguage":"fr-FR","@id":"https:\/\/secure.gravatar.com\/avatar\/7ce1f28c0c3bbac99ff550b85ef8e44a6950c6ee24514fb6a5489e51d06f0298?s=96&d=mm&r=g","url":"https:\/\/secure.gravatar.com\/avatar\/7ce1f28c0c3bbac99ff550b85ef8e44a6950c6ee24514fb6a5489e51d06f0298?s=96&d=mm&r=g","contentUrl":"https:\/\/secure.gravatar.com\/avatar\/7ce1f28c0c3bbac99ff550b85ef8e44a6950c6ee24514fb6a5489e51d06f0298?s=96&d=mm&r=g","caption":"webdo.tn"},"url":"https:\/\/www.webdo.tn\/fr\/actualite\/author\/webdotn\/"}]}},"_links":{"self":[{"href":"https:\/\/www.webdo.tn\/fr\/wp-json\/wp\/v2\/posts\/180018","targetHints":{"allow":["GET"]}}],"collection":[{"href":"https:\/\/www.webdo.tn\/fr\/wp-json\/wp\/v2\/posts"}],"about":[{"href":"https:\/\/www.webdo.tn\/fr\/wp-json\/wp\/v2\/types\/post"}],"author":[{"embeddable":true,"href":"https:\/\/www.webdo.tn\/fr\/wp-json\/wp\/v2\/users\/3222"}],"replies":[{"embeddable":true,"href":"https:\/\/www.webdo.tn\/fr\/wp-json\/wp\/v2\/comments?post=180018"}],"version-history":[{"count":0,"href":"https:\/\/www.webdo.tn\/fr\/wp-json\/wp\/v2\/posts\/180018\/revisions"}],"wp:featuredmedia":[{"embeddable":true,"href":"https:\/\/www.webdo.tn\/fr\/wp-json\/wp\/v2\/media\/352013"}],"wp:attachment":[{"href":"https:\/\/www.webdo.tn\/fr\/wp-json\/wp\/v2\/media?parent=180018"}],"wp:term":[{"taxonomy":"category","embeddable":true,"href":"https:\/\/www.webdo.tn\/fr\/wp-json\/wp\/v2\/categories?post=180018"},{"taxonomy":"post_tag","embeddable":true,"href":"https:\/\/www.webdo.tn\/fr\/wp-json\/wp\/v2\/tags?post=180018"}],"curies":[{"name":"wp","href":"https:\/\/api.w.org\/{rel}","templated":true}]}}