{"id":180015,"date":"2013-06-28T09:17:00","date_gmt":"2013-06-28T09:17:00","guid":{"rendered":"https:\/\/www.webdo.tn\/fr\/blog\/free-surtout-nos-mentalites-tous-coupables-que-nous-sommes-shameful-par-lilia-bouguira\/180015\/"},"modified":"2025-06-04T18:42:52","modified_gmt":"2025-06-04T18:42:52","slug":"free-surtout-nos-mentalites-tous-coupables-que-nous-sommes-shameful-par-lilia-bouguira-2","status":"publish","type":"post","link":"https:\/\/www.webdo.tn\/fr\/actualite\/le-courrier-des-lecteurs\/free-surtout-nos-mentalites-tous-coupables-que-nous-sommes-shameful-par-lilia-bouguira-2\/180015\/","title":{"rendered":"Free surtout nos mentalit\u00e9s, tous coupables que nous sommes ! Shameful ! \u2013 par Lilia Bouguira"},"content":{"rendered":"<p>TRIBUNE &#8211; Honte \u00e0 nous quand notre regard se pose sur une niquab\u00e9e et que nous continuons \u00e0 marmonner \u00e9c\u0153ur\u00e9s \u00abmala dabouz\u00e9te gaz w mala halla\u00bb.<br \/>\nHonte \u00e0 nous quand nous \u00e9voquons Amina et ses seins \u00abjamais-publiquement nus\u00bb et que nous faisons la moue en disant, elle a exag\u00e9r\u00e9.<br \/>\nHonte \u00e0 nous quand nous \u00e9coutons Weld El 15 et que nous nous bouchons les oreilles en un pincement de ses jurons hypocritement d\u00e9go\u00fbt\u00e9s.<\/p>\n<p>Honte \u00e0 nous quand nous regardons la t\u00e9l\u00e9 et que nous laissons continuer cet animateur jouer de notre \u00e9motionnel et nous faire pleurer sur un gosse r\u00e9cemment sodomis\u00e9, qu\u2019il ram\u00e8ne avec des parents d\u00e9sempar\u00e9s puis vite apr\u00e8s son effet show passe \u00e0 un registre de d\u00e9bilit\u00e9 d\u2019une showiste d\u00e9lur\u00e9e.<\/p>\n<p>Honte \u00e0 nous quand nous entrevoyons un barbu et que nous ricanons encore \u00abmala hala kamcha kwenjya komej\u00bb m\u00eame apr\u00e8s la lev\u00e9e de l\u2019interdit de Ben Ali.<br \/>\nHonte \u00e0 nous quand nous laissons croupir encore Saber et Jabeur l\u2019un en prison et l\u2019autre loin de ses parents parce qu\u2019ils ont blasph\u00e9m\u00e9 et bascul\u00e9 le sacr\u00e9.<br \/>\nHonte \u00e0 nous quand nous pr\u00eatons encore ou\u00efe \u00e0 des politiciens nullement engag\u00e9s qui se soucient peu des volont\u00e9s de ce pauvre peuple qui a eu le malheur de vouloir un jour r\u00eaver \u00e0 une vie meilleure.<\/p>\n<p>Honte \u00e0 nous quand nous regardons ces \u00e9lus se pavaner dans des tenues hors gamme costumes cravates et jebba dernier cri, sauter d\u2019un avion \u00e0 un autre tous confondus pour autant qu\u2019ils sont et de n\u2019importe quel parti qu\u2019ils pr\u00f4nent pendant que des gosses malheureux continuent \u00e0 hurler leur col\u00e8re, leur d\u00e9sillusions et la r\u00e9volution vol\u00e9e.<\/p>\n<p>Honte \u00e0 nous quand nous n\u2019ouvrons la bouche pour griffonner derri\u00e8re nos \u00e9crans ces \u00ab\u00a0Free\u00a0\u00bb \u00e0 la con et ces statuts de mal bais\u00e9s pour nous d\u00e9gourdir nos \u00abpeu de conscience\u00bb et nous en laver.<br \/>\nHonte \u00e0 nous quand longtemps nous n\u2019avons daign\u00e9 honorer nos martyrs oubli\u00e9s, nos bless\u00e9s longtemps n\u00e9glig\u00e9s.<\/p>\n<p>Honte \u00e0 nous lorsque nous n\u2019avons ouvert nos sacr\u00e9es gueules que lorsque le pain devint juteux \u00e0 nos yeux pour balayer tel ou tel parti sur des plateaux t\u00e9l\u00e9 improvis\u00e9s et des guerres peu vraies.<br \/>\nHonte \u00e0 nous quand nous n\u2019osions \u00e9mettre un commentaire sur un @ Ayoub massoudi limog\u00e9 ou un journaliste citoyen engag\u00e9 qui a os\u00e9 attaquer dans le vrai @ Ramzi bettaieb avec sayeb el cam\u00e9ra.<br \/>\nHonte \u00e0 nous quand nous continuons \u00e0 roupiller repus et exalt\u00e9s pendant que d&rsquo;autres ont perdu leur m\u00e9tier, crament pour nous lib\u00e9rer et faire \u00e9clater la v\u00e9rit\u00e9.<\/p>\n<p>J\u2019aimerai voir ceux qui critiquent l\u2019abus de pouvoir contre Amina et que les autres soient aussi critiques et d\u00e9nonciateurs pour ce qu\u2019on a laiss\u00e9 faire contre les salafistes \u00e0 la cit\u00e9 Ettadhamene.<br \/>\nLes figures changent mais les m\u00e9thodes sont antiques et pourries. Je veux que notre regard ne soit plus strabique et double un halal et un non, un permis et un scandaleux.<br \/>\nJe veux plus que nos langues se d\u00e9lient juste quand cela devient payant et effet de foule. Je veux plus que ce qui est arriv\u00e9 un jour \u00e0 mon fils et aux autres et qu\u2019ils reviennent nous museler d\u00e9finitivement pour regretter \u00e0 jamais de nous \u00eatre soulev\u00e9s.<\/p>\n<p>Il y a des tribunaux pour cela et une justice pour dire son mot m\u00eame si jusqu\u2019\u00e0 aujourd\u2019hui, elle continue \u00e0 \u00eatre b\u00e9gayante et aveugle.<br \/>\nLorsque nous aurons travaill\u00e9 sur nous m\u00eames, nous pourrons alors parler de vraie r\u00e9volution et de travail engag\u00e9.<br \/>\nLilia Bouguira<\/p>\n","protected":false},"excerpt":{"rendered":"<p>Free surtout nos mentalit\u00e9s, tous coupables que nous sommes ! Shameful ! \u2013 par Lilia Bouguira<\/p>\n","protected":false},"author":3222,"featured_media":334459,"comment_status":"open","ping_status":"closed","sticky":false,"template":"","format":"standard","meta":{"footnotes":""},"categories":[7043],"tags":[],"class_list":["post-180015","post","type-post","status-publish","format-standard","has-post-thumbnail","hentry","category-le-courrier-des-lecteurs"],"yoast_head":"<!-- This site is optimized with the Yoast SEO Premium plugin v27.5 (Yoast SEO v27.5) - https:\/\/yoast.com\/product\/yoast-seo-premium-wordpress\/ -->\n<title>Free surtout nos mentalit\u00e9s, tous coupables que nous sommes ! Shameful ! \u2013 par Lilia Bouguira<\/title>\n<meta name=\"description\" content=\"Free surtout nos mentalit\u00e9s, tous coupables que nous sommes ! Shameful ! \u2013 par Lilia Bouguira\" \/>\n<link rel=\"canonical\" href=\"https:\/\/www.webdo.tn\/fr\/actualite\/le-courrier-des-lecteurs\/free-surtout-nos-mentalites-tous-coupables-que-nous-sommes-shameful-par-lilia-bouguira-2\/180015\/\" \/>\n<meta property=\"og:locale\" content=\"fr_FR\" \/>\n<meta property=\"og:type\" content=\"article\" \/>\n<meta property=\"og:title\" content=\"Free surtout nos mentalit\u00e9s, tous coupables que nous sommes ! Shameful ! \u2013 par Lilia Bouguira\" \/>\n<meta property=\"og:description\" content=\"Free surtout nos mentalit\u00e9s, tous coupables que nous sommes ! Shameful ! \u2013 par Lilia Bouguira\" \/>\n<meta property=\"og:url\" content=\"https:\/\/www.webdo.tn\/fr\/actualite\/le-courrier-des-lecteurs\/free-surtout-nos-mentalites-tous-coupables-que-nous-sommes-shameful-par-lilia-bouguira-2\/180015\/\" \/>\n<meta property=\"og:site_name\" content=\"webdo\" \/>\n<meta property=\"article:publisher\" content=\"https:\/\/www.facebook.com\/webdotn\" \/>\n<meta property=\"article:published_time\" content=\"2013-06-28T09:17:00+00:00\" \/>\n<meta property=\"article:modified_time\" content=\"2025-06-04T18:42:52+00:00\" \/>\n<meta property=\"og:image\" content=\"https:\/\/www.webdo.tn\/fr\/wp-content\/uploads\/2013\/06\/Amina-photo-aufeminin.com_.jpg\" \/>\n\t<meta property=\"og:image:width\" content=\"368\" \/>\n\t<meta property=\"og:image:height\" content=\"534\" \/>\n\t<meta property=\"og:image:type\" content=\"image\/jpeg\" \/>\n<meta name=\"author\" content=\"webdo.tn\" \/>\n<meta name=\"twitter:card\" content=\"summary_large_image\" \/>\n<meta name=\"twitter:creator\" content=\"@webdo_tn\" \/>\n<meta name=\"twitter:site\" content=\"@webdo_tn\" \/>\n<meta name=\"twitter:label1\" content=\"\u00c9crit par\" \/>\n\t<meta name=\"twitter:data1\" content=\"webdo.tn\" \/>\n\t<meta name=\"twitter:label2\" content=\"Dur\u00e9e de lecture estim\u00e9e\" \/>\n\t<meta name=\"twitter:data2\" content=\"3 minutes\" \/>\n<script type=\"application\/ld+json\" class=\"yoast-schema-graph\">{\"@context\":\"https:\\\/\\\/schema.org\",\"@graph\":[{\"@type\":\"NewsArticle\",\"@id\":\"https:\\\/\\\/www.webdo.tn\\\/fr\\\/actualite\\\/le-courrier-des-lecteurs\\\/free-surtout-nos-mentalites-tous-coupables-que-nous-sommes-shameful-par-lilia-bouguira-2\\\/180015\\\/#article\",\"isPartOf\":{\"@id\":\"https:\\\/\\\/www.webdo.tn\\\/fr\\\/actualite\\\/le-courrier-des-lecteurs\\\/free-surtout-nos-mentalites-tous-coupables-que-nous-sommes-shameful-par-lilia-bouguira-2\\\/180015\\\/\"},\"author\":{\"name\":\"webdo.tn\",\"@id\":\"https:\\\/\\\/www.webdo.tn\\\/fr\\\/#\\\/schema\\\/person\\\/9a9c6118d687c117df8ef3cc36a4d175\"},\"headline\":\"Free surtout nos mentalit\u00e9s, tous coupables que nous sommes ! Shameful ! \u2013 par Lilia Bouguira\",\"datePublished\":\"2013-06-28T09:17:00+00:00\",\"dateModified\":\"2025-06-04T18:42:52+00:00\",\"mainEntityOfPage\":{\"@id\":\"https:\\\/\\\/www.webdo.tn\\\/fr\\\/actualite\\\/le-courrier-des-lecteurs\\\/free-surtout-nos-mentalites-tous-coupables-que-nous-sommes-shameful-par-lilia-bouguira-2\\\/180015\\\/\"},\"wordCount\":632,\"commentCount\":0,\"publisher\":{\"@id\":\"https:\\\/\\\/www.webdo.tn\\\/fr\\\/#organization\"},\"image\":{\"@id\":\"https:\\\/\\\/www.webdo.tn\\\/fr\\\/actualite\\\/le-courrier-des-lecteurs\\\/free-surtout-nos-mentalites-tous-coupables-que-nous-sommes-shameful-par-lilia-bouguira-2\\\/180015\\\/#primaryimage\"},\"thumbnailUrl\":\"https:\\\/\\\/www.webdo.tn\\\/fr\\\/wp-content\\\/uploads\\\/2013\\\/06\\\/Amina-photo-aufeminin.com_.jpg\",\"articleSection\":[\"Le courrier des lecteurs\"],\"inLanguage\":\"fr-FR\"},{\"@type\":\"WebPage\",\"@id\":\"https:\\\/\\\/www.webdo.tn\\\/fr\\\/actualite\\\/le-courrier-des-lecteurs\\\/free-surtout-nos-mentalites-tous-coupables-que-nous-sommes-shameful-par-lilia-bouguira-2\\\/180015\\\/\",\"url\":\"https:\\\/\\\/www.webdo.tn\\\/fr\\\/actualite\\\/le-courrier-des-lecteurs\\\/free-surtout-nos-mentalites-tous-coupables-que-nous-sommes-shameful-par-lilia-bouguira-2\\\/180015\\\/\",\"name\":\"Free surtout nos mentalit\u00e9s, tous coupables que nous sommes ! Shameful ! \u2013 par Lilia Bouguira\",\"isPartOf\":{\"@id\":\"https:\\\/\\\/www.webdo.tn\\\/fr\\\/#website\"},\"primaryImageOfPage\":{\"@id\":\"https:\\\/\\\/www.webdo.tn\\\/fr\\\/actualite\\\/le-courrier-des-lecteurs\\\/free-surtout-nos-mentalites-tous-coupables-que-nous-sommes-shameful-par-lilia-bouguira-2\\\/180015\\\/#primaryimage\"},\"image\":{\"@id\":\"https:\\\/\\\/www.webdo.tn\\\/fr\\\/actualite\\\/le-courrier-des-lecteurs\\\/free-surtout-nos-mentalites-tous-coupables-que-nous-sommes-shameful-par-lilia-bouguira-2\\\/180015\\\/#primaryimage\"},\"thumbnailUrl\":\"https:\\\/\\\/www.webdo.tn\\\/fr\\\/wp-content\\\/uploads\\\/2013\\\/06\\\/Amina-photo-aufeminin.com_.jpg\",\"datePublished\":\"2013-06-28T09:17:00+00:00\",\"dateModified\":\"2025-06-04T18:42:52+00:00\",\"description\":\"Free surtout nos mentalit\u00e9s, tous coupables que nous sommes ! Shameful ! \u2013 par Lilia Bouguira\",\"breadcrumb\":{\"@id\":\"https:\\\/\\\/www.webdo.tn\\\/fr\\\/actualite\\\/le-courrier-des-lecteurs\\\/free-surtout-nos-mentalites-tous-coupables-que-nous-sommes-shameful-par-lilia-bouguira-2\\\/180015\\\/#breadcrumb\"},\"inLanguage\":\"fr-FR\",\"potentialAction\":[{\"@type\":\"ReadAction\",\"target\":[\"https:\\\/\\\/www.webdo.tn\\\/fr\\\/actualite\\\/le-courrier-des-lecteurs\\\/free-surtout-nos-mentalites-tous-coupables-que-nous-sommes-shameful-par-lilia-bouguira-2\\\/180015\\\/\"]}]},{\"@type\":\"ImageObject\",\"inLanguage\":\"fr-FR\",\"@id\":\"https:\\\/\\\/www.webdo.tn\\\/fr\\\/actualite\\\/le-courrier-des-lecteurs\\\/free-surtout-nos-mentalites-tous-coupables-que-nous-sommes-shameful-par-lilia-bouguira-2\\\/180015\\\/#primaryimage\",\"url\":\"https:\\\/\\\/www.webdo.tn\\\/fr\\\/wp-content\\\/uploads\\\/2013\\\/06\\\/Amina-photo-aufeminin.com_.jpg\",\"contentUrl\":\"https:\\\/\\\/www.webdo.tn\\\/fr\\\/wp-content\\\/uploads\\\/2013\\\/06\\\/Amina-photo-aufeminin.com_.jpg\",\"width\":368,\"height\":534,\"caption\":\"Free surtout nos mentalit\u00e9s, tous coupables que nous sommes ! Shameful ! \u2013 par Lilia Bouguira\"},{\"@type\":\"BreadcrumbList\",\"@id\":\"https:\\\/\\\/www.webdo.tn\\\/fr\\\/actualite\\\/le-courrier-des-lecteurs\\\/free-surtout-nos-mentalites-tous-coupables-que-nous-sommes-shameful-par-lilia-bouguira-2\\\/180015\\\/#breadcrumb\",\"itemListElement\":[{\"@type\":\"ListItem\",\"position\":1,\"name\":\"Accueil\",\"item\":\"https:\\\/\\\/www.webdo.tn\\\/fr\\\/\"},{\"@type\":\"ListItem\",\"position\":2,\"name\":\"Free surtout nos mentalit\u00e9s, tous coupables que nous sommes ! Shameful ! \u2013 par Lilia Bouguira\"}]},{\"@type\":\"WebSite\",\"@id\":\"https:\\\/\\\/www.webdo.tn\\\/fr\\\/#website\",\"url\":\"https:\\\/\\\/www.webdo.tn\\\/fr\\\/\",\"name\":\"webdo\",\"description\":\"Tunisie - News en Tunisie et \u00e0 l&#039;international sur Webdo.tn\",\"publisher\":{\"@id\":\"https:\\\/\\\/www.webdo.tn\\\/fr\\\/#organization\"},\"potentialAction\":[{\"@type\":\"SearchAction\",\"target\":{\"@type\":\"EntryPoint\",\"urlTemplate\":\"https:\\\/\\\/www.webdo.tn\\\/fr\\\/?s={search_term_string}\"},\"query-input\":{\"@type\":\"PropertyValueSpecification\",\"valueRequired\":true,\"valueName\":\"search_term_string\"}}],\"inLanguage\":\"fr-FR\"},{\"@type\":\"Organization\",\"@id\":\"https:\\\/\\\/www.webdo.tn\\\/fr\\\/#organization\",\"name\":\"Webdo\",\"alternateName\":\"Webdo.tn\",\"url\":\"https:\\\/\\\/www.webdo.tn\\\/fr\\\/\",\"logo\":{\"@type\":\"ImageObject\",\"inLanguage\":\"fr-FR\",\"@id\":\"https:\\\/\\\/www.webdo.tn\\\/fr\\\/#\\\/schema\\\/logo\\\/image\\\/\",\"url\":\"https:\\\/\\\/www.webdo.tn\\\/fr\\\/wp-content\\\/uploads\\\/2025\\\/06\\\/Webdo-Tunisie_168377.jpg\",\"contentUrl\":\"https:\\\/\\\/www.webdo.tn\\\/fr\\\/wp-content\\\/uploads\\\/2025\\\/06\\\/Webdo-Tunisie_168377.jpg\",\"width\":301,\"height\":301,\"caption\":\"Webdo\"},\"image\":{\"@id\":\"https:\\\/\\\/www.webdo.tn\\\/fr\\\/#\\\/schema\\\/logo\\\/image\\\/\"},\"sameAs\":[\"https:\\\/\\\/www.facebook.com\\\/webdotn\",\"https:\\\/\\\/x.com\\\/webdo_tn\"],\"description\":\"Webdo est un m\u00e9dia num\u00e9rique tunisien fond\u00e9 en 2010, sp\u00e9cialis\u00e9 dans l\u2019actualit\u00e9 nationale et internationale, l\u2019\u00e9conomie, la soci\u00e9t\u00e9 et les analyses politiques. Le site s\u2019adresse \u00e0 un large public francophone et couvre l\u2019information tunisienne en temps r\u00e9el.\",\"email\":\"redac@webdo.tn\",\"legalName\":\"YNJ SARL\",\"foundingDate\":\"2010-09-06\",\"numberOfEmployees\":{\"@type\":\"QuantitativeValue\",\"minValue\":\"11\",\"maxValue\":\"50\"}},{\"@type\":\"Person\",\"@id\":\"https:\\\/\\\/www.webdo.tn\\\/fr\\\/#\\\/schema\\\/person\\\/9a9c6118d687c117df8ef3cc36a4d175\",\"name\":\"webdo.tn\",\"image\":{\"@type\":\"ImageObject\",\"inLanguage\":\"fr-FR\",\"@id\":\"https:\\\/\\\/secure.gravatar.com\\\/avatar\\\/7ce1f28c0c3bbac99ff550b85ef8e44a6950c6ee24514fb6a5489e51d06f0298?s=96&d=mm&r=g\",\"url\":\"https:\\\/\\\/secure.gravatar.com\\\/avatar\\\/7ce1f28c0c3bbac99ff550b85ef8e44a6950c6ee24514fb6a5489e51d06f0298?s=96&d=mm&r=g\",\"contentUrl\":\"https:\\\/\\\/secure.gravatar.com\\\/avatar\\\/7ce1f28c0c3bbac99ff550b85ef8e44a6950c6ee24514fb6a5489e51d06f0298?s=96&d=mm&r=g\",\"caption\":\"webdo.tn\"},\"url\":\"https:\\\/\\\/www.webdo.tn\\\/fr\\\/actualite\\\/author\\\/webdotn\\\/\"}]}<\/script>\n<!-- \/ Yoast SEO Premium plugin. -->","yoast_head_json":{"title":"Free surtout nos mentalit\u00e9s, tous coupables que nous sommes ! Shameful ! \u2013 par Lilia Bouguira","description":"Free surtout nos mentalit\u00e9s, tous coupables que nous sommes ! Shameful ! \u2013 par Lilia Bouguira","canonical":"https:\/\/www.webdo.tn\/fr\/actualite\/le-courrier-des-lecteurs\/free-surtout-nos-mentalites-tous-coupables-que-nous-sommes-shameful-par-lilia-bouguira-2\/180015\/","og_locale":"fr_FR","og_type":"article","og_title":"Free surtout nos mentalit\u00e9s, tous coupables que nous sommes ! Shameful ! \u2013 par Lilia Bouguira","og_description":"Free surtout nos mentalit\u00e9s, tous coupables que nous sommes ! Shameful ! \u2013 par Lilia Bouguira","og_url":"https:\/\/www.webdo.tn\/fr\/actualite\/le-courrier-des-lecteurs\/free-surtout-nos-mentalites-tous-coupables-que-nous-sommes-shameful-par-lilia-bouguira-2\/180015\/","og_site_name":"webdo","article_publisher":"https:\/\/www.facebook.com\/webdotn","article_published_time":"2013-06-28T09:17:00+00:00","article_modified_time":"2025-06-04T18:42:52+00:00","og_image":[{"width":368,"height":534,"url":"https:\/\/www.webdo.tn\/fr\/wp-content\/uploads\/2013\/06\/Amina-photo-aufeminin.com_.jpg","type":"image\/jpeg"}],"author":"webdo.tn","twitter_card":"summary_large_image","twitter_creator":"@webdo_tn","twitter_site":"@webdo_tn","twitter_misc":{"\u00c9crit par":"webdo.tn","Dur\u00e9e de lecture estim\u00e9e":"3 minutes"},"schema":{"@context":"https:\/\/schema.org","@graph":[{"@type":"NewsArticle","@id":"https:\/\/www.webdo.tn\/fr\/actualite\/le-courrier-des-lecteurs\/free-surtout-nos-mentalites-tous-coupables-que-nous-sommes-shameful-par-lilia-bouguira-2\/180015\/#article","isPartOf":{"@id":"https:\/\/www.webdo.tn\/fr\/actualite\/le-courrier-des-lecteurs\/free-surtout-nos-mentalites-tous-coupables-que-nous-sommes-shameful-par-lilia-bouguira-2\/180015\/"},"author":{"name":"webdo.tn","@id":"https:\/\/www.webdo.tn\/fr\/#\/schema\/person\/9a9c6118d687c117df8ef3cc36a4d175"},"headline":"Free surtout nos mentalit\u00e9s, tous coupables que nous sommes ! Shameful ! \u2013 par Lilia Bouguira","datePublished":"2013-06-28T09:17:00+00:00","dateModified":"2025-06-04T18:42:52+00:00","mainEntityOfPage":{"@id":"https:\/\/www.webdo.tn\/fr\/actualite\/le-courrier-des-lecteurs\/free-surtout-nos-mentalites-tous-coupables-que-nous-sommes-shameful-par-lilia-bouguira-2\/180015\/"},"wordCount":632,"commentCount":0,"publisher":{"@id":"https:\/\/www.webdo.tn\/fr\/#organization"},"image":{"@id":"https:\/\/www.webdo.tn\/fr\/actualite\/le-courrier-des-lecteurs\/free-surtout-nos-mentalites-tous-coupables-que-nous-sommes-shameful-par-lilia-bouguira-2\/180015\/#primaryimage"},"thumbnailUrl":"https:\/\/www.webdo.tn\/fr\/wp-content\/uploads\/2013\/06\/Amina-photo-aufeminin.com_.jpg","articleSection":["Le courrier des lecteurs"],"inLanguage":"fr-FR"},{"@type":"WebPage","@id":"https:\/\/www.webdo.tn\/fr\/actualite\/le-courrier-des-lecteurs\/free-surtout-nos-mentalites-tous-coupables-que-nous-sommes-shameful-par-lilia-bouguira-2\/180015\/","url":"https:\/\/www.webdo.tn\/fr\/actualite\/le-courrier-des-lecteurs\/free-surtout-nos-mentalites-tous-coupables-que-nous-sommes-shameful-par-lilia-bouguira-2\/180015\/","name":"Free surtout nos mentalit\u00e9s, tous coupables que nous sommes ! Shameful ! \u2013 par Lilia Bouguira","isPartOf":{"@id":"https:\/\/www.webdo.tn\/fr\/#website"},"primaryImageOfPage":{"@id":"https:\/\/www.webdo.tn\/fr\/actualite\/le-courrier-des-lecteurs\/free-surtout-nos-mentalites-tous-coupables-que-nous-sommes-shameful-par-lilia-bouguira-2\/180015\/#primaryimage"},"image":{"@id":"https:\/\/www.webdo.tn\/fr\/actualite\/le-courrier-des-lecteurs\/free-surtout-nos-mentalites-tous-coupables-que-nous-sommes-shameful-par-lilia-bouguira-2\/180015\/#primaryimage"},"thumbnailUrl":"https:\/\/www.webdo.tn\/fr\/wp-content\/uploads\/2013\/06\/Amina-photo-aufeminin.com_.jpg","datePublished":"2013-06-28T09:17:00+00:00","dateModified":"2025-06-04T18:42:52+00:00","description":"Free surtout nos mentalit\u00e9s, tous coupables que nous sommes ! Shameful ! \u2013 par Lilia Bouguira","breadcrumb":{"@id":"https:\/\/www.webdo.tn\/fr\/actualite\/le-courrier-des-lecteurs\/free-surtout-nos-mentalites-tous-coupables-que-nous-sommes-shameful-par-lilia-bouguira-2\/180015\/#breadcrumb"},"inLanguage":"fr-FR","potentialAction":[{"@type":"ReadAction","target":["https:\/\/www.webdo.tn\/fr\/actualite\/le-courrier-des-lecteurs\/free-surtout-nos-mentalites-tous-coupables-que-nous-sommes-shameful-par-lilia-bouguira-2\/180015\/"]}]},{"@type":"ImageObject","inLanguage":"fr-FR","@id":"https:\/\/www.webdo.tn\/fr\/actualite\/le-courrier-des-lecteurs\/free-surtout-nos-mentalites-tous-coupables-que-nous-sommes-shameful-par-lilia-bouguira-2\/180015\/#primaryimage","url":"https:\/\/www.webdo.tn\/fr\/wp-content\/uploads\/2013\/06\/Amina-photo-aufeminin.com_.jpg","contentUrl":"https:\/\/www.webdo.tn\/fr\/wp-content\/uploads\/2013\/06\/Amina-photo-aufeminin.com_.jpg","width":368,"height":534,"caption":"Free surtout nos mentalit\u00e9s, tous coupables que nous sommes ! Shameful ! \u2013 par Lilia Bouguira"},{"@type":"BreadcrumbList","@id":"https:\/\/www.webdo.tn\/fr\/actualite\/le-courrier-des-lecteurs\/free-surtout-nos-mentalites-tous-coupables-que-nous-sommes-shameful-par-lilia-bouguira-2\/180015\/#breadcrumb","itemListElement":[{"@type":"ListItem","position":1,"name":"Accueil","item":"https:\/\/www.webdo.tn\/fr\/"},{"@type":"ListItem","position":2,"name":"Free surtout nos mentalit\u00e9s, tous coupables que nous sommes ! Shameful ! \u2013 par Lilia Bouguira"}]},{"@type":"WebSite","@id":"https:\/\/www.webdo.tn\/fr\/#website","url":"https:\/\/www.webdo.tn\/fr\/","name":"webdo","description":"Tunisie - News en Tunisie et \u00e0 l&#039;international sur Webdo.tn","publisher":{"@id":"https:\/\/www.webdo.tn\/fr\/#organization"},"potentialAction":[{"@type":"SearchAction","target":{"@type":"EntryPoint","urlTemplate":"https:\/\/www.webdo.tn\/fr\/?s={search_term_string}"},"query-input":{"@type":"PropertyValueSpecification","valueRequired":true,"valueName":"search_term_string"}}],"inLanguage":"fr-FR"},{"@type":"Organization","@id":"https:\/\/www.webdo.tn\/fr\/#organization","name":"Webdo","alternateName":"Webdo.tn","url":"https:\/\/www.webdo.tn\/fr\/","logo":{"@type":"ImageObject","inLanguage":"fr-FR","@id":"https:\/\/www.webdo.tn\/fr\/#\/schema\/logo\/image\/","url":"https:\/\/www.webdo.tn\/fr\/wp-content\/uploads\/2025\/06\/Webdo-Tunisie_168377.jpg","contentUrl":"https:\/\/www.webdo.tn\/fr\/wp-content\/uploads\/2025\/06\/Webdo-Tunisie_168377.jpg","width":301,"height":301,"caption":"Webdo"},"image":{"@id":"https:\/\/www.webdo.tn\/fr\/#\/schema\/logo\/image\/"},"sameAs":["https:\/\/www.facebook.com\/webdotn","https:\/\/x.com\/webdo_tn"],"description":"Webdo est un m\u00e9dia num\u00e9rique tunisien fond\u00e9 en 2010, sp\u00e9cialis\u00e9 dans l\u2019actualit\u00e9 nationale et internationale, l\u2019\u00e9conomie, la soci\u00e9t\u00e9 et les analyses politiques. Le site s\u2019adresse \u00e0 un large public francophone et couvre l\u2019information tunisienne en temps r\u00e9el.","email":"redac@webdo.tn","legalName":"YNJ SARL","foundingDate":"2010-09-06","numberOfEmployees":{"@type":"QuantitativeValue","minValue":"11","maxValue":"50"}},{"@type":"Person","@id":"https:\/\/www.webdo.tn\/fr\/#\/schema\/person\/9a9c6118d687c117df8ef3cc36a4d175","name":"webdo.tn","image":{"@type":"ImageObject","inLanguage":"fr-FR","@id":"https:\/\/secure.gravatar.com\/avatar\/7ce1f28c0c3bbac99ff550b85ef8e44a6950c6ee24514fb6a5489e51d06f0298?s=96&d=mm&r=g","url":"https:\/\/secure.gravatar.com\/avatar\/7ce1f28c0c3bbac99ff550b85ef8e44a6950c6ee24514fb6a5489e51d06f0298?s=96&d=mm&r=g","contentUrl":"https:\/\/secure.gravatar.com\/avatar\/7ce1f28c0c3bbac99ff550b85ef8e44a6950c6ee24514fb6a5489e51d06f0298?s=96&d=mm&r=g","caption":"webdo.tn"},"url":"https:\/\/www.webdo.tn\/fr\/actualite\/author\/webdotn\/"}]}},"_links":{"self":[{"href":"https:\/\/www.webdo.tn\/fr\/wp-json\/wp\/v2\/posts\/180015","targetHints":{"allow":["GET"]}}],"collection":[{"href":"https:\/\/www.webdo.tn\/fr\/wp-json\/wp\/v2\/posts"}],"about":[{"href":"https:\/\/www.webdo.tn\/fr\/wp-json\/wp\/v2\/types\/post"}],"author":[{"embeddable":true,"href":"https:\/\/www.webdo.tn\/fr\/wp-json\/wp\/v2\/users\/3222"}],"replies":[{"embeddable":true,"href":"https:\/\/www.webdo.tn\/fr\/wp-json\/wp\/v2\/comments?post=180015"}],"version-history":[{"count":0,"href":"https:\/\/www.webdo.tn\/fr\/wp-json\/wp\/v2\/posts\/180015\/revisions"}],"wp:featuredmedia":[{"embeddable":true,"href":"https:\/\/www.webdo.tn\/fr\/wp-json\/wp\/v2\/media\/334459"}],"wp:attachment":[{"href":"https:\/\/www.webdo.tn\/fr\/wp-json\/wp\/v2\/media?parent=180015"}],"wp:term":[{"taxonomy":"category","embeddable":true,"href":"https:\/\/www.webdo.tn\/fr\/wp-json\/wp\/v2\/categories?post=180015"},{"taxonomy":"post_tag","embeddable":true,"href":"https:\/\/www.webdo.tn\/fr\/wp-json\/wp\/v2\/tags?post=180015"}],"curies":[{"name":"wp","href":"https:\/\/api.w.org\/{rel}","templated":true}]}}