{"id":180014,"date":"2013-07-31T19:20:00","date_gmt":"2013-07-31T17:20:00","guid":{"rendered":"https:\/\/www.webdo.tn\/fr\/actualite\/le-courrier-des-lecteurs\/mohamed-ben-salem-un-ministre-qui-fait-vraiment-peur\/180014"},"modified":"2025-06-04T18:41:55","modified_gmt":"2025-06-04T18:41:55","slug":"mohamed-ben-salem-un-ministre-qui-fait-vraiment-peur-2","status":"publish","type":"post","link":"https:\/\/www.webdo.tn\/fr\/actualite\/le-courrier-des-lecteurs\/mohamed-ben-salem-un-ministre-qui-fait-vraiment-peur-2\/180014\/","title":{"rendered":"Mohamed Ben Salem : un ministre qui fait vraiment peur"},"content":{"rendered":"<p>Opinion &#8211; Bien \u00e9videment, il n\u2019est nullement question d\u2019\u00e9voquer la face d\u2019ange de notre ministre de l\u2019agriculture et dont le succ\u00e8s aupr\u00e8s de nos gosses n\u2019est plus \u00e0 prouver \u2026 il n\u2019y a qu\u2019a les regarder accourir fous de joie quand ils voient sa t\u00eate de bisounours leur faire de gentils coucous.<br \/>\nCe dont il est question par contre, c\u2019est son incroyable capacit\u00e9 de passer du registre tr\u00e8s \u00ab gentil d\u00e9mocrate \u00bb quand il est dans la retenue \u00e0 Monsieur la menace lorsque ses nerfs l\u00e2chent \u2026 et en ce moment il faut reconnaitre que la tendance est au \u00ab p\u00e9tage de plomb \u00bb int\u00e9gral.<\/p>\n<p>Il y\u2019a de cela quelques jours, pr\u00e9cis\u00e9ment sur le plateau de Nesma, apr\u00e8s nous avoir expliqu\u00e9 gentiment qu\u2019il entendait s\u2019exprimer, non en tant que dirigeant nahdhaoui, mais en ministre de la r\u00e9publique, qu\u2019il \u00e9tait donc \u00e0 \u00e9gale distance avec tous les Tunisiens nonobstant leur convictions politiques, il commen\u00e7a par perdre pied au fur et \u00e0 mesure que les chroniqueurs de cette chaine TV commen\u00e7aient \u00e0 le pousser dans les cordes. Perdant progressivement son self contr\u00f4le et apr\u00e8s avoir menac\u00e9 dans un premier temps de quitter le plateau, il finit par s\u2019en prendre \u00e0 un des journalistes en l\u2019occurrence Sofiane Ben Farhat qui a su rester sto\u00efque en ne r\u00e9pondant pas \u00e0 la charge de ce dernier.<\/p>\n<p>Deux jours apr\u00e8s cet incident, le ministre, dans une posture tr\u00e8s r\u00e9publicaine et ne pouvant plus refouler l\u2019appel de la foule, descendit au Bardo pour rejoindre les manifestants pro \u2013troika . De cette partie de l\u2019esplanade du Bardo il harangua la foule dans un discours tr\u00e8s peu partisan et dans une tonalit\u00e9 \u00ab peace and love \u00bb que n\u2019aurait pas reni\u00e9e l\u2019auteur de la chanson \u00ab Imagine \u00bb le d\u00e9funt John Lennon.<\/p>\n<p>Monsieur Mohamed ben Salem qui, dans un lapsus c\u00e9l\u00e8bre le lendemain de l\u2019assassinat du martyr Chokri Belaid avait d\u00e9j\u00e0 promis de juger quiconque mettrait en cause ne serait ce que sur le plan moral ou politique la responsabilit\u00e9 de son parti Ennahdha , vient de d\u00e9gainer \u00e0 nouveau. En effet, avec sa formule \u00ab crevez donc avec votre rage \u00bb (moutou bi ghaydhikom) il vient d\u2019apporter la preuve suppl\u00e9mentaire qu\u2019il n\u2019est vraiment pas \u00e0 sa place en tant que ministre de la r\u00e9publique, un responsable de ce rang et dans cette fonction se devant de maitriser ses nerfs et doit surtout se garder d\u2019invectiver ses propres concitoyens \u2026 Mais monsieur Ben Salem n\u2019en a cure il est ministre en d\u00e9pit de nos \u00ab pifs \u00bb \u2026 \u00c0 nous de lui montrer comme le disent si bien nos amis Alg\u00e9riens que du \u00ab nif \u00bb on en poss\u00e8de \u00e0 volont\u00e9 et qu\u2019il ne nous rabaissera pas le caquet. \u00c0 bon entendeur tu ne nous fais point peur.<\/p>\n","protected":false},"excerpt":{"rendered":"<p>Mohamed Ben Salem : un ministre qui fait vraiment peur  <\/p>\n","protected":false},"author":3222,"featured_media":374850,"comment_status":"open","ping_status":"open","sticky":false,"template":"","format":"standard","meta":{"footnotes":""},"categories":[7043],"tags":[],"class_list":["post-180014","post","type-post","status-publish","format-standard","has-post-thumbnail","hentry","category-le-courrier-des-lecteurs"],"yoast_head":"<!-- This site is optimized with the Yoast SEO Premium plugin v27.5 (Yoast SEO v27.5) - https:\/\/yoast.com\/product\/yoast-seo-premium-wordpress\/ -->\n<title>Mohamed Ben Salem : un ministre qui fait vraiment peur<\/title>\n<meta name=\"description\" content=\"Mohamed Ben Salem : un ministre qui fait vraiment peur\" \/>\n<link rel=\"canonical\" href=\"https:\/\/www.webdo.tn\/fr\/actualite\/le-courrier-des-lecteurs\/mohamed-ben-salem-un-ministre-qui-fait-vraiment-peur-2\/180014\/\" \/>\n<meta property=\"og:locale\" content=\"fr_FR\" \/>\n<meta property=\"og:type\" content=\"article\" \/>\n<meta property=\"og:title\" content=\"Mohamed Ben Salem : un ministre qui fait vraiment peur\" \/>\n<meta property=\"og:description\" content=\"Mohamed Ben Salem : un ministre qui fait vraiment peur\" \/>\n<meta property=\"og:url\" content=\"https:\/\/www.webdo.tn\/fr\/actualite\/le-courrier-des-lecteurs\/mohamed-ben-salem-un-ministre-qui-fait-vraiment-peur-2\/180014\/\" \/>\n<meta property=\"og:site_name\" content=\"webdo\" \/>\n<meta property=\"article:publisher\" content=\"https:\/\/www.facebook.com\/webdotn\" \/>\n<meta property=\"article:published_time\" content=\"2013-07-31T17:20:00+00:00\" \/>\n<meta property=\"article:modified_time\" content=\"2025-06-04T18:41:55+00:00\" \/>\n<meta name=\"author\" content=\"webdo.tn\" \/>\n<meta name=\"twitter:card\" content=\"summary_large_image\" \/>\n<meta name=\"twitter:creator\" content=\"@webdo_tn\" \/>\n<meta name=\"twitter:site\" content=\"@webdo_tn\" \/>\n<meta name=\"twitter:label1\" content=\"\u00c9crit par\" \/>\n\t<meta name=\"twitter:data1\" content=\"webdo.tn\" \/>\n\t<meta name=\"twitter:label2\" content=\"Dur\u00e9e de lecture estim\u00e9e\" \/>\n\t<meta name=\"twitter:data2\" content=\"2 minutes\" \/>\n<script type=\"application\/ld+json\" class=\"yoast-schema-graph\">{\"@context\":\"https:\\\/\\\/schema.org\",\"@graph\":[{\"@type\":\"NewsArticle\",\"@id\":\"https:\\\/\\\/www.webdo.tn\\\/fr\\\/actualite\\\/le-courrier-des-lecteurs\\\/mohamed-ben-salem-un-ministre-qui-fait-vraiment-peur-2\\\/180014\\\/#article\",\"isPartOf\":{\"@id\":\"https:\\\/\\\/www.webdo.tn\\\/fr\\\/actualite\\\/le-courrier-des-lecteurs\\\/mohamed-ben-salem-un-ministre-qui-fait-vraiment-peur-2\\\/180014\\\/\"},\"author\":{\"name\":\"webdo.tn\",\"@id\":\"https:\\\/\\\/www.webdo.tn\\\/fr\\\/#\\\/schema\\\/person\\\/9a9c6118d687c117df8ef3cc36a4d175\"},\"headline\":\"Mohamed Ben Salem : un ministre qui fait vraiment peur\",\"datePublished\":\"2013-07-31T17:20:00+00:00\",\"dateModified\":\"2025-06-04T18:41:55+00:00\",\"mainEntityOfPage\":{\"@id\":\"https:\\\/\\\/www.webdo.tn\\\/fr\\\/actualite\\\/le-courrier-des-lecteurs\\\/mohamed-ben-salem-un-ministre-qui-fait-vraiment-peur-2\\\/180014\\\/\"},\"wordCount\":494,\"commentCount\":0,\"publisher\":{\"@id\":\"https:\\\/\\\/www.webdo.tn\\\/fr\\\/#organization\"},\"image\":{\"@id\":\"https:\\\/\\\/www.webdo.tn\\\/fr\\\/actualite\\\/le-courrier-des-lecteurs\\\/mohamed-ben-salem-un-ministre-qui-fait-vraiment-peur-2\\\/180014\\\/#primaryimage\"},\"thumbnailUrl\":\"https:\\\/\\\/www.webdo.tn\\\/fr\\\/wp-content\\\/uploads\\\/2025\\\/06\\\/Mohamed-Ben-Salem_180014.jpg\",\"articleSection\":[\"Le courrier des lecteurs\"],\"inLanguage\":\"fr-FR\"},{\"@type\":\"WebPage\",\"@id\":\"https:\\\/\\\/www.webdo.tn\\\/fr\\\/actualite\\\/le-courrier-des-lecteurs\\\/mohamed-ben-salem-un-ministre-qui-fait-vraiment-peur-2\\\/180014\\\/\",\"url\":\"https:\\\/\\\/www.webdo.tn\\\/fr\\\/actualite\\\/le-courrier-des-lecteurs\\\/mohamed-ben-salem-un-ministre-qui-fait-vraiment-peur-2\\\/180014\\\/\",\"name\":\"Mohamed Ben Salem : un ministre qui fait vraiment peur\",\"isPartOf\":{\"@id\":\"https:\\\/\\\/www.webdo.tn\\\/fr\\\/#website\"},\"primaryImageOfPage\":{\"@id\":\"https:\\\/\\\/www.webdo.tn\\\/fr\\\/actualite\\\/le-courrier-des-lecteurs\\\/mohamed-ben-salem-un-ministre-qui-fait-vraiment-peur-2\\\/180014\\\/#primaryimage\"},\"image\":{\"@id\":\"https:\\\/\\\/www.webdo.tn\\\/fr\\\/actualite\\\/le-courrier-des-lecteurs\\\/mohamed-ben-salem-un-ministre-qui-fait-vraiment-peur-2\\\/180014\\\/#primaryimage\"},\"thumbnailUrl\":\"https:\\\/\\\/www.webdo.tn\\\/fr\\\/wp-content\\\/uploads\\\/2025\\\/06\\\/Mohamed-Ben-Salem_180014.jpg\",\"datePublished\":\"2013-07-31T17:20:00+00:00\",\"dateModified\":\"2025-06-04T18:41:55+00:00\",\"description\":\"Mohamed Ben Salem : un ministre qui fait vraiment peur\",\"breadcrumb\":{\"@id\":\"https:\\\/\\\/www.webdo.tn\\\/fr\\\/actualite\\\/le-courrier-des-lecteurs\\\/mohamed-ben-salem-un-ministre-qui-fait-vraiment-peur-2\\\/180014\\\/#breadcrumb\"},\"inLanguage\":\"fr-FR\",\"potentialAction\":[{\"@type\":\"ReadAction\",\"target\":[\"https:\\\/\\\/www.webdo.tn\\\/fr\\\/actualite\\\/le-courrier-des-lecteurs\\\/mohamed-ben-salem-un-ministre-qui-fait-vraiment-peur-2\\\/180014\\\/\"]}]},{\"@type\":\"ImageObject\",\"inLanguage\":\"fr-FR\",\"@id\":\"https:\\\/\\\/www.webdo.tn\\\/fr\\\/actualite\\\/le-courrier-des-lecteurs\\\/mohamed-ben-salem-un-ministre-qui-fait-vraiment-peur-2\\\/180014\\\/#primaryimage\",\"url\":\"https:\\\/\\\/www.webdo.tn\\\/fr\\\/wp-content\\\/uploads\\\/2025\\\/06\\\/Mohamed-Ben-Salem_180014.jpg\",\"contentUrl\":\"https:\\\/\\\/www.webdo.tn\\\/fr\\\/wp-content\\\/uploads\\\/2025\\\/06\\\/Mohamed-Ben-Salem_180014.jpg\",\"width\":300,\"height\":215,\"caption\":\"Mohamed Ben Salem : un ministre qui fait vraiment peur\"},{\"@type\":\"BreadcrumbList\",\"@id\":\"https:\\\/\\\/www.webdo.tn\\\/fr\\\/actualite\\\/le-courrier-des-lecteurs\\\/mohamed-ben-salem-un-ministre-qui-fait-vraiment-peur-2\\\/180014\\\/#breadcrumb\",\"itemListElement\":[{\"@type\":\"ListItem\",\"position\":1,\"name\":\"Accueil\",\"item\":\"https:\\\/\\\/www.webdo.tn\\\/fr\\\/\"},{\"@type\":\"ListItem\",\"position\":2,\"name\":\"Mohamed Ben Salem : un ministre qui fait vraiment peur\"}]},{\"@type\":\"WebSite\",\"@id\":\"https:\\\/\\\/www.webdo.tn\\\/fr\\\/#website\",\"url\":\"https:\\\/\\\/www.webdo.tn\\\/fr\\\/\",\"name\":\"webdo\",\"description\":\"Tunisie - News en Tunisie et \u00e0 l&#039;international sur Webdo.tn\",\"publisher\":{\"@id\":\"https:\\\/\\\/www.webdo.tn\\\/fr\\\/#organization\"},\"potentialAction\":[{\"@type\":\"SearchAction\",\"target\":{\"@type\":\"EntryPoint\",\"urlTemplate\":\"https:\\\/\\\/www.webdo.tn\\\/fr\\\/?s={search_term_string}\"},\"query-input\":{\"@type\":\"PropertyValueSpecification\",\"valueRequired\":true,\"valueName\":\"search_term_string\"}}],\"inLanguage\":\"fr-FR\"},{\"@type\":\"Organization\",\"@id\":\"https:\\\/\\\/www.webdo.tn\\\/fr\\\/#organization\",\"name\":\"Webdo\",\"alternateName\":\"Webdo.tn\",\"url\":\"https:\\\/\\\/www.webdo.tn\\\/fr\\\/\",\"logo\":{\"@type\":\"ImageObject\",\"inLanguage\":\"fr-FR\",\"@id\":\"https:\\\/\\\/www.webdo.tn\\\/fr\\\/#\\\/schema\\\/logo\\\/image\\\/\",\"url\":\"https:\\\/\\\/www.webdo.tn\\\/fr\\\/wp-content\\\/uploads\\\/2025\\\/06\\\/Webdo-Tunisie_168377.jpg\",\"contentUrl\":\"https:\\\/\\\/www.webdo.tn\\\/fr\\\/wp-content\\\/uploads\\\/2025\\\/06\\\/Webdo-Tunisie_168377.jpg\",\"width\":301,\"height\":301,\"caption\":\"Webdo\"},\"image\":{\"@id\":\"https:\\\/\\\/www.webdo.tn\\\/fr\\\/#\\\/schema\\\/logo\\\/image\\\/\"},\"sameAs\":[\"https:\\\/\\\/www.facebook.com\\\/webdotn\",\"https:\\\/\\\/x.com\\\/webdo_tn\"],\"description\":\"Webdo est un m\u00e9dia num\u00e9rique tunisien fond\u00e9 en 2010, sp\u00e9cialis\u00e9 dans l\u2019actualit\u00e9 nationale et internationale, l\u2019\u00e9conomie, la soci\u00e9t\u00e9 et les analyses politiques. Le site s\u2019adresse \u00e0 un large public francophone et couvre l\u2019information tunisienne en temps r\u00e9el.\",\"email\":\"redac@webdo.tn\",\"legalName\":\"YNJ SARL\",\"foundingDate\":\"2010-09-06\",\"numberOfEmployees\":{\"@type\":\"QuantitativeValue\",\"minValue\":\"11\",\"maxValue\":\"50\"}},{\"@type\":\"Person\",\"@id\":\"https:\\\/\\\/www.webdo.tn\\\/fr\\\/#\\\/schema\\\/person\\\/9a9c6118d687c117df8ef3cc36a4d175\",\"name\":\"webdo.tn\",\"image\":{\"@type\":\"ImageObject\",\"inLanguage\":\"fr-FR\",\"@id\":\"https:\\\/\\\/secure.gravatar.com\\\/avatar\\\/7ce1f28c0c3bbac99ff550b85ef8e44a6950c6ee24514fb6a5489e51d06f0298?s=96&d=mm&r=g\",\"url\":\"https:\\\/\\\/secure.gravatar.com\\\/avatar\\\/7ce1f28c0c3bbac99ff550b85ef8e44a6950c6ee24514fb6a5489e51d06f0298?s=96&d=mm&r=g\",\"contentUrl\":\"https:\\\/\\\/secure.gravatar.com\\\/avatar\\\/7ce1f28c0c3bbac99ff550b85ef8e44a6950c6ee24514fb6a5489e51d06f0298?s=96&d=mm&r=g\",\"caption\":\"webdo.tn\"},\"url\":\"https:\\\/\\\/www.webdo.tn\\\/fr\\\/actualite\\\/author\\\/webdotn\\\/\"}]}<\/script>\n<!-- \/ Yoast SEO Premium plugin. -->","yoast_head_json":{"title":"Mohamed Ben Salem : un ministre qui fait vraiment peur","description":"Mohamed Ben Salem : un ministre qui fait vraiment peur","canonical":"https:\/\/www.webdo.tn\/fr\/actualite\/le-courrier-des-lecteurs\/mohamed-ben-salem-un-ministre-qui-fait-vraiment-peur-2\/180014\/","og_locale":"fr_FR","og_type":"article","og_title":"Mohamed Ben Salem : un ministre qui fait vraiment peur","og_description":"Mohamed Ben Salem : un ministre qui fait vraiment peur","og_url":"https:\/\/www.webdo.tn\/fr\/actualite\/le-courrier-des-lecteurs\/mohamed-ben-salem-un-ministre-qui-fait-vraiment-peur-2\/180014\/","og_site_name":"webdo","article_publisher":"https:\/\/www.facebook.com\/webdotn","article_published_time":"2013-07-31T17:20:00+00:00","article_modified_time":"2025-06-04T18:41:55+00:00","author":"webdo.tn","twitter_card":"summary_large_image","twitter_creator":"@webdo_tn","twitter_site":"@webdo_tn","twitter_misc":{"\u00c9crit par":"webdo.tn","Dur\u00e9e de lecture estim\u00e9e":"2 minutes"},"schema":{"@context":"https:\/\/schema.org","@graph":[{"@type":"NewsArticle","@id":"https:\/\/www.webdo.tn\/fr\/actualite\/le-courrier-des-lecteurs\/mohamed-ben-salem-un-ministre-qui-fait-vraiment-peur-2\/180014\/#article","isPartOf":{"@id":"https:\/\/www.webdo.tn\/fr\/actualite\/le-courrier-des-lecteurs\/mohamed-ben-salem-un-ministre-qui-fait-vraiment-peur-2\/180014\/"},"author":{"name":"webdo.tn","@id":"https:\/\/www.webdo.tn\/fr\/#\/schema\/person\/9a9c6118d687c117df8ef3cc36a4d175"},"headline":"Mohamed Ben Salem : un ministre qui fait vraiment peur","datePublished":"2013-07-31T17:20:00+00:00","dateModified":"2025-06-04T18:41:55+00:00","mainEntityOfPage":{"@id":"https:\/\/www.webdo.tn\/fr\/actualite\/le-courrier-des-lecteurs\/mohamed-ben-salem-un-ministre-qui-fait-vraiment-peur-2\/180014\/"},"wordCount":494,"commentCount":0,"publisher":{"@id":"https:\/\/www.webdo.tn\/fr\/#organization"},"image":{"@id":"https:\/\/www.webdo.tn\/fr\/actualite\/le-courrier-des-lecteurs\/mohamed-ben-salem-un-ministre-qui-fait-vraiment-peur-2\/180014\/#primaryimage"},"thumbnailUrl":"https:\/\/www.webdo.tn\/fr\/wp-content\/uploads\/2025\/06\/Mohamed-Ben-Salem_180014.jpg","articleSection":["Le courrier des lecteurs"],"inLanguage":"fr-FR"},{"@type":"WebPage","@id":"https:\/\/www.webdo.tn\/fr\/actualite\/le-courrier-des-lecteurs\/mohamed-ben-salem-un-ministre-qui-fait-vraiment-peur-2\/180014\/","url":"https:\/\/www.webdo.tn\/fr\/actualite\/le-courrier-des-lecteurs\/mohamed-ben-salem-un-ministre-qui-fait-vraiment-peur-2\/180014\/","name":"Mohamed Ben Salem : un ministre qui fait vraiment peur","isPartOf":{"@id":"https:\/\/www.webdo.tn\/fr\/#website"},"primaryImageOfPage":{"@id":"https:\/\/www.webdo.tn\/fr\/actualite\/le-courrier-des-lecteurs\/mohamed-ben-salem-un-ministre-qui-fait-vraiment-peur-2\/180014\/#primaryimage"},"image":{"@id":"https:\/\/www.webdo.tn\/fr\/actualite\/le-courrier-des-lecteurs\/mohamed-ben-salem-un-ministre-qui-fait-vraiment-peur-2\/180014\/#primaryimage"},"thumbnailUrl":"https:\/\/www.webdo.tn\/fr\/wp-content\/uploads\/2025\/06\/Mohamed-Ben-Salem_180014.jpg","datePublished":"2013-07-31T17:20:00+00:00","dateModified":"2025-06-04T18:41:55+00:00","description":"Mohamed Ben Salem : un ministre qui fait vraiment peur","breadcrumb":{"@id":"https:\/\/www.webdo.tn\/fr\/actualite\/le-courrier-des-lecteurs\/mohamed-ben-salem-un-ministre-qui-fait-vraiment-peur-2\/180014\/#breadcrumb"},"inLanguage":"fr-FR","potentialAction":[{"@type":"ReadAction","target":["https:\/\/www.webdo.tn\/fr\/actualite\/le-courrier-des-lecteurs\/mohamed-ben-salem-un-ministre-qui-fait-vraiment-peur-2\/180014\/"]}]},{"@type":"ImageObject","inLanguage":"fr-FR","@id":"https:\/\/www.webdo.tn\/fr\/actualite\/le-courrier-des-lecteurs\/mohamed-ben-salem-un-ministre-qui-fait-vraiment-peur-2\/180014\/#primaryimage","url":"https:\/\/www.webdo.tn\/fr\/wp-content\/uploads\/2025\/06\/Mohamed-Ben-Salem_180014.jpg","contentUrl":"https:\/\/www.webdo.tn\/fr\/wp-content\/uploads\/2025\/06\/Mohamed-Ben-Salem_180014.jpg","width":300,"height":215,"caption":"Mohamed Ben Salem : un ministre qui fait vraiment peur"},{"@type":"BreadcrumbList","@id":"https:\/\/www.webdo.tn\/fr\/actualite\/le-courrier-des-lecteurs\/mohamed-ben-salem-un-ministre-qui-fait-vraiment-peur-2\/180014\/#breadcrumb","itemListElement":[{"@type":"ListItem","position":1,"name":"Accueil","item":"https:\/\/www.webdo.tn\/fr\/"},{"@type":"ListItem","position":2,"name":"Mohamed Ben Salem : un ministre qui fait vraiment peur"}]},{"@type":"WebSite","@id":"https:\/\/www.webdo.tn\/fr\/#website","url":"https:\/\/www.webdo.tn\/fr\/","name":"webdo","description":"Tunisie - News en Tunisie et \u00e0 l&#039;international sur Webdo.tn","publisher":{"@id":"https:\/\/www.webdo.tn\/fr\/#organization"},"potentialAction":[{"@type":"SearchAction","target":{"@type":"EntryPoint","urlTemplate":"https:\/\/www.webdo.tn\/fr\/?s={search_term_string}"},"query-input":{"@type":"PropertyValueSpecification","valueRequired":true,"valueName":"search_term_string"}}],"inLanguage":"fr-FR"},{"@type":"Organization","@id":"https:\/\/www.webdo.tn\/fr\/#organization","name":"Webdo","alternateName":"Webdo.tn","url":"https:\/\/www.webdo.tn\/fr\/","logo":{"@type":"ImageObject","inLanguage":"fr-FR","@id":"https:\/\/www.webdo.tn\/fr\/#\/schema\/logo\/image\/","url":"https:\/\/www.webdo.tn\/fr\/wp-content\/uploads\/2025\/06\/Webdo-Tunisie_168377.jpg","contentUrl":"https:\/\/www.webdo.tn\/fr\/wp-content\/uploads\/2025\/06\/Webdo-Tunisie_168377.jpg","width":301,"height":301,"caption":"Webdo"},"image":{"@id":"https:\/\/www.webdo.tn\/fr\/#\/schema\/logo\/image\/"},"sameAs":["https:\/\/www.facebook.com\/webdotn","https:\/\/x.com\/webdo_tn"],"description":"Webdo est un m\u00e9dia num\u00e9rique tunisien fond\u00e9 en 2010, sp\u00e9cialis\u00e9 dans l\u2019actualit\u00e9 nationale et internationale, l\u2019\u00e9conomie, la soci\u00e9t\u00e9 et les analyses politiques. Le site s\u2019adresse \u00e0 un large public francophone et couvre l\u2019information tunisienne en temps r\u00e9el.","email":"redac@webdo.tn","legalName":"YNJ SARL","foundingDate":"2010-09-06","numberOfEmployees":{"@type":"QuantitativeValue","minValue":"11","maxValue":"50"}},{"@type":"Person","@id":"https:\/\/www.webdo.tn\/fr\/#\/schema\/person\/9a9c6118d687c117df8ef3cc36a4d175","name":"webdo.tn","image":{"@type":"ImageObject","inLanguage":"fr-FR","@id":"https:\/\/secure.gravatar.com\/avatar\/7ce1f28c0c3bbac99ff550b85ef8e44a6950c6ee24514fb6a5489e51d06f0298?s=96&d=mm&r=g","url":"https:\/\/secure.gravatar.com\/avatar\/7ce1f28c0c3bbac99ff550b85ef8e44a6950c6ee24514fb6a5489e51d06f0298?s=96&d=mm&r=g","contentUrl":"https:\/\/secure.gravatar.com\/avatar\/7ce1f28c0c3bbac99ff550b85ef8e44a6950c6ee24514fb6a5489e51d06f0298?s=96&d=mm&r=g","caption":"webdo.tn"},"url":"https:\/\/www.webdo.tn\/fr\/actualite\/author\/webdotn\/"}]}},"_links":{"self":[{"href":"https:\/\/www.webdo.tn\/fr\/wp-json\/wp\/v2\/posts\/180014","targetHints":{"allow":["GET"]}}],"collection":[{"href":"https:\/\/www.webdo.tn\/fr\/wp-json\/wp\/v2\/posts"}],"about":[{"href":"https:\/\/www.webdo.tn\/fr\/wp-json\/wp\/v2\/types\/post"}],"author":[{"embeddable":true,"href":"https:\/\/www.webdo.tn\/fr\/wp-json\/wp\/v2\/users\/3222"}],"replies":[{"embeddable":true,"href":"https:\/\/www.webdo.tn\/fr\/wp-json\/wp\/v2\/comments?post=180014"}],"version-history":[{"count":0,"href":"https:\/\/www.webdo.tn\/fr\/wp-json\/wp\/v2\/posts\/180014\/revisions"}],"wp:featuredmedia":[{"embeddable":true,"href":"https:\/\/www.webdo.tn\/fr\/wp-json\/wp\/v2\/media\/374850"}],"wp:attachment":[{"href":"https:\/\/www.webdo.tn\/fr\/wp-json\/wp\/v2\/media?parent=180014"}],"wp:term":[{"taxonomy":"category","embeddable":true,"href":"https:\/\/www.webdo.tn\/fr\/wp-json\/wp\/v2\/categories?post=180014"},{"taxonomy":"post_tag","embeddable":true,"href":"https:\/\/www.webdo.tn\/fr\/wp-json\/wp\/v2\/tags?post=180014"}],"curies":[{"name":"wp","href":"https:\/\/api.w.org\/{rel}","templated":true}]}}