{"id":180013,"date":"2013-10-07T10:43:00","date_gmt":"2013-10-07T10:43:00","guid":{"rendered":"https:\/\/www.webdo.tn\/fr\/blog\/free-klay-des-corps-immobiles-silencieux-parfois-souriants-sarcastiques-voire-cyniques\/180013\/"},"modified":"2025-06-04T18:39:40","modified_gmt":"2025-06-04T18:39:40","slug":"free-klay-des-corps-immobiles-silencieux-parfois-souriants-sarcastiques-voire-cyniques","status":"publish","type":"post","link":"https:\/\/www.webdo.tn\/fr\/actualite\/le-courrier-des-lecteurs\/free-klay-des-corps-immobiles-silencieux-parfois-souriants-sarcastiques-voire-cyniques\/180013\/","title":{"rendered":"\u00abFree Klay !\u00bb &#8211; Des corps immobiles, silencieux, parfois souriants, sarcastiques voire cyniques&#8230;"},"content":{"rendered":"<p>C\u2019est suite \u00e0 un appel lanc\u00e9 sur Facebook par un certain \u00abZied\u00bb, un jeune du quartier dont est originaire \u00abKlay BBJ\u00bb, Bab Jedid, que le message se formule et se fait clair : Rassemblement, samedi (dernier) \u00e0 16 heure, devant le th\u00e9\u00e2tre municipal, pour d\u00e9noncer l\u2019injustice que subit le rappeur, mis derri\u00e8re les barreaux.<\/p>\n<p>Le verdict de la 1\u00e8re instance de Hammamet ne s\u2019est pas fait attendre, 6 mois de prison ferme avec effet imm\u00e9diat pour propos injurieux et diffamatoires \u00e0 l\u2019\u00e9gard des forces de s\u00e9curit\u00e9.<br \/>\nAu del\u00e0 de l\u2019esprit communautaire qu\u2019inspire cet appel au rassemblement, l\u2019id\u00e9e que ce soit initi\u00e9 par les \u00abgars du quartier\u00bb, \u00abouled el houma\u00bb, le message circule sur les r\u00e9seaux sociaux : rendez vous pour crier \u00abFree Klay !\u00bb<\/p>\n<p>16H00<br \/>\n\u00abMoi je dis y en a marre ! Non \u00e0 l\u2019application des lois au nom de la morale, des bonnes m\u0153urs ! Non aux lois liberticides. On ne se taira pas, et de tels proc\u00e8s ne font que de nous rendre plus d\u00e9termin\u00e9s \u00e0 combattre ces lois arbitraires. On ne se taira pas et notre voix ne sera pas \u00e9touff\u00e9e, elle se fera entendre, de plus en plus forte, de plus en plus d\u00e9nonciatrice. On est d\u00e9nonciateurs. On est jeunes. On est chiants !\u00bb (Thameur Mekki, journaliste ind\u00e9pendant et membre du comit\u00e9 de soutien).<\/p>\n<p>16H15<br \/>\nFinalement, peu de personnes sont sur place. Quelques dizaines entre \u00abouled Bab Jedid\u00bb, amis du rappeur, artistes, activistes pour la libert\u00e9 d\u2019expression et les droits de l\u2019Homme.<br \/>\n\u00abC\u2019est pas si mal au final, \u00e7a m\u2019a permis de revoir des amis perdus de vue \u00e0 cause de mon train de vie et mes engagements professionnels\u00bb, me lance am\u00e8rement un des pr\u00e9sents.<br \/>\n\u00abCeci est s\u00fbrement d\u00fb au manque de coop\u00e9ration entre les lanceurs de l\u2019appel et ceux \u00abhabitu\u00e9s\u00bb \u00e0 ce genre de rassemblement\u00bb, dit un autre.<\/p>\n<p>Tout en apparence \u00e7a nous rappelait les sorties de concerts underground. Une jeunesse au look \u00e9trange et diff\u00e9rent des passants de l\u2019avenue Habib Bourguiba ; des dreadlocks, des visages perc\u00e9s, des corps tatou\u00e9s, des T-shirts qui portent des messages d\u2019engagement, de rage, parfois de haine.<br \/>\nChose que ne manque pas de remarquer un \u00e9boueur qui passait devant le th\u00e9\u00e2tre. S\u2019acharnant dans son travail et murmurant sans cacher sa rage \u00abHr\u00e9dess mta3 wedhni ! Dieu leur pardonne !\u00bb<\/p>\n<p>17H00<br \/>\nUne vieille femme s\u2019approche lentement d\u2019un jeune pour s\u2019informer : \u00abPourquoi vous \u00eates l\u00e0 ?\u00bb<br \/>\nIl lui explique bri\u00e8vement : \u00abun chanteur est en prison pour avoir chant\u00e9 !\u00bb<br \/>\n\u00abNe vous d\u00e9couragez pas mes enfants. On a faim, c\u2019est vrai, la situation du pays est mis\u00e8re. Qu\u2019on puisse au moins le dire. Ne vous taisez surtout pas, c\u2019est ce qu\u2019ils veulent !\u00bb<br \/>\nNe jamais se taire, ne jamais baisser les bras, mais au final, aucun slogan, aucune pancarte. Des corps immobiles, mais l\u00e0, silencieux, parfois souriants, sarcastiques voire cyniques.<\/p>\n<p>17H15<br \/>\nLa pluie vient empirer les choses suffisamment g\u00e2t\u00e9es, mais les corps restent immobiles dans l\u2019espoir peut-\u00eatre d\u2019un \u00e9v\u00e8nement d\u00e9clencheur. Mais rien. Absolument rien.<br \/>\nRien, \u00e0 part l\u2019apparition de deux agents de police en uniforme et trois en civile. \u00abCirculez, y\u2019a rien \u00e0 voir\u00bb. \u00abAfraq el hadhba\u00bb (que la foule se disperse !)<br \/>\n\u00abLa foule\u2026 je n\u2019en ai entendu parler que dans la chanson d\u2019Edith Piaf\u00bb, dit am\u00e8rement une jeune fille avant de disparaitre.<br \/>\n\u00abSi vous avez des choses \u00e0 vous dire, dit l\u2019agent avec un sourire moqueur, allez dans un caf\u00e9 et servez l\u2019\u00e9conomie nationale en d\u00e9pensant un peu d\u2019argent !\u00bb<\/p>\n<p>17H30<br \/>\nPlus personne.<br \/>\n\u00abLes rassemblements sont peut-\u00eatre juste inefficaces, du moins avec cette mani\u00e8re de faire\u00bb.<br \/>\nDe l\u2019autre c\u00f4t\u00e9 de la rue, on parle d\u2019alternative, d\u2019autres plans d\u2019action, d\u2019autres projets. Le comit\u00e9 de soutien de -entre autre, Klay- se d\u00e9finit comme un groupement de jeunes qui ont des id\u00e9es, des propositions. Tout le monde y est le bienvenu, avocats, artistes, experts en communication, toute personne qui a des relations avec les m\u00e9dias, les ONG, toute personne ayant des connaissances utiles \u00e0 toute cause juste. Des projets de courts m\u00e9trages sont en cours, des spots de sensibilisation, des actions dans les r\u00e9gions. \u00abOn fera ce qu\u2019il faudra tant qu\u2019on y croit et tant que c\u2019est efficace\u00bb.<\/p>\n<p>Pour finir, le d\u00e9sint\u00e9r\u00eat ou le boycott des jeunes pour le rassemblement, ne vient pas forc\u00e9ment d\u2019un non engagement, mais plut\u00f4t d\u2019une perte de foi en la fa\u00e7on d\u2019agir. On est en \u00abd\u00e9mocratie\u00bb, souvenez-vous, et se rassembler pour crier des slogans \u00abn\u2019est pas puni par la lois\u00bb. (Rire m\u00e9chant rythm\u00e9 !)<br \/>\nC\u2019est peut-\u00eatre de l\u00e0 que vient le probl\u00e8me. Il faut d\u00e9ranger. Provoquer. En l\u2019absence totale de ce genre d\u2019engagement du dialogue national, de la sc\u00e8ne politique et des m\u00e9dias de masse. Chose qui nous pousse \u00e0 penser \u00abPourquoi ?\u00bb.<br \/>\nHazar ABIDI<\/p>\n","protected":false},"excerpt":{"rendered":"<p>\u00abFree Klay !\u00bb &#8211; Des corps immobiles, silencieux, parfois souriants, sarcastiques voire cyniques&#8230;<\/p>\n","protected":false},"author":3222,"featured_media":332710,"comment_status":"open","ping_status":"closed","sticky":false,"template":"","format":"standard","meta":{"footnotes":""},"categories":[7043],"tags":[],"class_list":["post-180013","post","type-post","status-publish","format-standard","has-post-thumbnail","hentry","category-le-courrier-des-lecteurs"],"yoast_head":"<!-- This site is optimized with the Yoast SEO Premium plugin v27.5 (Yoast SEO v27.5) - https:\/\/yoast.com\/product\/yoast-seo-premium-wordpress\/ -->\n<title>\u00abFree Klay !\u00bb - Des corps immobiles, silencieux, parfois souriants, sarcastiques voire cyniques...<\/title>\n<meta name=\"description\" content=\"\u00abFree Klay !\u00bb - Des corps immobiles, silencieux, parfois souriants, sarcastiques voire cyniques...\" \/>\n<link rel=\"canonical\" href=\"https:\/\/www.webdo.tn\/fr\/actualite\/le-courrier-des-lecteurs\/free-klay-des-corps-immobiles-silencieux-parfois-souriants-sarcastiques-voire-cyniques\/180013\/\" \/>\n<meta property=\"og:locale\" content=\"fr_FR\" \/>\n<meta property=\"og:type\" content=\"article\" \/>\n<meta property=\"og:title\" content=\"\u00abFree Klay !\u00bb - Des corps immobiles, silencieux, parfois souriants, sarcastiques voire cyniques...\" \/>\n<meta property=\"og:description\" content=\"\u00abFree Klay !\u00bb - Des corps immobiles, silencieux, parfois souriants, sarcastiques voire cyniques...\" \/>\n<meta property=\"og:url\" content=\"https:\/\/www.webdo.tn\/fr\/actualite\/le-courrier-des-lecteurs\/free-klay-des-corps-immobiles-silencieux-parfois-souriants-sarcastiques-voire-cyniques\/180013\/\" \/>\n<meta property=\"og:site_name\" content=\"webdo\" \/>\n<meta property=\"article:publisher\" content=\"https:\/\/www.facebook.com\/webdotn\" \/>\n<meta property=\"article:published_time\" content=\"2013-10-07T10:43:00+00:00\" \/>\n<meta property=\"article:modified_time\" content=\"2025-06-04T18:39:40+00:00\" \/>\n<meta property=\"og:image\" content=\"https:\/\/www.webdo.tn\/fr\/wp-content\/uploads\/2013\/10\/Klay-BBJ-Credit-photo-aljazeera.com_.jpg\" \/>\n\t<meta property=\"og:image:width\" content=\"500\" \/>\n\t<meta property=\"og:image:height\" content=\"337\" \/>\n\t<meta property=\"og:image:type\" content=\"image\/jpeg\" \/>\n<meta name=\"author\" content=\"webdo.tn\" \/>\n<meta name=\"twitter:card\" content=\"summary_large_image\" \/>\n<meta name=\"twitter:creator\" content=\"@webdo_tn\" \/>\n<meta name=\"twitter:site\" content=\"@webdo_tn\" \/>\n<meta name=\"twitter:label1\" content=\"\u00c9crit par\" \/>\n\t<meta name=\"twitter:data1\" content=\"webdo.tn\" \/>\n\t<meta name=\"twitter:label2\" content=\"Dur\u00e9e de lecture estim\u00e9e\" \/>\n\t<meta name=\"twitter:data2\" content=\"4 minutes\" \/>\n<script type=\"application\/ld+json\" class=\"yoast-schema-graph\">{\"@context\":\"https:\\\/\\\/schema.org\",\"@graph\":[{\"@type\":\"NewsArticle\",\"@id\":\"https:\\\/\\\/www.webdo.tn\\\/fr\\\/actualite\\\/le-courrier-des-lecteurs\\\/free-klay-des-corps-immobiles-silencieux-parfois-souriants-sarcastiques-voire-cyniques\\\/180013\\\/#article\",\"isPartOf\":{\"@id\":\"https:\\\/\\\/www.webdo.tn\\\/fr\\\/actualite\\\/le-courrier-des-lecteurs\\\/free-klay-des-corps-immobiles-silencieux-parfois-souriants-sarcastiques-voire-cyniques\\\/180013\\\/\"},\"author\":{\"name\":\"webdo.tn\",\"@id\":\"https:\\\/\\\/www.webdo.tn\\\/fr\\\/#\\\/schema\\\/person\\\/9a9c6118d687c117df8ef3cc36a4d175\"},\"headline\":\"\u00abFree Klay !\u00bb &#8211; Des corps immobiles, silencieux, parfois souriants, sarcastiques voire cyniques&#8230;\",\"datePublished\":\"2013-10-07T10:43:00+00:00\",\"dateModified\":\"2025-06-04T18:39:40+00:00\",\"mainEntityOfPage\":{\"@id\":\"https:\\\/\\\/www.webdo.tn\\\/fr\\\/actualite\\\/le-courrier-des-lecteurs\\\/free-klay-des-corps-immobiles-silencieux-parfois-souriants-sarcastiques-voire-cyniques\\\/180013\\\/\"},\"wordCount\":863,\"commentCount\":0,\"publisher\":{\"@id\":\"https:\\\/\\\/www.webdo.tn\\\/fr\\\/#organization\"},\"image\":{\"@id\":\"https:\\\/\\\/www.webdo.tn\\\/fr\\\/actualite\\\/le-courrier-des-lecteurs\\\/free-klay-des-corps-immobiles-silencieux-parfois-souriants-sarcastiques-voire-cyniques\\\/180013\\\/#primaryimage\"},\"thumbnailUrl\":\"https:\\\/\\\/www.webdo.tn\\\/fr\\\/wp-content\\\/uploads\\\/2013\\\/10\\\/Klay-BBJ-Credit-photo-aljazeera.com_.jpg\",\"articleSection\":[\"Le courrier des lecteurs\"],\"inLanguage\":\"fr-FR\"},{\"@type\":\"WebPage\",\"@id\":\"https:\\\/\\\/www.webdo.tn\\\/fr\\\/actualite\\\/le-courrier-des-lecteurs\\\/free-klay-des-corps-immobiles-silencieux-parfois-souriants-sarcastiques-voire-cyniques\\\/180013\\\/\",\"url\":\"https:\\\/\\\/www.webdo.tn\\\/fr\\\/actualite\\\/le-courrier-des-lecteurs\\\/free-klay-des-corps-immobiles-silencieux-parfois-souriants-sarcastiques-voire-cyniques\\\/180013\\\/\",\"name\":\"\u00abFree Klay !\u00bb - Des corps immobiles, silencieux, parfois souriants, sarcastiques voire cyniques...\",\"isPartOf\":{\"@id\":\"https:\\\/\\\/www.webdo.tn\\\/fr\\\/#website\"},\"primaryImageOfPage\":{\"@id\":\"https:\\\/\\\/www.webdo.tn\\\/fr\\\/actualite\\\/le-courrier-des-lecteurs\\\/free-klay-des-corps-immobiles-silencieux-parfois-souriants-sarcastiques-voire-cyniques\\\/180013\\\/#primaryimage\"},\"image\":{\"@id\":\"https:\\\/\\\/www.webdo.tn\\\/fr\\\/actualite\\\/le-courrier-des-lecteurs\\\/free-klay-des-corps-immobiles-silencieux-parfois-souriants-sarcastiques-voire-cyniques\\\/180013\\\/#primaryimage\"},\"thumbnailUrl\":\"https:\\\/\\\/www.webdo.tn\\\/fr\\\/wp-content\\\/uploads\\\/2013\\\/10\\\/Klay-BBJ-Credit-photo-aljazeera.com_.jpg\",\"datePublished\":\"2013-10-07T10:43:00+00:00\",\"dateModified\":\"2025-06-04T18:39:40+00:00\",\"description\":\"\u00abFree Klay !\u00bb - Des corps immobiles, silencieux, parfois souriants, sarcastiques voire cyniques...\",\"breadcrumb\":{\"@id\":\"https:\\\/\\\/www.webdo.tn\\\/fr\\\/actualite\\\/le-courrier-des-lecteurs\\\/free-klay-des-corps-immobiles-silencieux-parfois-souriants-sarcastiques-voire-cyniques\\\/180013\\\/#breadcrumb\"},\"inLanguage\":\"fr-FR\",\"potentialAction\":[{\"@type\":\"ReadAction\",\"target\":[\"https:\\\/\\\/www.webdo.tn\\\/fr\\\/actualite\\\/le-courrier-des-lecteurs\\\/free-klay-des-corps-immobiles-silencieux-parfois-souriants-sarcastiques-voire-cyniques\\\/180013\\\/\"]}]},{\"@type\":\"ImageObject\",\"inLanguage\":\"fr-FR\",\"@id\":\"https:\\\/\\\/www.webdo.tn\\\/fr\\\/actualite\\\/le-courrier-des-lecteurs\\\/free-klay-des-corps-immobiles-silencieux-parfois-souriants-sarcastiques-voire-cyniques\\\/180013\\\/#primaryimage\",\"url\":\"https:\\\/\\\/www.webdo.tn\\\/fr\\\/wp-content\\\/uploads\\\/2013\\\/10\\\/Klay-BBJ-Credit-photo-aljazeera.com_.jpg\",\"contentUrl\":\"https:\\\/\\\/www.webdo.tn\\\/fr\\\/wp-content\\\/uploads\\\/2013\\\/10\\\/Klay-BBJ-Credit-photo-aljazeera.com_.jpg\",\"width\":500,\"height\":337,\"caption\":\"\u00abFree Klay !\u00bb - Des corps immobiles, silencieux, parfois souriants, sarcastiques voire cyniques...\"},{\"@type\":\"BreadcrumbList\",\"@id\":\"https:\\\/\\\/www.webdo.tn\\\/fr\\\/actualite\\\/le-courrier-des-lecteurs\\\/free-klay-des-corps-immobiles-silencieux-parfois-souriants-sarcastiques-voire-cyniques\\\/180013\\\/#breadcrumb\",\"itemListElement\":[{\"@type\":\"ListItem\",\"position\":1,\"name\":\"Accueil\",\"item\":\"https:\\\/\\\/www.webdo.tn\\\/fr\\\/\"},{\"@type\":\"ListItem\",\"position\":2,\"name\":\"\u00abFree Klay !\u00bb &#8211; Des corps immobiles, silencieux, parfois souriants, sarcastiques voire cyniques&#8230;\"}]},{\"@type\":\"WebSite\",\"@id\":\"https:\\\/\\\/www.webdo.tn\\\/fr\\\/#website\",\"url\":\"https:\\\/\\\/www.webdo.tn\\\/fr\\\/\",\"name\":\"webdo\",\"description\":\"Tunisie - News en Tunisie et \u00e0 l&#039;international sur Webdo.tn\",\"publisher\":{\"@id\":\"https:\\\/\\\/www.webdo.tn\\\/fr\\\/#organization\"},\"potentialAction\":[{\"@type\":\"SearchAction\",\"target\":{\"@type\":\"EntryPoint\",\"urlTemplate\":\"https:\\\/\\\/www.webdo.tn\\\/fr\\\/?s={search_term_string}\"},\"query-input\":{\"@type\":\"PropertyValueSpecification\",\"valueRequired\":true,\"valueName\":\"search_term_string\"}}],\"inLanguage\":\"fr-FR\"},{\"@type\":\"Organization\",\"@id\":\"https:\\\/\\\/www.webdo.tn\\\/fr\\\/#organization\",\"name\":\"Webdo\",\"alternateName\":\"Webdo.tn\",\"url\":\"https:\\\/\\\/www.webdo.tn\\\/fr\\\/\",\"logo\":{\"@type\":\"ImageObject\",\"inLanguage\":\"fr-FR\",\"@id\":\"https:\\\/\\\/www.webdo.tn\\\/fr\\\/#\\\/schema\\\/logo\\\/image\\\/\",\"url\":\"https:\\\/\\\/www.webdo.tn\\\/fr\\\/wp-content\\\/uploads\\\/2025\\\/06\\\/Webdo-Tunisie_168377.jpg\",\"contentUrl\":\"https:\\\/\\\/www.webdo.tn\\\/fr\\\/wp-content\\\/uploads\\\/2025\\\/06\\\/Webdo-Tunisie_168377.jpg\",\"width\":301,\"height\":301,\"caption\":\"Webdo\"},\"image\":{\"@id\":\"https:\\\/\\\/www.webdo.tn\\\/fr\\\/#\\\/schema\\\/logo\\\/image\\\/\"},\"sameAs\":[\"https:\\\/\\\/www.facebook.com\\\/webdotn\",\"https:\\\/\\\/x.com\\\/webdo_tn\"],\"description\":\"Webdo est un m\u00e9dia num\u00e9rique tunisien fond\u00e9 en 2010, sp\u00e9cialis\u00e9 dans l\u2019actualit\u00e9 nationale et internationale, l\u2019\u00e9conomie, la soci\u00e9t\u00e9 et les analyses politiques. Le site s\u2019adresse \u00e0 un large public francophone et couvre l\u2019information tunisienne en temps r\u00e9el.\",\"email\":\"redac@webdo.tn\",\"legalName\":\"YNJ SARL\",\"foundingDate\":\"2010-09-06\",\"numberOfEmployees\":{\"@type\":\"QuantitativeValue\",\"minValue\":\"11\",\"maxValue\":\"50\"}},{\"@type\":\"Person\",\"@id\":\"https:\\\/\\\/www.webdo.tn\\\/fr\\\/#\\\/schema\\\/person\\\/9a9c6118d687c117df8ef3cc36a4d175\",\"name\":\"webdo.tn\",\"image\":{\"@type\":\"ImageObject\",\"inLanguage\":\"fr-FR\",\"@id\":\"https:\\\/\\\/secure.gravatar.com\\\/avatar\\\/7ce1f28c0c3bbac99ff550b85ef8e44a6950c6ee24514fb6a5489e51d06f0298?s=96&d=mm&r=g\",\"url\":\"https:\\\/\\\/secure.gravatar.com\\\/avatar\\\/7ce1f28c0c3bbac99ff550b85ef8e44a6950c6ee24514fb6a5489e51d06f0298?s=96&d=mm&r=g\",\"contentUrl\":\"https:\\\/\\\/secure.gravatar.com\\\/avatar\\\/7ce1f28c0c3bbac99ff550b85ef8e44a6950c6ee24514fb6a5489e51d06f0298?s=96&d=mm&r=g\",\"caption\":\"webdo.tn\"},\"url\":\"https:\\\/\\\/www.webdo.tn\\\/fr\\\/actualite\\\/author\\\/webdotn\\\/\"}]}<\/script>\n<!-- \/ Yoast SEO Premium plugin. -->","yoast_head_json":{"title":"\u00abFree Klay !\u00bb - Des corps immobiles, silencieux, parfois souriants, sarcastiques voire cyniques...","description":"\u00abFree Klay !\u00bb - Des corps immobiles, silencieux, parfois souriants, sarcastiques voire cyniques...","canonical":"https:\/\/www.webdo.tn\/fr\/actualite\/le-courrier-des-lecteurs\/free-klay-des-corps-immobiles-silencieux-parfois-souriants-sarcastiques-voire-cyniques\/180013\/","og_locale":"fr_FR","og_type":"article","og_title":"\u00abFree Klay !\u00bb - Des corps immobiles, silencieux, parfois souriants, sarcastiques voire cyniques...","og_description":"\u00abFree Klay !\u00bb - Des corps immobiles, silencieux, parfois souriants, sarcastiques voire cyniques...","og_url":"https:\/\/www.webdo.tn\/fr\/actualite\/le-courrier-des-lecteurs\/free-klay-des-corps-immobiles-silencieux-parfois-souriants-sarcastiques-voire-cyniques\/180013\/","og_site_name":"webdo","article_publisher":"https:\/\/www.facebook.com\/webdotn","article_published_time":"2013-10-07T10:43:00+00:00","article_modified_time":"2025-06-04T18:39:40+00:00","og_image":[{"width":500,"height":337,"url":"https:\/\/www.webdo.tn\/fr\/wp-content\/uploads\/2013\/10\/Klay-BBJ-Credit-photo-aljazeera.com_.jpg","type":"image\/jpeg"}],"author":"webdo.tn","twitter_card":"summary_large_image","twitter_creator":"@webdo_tn","twitter_site":"@webdo_tn","twitter_misc":{"\u00c9crit par":"webdo.tn","Dur\u00e9e de lecture estim\u00e9e":"4 minutes"},"schema":{"@context":"https:\/\/schema.org","@graph":[{"@type":"NewsArticle","@id":"https:\/\/www.webdo.tn\/fr\/actualite\/le-courrier-des-lecteurs\/free-klay-des-corps-immobiles-silencieux-parfois-souriants-sarcastiques-voire-cyniques\/180013\/#article","isPartOf":{"@id":"https:\/\/www.webdo.tn\/fr\/actualite\/le-courrier-des-lecteurs\/free-klay-des-corps-immobiles-silencieux-parfois-souriants-sarcastiques-voire-cyniques\/180013\/"},"author":{"name":"webdo.tn","@id":"https:\/\/www.webdo.tn\/fr\/#\/schema\/person\/9a9c6118d687c117df8ef3cc36a4d175"},"headline":"\u00abFree Klay !\u00bb &#8211; Des corps immobiles, silencieux, parfois souriants, sarcastiques voire cyniques&#8230;","datePublished":"2013-10-07T10:43:00+00:00","dateModified":"2025-06-04T18:39:40+00:00","mainEntityOfPage":{"@id":"https:\/\/www.webdo.tn\/fr\/actualite\/le-courrier-des-lecteurs\/free-klay-des-corps-immobiles-silencieux-parfois-souriants-sarcastiques-voire-cyniques\/180013\/"},"wordCount":863,"commentCount":0,"publisher":{"@id":"https:\/\/www.webdo.tn\/fr\/#organization"},"image":{"@id":"https:\/\/www.webdo.tn\/fr\/actualite\/le-courrier-des-lecteurs\/free-klay-des-corps-immobiles-silencieux-parfois-souriants-sarcastiques-voire-cyniques\/180013\/#primaryimage"},"thumbnailUrl":"https:\/\/www.webdo.tn\/fr\/wp-content\/uploads\/2013\/10\/Klay-BBJ-Credit-photo-aljazeera.com_.jpg","articleSection":["Le courrier des lecteurs"],"inLanguage":"fr-FR"},{"@type":"WebPage","@id":"https:\/\/www.webdo.tn\/fr\/actualite\/le-courrier-des-lecteurs\/free-klay-des-corps-immobiles-silencieux-parfois-souriants-sarcastiques-voire-cyniques\/180013\/","url":"https:\/\/www.webdo.tn\/fr\/actualite\/le-courrier-des-lecteurs\/free-klay-des-corps-immobiles-silencieux-parfois-souriants-sarcastiques-voire-cyniques\/180013\/","name":"\u00abFree Klay !\u00bb - Des corps immobiles, silencieux, parfois souriants, sarcastiques voire cyniques...","isPartOf":{"@id":"https:\/\/www.webdo.tn\/fr\/#website"},"primaryImageOfPage":{"@id":"https:\/\/www.webdo.tn\/fr\/actualite\/le-courrier-des-lecteurs\/free-klay-des-corps-immobiles-silencieux-parfois-souriants-sarcastiques-voire-cyniques\/180013\/#primaryimage"},"image":{"@id":"https:\/\/www.webdo.tn\/fr\/actualite\/le-courrier-des-lecteurs\/free-klay-des-corps-immobiles-silencieux-parfois-souriants-sarcastiques-voire-cyniques\/180013\/#primaryimage"},"thumbnailUrl":"https:\/\/www.webdo.tn\/fr\/wp-content\/uploads\/2013\/10\/Klay-BBJ-Credit-photo-aljazeera.com_.jpg","datePublished":"2013-10-07T10:43:00+00:00","dateModified":"2025-06-04T18:39:40+00:00","description":"\u00abFree Klay !\u00bb - Des corps immobiles, silencieux, parfois souriants, sarcastiques voire cyniques...","breadcrumb":{"@id":"https:\/\/www.webdo.tn\/fr\/actualite\/le-courrier-des-lecteurs\/free-klay-des-corps-immobiles-silencieux-parfois-souriants-sarcastiques-voire-cyniques\/180013\/#breadcrumb"},"inLanguage":"fr-FR","potentialAction":[{"@type":"ReadAction","target":["https:\/\/www.webdo.tn\/fr\/actualite\/le-courrier-des-lecteurs\/free-klay-des-corps-immobiles-silencieux-parfois-souriants-sarcastiques-voire-cyniques\/180013\/"]}]},{"@type":"ImageObject","inLanguage":"fr-FR","@id":"https:\/\/www.webdo.tn\/fr\/actualite\/le-courrier-des-lecteurs\/free-klay-des-corps-immobiles-silencieux-parfois-souriants-sarcastiques-voire-cyniques\/180013\/#primaryimage","url":"https:\/\/www.webdo.tn\/fr\/wp-content\/uploads\/2013\/10\/Klay-BBJ-Credit-photo-aljazeera.com_.jpg","contentUrl":"https:\/\/www.webdo.tn\/fr\/wp-content\/uploads\/2013\/10\/Klay-BBJ-Credit-photo-aljazeera.com_.jpg","width":500,"height":337,"caption":"\u00abFree Klay !\u00bb - Des corps immobiles, silencieux, parfois souriants, sarcastiques voire cyniques..."},{"@type":"BreadcrumbList","@id":"https:\/\/www.webdo.tn\/fr\/actualite\/le-courrier-des-lecteurs\/free-klay-des-corps-immobiles-silencieux-parfois-souriants-sarcastiques-voire-cyniques\/180013\/#breadcrumb","itemListElement":[{"@type":"ListItem","position":1,"name":"Accueil","item":"https:\/\/www.webdo.tn\/fr\/"},{"@type":"ListItem","position":2,"name":"\u00abFree Klay !\u00bb &#8211; Des corps immobiles, silencieux, parfois souriants, sarcastiques voire cyniques&#8230;"}]},{"@type":"WebSite","@id":"https:\/\/www.webdo.tn\/fr\/#website","url":"https:\/\/www.webdo.tn\/fr\/","name":"webdo","description":"Tunisie - News en Tunisie et \u00e0 l&#039;international sur Webdo.tn","publisher":{"@id":"https:\/\/www.webdo.tn\/fr\/#organization"},"potentialAction":[{"@type":"SearchAction","target":{"@type":"EntryPoint","urlTemplate":"https:\/\/www.webdo.tn\/fr\/?s={search_term_string}"},"query-input":{"@type":"PropertyValueSpecification","valueRequired":true,"valueName":"search_term_string"}}],"inLanguage":"fr-FR"},{"@type":"Organization","@id":"https:\/\/www.webdo.tn\/fr\/#organization","name":"Webdo","alternateName":"Webdo.tn","url":"https:\/\/www.webdo.tn\/fr\/","logo":{"@type":"ImageObject","inLanguage":"fr-FR","@id":"https:\/\/www.webdo.tn\/fr\/#\/schema\/logo\/image\/","url":"https:\/\/www.webdo.tn\/fr\/wp-content\/uploads\/2025\/06\/Webdo-Tunisie_168377.jpg","contentUrl":"https:\/\/www.webdo.tn\/fr\/wp-content\/uploads\/2025\/06\/Webdo-Tunisie_168377.jpg","width":301,"height":301,"caption":"Webdo"},"image":{"@id":"https:\/\/www.webdo.tn\/fr\/#\/schema\/logo\/image\/"},"sameAs":["https:\/\/www.facebook.com\/webdotn","https:\/\/x.com\/webdo_tn"],"description":"Webdo est un m\u00e9dia num\u00e9rique tunisien fond\u00e9 en 2010, sp\u00e9cialis\u00e9 dans l\u2019actualit\u00e9 nationale et internationale, l\u2019\u00e9conomie, la soci\u00e9t\u00e9 et les analyses politiques. Le site s\u2019adresse \u00e0 un large public francophone et couvre l\u2019information tunisienne en temps r\u00e9el.","email":"redac@webdo.tn","legalName":"YNJ SARL","foundingDate":"2010-09-06","numberOfEmployees":{"@type":"QuantitativeValue","minValue":"11","maxValue":"50"}},{"@type":"Person","@id":"https:\/\/www.webdo.tn\/fr\/#\/schema\/person\/9a9c6118d687c117df8ef3cc36a4d175","name":"webdo.tn","image":{"@type":"ImageObject","inLanguage":"fr-FR","@id":"https:\/\/secure.gravatar.com\/avatar\/7ce1f28c0c3bbac99ff550b85ef8e44a6950c6ee24514fb6a5489e51d06f0298?s=96&d=mm&r=g","url":"https:\/\/secure.gravatar.com\/avatar\/7ce1f28c0c3bbac99ff550b85ef8e44a6950c6ee24514fb6a5489e51d06f0298?s=96&d=mm&r=g","contentUrl":"https:\/\/secure.gravatar.com\/avatar\/7ce1f28c0c3bbac99ff550b85ef8e44a6950c6ee24514fb6a5489e51d06f0298?s=96&d=mm&r=g","caption":"webdo.tn"},"url":"https:\/\/www.webdo.tn\/fr\/actualite\/author\/webdotn\/"}]}},"_links":{"self":[{"href":"https:\/\/www.webdo.tn\/fr\/wp-json\/wp\/v2\/posts\/180013","targetHints":{"allow":["GET"]}}],"collection":[{"href":"https:\/\/www.webdo.tn\/fr\/wp-json\/wp\/v2\/posts"}],"about":[{"href":"https:\/\/www.webdo.tn\/fr\/wp-json\/wp\/v2\/types\/post"}],"author":[{"embeddable":true,"href":"https:\/\/www.webdo.tn\/fr\/wp-json\/wp\/v2\/users\/3222"}],"replies":[{"embeddable":true,"href":"https:\/\/www.webdo.tn\/fr\/wp-json\/wp\/v2\/comments?post=180013"}],"version-history":[{"count":0,"href":"https:\/\/www.webdo.tn\/fr\/wp-json\/wp\/v2\/posts\/180013\/revisions"}],"wp:featuredmedia":[{"embeddable":true,"href":"https:\/\/www.webdo.tn\/fr\/wp-json\/wp\/v2\/media\/332710"}],"wp:attachment":[{"href":"https:\/\/www.webdo.tn\/fr\/wp-json\/wp\/v2\/media?parent=180013"}],"wp:term":[{"taxonomy":"category","embeddable":true,"href":"https:\/\/www.webdo.tn\/fr\/wp-json\/wp\/v2\/categories?post=180013"},{"taxonomy":"post_tag","embeddable":true,"href":"https:\/\/www.webdo.tn\/fr\/wp-json\/wp\/v2\/tags?post=180013"}],"curies":[{"name":"wp","href":"https:\/\/api.w.org\/{rel}","templated":true}]}}