{"id":180011,"date":"2014-10-20T10:07:00","date_gmt":"2014-10-20T08:07:00","guid":{"rendered":"https:\/\/www.webdo.tn\/fr\/actualite\/le-courrier-des-lecteurs\/tunisie-apres-enquete-exclusive-dm6-bernard-de-la-villardiere-repond-aux-valets-serviles-du-clan-ben-ali\/180011"},"modified":"2014-10-20T10:07:00","modified_gmt":"2014-10-20T08:07:00","slug":"tunisie-apres-enquete-exclusive-dm6-bernard-de-la-villardiere-repond-aux-valets-serviles-du-clan-ben-ali","status":"publish","type":"post","link":"https:\/\/www.webdo.tn\/fr\/actualite\/le-courrier-des-lecteurs\/tunisie-apres-enquete-exclusive-dm6-bernard-de-la-villardiere-repond-aux-valets-serviles-du-clan-ben-ali\/180011\/","title":{"rendered":"Apr\u00e8s \u00ab\u00a0Enqu\u00eate exclusive\u00a0\u00bb d&rsquo;M6, Bernard de la Villardi\u00e8re r\u00e9pond aux \u00ab\u00a0valets serviles\u00a0\u00bb du clan Ben Ali"},"content":{"rendered":"<p>Tribune|\u00a0Bernard de la Villardi\u00e8re\u00a0<\/p>\n<p>Que r\u00e9pondre au flot d&rsquo;injures |1| ? Pas grand chose car tout ce qui est excessif est vain. On peut regretter que les r\u00e9seaux sociaux ne soient pas pourvu de tout \u00e0 l&rsquo;\u00e9gout ! J&rsquo;ai choisi de laisser libre cours aux commentaires jusqu&rsquo;\u00e0 pr\u00e9sent car ils sont en eux-m\u00eames le sympt\u00f4me d&rsquo;une maladie cong\u00e9nitale des pays ayant connu des r\u00e9gimes autoritaires. <\/p>\n<p>Leurs valets serviles &#8211; et notamment certains journalistes &#8211; dont mon \u00ab\u00a0confr\u00e8re\u00a0\u00bb de Tunisie-Secret &#8211; pensent que tous les autres sont comme eux achet\u00e9s ou\u00a0vendus. Leur campagne renvoie aux m\u00e9thodes employ\u00e9s dans les bonnes vieilles dictatures pour disqualifier une information ou une enqu\u00eate qui g\u00eane : on s&rsquo;attaque \u00e0 l&rsquo;\u00e9metteur du message quand on ne peut disqualifier le message lui-m\u00eame. Et que dire de la violence des ces attaques qui n&rsquo;ont que l&rsquo;injure comme argument principal. Quant \u00e0 la fameuse liste noire, les tunisiens savent bien qu&rsquo;elle n&rsquo;a aucune cr\u00e9dibilit\u00e9 !<\/p>\n<p>J&rsquo;attends avec impatience que l&rsquo;on apporte la preuve de ma \u00ab\u00a0collusion\u00a0\u00bbavec le r\u00e9gime de Monsieur Ben Ali. Enfin une mention sp\u00e9ciale \u00e0 Lauren Provost du Huf&rsquo;Post qui a reproduit ses insanit\u00e9s sans prendre la peine de me donner la parole. Dommage que le site d&rsquo;Anne Sinclair ne soit pas plus \u00e0 cheval sur les r\u00e8gles d\u00e9ontologiques de base. <\/p>\n<p>Merci \u00e0 ceux qui m&rsquo;ont envoy\u00e9 des messages de soutien et rendez-vous ce soir pour la rediffusion d&rsquo;EE sur la Tunisie sur M6 !<\/p>\n<p>&#8212;<br \/>\n|1| L&rsquo;Enqu\u00eate \u00ab Le tr\u00e9sor cach\u00e9 du dictateur \u00bb Ben Ali, diffus\u00e9e sur la chaine fran\u00e7aise M6, ce dimanche 12 octobre 2014 \u00e0 quelques jours des \u00e9lections l\u00e9gislatives, a irrit\u00e9 certains Tunisiens et surtout des m\u00e9dias qui se sont attaqu\u00e9 au journaliste\u00a0Bernard de la Villardi\u00e8re.<\/p>\n","protected":false},"excerpt":{"rendered":"<p>Tribune|\u00a0Bernard de la Villardi\u00e8re\u00a0<\/p>\n<p>Que r\u00e9pondre au flot d&rsquo;injures |1| ? Pas grand chose car tout ce qui est excessif est vain. On peut regretter qu<\/p>\n","protected":false},"author":3222,"featured_media":373333,"comment_status":"open","ping_status":"open","sticky":false,"template":"","format":"standard","meta":{"footnotes":""},"categories":[7043],"tags":[],"class_list":["post-180011","post","type-post","status-publish","format-standard","has-post-thumbnail","hentry","category-le-courrier-des-lecteurs"],"yoast_head":"<!-- This site is optimized with the Yoast SEO Premium plugin v27.5 (Yoast SEO v27.5) - https:\/\/yoast.com\/product\/yoast-seo-premium-wordpress\/ -->\n<title>Apr\u00e8s Enqu\u00eate exclusive d&#039;M6, Bernard de la Villardi\u00e8re r\u00e9pond aux valets serviles du clan Ben Ali<\/title>\n<meta name=\"description\" content=\"Apr\u00e8s Enqu\u00eate exclusive d&#039;M6, Bernard de la Villardi\u00e8re r\u00e9pond aux valets serviles du clan Ben Ali\" \/>\n<link rel=\"canonical\" href=\"https:\/\/www.webdo.tn\/fr\/actualite\/le-courrier-des-lecteurs\/tunisie-apres-enquete-exclusive-dm6-bernard-de-la-villardiere-repond-aux-valets-serviles-du-clan-ben-ali\/180011\/\" \/>\n<meta property=\"og:locale\" content=\"fr_FR\" \/>\n<meta property=\"og:type\" content=\"article\" \/>\n<meta property=\"og:title\" content=\"Apr\u00e8s &quot;Enqu\u00eate exclusive&quot; d&#039;M6, Bernard de la Villardi\u00e8re r\u00e9pond aux &quot;valets serviles&quot; du clan Ben Ali\" \/>\n<meta property=\"og:description\" content=\"Apr\u00e8s Enqu\u00eate exclusive d&#039;M6, Bernard de la Villardi\u00e8re r\u00e9pond aux valets serviles du clan Ben Ali\" \/>\n<meta property=\"og:url\" content=\"https:\/\/www.webdo.tn\/fr\/actualite\/le-courrier-des-lecteurs\/tunisie-apres-enquete-exclusive-dm6-bernard-de-la-villardiere-repond-aux-valets-serviles-du-clan-ben-ali\/180011\/\" \/>\n<meta property=\"og:site_name\" content=\"webdo\" \/>\n<meta property=\"article:publisher\" content=\"https:\/\/www.facebook.com\/webdotn\" \/>\n<meta property=\"article:published_time\" content=\"2014-10-20T08:07:00+00:00\" \/>\n<meta property=\"og:image\" content=\"https:\/\/www.webdo.tn\/fr\/wp-content\/uploads\/2025\/06\/Capture-decran-2014-10-20-a-09.44.27_180011.png\" \/>\n\t<meta property=\"og:image:width\" content=\"710\" \/>\n\t<meta property=\"og:image:height\" content=\"284\" \/>\n\t<meta property=\"og:image:type\" content=\"image\/png\" \/>\n<meta name=\"author\" content=\"webdo.tn\" \/>\n<meta name=\"twitter:card\" content=\"summary_large_image\" \/>\n<meta name=\"twitter:creator\" content=\"@webdo_tn\" \/>\n<meta name=\"twitter:site\" content=\"@webdo_tn\" \/>\n<meta name=\"twitter:label1\" content=\"\u00c9crit par\" \/>\n\t<meta name=\"twitter:data1\" content=\"webdo.tn\" \/>\n\t<meta name=\"twitter:label2\" content=\"Dur\u00e9e de lecture estim\u00e9e\" \/>\n\t<meta name=\"twitter:data2\" content=\"2 minutes\" \/>\n<script type=\"application\/ld+json\" class=\"yoast-schema-graph\">{\"@context\":\"https:\\\/\\\/schema.org\",\"@graph\":[{\"@type\":\"NewsArticle\",\"@id\":\"https:\\\/\\\/www.webdo.tn\\\/fr\\\/actualite\\\/le-courrier-des-lecteurs\\\/tunisie-apres-enquete-exclusive-dm6-bernard-de-la-villardiere-repond-aux-valets-serviles-du-clan-ben-ali\\\/180011\\\/#article\",\"isPartOf\":{\"@id\":\"https:\\\/\\\/www.webdo.tn\\\/fr\\\/actualite\\\/le-courrier-des-lecteurs\\\/tunisie-apres-enquete-exclusive-dm6-bernard-de-la-villardiere-repond-aux-valets-serviles-du-clan-ben-ali\\\/180011\\\/\"},\"author\":{\"name\":\"webdo.tn\",\"@id\":\"https:\\\/\\\/www.webdo.tn\\\/fr\\\/#\\\/schema\\\/person\\\/9a9c6118d687c117df8ef3cc36a4d175\"},\"headline\":\"Apr\u00e8s \u00ab\u00a0Enqu\u00eate exclusive\u00a0\u00bb d&rsquo;M6, Bernard de la Villardi\u00e8re r\u00e9pond aux \u00ab\u00a0valets serviles\u00a0\u00bb du clan Ben Ali\",\"datePublished\":\"2014-10-20T08:07:00+00:00\",\"mainEntityOfPage\":{\"@id\":\"https:\\\/\\\/www.webdo.tn\\\/fr\\\/actualite\\\/le-courrier-des-lecteurs\\\/tunisie-apres-enquete-exclusive-dm6-bernard-de-la-villardiere-repond-aux-valets-serviles-du-clan-ben-ali\\\/180011\\\/\"},\"wordCount\":336,\"commentCount\":0,\"publisher\":{\"@id\":\"https:\\\/\\\/www.webdo.tn\\\/fr\\\/#organization\"},\"image\":{\"@id\":\"https:\\\/\\\/www.webdo.tn\\\/fr\\\/actualite\\\/le-courrier-des-lecteurs\\\/tunisie-apres-enquete-exclusive-dm6-bernard-de-la-villardiere-repond-aux-valets-serviles-du-clan-ben-ali\\\/180011\\\/#primaryimage\"},\"thumbnailUrl\":\"https:\\\/\\\/www.webdo.tn\\\/fr\\\/wp-content\\\/uploads\\\/2025\\\/06\\\/Capture-decran-2014-10-20-a-09.44.27_180011.png\",\"articleSection\":[\"Le courrier des lecteurs\"],\"inLanguage\":\"fr-FR\"},{\"@type\":\"WebPage\",\"@id\":\"https:\\\/\\\/www.webdo.tn\\\/fr\\\/actualite\\\/le-courrier-des-lecteurs\\\/tunisie-apres-enquete-exclusive-dm6-bernard-de-la-villardiere-repond-aux-valets-serviles-du-clan-ben-ali\\\/180011\\\/\",\"url\":\"https:\\\/\\\/www.webdo.tn\\\/fr\\\/actualite\\\/le-courrier-des-lecteurs\\\/tunisie-apres-enquete-exclusive-dm6-bernard-de-la-villardiere-repond-aux-valets-serviles-du-clan-ben-ali\\\/180011\\\/\",\"name\":\"Apr\u00e8s Enqu\u00eate exclusive d'M6, Bernard de la Villardi\u00e8re r\u00e9pond aux valets serviles du clan Ben Ali\",\"isPartOf\":{\"@id\":\"https:\\\/\\\/www.webdo.tn\\\/fr\\\/#website\"},\"primaryImageOfPage\":{\"@id\":\"https:\\\/\\\/www.webdo.tn\\\/fr\\\/actualite\\\/le-courrier-des-lecteurs\\\/tunisie-apres-enquete-exclusive-dm6-bernard-de-la-villardiere-repond-aux-valets-serviles-du-clan-ben-ali\\\/180011\\\/#primaryimage\"},\"image\":{\"@id\":\"https:\\\/\\\/www.webdo.tn\\\/fr\\\/actualite\\\/le-courrier-des-lecteurs\\\/tunisie-apres-enquete-exclusive-dm6-bernard-de-la-villardiere-repond-aux-valets-serviles-du-clan-ben-ali\\\/180011\\\/#primaryimage\"},\"thumbnailUrl\":\"https:\\\/\\\/www.webdo.tn\\\/fr\\\/wp-content\\\/uploads\\\/2025\\\/06\\\/Capture-decran-2014-10-20-a-09.44.27_180011.png\",\"datePublished\":\"2014-10-20T08:07:00+00:00\",\"description\":\"Apr\u00e8s Enqu\u00eate exclusive d'M6, Bernard de la Villardi\u00e8re r\u00e9pond aux valets serviles du clan Ben Ali\",\"breadcrumb\":{\"@id\":\"https:\\\/\\\/www.webdo.tn\\\/fr\\\/actualite\\\/le-courrier-des-lecteurs\\\/tunisie-apres-enquete-exclusive-dm6-bernard-de-la-villardiere-repond-aux-valets-serviles-du-clan-ben-ali\\\/180011\\\/#breadcrumb\"},\"inLanguage\":\"fr-FR\",\"potentialAction\":[{\"@type\":\"ReadAction\",\"target\":[\"https:\\\/\\\/www.webdo.tn\\\/fr\\\/actualite\\\/le-courrier-des-lecteurs\\\/tunisie-apres-enquete-exclusive-dm6-bernard-de-la-villardiere-repond-aux-valets-serviles-du-clan-ben-ali\\\/180011\\\/\"]}]},{\"@type\":\"ImageObject\",\"inLanguage\":\"fr-FR\",\"@id\":\"https:\\\/\\\/www.webdo.tn\\\/fr\\\/actualite\\\/le-courrier-des-lecteurs\\\/tunisie-apres-enquete-exclusive-dm6-bernard-de-la-villardiere-repond-aux-valets-serviles-du-clan-ben-ali\\\/180011\\\/#primaryimage\",\"url\":\"https:\\\/\\\/www.webdo.tn\\\/fr\\\/wp-content\\\/uploads\\\/2025\\\/06\\\/Capture-decran-2014-10-20-a-09.44.27_180011.png\",\"contentUrl\":\"https:\\\/\\\/www.webdo.tn\\\/fr\\\/wp-content\\\/uploads\\\/2025\\\/06\\\/Capture-decran-2014-10-20-a-09.44.27_180011.png\",\"width\":710,\"height\":284,\"caption\":\"Apr\u00e8s \\\"Enqu\u00eate exclusive\\\" d'M6, Bernard de la Villardi\u00e8re r\u00e9pond aux \\\"valets serviles\\\" du clan Ben Ali\"},{\"@type\":\"BreadcrumbList\",\"@id\":\"https:\\\/\\\/www.webdo.tn\\\/fr\\\/actualite\\\/le-courrier-des-lecteurs\\\/tunisie-apres-enquete-exclusive-dm6-bernard-de-la-villardiere-repond-aux-valets-serviles-du-clan-ben-ali\\\/180011\\\/#breadcrumb\",\"itemListElement\":[{\"@type\":\"ListItem\",\"position\":1,\"name\":\"Accueil\",\"item\":\"https:\\\/\\\/www.webdo.tn\\\/fr\\\/\"},{\"@type\":\"ListItem\",\"position\":2,\"name\":\"Apr\u00e8s \u00ab\u00a0Enqu\u00eate exclusive\u00a0\u00bb d&rsquo;M6, Bernard de la Villardi\u00e8re r\u00e9pond aux \u00ab\u00a0valets serviles\u00a0\u00bb du clan Ben Ali\"}]},{\"@type\":\"WebSite\",\"@id\":\"https:\\\/\\\/www.webdo.tn\\\/fr\\\/#website\",\"url\":\"https:\\\/\\\/www.webdo.tn\\\/fr\\\/\",\"name\":\"webdo\",\"description\":\"Tunisie - News en Tunisie et \u00e0 l&#039;international sur Webdo.tn\",\"publisher\":{\"@id\":\"https:\\\/\\\/www.webdo.tn\\\/fr\\\/#organization\"},\"potentialAction\":[{\"@type\":\"SearchAction\",\"target\":{\"@type\":\"EntryPoint\",\"urlTemplate\":\"https:\\\/\\\/www.webdo.tn\\\/fr\\\/?s={search_term_string}\"},\"query-input\":{\"@type\":\"PropertyValueSpecification\",\"valueRequired\":true,\"valueName\":\"search_term_string\"}}],\"inLanguage\":\"fr-FR\"},{\"@type\":\"Organization\",\"@id\":\"https:\\\/\\\/www.webdo.tn\\\/fr\\\/#organization\",\"name\":\"Webdo\",\"alternateName\":\"Webdo.tn\",\"url\":\"https:\\\/\\\/www.webdo.tn\\\/fr\\\/\",\"logo\":{\"@type\":\"ImageObject\",\"inLanguage\":\"fr-FR\",\"@id\":\"https:\\\/\\\/www.webdo.tn\\\/fr\\\/#\\\/schema\\\/logo\\\/image\\\/\",\"url\":\"https:\\\/\\\/www.webdo.tn\\\/fr\\\/wp-content\\\/uploads\\\/2025\\\/06\\\/Webdo-Tunisie_168377.jpg\",\"contentUrl\":\"https:\\\/\\\/www.webdo.tn\\\/fr\\\/wp-content\\\/uploads\\\/2025\\\/06\\\/Webdo-Tunisie_168377.jpg\",\"width\":301,\"height\":301,\"caption\":\"Webdo\"},\"image\":{\"@id\":\"https:\\\/\\\/www.webdo.tn\\\/fr\\\/#\\\/schema\\\/logo\\\/image\\\/\"},\"sameAs\":[\"https:\\\/\\\/www.facebook.com\\\/webdotn\",\"https:\\\/\\\/x.com\\\/webdo_tn\"],\"description\":\"Webdo est un m\u00e9dia num\u00e9rique tunisien fond\u00e9 en 2010, sp\u00e9cialis\u00e9 dans l\u2019actualit\u00e9 nationale et internationale, l\u2019\u00e9conomie, la soci\u00e9t\u00e9 et les analyses politiques. Le site s\u2019adresse \u00e0 un large public francophone et couvre l\u2019information tunisienne en temps r\u00e9el.\",\"email\":\"redac@webdo.tn\",\"legalName\":\"YNJ SARL\",\"foundingDate\":\"2010-09-06\",\"numberOfEmployees\":{\"@type\":\"QuantitativeValue\",\"minValue\":\"11\",\"maxValue\":\"50\"}},{\"@type\":\"Person\",\"@id\":\"https:\\\/\\\/www.webdo.tn\\\/fr\\\/#\\\/schema\\\/person\\\/9a9c6118d687c117df8ef3cc36a4d175\",\"name\":\"webdo.tn\",\"image\":{\"@type\":\"ImageObject\",\"inLanguage\":\"fr-FR\",\"@id\":\"https:\\\/\\\/secure.gravatar.com\\\/avatar\\\/7ce1f28c0c3bbac99ff550b85ef8e44a6950c6ee24514fb6a5489e51d06f0298?s=96&d=mm&r=g\",\"url\":\"https:\\\/\\\/secure.gravatar.com\\\/avatar\\\/7ce1f28c0c3bbac99ff550b85ef8e44a6950c6ee24514fb6a5489e51d06f0298?s=96&d=mm&r=g\",\"contentUrl\":\"https:\\\/\\\/secure.gravatar.com\\\/avatar\\\/7ce1f28c0c3bbac99ff550b85ef8e44a6950c6ee24514fb6a5489e51d06f0298?s=96&d=mm&r=g\",\"caption\":\"webdo.tn\"},\"url\":\"https:\\\/\\\/www.webdo.tn\\\/fr\\\/actualite\\\/author\\\/webdotn\\\/\"}]}<\/script>\n<!-- \/ Yoast SEO Premium plugin. -->","yoast_head_json":{"title":"Apr\u00e8s Enqu\u00eate exclusive d'M6, Bernard de la Villardi\u00e8re r\u00e9pond aux valets serviles du clan Ben Ali","description":"Apr\u00e8s Enqu\u00eate exclusive d'M6, Bernard de la Villardi\u00e8re r\u00e9pond aux valets serviles du clan Ben Ali","canonical":"https:\/\/www.webdo.tn\/fr\/actualite\/le-courrier-des-lecteurs\/tunisie-apres-enquete-exclusive-dm6-bernard-de-la-villardiere-repond-aux-valets-serviles-du-clan-ben-ali\/180011\/","og_locale":"fr_FR","og_type":"article","og_title":"Apr\u00e8s \"Enqu\u00eate exclusive\" d'M6, Bernard de la Villardi\u00e8re r\u00e9pond aux \"valets serviles\" du clan Ben Ali","og_description":"Apr\u00e8s Enqu\u00eate exclusive d'M6, Bernard de la Villardi\u00e8re r\u00e9pond aux valets serviles du clan Ben Ali","og_url":"https:\/\/www.webdo.tn\/fr\/actualite\/le-courrier-des-lecteurs\/tunisie-apres-enquete-exclusive-dm6-bernard-de-la-villardiere-repond-aux-valets-serviles-du-clan-ben-ali\/180011\/","og_site_name":"webdo","article_publisher":"https:\/\/www.facebook.com\/webdotn","article_published_time":"2014-10-20T08:07:00+00:00","og_image":[{"width":710,"height":284,"url":"https:\/\/www.webdo.tn\/fr\/wp-content\/uploads\/2025\/06\/Capture-decran-2014-10-20-a-09.44.27_180011.png","type":"image\/png"}],"author":"webdo.tn","twitter_card":"summary_large_image","twitter_creator":"@webdo_tn","twitter_site":"@webdo_tn","twitter_misc":{"\u00c9crit par":"webdo.tn","Dur\u00e9e de lecture estim\u00e9e":"2 minutes"},"schema":{"@context":"https:\/\/schema.org","@graph":[{"@type":"NewsArticle","@id":"https:\/\/www.webdo.tn\/fr\/actualite\/le-courrier-des-lecteurs\/tunisie-apres-enquete-exclusive-dm6-bernard-de-la-villardiere-repond-aux-valets-serviles-du-clan-ben-ali\/180011\/#article","isPartOf":{"@id":"https:\/\/www.webdo.tn\/fr\/actualite\/le-courrier-des-lecteurs\/tunisie-apres-enquete-exclusive-dm6-bernard-de-la-villardiere-repond-aux-valets-serviles-du-clan-ben-ali\/180011\/"},"author":{"name":"webdo.tn","@id":"https:\/\/www.webdo.tn\/fr\/#\/schema\/person\/9a9c6118d687c117df8ef3cc36a4d175"},"headline":"Apr\u00e8s \u00ab\u00a0Enqu\u00eate exclusive\u00a0\u00bb d&rsquo;M6, Bernard de la Villardi\u00e8re r\u00e9pond aux \u00ab\u00a0valets serviles\u00a0\u00bb du clan Ben Ali","datePublished":"2014-10-20T08:07:00+00:00","mainEntityOfPage":{"@id":"https:\/\/www.webdo.tn\/fr\/actualite\/le-courrier-des-lecteurs\/tunisie-apres-enquete-exclusive-dm6-bernard-de-la-villardiere-repond-aux-valets-serviles-du-clan-ben-ali\/180011\/"},"wordCount":336,"commentCount":0,"publisher":{"@id":"https:\/\/www.webdo.tn\/fr\/#organization"},"image":{"@id":"https:\/\/www.webdo.tn\/fr\/actualite\/le-courrier-des-lecteurs\/tunisie-apres-enquete-exclusive-dm6-bernard-de-la-villardiere-repond-aux-valets-serviles-du-clan-ben-ali\/180011\/#primaryimage"},"thumbnailUrl":"https:\/\/www.webdo.tn\/fr\/wp-content\/uploads\/2025\/06\/Capture-decran-2014-10-20-a-09.44.27_180011.png","articleSection":["Le courrier des lecteurs"],"inLanguage":"fr-FR"},{"@type":"WebPage","@id":"https:\/\/www.webdo.tn\/fr\/actualite\/le-courrier-des-lecteurs\/tunisie-apres-enquete-exclusive-dm6-bernard-de-la-villardiere-repond-aux-valets-serviles-du-clan-ben-ali\/180011\/","url":"https:\/\/www.webdo.tn\/fr\/actualite\/le-courrier-des-lecteurs\/tunisie-apres-enquete-exclusive-dm6-bernard-de-la-villardiere-repond-aux-valets-serviles-du-clan-ben-ali\/180011\/","name":"Apr\u00e8s Enqu\u00eate exclusive d'M6, Bernard de la Villardi\u00e8re r\u00e9pond aux valets serviles du clan Ben Ali","isPartOf":{"@id":"https:\/\/www.webdo.tn\/fr\/#website"},"primaryImageOfPage":{"@id":"https:\/\/www.webdo.tn\/fr\/actualite\/le-courrier-des-lecteurs\/tunisie-apres-enquete-exclusive-dm6-bernard-de-la-villardiere-repond-aux-valets-serviles-du-clan-ben-ali\/180011\/#primaryimage"},"image":{"@id":"https:\/\/www.webdo.tn\/fr\/actualite\/le-courrier-des-lecteurs\/tunisie-apres-enquete-exclusive-dm6-bernard-de-la-villardiere-repond-aux-valets-serviles-du-clan-ben-ali\/180011\/#primaryimage"},"thumbnailUrl":"https:\/\/www.webdo.tn\/fr\/wp-content\/uploads\/2025\/06\/Capture-decran-2014-10-20-a-09.44.27_180011.png","datePublished":"2014-10-20T08:07:00+00:00","description":"Apr\u00e8s Enqu\u00eate exclusive d'M6, Bernard de la Villardi\u00e8re r\u00e9pond aux valets serviles du clan Ben Ali","breadcrumb":{"@id":"https:\/\/www.webdo.tn\/fr\/actualite\/le-courrier-des-lecteurs\/tunisie-apres-enquete-exclusive-dm6-bernard-de-la-villardiere-repond-aux-valets-serviles-du-clan-ben-ali\/180011\/#breadcrumb"},"inLanguage":"fr-FR","potentialAction":[{"@type":"ReadAction","target":["https:\/\/www.webdo.tn\/fr\/actualite\/le-courrier-des-lecteurs\/tunisie-apres-enquete-exclusive-dm6-bernard-de-la-villardiere-repond-aux-valets-serviles-du-clan-ben-ali\/180011\/"]}]},{"@type":"ImageObject","inLanguage":"fr-FR","@id":"https:\/\/www.webdo.tn\/fr\/actualite\/le-courrier-des-lecteurs\/tunisie-apres-enquete-exclusive-dm6-bernard-de-la-villardiere-repond-aux-valets-serviles-du-clan-ben-ali\/180011\/#primaryimage","url":"https:\/\/www.webdo.tn\/fr\/wp-content\/uploads\/2025\/06\/Capture-decran-2014-10-20-a-09.44.27_180011.png","contentUrl":"https:\/\/www.webdo.tn\/fr\/wp-content\/uploads\/2025\/06\/Capture-decran-2014-10-20-a-09.44.27_180011.png","width":710,"height":284,"caption":"Apr\u00e8s \"Enqu\u00eate exclusive\" d'M6, Bernard de la Villardi\u00e8re r\u00e9pond aux \"valets serviles\" du clan Ben Ali"},{"@type":"BreadcrumbList","@id":"https:\/\/www.webdo.tn\/fr\/actualite\/le-courrier-des-lecteurs\/tunisie-apres-enquete-exclusive-dm6-bernard-de-la-villardiere-repond-aux-valets-serviles-du-clan-ben-ali\/180011\/#breadcrumb","itemListElement":[{"@type":"ListItem","position":1,"name":"Accueil","item":"https:\/\/www.webdo.tn\/fr\/"},{"@type":"ListItem","position":2,"name":"Apr\u00e8s \u00ab\u00a0Enqu\u00eate exclusive\u00a0\u00bb d&rsquo;M6, Bernard de la Villardi\u00e8re r\u00e9pond aux \u00ab\u00a0valets serviles\u00a0\u00bb du clan Ben Ali"}]},{"@type":"WebSite","@id":"https:\/\/www.webdo.tn\/fr\/#website","url":"https:\/\/www.webdo.tn\/fr\/","name":"webdo","description":"Tunisie - News en Tunisie et \u00e0 l&#039;international sur Webdo.tn","publisher":{"@id":"https:\/\/www.webdo.tn\/fr\/#organization"},"potentialAction":[{"@type":"SearchAction","target":{"@type":"EntryPoint","urlTemplate":"https:\/\/www.webdo.tn\/fr\/?s={search_term_string}"},"query-input":{"@type":"PropertyValueSpecification","valueRequired":true,"valueName":"search_term_string"}}],"inLanguage":"fr-FR"},{"@type":"Organization","@id":"https:\/\/www.webdo.tn\/fr\/#organization","name":"Webdo","alternateName":"Webdo.tn","url":"https:\/\/www.webdo.tn\/fr\/","logo":{"@type":"ImageObject","inLanguage":"fr-FR","@id":"https:\/\/www.webdo.tn\/fr\/#\/schema\/logo\/image\/","url":"https:\/\/www.webdo.tn\/fr\/wp-content\/uploads\/2025\/06\/Webdo-Tunisie_168377.jpg","contentUrl":"https:\/\/www.webdo.tn\/fr\/wp-content\/uploads\/2025\/06\/Webdo-Tunisie_168377.jpg","width":301,"height":301,"caption":"Webdo"},"image":{"@id":"https:\/\/www.webdo.tn\/fr\/#\/schema\/logo\/image\/"},"sameAs":["https:\/\/www.facebook.com\/webdotn","https:\/\/x.com\/webdo_tn"],"description":"Webdo est un m\u00e9dia num\u00e9rique tunisien fond\u00e9 en 2010, sp\u00e9cialis\u00e9 dans l\u2019actualit\u00e9 nationale et internationale, l\u2019\u00e9conomie, la soci\u00e9t\u00e9 et les analyses politiques. Le site s\u2019adresse \u00e0 un large public francophone et couvre l\u2019information tunisienne en temps r\u00e9el.","email":"redac@webdo.tn","legalName":"YNJ SARL","foundingDate":"2010-09-06","numberOfEmployees":{"@type":"QuantitativeValue","minValue":"11","maxValue":"50"}},{"@type":"Person","@id":"https:\/\/www.webdo.tn\/fr\/#\/schema\/person\/9a9c6118d687c117df8ef3cc36a4d175","name":"webdo.tn","image":{"@type":"ImageObject","inLanguage":"fr-FR","@id":"https:\/\/secure.gravatar.com\/avatar\/7ce1f28c0c3bbac99ff550b85ef8e44a6950c6ee24514fb6a5489e51d06f0298?s=96&d=mm&r=g","url":"https:\/\/secure.gravatar.com\/avatar\/7ce1f28c0c3bbac99ff550b85ef8e44a6950c6ee24514fb6a5489e51d06f0298?s=96&d=mm&r=g","contentUrl":"https:\/\/secure.gravatar.com\/avatar\/7ce1f28c0c3bbac99ff550b85ef8e44a6950c6ee24514fb6a5489e51d06f0298?s=96&d=mm&r=g","caption":"webdo.tn"},"url":"https:\/\/www.webdo.tn\/fr\/actualite\/author\/webdotn\/"}]}},"_links":{"self":[{"href":"https:\/\/www.webdo.tn\/fr\/wp-json\/wp\/v2\/posts\/180011","targetHints":{"allow":["GET"]}}],"collection":[{"href":"https:\/\/www.webdo.tn\/fr\/wp-json\/wp\/v2\/posts"}],"about":[{"href":"https:\/\/www.webdo.tn\/fr\/wp-json\/wp\/v2\/types\/post"}],"author":[{"embeddable":true,"href":"https:\/\/www.webdo.tn\/fr\/wp-json\/wp\/v2\/users\/3222"}],"replies":[{"embeddable":true,"href":"https:\/\/www.webdo.tn\/fr\/wp-json\/wp\/v2\/comments?post=180011"}],"version-history":[{"count":0,"href":"https:\/\/www.webdo.tn\/fr\/wp-json\/wp\/v2\/posts\/180011\/revisions"}],"wp:featuredmedia":[{"embeddable":true,"href":"https:\/\/www.webdo.tn\/fr\/wp-json\/wp\/v2\/media\/373333"}],"wp:attachment":[{"href":"https:\/\/www.webdo.tn\/fr\/wp-json\/wp\/v2\/media?parent=180011"}],"wp:term":[{"taxonomy":"category","embeddable":true,"href":"https:\/\/www.webdo.tn\/fr\/wp-json\/wp\/v2\/categories?post=180011"},{"taxonomy":"post_tag","embeddable":true,"href":"https:\/\/www.webdo.tn\/fr\/wp-json\/wp\/v2\/tags?post=180011"}],"curies":[{"name":"wp","href":"https:\/\/api.w.org\/{rel}","templated":true}]}}