{"id":180010,"date":"2014-11-22T12:59:00","date_gmt":"2014-11-22T11:59:00","guid":{"rendered":"https:\/\/www.webdo.tn\/fr\/actualite\/le-courrier-des-lecteurs\/tunisie-beji-caid-essebsi-est-il-oblige-de-former-un-gouvernement-avant-lelection-du-nouveau-president-de-la-republique-par-mhamed-ben-sassi\/180010"},"modified":"2014-11-22T12:59:00","modified_gmt":"2014-11-22T11:59:00","slug":"tunisie-beji-caid-essebsi-est-il-oblige-de-former-un-gouvernement-avant-lelection-du-nouveau-president-de-la-republique-par-mhamed-ben-sassi","status":"publish","type":"post","link":"https:\/\/www.webdo.tn\/fr\/actualite\/le-courrier-des-lecteurs\/tunisie-beji-caid-essebsi-est-il-oblige-de-former-un-gouvernement-avant-lelection-du-nouveau-president-de-la-republique-par-mhamed-ben-sassi\/180010\/","title":{"rendered":"Beji Caid Essebsi est-il oblig\u00e9 de former un gouvernement avant l\u2019\u00e9lection du nouveau pr\u00e9sident de la R\u00e9publique ?"},"content":{"rendered":"<p>TRIBUNE &#8211; Dans une d\u00e9claration qu\u2019il a donn\u00e9e \u00e0 la cha\u00eene TNN, Moncef Marzouki a fait savoir qu\u2019il a adress\u00e9 un \u00e9crit officiel \u00e0 Beji Caid Essebsi, en sa qualit\u00e9 de pr\u00e9sident du parti majoritaire \u00e0 l\u2019Assembl\u00e9e des repr\u00e9sentants du Peuple, pour le charger de former un gouvernement conform\u00e9ment \u00e0 la Constitution.<\/p>\n<p>Or, Beji Caied Essebsi et les dirigeants de son parti avaient fait savoir, de leur c\u00f4t\u00e9, d\u00e8s l\u2019annonce des r\u00e9sultats pr\u00e9liminaires des \u00e9lections l\u00e9gislatives du 26 octobre que Moncef Marzouki n\u2019a pas la qualit\u00e9 requise pour initier la formation du gouvernement et que Nidaa Tounes opposerait une fin de non-recevoir \u00e0 toute d\u00e9marche dans ce sens.<\/p>\n<p>Politiquement, la d\u00e9marche de Moncef Marzouki a diff\u00e9rentes vis\u00e9es en fonction de l\u2019attitude de Caid Essebsi. En cas d\u2019acquiescement, ce qui n\u2019est pas, \u00e0 priori envisageable, il aurait brouill\u00e9 les cartes en privant Nidaa Tounes des facult\u00e9s d\u2019alliance qui ne se cristalliseront qu\u2019apr\u00e8s l\u2019\u00e9lection du nouveau pr\u00e9sident et une m\u00fbre concertation avec les protagonistes et les instances du parti.<\/p>\n<p>En effet, une alliance politique ne se prend pas \u00e0 la l\u00e9g\u00e8re. Dans le cas inverse, hypoth\u00e8se fort plausible, il sera reproch\u00e9 \u00e0 Caid Essebsi le non-respect de la Constitution et des institutions de l\u2019Etat.<\/p>\n<p>Au-del\u00e0 de ces tiraillements politiques, la question qui se pose sur le plan l\u00e9gal consiste \u00e0 savoir si Moncef Marzouki est autoris\u00e9 de par la loi et la Constitution \u00e0 initier la formation du nouveau gouvernement ?<\/p>\n<p>Etant, jusqu\u2019\u00e0 nouvel ordre, un pr\u00e9sident provisoire de la R\u00e9publique, Moncef Marzouki est soumis \u00e0 l\u2019organisation provisoire des pouvoirs mis en vigueur en vertu de la loi constituante du 16 d\u00e9cembre 2011 (mini-constitution) et les dispositions transitoires de la Constitution du 26 janvier 2014.<\/p>\n<p>Selon ces dispositions, certains articles de la mini-constitution cessent d\u2019avoir effet apr\u00e8s \u00e9lection de l\u2019Assembl\u00e9e des Repr\u00e9sentants du Peuple. Celle-ci ayant eu lieu le 26 octobre et les r\u00e9sultats d\u00e9finitif ayant \u00e9t\u00e9 \u00e9tant annonc\u00e9s le vendredi 21 novembre, ces articles ne sont plus de vigueur.<\/p>\n<p>Parmi ces articles, l\u2019article 15 conf\u00e8re au pr\u00e9sident provisoire de la R\u00e9publique le pouvoir de charger le chef du parti majoritaire de former un gouvernement. Ce pouvoir n\u2019a plus aucun effet depuis l\u2019\u00e9lection de la nouvelle assembl\u00e9e. Moncef Marzouki ne peut pas s\u2019en pr\u00e9valoir puisque la Constitution le lui interdit.<\/p>\n<p>Si par une quelconque \u00e9lucubration juridique tir\u00e9e par les cheveux, certains cherchent \u00e0 faire croire que les pouvoirs de Moncef Marzouki dans ce domaine sont encore valables, il lui est requis de se conformer \u00e0 l\u2019article 89 de la Constitution.<\/p>\n<p>Aux termes de cet article, le pr\u00e9sident intervient pour former le nouveau gouvernement dans la semaine qui suit l\u2019annonce officielle des r\u00e9sultats d\u00e9finitifs des \u00e9lections l\u00e9gislatives. Le chef du parti majoritaire charg\u00e9 de le faire, dispose d\u2019un d\u00e9lai d\u2019un mois renouvelable pour pr\u00e9senter sa proposition.<\/p>\n<p>En cons\u00e9quence et dans la mesure o\u00f9 l\u2019annonce des r\u00e9sultats d\u00e9finitifs des \u00e9lections a eu lieu le vendredi 21 novembre, le point de d\u00e9part de calcul de ce d\u00e9lai commence \u00e0 partir de cette date. Le chef du Parti majoritaire dispose ainsi d\u2019un d\u00e9lai allant jusqu\u2019au 21 janvier 2015 pour former le gouvernement. D\u2019ici l\u00e0 , les donn\u00e9es peuvent changer !<br \/>\nM\u2019hamed Ben Sassi<\/p>\n","protected":false},"excerpt":{"rendered":"<p>TRIBUNE &#8211; Dans une d\u00e9claration qu\u2019il a donn\u00e9e \u00e0 la cha\u00eene TNN, Moncef Marzouki a fait savoir qu\u2019il a adress\u00e9 un \u00e9crit officiel \u00e0 Beji Caid Esseb<\/p>\n","protected":false},"author":3222,"featured_media":373200,"comment_status":"open","ping_status":"open","sticky":false,"template":"","format":"standard","meta":{"footnotes":""},"categories":[7043],"tags":[],"class_list":["post-180010","post","type-post","status-publish","format-standard","has-post-thumbnail","hentry","category-le-courrier-des-lecteurs"],"yoast_head":"<!-- This site is optimized with the Yoast SEO Premium plugin v27.5 (Yoast SEO v27.5) - https:\/\/yoast.com\/product\/yoast-seo-premium-wordpress\/ -->\n<title>Beji Caid Essebsi est-il oblig\u00e9 de former un gouvernement avant l\u2019\u00e9lection du nouveau pr\u00e9sident de la R\u00e9publique ?<\/title>\n<meta name=\"description\" content=\"Beji Caid Essebsi est-il oblig\u00e9 de former un gouvernement avant l\u2019\u00e9lection du nouveau pr\u00e9sident de la R\u00e9publique ?\" \/>\n<link rel=\"canonical\" href=\"https:\/\/www.webdo.tn\/fr\/actualite\/le-courrier-des-lecteurs\/tunisie-beji-caid-essebsi-est-il-oblige-de-former-un-gouvernement-avant-lelection-du-nouveau-president-de-la-republique-par-mhamed-ben-sassi\/180010\/\" \/>\n<meta property=\"og:locale\" content=\"fr_FR\" \/>\n<meta property=\"og:type\" content=\"article\" \/>\n<meta property=\"og:title\" content=\"Beji Caid Essebsi est-il oblig\u00e9 de former un gouvernement avant l\u2019\u00e9lection du nouveau pr\u00e9sident de la R\u00e9publique ?\" \/>\n<meta property=\"og:description\" content=\"Beji Caid Essebsi est-il oblig\u00e9 de former un gouvernement avant l\u2019\u00e9lection du nouveau pr\u00e9sident de la R\u00e9publique ?\" \/>\n<meta property=\"og:url\" content=\"https:\/\/www.webdo.tn\/fr\/actualite\/le-courrier-des-lecteurs\/tunisie-beji-caid-essebsi-est-il-oblige-de-former-un-gouvernement-avant-lelection-du-nouveau-president-de-la-republique-par-mhamed-ben-sassi\/180010\/\" \/>\n<meta property=\"og:site_name\" content=\"webdo\" \/>\n<meta property=\"article:publisher\" content=\"https:\/\/www.facebook.com\/webdotn\" \/>\n<meta property=\"article:published_time\" content=\"2014-11-22T11:59:00+00:00\" \/>\n<meta property=\"og:image\" content=\"https:\/\/www.webdo.tn\/fr\/wp-content\/uploads\/2025\/06\/Essebsi-Marzouki_180010.jpg\" \/>\n\t<meta property=\"og:image:width\" content=\"434\" \/>\n\t<meta property=\"og:image:height\" content=\"216\" \/>\n\t<meta property=\"og:image:type\" content=\"image\/jpeg\" \/>\n<meta name=\"author\" content=\"webdo.tn\" \/>\n<meta name=\"twitter:card\" content=\"summary_large_image\" \/>\n<meta name=\"twitter:creator\" content=\"@webdo_tn\" \/>\n<meta name=\"twitter:site\" content=\"@webdo_tn\" \/>\n<meta name=\"twitter:label1\" content=\"\u00c9crit par\" \/>\n\t<meta name=\"twitter:data1\" content=\"webdo.tn\" \/>\n\t<meta name=\"twitter:label2\" content=\"Dur\u00e9e de lecture estim\u00e9e\" \/>\n\t<meta name=\"twitter:data2\" content=\"3 minutes\" \/>\n<script type=\"application\/ld+json\" class=\"yoast-schema-graph\">{\"@context\":\"https:\\\/\\\/schema.org\",\"@graph\":[{\"@type\":\"NewsArticle\",\"@id\":\"https:\\\/\\\/www.webdo.tn\\\/fr\\\/actualite\\\/le-courrier-des-lecteurs\\\/tunisie-beji-caid-essebsi-est-il-oblige-de-former-un-gouvernement-avant-lelection-du-nouveau-president-de-la-republique-par-mhamed-ben-sassi\\\/180010\\\/#article\",\"isPartOf\":{\"@id\":\"https:\\\/\\\/www.webdo.tn\\\/fr\\\/actualite\\\/le-courrier-des-lecteurs\\\/tunisie-beji-caid-essebsi-est-il-oblige-de-former-un-gouvernement-avant-lelection-du-nouveau-president-de-la-republique-par-mhamed-ben-sassi\\\/180010\\\/\"},\"author\":{\"name\":\"webdo.tn\",\"@id\":\"https:\\\/\\\/www.webdo.tn\\\/fr\\\/#\\\/schema\\\/person\\\/9a9c6118d687c117df8ef3cc36a4d175\"},\"headline\":\"Beji Caid Essebsi est-il oblig\u00e9 de former un gouvernement avant l\u2019\u00e9lection du nouveau pr\u00e9sident de la R\u00e9publique ?\",\"datePublished\":\"2014-11-22T11:59:00+00:00\",\"mainEntityOfPage\":{\"@id\":\"https:\\\/\\\/www.webdo.tn\\\/fr\\\/actualite\\\/le-courrier-des-lecteurs\\\/tunisie-beji-caid-essebsi-est-il-oblige-de-former-un-gouvernement-avant-lelection-du-nouveau-president-de-la-republique-par-mhamed-ben-sassi\\\/180010\\\/\"},\"wordCount\":598,\"commentCount\":0,\"publisher\":{\"@id\":\"https:\\\/\\\/www.webdo.tn\\\/fr\\\/#organization\"},\"image\":{\"@id\":\"https:\\\/\\\/www.webdo.tn\\\/fr\\\/actualite\\\/le-courrier-des-lecteurs\\\/tunisie-beji-caid-essebsi-est-il-oblige-de-former-un-gouvernement-avant-lelection-du-nouveau-president-de-la-republique-par-mhamed-ben-sassi\\\/180010\\\/#primaryimage\"},\"thumbnailUrl\":\"https:\\\/\\\/www.webdo.tn\\\/fr\\\/wp-content\\\/uploads\\\/2025\\\/06\\\/Essebsi-Marzouki_180010.jpg\",\"articleSection\":[\"Le courrier des lecteurs\"],\"inLanguage\":\"fr-FR\"},{\"@type\":\"WebPage\",\"@id\":\"https:\\\/\\\/www.webdo.tn\\\/fr\\\/actualite\\\/le-courrier-des-lecteurs\\\/tunisie-beji-caid-essebsi-est-il-oblige-de-former-un-gouvernement-avant-lelection-du-nouveau-president-de-la-republique-par-mhamed-ben-sassi\\\/180010\\\/\",\"url\":\"https:\\\/\\\/www.webdo.tn\\\/fr\\\/actualite\\\/le-courrier-des-lecteurs\\\/tunisie-beji-caid-essebsi-est-il-oblige-de-former-un-gouvernement-avant-lelection-du-nouveau-president-de-la-republique-par-mhamed-ben-sassi\\\/180010\\\/\",\"name\":\"Beji Caid Essebsi est-il oblig\u00e9 de former un gouvernement avant l\u2019\u00e9lection du nouveau pr\u00e9sident de la R\u00e9publique ?\",\"isPartOf\":{\"@id\":\"https:\\\/\\\/www.webdo.tn\\\/fr\\\/#website\"},\"primaryImageOfPage\":{\"@id\":\"https:\\\/\\\/www.webdo.tn\\\/fr\\\/actualite\\\/le-courrier-des-lecteurs\\\/tunisie-beji-caid-essebsi-est-il-oblige-de-former-un-gouvernement-avant-lelection-du-nouveau-president-de-la-republique-par-mhamed-ben-sassi\\\/180010\\\/#primaryimage\"},\"image\":{\"@id\":\"https:\\\/\\\/www.webdo.tn\\\/fr\\\/actualite\\\/le-courrier-des-lecteurs\\\/tunisie-beji-caid-essebsi-est-il-oblige-de-former-un-gouvernement-avant-lelection-du-nouveau-president-de-la-republique-par-mhamed-ben-sassi\\\/180010\\\/#primaryimage\"},\"thumbnailUrl\":\"https:\\\/\\\/www.webdo.tn\\\/fr\\\/wp-content\\\/uploads\\\/2025\\\/06\\\/Essebsi-Marzouki_180010.jpg\",\"datePublished\":\"2014-11-22T11:59:00+00:00\",\"description\":\"Beji Caid Essebsi est-il oblig\u00e9 de former un gouvernement avant l\u2019\u00e9lection du nouveau pr\u00e9sident de la R\u00e9publique ?\",\"breadcrumb\":{\"@id\":\"https:\\\/\\\/www.webdo.tn\\\/fr\\\/actualite\\\/le-courrier-des-lecteurs\\\/tunisie-beji-caid-essebsi-est-il-oblige-de-former-un-gouvernement-avant-lelection-du-nouveau-president-de-la-republique-par-mhamed-ben-sassi\\\/180010\\\/#breadcrumb\"},\"inLanguage\":\"fr-FR\",\"potentialAction\":[{\"@type\":\"ReadAction\",\"target\":[\"https:\\\/\\\/www.webdo.tn\\\/fr\\\/actualite\\\/le-courrier-des-lecteurs\\\/tunisie-beji-caid-essebsi-est-il-oblige-de-former-un-gouvernement-avant-lelection-du-nouveau-president-de-la-republique-par-mhamed-ben-sassi\\\/180010\\\/\"]}]},{\"@type\":\"ImageObject\",\"inLanguage\":\"fr-FR\",\"@id\":\"https:\\\/\\\/www.webdo.tn\\\/fr\\\/actualite\\\/le-courrier-des-lecteurs\\\/tunisie-beji-caid-essebsi-est-il-oblige-de-former-un-gouvernement-avant-lelection-du-nouveau-president-de-la-republique-par-mhamed-ben-sassi\\\/180010\\\/#primaryimage\",\"url\":\"https:\\\/\\\/www.webdo.tn\\\/fr\\\/wp-content\\\/uploads\\\/2025\\\/06\\\/Essebsi-Marzouki_180010.jpg\",\"contentUrl\":\"https:\\\/\\\/www.webdo.tn\\\/fr\\\/wp-content\\\/uploads\\\/2025\\\/06\\\/Essebsi-Marzouki_180010.jpg\",\"width\":434,\"height\":216,\"caption\":\"Beji Caid Essebsi est-il oblig\u00e9 de former un gouvernement avant l\u2019\u00e9lection du nouveau pr\u00e9sident de la R\u00e9publique ?\"},{\"@type\":\"BreadcrumbList\",\"@id\":\"https:\\\/\\\/www.webdo.tn\\\/fr\\\/actualite\\\/le-courrier-des-lecteurs\\\/tunisie-beji-caid-essebsi-est-il-oblige-de-former-un-gouvernement-avant-lelection-du-nouveau-president-de-la-republique-par-mhamed-ben-sassi\\\/180010\\\/#breadcrumb\",\"itemListElement\":[{\"@type\":\"ListItem\",\"position\":1,\"name\":\"Accueil\",\"item\":\"https:\\\/\\\/www.webdo.tn\\\/fr\\\/\"},{\"@type\":\"ListItem\",\"position\":2,\"name\":\"Beji Caid Essebsi est-il oblig\u00e9 de former un gouvernement avant l\u2019\u00e9lection du nouveau pr\u00e9sident de la R\u00e9publique ?\"}]},{\"@type\":\"WebSite\",\"@id\":\"https:\\\/\\\/www.webdo.tn\\\/fr\\\/#website\",\"url\":\"https:\\\/\\\/www.webdo.tn\\\/fr\\\/\",\"name\":\"webdo\",\"description\":\"Tunisie - News en Tunisie et \u00e0 l&#039;international sur Webdo.tn\",\"publisher\":{\"@id\":\"https:\\\/\\\/www.webdo.tn\\\/fr\\\/#organization\"},\"potentialAction\":[{\"@type\":\"SearchAction\",\"target\":{\"@type\":\"EntryPoint\",\"urlTemplate\":\"https:\\\/\\\/www.webdo.tn\\\/fr\\\/?s={search_term_string}\"},\"query-input\":{\"@type\":\"PropertyValueSpecification\",\"valueRequired\":true,\"valueName\":\"search_term_string\"}}],\"inLanguage\":\"fr-FR\"},{\"@type\":\"Organization\",\"@id\":\"https:\\\/\\\/www.webdo.tn\\\/fr\\\/#organization\",\"name\":\"Webdo\",\"alternateName\":\"Webdo.tn\",\"url\":\"https:\\\/\\\/www.webdo.tn\\\/fr\\\/\",\"logo\":{\"@type\":\"ImageObject\",\"inLanguage\":\"fr-FR\",\"@id\":\"https:\\\/\\\/www.webdo.tn\\\/fr\\\/#\\\/schema\\\/logo\\\/image\\\/\",\"url\":\"https:\\\/\\\/www.webdo.tn\\\/fr\\\/wp-content\\\/uploads\\\/2025\\\/06\\\/Webdo-Tunisie_168377.jpg\",\"contentUrl\":\"https:\\\/\\\/www.webdo.tn\\\/fr\\\/wp-content\\\/uploads\\\/2025\\\/06\\\/Webdo-Tunisie_168377.jpg\",\"width\":301,\"height\":301,\"caption\":\"Webdo\"},\"image\":{\"@id\":\"https:\\\/\\\/www.webdo.tn\\\/fr\\\/#\\\/schema\\\/logo\\\/image\\\/\"},\"sameAs\":[\"https:\\\/\\\/www.facebook.com\\\/webdotn\",\"https:\\\/\\\/x.com\\\/webdo_tn\"],\"description\":\"Webdo est un m\u00e9dia num\u00e9rique tunisien fond\u00e9 en 2010, sp\u00e9cialis\u00e9 dans l\u2019actualit\u00e9 nationale et internationale, l\u2019\u00e9conomie, la soci\u00e9t\u00e9 et les analyses politiques. Le site s\u2019adresse \u00e0 un large public francophone et couvre l\u2019information tunisienne en temps r\u00e9el.\",\"email\":\"redac@webdo.tn\",\"legalName\":\"YNJ SARL\",\"foundingDate\":\"2010-09-06\",\"numberOfEmployees\":{\"@type\":\"QuantitativeValue\",\"minValue\":\"11\",\"maxValue\":\"50\"}},{\"@type\":\"Person\",\"@id\":\"https:\\\/\\\/www.webdo.tn\\\/fr\\\/#\\\/schema\\\/person\\\/9a9c6118d687c117df8ef3cc36a4d175\",\"name\":\"webdo.tn\",\"image\":{\"@type\":\"ImageObject\",\"inLanguage\":\"fr-FR\",\"@id\":\"https:\\\/\\\/secure.gravatar.com\\\/avatar\\\/7ce1f28c0c3bbac99ff550b85ef8e44a6950c6ee24514fb6a5489e51d06f0298?s=96&d=mm&r=g\",\"url\":\"https:\\\/\\\/secure.gravatar.com\\\/avatar\\\/7ce1f28c0c3bbac99ff550b85ef8e44a6950c6ee24514fb6a5489e51d06f0298?s=96&d=mm&r=g\",\"contentUrl\":\"https:\\\/\\\/secure.gravatar.com\\\/avatar\\\/7ce1f28c0c3bbac99ff550b85ef8e44a6950c6ee24514fb6a5489e51d06f0298?s=96&d=mm&r=g\",\"caption\":\"webdo.tn\"},\"url\":\"https:\\\/\\\/www.webdo.tn\\\/fr\\\/actualite\\\/author\\\/webdotn\\\/\"}]}<\/script>\n<!-- \/ Yoast SEO Premium plugin. -->","yoast_head_json":{"title":"Beji Caid Essebsi est-il oblig\u00e9 de former un gouvernement avant l\u2019\u00e9lection du nouveau pr\u00e9sident de la R\u00e9publique ?","description":"Beji Caid Essebsi est-il oblig\u00e9 de former un gouvernement avant l\u2019\u00e9lection du nouveau pr\u00e9sident de la R\u00e9publique ?","canonical":"https:\/\/www.webdo.tn\/fr\/actualite\/le-courrier-des-lecteurs\/tunisie-beji-caid-essebsi-est-il-oblige-de-former-un-gouvernement-avant-lelection-du-nouveau-president-de-la-republique-par-mhamed-ben-sassi\/180010\/","og_locale":"fr_FR","og_type":"article","og_title":"Beji Caid Essebsi est-il oblig\u00e9 de former un gouvernement avant l\u2019\u00e9lection du nouveau pr\u00e9sident de la R\u00e9publique ?","og_description":"Beji Caid Essebsi est-il oblig\u00e9 de former un gouvernement avant l\u2019\u00e9lection du nouveau pr\u00e9sident de la R\u00e9publique ?","og_url":"https:\/\/www.webdo.tn\/fr\/actualite\/le-courrier-des-lecteurs\/tunisie-beji-caid-essebsi-est-il-oblige-de-former-un-gouvernement-avant-lelection-du-nouveau-president-de-la-republique-par-mhamed-ben-sassi\/180010\/","og_site_name":"webdo","article_publisher":"https:\/\/www.facebook.com\/webdotn","article_published_time":"2014-11-22T11:59:00+00:00","og_image":[{"width":434,"height":216,"url":"https:\/\/www.webdo.tn\/fr\/wp-content\/uploads\/2025\/06\/Essebsi-Marzouki_180010.jpg","type":"image\/jpeg"}],"author":"webdo.tn","twitter_card":"summary_large_image","twitter_creator":"@webdo_tn","twitter_site":"@webdo_tn","twitter_misc":{"\u00c9crit par":"webdo.tn","Dur\u00e9e de lecture estim\u00e9e":"3 minutes"},"schema":{"@context":"https:\/\/schema.org","@graph":[{"@type":"NewsArticle","@id":"https:\/\/www.webdo.tn\/fr\/actualite\/le-courrier-des-lecteurs\/tunisie-beji-caid-essebsi-est-il-oblige-de-former-un-gouvernement-avant-lelection-du-nouveau-president-de-la-republique-par-mhamed-ben-sassi\/180010\/#article","isPartOf":{"@id":"https:\/\/www.webdo.tn\/fr\/actualite\/le-courrier-des-lecteurs\/tunisie-beji-caid-essebsi-est-il-oblige-de-former-un-gouvernement-avant-lelection-du-nouveau-president-de-la-republique-par-mhamed-ben-sassi\/180010\/"},"author":{"name":"webdo.tn","@id":"https:\/\/www.webdo.tn\/fr\/#\/schema\/person\/9a9c6118d687c117df8ef3cc36a4d175"},"headline":"Beji Caid Essebsi est-il oblig\u00e9 de former un gouvernement avant l\u2019\u00e9lection du nouveau pr\u00e9sident de la R\u00e9publique ?","datePublished":"2014-11-22T11:59:00+00:00","mainEntityOfPage":{"@id":"https:\/\/www.webdo.tn\/fr\/actualite\/le-courrier-des-lecteurs\/tunisie-beji-caid-essebsi-est-il-oblige-de-former-un-gouvernement-avant-lelection-du-nouveau-president-de-la-republique-par-mhamed-ben-sassi\/180010\/"},"wordCount":598,"commentCount":0,"publisher":{"@id":"https:\/\/www.webdo.tn\/fr\/#organization"},"image":{"@id":"https:\/\/www.webdo.tn\/fr\/actualite\/le-courrier-des-lecteurs\/tunisie-beji-caid-essebsi-est-il-oblige-de-former-un-gouvernement-avant-lelection-du-nouveau-president-de-la-republique-par-mhamed-ben-sassi\/180010\/#primaryimage"},"thumbnailUrl":"https:\/\/www.webdo.tn\/fr\/wp-content\/uploads\/2025\/06\/Essebsi-Marzouki_180010.jpg","articleSection":["Le courrier des lecteurs"],"inLanguage":"fr-FR"},{"@type":"WebPage","@id":"https:\/\/www.webdo.tn\/fr\/actualite\/le-courrier-des-lecteurs\/tunisie-beji-caid-essebsi-est-il-oblige-de-former-un-gouvernement-avant-lelection-du-nouveau-president-de-la-republique-par-mhamed-ben-sassi\/180010\/","url":"https:\/\/www.webdo.tn\/fr\/actualite\/le-courrier-des-lecteurs\/tunisie-beji-caid-essebsi-est-il-oblige-de-former-un-gouvernement-avant-lelection-du-nouveau-president-de-la-republique-par-mhamed-ben-sassi\/180010\/","name":"Beji Caid Essebsi est-il oblig\u00e9 de former un gouvernement avant l\u2019\u00e9lection du nouveau pr\u00e9sident de la R\u00e9publique ?","isPartOf":{"@id":"https:\/\/www.webdo.tn\/fr\/#website"},"primaryImageOfPage":{"@id":"https:\/\/www.webdo.tn\/fr\/actualite\/le-courrier-des-lecteurs\/tunisie-beji-caid-essebsi-est-il-oblige-de-former-un-gouvernement-avant-lelection-du-nouveau-president-de-la-republique-par-mhamed-ben-sassi\/180010\/#primaryimage"},"image":{"@id":"https:\/\/www.webdo.tn\/fr\/actualite\/le-courrier-des-lecteurs\/tunisie-beji-caid-essebsi-est-il-oblige-de-former-un-gouvernement-avant-lelection-du-nouveau-president-de-la-republique-par-mhamed-ben-sassi\/180010\/#primaryimage"},"thumbnailUrl":"https:\/\/www.webdo.tn\/fr\/wp-content\/uploads\/2025\/06\/Essebsi-Marzouki_180010.jpg","datePublished":"2014-11-22T11:59:00+00:00","description":"Beji Caid Essebsi est-il oblig\u00e9 de former un gouvernement avant l\u2019\u00e9lection du nouveau pr\u00e9sident de la R\u00e9publique ?","breadcrumb":{"@id":"https:\/\/www.webdo.tn\/fr\/actualite\/le-courrier-des-lecteurs\/tunisie-beji-caid-essebsi-est-il-oblige-de-former-un-gouvernement-avant-lelection-du-nouveau-president-de-la-republique-par-mhamed-ben-sassi\/180010\/#breadcrumb"},"inLanguage":"fr-FR","potentialAction":[{"@type":"ReadAction","target":["https:\/\/www.webdo.tn\/fr\/actualite\/le-courrier-des-lecteurs\/tunisie-beji-caid-essebsi-est-il-oblige-de-former-un-gouvernement-avant-lelection-du-nouveau-president-de-la-republique-par-mhamed-ben-sassi\/180010\/"]}]},{"@type":"ImageObject","inLanguage":"fr-FR","@id":"https:\/\/www.webdo.tn\/fr\/actualite\/le-courrier-des-lecteurs\/tunisie-beji-caid-essebsi-est-il-oblige-de-former-un-gouvernement-avant-lelection-du-nouveau-president-de-la-republique-par-mhamed-ben-sassi\/180010\/#primaryimage","url":"https:\/\/www.webdo.tn\/fr\/wp-content\/uploads\/2025\/06\/Essebsi-Marzouki_180010.jpg","contentUrl":"https:\/\/www.webdo.tn\/fr\/wp-content\/uploads\/2025\/06\/Essebsi-Marzouki_180010.jpg","width":434,"height":216,"caption":"Beji Caid Essebsi est-il oblig\u00e9 de former un gouvernement avant l\u2019\u00e9lection du nouveau pr\u00e9sident de la R\u00e9publique ?"},{"@type":"BreadcrumbList","@id":"https:\/\/www.webdo.tn\/fr\/actualite\/le-courrier-des-lecteurs\/tunisie-beji-caid-essebsi-est-il-oblige-de-former-un-gouvernement-avant-lelection-du-nouveau-president-de-la-republique-par-mhamed-ben-sassi\/180010\/#breadcrumb","itemListElement":[{"@type":"ListItem","position":1,"name":"Accueil","item":"https:\/\/www.webdo.tn\/fr\/"},{"@type":"ListItem","position":2,"name":"Beji Caid Essebsi est-il oblig\u00e9 de former un gouvernement avant l\u2019\u00e9lection du nouveau pr\u00e9sident de la R\u00e9publique ?"}]},{"@type":"WebSite","@id":"https:\/\/www.webdo.tn\/fr\/#website","url":"https:\/\/www.webdo.tn\/fr\/","name":"webdo","description":"Tunisie - News en Tunisie et \u00e0 l&#039;international sur Webdo.tn","publisher":{"@id":"https:\/\/www.webdo.tn\/fr\/#organization"},"potentialAction":[{"@type":"SearchAction","target":{"@type":"EntryPoint","urlTemplate":"https:\/\/www.webdo.tn\/fr\/?s={search_term_string}"},"query-input":{"@type":"PropertyValueSpecification","valueRequired":true,"valueName":"search_term_string"}}],"inLanguage":"fr-FR"},{"@type":"Organization","@id":"https:\/\/www.webdo.tn\/fr\/#organization","name":"Webdo","alternateName":"Webdo.tn","url":"https:\/\/www.webdo.tn\/fr\/","logo":{"@type":"ImageObject","inLanguage":"fr-FR","@id":"https:\/\/www.webdo.tn\/fr\/#\/schema\/logo\/image\/","url":"https:\/\/www.webdo.tn\/fr\/wp-content\/uploads\/2025\/06\/Webdo-Tunisie_168377.jpg","contentUrl":"https:\/\/www.webdo.tn\/fr\/wp-content\/uploads\/2025\/06\/Webdo-Tunisie_168377.jpg","width":301,"height":301,"caption":"Webdo"},"image":{"@id":"https:\/\/www.webdo.tn\/fr\/#\/schema\/logo\/image\/"},"sameAs":["https:\/\/www.facebook.com\/webdotn","https:\/\/x.com\/webdo_tn"],"description":"Webdo est un m\u00e9dia num\u00e9rique tunisien fond\u00e9 en 2010, sp\u00e9cialis\u00e9 dans l\u2019actualit\u00e9 nationale et internationale, l\u2019\u00e9conomie, la soci\u00e9t\u00e9 et les analyses politiques. Le site s\u2019adresse \u00e0 un large public francophone et couvre l\u2019information tunisienne en temps r\u00e9el.","email":"redac@webdo.tn","legalName":"YNJ SARL","foundingDate":"2010-09-06","numberOfEmployees":{"@type":"QuantitativeValue","minValue":"11","maxValue":"50"}},{"@type":"Person","@id":"https:\/\/www.webdo.tn\/fr\/#\/schema\/person\/9a9c6118d687c117df8ef3cc36a4d175","name":"webdo.tn","image":{"@type":"ImageObject","inLanguage":"fr-FR","@id":"https:\/\/secure.gravatar.com\/avatar\/7ce1f28c0c3bbac99ff550b85ef8e44a6950c6ee24514fb6a5489e51d06f0298?s=96&d=mm&r=g","url":"https:\/\/secure.gravatar.com\/avatar\/7ce1f28c0c3bbac99ff550b85ef8e44a6950c6ee24514fb6a5489e51d06f0298?s=96&d=mm&r=g","contentUrl":"https:\/\/secure.gravatar.com\/avatar\/7ce1f28c0c3bbac99ff550b85ef8e44a6950c6ee24514fb6a5489e51d06f0298?s=96&d=mm&r=g","caption":"webdo.tn"},"url":"https:\/\/www.webdo.tn\/fr\/actualite\/author\/webdotn\/"}]}},"_links":{"self":[{"href":"https:\/\/www.webdo.tn\/fr\/wp-json\/wp\/v2\/posts\/180010","targetHints":{"allow":["GET"]}}],"collection":[{"href":"https:\/\/www.webdo.tn\/fr\/wp-json\/wp\/v2\/posts"}],"about":[{"href":"https:\/\/www.webdo.tn\/fr\/wp-json\/wp\/v2\/types\/post"}],"author":[{"embeddable":true,"href":"https:\/\/www.webdo.tn\/fr\/wp-json\/wp\/v2\/users\/3222"}],"replies":[{"embeddable":true,"href":"https:\/\/www.webdo.tn\/fr\/wp-json\/wp\/v2\/comments?post=180010"}],"version-history":[{"count":0,"href":"https:\/\/www.webdo.tn\/fr\/wp-json\/wp\/v2\/posts\/180010\/revisions"}],"wp:featuredmedia":[{"embeddable":true,"href":"https:\/\/www.webdo.tn\/fr\/wp-json\/wp\/v2\/media\/373200"}],"wp:attachment":[{"href":"https:\/\/www.webdo.tn\/fr\/wp-json\/wp\/v2\/media?parent=180010"}],"wp:term":[{"taxonomy":"category","embeddable":true,"href":"https:\/\/www.webdo.tn\/fr\/wp-json\/wp\/v2\/categories?post=180010"},{"taxonomy":"post_tag","embeddable":true,"href":"https:\/\/www.webdo.tn\/fr\/wp-json\/wp\/v2\/tags?post=180010"}],"curies":[{"name":"wp","href":"https:\/\/api.w.org\/{rel}","templated":true}]}}