{"id":180008,"date":"2015-01-02T17:41:00","date_gmt":"2015-01-02T16:41:00","guid":{"rendered":"https:\/\/www.webdo.tn\/fr\/actualite\/le-courrier-des-lecteurs\/reflexion-del-kasbah-les-amendes-infligees-haica-aux-medias-en-tunisie\/180008"},"modified":"2015-01-02T17:41:00","modified_gmt":"2015-01-02T16:41:00","slug":"reflexion-del-kasbah-les-amendes-infligees-haica-aux-medias-en-tunisie","status":"publish","type":"post","link":"https:\/\/www.webdo.tn\/fr\/actualite\/le-courrier-des-lecteurs\/reflexion-del-kasbah-les-amendes-infligees-haica-aux-medias-en-tunisie\/180008\/","title":{"rendered":"R\u00e9flexion d&rsquo;El Kasbah sur les amendes inflig\u00e9es par la HAICA aux m\u00e9dias en Tunisie"},"content":{"rendered":"<p>TRIBUNE\u00a0| El Kasbah<br \/>\nOn a appris que la HAICA a &lsquo;inflig\u00e9&rsquo; des sanctions \u00e0 Nessma TV, Hannibal et Al- Wataniya 1 suite \u00e0 la constatation d&rsquo;infractions, commises par ces chaines, \u00e0 la loi (d\u00e9cret-loi 116).<br \/>\nCes amendes envers les cha\u00eene Wataniya 1, Nessma et Hannibal sont suppos\u00e9es sanctionner ces TV pour le contenu d\u2019\u00e9missions diffus\u00e9es \u00e0 l\u2019occasion du second tour de la pr\u00e9sidentielle.<br \/>\n[quote_box_center]<br \/>\n\u00ab\u00a0Cette d\u00e9cision a \u00e9t\u00e9 prise conform\u00e9ment \u00e0 la loi, organique N\u00b016 de l\u2019ann\u00e9e 2014 relative aux \u00e9lections et r\u00e9f\u00e9rendums et le d\u00e9cret loi n\u00b0116 de l\u2019ann\u00e9e 2011 relatif \u00e0 la libert\u00e9 de la communication audiovisuelle et \u00e0 la cr\u00e9ation de la HAICA,\u00a0\u00bb nous dit le communiqu\u00e9 de la HAICA d&rsquo;il y a quelques jours.<br \/>\n[\/quote_box_center]<br \/>\nUne amende d\u2019une valeur de 10 mille dinars a donc \u00e9t\u00e9 inflig\u00e9e \u00e0 Wataniya 1 pour avoir transgress\u00e9 les dispositions de l\u2019article 69 de la loi \u00e9lectorale interdisant toute forme de propagande pendant la p\u00e9riode de silence \u00e9lectoral.<br \/>\nLa HAICA a, en outre, inflig\u00e9 une amende d\u2019une valeur de 10 mille dinars \u00e0 Hannibal TV pour avoir viol\u00e9 le silence \u00e9lectoral.<br \/>\nUne autre amende d\u2019une valeur de 20 mille dinars a \u00e9t\u00e9 inflig\u00e9e \u00e0 Nessma pour avoir diffus\u00e9 en pleine p\u00e9riode \u00e9lectorale un reportage retra\u00e7ant les principales \u00e9tapes de la campagne \u00e9lectorale de B\u00e9ji Caid Essebsi et qui, selon la HAICA, fait effet de propagande \u00e9lectorale (sic).<br \/>\nLe Conseil de la HAICA a pr\u00e9cis\u00e9 que Nessma TV a d\u00e9j\u00e0 \u00ab\u00a0enfreint l\u2019article 45 du d\u00e9cret loi n\u00b0116 de l\u2019ann\u00e9e 2011, c\u2019est pourquoi il a \u00e9t\u00e9 d\u00e9cid\u00e9 de lui infliger une amende de 20 mille dinars\u00a0\u00bb.<br \/>\nCette annonce ne peut que pr\u00eater \u00e0 sourire quand on sait que les moyens financiers qui ont \u00e9t\u00e9 mis en oeuvre pour cette campagne par certains candidats (notamment et surtout le candidat vainqueur) se chiffrent en dizaines&#8230; de millions de dinars.<br \/>\nToute la l\u00e9gislation sur le contr\u00f4le et la r\u00e9gulation des m\u00e9dias s&rsquo;est r\u00e9v\u00e9l\u00e9e totalement inefficace et impuissante par rapport au d\u00e9ferlement de d\u00e9passements de toute part et notamment des chaines de radio et de t\u00e9l\u00e9vision priv\u00e9es durant la campagne \u00e9lectorale.<br \/>\nComment pouvait il \u00eatre autrement quand la plupart des chaines de t\u00e9l\u00e9vision et de radio n&rsquo;ont aucune ind\u00e9pendance de r\u00e9daction et qu&rsquo;elles appartiennent pour l&rsquo;\u00e9crasante majorit\u00e9 (et l\u00e0, il faut raisonner en terme de taux d&rsquo;audience et de p\u00e9n\u00e9tration) soit \u00e0 des sympathisants d\u00e9clar\u00e9es d&rsquo;un seul et m\u00eame candidat, soit \u00e0 des candidats qui ont affich\u00e9 in fine leur soutient au m\u00eame candidat (Hiwar Ettounissy, Hannibal), soit \u00e0 des membres actifs et directs de la campagne du, toujours m\u00eame, candidat (Nessma).<br \/>\nGageons que ces m\u00e9dias sauront se faire r\u00e9compenser pour leur attitude et leur soutien durant cette p\u00e9riode \u00e9lectorale critique et d\u00e9cisive. Gageons que quelques milliers de dinars ne repr\u00e9sentent rien devant le retour sur investissement que cela va repr\u00e9senter.<br \/>\nUn dispositif l\u00e9gal donc tout \u00e0 fait inad\u00e9quat et inefficace pour garantir le bon fonctionnement d&rsquo;une d\u00e9mocratie repr\u00e9sentative. Un dispositif qui a montr\u00e9 la faillite de cette politique audiovisuelle qui laisse le priv\u00e9 courir apr\u00e8s une manne publicitaire nettement insuffisante pour un aussi petit march\u00e9 (publicitaire).<br \/>\nCe dispositif sera-t-il revu et remis \u00e0 plat par le nouveau pouvoir, pour garantir la pluralit\u00e9 et l&rsquo;\u00e9quit\u00e9 des opinions ?<br \/>\nPermettez-nous d&rsquo;en douter, s\u00e9rieusement.<\/p>\n","protected":false},"excerpt":{"rendered":"<p>TRIBUNE\u00a0| El Kasbah<br \/>\nOn a appris que la HAICA a &lsquo;inflig\u00e9&rsquo; des sanctions \u00e0 Nessma TV, Hannibal et Al- Wataniya 1 suite \u00e0 la constatation d&rsquo;infractions, <\/p>\n","protected":false},"author":3222,"featured_media":367873,"comment_status":"open","ping_status":"open","sticky":false,"template":"","format":"standard","meta":{"footnotes":""},"categories":[7043],"tags":[],"class_list":["post-180008","post","type-post","status-publish","format-standard","has-post-thumbnail","hentry","category-le-courrier-des-lecteurs"],"yoast_head":"<!-- This site is optimized with the Yoast SEO Premium plugin v27.5 (Yoast SEO v27.5) - https:\/\/yoast.com\/product\/yoast-seo-premium-wordpress\/ -->\n<title>R\u00e9flexion d&#039;El Kasbah sur les amendes inflig\u00e9es par la HAICA aux m\u00e9dias en Tunisie<\/title>\n<meta name=\"description\" content=\"R\u00e9flexion d&#039;El Kasbah sur les amendes inflig\u00e9es par la HAICA aux m\u00e9dias en Tunisie\" \/>\n<link rel=\"canonical\" href=\"https:\/\/www.webdo.tn\/fr\/actualite\/le-courrier-des-lecteurs\/reflexion-del-kasbah-les-amendes-infligees-haica-aux-medias-en-tunisie\/180008\/\" \/>\n<meta property=\"og:locale\" content=\"fr_FR\" \/>\n<meta property=\"og:type\" content=\"article\" \/>\n<meta property=\"og:title\" content=\"R\u00e9flexion d&#039;El Kasbah sur les amendes inflig\u00e9es par la HAICA aux m\u00e9dias en Tunisie\" \/>\n<meta property=\"og:description\" content=\"R\u00e9flexion d&#039;El Kasbah sur les amendes inflig\u00e9es par la HAICA aux m\u00e9dias en Tunisie\" \/>\n<meta property=\"og:url\" content=\"https:\/\/www.webdo.tn\/fr\/actualite\/le-courrier-des-lecteurs\/reflexion-del-kasbah-les-amendes-infligees-haica-aux-medias-en-tunisie\/180008\/\" \/>\n<meta property=\"og:site_name\" content=\"webdo\" \/>\n<meta property=\"article:publisher\" content=\"https:\/\/www.facebook.com\/webdotn\" \/>\n<meta property=\"article:published_time\" content=\"2015-01-02T16:41:00+00:00\" \/>\n<meta property=\"og:image\" content=\"https:\/\/www.webdo.tn\/fr\/wp-content\/uploads\/2025\/06\/webdo_default_180008.jpg\" \/>\n\t<meta property=\"og:image:width\" content=\"800\" \/>\n\t<meta property=\"og:image:height\" content=\"500\" \/>\n\t<meta property=\"og:image:type\" content=\"image\/jpeg\" \/>\n<meta name=\"author\" content=\"webdo.tn\" \/>\n<meta name=\"twitter:card\" content=\"summary_large_image\" \/>\n<meta name=\"twitter:creator\" content=\"@webdo_tn\" \/>\n<meta name=\"twitter:site\" content=\"@webdo_tn\" \/>\n<meta name=\"twitter:label1\" content=\"\u00c9crit par\" \/>\n\t<meta name=\"twitter:data1\" content=\"webdo.tn\" \/>\n\t<meta name=\"twitter:label2\" content=\"Dur\u00e9e de lecture estim\u00e9e\" \/>\n\t<meta name=\"twitter:data2\" content=\"3 minutes\" \/>\n<script type=\"application\/ld+json\" class=\"yoast-schema-graph\">{\"@context\":\"https:\\\/\\\/schema.org\",\"@graph\":[{\"@type\":\"NewsArticle\",\"@id\":\"https:\\\/\\\/www.webdo.tn\\\/fr\\\/actualite\\\/le-courrier-des-lecteurs\\\/reflexion-del-kasbah-les-amendes-infligees-haica-aux-medias-en-tunisie\\\/180008\\\/#article\",\"isPartOf\":{\"@id\":\"https:\\\/\\\/www.webdo.tn\\\/fr\\\/actualite\\\/le-courrier-des-lecteurs\\\/reflexion-del-kasbah-les-amendes-infligees-haica-aux-medias-en-tunisie\\\/180008\\\/\"},\"author\":{\"name\":\"webdo.tn\",\"@id\":\"https:\\\/\\\/www.webdo.tn\\\/fr\\\/#\\\/schema\\\/person\\\/9a9c6118d687c117df8ef3cc36a4d175\"},\"headline\":\"R\u00e9flexion d&rsquo;El Kasbah sur les amendes inflig\u00e9es par la HAICA aux m\u00e9dias en Tunisie\",\"datePublished\":\"2015-01-02T16:41:00+00:00\",\"mainEntityOfPage\":{\"@id\":\"https:\\\/\\\/www.webdo.tn\\\/fr\\\/actualite\\\/le-courrier-des-lecteurs\\\/reflexion-del-kasbah-les-amendes-infligees-haica-aux-medias-en-tunisie\\\/180008\\\/\"},\"wordCount\":609,\"commentCount\":0,\"publisher\":{\"@id\":\"https:\\\/\\\/www.webdo.tn\\\/fr\\\/#organization\"},\"image\":{\"@id\":\"https:\\\/\\\/www.webdo.tn\\\/fr\\\/actualite\\\/le-courrier-des-lecteurs\\\/reflexion-del-kasbah-les-amendes-infligees-haica-aux-medias-en-tunisie\\\/180008\\\/#primaryimage\"},\"thumbnailUrl\":\"https:\\\/\\\/www.webdo.tn\\\/fr\\\/wp-content\\\/uploads\\\/2025\\\/06\\\/webdo_default_180008.jpg\",\"articleSection\":[\"Le courrier des lecteurs\"],\"inLanguage\":\"fr-FR\"},{\"@type\":\"WebPage\",\"@id\":\"https:\\\/\\\/www.webdo.tn\\\/fr\\\/actualite\\\/le-courrier-des-lecteurs\\\/reflexion-del-kasbah-les-amendes-infligees-haica-aux-medias-en-tunisie\\\/180008\\\/\",\"url\":\"https:\\\/\\\/www.webdo.tn\\\/fr\\\/actualite\\\/le-courrier-des-lecteurs\\\/reflexion-del-kasbah-les-amendes-infligees-haica-aux-medias-en-tunisie\\\/180008\\\/\",\"name\":\"R\u00e9flexion d'El Kasbah sur les amendes inflig\u00e9es par la HAICA aux m\u00e9dias en Tunisie\",\"isPartOf\":{\"@id\":\"https:\\\/\\\/www.webdo.tn\\\/fr\\\/#website\"},\"primaryImageOfPage\":{\"@id\":\"https:\\\/\\\/www.webdo.tn\\\/fr\\\/actualite\\\/le-courrier-des-lecteurs\\\/reflexion-del-kasbah-les-amendes-infligees-haica-aux-medias-en-tunisie\\\/180008\\\/#primaryimage\"},\"image\":{\"@id\":\"https:\\\/\\\/www.webdo.tn\\\/fr\\\/actualite\\\/le-courrier-des-lecteurs\\\/reflexion-del-kasbah-les-amendes-infligees-haica-aux-medias-en-tunisie\\\/180008\\\/#primaryimage\"},\"thumbnailUrl\":\"https:\\\/\\\/www.webdo.tn\\\/fr\\\/wp-content\\\/uploads\\\/2025\\\/06\\\/webdo_default_180008.jpg\",\"datePublished\":\"2015-01-02T16:41:00+00:00\",\"description\":\"R\u00e9flexion d'El Kasbah sur les amendes inflig\u00e9es par la HAICA aux m\u00e9dias en Tunisie\",\"breadcrumb\":{\"@id\":\"https:\\\/\\\/www.webdo.tn\\\/fr\\\/actualite\\\/le-courrier-des-lecteurs\\\/reflexion-del-kasbah-les-amendes-infligees-haica-aux-medias-en-tunisie\\\/180008\\\/#breadcrumb\"},\"inLanguage\":\"fr-FR\",\"potentialAction\":[{\"@type\":\"ReadAction\",\"target\":[\"https:\\\/\\\/www.webdo.tn\\\/fr\\\/actualite\\\/le-courrier-des-lecteurs\\\/reflexion-del-kasbah-les-amendes-infligees-haica-aux-medias-en-tunisie\\\/180008\\\/\"]}]},{\"@type\":\"ImageObject\",\"inLanguage\":\"fr-FR\",\"@id\":\"https:\\\/\\\/www.webdo.tn\\\/fr\\\/actualite\\\/le-courrier-des-lecteurs\\\/reflexion-del-kasbah-les-amendes-infligees-haica-aux-medias-en-tunisie\\\/180008\\\/#primaryimage\",\"url\":\"https:\\\/\\\/www.webdo.tn\\\/fr\\\/wp-content\\\/uploads\\\/2025\\\/06\\\/webdo_default_180008.jpg\",\"contentUrl\":\"https:\\\/\\\/www.webdo.tn\\\/fr\\\/wp-content\\\/uploads\\\/2025\\\/06\\\/webdo_default_180008.jpg\",\"width\":800,\"height\":500,\"caption\":\"R\u00e9flexion d'El Kasbah sur les amendes inflig\u00e9es par la HAICA aux m\u00e9dias en Tunisie\"},{\"@type\":\"BreadcrumbList\",\"@id\":\"https:\\\/\\\/www.webdo.tn\\\/fr\\\/actualite\\\/le-courrier-des-lecteurs\\\/reflexion-del-kasbah-les-amendes-infligees-haica-aux-medias-en-tunisie\\\/180008\\\/#breadcrumb\",\"itemListElement\":[{\"@type\":\"ListItem\",\"position\":1,\"name\":\"Accueil\",\"item\":\"https:\\\/\\\/www.webdo.tn\\\/fr\\\/\"},{\"@type\":\"ListItem\",\"position\":2,\"name\":\"R\u00e9flexion d&rsquo;El Kasbah sur les amendes inflig\u00e9es par la HAICA aux m\u00e9dias en Tunisie\"}]},{\"@type\":\"WebSite\",\"@id\":\"https:\\\/\\\/www.webdo.tn\\\/fr\\\/#website\",\"url\":\"https:\\\/\\\/www.webdo.tn\\\/fr\\\/\",\"name\":\"webdo\",\"description\":\"Tunisie - News en Tunisie et \u00e0 l&#039;international sur Webdo.tn\",\"publisher\":{\"@id\":\"https:\\\/\\\/www.webdo.tn\\\/fr\\\/#organization\"},\"potentialAction\":[{\"@type\":\"SearchAction\",\"target\":{\"@type\":\"EntryPoint\",\"urlTemplate\":\"https:\\\/\\\/www.webdo.tn\\\/fr\\\/?s={search_term_string}\"},\"query-input\":{\"@type\":\"PropertyValueSpecification\",\"valueRequired\":true,\"valueName\":\"search_term_string\"}}],\"inLanguage\":\"fr-FR\"},{\"@type\":\"Organization\",\"@id\":\"https:\\\/\\\/www.webdo.tn\\\/fr\\\/#organization\",\"name\":\"Webdo\",\"alternateName\":\"Webdo.tn\",\"url\":\"https:\\\/\\\/www.webdo.tn\\\/fr\\\/\",\"logo\":{\"@type\":\"ImageObject\",\"inLanguage\":\"fr-FR\",\"@id\":\"https:\\\/\\\/www.webdo.tn\\\/fr\\\/#\\\/schema\\\/logo\\\/image\\\/\",\"url\":\"https:\\\/\\\/www.webdo.tn\\\/fr\\\/wp-content\\\/uploads\\\/2025\\\/06\\\/Webdo-Tunisie_168377.jpg\",\"contentUrl\":\"https:\\\/\\\/www.webdo.tn\\\/fr\\\/wp-content\\\/uploads\\\/2025\\\/06\\\/Webdo-Tunisie_168377.jpg\",\"width\":301,\"height\":301,\"caption\":\"Webdo\"},\"image\":{\"@id\":\"https:\\\/\\\/www.webdo.tn\\\/fr\\\/#\\\/schema\\\/logo\\\/image\\\/\"},\"sameAs\":[\"https:\\\/\\\/www.facebook.com\\\/webdotn\",\"https:\\\/\\\/x.com\\\/webdo_tn\"],\"description\":\"Webdo est un m\u00e9dia num\u00e9rique tunisien fond\u00e9 en 2010, sp\u00e9cialis\u00e9 dans l\u2019actualit\u00e9 nationale et internationale, l\u2019\u00e9conomie, la soci\u00e9t\u00e9 et les analyses politiques. Le site s\u2019adresse \u00e0 un large public francophone et couvre l\u2019information tunisienne en temps r\u00e9el.\",\"email\":\"redac@webdo.tn\",\"legalName\":\"YNJ SARL\",\"foundingDate\":\"2010-09-06\",\"numberOfEmployees\":{\"@type\":\"QuantitativeValue\",\"minValue\":\"11\",\"maxValue\":\"50\"}},{\"@type\":\"Person\",\"@id\":\"https:\\\/\\\/www.webdo.tn\\\/fr\\\/#\\\/schema\\\/person\\\/9a9c6118d687c117df8ef3cc36a4d175\",\"name\":\"webdo.tn\",\"image\":{\"@type\":\"ImageObject\",\"inLanguage\":\"fr-FR\",\"@id\":\"https:\\\/\\\/secure.gravatar.com\\\/avatar\\\/7ce1f28c0c3bbac99ff550b85ef8e44a6950c6ee24514fb6a5489e51d06f0298?s=96&d=mm&r=g\",\"url\":\"https:\\\/\\\/secure.gravatar.com\\\/avatar\\\/7ce1f28c0c3bbac99ff550b85ef8e44a6950c6ee24514fb6a5489e51d06f0298?s=96&d=mm&r=g\",\"contentUrl\":\"https:\\\/\\\/secure.gravatar.com\\\/avatar\\\/7ce1f28c0c3bbac99ff550b85ef8e44a6950c6ee24514fb6a5489e51d06f0298?s=96&d=mm&r=g\",\"caption\":\"webdo.tn\"},\"url\":\"https:\\\/\\\/www.webdo.tn\\\/fr\\\/actualite\\\/author\\\/webdotn\\\/\"}]}<\/script>\n<!-- \/ Yoast SEO Premium plugin. -->","yoast_head_json":{"title":"R\u00e9flexion d'El Kasbah sur les amendes inflig\u00e9es par la HAICA aux m\u00e9dias en Tunisie","description":"R\u00e9flexion d'El Kasbah sur les amendes inflig\u00e9es par la HAICA aux m\u00e9dias en Tunisie","canonical":"https:\/\/www.webdo.tn\/fr\/actualite\/le-courrier-des-lecteurs\/reflexion-del-kasbah-les-amendes-infligees-haica-aux-medias-en-tunisie\/180008\/","og_locale":"fr_FR","og_type":"article","og_title":"R\u00e9flexion d'El Kasbah sur les amendes inflig\u00e9es par la HAICA aux m\u00e9dias en Tunisie","og_description":"R\u00e9flexion d'El Kasbah sur les amendes inflig\u00e9es par la HAICA aux m\u00e9dias en Tunisie","og_url":"https:\/\/www.webdo.tn\/fr\/actualite\/le-courrier-des-lecteurs\/reflexion-del-kasbah-les-amendes-infligees-haica-aux-medias-en-tunisie\/180008\/","og_site_name":"webdo","article_publisher":"https:\/\/www.facebook.com\/webdotn","article_published_time":"2015-01-02T16:41:00+00:00","og_image":[{"width":800,"height":500,"url":"https:\/\/www.webdo.tn\/fr\/wp-content\/uploads\/2025\/06\/webdo_default_180008.jpg","type":"image\/jpeg"}],"author":"webdo.tn","twitter_card":"summary_large_image","twitter_creator":"@webdo_tn","twitter_site":"@webdo_tn","twitter_misc":{"\u00c9crit par":"webdo.tn","Dur\u00e9e de lecture estim\u00e9e":"3 minutes"},"schema":{"@context":"https:\/\/schema.org","@graph":[{"@type":"NewsArticle","@id":"https:\/\/www.webdo.tn\/fr\/actualite\/le-courrier-des-lecteurs\/reflexion-del-kasbah-les-amendes-infligees-haica-aux-medias-en-tunisie\/180008\/#article","isPartOf":{"@id":"https:\/\/www.webdo.tn\/fr\/actualite\/le-courrier-des-lecteurs\/reflexion-del-kasbah-les-amendes-infligees-haica-aux-medias-en-tunisie\/180008\/"},"author":{"name":"webdo.tn","@id":"https:\/\/www.webdo.tn\/fr\/#\/schema\/person\/9a9c6118d687c117df8ef3cc36a4d175"},"headline":"R\u00e9flexion d&rsquo;El Kasbah sur les amendes inflig\u00e9es par la HAICA aux m\u00e9dias en Tunisie","datePublished":"2015-01-02T16:41:00+00:00","mainEntityOfPage":{"@id":"https:\/\/www.webdo.tn\/fr\/actualite\/le-courrier-des-lecteurs\/reflexion-del-kasbah-les-amendes-infligees-haica-aux-medias-en-tunisie\/180008\/"},"wordCount":609,"commentCount":0,"publisher":{"@id":"https:\/\/www.webdo.tn\/fr\/#organization"},"image":{"@id":"https:\/\/www.webdo.tn\/fr\/actualite\/le-courrier-des-lecteurs\/reflexion-del-kasbah-les-amendes-infligees-haica-aux-medias-en-tunisie\/180008\/#primaryimage"},"thumbnailUrl":"https:\/\/www.webdo.tn\/fr\/wp-content\/uploads\/2025\/06\/webdo_default_180008.jpg","articleSection":["Le courrier des lecteurs"],"inLanguage":"fr-FR"},{"@type":"WebPage","@id":"https:\/\/www.webdo.tn\/fr\/actualite\/le-courrier-des-lecteurs\/reflexion-del-kasbah-les-amendes-infligees-haica-aux-medias-en-tunisie\/180008\/","url":"https:\/\/www.webdo.tn\/fr\/actualite\/le-courrier-des-lecteurs\/reflexion-del-kasbah-les-amendes-infligees-haica-aux-medias-en-tunisie\/180008\/","name":"R\u00e9flexion d'El Kasbah sur les amendes inflig\u00e9es par la HAICA aux m\u00e9dias en Tunisie","isPartOf":{"@id":"https:\/\/www.webdo.tn\/fr\/#website"},"primaryImageOfPage":{"@id":"https:\/\/www.webdo.tn\/fr\/actualite\/le-courrier-des-lecteurs\/reflexion-del-kasbah-les-amendes-infligees-haica-aux-medias-en-tunisie\/180008\/#primaryimage"},"image":{"@id":"https:\/\/www.webdo.tn\/fr\/actualite\/le-courrier-des-lecteurs\/reflexion-del-kasbah-les-amendes-infligees-haica-aux-medias-en-tunisie\/180008\/#primaryimage"},"thumbnailUrl":"https:\/\/www.webdo.tn\/fr\/wp-content\/uploads\/2025\/06\/webdo_default_180008.jpg","datePublished":"2015-01-02T16:41:00+00:00","description":"R\u00e9flexion d'El Kasbah sur les amendes inflig\u00e9es par la HAICA aux m\u00e9dias en Tunisie","breadcrumb":{"@id":"https:\/\/www.webdo.tn\/fr\/actualite\/le-courrier-des-lecteurs\/reflexion-del-kasbah-les-amendes-infligees-haica-aux-medias-en-tunisie\/180008\/#breadcrumb"},"inLanguage":"fr-FR","potentialAction":[{"@type":"ReadAction","target":["https:\/\/www.webdo.tn\/fr\/actualite\/le-courrier-des-lecteurs\/reflexion-del-kasbah-les-amendes-infligees-haica-aux-medias-en-tunisie\/180008\/"]}]},{"@type":"ImageObject","inLanguage":"fr-FR","@id":"https:\/\/www.webdo.tn\/fr\/actualite\/le-courrier-des-lecteurs\/reflexion-del-kasbah-les-amendes-infligees-haica-aux-medias-en-tunisie\/180008\/#primaryimage","url":"https:\/\/www.webdo.tn\/fr\/wp-content\/uploads\/2025\/06\/webdo_default_180008.jpg","contentUrl":"https:\/\/www.webdo.tn\/fr\/wp-content\/uploads\/2025\/06\/webdo_default_180008.jpg","width":800,"height":500,"caption":"R\u00e9flexion d'El Kasbah sur les amendes inflig\u00e9es par la HAICA aux m\u00e9dias en Tunisie"},{"@type":"BreadcrumbList","@id":"https:\/\/www.webdo.tn\/fr\/actualite\/le-courrier-des-lecteurs\/reflexion-del-kasbah-les-amendes-infligees-haica-aux-medias-en-tunisie\/180008\/#breadcrumb","itemListElement":[{"@type":"ListItem","position":1,"name":"Accueil","item":"https:\/\/www.webdo.tn\/fr\/"},{"@type":"ListItem","position":2,"name":"R\u00e9flexion d&rsquo;El Kasbah sur les amendes inflig\u00e9es par la HAICA aux m\u00e9dias en Tunisie"}]},{"@type":"WebSite","@id":"https:\/\/www.webdo.tn\/fr\/#website","url":"https:\/\/www.webdo.tn\/fr\/","name":"webdo","description":"Tunisie - News en Tunisie et \u00e0 l&#039;international sur Webdo.tn","publisher":{"@id":"https:\/\/www.webdo.tn\/fr\/#organization"},"potentialAction":[{"@type":"SearchAction","target":{"@type":"EntryPoint","urlTemplate":"https:\/\/www.webdo.tn\/fr\/?s={search_term_string}"},"query-input":{"@type":"PropertyValueSpecification","valueRequired":true,"valueName":"search_term_string"}}],"inLanguage":"fr-FR"},{"@type":"Organization","@id":"https:\/\/www.webdo.tn\/fr\/#organization","name":"Webdo","alternateName":"Webdo.tn","url":"https:\/\/www.webdo.tn\/fr\/","logo":{"@type":"ImageObject","inLanguage":"fr-FR","@id":"https:\/\/www.webdo.tn\/fr\/#\/schema\/logo\/image\/","url":"https:\/\/www.webdo.tn\/fr\/wp-content\/uploads\/2025\/06\/Webdo-Tunisie_168377.jpg","contentUrl":"https:\/\/www.webdo.tn\/fr\/wp-content\/uploads\/2025\/06\/Webdo-Tunisie_168377.jpg","width":301,"height":301,"caption":"Webdo"},"image":{"@id":"https:\/\/www.webdo.tn\/fr\/#\/schema\/logo\/image\/"},"sameAs":["https:\/\/www.facebook.com\/webdotn","https:\/\/x.com\/webdo_tn"],"description":"Webdo est un m\u00e9dia num\u00e9rique tunisien fond\u00e9 en 2010, sp\u00e9cialis\u00e9 dans l\u2019actualit\u00e9 nationale et internationale, l\u2019\u00e9conomie, la soci\u00e9t\u00e9 et les analyses politiques. Le site s\u2019adresse \u00e0 un large public francophone et couvre l\u2019information tunisienne en temps r\u00e9el.","email":"redac@webdo.tn","legalName":"YNJ SARL","foundingDate":"2010-09-06","numberOfEmployees":{"@type":"QuantitativeValue","minValue":"11","maxValue":"50"}},{"@type":"Person","@id":"https:\/\/www.webdo.tn\/fr\/#\/schema\/person\/9a9c6118d687c117df8ef3cc36a4d175","name":"webdo.tn","image":{"@type":"ImageObject","inLanguage":"fr-FR","@id":"https:\/\/secure.gravatar.com\/avatar\/7ce1f28c0c3bbac99ff550b85ef8e44a6950c6ee24514fb6a5489e51d06f0298?s=96&d=mm&r=g","url":"https:\/\/secure.gravatar.com\/avatar\/7ce1f28c0c3bbac99ff550b85ef8e44a6950c6ee24514fb6a5489e51d06f0298?s=96&d=mm&r=g","contentUrl":"https:\/\/secure.gravatar.com\/avatar\/7ce1f28c0c3bbac99ff550b85ef8e44a6950c6ee24514fb6a5489e51d06f0298?s=96&d=mm&r=g","caption":"webdo.tn"},"url":"https:\/\/www.webdo.tn\/fr\/actualite\/author\/webdotn\/"}]}},"_links":{"self":[{"href":"https:\/\/www.webdo.tn\/fr\/wp-json\/wp\/v2\/posts\/180008","targetHints":{"allow":["GET"]}}],"collection":[{"href":"https:\/\/www.webdo.tn\/fr\/wp-json\/wp\/v2\/posts"}],"about":[{"href":"https:\/\/www.webdo.tn\/fr\/wp-json\/wp\/v2\/types\/post"}],"author":[{"embeddable":true,"href":"https:\/\/www.webdo.tn\/fr\/wp-json\/wp\/v2\/users\/3222"}],"replies":[{"embeddable":true,"href":"https:\/\/www.webdo.tn\/fr\/wp-json\/wp\/v2\/comments?post=180008"}],"version-history":[{"count":0,"href":"https:\/\/www.webdo.tn\/fr\/wp-json\/wp\/v2\/posts\/180008\/revisions"}],"wp:featuredmedia":[{"embeddable":true,"href":"https:\/\/www.webdo.tn\/fr\/wp-json\/wp\/v2\/media\/367873"}],"wp:attachment":[{"href":"https:\/\/www.webdo.tn\/fr\/wp-json\/wp\/v2\/media?parent=180008"}],"wp:term":[{"taxonomy":"category","embeddable":true,"href":"https:\/\/www.webdo.tn\/fr\/wp-json\/wp\/v2\/categories?post=180008"},{"taxonomy":"post_tag","embeddable":true,"href":"https:\/\/www.webdo.tn\/fr\/wp-json\/wp\/v2\/tags?post=180008"}],"curies":[{"name":"wp","href":"https:\/\/api.w.org\/{rel}","templated":true}]}}