{"id":180007,"date":"2015-01-24T16:39:00","date_gmt":"2015-01-24T16:39:00","guid":{"rendered":"https:\/\/www.webdo.tn\/fr\/blog\/trois-jours-de-deuil-en-tunisie-pour-le-roi-de-larabie-saoudite-ou-se-planque-le-dictateur-ben-ali\/180007\/"},"modified":"2025-05-22T13:00:29","modified_gmt":"2025-05-22T13:00:29","slug":"trois-jours-de-deuil-en-tunisie-pour-le-roi-de-larabie-saoudite-ou-se-planque-le-dictateur-ben-ali","status":"publish","type":"post","link":"https:\/\/www.webdo.tn\/fr\/actualite\/le-courrier-des-lecteurs\/trois-jours-de-deuil-en-tunisie-pour-le-roi-de-larabie-saoudite-ou-se-planque-le-dictateur-ben-ali\/180007\/","title":{"rendered":"Trois jours de deuil en Tunisie pour le d\u00e9funt roi de l&rsquo;Arabie Saoudite o\u00f9 se planque le dictateur Ben Ali"},"content":{"rendered":"<p>TRIBUNE | Nadia CHAABANE, ex-d\u00e9put\u00e9e \u00e0 l&rsquo;ANC.<\/p>\n<p>[dropcap]D[\/dropcap]\u00e9cr\u00e9ter dans notre pays trois jours de deuil national suite au d\u00e9c\u00e8s du roi Abdallah d&rsquo;Arabie Saoudite est pour le moins \u00e9tonnant voire incompr\u00e9hensible m\u00eame si le pays est consid\u00e9r\u00e9 \u00ab comme ami \u00bb et deux raisons au moins s\u2019y opposent naturellement et objectivement.<\/p>\n<p>Le refus d\u2019extradition de Ben Ali qui profite bien de sa planque en Arabie saoudite et \u00e9chappe ainsi \u00e0 rendre des comptes aux tunisiens et la justice tunisienne.<br \/>\nLes financements qui affluent de ce pays sur des associations qui ne cessent de propager le Wahhabisme en parfaite opposition avec la culture tunisienne et l\u2019esprit r\u00e9formateur de notre pays. Ces financements participent \u00e0 la division de notre soci\u00e9t\u00e9<br \/>\nD\u2019autres raisons plus subjectives me laissent perplexe: on ne d\u00e9fend pas les m\u00eames valeurs<br \/>\nMoi je ne suis pas triste, et je pense que les tunisiens ne sont pas si touch\u00e9s que \u00e7\u00e0 par ce d\u00e9c\u00e8s car il est naturel et n\u2019a rien d\u2019extraordinaire.<\/p>\n<p>Si ce d\u00e9c\u00e8s me laisse indiff\u00e9rente, les femmes saoudiennes qui se battent pour leur droit, les jeunes saoudiens qui veulent plus de libert\u00e9, le jeune Raif Badawi qui croupit en prison parce qu\u2019il a os\u00e9 dire non et qu\u2019on tente d\u2019humilier \u00e0 coup de fouet tous les vendredis sur la place publique, me touchent et me rappellent un devoir de solidarit\u00e9 entre les peuples mais point de solidarit\u00e9 avec les tortionnaires.<\/p>\n","protected":false},"excerpt":{"rendered":"<p>Trois jours de deuil en Tunisie pour le d\u00e9funt roi de l&rsquo;Arabie Saoudite o\u00f9 se planque le dictateur Ben Ali<\/p>\n","protected":false},"author":3222,"featured_media":319250,"comment_status":"open","ping_status":"closed","sticky":false,"template":"","format":"standard","meta":{"footnotes":""},"categories":[7043],"tags":[],"class_list":["post-180007","post","type-post","status-publish","format-standard","has-post-thumbnail","hentry","category-le-courrier-des-lecteurs"],"yoast_head":"<!-- This site is optimized with the Yoast SEO Premium plugin v27.5 (Yoast SEO v27.5) - https:\/\/yoast.com\/product\/yoast-seo-premium-wordpress\/ -->\n<title>Trois jours de deuil en Tunisie pour le d\u00e9funt roi de l&#039;Arabie Saoudite o\u00f9 se planque le dictateur Ben Ali<\/title>\n<meta name=\"description\" content=\"Trois jours de deuil en Tunisie pour le d\u00e9funt roi de l&#039;Arabie Saoudite o\u00f9 se planque le dictateur Ben Ali\" \/>\n<link rel=\"canonical\" href=\"https:\/\/www.webdo.tn\/fr\/actualite\/le-courrier-des-lecteurs\/trois-jours-de-deuil-en-tunisie-pour-le-roi-de-larabie-saoudite-ou-se-planque-le-dictateur-ben-ali\/180007\/\" \/>\n<meta property=\"og:locale\" content=\"fr_FR\" \/>\n<meta property=\"og:type\" content=\"article\" \/>\n<meta property=\"og:title\" content=\"Trois jours de deuil en Tunisie pour le d\u00e9funt roi de l&#039;Arabie Saoudite o\u00f9 se planque le dictateur Ben Ali\" \/>\n<meta property=\"og:description\" content=\"Trois jours de deuil en Tunisie pour le d\u00e9funt roi de l&#039;Arabie Saoudite o\u00f9 se planque le dictateur Ben Ali\" \/>\n<meta property=\"og:url\" content=\"https:\/\/www.webdo.tn\/fr\/actualite\/le-courrier-des-lecteurs\/trois-jours-de-deuil-en-tunisie-pour-le-roi-de-larabie-saoudite-ou-se-planque-le-dictateur-ben-ali\/180007\/\" \/>\n<meta property=\"og:site_name\" content=\"webdo\" \/>\n<meta property=\"article:publisher\" content=\"https:\/\/www.facebook.com\/webdotn\" \/>\n<meta property=\"article:published_time\" content=\"2015-01-24T16:39:00+00:00\" \/>\n<meta property=\"article:modified_time\" content=\"2025-05-22T13:00:29+00:00\" \/>\n<meta property=\"og:image\" content=\"https:\/\/www.webdo.tn\/fr\/wp-content\/uploads\/2015\/01\/Nadia-Chaabane.jpg\" \/>\n\t<meta property=\"og:image:width\" content=\"394\" \/>\n\t<meta property=\"og:image:height\" content=\"262\" \/>\n\t<meta property=\"og:image:type\" content=\"image\/jpeg\" \/>\n<meta name=\"author\" content=\"webdo.tn\" \/>\n<meta name=\"twitter:card\" content=\"summary_large_image\" \/>\n<meta name=\"twitter:creator\" content=\"@webdo_tn\" \/>\n<meta name=\"twitter:site\" content=\"@webdo_tn\" \/>\n<meta name=\"twitter:label1\" content=\"\u00c9crit par\" \/>\n\t<meta name=\"twitter:data1\" content=\"webdo.tn\" \/>\n\t<meta name=\"twitter:label2\" content=\"Dur\u00e9e de lecture estim\u00e9e\" \/>\n\t<meta name=\"twitter:data2\" content=\"1 minute\" \/>\n<script type=\"application\/ld+json\" class=\"yoast-schema-graph\">{\"@context\":\"https:\\\/\\\/schema.org\",\"@graph\":[{\"@type\":\"NewsArticle\",\"@id\":\"https:\\\/\\\/www.webdo.tn\\\/fr\\\/actualite\\\/le-courrier-des-lecteurs\\\/trois-jours-de-deuil-en-tunisie-pour-le-roi-de-larabie-saoudite-ou-se-planque-le-dictateur-ben-ali\\\/180007\\\/#article\",\"isPartOf\":{\"@id\":\"https:\\\/\\\/www.webdo.tn\\\/fr\\\/actualite\\\/le-courrier-des-lecteurs\\\/trois-jours-de-deuil-en-tunisie-pour-le-roi-de-larabie-saoudite-ou-se-planque-le-dictateur-ben-ali\\\/180007\\\/\"},\"author\":{\"name\":\"webdo.tn\",\"@id\":\"https:\\\/\\\/www.webdo.tn\\\/fr\\\/#\\\/schema\\\/person\\\/9a9c6118d687c117df8ef3cc36a4d175\"},\"headline\":\"Trois jours de deuil en Tunisie pour le d\u00e9funt roi de l&rsquo;Arabie Saoudite o\u00f9 se planque le dictateur Ben Ali\",\"datePublished\":\"2015-01-24T16:39:00+00:00\",\"dateModified\":\"2025-05-22T13:00:29+00:00\",\"mainEntityOfPage\":{\"@id\":\"https:\\\/\\\/www.webdo.tn\\\/fr\\\/actualite\\\/le-courrier-des-lecteurs\\\/trois-jours-de-deuil-en-tunisie-pour-le-roi-de-larabie-saoudite-ou-se-planque-le-dictateur-ben-ali\\\/180007\\\/\"},\"wordCount\":279,\"commentCount\":0,\"publisher\":{\"@id\":\"https:\\\/\\\/www.webdo.tn\\\/fr\\\/#organization\"},\"image\":{\"@id\":\"https:\\\/\\\/www.webdo.tn\\\/fr\\\/actualite\\\/le-courrier-des-lecteurs\\\/trois-jours-de-deuil-en-tunisie-pour-le-roi-de-larabie-saoudite-ou-se-planque-le-dictateur-ben-ali\\\/180007\\\/#primaryimage\"},\"thumbnailUrl\":\"https:\\\/\\\/www.webdo.tn\\\/fr\\\/wp-content\\\/uploads\\\/2015\\\/01\\\/Nadia-Chaabane.jpg\",\"articleSection\":[\"Le courrier des lecteurs\"],\"inLanguage\":\"fr-FR\"},{\"@type\":\"WebPage\",\"@id\":\"https:\\\/\\\/www.webdo.tn\\\/fr\\\/actualite\\\/le-courrier-des-lecteurs\\\/trois-jours-de-deuil-en-tunisie-pour-le-roi-de-larabie-saoudite-ou-se-planque-le-dictateur-ben-ali\\\/180007\\\/\",\"url\":\"https:\\\/\\\/www.webdo.tn\\\/fr\\\/actualite\\\/le-courrier-des-lecteurs\\\/trois-jours-de-deuil-en-tunisie-pour-le-roi-de-larabie-saoudite-ou-se-planque-le-dictateur-ben-ali\\\/180007\\\/\",\"name\":\"Trois jours de deuil en Tunisie pour le d\u00e9funt roi de l'Arabie Saoudite o\u00f9 se planque le dictateur Ben Ali\",\"isPartOf\":{\"@id\":\"https:\\\/\\\/www.webdo.tn\\\/fr\\\/#website\"},\"primaryImageOfPage\":{\"@id\":\"https:\\\/\\\/www.webdo.tn\\\/fr\\\/actualite\\\/le-courrier-des-lecteurs\\\/trois-jours-de-deuil-en-tunisie-pour-le-roi-de-larabie-saoudite-ou-se-planque-le-dictateur-ben-ali\\\/180007\\\/#primaryimage\"},\"image\":{\"@id\":\"https:\\\/\\\/www.webdo.tn\\\/fr\\\/actualite\\\/le-courrier-des-lecteurs\\\/trois-jours-de-deuil-en-tunisie-pour-le-roi-de-larabie-saoudite-ou-se-planque-le-dictateur-ben-ali\\\/180007\\\/#primaryimage\"},\"thumbnailUrl\":\"https:\\\/\\\/www.webdo.tn\\\/fr\\\/wp-content\\\/uploads\\\/2015\\\/01\\\/Nadia-Chaabane.jpg\",\"datePublished\":\"2015-01-24T16:39:00+00:00\",\"dateModified\":\"2025-05-22T13:00:29+00:00\",\"description\":\"Trois jours de deuil en Tunisie pour le d\u00e9funt roi de l'Arabie Saoudite o\u00f9 se planque le dictateur Ben Ali\",\"breadcrumb\":{\"@id\":\"https:\\\/\\\/www.webdo.tn\\\/fr\\\/actualite\\\/le-courrier-des-lecteurs\\\/trois-jours-de-deuil-en-tunisie-pour-le-roi-de-larabie-saoudite-ou-se-planque-le-dictateur-ben-ali\\\/180007\\\/#breadcrumb\"},\"inLanguage\":\"fr-FR\",\"potentialAction\":[{\"@type\":\"ReadAction\",\"target\":[\"https:\\\/\\\/www.webdo.tn\\\/fr\\\/actualite\\\/le-courrier-des-lecteurs\\\/trois-jours-de-deuil-en-tunisie-pour-le-roi-de-larabie-saoudite-ou-se-planque-le-dictateur-ben-ali\\\/180007\\\/\"]}]},{\"@type\":\"ImageObject\",\"inLanguage\":\"fr-FR\",\"@id\":\"https:\\\/\\\/www.webdo.tn\\\/fr\\\/actualite\\\/le-courrier-des-lecteurs\\\/trois-jours-de-deuil-en-tunisie-pour-le-roi-de-larabie-saoudite-ou-se-planque-le-dictateur-ben-ali\\\/180007\\\/#primaryimage\",\"url\":\"https:\\\/\\\/www.webdo.tn\\\/fr\\\/wp-content\\\/uploads\\\/2015\\\/01\\\/Nadia-Chaabane.jpg\",\"contentUrl\":\"https:\\\/\\\/www.webdo.tn\\\/fr\\\/wp-content\\\/uploads\\\/2015\\\/01\\\/Nadia-Chaabane.jpg\",\"width\":394,\"height\":262,\"caption\":\"Trois jours de deuil en Tunisie pour le d\u00e9funt roi de l'Arabie Saoudite o\u00f9 se planque le dictateur Ben Ali\"},{\"@type\":\"BreadcrumbList\",\"@id\":\"https:\\\/\\\/www.webdo.tn\\\/fr\\\/actualite\\\/le-courrier-des-lecteurs\\\/trois-jours-de-deuil-en-tunisie-pour-le-roi-de-larabie-saoudite-ou-se-planque-le-dictateur-ben-ali\\\/180007\\\/#breadcrumb\",\"itemListElement\":[{\"@type\":\"ListItem\",\"position\":1,\"name\":\"Accueil\",\"item\":\"https:\\\/\\\/www.webdo.tn\\\/fr\\\/\"},{\"@type\":\"ListItem\",\"position\":2,\"name\":\"Trois jours de deuil en Tunisie pour le d\u00e9funt roi de l&rsquo;Arabie Saoudite o\u00f9 se planque le dictateur Ben Ali\"}]},{\"@type\":\"WebSite\",\"@id\":\"https:\\\/\\\/www.webdo.tn\\\/fr\\\/#website\",\"url\":\"https:\\\/\\\/www.webdo.tn\\\/fr\\\/\",\"name\":\"webdo\",\"description\":\"Tunisie - News en Tunisie et \u00e0 l&#039;international sur Webdo.tn\",\"publisher\":{\"@id\":\"https:\\\/\\\/www.webdo.tn\\\/fr\\\/#organization\"},\"potentialAction\":[{\"@type\":\"SearchAction\",\"target\":{\"@type\":\"EntryPoint\",\"urlTemplate\":\"https:\\\/\\\/www.webdo.tn\\\/fr\\\/?s={search_term_string}\"},\"query-input\":{\"@type\":\"PropertyValueSpecification\",\"valueRequired\":true,\"valueName\":\"search_term_string\"}}],\"inLanguage\":\"fr-FR\"},{\"@type\":\"Organization\",\"@id\":\"https:\\\/\\\/www.webdo.tn\\\/fr\\\/#organization\",\"name\":\"Webdo\",\"alternateName\":\"Webdo.tn\",\"url\":\"https:\\\/\\\/www.webdo.tn\\\/fr\\\/\",\"logo\":{\"@type\":\"ImageObject\",\"inLanguage\":\"fr-FR\",\"@id\":\"https:\\\/\\\/www.webdo.tn\\\/fr\\\/#\\\/schema\\\/logo\\\/image\\\/\",\"url\":\"https:\\\/\\\/www.webdo.tn\\\/fr\\\/wp-content\\\/uploads\\\/2025\\\/06\\\/Webdo-Tunisie_168377.jpg\",\"contentUrl\":\"https:\\\/\\\/www.webdo.tn\\\/fr\\\/wp-content\\\/uploads\\\/2025\\\/06\\\/Webdo-Tunisie_168377.jpg\",\"width\":301,\"height\":301,\"caption\":\"Webdo\"},\"image\":{\"@id\":\"https:\\\/\\\/www.webdo.tn\\\/fr\\\/#\\\/schema\\\/logo\\\/image\\\/\"},\"sameAs\":[\"https:\\\/\\\/www.facebook.com\\\/webdotn\",\"https:\\\/\\\/x.com\\\/webdo_tn\"],\"description\":\"Webdo est un m\u00e9dia num\u00e9rique tunisien fond\u00e9 en 2010, sp\u00e9cialis\u00e9 dans l\u2019actualit\u00e9 nationale et internationale, l\u2019\u00e9conomie, la soci\u00e9t\u00e9 et les analyses politiques. Le site s\u2019adresse \u00e0 un large public francophone et couvre l\u2019information tunisienne en temps r\u00e9el.\",\"email\":\"redac@webdo.tn\",\"legalName\":\"YNJ SARL\",\"foundingDate\":\"2010-09-06\",\"numberOfEmployees\":{\"@type\":\"QuantitativeValue\",\"minValue\":\"11\",\"maxValue\":\"50\"}},{\"@type\":\"Person\",\"@id\":\"https:\\\/\\\/www.webdo.tn\\\/fr\\\/#\\\/schema\\\/person\\\/9a9c6118d687c117df8ef3cc36a4d175\",\"name\":\"webdo.tn\",\"image\":{\"@type\":\"ImageObject\",\"inLanguage\":\"fr-FR\",\"@id\":\"https:\\\/\\\/secure.gravatar.com\\\/avatar\\\/7ce1f28c0c3bbac99ff550b85ef8e44a6950c6ee24514fb6a5489e51d06f0298?s=96&d=mm&r=g\",\"url\":\"https:\\\/\\\/secure.gravatar.com\\\/avatar\\\/7ce1f28c0c3bbac99ff550b85ef8e44a6950c6ee24514fb6a5489e51d06f0298?s=96&d=mm&r=g\",\"contentUrl\":\"https:\\\/\\\/secure.gravatar.com\\\/avatar\\\/7ce1f28c0c3bbac99ff550b85ef8e44a6950c6ee24514fb6a5489e51d06f0298?s=96&d=mm&r=g\",\"caption\":\"webdo.tn\"},\"url\":\"https:\\\/\\\/www.webdo.tn\\\/fr\\\/actualite\\\/author\\\/webdotn\\\/\"}]}<\/script>\n<!-- \/ Yoast SEO Premium plugin. -->","yoast_head_json":{"title":"Trois jours de deuil en Tunisie pour le d\u00e9funt roi de l'Arabie Saoudite o\u00f9 se planque le dictateur Ben Ali","description":"Trois jours de deuil en Tunisie pour le d\u00e9funt roi de l'Arabie Saoudite o\u00f9 se planque le dictateur Ben Ali","canonical":"https:\/\/www.webdo.tn\/fr\/actualite\/le-courrier-des-lecteurs\/trois-jours-de-deuil-en-tunisie-pour-le-roi-de-larabie-saoudite-ou-se-planque-le-dictateur-ben-ali\/180007\/","og_locale":"fr_FR","og_type":"article","og_title":"Trois jours de deuil en Tunisie pour le d\u00e9funt roi de l'Arabie Saoudite o\u00f9 se planque le dictateur Ben Ali","og_description":"Trois jours de deuil en Tunisie pour le d\u00e9funt roi de l'Arabie Saoudite o\u00f9 se planque le dictateur Ben Ali","og_url":"https:\/\/www.webdo.tn\/fr\/actualite\/le-courrier-des-lecteurs\/trois-jours-de-deuil-en-tunisie-pour-le-roi-de-larabie-saoudite-ou-se-planque-le-dictateur-ben-ali\/180007\/","og_site_name":"webdo","article_publisher":"https:\/\/www.facebook.com\/webdotn","article_published_time":"2015-01-24T16:39:00+00:00","article_modified_time":"2025-05-22T13:00:29+00:00","og_image":[{"width":394,"height":262,"url":"https:\/\/www.webdo.tn\/fr\/wp-content\/uploads\/2015\/01\/Nadia-Chaabane.jpg","type":"image\/jpeg"}],"author":"webdo.tn","twitter_card":"summary_large_image","twitter_creator":"@webdo_tn","twitter_site":"@webdo_tn","twitter_misc":{"\u00c9crit par":"webdo.tn","Dur\u00e9e de lecture estim\u00e9e":"1 minute"},"schema":{"@context":"https:\/\/schema.org","@graph":[{"@type":"NewsArticle","@id":"https:\/\/www.webdo.tn\/fr\/actualite\/le-courrier-des-lecteurs\/trois-jours-de-deuil-en-tunisie-pour-le-roi-de-larabie-saoudite-ou-se-planque-le-dictateur-ben-ali\/180007\/#article","isPartOf":{"@id":"https:\/\/www.webdo.tn\/fr\/actualite\/le-courrier-des-lecteurs\/trois-jours-de-deuil-en-tunisie-pour-le-roi-de-larabie-saoudite-ou-se-planque-le-dictateur-ben-ali\/180007\/"},"author":{"name":"webdo.tn","@id":"https:\/\/www.webdo.tn\/fr\/#\/schema\/person\/9a9c6118d687c117df8ef3cc36a4d175"},"headline":"Trois jours de deuil en Tunisie pour le d\u00e9funt roi de l&rsquo;Arabie Saoudite o\u00f9 se planque le dictateur Ben Ali","datePublished":"2015-01-24T16:39:00+00:00","dateModified":"2025-05-22T13:00:29+00:00","mainEntityOfPage":{"@id":"https:\/\/www.webdo.tn\/fr\/actualite\/le-courrier-des-lecteurs\/trois-jours-de-deuil-en-tunisie-pour-le-roi-de-larabie-saoudite-ou-se-planque-le-dictateur-ben-ali\/180007\/"},"wordCount":279,"commentCount":0,"publisher":{"@id":"https:\/\/www.webdo.tn\/fr\/#organization"},"image":{"@id":"https:\/\/www.webdo.tn\/fr\/actualite\/le-courrier-des-lecteurs\/trois-jours-de-deuil-en-tunisie-pour-le-roi-de-larabie-saoudite-ou-se-planque-le-dictateur-ben-ali\/180007\/#primaryimage"},"thumbnailUrl":"https:\/\/www.webdo.tn\/fr\/wp-content\/uploads\/2015\/01\/Nadia-Chaabane.jpg","articleSection":["Le courrier des lecteurs"],"inLanguage":"fr-FR"},{"@type":"WebPage","@id":"https:\/\/www.webdo.tn\/fr\/actualite\/le-courrier-des-lecteurs\/trois-jours-de-deuil-en-tunisie-pour-le-roi-de-larabie-saoudite-ou-se-planque-le-dictateur-ben-ali\/180007\/","url":"https:\/\/www.webdo.tn\/fr\/actualite\/le-courrier-des-lecteurs\/trois-jours-de-deuil-en-tunisie-pour-le-roi-de-larabie-saoudite-ou-se-planque-le-dictateur-ben-ali\/180007\/","name":"Trois jours de deuil en Tunisie pour le d\u00e9funt roi de l'Arabie Saoudite o\u00f9 se planque le dictateur Ben Ali","isPartOf":{"@id":"https:\/\/www.webdo.tn\/fr\/#website"},"primaryImageOfPage":{"@id":"https:\/\/www.webdo.tn\/fr\/actualite\/le-courrier-des-lecteurs\/trois-jours-de-deuil-en-tunisie-pour-le-roi-de-larabie-saoudite-ou-se-planque-le-dictateur-ben-ali\/180007\/#primaryimage"},"image":{"@id":"https:\/\/www.webdo.tn\/fr\/actualite\/le-courrier-des-lecteurs\/trois-jours-de-deuil-en-tunisie-pour-le-roi-de-larabie-saoudite-ou-se-planque-le-dictateur-ben-ali\/180007\/#primaryimage"},"thumbnailUrl":"https:\/\/www.webdo.tn\/fr\/wp-content\/uploads\/2015\/01\/Nadia-Chaabane.jpg","datePublished":"2015-01-24T16:39:00+00:00","dateModified":"2025-05-22T13:00:29+00:00","description":"Trois jours de deuil en Tunisie pour le d\u00e9funt roi de l'Arabie Saoudite o\u00f9 se planque le dictateur Ben Ali","breadcrumb":{"@id":"https:\/\/www.webdo.tn\/fr\/actualite\/le-courrier-des-lecteurs\/trois-jours-de-deuil-en-tunisie-pour-le-roi-de-larabie-saoudite-ou-se-planque-le-dictateur-ben-ali\/180007\/#breadcrumb"},"inLanguage":"fr-FR","potentialAction":[{"@type":"ReadAction","target":["https:\/\/www.webdo.tn\/fr\/actualite\/le-courrier-des-lecteurs\/trois-jours-de-deuil-en-tunisie-pour-le-roi-de-larabie-saoudite-ou-se-planque-le-dictateur-ben-ali\/180007\/"]}]},{"@type":"ImageObject","inLanguage":"fr-FR","@id":"https:\/\/www.webdo.tn\/fr\/actualite\/le-courrier-des-lecteurs\/trois-jours-de-deuil-en-tunisie-pour-le-roi-de-larabie-saoudite-ou-se-planque-le-dictateur-ben-ali\/180007\/#primaryimage","url":"https:\/\/www.webdo.tn\/fr\/wp-content\/uploads\/2015\/01\/Nadia-Chaabane.jpg","contentUrl":"https:\/\/www.webdo.tn\/fr\/wp-content\/uploads\/2015\/01\/Nadia-Chaabane.jpg","width":394,"height":262,"caption":"Trois jours de deuil en Tunisie pour le d\u00e9funt roi de l'Arabie Saoudite o\u00f9 se planque le dictateur Ben Ali"},{"@type":"BreadcrumbList","@id":"https:\/\/www.webdo.tn\/fr\/actualite\/le-courrier-des-lecteurs\/trois-jours-de-deuil-en-tunisie-pour-le-roi-de-larabie-saoudite-ou-se-planque-le-dictateur-ben-ali\/180007\/#breadcrumb","itemListElement":[{"@type":"ListItem","position":1,"name":"Accueil","item":"https:\/\/www.webdo.tn\/fr\/"},{"@type":"ListItem","position":2,"name":"Trois jours de deuil en Tunisie pour le d\u00e9funt roi de l&rsquo;Arabie Saoudite o\u00f9 se planque le dictateur Ben Ali"}]},{"@type":"WebSite","@id":"https:\/\/www.webdo.tn\/fr\/#website","url":"https:\/\/www.webdo.tn\/fr\/","name":"webdo","description":"Tunisie - News en Tunisie et \u00e0 l&#039;international sur Webdo.tn","publisher":{"@id":"https:\/\/www.webdo.tn\/fr\/#organization"},"potentialAction":[{"@type":"SearchAction","target":{"@type":"EntryPoint","urlTemplate":"https:\/\/www.webdo.tn\/fr\/?s={search_term_string}"},"query-input":{"@type":"PropertyValueSpecification","valueRequired":true,"valueName":"search_term_string"}}],"inLanguage":"fr-FR"},{"@type":"Organization","@id":"https:\/\/www.webdo.tn\/fr\/#organization","name":"Webdo","alternateName":"Webdo.tn","url":"https:\/\/www.webdo.tn\/fr\/","logo":{"@type":"ImageObject","inLanguage":"fr-FR","@id":"https:\/\/www.webdo.tn\/fr\/#\/schema\/logo\/image\/","url":"https:\/\/www.webdo.tn\/fr\/wp-content\/uploads\/2025\/06\/Webdo-Tunisie_168377.jpg","contentUrl":"https:\/\/www.webdo.tn\/fr\/wp-content\/uploads\/2025\/06\/Webdo-Tunisie_168377.jpg","width":301,"height":301,"caption":"Webdo"},"image":{"@id":"https:\/\/www.webdo.tn\/fr\/#\/schema\/logo\/image\/"},"sameAs":["https:\/\/www.facebook.com\/webdotn","https:\/\/x.com\/webdo_tn"],"description":"Webdo est un m\u00e9dia num\u00e9rique tunisien fond\u00e9 en 2010, sp\u00e9cialis\u00e9 dans l\u2019actualit\u00e9 nationale et internationale, l\u2019\u00e9conomie, la soci\u00e9t\u00e9 et les analyses politiques. Le site s\u2019adresse \u00e0 un large public francophone et couvre l\u2019information tunisienne en temps r\u00e9el.","email":"redac@webdo.tn","legalName":"YNJ SARL","foundingDate":"2010-09-06","numberOfEmployees":{"@type":"QuantitativeValue","minValue":"11","maxValue":"50"}},{"@type":"Person","@id":"https:\/\/www.webdo.tn\/fr\/#\/schema\/person\/9a9c6118d687c117df8ef3cc36a4d175","name":"webdo.tn","image":{"@type":"ImageObject","inLanguage":"fr-FR","@id":"https:\/\/secure.gravatar.com\/avatar\/7ce1f28c0c3bbac99ff550b85ef8e44a6950c6ee24514fb6a5489e51d06f0298?s=96&d=mm&r=g","url":"https:\/\/secure.gravatar.com\/avatar\/7ce1f28c0c3bbac99ff550b85ef8e44a6950c6ee24514fb6a5489e51d06f0298?s=96&d=mm&r=g","contentUrl":"https:\/\/secure.gravatar.com\/avatar\/7ce1f28c0c3bbac99ff550b85ef8e44a6950c6ee24514fb6a5489e51d06f0298?s=96&d=mm&r=g","caption":"webdo.tn"},"url":"https:\/\/www.webdo.tn\/fr\/actualite\/author\/webdotn\/"}]}},"_links":{"self":[{"href":"https:\/\/www.webdo.tn\/fr\/wp-json\/wp\/v2\/posts\/180007","targetHints":{"allow":["GET"]}}],"collection":[{"href":"https:\/\/www.webdo.tn\/fr\/wp-json\/wp\/v2\/posts"}],"about":[{"href":"https:\/\/www.webdo.tn\/fr\/wp-json\/wp\/v2\/types\/post"}],"author":[{"embeddable":true,"href":"https:\/\/www.webdo.tn\/fr\/wp-json\/wp\/v2\/users\/3222"}],"replies":[{"embeddable":true,"href":"https:\/\/www.webdo.tn\/fr\/wp-json\/wp\/v2\/comments?post=180007"}],"version-history":[{"count":0,"href":"https:\/\/www.webdo.tn\/fr\/wp-json\/wp\/v2\/posts\/180007\/revisions"}],"wp:featuredmedia":[{"embeddable":true,"href":"https:\/\/www.webdo.tn\/fr\/wp-json\/wp\/v2\/media\/319250"}],"wp:attachment":[{"href":"https:\/\/www.webdo.tn\/fr\/wp-json\/wp\/v2\/media?parent=180007"}],"wp:term":[{"taxonomy":"category","embeddable":true,"href":"https:\/\/www.webdo.tn\/fr\/wp-json\/wp\/v2\/categories?post=180007"},{"taxonomy":"post_tag","embeddable":true,"href":"https:\/\/www.webdo.tn\/fr\/wp-json\/wp\/v2\/tags?post=180007"}],"curies":[{"name":"wp","href":"https:\/\/api.w.org\/{rel}","templated":true}]}}