{"id":180003,"date":"2015-03-07T19:54:00","date_gmt":"2015-03-07T18:54:00","guid":{"rendered":"https:\/\/www.webdo.tn\/fr\/actualite\/le-courrier-des-lecteurs\/tunisie-amina-bettaieb-peint-un-tableau-en-lhonneur-de-khaoula-rchidi-contre-le-drapeau-noir\/180003"},"modified":"2015-03-07T19:54:00","modified_gmt":"2015-03-07T18:54:00","slug":"tunisie-amina-bettaieb-peint-un-tableau-en-lhonneur-de-khaoula-rchidi-contre-le-drapeau-noir","status":"publish","type":"post","link":"https:\/\/www.webdo.tn\/fr\/actualite\/le-courrier-des-lecteurs\/tunisie-amina-bettaieb-peint-un-tableau-en-lhonneur-de-khaoula-rchidi-contre-le-drapeau-noir\/180003\/","title":{"rendered":"Tunisie : Il y a deux ans Khaoula Rchidi d\u00e9fendait le drapeau tunisien contre le \u00ab\u00a0drapeau noir\u00a0\u00bb"},"content":{"rendered":"<p>TRIBUNE | Amina Bettaieb<br \/>\nJ&rsquo;ai r\u00e9alis\u00e9 ce tableau pour que vous n&rsquo;oubliez pas un certain 7 mars 2012. En effet c&rsquo;est un jour qui doit rester grav\u00e9 dans la m\u00e9moire des Tunisiens .<\/p>\n<p>Ce jour-l\u00e0 le drapeau sacr\u00e9 de la Tunisie fut remplac\u00e9 par le drapeau noir des extr\u00e9mistes religieux sous le regard t\u00e9tanis\u00e9 d une foule d \u00e9tudiants, il a fallu qu&rsquo;un petit bout de femme grimpe le mur et affronte ce barbu pour d\u00e9fendre le drapeau tunisien !<br \/>\nSaluons encore une fois le courage de Khaoula Rchidi et n&rsquo;oublions pas que c&rsquo;est gr\u00e2ce aux hommes et aux femmes morts pour le drapeau que les Tunisiens peuvent aujourd\u2019hui manifester librement. <\/p>\n<p>L\u2019affaire du drapeau noir a fait couler beaucoup d\u2019encre en Tunisie. Il y a deux ans jour pour jour, le 7 mars 2012,\u00a0un jeune homme, Yacine Bdiri avait retir\u00e9 l\u2019\u00e9tendard national pour le remplacer par le drapeau noir sur le toit du b\u00e2timent de \u00a0la facult\u00e9 des lettres des arts et des humanit\u00e9s de la Manouba.<\/p>\n<p>Khaoula Rchidi, une\u00a0\u00e9tudiante, qui s&rsquo;est fait connaitre par son courage en emp\u00eachant Yassine Bdiri d&rsquo;enlever le drapeau national, est devenue une h\u00e9ro\u00efne.<\/p>\n<p>Le 12 mars 2012, Mlle Rchidi a \u00e9t\u00e9 convi\u00e9e au Palais de Carthage, pour son geste h\u00e9ro\u00efque. Elle a \u00e9t\u00e9 d\u00e9cor\u00e9e par l&rsquo;ancien pr\u00e9sident de de la R\u00e9publique, Moncef Marzouki.<\/p>\n<p>Ce drapeau noir, appel\u00e9 \u00ab\u00a0Rayat Al Oqab\u00a0\u00bb, en r\u00e9f\u00e9rence \u00e0 l&rsquo;aigle, est li\u00e9 historiquement aux conqu\u00eates islamiques, depuis l&rsquo;\u00e8re des\u00a0Abbassides au VIII\u00e8me si\u00e8cle. Aujourd&rsquo;hui, il\u00a0est l&rsquo;\u00e9tendard des groupes terroristes comme Al Qaida, Ansar Charia et Daech mais aussi du mouvement islamiste Ettahrir qui revendique la charia comme seule loi.<\/p>\n","protected":false},"excerpt":{"rendered":"<p>TRIBUNE | Amina Bettaieb<br \/>\nJ&rsquo;ai r\u00e9alis\u00e9 ce tableau pour que vous n&rsquo;oubliez pas un certain 7 mars 2012. En effet c&rsquo;est un jour qui doit rester grav\u00e9 dans <\/p>\n","protected":false},"author":3222,"featured_media":375329,"comment_status":"open","ping_status":"open","sticky":false,"template":"","format":"standard","meta":{"footnotes":""},"categories":[7043],"tags":[],"class_list":["post-180003","post","type-post","status-publish","format-standard","has-post-thumbnail","hentry","category-le-courrier-des-lecteurs"],"yoast_head":"<!-- This site is optimized with the Yoast SEO Premium plugin v27.5 (Yoast SEO v27.5) - https:\/\/yoast.com\/product\/yoast-seo-premium-wordpress\/ -->\n<title>Tunisie : Il y a deux ans Khaoula Rchidi d\u00e9fendait le drapeau tunisien contre le drapeau noir<\/title>\n<meta name=\"description\" content=\"Tunisie : Il y a deux ans Khaoula Rchidi d\u00e9fendait le drapeau tunisien contre le drapeau noir\" \/>\n<link rel=\"canonical\" href=\"https:\/\/www.webdo.tn\/fr\/actualite\/le-courrier-des-lecteurs\/tunisie-amina-bettaieb-peint-un-tableau-en-lhonneur-de-khaoula-rchidi-contre-le-drapeau-noir\/180003\/\" \/>\n<meta property=\"og:locale\" content=\"fr_FR\" \/>\n<meta property=\"og:type\" content=\"article\" \/>\n<meta property=\"og:title\" content=\"Tunisie : Il y a deux ans Khaoula Rchidi d\u00e9fendait le drapeau tunisien contre le &quot;drapeau noir&quot;\" \/>\n<meta property=\"og:description\" content=\"Tunisie : Il y a deux ans Khaoula Rchidi d\u00e9fendait le drapeau tunisien contre le drapeau noir\" \/>\n<meta property=\"og:url\" content=\"https:\/\/www.webdo.tn\/fr\/actualite\/le-courrier-des-lecteurs\/tunisie-amina-bettaieb-peint-un-tableau-en-lhonneur-de-khaoula-rchidi-contre-le-drapeau-noir\/180003\/\" \/>\n<meta property=\"og:site_name\" content=\"webdo\" \/>\n<meta property=\"article:publisher\" content=\"https:\/\/www.facebook.com\/webdotn\" \/>\n<meta property=\"article:published_time\" content=\"2015-03-07T18:54:00+00:00\" \/>\n<meta property=\"og:image\" content=\"https:\/\/www.webdo.tn\/fr\/wp-content\/uploads\/2025\/06\/Capture-decran-2015-03-07-a-19.40.48-e1425754025901_180003.png\" \/>\n\t<meta property=\"og:image:width\" content=\"600\" \/>\n\t<meta property=\"og:image:height\" content=\"562\" \/>\n\t<meta property=\"og:image:type\" content=\"image\/png\" \/>\n<meta name=\"author\" content=\"webdo.tn\" \/>\n<meta name=\"twitter:card\" content=\"summary_large_image\" \/>\n<meta name=\"twitter:creator\" content=\"@webdo_tn\" \/>\n<meta name=\"twitter:site\" content=\"@webdo_tn\" \/>\n<meta name=\"twitter:label1\" content=\"\u00c9crit par\" \/>\n\t<meta name=\"twitter:data1\" content=\"webdo.tn\" \/>\n\t<meta name=\"twitter:label2\" content=\"Dur\u00e9e de lecture estim\u00e9e\" \/>\n\t<meta name=\"twitter:data2\" content=\"1 minute\" \/>\n<script type=\"application\/ld+json\" class=\"yoast-schema-graph\">{\"@context\":\"https:\\\/\\\/schema.org\",\"@graph\":[{\"@type\":\"NewsArticle\",\"@id\":\"https:\\\/\\\/www.webdo.tn\\\/fr\\\/actualite\\\/le-courrier-des-lecteurs\\\/tunisie-amina-bettaieb-peint-un-tableau-en-lhonneur-de-khaoula-rchidi-contre-le-drapeau-noir\\\/180003\\\/#article\",\"isPartOf\":{\"@id\":\"https:\\\/\\\/www.webdo.tn\\\/fr\\\/actualite\\\/le-courrier-des-lecteurs\\\/tunisie-amina-bettaieb-peint-un-tableau-en-lhonneur-de-khaoula-rchidi-contre-le-drapeau-noir\\\/180003\\\/\"},\"author\":{\"name\":\"webdo.tn\",\"@id\":\"https:\\\/\\\/www.webdo.tn\\\/fr\\\/#\\\/schema\\\/person\\\/9a9c6118d687c117df8ef3cc36a4d175\"},\"headline\":\"Tunisie : Il y a deux ans Khaoula Rchidi d\u00e9fendait le drapeau tunisien contre le \u00ab\u00a0drapeau noir\u00a0\u00bb\",\"datePublished\":\"2015-03-07T18:54:00+00:00\",\"mainEntityOfPage\":{\"@id\":\"https:\\\/\\\/www.webdo.tn\\\/fr\\\/actualite\\\/le-courrier-des-lecteurs\\\/tunisie-amina-bettaieb-peint-un-tableau-en-lhonneur-de-khaoula-rchidi-contre-le-drapeau-noir\\\/180003\\\/\"},\"wordCount\":319,\"commentCount\":0,\"publisher\":{\"@id\":\"https:\\\/\\\/www.webdo.tn\\\/fr\\\/#organization\"},\"image\":{\"@id\":\"https:\\\/\\\/www.webdo.tn\\\/fr\\\/actualite\\\/le-courrier-des-lecteurs\\\/tunisie-amina-bettaieb-peint-un-tableau-en-lhonneur-de-khaoula-rchidi-contre-le-drapeau-noir\\\/180003\\\/#primaryimage\"},\"thumbnailUrl\":\"https:\\\/\\\/www.webdo.tn\\\/fr\\\/wp-content\\\/uploads\\\/2025\\\/06\\\/Capture-decran-2015-03-07-a-19.40.48-e1425754025901_180003.png\",\"articleSection\":[\"Le courrier des lecteurs\"],\"inLanguage\":\"fr-FR\"},{\"@type\":\"WebPage\",\"@id\":\"https:\\\/\\\/www.webdo.tn\\\/fr\\\/actualite\\\/le-courrier-des-lecteurs\\\/tunisie-amina-bettaieb-peint-un-tableau-en-lhonneur-de-khaoula-rchidi-contre-le-drapeau-noir\\\/180003\\\/\",\"url\":\"https:\\\/\\\/www.webdo.tn\\\/fr\\\/actualite\\\/le-courrier-des-lecteurs\\\/tunisie-amina-bettaieb-peint-un-tableau-en-lhonneur-de-khaoula-rchidi-contre-le-drapeau-noir\\\/180003\\\/\",\"name\":\"Tunisie : Il y a deux ans Khaoula Rchidi d\u00e9fendait le drapeau tunisien contre le drapeau noir\",\"isPartOf\":{\"@id\":\"https:\\\/\\\/www.webdo.tn\\\/fr\\\/#website\"},\"primaryImageOfPage\":{\"@id\":\"https:\\\/\\\/www.webdo.tn\\\/fr\\\/actualite\\\/le-courrier-des-lecteurs\\\/tunisie-amina-bettaieb-peint-un-tableau-en-lhonneur-de-khaoula-rchidi-contre-le-drapeau-noir\\\/180003\\\/#primaryimage\"},\"image\":{\"@id\":\"https:\\\/\\\/www.webdo.tn\\\/fr\\\/actualite\\\/le-courrier-des-lecteurs\\\/tunisie-amina-bettaieb-peint-un-tableau-en-lhonneur-de-khaoula-rchidi-contre-le-drapeau-noir\\\/180003\\\/#primaryimage\"},\"thumbnailUrl\":\"https:\\\/\\\/www.webdo.tn\\\/fr\\\/wp-content\\\/uploads\\\/2025\\\/06\\\/Capture-decran-2015-03-07-a-19.40.48-e1425754025901_180003.png\",\"datePublished\":\"2015-03-07T18:54:00+00:00\",\"description\":\"Tunisie : Il y a deux ans Khaoula Rchidi d\u00e9fendait le drapeau tunisien contre le drapeau noir\",\"breadcrumb\":{\"@id\":\"https:\\\/\\\/www.webdo.tn\\\/fr\\\/actualite\\\/le-courrier-des-lecteurs\\\/tunisie-amina-bettaieb-peint-un-tableau-en-lhonneur-de-khaoula-rchidi-contre-le-drapeau-noir\\\/180003\\\/#breadcrumb\"},\"inLanguage\":\"fr-FR\",\"potentialAction\":[{\"@type\":\"ReadAction\",\"target\":[\"https:\\\/\\\/www.webdo.tn\\\/fr\\\/actualite\\\/le-courrier-des-lecteurs\\\/tunisie-amina-bettaieb-peint-un-tableau-en-lhonneur-de-khaoula-rchidi-contre-le-drapeau-noir\\\/180003\\\/\"]}]},{\"@type\":\"ImageObject\",\"inLanguage\":\"fr-FR\",\"@id\":\"https:\\\/\\\/www.webdo.tn\\\/fr\\\/actualite\\\/le-courrier-des-lecteurs\\\/tunisie-amina-bettaieb-peint-un-tableau-en-lhonneur-de-khaoula-rchidi-contre-le-drapeau-noir\\\/180003\\\/#primaryimage\",\"url\":\"https:\\\/\\\/www.webdo.tn\\\/fr\\\/wp-content\\\/uploads\\\/2025\\\/06\\\/Capture-decran-2015-03-07-a-19.40.48-e1425754025901_180003.png\",\"contentUrl\":\"https:\\\/\\\/www.webdo.tn\\\/fr\\\/wp-content\\\/uploads\\\/2025\\\/06\\\/Capture-decran-2015-03-07-a-19.40.48-e1425754025901_180003.png\",\"width\":600,\"height\":562,\"caption\":\"Tunisie : Il y a deux ans Khaoula Rchidi d\u00e9fendait le drapeau tunisien contre le \\\"drapeau noir\\\"\"},{\"@type\":\"BreadcrumbList\",\"@id\":\"https:\\\/\\\/www.webdo.tn\\\/fr\\\/actualite\\\/le-courrier-des-lecteurs\\\/tunisie-amina-bettaieb-peint-un-tableau-en-lhonneur-de-khaoula-rchidi-contre-le-drapeau-noir\\\/180003\\\/#breadcrumb\",\"itemListElement\":[{\"@type\":\"ListItem\",\"position\":1,\"name\":\"Accueil\",\"item\":\"https:\\\/\\\/www.webdo.tn\\\/fr\\\/\"},{\"@type\":\"ListItem\",\"position\":2,\"name\":\"Tunisie : Il y a deux ans Khaoula Rchidi d\u00e9fendait le drapeau tunisien contre le \u00ab\u00a0drapeau noir\u00a0\u00bb\"}]},{\"@type\":\"WebSite\",\"@id\":\"https:\\\/\\\/www.webdo.tn\\\/fr\\\/#website\",\"url\":\"https:\\\/\\\/www.webdo.tn\\\/fr\\\/\",\"name\":\"webdo\",\"description\":\"Tunisie - News en Tunisie et \u00e0 l&#039;international sur Webdo.tn\",\"publisher\":{\"@id\":\"https:\\\/\\\/www.webdo.tn\\\/fr\\\/#organization\"},\"potentialAction\":[{\"@type\":\"SearchAction\",\"target\":{\"@type\":\"EntryPoint\",\"urlTemplate\":\"https:\\\/\\\/www.webdo.tn\\\/fr\\\/?s={search_term_string}\"},\"query-input\":{\"@type\":\"PropertyValueSpecification\",\"valueRequired\":true,\"valueName\":\"search_term_string\"}}],\"inLanguage\":\"fr-FR\"},{\"@type\":\"Organization\",\"@id\":\"https:\\\/\\\/www.webdo.tn\\\/fr\\\/#organization\",\"name\":\"Webdo\",\"alternateName\":\"Webdo.tn\",\"url\":\"https:\\\/\\\/www.webdo.tn\\\/fr\\\/\",\"logo\":{\"@type\":\"ImageObject\",\"inLanguage\":\"fr-FR\",\"@id\":\"https:\\\/\\\/www.webdo.tn\\\/fr\\\/#\\\/schema\\\/logo\\\/image\\\/\",\"url\":\"https:\\\/\\\/www.webdo.tn\\\/fr\\\/wp-content\\\/uploads\\\/2025\\\/06\\\/Webdo-Tunisie_168377.jpg\",\"contentUrl\":\"https:\\\/\\\/www.webdo.tn\\\/fr\\\/wp-content\\\/uploads\\\/2025\\\/06\\\/Webdo-Tunisie_168377.jpg\",\"width\":301,\"height\":301,\"caption\":\"Webdo\"},\"image\":{\"@id\":\"https:\\\/\\\/www.webdo.tn\\\/fr\\\/#\\\/schema\\\/logo\\\/image\\\/\"},\"sameAs\":[\"https:\\\/\\\/www.facebook.com\\\/webdotn\",\"https:\\\/\\\/x.com\\\/webdo_tn\"],\"description\":\"Webdo est un m\u00e9dia num\u00e9rique tunisien fond\u00e9 en 2010, sp\u00e9cialis\u00e9 dans l\u2019actualit\u00e9 nationale et internationale, l\u2019\u00e9conomie, la soci\u00e9t\u00e9 et les analyses politiques. Le site s\u2019adresse \u00e0 un large public francophone et couvre l\u2019information tunisienne en temps r\u00e9el.\",\"email\":\"redac@webdo.tn\",\"legalName\":\"YNJ SARL\",\"foundingDate\":\"2010-09-06\",\"numberOfEmployees\":{\"@type\":\"QuantitativeValue\",\"minValue\":\"11\",\"maxValue\":\"50\"}},{\"@type\":\"Person\",\"@id\":\"https:\\\/\\\/www.webdo.tn\\\/fr\\\/#\\\/schema\\\/person\\\/9a9c6118d687c117df8ef3cc36a4d175\",\"name\":\"webdo.tn\",\"image\":{\"@type\":\"ImageObject\",\"inLanguage\":\"fr-FR\",\"@id\":\"https:\\\/\\\/secure.gravatar.com\\\/avatar\\\/7ce1f28c0c3bbac99ff550b85ef8e44a6950c6ee24514fb6a5489e51d06f0298?s=96&d=mm&r=g\",\"url\":\"https:\\\/\\\/secure.gravatar.com\\\/avatar\\\/7ce1f28c0c3bbac99ff550b85ef8e44a6950c6ee24514fb6a5489e51d06f0298?s=96&d=mm&r=g\",\"contentUrl\":\"https:\\\/\\\/secure.gravatar.com\\\/avatar\\\/7ce1f28c0c3bbac99ff550b85ef8e44a6950c6ee24514fb6a5489e51d06f0298?s=96&d=mm&r=g\",\"caption\":\"webdo.tn\"},\"url\":\"https:\\\/\\\/www.webdo.tn\\\/fr\\\/actualite\\\/author\\\/webdotn\\\/\"}]}<\/script>\n<!-- \/ Yoast SEO Premium plugin. -->","yoast_head_json":{"title":"Tunisie : Il y a deux ans Khaoula Rchidi d\u00e9fendait le drapeau tunisien contre le drapeau noir","description":"Tunisie : Il y a deux ans Khaoula Rchidi d\u00e9fendait le drapeau tunisien contre le drapeau noir","canonical":"https:\/\/www.webdo.tn\/fr\/actualite\/le-courrier-des-lecteurs\/tunisie-amina-bettaieb-peint-un-tableau-en-lhonneur-de-khaoula-rchidi-contre-le-drapeau-noir\/180003\/","og_locale":"fr_FR","og_type":"article","og_title":"Tunisie : Il y a deux ans Khaoula Rchidi d\u00e9fendait le drapeau tunisien contre le \"drapeau noir\"","og_description":"Tunisie : Il y a deux ans Khaoula Rchidi d\u00e9fendait le drapeau tunisien contre le drapeau noir","og_url":"https:\/\/www.webdo.tn\/fr\/actualite\/le-courrier-des-lecteurs\/tunisie-amina-bettaieb-peint-un-tableau-en-lhonneur-de-khaoula-rchidi-contre-le-drapeau-noir\/180003\/","og_site_name":"webdo","article_publisher":"https:\/\/www.facebook.com\/webdotn","article_published_time":"2015-03-07T18:54:00+00:00","og_image":[{"width":600,"height":562,"url":"https:\/\/www.webdo.tn\/fr\/wp-content\/uploads\/2025\/06\/Capture-decran-2015-03-07-a-19.40.48-e1425754025901_180003.png","type":"image\/png"}],"author":"webdo.tn","twitter_card":"summary_large_image","twitter_creator":"@webdo_tn","twitter_site":"@webdo_tn","twitter_misc":{"\u00c9crit par":"webdo.tn","Dur\u00e9e de lecture estim\u00e9e":"1 minute"},"schema":{"@context":"https:\/\/schema.org","@graph":[{"@type":"NewsArticle","@id":"https:\/\/www.webdo.tn\/fr\/actualite\/le-courrier-des-lecteurs\/tunisie-amina-bettaieb-peint-un-tableau-en-lhonneur-de-khaoula-rchidi-contre-le-drapeau-noir\/180003\/#article","isPartOf":{"@id":"https:\/\/www.webdo.tn\/fr\/actualite\/le-courrier-des-lecteurs\/tunisie-amina-bettaieb-peint-un-tableau-en-lhonneur-de-khaoula-rchidi-contre-le-drapeau-noir\/180003\/"},"author":{"name":"webdo.tn","@id":"https:\/\/www.webdo.tn\/fr\/#\/schema\/person\/9a9c6118d687c117df8ef3cc36a4d175"},"headline":"Tunisie : Il y a deux ans Khaoula Rchidi d\u00e9fendait le drapeau tunisien contre le \u00ab\u00a0drapeau noir\u00a0\u00bb","datePublished":"2015-03-07T18:54:00+00:00","mainEntityOfPage":{"@id":"https:\/\/www.webdo.tn\/fr\/actualite\/le-courrier-des-lecteurs\/tunisie-amina-bettaieb-peint-un-tableau-en-lhonneur-de-khaoula-rchidi-contre-le-drapeau-noir\/180003\/"},"wordCount":319,"commentCount":0,"publisher":{"@id":"https:\/\/www.webdo.tn\/fr\/#organization"},"image":{"@id":"https:\/\/www.webdo.tn\/fr\/actualite\/le-courrier-des-lecteurs\/tunisie-amina-bettaieb-peint-un-tableau-en-lhonneur-de-khaoula-rchidi-contre-le-drapeau-noir\/180003\/#primaryimage"},"thumbnailUrl":"https:\/\/www.webdo.tn\/fr\/wp-content\/uploads\/2025\/06\/Capture-decran-2015-03-07-a-19.40.48-e1425754025901_180003.png","articleSection":["Le courrier des lecteurs"],"inLanguage":"fr-FR"},{"@type":"WebPage","@id":"https:\/\/www.webdo.tn\/fr\/actualite\/le-courrier-des-lecteurs\/tunisie-amina-bettaieb-peint-un-tableau-en-lhonneur-de-khaoula-rchidi-contre-le-drapeau-noir\/180003\/","url":"https:\/\/www.webdo.tn\/fr\/actualite\/le-courrier-des-lecteurs\/tunisie-amina-bettaieb-peint-un-tableau-en-lhonneur-de-khaoula-rchidi-contre-le-drapeau-noir\/180003\/","name":"Tunisie : Il y a deux ans Khaoula Rchidi d\u00e9fendait le drapeau tunisien contre le drapeau noir","isPartOf":{"@id":"https:\/\/www.webdo.tn\/fr\/#website"},"primaryImageOfPage":{"@id":"https:\/\/www.webdo.tn\/fr\/actualite\/le-courrier-des-lecteurs\/tunisie-amina-bettaieb-peint-un-tableau-en-lhonneur-de-khaoula-rchidi-contre-le-drapeau-noir\/180003\/#primaryimage"},"image":{"@id":"https:\/\/www.webdo.tn\/fr\/actualite\/le-courrier-des-lecteurs\/tunisie-amina-bettaieb-peint-un-tableau-en-lhonneur-de-khaoula-rchidi-contre-le-drapeau-noir\/180003\/#primaryimage"},"thumbnailUrl":"https:\/\/www.webdo.tn\/fr\/wp-content\/uploads\/2025\/06\/Capture-decran-2015-03-07-a-19.40.48-e1425754025901_180003.png","datePublished":"2015-03-07T18:54:00+00:00","description":"Tunisie : Il y a deux ans Khaoula Rchidi d\u00e9fendait le drapeau tunisien contre le drapeau noir","breadcrumb":{"@id":"https:\/\/www.webdo.tn\/fr\/actualite\/le-courrier-des-lecteurs\/tunisie-amina-bettaieb-peint-un-tableau-en-lhonneur-de-khaoula-rchidi-contre-le-drapeau-noir\/180003\/#breadcrumb"},"inLanguage":"fr-FR","potentialAction":[{"@type":"ReadAction","target":["https:\/\/www.webdo.tn\/fr\/actualite\/le-courrier-des-lecteurs\/tunisie-amina-bettaieb-peint-un-tableau-en-lhonneur-de-khaoula-rchidi-contre-le-drapeau-noir\/180003\/"]}]},{"@type":"ImageObject","inLanguage":"fr-FR","@id":"https:\/\/www.webdo.tn\/fr\/actualite\/le-courrier-des-lecteurs\/tunisie-amina-bettaieb-peint-un-tableau-en-lhonneur-de-khaoula-rchidi-contre-le-drapeau-noir\/180003\/#primaryimage","url":"https:\/\/www.webdo.tn\/fr\/wp-content\/uploads\/2025\/06\/Capture-decran-2015-03-07-a-19.40.48-e1425754025901_180003.png","contentUrl":"https:\/\/www.webdo.tn\/fr\/wp-content\/uploads\/2025\/06\/Capture-decran-2015-03-07-a-19.40.48-e1425754025901_180003.png","width":600,"height":562,"caption":"Tunisie : Il y a deux ans Khaoula Rchidi d\u00e9fendait le drapeau tunisien contre le \"drapeau noir\""},{"@type":"BreadcrumbList","@id":"https:\/\/www.webdo.tn\/fr\/actualite\/le-courrier-des-lecteurs\/tunisie-amina-bettaieb-peint-un-tableau-en-lhonneur-de-khaoula-rchidi-contre-le-drapeau-noir\/180003\/#breadcrumb","itemListElement":[{"@type":"ListItem","position":1,"name":"Accueil","item":"https:\/\/www.webdo.tn\/fr\/"},{"@type":"ListItem","position":2,"name":"Tunisie : Il y a deux ans Khaoula Rchidi d\u00e9fendait le drapeau tunisien contre le \u00ab\u00a0drapeau noir\u00a0\u00bb"}]},{"@type":"WebSite","@id":"https:\/\/www.webdo.tn\/fr\/#website","url":"https:\/\/www.webdo.tn\/fr\/","name":"webdo","description":"Tunisie - News en Tunisie et \u00e0 l&#039;international sur Webdo.tn","publisher":{"@id":"https:\/\/www.webdo.tn\/fr\/#organization"},"potentialAction":[{"@type":"SearchAction","target":{"@type":"EntryPoint","urlTemplate":"https:\/\/www.webdo.tn\/fr\/?s={search_term_string}"},"query-input":{"@type":"PropertyValueSpecification","valueRequired":true,"valueName":"search_term_string"}}],"inLanguage":"fr-FR"},{"@type":"Organization","@id":"https:\/\/www.webdo.tn\/fr\/#organization","name":"Webdo","alternateName":"Webdo.tn","url":"https:\/\/www.webdo.tn\/fr\/","logo":{"@type":"ImageObject","inLanguage":"fr-FR","@id":"https:\/\/www.webdo.tn\/fr\/#\/schema\/logo\/image\/","url":"https:\/\/www.webdo.tn\/fr\/wp-content\/uploads\/2025\/06\/Webdo-Tunisie_168377.jpg","contentUrl":"https:\/\/www.webdo.tn\/fr\/wp-content\/uploads\/2025\/06\/Webdo-Tunisie_168377.jpg","width":301,"height":301,"caption":"Webdo"},"image":{"@id":"https:\/\/www.webdo.tn\/fr\/#\/schema\/logo\/image\/"},"sameAs":["https:\/\/www.facebook.com\/webdotn","https:\/\/x.com\/webdo_tn"],"description":"Webdo est un m\u00e9dia num\u00e9rique tunisien fond\u00e9 en 2010, sp\u00e9cialis\u00e9 dans l\u2019actualit\u00e9 nationale et internationale, l\u2019\u00e9conomie, la soci\u00e9t\u00e9 et les analyses politiques. Le site s\u2019adresse \u00e0 un large public francophone et couvre l\u2019information tunisienne en temps r\u00e9el.","email":"redac@webdo.tn","legalName":"YNJ SARL","foundingDate":"2010-09-06","numberOfEmployees":{"@type":"QuantitativeValue","minValue":"11","maxValue":"50"}},{"@type":"Person","@id":"https:\/\/www.webdo.tn\/fr\/#\/schema\/person\/9a9c6118d687c117df8ef3cc36a4d175","name":"webdo.tn","image":{"@type":"ImageObject","inLanguage":"fr-FR","@id":"https:\/\/secure.gravatar.com\/avatar\/7ce1f28c0c3bbac99ff550b85ef8e44a6950c6ee24514fb6a5489e51d06f0298?s=96&d=mm&r=g","url":"https:\/\/secure.gravatar.com\/avatar\/7ce1f28c0c3bbac99ff550b85ef8e44a6950c6ee24514fb6a5489e51d06f0298?s=96&d=mm&r=g","contentUrl":"https:\/\/secure.gravatar.com\/avatar\/7ce1f28c0c3bbac99ff550b85ef8e44a6950c6ee24514fb6a5489e51d06f0298?s=96&d=mm&r=g","caption":"webdo.tn"},"url":"https:\/\/www.webdo.tn\/fr\/actualite\/author\/webdotn\/"}]}},"_links":{"self":[{"href":"https:\/\/www.webdo.tn\/fr\/wp-json\/wp\/v2\/posts\/180003","targetHints":{"allow":["GET"]}}],"collection":[{"href":"https:\/\/www.webdo.tn\/fr\/wp-json\/wp\/v2\/posts"}],"about":[{"href":"https:\/\/www.webdo.tn\/fr\/wp-json\/wp\/v2\/types\/post"}],"author":[{"embeddable":true,"href":"https:\/\/www.webdo.tn\/fr\/wp-json\/wp\/v2\/users\/3222"}],"replies":[{"embeddable":true,"href":"https:\/\/www.webdo.tn\/fr\/wp-json\/wp\/v2\/comments?post=180003"}],"version-history":[{"count":0,"href":"https:\/\/www.webdo.tn\/fr\/wp-json\/wp\/v2\/posts\/180003\/revisions"}],"wp:featuredmedia":[{"embeddable":true,"href":"https:\/\/www.webdo.tn\/fr\/wp-json\/wp\/v2\/media\/375329"}],"wp:attachment":[{"href":"https:\/\/www.webdo.tn\/fr\/wp-json\/wp\/v2\/media?parent=180003"}],"wp:term":[{"taxonomy":"category","embeddable":true,"href":"https:\/\/www.webdo.tn\/fr\/wp-json\/wp\/v2\/categories?post=180003"},{"taxonomy":"post_tag","embeddable":true,"href":"https:\/\/www.webdo.tn\/fr\/wp-json\/wp\/v2\/tags?post=180003"}],"curies":[{"name":"wp","href":"https:\/\/api.w.org\/{rel}","templated":true}]}}