{"id":180002,"date":"2015-03-08T16:15:00","date_gmt":"2015-03-08T15:15:00","guid":{"rendered":"https:\/\/www.webdo.tn\/fr\/actualite\/le-courrier-des-lecteurs\/et-si-les-femmes-du-monde-commencaient-par-deconstruire-les-cliches-qui-la-conditionnent\/180002"},"modified":"2015-03-08T16:15:00","modified_gmt":"2015-03-08T15:15:00","slug":"et-si-les-femmes-du-monde-commencaient-par-deconstruire-les-cliches-qui-la-conditionnent","status":"publish","type":"post","link":"https:\/\/www.webdo.tn\/fr\/actualite\/le-courrier-des-lecteurs\/et-si-les-femmes-du-monde-commencaient-par-deconstruire-les-cliches-qui-la-conditionnent\/180002\/","title":{"rendered":"Et si les femmes du monde commen\u00e7aient par d\u00e9construire les clich\u00e9s qui les conditionnent ?"},"content":{"rendered":"<p>TRIBUNE | Mariem Jlassi<br \/>\n [dropcap]A[\/dropcap]ujourd\u2019hui, nous sommes bien le dimanche, 8 mars 2015 \u00e0 Tunis. Et comme chaque ann\u00e9e, plusieurs articles parleront de la \u00ab\u00a0souffrance des femmes, harcel\u00e9es, battues, agress\u00e9es, viol\u00e9es, tu\u00e9es \u2026\u00a0\u00bb Et il l\u2019est vrai, sans grande d\u00e9monstration, que c\u2019est bien l\u2019homme le grand m\u00e9chant de cette histoire \u00e9ternelle.<br \/>\nEt puisque nous sommes dans un pays o\u00f9 on adore vanter \u00ab\u00a0les acquis de la femme\u00a0\u00bb et exhiber ce nationalisme rituel, je propose de vous bousculer un peu, quitte \u00e0 me faire d\u00e9tester.\u00a0Aujourd&rsquo;hui, je propose qu&rsquo;on se disloque des images et qu&rsquo;on se recentre sur notre \u00eatre. Et si pour une fois, on se disait nos v\u00e9rit\u00e9s ?<\/p>\n<p>Et si on d\u00e9passait ces lamentations, certes l\u00e9gitimes mais \u00f4 combien victimaires ?<\/p>\n<p>Et si les femmes arr\u00eataient de tendre l&rsquo;autre joue ? hein\u00a0!<\/p>\n<p>Et si la femme commen\u00e7ait \u00e0 d\u00e9sirer l\u2019homme aussi violemment que ses pulsions lui inspiraient au lieu de les r\u00e9primer de peur qu\u2019on dise d&rsquo;elle : \u00ab\u00a0c\u2019est une pute\u00a0\u00bb\u00a0?<\/p>\n<p>Et si la femme et l\u00b4homme se regardaient enfin comme un homme regarderait un homme ou comme une femme regarderait une femme, en se laissant aller au d\u00e9sir ou \u00e0 la haine ou \u00e0 l\u2019amiti\u00e9 ou ce que vous voulez ; je parle bien s\u00fbr de ces choses qui lient les humains, vous savez\u2026<\/p>\n<p>Et si \u00e0 l\u2019aube, une voix f\u00e9minine r\u00e9veillait les pieux\u00a0pour le devoir sacr\u00e9 ?<\/p>\n<p>Et si pour le caf\u00e9 du matin, la femme regarderait son homme le lui pr\u00e9parer sans se sentir \u00ab\u00a0flatt\u00e9e\u00a0\u00bb ou \u00ab\u00a0reconnaissante\u00a0\u00bb qu\u2019il fasse cet \u00ab\u00a0effort\u00a0\u00bb\u00a0?<\/p>\n<p>Et si la femme, ou les femmes, osait s&rsquo;investir dans la chose publique en acceptant le jeu du pouvoir et ses coups bas pour d\u00e9passer ces recours aux\u00a0revendications du genre \u00ab discrimination positive\u00a0\u00bb pour \u00eatre int\u00e9gr\u00e9e dans un gouvernement ou un parlement\u00a0?<\/p>\n<p>Parce que nous le savons tous, hommes et femmes, avant de parler de discrimination, nous femmes, sommes surtout responsables de notre absence de la vie politique.<\/p>\n<p>Et si Mohamed Ennaceur, pr\u00e9sident de l&rsquo;ARP, nous \u00e9pargnait ces \u00ab\u00a0roses\u00a0\u00bb distribu\u00e9es aux d\u00e9put\u00e9es, car, il faut le dire, ce clich\u00e9 de la femme qui fend devant une rose offerte, c\u2019est un clich\u00e9\u00a0! Du moins pour moi. Certes, certaines fissent par y croire, du conditionnement. Peut-\u00eatre ai-je tort mais une rose ne me fait ni chaud ni froid, personnellement. Je trouve m\u00eame horrible de voir des roses arrach\u00e9es de leur sol.<\/p>\n<p>Et si les femmes osaient cesser d&rsquo;\u00eatre \u00ab\u00a0doucement f\u00e9minines \u00bb et \u00eatre ce qu\u2019elles sont, humainement imparfaites ?<\/p>\n<p>Et si toutes ces normes sociales et ces clich\u00e9s qui nous conditionnent depuis des lustres, depuis notre naissance m\u00eame, changeaient pour laisser place \u00e0 la nature brute et sans fard de ces individus, qui se trouvent \u00eatre, en effet, \u00a0de sexe f\u00e9minin\u00a0?<\/p>\n<p>Et si ce prisme se d\u00e9gageait pour offrir \u00e0 l\u2019humanit\u00e9 une d\u00e9construction de l\u2019image que je viens d\u2019esquisser pour passer \u00e0 une reconnaissance entre nous, humains &#8230;<\/p>\n","protected":false},"excerpt":{"rendered":"<p>TRIBUNE | Mariem Jlassi<br \/>\n [dropcap]A[\/dropcap]ujourd\u2019hui, nous sommes bien le dimanche, 8 mars 2015 \u00e0 Tunis. Et comme chaque ann\u00e9e, plusieurs articles <\/p>\n","protected":false},"author":3222,"featured_media":373068,"comment_status":"open","ping_status":"open","sticky":false,"template":"","format":"standard","meta":{"footnotes":""},"categories":[7043],"tags":[],"class_list":["post-180002","post","type-post","status-publish","format-standard","has-post-thumbnail","hentry","category-le-courrier-des-lecteurs"],"yoast_head":"<!-- This site is optimized with the Yoast SEO Premium plugin v27.5 (Yoast SEO v27.5) - https:\/\/yoast.com\/product\/yoast-seo-premium-wordpress\/ -->\n<title>Et si les femmes du monde commen\u00e7aient par d\u00e9construire les clich\u00e9s qui les conditionnent ?<\/title>\n<meta name=\"description\" content=\"Et si les femmes du monde commen\u00e7aient par d\u00e9construire les clich\u00e9s qui les conditionnent ?\" \/>\n<link rel=\"canonical\" href=\"https:\/\/www.webdo.tn\/fr\/actualite\/le-courrier-des-lecteurs\/et-si-les-femmes-du-monde-commencaient-par-deconstruire-les-cliches-qui-la-conditionnent\/180002\/\" \/>\n<meta property=\"og:locale\" content=\"fr_FR\" \/>\n<meta property=\"og:type\" content=\"article\" \/>\n<meta property=\"og:title\" content=\"Et si les femmes du monde commen\u00e7aient par d\u00e9construire les clich\u00e9s qui les conditionnent ?\" \/>\n<meta property=\"og:description\" content=\"Et si les femmes du monde commen\u00e7aient par d\u00e9construire les clich\u00e9s qui les conditionnent ?\" \/>\n<meta property=\"og:url\" content=\"https:\/\/www.webdo.tn\/fr\/actualite\/le-courrier-des-lecteurs\/et-si-les-femmes-du-monde-commencaient-par-deconstruire-les-cliches-qui-la-conditionnent\/180002\/\" \/>\n<meta property=\"og:site_name\" content=\"webdo\" \/>\n<meta property=\"article:publisher\" content=\"https:\/\/www.facebook.com\/webdotn\" \/>\n<meta property=\"article:published_time\" content=\"2015-03-08T15:15:00+00:00\" \/>\n<meta property=\"og:image\" content=\"https:\/\/www.webdo.tn\/fr\/wp-content\/uploads\/2025\/06\/Capture-decran-2015-03-08-a-16.06.301-e1425829067160_180002.png\" \/>\n\t<meta property=\"og:image:width\" content=\"250\" \/>\n\t<meta property=\"og:image:height\" content=\"249\" \/>\n\t<meta property=\"og:image:type\" content=\"image\/png\" \/>\n<meta name=\"author\" content=\"webdo.tn\" \/>\n<meta name=\"twitter:card\" content=\"summary_large_image\" \/>\n<meta name=\"twitter:creator\" content=\"@webdo_tn\" \/>\n<meta name=\"twitter:site\" content=\"@webdo_tn\" \/>\n<meta name=\"twitter:label1\" content=\"\u00c9crit par\" \/>\n\t<meta name=\"twitter:data1\" content=\"webdo.tn\" \/>\n\t<meta name=\"twitter:label2\" content=\"Dur\u00e9e de lecture estim\u00e9e\" \/>\n\t<meta name=\"twitter:data2\" content=\"3 minutes\" \/>\n<script type=\"application\/ld+json\" class=\"yoast-schema-graph\">{\"@context\":\"https:\\\/\\\/schema.org\",\"@graph\":[{\"@type\":\"NewsArticle\",\"@id\":\"https:\\\/\\\/www.webdo.tn\\\/fr\\\/actualite\\\/le-courrier-des-lecteurs\\\/et-si-les-femmes-du-monde-commencaient-par-deconstruire-les-cliches-qui-la-conditionnent\\\/180002\\\/#article\",\"isPartOf\":{\"@id\":\"https:\\\/\\\/www.webdo.tn\\\/fr\\\/actualite\\\/le-courrier-des-lecteurs\\\/et-si-les-femmes-du-monde-commencaient-par-deconstruire-les-cliches-qui-la-conditionnent\\\/180002\\\/\"},\"author\":{\"name\":\"webdo.tn\",\"@id\":\"https:\\\/\\\/www.webdo.tn\\\/fr\\\/#\\\/schema\\\/person\\\/9a9c6118d687c117df8ef3cc36a4d175\"},\"headline\":\"Et si les femmes du monde commen\u00e7aient par d\u00e9construire les clich\u00e9s qui les conditionnent ?\",\"datePublished\":\"2015-03-08T15:15:00+00:00\",\"mainEntityOfPage\":{\"@id\":\"https:\\\/\\\/www.webdo.tn\\\/fr\\\/actualite\\\/le-courrier-des-lecteurs\\\/et-si-les-femmes-du-monde-commencaient-par-deconstruire-les-cliches-qui-la-conditionnent\\\/180002\\\/\"},\"wordCount\":542,\"commentCount\":0,\"publisher\":{\"@id\":\"https:\\\/\\\/www.webdo.tn\\\/fr\\\/#organization\"},\"image\":{\"@id\":\"https:\\\/\\\/www.webdo.tn\\\/fr\\\/actualite\\\/le-courrier-des-lecteurs\\\/et-si-les-femmes-du-monde-commencaient-par-deconstruire-les-cliches-qui-la-conditionnent\\\/180002\\\/#primaryimage\"},\"thumbnailUrl\":\"https:\\\/\\\/www.webdo.tn\\\/fr\\\/wp-content\\\/uploads\\\/2025\\\/06\\\/Capture-decran-2015-03-08-a-16.06.301-e1425829067160_180002.png\",\"articleSection\":[\"Le courrier des lecteurs\"],\"inLanguage\":\"fr-FR\"},{\"@type\":\"WebPage\",\"@id\":\"https:\\\/\\\/www.webdo.tn\\\/fr\\\/actualite\\\/le-courrier-des-lecteurs\\\/et-si-les-femmes-du-monde-commencaient-par-deconstruire-les-cliches-qui-la-conditionnent\\\/180002\\\/\",\"url\":\"https:\\\/\\\/www.webdo.tn\\\/fr\\\/actualite\\\/le-courrier-des-lecteurs\\\/et-si-les-femmes-du-monde-commencaient-par-deconstruire-les-cliches-qui-la-conditionnent\\\/180002\\\/\",\"name\":\"Et si les femmes du monde commen\u00e7aient par d\u00e9construire les clich\u00e9s qui les conditionnent ?\",\"isPartOf\":{\"@id\":\"https:\\\/\\\/www.webdo.tn\\\/fr\\\/#website\"},\"primaryImageOfPage\":{\"@id\":\"https:\\\/\\\/www.webdo.tn\\\/fr\\\/actualite\\\/le-courrier-des-lecteurs\\\/et-si-les-femmes-du-monde-commencaient-par-deconstruire-les-cliches-qui-la-conditionnent\\\/180002\\\/#primaryimage\"},\"image\":{\"@id\":\"https:\\\/\\\/www.webdo.tn\\\/fr\\\/actualite\\\/le-courrier-des-lecteurs\\\/et-si-les-femmes-du-monde-commencaient-par-deconstruire-les-cliches-qui-la-conditionnent\\\/180002\\\/#primaryimage\"},\"thumbnailUrl\":\"https:\\\/\\\/www.webdo.tn\\\/fr\\\/wp-content\\\/uploads\\\/2025\\\/06\\\/Capture-decran-2015-03-08-a-16.06.301-e1425829067160_180002.png\",\"datePublished\":\"2015-03-08T15:15:00+00:00\",\"description\":\"Et si les femmes du monde commen\u00e7aient par d\u00e9construire les clich\u00e9s qui les conditionnent ?\",\"breadcrumb\":{\"@id\":\"https:\\\/\\\/www.webdo.tn\\\/fr\\\/actualite\\\/le-courrier-des-lecteurs\\\/et-si-les-femmes-du-monde-commencaient-par-deconstruire-les-cliches-qui-la-conditionnent\\\/180002\\\/#breadcrumb\"},\"inLanguage\":\"fr-FR\",\"potentialAction\":[{\"@type\":\"ReadAction\",\"target\":[\"https:\\\/\\\/www.webdo.tn\\\/fr\\\/actualite\\\/le-courrier-des-lecteurs\\\/et-si-les-femmes-du-monde-commencaient-par-deconstruire-les-cliches-qui-la-conditionnent\\\/180002\\\/\"]}]},{\"@type\":\"ImageObject\",\"inLanguage\":\"fr-FR\",\"@id\":\"https:\\\/\\\/www.webdo.tn\\\/fr\\\/actualite\\\/le-courrier-des-lecteurs\\\/et-si-les-femmes-du-monde-commencaient-par-deconstruire-les-cliches-qui-la-conditionnent\\\/180002\\\/#primaryimage\",\"url\":\"https:\\\/\\\/www.webdo.tn\\\/fr\\\/wp-content\\\/uploads\\\/2025\\\/06\\\/Capture-decran-2015-03-08-a-16.06.301-e1425829067160_180002.png\",\"contentUrl\":\"https:\\\/\\\/www.webdo.tn\\\/fr\\\/wp-content\\\/uploads\\\/2025\\\/06\\\/Capture-decran-2015-03-08-a-16.06.301-e1425829067160_180002.png\",\"width\":250,\"height\":249,\"caption\":\"Et si les femmes du monde commen\u00e7aient par d\u00e9construire les clich\u00e9s qui les conditionnent ?\"},{\"@type\":\"BreadcrumbList\",\"@id\":\"https:\\\/\\\/www.webdo.tn\\\/fr\\\/actualite\\\/le-courrier-des-lecteurs\\\/et-si-les-femmes-du-monde-commencaient-par-deconstruire-les-cliches-qui-la-conditionnent\\\/180002\\\/#breadcrumb\",\"itemListElement\":[{\"@type\":\"ListItem\",\"position\":1,\"name\":\"Accueil\",\"item\":\"https:\\\/\\\/www.webdo.tn\\\/fr\\\/\"},{\"@type\":\"ListItem\",\"position\":2,\"name\":\"Et si les femmes du monde commen\u00e7aient par d\u00e9construire les clich\u00e9s qui les conditionnent ?\"}]},{\"@type\":\"WebSite\",\"@id\":\"https:\\\/\\\/www.webdo.tn\\\/fr\\\/#website\",\"url\":\"https:\\\/\\\/www.webdo.tn\\\/fr\\\/\",\"name\":\"webdo\",\"description\":\"Tunisie - News en Tunisie et \u00e0 l&#039;international sur Webdo.tn\",\"publisher\":{\"@id\":\"https:\\\/\\\/www.webdo.tn\\\/fr\\\/#organization\"},\"potentialAction\":[{\"@type\":\"SearchAction\",\"target\":{\"@type\":\"EntryPoint\",\"urlTemplate\":\"https:\\\/\\\/www.webdo.tn\\\/fr\\\/?s={search_term_string}\"},\"query-input\":{\"@type\":\"PropertyValueSpecification\",\"valueRequired\":true,\"valueName\":\"search_term_string\"}}],\"inLanguage\":\"fr-FR\"},{\"@type\":\"Organization\",\"@id\":\"https:\\\/\\\/www.webdo.tn\\\/fr\\\/#organization\",\"name\":\"Webdo\",\"alternateName\":\"Webdo.tn\",\"url\":\"https:\\\/\\\/www.webdo.tn\\\/fr\\\/\",\"logo\":{\"@type\":\"ImageObject\",\"inLanguage\":\"fr-FR\",\"@id\":\"https:\\\/\\\/www.webdo.tn\\\/fr\\\/#\\\/schema\\\/logo\\\/image\\\/\",\"url\":\"https:\\\/\\\/www.webdo.tn\\\/fr\\\/wp-content\\\/uploads\\\/2025\\\/06\\\/Webdo-Tunisie_168377.jpg\",\"contentUrl\":\"https:\\\/\\\/www.webdo.tn\\\/fr\\\/wp-content\\\/uploads\\\/2025\\\/06\\\/Webdo-Tunisie_168377.jpg\",\"width\":301,\"height\":301,\"caption\":\"Webdo\"},\"image\":{\"@id\":\"https:\\\/\\\/www.webdo.tn\\\/fr\\\/#\\\/schema\\\/logo\\\/image\\\/\"},\"sameAs\":[\"https:\\\/\\\/www.facebook.com\\\/webdotn\",\"https:\\\/\\\/x.com\\\/webdo_tn\"],\"description\":\"Webdo est un m\u00e9dia num\u00e9rique tunisien fond\u00e9 en 2010, sp\u00e9cialis\u00e9 dans l\u2019actualit\u00e9 nationale et internationale, l\u2019\u00e9conomie, la soci\u00e9t\u00e9 et les analyses politiques. Le site s\u2019adresse \u00e0 un large public francophone et couvre l\u2019information tunisienne en temps r\u00e9el.\",\"email\":\"redac@webdo.tn\",\"legalName\":\"YNJ SARL\",\"foundingDate\":\"2010-09-06\",\"numberOfEmployees\":{\"@type\":\"QuantitativeValue\",\"minValue\":\"11\",\"maxValue\":\"50\"}},{\"@type\":\"Person\",\"@id\":\"https:\\\/\\\/www.webdo.tn\\\/fr\\\/#\\\/schema\\\/person\\\/9a9c6118d687c117df8ef3cc36a4d175\",\"name\":\"webdo.tn\",\"image\":{\"@type\":\"ImageObject\",\"inLanguage\":\"fr-FR\",\"@id\":\"https:\\\/\\\/secure.gravatar.com\\\/avatar\\\/7ce1f28c0c3bbac99ff550b85ef8e44a6950c6ee24514fb6a5489e51d06f0298?s=96&d=mm&r=g\",\"url\":\"https:\\\/\\\/secure.gravatar.com\\\/avatar\\\/7ce1f28c0c3bbac99ff550b85ef8e44a6950c6ee24514fb6a5489e51d06f0298?s=96&d=mm&r=g\",\"contentUrl\":\"https:\\\/\\\/secure.gravatar.com\\\/avatar\\\/7ce1f28c0c3bbac99ff550b85ef8e44a6950c6ee24514fb6a5489e51d06f0298?s=96&d=mm&r=g\",\"caption\":\"webdo.tn\"},\"url\":\"https:\\\/\\\/www.webdo.tn\\\/fr\\\/actualite\\\/author\\\/webdotn\\\/\"}]}<\/script>\n<!-- \/ Yoast SEO Premium plugin. -->","yoast_head_json":{"title":"Et si les femmes du monde commen\u00e7aient par d\u00e9construire les clich\u00e9s qui les conditionnent ?","description":"Et si les femmes du monde commen\u00e7aient par d\u00e9construire les clich\u00e9s qui les conditionnent ?","canonical":"https:\/\/www.webdo.tn\/fr\/actualite\/le-courrier-des-lecteurs\/et-si-les-femmes-du-monde-commencaient-par-deconstruire-les-cliches-qui-la-conditionnent\/180002\/","og_locale":"fr_FR","og_type":"article","og_title":"Et si les femmes du monde commen\u00e7aient par d\u00e9construire les clich\u00e9s qui les conditionnent ?","og_description":"Et si les femmes du monde commen\u00e7aient par d\u00e9construire les clich\u00e9s qui les conditionnent ?","og_url":"https:\/\/www.webdo.tn\/fr\/actualite\/le-courrier-des-lecteurs\/et-si-les-femmes-du-monde-commencaient-par-deconstruire-les-cliches-qui-la-conditionnent\/180002\/","og_site_name":"webdo","article_publisher":"https:\/\/www.facebook.com\/webdotn","article_published_time":"2015-03-08T15:15:00+00:00","og_image":[{"width":250,"height":249,"url":"https:\/\/www.webdo.tn\/fr\/wp-content\/uploads\/2025\/06\/Capture-decran-2015-03-08-a-16.06.301-e1425829067160_180002.png","type":"image\/png"}],"author":"webdo.tn","twitter_card":"summary_large_image","twitter_creator":"@webdo_tn","twitter_site":"@webdo_tn","twitter_misc":{"\u00c9crit par":"webdo.tn","Dur\u00e9e de lecture estim\u00e9e":"3 minutes"},"schema":{"@context":"https:\/\/schema.org","@graph":[{"@type":"NewsArticle","@id":"https:\/\/www.webdo.tn\/fr\/actualite\/le-courrier-des-lecteurs\/et-si-les-femmes-du-monde-commencaient-par-deconstruire-les-cliches-qui-la-conditionnent\/180002\/#article","isPartOf":{"@id":"https:\/\/www.webdo.tn\/fr\/actualite\/le-courrier-des-lecteurs\/et-si-les-femmes-du-monde-commencaient-par-deconstruire-les-cliches-qui-la-conditionnent\/180002\/"},"author":{"name":"webdo.tn","@id":"https:\/\/www.webdo.tn\/fr\/#\/schema\/person\/9a9c6118d687c117df8ef3cc36a4d175"},"headline":"Et si les femmes du monde commen\u00e7aient par d\u00e9construire les clich\u00e9s qui les conditionnent ?","datePublished":"2015-03-08T15:15:00+00:00","mainEntityOfPage":{"@id":"https:\/\/www.webdo.tn\/fr\/actualite\/le-courrier-des-lecteurs\/et-si-les-femmes-du-monde-commencaient-par-deconstruire-les-cliches-qui-la-conditionnent\/180002\/"},"wordCount":542,"commentCount":0,"publisher":{"@id":"https:\/\/www.webdo.tn\/fr\/#organization"},"image":{"@id":"https:\/\/www.webdo.tn\/fr\/actualite\/le-courrier-des-lecteurs\/et-si-les-femmes-du-monde-commencaient-par-deconstruire-les-cliches-qui-la-conditionnent\/180002\/#primaryimage"},"thumbnailUrl":"https:\/\/www.webdo.tn\/fr\/wp-content\/uploads\/2025\/06\/Capture-decran-2015-03-08-a-16.06.301-e1425829067160_180002.png","articleSection":["Le courrier des lecteurs"],"inLanguage":"fr-FR"},{"@type":"WebPage","@id":"https:\/\/www.webdo.tn\/fr\/actualite\/le-courrier-des-lecteurs\/et-si-les-femmes-du-monde-commencaient-par-deconstruire-les-cliches-qui-la-conditionnent\/180002\/","url":"https:\/\/www.webdo.tn\/fr\/actualite\/le-courrier-des-lecteurs\/et-si-les-femmes-du-monde-commencaient-par-deconstruire-les-cliches-qui-la-conditionnent\/180002\/","name":"Et si les femmes du monde commen\u00e7aient par d\u00e9construire les clich\u00e9s qui les conditionnent ?","isPartOf":{"@id":"https:\/\/www.webdo.tn\/fr\/#website"},"primaryImageOfPage":{"@id":"https:\/\/www.webdo.tn\/fr\/actualite\/le-courrier-des-lecteurs\/et-si-les-femmes-du-monde-commencaient-par-deconstruire-les-cliches-qui-la-conditionnent\/180002\/#primaryimage"},"image":{"@id":"https:\/\/www.webdo.tn\/fr\/actualite\/le-courrier-des-lecteurs\/et-si-les-femmes-du-monde-commencaient-par-deconstruire-les-cliches-qui-la-conditionnent\/180002\/#primaryimage"},"thumbnailUrl":"https:\/\/www.webdo.tn\/fr\/wp-content\/uploads\/2025\/06\/Capture-decran-2015-03-08-a-16.06.301-e1425829067160_180002.png","datePublished":"2015-03-08T15:15:00+00:00","description":"Et si les femmes du monde commen\u00e7aient par d\u00e9construire les clich\u00e9s qui les conditionnent ?","breadcrumb":{"@id":"https:\/\/www.webdo.tn\/fr\/actualite\/le-courrier-des-lecteurs\/et-si-les-femmes-du-monde-commencaient-par-deconstruire-les-cliches-qui-la-conditionnent\/180002\/#breadcrumb"},"inLanguage":"fr-FR","potentialAction":[{"@type":"ReadAction","target":["https:\/\/www.webdo.tn\/fr\/actualite\/le-courrier-des-lecteurs\/et-si-les-femmes-du-monde-commencaient-par-deconstruire-les-cliches-qui-la-conditionnent\/180002\/"]}]},{"@type":"ImageObject","inLanguage":"fr-FR","@id":"https:\/\/www.webdo.tn\/fr\/actualite\/le-courrier-des-lecteurs\/et-si-les-femmes-du-monde-commencaient-par-deconstruire-les-cliches-qui-la-conditionnent\/180002\/#primaryimage","url":"https:\/\/www.webdo.tn\/fr\/wp-content\/uploads\/2025\/06\/Capture-decran-2015-03-08-a-16.06.301-e1425829067160_180002.png","contentUrl":"https:\/\/www.webdo.tn\/fr\/wp-content\/uploads\/2025\/06\/Capture-decran-2015-03-08-a-16.06.301-e1425829067160_180002.png","width":250,"height":249,"caption":"Et si les femmes du monde commen\u00e7aient par d\u00e9construire les clich\u00e9s qui les conditionnent ?"},{"@type":"BreadcrumbList","@id":"https:\/\/www.webdo.tn\/fr\/actualite\/le-courrier-des-lecteurs\/et-si-les-femmes-du-monde-commencaient-par-deconstruire-les-cliches-qui-la-conditionnent\/180002\/#breadcrumb","itemListElement":[{"@type":"ListItem","position":1,"name":"Accueil","item":"https:\/\/www.webdo.tn\/fr\/"},{"@type":"ListItem","position":2,"name":"Et si les femmes du monde commen\u00e7aient par d\u00e9construire les clich\u00e9s qui les conditionnent ?"}]},{"@type":"WebSite","@id":"https:\/\/www.webdo.tn\/fr\/#website","url":"https:\/\/www.webdo.tn\/fr\/","name":"webdo","description":"Tunisie - News en Tunisie et \u00e0 l&#039;international sur Webdo.tn","publisher":{"@id":"https:\/\/www.webdo.tn\/fr\/#organization"},"potentialAction":[{"@type":"SearchAction","target":{"@type":"EntryPoint","urlTemplate":"https:\/\/www.webdo.tn\/fr\/?s={search_term_string}"},"query-input":{"@type":"PropertyValueSpecification","valueRequired":true,"valueName":"search_term_string"}}],"inLanguage":"fr-FR"},{"@type":"Organization","@id":"https:\/\/www.webdo.tn\/fr\/#organization","name":"Webdo","alternateName":"Webdo.tn","url":"https:\/\/www.webdo.tn\/fr\/","logo":{"@type":"ImageObject","inLanguage":"fr-FR","@id":"https:\/\/www.webdo.tn\/fr\/#\/schema\/logo\/image\/","url":"https:\/\/www.webdo.tn\/fr\/wp-content\/uploads\/2025\/06\/Webdo-Tunisie_168377.jpg","contentUrl":"https:\/\/www.webdo.tn\/fr\/wp-content\/uploads\/2025\/06\/Webdo-Tunisie_168377.jpg","width":301,"height":301,"caption":"Webdo"},"image":{"@id":"https:\/\/www.webdo.tn\/fr\/#\/schema\/logo\/image\/"},"sameAs":["https:\/\/www.facebook.com\/webdotn","https:\/\/x.com\/webdo_tn"],"description":"Webdo est un m\u00e9dia num\u00e9rique tunisien fond\u00e9 en 2010, sp\u00e9cialis\u00e9 dans l\u2019actualit\u00e9 nationale et internationale, l\u2019\u00e9conomie, la soci\u00e9t\u00e9 et les analyses politiques. Le site s\u2019adresse \u00e0 un large public francophone et couvre l\u2019information tunisienne en temps r\u00e9el.","email":"redac@webdo.tn","legalName":"YNJ SARL","foundingDate":"2010-09-06","numberOfEmployees":{"@type":"QuantitativeValue","minValue":"11","maxValue":"50"}},{"@type":"Person","@id":"https:\/\/www.webdo.tn\/fr\/#\/schema\/person\/9a9c6118d687c117df8ef3cc36a4d175","name":"webdo.tn","image":{"@type":"ImageObject","inLanguage":"fr-FR","@id":"https:\/\/secure.gravatar.com\/avatar\/7ce1f28c0c3bbac99ff550b85ef8e44a6950c6ee24514fb6a5489e51d06f0298?s=96&d=mm&r=g","url":"https:\/\/secure.gravatar.com\/avatar\/7ce1f28c0c3bbac99ff550b85ef8e44a6950c6ee24514fb6a5489e51d06f0298?s=96&d=mm&r=g","contentUrl":"https:\/\/secure.gravatar.com\/avatar\/7ce1f28c0c3bbac99ff550b85ef8e44a6950c6ee24514fb6a5489e51d06f0298?s=96&d=mm&r=g","caption":"webdo.tn"},"url":"https:\/\/www.webdo.tn\/fr\/actualite\/author\/webdotn\/"}]}},"_links":{"self":[{"href":"https:\/\/www.webdo.tn\/fr\/wp-json\/wp\/v2\/posts\/180002","targetHints":{"allow":["GET"]}}],"collection":[{"href":"https:\/\/www.webdo.tn\/fr\/wp-json\/wp\/v2\/posts"}],"about":[{"href":"https:\/\/www.webdo.tn\/fr\/wp-json\/wp\/v2\/types\/post"}],"author":[{"embeddable":true,"href":"https:\/\/www.webdo.tn\/fr\/wp-json\/wp\/v2\/users\/3222"}],"replies":[{"embeddable":true,"href":"https:\/\/www.webdo.tn\/fr\/wp-json\/wp\/v2\/comments?post=180002"}],"version-history":[{"count":0,"href":"https:\/\/www.webdo.tn\/fr\/wp-json\/wp\/v2\/posts\/180002\/revisions"}],"wp:featuredmedia":[{"embeddable":true,"href":"https:\/\/www.webdo.tn\/fr\/wp-json\/wp\/v2\/media\/373068"}],"wp:attachment":[{"href":"https:\/\/www.webdo.tn\/fr\/wp-json\/wp\/v2\/media?parent=180002"}],"wp:term":[{"taxonomy":"category","embeddable":true,"href":"https:\/\/www.webdo.tn\/fr\/wp-json\/wp\/v2\/categories?post=180002"},{"taxonomy":"post_tag","embeddable":true,"href":"https:\/\/www.webdo.tn\/fr\/wp-json\/wp\/v2\/tags?post=180002"}],"curies":[{"name":"wp","href":"https:\/\/api.w.org\/{rel}","templated":true}]}}