{"id":180000,"date":"2015-03-12T16:42:00","date_gmt":"2015-03-12T16:42:00","guid":{"rendered":"https:\/\/www.webdo.tn\/fr\/blog\/subir-les-remarques-misogynes-dans-la-rue-mon-quotidien-de-femme-tunis\/180000\/"},"modified":"2025-05-22T12:58:36","modified_gmt":"2025-05-22T12:58:36","slug":"subir-les-remarques-misogynes-dans-la-rue-mon-quotidien-de-femme-tunis","status":"publish","type":"post","link":"https:\/\/www.webdo.tn\/fr\/actualite\/le-courrier-des-lecteurs\/subir-les-remarques-misogynes-dans-la-rue-mon-quotidien-de-femme-tunis\/180000\/","title":{"rendered":"Subir les remarques misogynes dans la rue : \u00ab\u00a0Mon quotidien de femme \u00e0 Tunis\u00a0\u00bb"},"content":{"rendered":"<p>TRIBUNE | Par\u00a0Najma Kousri Labidi<\/p>\n<p>Tunis | Ce soir, je descends du taxi. Je presse le pas pour rejoindre mes amis. La rue est vide. Soudain, un cri. Un jeune homme ouvre la porte de sa voiture et hurle: (pute !) \u064a\u0627 \u0642\u062d\u0628\u0629 ! Je me retourne.<br \/>\n&#8211; \u00ab\u00a0\u062a\u062d\u0643\u064a \u0645\u0639\u0627\u064a\u0627\u061f\u00a0\u00bb (Vous vous adressez \u00e0 moi ? )<br \/>\n&#8211; \u00ab\u00a0\u0644\u0627 \u0646\u062d\u0643\u064a \u0645\u0639 \u0635\u0627\u062d\u0628\u064a.\u00a0\u00bb (Non \u00e0 mon ami )<br \/>\n&#8211; \u00ab\u00a0\u0633\u0645\u0639\u062a\u0643. \u062a\u0631\u0627\u0647 \u0639\u0648\u062f\u0647\u0627 ! \u0642\u0648\u0644\u0647\u0627\u0644\u064a \u0641\u064a \u0639\u064a\u0646\u064a \u0643\u0627\u0646\u0643 \u0631\u062c\u0644\u00a0\u00bb (Je vous ai entendu, r\u00e9p\u00e8tez ce que vous venez de dire, les yeux dans les yeux, si t&rsquo;es un homme.)<br \/>\n&#8211;\u00a0\u00bb \u0623\u064a! \u064a\u0627 \u0642\u062d\u0628\u0629. \u00a0\u00bb (Oui, pute !)<\/p>\n<p>Tr\u00e8s vite puisqu&rsquo;il n&rsquo;assume pas, il se barricade dans sa voiture.\u00a0Je frappe \u00e0 la fen\u00eatre de toutes mes forces&#8230; je casse presque la vitre en lui disant de descendre pour aller au poste de police.<\/p>\n<p>Son ami descend et commence \u00e0 me pr\u00e9senter des excuses alors que je prenais le num\u00e9ro de sa plaque d&rsquo;immatriculation. Oui quelque part dans ma t\u00eate, je crois qu&rsquo;on vit vraiment dans un Etat de Droit.<br \/>\nEntre temps, le monsieur redit\u00a0les m\u00eames propos.<\/p>\n<p>-Moi :\u00a0\u00bb \u0645\u0627\u0643\u0634 \u0631\u0627\u062c\u0644.. \u064a\u0627 \u0642\u0644\u064a\u0644 \u0627\u0644\u062a\u0631\u0628\u064a\u0629 ! \u00a0\u00bb (Vous n&rsquo;\u00eates pas pas un homme, vous \u00eates impoli !)<br \/>\nOui je n&rsquo;arrive pas encore \u00e0 me convaincre d&rsquo;utiliser des gros mots, apparemment c&rsquo;est une question d&rsquo;\u00e9ducation&#8230;<\/p>\n<p>Face \u00e0 tant de misogyne, je me jette sur lui, je le bouscule en essayant de le frapper mais ses amis m&rsquo;en emp\u00eachent. Mais quelle mauviette il est!<\/p>\n<p>Les flics de l&rsquo;ambassade d&rsquo;\u00e0 c\u00f4t\u00e9 arrivent. Evidemment, le m\u00e2le clairement saoul \u00e0 c\u00f4t\u00e9 de moi ne les int\u00e9resse pas. C&rsquo;est tellement plus virile de s&rsquo;adresser \u00e0 \u00ab\u00a0la pute\u00a0\u00bb qui crie avec un air autoritaire:<br \/>\n&#8211; \u00ab\u00a0\u0634\u0628\u064a\u0643 \u062a\u0635\u064a\u062d\u061f\u00a0\u00bb \u00a0(Pourquoi criez-vous ?)<br \/>\n&#8211; \u00ab\u00a0Ce monsieur m&rsquo;a agress\u00e9e verbalement. J&rsquo;allais laisser tomber les poursuites parce que ses amis ont \u00e9t\u00e9 courtois mais puisqu&rsquo;il continue, je souhaiterais porter plainte. Pourriez-vous intervenir? \u00a0\u00bb<br \/>\n&#8211; \u00ab\u00a0Non ! Si tu veux porter plainte vas au poste en taxi.\u00a0\u00bb<br \/>\nJuste \u00e0 c\u00f4t\u00e9, un agent fume une cigarette avec c\u00f4t\u00e9 de l&rsquo;homme qui m&rsquo;a harcel\u00e9e\u00a0en rigolant.<br \/>\n&#8211; \u00ab\u00a0Ah ok ! Donc en faite pourquoi vous \u00eates venus?\u00a0\u00bb \u0645\u0634 \u0627\u0644\u0634\u0631\u0637\u0629 \u0641\u064a \u062e\u062f\u0645\u0629 \u0627\u0644\u0634\u0639\u0628\u061f (N&rsquo;\u00eates-vous pas au service du peuple ?)<br \/>\nLa prise de t\u00eate continue avec les flics pendant que ses amis m&rsquo;implorent de laisser tomber.<br \/>\nEn fin de compte, je r\u00e8gle l&rsquo;histoire avec ses amis.<\/p>\n<p>Tout \u00e7a pour dire que je suis triste de constater que je ne ressens plus rien. Je ne suis presque pas en col\u00e8re. J&rsquo;ai fini par voir mes amis comme si rien ne s&rsquo;\u00e9tait pass\u00e9. J&rsquo;aurais aim\u00e9 \u00eatre indign\u00e9e, choqu\u00e9e, outr\u00e9e mais non c&rsquo;est ma vie, ma vie au quotidien et la vie de six millions de tunisiennes ou du moins de celles qui ne sont pas des putes et osent encore protester.<\/p>\n","protected":false},"excerpt":{"rendered":"<p>Subir les remarques misogynes dans la rue :  Mon quotidien de femme \u00e0 Tunis <\/p>\n","protected":false},"author":3222,"featured_media":373055,"comment_status":"open","ping_status":"closed","sticky":false,"template":"","format":"standard","meta":{"footnotes":""},"categories":[7043],"tags":[],"class_list":["post-180000","post","type-post","status-publish","format-standard","has-post-thumbnail","hentry","category-le-courrier-des-lecteurs"],"yoast_head":"<!-- This site is optimized with the Yoast SEO Premium plugin v27.5 (Yoast SEO v27.5) - https:\/\/yoast.com\/product\/yoast-seo-premium-wordpress\/ -->\n<title>Subir les remarques misogynes dans la rue : Mon quotidien de femme \u00e0 Tunis<\/title>\n<meta name=\"description\" content=\"Subir les remarques misogynes dans la rue : Mon quotidien de femme \u00e0 Tunis\" \/>\n<link rel=\"canonical\" href=\"https:\/\/www.webdo.tn\/fr\/actualite\/le-courrier-des-lecteurs\/subir-les-remarques-misogynes-dans-la-rue-mon-quotidien-de-femme-tunis\/180000\/\" \/>\n<meta property=\"og:locale\" content=\"fr_FR\" \/>\n<meta property=\"og:type\" content=\"article\" \/>\n<meta property=\"og:title\" content=\"Subir les remarques misogynes dans la rue : &quot;Mon quotidien de femme \u00e0 Tunis&quot;\" \/>\n<meta property=\"og:description\" content=\"Subir les remarques misogynes dans la rue : Mon quotidien de femme \u00e0 Tunis\" \/>\n<meta property=\"og:url\" content=\"https:\/\/www.webdo.tn\/fr\/actualite\/le-courrier-des-lecteurs\/subir-les-remarques-misogynes-dans-la-rue-mon-quotidien-de-femme-tunis\/180000\/\" \/>\n<meta property=\"og:site_name\" content=\"webdo\" \/>\n<meta property=\"article:publisher\" content=\"https:\/\/www.facebook.com\/webdotn\" \/>\n<meta property=\"article:published_time\" content=\"2015-03-12T16:42:00+00:00\" \/>\n<meta property=\"article:modified_time\" content=\"2025-05-22T12:58:36+00:00\" \/>\n<meta property=\"og:image\" content=\"https:\/\/www.webdo.tn\/fr\/wp-content\/uploads\/2025\/06\/Capture-decran-2015-03-12-a-16.38.38_180000.png\" \/>\n\t<meta property=\"og:image:width\" content=\"573\" \/>\n\t<meta property=\"og:image:height\" content=\"380\" \/>\n\t<meta property=\"og:image:type\" content=\"image\/png\" \/>\n<meta name=\"author\" content=\"webdo.tn\" \/>\n<meta name=\"twitter:card\" content=\"summary_large_image\" \/>\n<meta name=\"twitter:creator\" content=\"@webdo_tn\" \/>\n<meta name=\"twitter:site\" content=\"@webdo_tn\" \/>\n<meta name=\"twitter:label1\" content=\"\u00c9crit par\" \/>\n\t<meta name=\"twitter:data1\" content=\"webdo.tn\" \/>\n\t<meta name=\"twitter:label2\" content=\"Dur\u00e9e de lecture estim\u00e9e\" \/>\n\t<meta name=\"twitter:data2\" content=\"2 minutes\" \/>\n<script type=\"application\/ld+json\" class=\"yoast-schema-graph\">{\"@context\":\"https:\\\/\\\/schema.org\",\"@graph\":[{\"@type\":\"NewsArticle\",\"@id\":\"https:\\\/\\\/www.webdo.tn\\\/fr\\\/actualite\\\/le-courrier-des-lecteurs\\\/subir-les-remarques-misogynes-dans-la-rue-mon-quotidien-de-femme-tunis\\\/180000\\\/#article\",\"isPartOf\":{\"@id\":\"https:\\\/\\\/www.webdo.tn\\\/fr\\\/actualite\\\/le-courrier-des-lecteurs\\\/subir-les-remarques-misogynes-dans-la-rue-mon-quotidien-de-femme-tunis\\\/180000\\\/\"},\"author\":{\"name\":\"webdo.tn\",\"@id\":\"https:\\\/\\\/www.webdo.tn\\\/fr\\\/#\\\/schema\\\/person\\\/9a9c6118d687c117df8ef3cc36a4d175\"},\"headline\":\"Subir les remarques misogynes dans la rue : \u00ab\u00a0Mon quotidien de femme \u00e0 Tunis\u00a0\u00bb\",\"datePublished\":\"2015-03-12T16:42:00+00:00\",\"dateModified\":\"2025-05-22T12:58:36+00:00\",\"mainEntityOfPage\":{\"@id\":\"https:\\\/\\\/www.webdo.tn\\\/fr\\\/actualite\\\/le-courrier-des-lecteurs\\\/subir-les-remarques-misogynes-dans-la-rue-mon-quotidien-de-femme-tunis\\\/180000\\\/\"},\"wordCount\":473,\"commentCount\":0,\"publisher\":{\"@id\":\"https:\\\/\\\/www.webdo.tn\\\/fr\\\/#organization\"},\"image\":{\"@id\":\"https:\\\/\\\/www.webdo.tn\\\/fr\\\/actualite\\\/le-courrier-des-lecteurs\\\/subir-les-remarques-misogynes-dans-la-rue-mon-quotidien-de-femme-tunis\\\/180000\\\/#primaryimage\"},\"thumbnailUrl\":\"https:\\\/\\\/www.webdo.tn\\\/fr\\\/wp-content\\\/uploads\\\/2025\\\/06\\\/Capture-decran-2015-03-12-a-16.38.38_180000.png\",\"articleSection\":[\"Le courrier des lecteurs\"],\"inLanguage\":\"fr-FR\"},{\"@type\":\"WebPage\",\"@id\":\"https:\\\/\\\/www.webdo.tn\\\/fr\\\/actualite\\\/le-courrier-des-lecteurs\\\/subir-les-remarques-misogynes-dans-la-rue-mon-quotidien-de-femme-tunis\\\/180000\\\/\",\"url\":\"https:\\\/\\\/www.webdo.tn\\\/fr\\\/actualite\\\/le-courrier-des-lecteurs\\\/subir-les-remarques-misogynes-dans-la-rue-mon-quotidien-de-femme-tunis\\\/180000\\\/\",\"name\":\"Subir les remarques misogynes dans la rue : Mon quotidien de femme \u00e0 Tunis\",\"isPartOf\":{\"@id\":\"https:\\\/\\\/www.webdo.tn\\\/fr\\\/#website\"},\"primaryImageOfPage\":{\"@id\":\"https:\\\/\\\/www.webdo.tn\\\/fr\\\/actualite\\\/le-courrier-des-lecteurs\\\/subir-les-remarques-misogynes-dans-la-rue-mon-quotidien-de-femme-tunis\\\/180000\\\/#primaryimage\"},\"image\":{\"@id\":\"https:\\\/\\\/www.webdo.tn\\\/fr\\\/actualite\\\/le-courrier-des-lecteurs\\\/subir-les-remarques-misogynes-dans-la-rue-mon-quotidien-de-femme-tunis\\\/180000\\\/#primaryimage\"},\"thumbnailUrl\":\"https:\\\/\\\/www.webdo.tn\\\/fr\\\/wp-content\\\/uploads\\\/2025\\\/06\\\/Capture-decran-2015-03-12-a-16.38.38_180000.png\",\"datePublished\":\"2015-03-12T16:42:00+00:00\",\"dateModified\":\"2025-05-22T12:58:36+00:00\",\"description\":\"Subir les remarques misogynes dans la rue : Mon quotidien de femme \u00e0 Tunis\",\"breadcrumb\":{\"@id\":\"https:\\\/\\\/www.webdo.tn\\\/fr\\\/actualite\\\/le-courrier-des-lecteurs\\\/subir-les-remarques-misogynes-dans-la-rue-mon-quotidien-de-femme-tunis\\\/180000\\\/#breadcrumb\"},\"inLanguage\":\"fr-FR\",\"potentialAction\":[{\"@type\":\"ReadAction\",\"target\":[\"https:\\\/\\\/www.webdo.tn\\\/fr\\\/actualite\\\/le-courrier-des-lecteurs\\\/subir-les-remarques-misogynes-dans-la-rue-mon-quotidien-de-femme-tunis\\\/180000\\\/\"]}]},{\"@type\":\"ImageObject\",\"inLanguage\":\"fr-FR\",\"@id\":\"https:\\\/\\\/www.webdo.tn\\\/fr\\\/actualite\\\/le-courrier-des-lecteurs\\\/subir-les-remarques-misogynes-dans-la-rue-mon-quotidien-de-femme-tunis\\\/180000\\\/#primaryimage\",\"url\":\"https:\\\/\\\/www.webdo.tn\\\/fr\\\/wp-content\\\/uploads\\\/2025\\\/06\\\/Capture-decran-2015-03-12-a-16.38.38_180000.png\",\"contentUrl\":\"https:\\\/\\\/www.webdo.tn\\\/fr\\\/wp-content\\\/uploads\\\/2025\\\/06\\\/Capture-decran-2015-03-12-a-16.38.38_180000.png\",\"width\":573,\"height\":380,\"caption\":\"Subir les remarques misogynes dans la rue : \\\"Mon quotidien de femme \u00e0 Tunis\\\"\"},{\"@type\":\"BreadcrumbList\",\"@id\":\"https:\\\/\\\/www.webdo.tn\\\/fr\\\/actualite\\\/le-courrier-des-lecteurs\\\/subir-les-remarques-misogynes-dans-la-rue-mon-quotidien-de-femme-tunis\\\/180000\\\/#breadcrumb\",\"itemListElement\":[{\"@type\":\"ListItem\",\"position\":1,\"name\":\"Accueil\",\"item\":\"https:\\\/\\\/www.webdo.tn\\\/fr\\\/\"},{\"@type\":\"ListItem\",\"position\":2,\"name\":\"Subir les remarques misogynes dans la rue : \u00ab\u00a0Mon quotidien de femme \u00e0 Tunis\u00a0\u00bb\"}]},{\"@type\":\"WebSite\",\"@id\":\"https:\\\/\\\/www.webdo.tn\\\/fr\\\/#website\",\"url\":\"https:\\\/\\\/www.webdo.tn\\\/fr\\\/\",\"name\":\"webdo\",\"description\":\"Tunisie - News en Tunisie et \u00e0 l&#039;international sur Webdo.tn\",\"publisher\":{\"@id\":\"https:\\\/\\\/www.webdo.tn\\\/fr\\\/#organization\"},\"potentialAction\":[{\"@type\":\"SearchAction\",\"target\":{\"@type\":\"EntryPoint\",\"urlTemplate\":\"https:\\\/\\\/www.webdo.tn\\\/fr\\\/?s={search_term_string}\"},\"query-input\":{\"@type\":\"PropertyValueSpecification\",\"valueRequired\":true,\"valueName\":\"search_term_string\"}}],\"inLanguage\":\"fr-FR\"},{\"@type\":\"Organization\",\"@id\":\"https:\\\/\\\/www.webdo.tn\\\/fr\\\/#organization\",\"name\":\"Webdo\",\"alternateName\":\"Webdo.tn\",\"url\":\"https:\\\/\\\/www.webdo.tn\\\/fr\\\/\",\"logo\":{\"@type\":\"ImageObject\",\"inLanguage\":\"fr-FR\",\"@id\":\"https:\\\/\\\/www.webdo.tn\\\/fr\\\/#\\\/schema\\\/logo\\\/image\\\/\",\"url\":\"https:\\\/\\\/www.webdo.tn\\\/fr\\\/wp-content\\\/uploads\\\/2025\\\/06\\\/Webdo-Tunisie_168377.jpg\",\"contentUrl\":\"https:\\\/\\\/www.webdo.tn\\\/fr\\\/wp-content\\\/uploads\\\/2025\\\/06\\\/Webdo-Tunisie_168377.jpg\",\"width\":301,\"height\":301,\"caption\":\"Webdo\"},\"image\":{\"@id\":\"https:\\\/\\\/www.webdo.tn\\\/fr\\\/#\\\/schema\\\/logo\\\/image\\\/\"},\"sameAs\":[\"https:\\\/\\\/www.facebook.com\\\/webdotn\",\"https:\\\/\\\/x.com\\\/webdo_tn\"],\"description\":\"Webdo est un m\u00e9dia num\u00e9rique tunisien fond\u00e9 en 2010, sp\u00e9cialis\u00e9 dans l\u2019actualit\u00e9 nationale et internationale, l\u2019\u00e9conomie, la soci\u00e9t\u00e9 et les analyses politiques. Le site s\u2019adresse \u00e0 un large public francophone et couvre l\u2019information tunisienne en temps r\u00e9el.\",\"email\":\"redac@webdo.tn\",\"legalName\":\"YNJ SARL\",\"foundingDate\":\"2010-09-06\",\"numberOfEmployees\":{\"@type\":\"QuantitativeValue\",\"minValue\":\"11\",\"maxValue\":\"50\"}},{\"@type\":\"Person\",\"@id\":\"https:\\\/\\\/www.webdo.tn\\\/fr\\\/#\\\/schema\\\/person\\\/9a9c6118d687c117df8ef3cc36a4d175\",\"name\":\"webdo.tn\",\"image\":{\"@type\":\"ImageObject\",\"inLanguage\":\"fr-FR\",\"@id\":\"https:\\\/\\\/secure.gravatar.com\\\/avatar\\\/7ce1f28c0c3bbac99ff550b85ef8e44a6950c6ee24514fb6a5489e51d06f0298?s=96&d=mm&r=g\",\"url\":\"https:\\\/\\\/secure.gravatar.com\\\/avatar\\\/7ce1f28c0c3bbac99ff550b85ef8e44a6950c6ee24514fb6a5489e51d06f0298?s=96&d=mm&r=g\",\"contentUrl\":\"https:\\\/\\\/secure.gravatar.com\\\/avatar\\\/7ce1f28c0c3bbac99ff550b85ef8e44a6950c6ee24514fb6a5489e51d06f0298?s=96&d=mm&r=g\",\"caption\":\"webdo.tn\"},\"url\":\"https:\\\/\\\/www.webdo.tn\\\/fr\\\/actualite\\\/author\\\/webdotn\\\/\"}]}<\/script>\n<!-- \/ Yoast SEO Premium plugin. -->","yoast_head_json":{"title":"Subir les remarques misogynes dans la rue : Mon quotidien de femme \u00e0 Tunis","description":"Subir les remarques misogynes dans la rue : Mon quotidien de femme \u00e0 Tunis","canonical":"https:\/\/www.webdo.tn\/fr\/actualite\/le-courrier-des-lecteurs\/subir-les-remarques-misogynes-dans-la-rue-mon-quotidien-de-femme-tunis\/180000\/","og_locale":"fr_FR","og_type":"article","og_title":"Subir les remarques misogynes dans la rue : \"Mon quotidien de femme \u00e0 Tunis\"","og_description":"Subir les remarques misogynes dans la rue : Mon quotidien de femme \u00e0 Tunis","og_url":"https:\/\/www.webdo.tn\/fr\/actualite\/le-courrier-des-lecteurs\/subir-les-remarques-misogynes-dans-la-rue-mon-quotidien-de-femme-tunis\/180000\/","og_site_name":"webdo","article_publisher":"https:\/\/www.facebook.com\/webdotn","article_published_time":"2015-03-12T16:42:00+00:00","article_modified_time":"2025-05-22T12:58:36+00:00","og_image":[{"width":573,"height":380,"url":"https:\/\/www.webdo.tn\/fr\/wp-content\/uploads\/2025\/06\/Capture-decran-2015-03-12-a-16.38.38_180000.png","type":"image\/png"}],"author":"webdo.tn","twitter_card":"summary_large_image","twitter_creator":"@webdo_tn","twitter_site":"@webdo_tn","twitter_misc":{"\u00c9crit par":"webdo.tn","Dur\u00e9e de lecture estim\u00e9e":"2 minutes"},"schema":{"@context":"https:\/\/schema.org","@graph":[{"@type":"NewsArticle","@id":"https:\/\/www.webdo.tn\/fr\/actualite\/le-courrier-des-lecteurs\/subir-les-remarques-misogynes-dans-la-rue-mon-quotidien-de-femme-tunis\/180000\/#article","isPartOf":{"@id":"https:\/\/www.webdo.tn\/fr\/actualite\/le-courrier-des-lecteurs\/subir-les-remarques-misogynes-dans-la-rue-mon-quotidien-de-femme-tunis\/180000\/"},"author":{"name":"webdo.tn","@id":"https:\/\/www.webdo.tn\/fr\/#\/schema\/person\/9a9c6118d687c117df8ef3cc36a4d175"},"headline":"Subir les remarques misogynes dans la rue : \u00ab\u00a0Mon quotidien de femme \u00e0 Tunis\u00a0\u00bb","datePublished":"2015-03-12T16:42:00+00:00","dateModified":"2025-05-22T12:58:36+00:00","mainEntityOfPage":{"@id":"https:\/\/www.webdo.tn\/fr\/actualite\/le-courrier-des-lecteurs\/subir-les-remarques-misogynes-dans-la-rue-mon-quotidien-de-femme-tunis\/180000\/"},"wordCount":473,"commentCount":0,"publisher":{"@id":"https:\/\/www.webdo.tn\/fr\/#organization"},"image":{"@id":"https:\/\/www.webdo.tn\/fr\/actualite\/le-courrier-des-lecteurs\/subir-les-remarques-misogynes-dans-la-rue-mon-quotidien-de-femme-tunis\/180000\/#primaryimage"},"thumbnailUrl":"https:\/\/www.webdo.tn\/fr\/wp-content\/uploads\/2025\/06\/Capture-decran-2015-03-12-a-16.38.38_180000.png","articleSection":["Le courrier des lecteurs"],"inLanguage":"fr-FR"},{"@type":"WebPage","@id":"https:\/\/www.webdo.tn\/fr\/actualite\/le-courrier-des-lecteurs\/subir-les-remarques-misogynes-dans-la-rue-mon-quotidien-de-femme-tunis\/180000\/","url":"https:\/\/www.webdo.tn\/fr\/actualite\/le-courrier-des-lecteurs\/subir-les-remarques-misogynes-dans-la-rue-mon-quotidien-de-femme-tunis\/180000\/","name":"Subir les remarques misogynes dans la rue : Mon quotidien de femme \u00e0 Tunis","isPartOf":{"@id":"https:\/\/www.webdo.tn\/fr\/#website"},"primaryImageOfPage":{"@id":"https:\/\/www.webdo.tn\/fr\/actualite\/le-courrier-des-lecteurs\/subir-les-remarques-misogynes-dans-la-rue-mon-quotidien-de-femme-tunis\/180000\/#primaryimage"},"image":{"@id":"https:\/\/www.webdo.tn\/fr\/actualite\/le-courrier-des-lecteurs\/subir-les-remarques-misogynes-dans-la-rue-mon-quotidien-de-femme-tunis\/180000\/#primaryimage"},"thumbnailUrl":"https:\/\/www.webdo.tn\/fr\/wp-content\/uploads\/2025\/06\/Capture-decran-2015-03-12-a-16.38.38_180000.png","datePublished":"2015-03-12T16:42:00+00:00","dateModified":"2025-05-22T12:58:36+00:00","description":"Subir les remarques misogynes dans la rue : Mon quotidien de femme \u00e0 Tunis","breadcrumb":{"@id":"https:\/\/www.webdo.tn\/fr\/actualite\/le-courrier-des-lecteurs\/subir-les-remarques-misogynes-dans-la-rue-mon-quotidien-de-femme-tunis\/180000\/#breadcrumb"},"inLanguage":"fr-FR","potentialAction":[{"@type":"ReadAction","target":["https:\/\/www.webdo.tn\/fr\/actualite\/le-courrier-des-lecteurs\/subir-les-remarques-misogynes-dans-la-rue-mon-quotidien-de-femme-tunis\/180000\/"]}]},{"@type":"ImageObject","inLanguage":"fr-FR","@id":"https:\/\/www.webdo.tn\/fr\/actualite\/le-courrier-des-lecteurs\/subir-les-remarques-misogynes-dans-la-rue-mon-quotidien-de-femme-tunis\/180000\/#primaryimage","url":"https:\/\/www.webdo.tn\/fr\/wp-content\/uploads\/2025\/06\/Capture-decran-2015-03-12-a-16.38.38_180000.png","contentUrl":"https:\/\/www.webdo.tn\/fr\/wp-content\/uploads\/2025\/06\/Capture-decran-2015-03-12-a-16.38.38_180000.png","width":573,"height":380,"caption":"Subir les remarques misogynes dans la rue : \"Mon quotidien de femme \u00e0 Tunis\""},{"@type":"BreadcrumbList","@id":"https:\/\/www.webdo.tn\/fr\/actualite\/le-courrier-des-lecteurs\/subir-les-remarques-misogynes-dans-la-rue-mon-quotidien-de-femme-tunis\/180000\/#breadcrumb","itemListElement":[{"@type":"ListItem","position":1,"name":"Accueil","item":"https:\/\/www.webdo.tn\/fr\/"},{"@type":"ListItem","position":2,"name":"Subir les remarques misogynes dans la rue : \u00ab\u00a0Mon quotidien de femme \u00e0 Tunis\u00a0\u00bb"}]},{"@type":"WebSite","@id":"https:\/\/www.webdo.tn\/fr\/#website","url":"https:\/\/www.webdo.tn\/fr\/","name":"webdo","description":"Tunisie - News en Tunisie et \u00e0 l&#039;international sur Webdo.tn","publisher":{"@id":"https:\/\/www.webdo.tn\/fr\/#organization"},"potentialAction":[{"@type":"SearchAction","target":{"@type":"EntryPoint","urlTemplate":"https:\/\/www.webdo.tn\/fr\/?s={search_term_string}"},"query-input":{"@type":"PropertyValueSpecification","valueRequired":true,"valueName":"search_term_string"}}],"inLanguage":"fr-FR"},{"@type":"Organization","@id":"https:\/\/www.webdo.tn\/fr\/#organization","name":"Webdo","alternateName":"Webdo.tn","url":"https:\/\/www.webdo.tn\/fr\/","logo":{"@type":"ImageObject","inLanguage":"fr-FR","@id":"https:\/\/www.webdo.tn\/fr\/#\/schema\/logo\/image\/","url":"https:\/\/www.webdo.tn\/fr\/wp-content\/uploads\/2025\/06\/Webdo-Tunisie_168377.jpg","contentUrl":"https:\/\/www.webdo.tn\/fr\/wp-content\/uploads\/2025\/06\/Webdo-Tunisie_168377.jpg","width":301,"height":301,"caption":"Webdo"},"image":{"@id":"https:\/\/www.webdo.tn\/fr\/#\/schema\/logo\/image\/"},"sameAs":["https:\/\/www.facebook.com\/webdotn","https:\/\/x.com\/webdo_tn"],"description":"Webdo est un m\u00e9dia num\u00e9rique tunisien fond\u00e9 en 2010, sp\u00e9cialis\u00e9 dans l\u2019actualit\u00e9 nationale et internationale, l\u2019\u00e9conomie, la soci\u00e9t\u00e9 et les analyses politiques. Le site s\u2019adresse \u00e0 un large public francophone et couvre l\u2019information tunisienne en temps r\u00e9el.","email":"redac@webdo.tn","legalName":"YNJ SARL","foundingDate":"2010-09-06","numberOfEmployees":{"@type":"QuantitativeValue","minValue":"11","maxValue":"50"}},{"@type":"Person","@id":"https:\/\/www.webdo.tn\/fr\/#\/schema\/person\/9a9c6118d687c117df8ef3cc36a4d175","name":"webdo.tn","image":{"@type":"ImageObject","inLanguage":"fr-FR","@id":"https:\/\/secure.gravatar.com\/avatar\/7ce1f28c0c3bbac99ff550b85ef8e44a6950c6ee24514fb6a5489e51d06f0298?s=96&d=mm&r=g","url":"https:\/\/secure.gravatar.com\/avatar\/7ce1f28c0c3bbac99ff550b85ef8e44a6950c6ee24514fb6a5489e51d06f0298?s=96&d=mm&r=g","contentUrl":"https:\/\/secure.gravatar.com\/avatar\/7ce1f28c0c3bbac99ff550b85ef8e44a6950c6ee24514fb6a5489e51d06f0298?s=96&d=mm&r=g","caption":"webdo.tn"},"url":"https:\/\/www.webdo.tn\/fr\/actualite\/author\/webdotn\/"}]}},"_links":{"self":[{"href":"https:\/\/www.webdo.tn\/fr\/wp-json\/wp\/v2\/posts\/180000","targetHints":{"allow":["GET"]}}],"collection":[{"href":"https:\/\/www.webdo.tn\/fr\/wp-json\/wp\/v2\/posts"}],"about":[{"href":"https:\/\/www.webdo.tn\/fr\/wp-json\/wp\/v2\/types\/post"}],"author":[{"embeddable":true,"href":"https:\/\/www.webdo.tn\/fr\/wp-json\/wp\/v2\/users\/3222"}],"replies":[{"embeddable":true,"href":"https:\/\/www.webdo.tn\/fr\/wp-json\/wp\/v2\/comments?post=180000"}],"version-history":[{"count":0,"href":"https:\/\/www.webdo.tn\/fr\/wp-json\/wp\/v2\/posts\/180000\/revisions"}],"wp:featuredmedia":[{"embeddable":true,"href":"https:\/\/www.webdo.tn\/fr\/wp-json\/wp\/v2\/media\/373055"}],"wp:attachment":[{"href":"https:\/\/www.webdo.tn\/fr\/wp-json\/wp\/v2\/media?parent=180000"}],"wp:term":[{"taxonomy":"category","embeddable":true,"href":"https:\/\/www.webdo.tn\/fr\/wp-json\/wp\/v2\/categories?post=180000"},{"taxonomy":"post_tag","embeddable":true,"href":"https:\/\/www.webdo.tn\/fr\/wp-json\/wp\/v2\/tags?post=180000"}],"curies":[{"name":"wp","href":"https:\/\/api.w.org\/{rel}","templated":true}]}}