{"id":179999,"date":"2015-03-19T07:41:00","date_gmt":"2015-03-19T07:41:00","guid":{"rendered":"https:\/\/www.webdo.tn\/fr\/blog\/au-musee-du-bardo-ils-ont-attaque-le-coeur-de-notre-culture-trois-fois-millenaire\/179999\/"},"modified":"2025-05-22T12:58:15","modified_gmt":"2025-05-22T12:58:15","slug":"au-musee-du-bardo-ils-ont-attaque-le-coeur-de-notre-culture-trois-fois-millenaire","status":"publish","type":"post","link":"https:\/\/www.webdo.tn\/fr\/actualite\/le-courrier-des-lecteurs\/au-musee-du-bardo-ils-ont-attaque-le-coeur-de-notre-culture-trois-fois-millenaire\/179999\/","title":{"rendered":"Au mus\u00e9e du Bardo : Ils ont attaqu\u00e9 le coeur de notre culture trois fois mill\u00e9naire"},"content":{"rendered":"<p>TRIBUNE | Par Mehdi GHARIANI<br \/>\nIls ont attaqu\u00e9 le coeur de notre culture trois fois mill\u00e9naire, l\u00b4\u00e9picentre d\u00b4un patrimoine historique qu\u00b4ils r\u00eavent de d\u00e9truire, le symbole de notre richesseculturelle et de notre ouverture au monde.<br \/>\nNous ayant toujours vu comme des \u201ctraitres\u201d \u00e0 l\u00b4Islam, des hypocrites et m\u00e9cr\u00e9ants qu\u00b4ils m\u00e9prisent au plus haut point, Ils ont voulu nous faire peur, semer la panique en important leurs atrocit\u00e9s en plein coeur de notre paradis.<br \/>\nMais nous n\u00b4avons pas peur, nous ne reculerons pas.. ils ne passeront pas.<\/p>\n<p>La Tunisie est martyris\u00e9e, la Tunisie saigne, la Tunisie pleure, mais JAMAIS la Tunisie ne pliera face \u00e0 la barbarie, jamais ils ne d\u00e9truiront ce que nous avons construit. Nous ressortirons plus fort de ces \u00e9v\u00e8nements, parce que la Tunisie est et restera la premi\u00e8re d\u00e9mocratie du monde arabe, un exemple d\u00b4ouverture, de paix et de tol\u00e9rance pour toute la r\u00e9gion.<\/p>\n<p>Mon coeur pleure aujourd\u00b4hui les nouvelles victimes de cette barbarie, mon coeur pleure \u00e9galement de ne pas pouvoir \u00eatre \u00e0 Tunis, de ne pas pouvoir descendre dans la rue et hurler le message d\u00b4unit\u00e9 et de tol\u00e9rance qui a toujours \u00e9t\u00e9 le notre. Je compte sur mes amis sur place pour le faire, mes pens\u00e9es vous accompagneront lorsque vous entonnerez notre hymne.<\/p>\n<p>Le 18 mars 2015 restera comme un jour noir de notre Histoire. Les \u201csalauds ont mis le feu \u00e0 mon paradis\u201d, mais les salauds ne nous survivront jamais.<\/p>\n<p>\u0646\u0645\u0648\u062a \u0646\u0645\u0648\u062a \u0648 \u064a\u062d\u064a\u0627 \u0627\u0644\u0648\u0637\u0646<\/p>\n<p>Tahya Tounes el Horra, Tahya rjel Tounes<\/p>\n","protected":false},"excerpt":{"rendered":"<p>Au mus\u00e9e du Bardo : Ils ont attaqu\u00e9 le coeur de notre culture trois fois mill\u00e9naire<\/p>\n","protected":false},"author":3222,"featured_media":330487,"comment_status":"open","ping_status":"closed","sticky":false,"template":"","format":"standard","meta":{"footnotes":""},"categories":[7043],"tags":[],"class_list":["post-179999","post","type-post","status-publish","format-standard","has-post-thumbnail","hentry","category-le-courrier-des-lecteurs"],"yoast_head":"<!-- This site is optimized with the Yoast SEO Premium plugin v27.5 (Yoast SEO v27.5) - https:\/\/yoast.com\/product\/yoast-seo-premium-wordpress\/ -->\n<title>Au mus\u00e9e du Bardo : Ils ont attaqu\u00e9 le coeur de notre culture trois fois mill\u00e9naire<\/title>\n<meta name=\"description\" content=\"Au mus\u00e9e du Bardo : Ils ont attaqu\u00e9 le coeur de notre culture trois fois mill\u00e9naire\" \/>\n<link rel=\"canonical\" href=\"https:\/\/www.webdo.tn\/fr\/actualite\/le-courrier-des-lecteurs\/au-musee-du-bardo-ils-ont-attaque-le-coeur-de-notre-culture-trois-fois-millenaire\/179999\/\" \/>\n<meta property=\"og:locale\" content=\"fr_FR\" \/>\n<meta property=\"og:type\" content=\"article\" \/>\n<meta property=\"og:title\" content=\"Au mus\u00e9e du Bardo : Ils ont attaqu\u00e9 le coeur de notre culture trois fois mill\u00e9naire\" \/>\n<meta property=\"og:description\" content=\"Au mus\u00e9e du Bardo : Ils ont attaqu\u00e9 le coeur de notre culture trois fois mill\u00e9naire\" \/>\n<meta property=\"og:url\" content=\"https:\/\/www.webdo.tn\/fr\/actualite\/le-courrier-des-lecteurs\/au-musee-du-bardo-ils-ont-attaque-le-coeur-de-notre-culture-trois-fois-millenaire\/179999\/\" \/>\n<meta property=\"og:site_name\" content=\"webdo\" \/>\n<meta property=\"article:publisher\" content=\"https:\/\/www.facebook.com\/webdotn\" \/>\n<meta property=\"article:published_time\" content=\"2015-03-19T07:41:00+00:00\" \/>\n<meta property=\"article:modified_time\" content=\"2025-05-22T12:58:15+00:00\" \/>\n<meta property=\"og:image\" content=\"https:\/\/www.webdo.tn\/fr\/wp-content\/uploads\/2015\/03\/webdo_default-99.jpg\" \/>\n\t<meta property=\"og:image:width\" content=\"800\" \/>\n\t<meta property=\"og:image:height\" content=\"500\" \/>\n\t<meta property=\"og:image:type\" content=\"image\/jpeg\" \/>\n<meta name=\"author\" content=\"webdo.tn\" \/>\n<meta name=\"twitter:card\" content=\"summary_large_image\" \/>\n<meta name=\"twitter:creator\" content=\"@webdo_tn\" \/>\n<meta name=\"twitter:site\" content=\"@webdo_tn\" \/>\n<meta name=\"twitter:label1\" content=\"\u00c9crit par\" \/>\n\t<meta name=\"twitter:data1\" content=\"webdo.tn\" \/>\n\t<meta name=\"twitter:label2\" content=\"Dur\u00e9e de lecture estim\u00e9e\" \/>\n\t<meta name=\"twitter:data2\" content=\"1 minute\" \/>\n<script type=\"application\/ld+json\" class=\"yoast-schema-graph\">{\"@context\":\"https:\\\/\\\/schema.org\",\"@graph\":[{\"@type\":\"NewsArticle\",\"@id\":\"https:\\\/\\\/www.webdo.tn\\\/fr\\\/actualite\\\/le-courrier-des-lecteurs\\\/au-musee-du-bardo-ils-ont-attaque-le-coeur-de-notre-culture-trois-fois-millenaire\\\/179999\\\/#article\",\"isPartOf\":{\"@id\":\"https:\\\/\\\/www.webdo.tn\\\/fr\\\/actualite\\\/le-courrier-des-lecteurs\\\/au-musee-du-bardo-ils-ont-attaque-le-coeur-de-notre-culture-trois-fois-millenaire\\\/179999\\\/\"},\"author\":{\"name\":\"webdo.tn\",\"@id\":\"https:\\\/\\\/www.webdo.tn\\\/fr\\\/#\\\/schema\\\/person\\\/9a9c6118d687c117df8ef3cc36a4d175\"},\"headline\":\"Au mus\u00e9e du Bardo : Ils ont attaqu\u00e9 le coeur de notre culture trois fois mill\u00e9naire\",\"datePublished\":\"2015-03-19T07:41:00+00:00\",\"dateModified\":\"2025-05-22T12:58:15+00:00\",\"mainEntityOfPage\":{\"@id\":\"https:\\\/\\\/www.webdo.tn\\\/fr\\\/actualite\\\/le-courrier-des-lecteurs\\\/au-musee-du-bardo-ils-ont-attaque-le-coeur-de-notre-culture-trois-fois-millenaire\\\/179999\\\/\"},\"wordCount\":279,\"commentCount\":0,\"publisher\":{\"@id\":\"https:\\\/\\\/www.webdo.tn\\\/fr\\\/#organization\"},\"image\":{\"@id\":\"https:\\\/\\\/www.webdo.tn\\\/fr\\\/actualite\\\/le-courrier-des-lecteurs\\\/au-musee-du-bardo-ils-ont-attaque-le-coeur-de-notre-culture-trois-fois-millenaire\\\/179999\\\/#primaryimage\"},\"thumbnailUrl\":\"https:\\\/\\\/www.webdo.tn\\\/fr\\\/wp-content\\\/uploads\\\/2015\\\/03\\\/webdo_default-99.jpg\",\"articleSection\":[\"Le courrier des lecteurs\"],\"inLanguage\":\"fr-FR\"},{\"@type\":\"WebPage\",\"@id\":\"https:\\\/\\\/www.webdo.tn\\\/fr\\\/actualite\\\/le-courrier-des-lecteurs\\\/au-musee-du-bardo-ils-ont-attaque-le-coeur-de-notre-culture-trois-fois-millenaire\\\/179999\\\/\",\"url\":\"https:\\\/\\\/www.webdo.tn\\\/fr\\\/actualite\\\/le-courrier-des-lecteurs\\\/au-musee-du-bardo-ils-ont-attaque-le-coeur-de-notre-culture-trois-fois-millenaire\\\/179999\\\/\",\"name\":\"Au mus\u00e9e du Bardo : Ils ont attaqu\u00e9 le coeur de notre culture trois fois mill\u00e9naire\",\"isPartOf\":{\"@id\":\"https:\\\/\\\/www.webdo.tn\\\/fr\\\/#website\"},\"primaryImageOfPage\":{\"@id\":\"https:\\\/\\\/www.webdo.tn\\\/fr\\\/actualite\\\/le-courrier-des-lecteurs\\\/au-musee-du-bardo-ils-ont-attaque-le-coeur-de-notre-culture-trois-fois-millenaire\\\/179999\\\/#primaryimage\"},\"image\":{\"@id\":\"https:\\\/\\\/www.webdo.tn\\\/fr\\\/actualite\\\/le-courrier-des-lecteurs\\\/au-musee-du-bardo-ils-ont-attaque-le-coeur-de-notre-culture-trois-fois-millenaire\\\/179999\\\/#primaryimage\"},\"thumbnailUrl\":\"https:\\\/\\\/www.webdo.tn\\\/fr\\\/wp-content\\\/uploads\\\/2015\\\/03\\\/webdo_default-99.jpg\",\"datePublished\":\"2015-03-19T07:41:00+00:00\",\"dateModified\":\"2025-05-22T12:58:15+00:00\",\"description\":\"Au mus\u00e9e du Bardo : Ils ont attaqu\u00e9 le coeur de notre culture trois fois mill\u00e9naire\",\"breadcrumb\":{\"@id\":\"https:\\\/\\\/www.webdo.tn\\\/fr\\\/actualite\\\/le-courrier-des-lecteurs\\\/au-musee-du-bardo-ils-ont-attaque-le-coeur-de-notre-culture-trois-fois-millenaire\\\/179999\\\/#breadcrumb\"},\"inLanguage\":\"fr-FR\",\"potentialAction\":[{\"@type\":\"ReadAction\",\"target\":[\"https:\\\/\\\/www.webdo.tn\\\/fr\\\/actualite\\\/le-courrier-des-lecteurs\\\/au-musee-du-bardo-ils-ont-attaque-le-coeur-de-notre-culture-trois-fois-millenaire\\\/179999\\\/\"]}]},{\"@type\":\"ImageObject\",\"inLanguage\":\"fr-FR\",\"@id\":\"https:\\\/\\\/www.webdo.tn\\\/fr\\\/actualite\\\/le-courrier-des-lecteurs\\\/au-musee-du-bardo-ils-ont-attaque-le-coeur-de-notre-culture-trois-fois-millenaire\\\/179999\\\/#primaryimage\",\"url\":\"https:\\\/\\\/www.webdo.tn\\\/fr\\\/wp-content\\\/uploads\\\/2015\\\/03\\\/webdo_default-99.jpg\",\"contentUrl\":\"https:\\\/\\\/www.webdo.tn\\\/fr\\\/wp-content\\\/uploads\\\/2015\\\/03\\\/webdo_default-99.jpg\",\"width\":800,\"height\":500,\"caption\":\"Au mus\u00e9e du Bardo : Ils ont attaqu\u00e9 le coeur de notre culture trois fois mill\u00e9naire\"},{\"@type\":\"BreadcrumbList\",\"@id\":\"https:\\\/\\\/www.webdo.tn\\\/fr\\\/actualite\\\/le-courrier-des-lecteurs\\\/au-musee-du-bardo-ils-ont-attaque-le-coeur-de-notre-culture-trois-fois-millenaire\\\/179999\\\/#breadcrumb\",\"itemListElement\":[{\"@type\":\"ListItem\",\"position\":1,\"name\":\"Accueil\",\"item\":\"https:\\\/\\\/www.webdo.tn\\\/fr\\\/\"},{\"@type\":\"ListItem\",\"position\":2,\"name\":\"Au mus\u00e9e du Bardo : Ils ont attaqu\u00e9 le coeur de notre culture trois fois mill\u00e9naire\"}]},{\"@type\":\"WebSite\",\"@id\":\"https:\\\/\\\/www.webdo.tn\\\/fr\\\/#website\",\"url\":\"https:\\\/\\\/www.webdo.tn\\\/fr\\\/\",\"name\":\"webdo\",\"description\":\"Tunisie - News en Tunisie et \u00e0 l&#039;international sur Webdo.tn\",\"publisher\":{\"@id\":\"https:\\\/\\\/www.webdo.tn\\\/fr\\\/#organization\"},\"potentialAction\":[{\"@type\":\"SearchAction\",\"target\":{\"@type\":\"EntryPoint\",\"urlTemplate\":\"https:\\\/\\\/www.webdo.tn\\\/fr\\\/?s={search_term_string}\"},\"query-input\":{\"@type\":\"PropertyValueSpecification\",\"valueRequired\":true,\"valueName\":\"search_term_string\"}}],\"inLanguage\":\"fr-FR\"},{\"@type\":\"Organization\",\"@id\":\"https:\\\/\\\/www.webdo.tn\\\/fr\\\/#organization\",\"name\":\"Webdo\",\"alternateName\":\"Webdo.tn\",\"url\":\"https:\\\/\\\/www.webdo.tn\\\/fr\\\/\",\"logo\":{\"@type\":\"ImageObject\",\"inLanguage\":\"fr-FR\",\"@id\":\"https:\\\/\\\/www.webdo.tn\\\/fr\\\/#\\\/schema\\\/logo\\\/image\\\/\",\"url\":\"https:\\\/\\\/www.webdo.tn\\\/fr\\\/wp-content\\\/uploads\\\/2025\\\/06\\\/Webdo-Tunisie_168377.jpg\",\"contentUrl\":\"https:\\\/\\\/www.webdo.tn\\\/fr\\\/wp-content\\\/uploads\\\/2025\\\/06\\\/Webdo-Tunisie_168377.jpg\",\"width\":301,\"height\":301,\"caption\":\"Webdo\"},\"image\":{\"@id\":\"https:\\\/\\\/www.webdo.tn\\\/fr\\\/#\\\/schema\\\/logo\\\/image\\\/\"},\"sameAs\":[\"https:\\\/\\\/www.facebook.com\\\/webdotn\",\"https:\\\/\\\/x.com\\\/webdo_tn\"],\"description\":\"Webdo est un m\u00e9dia num\u00e9rique tunisien fond\u00e9 en 2010, sp\u00e9cialis\u00e9 dans l\u2019actualit\u00e9 nationale et internationale, l\u2019\u00e9conomie, la soci\u00e9t\u00e9 et les analyses politiques. Le site s\u2019adresse \u00e0 un large public francophone et couvre l\u2019information tunisienne en temps r\u00e9el.\",\"email\":\"redac@webdo.tn\",\"legalName\":\"YNJ SARL\",\"foundingDate\":\"2010-09-06\",\"numberOfEmployees\":{\"@type\":\"QuantitativeValue\",\"minValue\":\"11\",\"maxValue\":\"50\"}},{\"@type\":\"Person\",\"@id\":\"https:\\\/\\\/www.webdo.tn\\\/fr\\\/#\\\/schema\\\/person\\\/9a9c6118d687c117df8ef3cc36a4d175\",\"name\":\"webdo.tn\",\"image\":{\"@type\":\"ImageObject\",\"inLanguage\":\"fr-FR\",\"@id\":\"https:\\\/\\\/secure.gravatar.com\\\/avatar\\\/7ce1f28c0c3bbac99ff550b85ef8e44a6950c6ee24514fb6a5489e51d06f0298?s=96&d=mm&r=g\",\"url\":\"https:\\\/\\\/secure.gravatar.com\\\/avatar\\\/7ce1f28c0c3bbac99ff550b85ef8e44a6950c6ee24514fb6a5489e51d06f0298?s=96&d=mm&r=g\",\"contentUrl\":\"https:\\\/\\\/secure.gravatar.com\\\/avatar\\\/7ce1f28c0c3bbac99ff550b85ef8e44a6950c6ee24514fb6a5489e51d06f0298?s=96&d=mm&r=g\",\"caption\":\"webdo.tn\"},\"url\":\"https:\\\/\\\/www.webdo.tn\\\/fr\\\/actualite\\\/author\\\/webdotn\\\/\"}]}<\/script>\n<!-- \/ Yoast SEO Premium plugin. -->","yoast_head_json":{"title":"Au mus\u00e9e du Bardo : Ils ont attaqu\u00e9 le coeur de notre culture trois fois mill\u00e9naire","description":"Au mus\u00e9e du Bardo : Ils ont attaqu\u00e9 le coeur de notre culture trois fois mill\u00e9naire","canonical":"https:\/\/www.webdo.tn\/fr\/actualite\/le-courrier-des-lecteurs\/au-musee-du-bardo-ils-ont-attaque-le-coeur-de-notre-culture-trois-fois-millenaire\/179999\/","og_locale":"fr_FR","og_type":"article","og_title":"Au mus\u00e9e du Bardo : Ils ont attaqu\u00e9 le coeur de notre culture trois fois mill\u00e9naire","og_description":"Au mus\u00e9e du Bardo : Ils ont attaqu\u00e9 le coeur de notre culture trois fois mill\u00e9naire","og_url":"https:\/\/www.webdo.tn\/fr\/actualite\/le-courrier-des-lecteurs\/au-musee-du-bardo-ils-ont-attaque-le-coeur-de-notre-culture-trois-fois-millenaire\/179999\/","og_site_name":"webdo","article_publisher":"https:\/\/www.facebook.com\/webdotn","article_published_time":"2015-03-19T07:41:00+00:00","article_modified_time":"2025-05-22T12:58:15+00:00","og_image":[{"width":800,"height":500,"url":"https:\/\/www.webdo.tn\/fr\/wp-content\/uploads\/2015\/03\/webdo_default-99.jpg","type":"image\/jpeg"}],"author":"webdo.tn","twitter_card":"summary_large_image","twitter_creator":"@webdo_tn","twitter_site":"@webdo_tn","twitter_misc":{"\u00c9crit par":"webdo.tn","Dur\u00e9e de lecture estim\u00e9e":"1 minute"},"schema":{"@context":"https:\/\/schema.org","@graph":[{"@type":"NewsArticle","@id":"https:\/\/www.webdo.tn\/fr\/actualite\/le-courrier-des-lecteurs\/au-musee-du-bardo-ils-ont-attaque-le-coeur-de-notre-culture-trois-fois-millenaire\/179999\/#article","isPartOf":{"@id":"https:\/\/www.webdo.tn\/fr\/actualite\/le-courrier-des-lecteurs\/au-musee-du-bardo-ils-ont-attaque-le-coeur-de-notre-culture-trois-fois-millenaire\/179999\/"},"author":{"name":"webdo.tn","@id":"https:\/\/www.webdo.tn\/fr\/#\/schema\/person\/9a9c6118d687c117df8ef3cc36a4d175"},"headline":"Au mus\u00e9e du Bardo : Ils ont attaqu\u00e9 le coeur de notre culture trois fois mill\u00e9naire","datePublished":"2015-03-19T07:41:00+00:00","dateModified":"2025-05-22T12:58:15+00:00","mainEntityOfPage":{"@id":"https:\/\/www.webdo.tn\/fr\/actualite\/le-courrier-des-lecteurs\/au-musee-du-bardo-ils-ont-attaque-le-coeur-de-notre-culture-trois-fois-millenaire\/179999\/"},"wordCount":279,"commentCount":0,"publisher":{"@id":"https:\/\/www.webdo.tn\/fr\/#organization"},"image":{"@id":"https:\/\/www.webdo.tn\/fr\/actualite\/le-courrier-des-lecteurs\/au-musee-du-bardo-ils-ont-attaque-le-coeur-de-notre-culture-trois-fois-millenaire\/179999\/#primaryimage"},"thumbnailUrl":"https:\/\/www.webdo.tn\/fr\/wp-content\/uploads\/2015\/03\/webdo_default-99.jpg","articleSection":["Le courrier des lecteurs"],"inLanguage":"fr-FR"},{"@type":"WebPage","@id":"https:\/\/www.webdo.tn\/fr\/actualite\/le-courrier-des-lecteurs\/au-musee-du-bardo-ils-ont-attaque-le-coeur-de-notre-culture-trois-fois-millenaire\/179999\/","url":"https:\/\/www.webdo.tn\/fr\/actualite\/le-courrier-des-lecteurs\/au-musee-du-bardo-ils-ont-attaque-le-coeur-de-notre-culture-trois-fois-millenaire\/179999\/","name":"Au mus\u00e9e du Bardo : Ils ont attaqu\u00e9 le coeur de notre culture trois fois mill\u00e9naire","isPartOf":{"@id":"https:\/\/www.webdo.tn\/fr\/#website"},"primaryImageOfPage":{"@id":"https:\/\/www.webdo.tn\/fr\/actualite\/le-courrier-des-lecteurs\/au-musee-du-bardo-ils-ont-attaque-le-coeur-de-notre-culture-trois-fois-millenaire\/179999\/#primaryimage"},"image":{"@id":"https:\/\/www.webdo.tn\/fr\/actualite\/le-courrier-des-lecteurs\/au-musee-du-bardo-ils-ont-attaque-le-coeur-de-notre-culture-trois-fois-millenaire\/179999\/#primaryimage"},"thumbnailUrl":"https:\/\/www.webdo.tn\/fr\/wp-content\/uploads\/2015\/03\/webdo_default-99.jpg","datePublished":"2015-03-19T07:41:00+00:00","dateModified":"2025-05-22T12:58:15+00:00","description":"Au mus\u00e9e du Bardo : Ils ont attaqu\u00e9 le coeur de notre culture trois fois mill\u00e9naire","breadcrumb":{"@id":"https:\/\/www.webdo.tn\/fr\/actualite\/le-courrier-des-lecteurs\/au-musee-du-bardo-ils-ont-attaque-le-coeur-de-notre-culture-trois-fois-millenaire\/179999\/#breadcrumb"},"inLanguage":"fr-FR","potentialAction":[{"@type":"ReadAction","target":["https:\/\/www.webdo.tn\/fr\/actualite\/le-courrier-des-lecteurs\/au-musee-du-bardo-ils-ont-attaque-le-coeur-de-notre-culture-trois-fois-millenaire\/179999\/"]}]},{"@type":"ImageObject","inLanguage":"fr-FR","@id":"https:\/\/www.webdo.tn\/fr\/actualite\/le-courrier-des-lecteurs\/au-musee-du-bardo-ils-ont-attaque-le-coeur-de-notre-culture-trois-fois-millenaire\/179999\/#primaryimage","url":"https:\/\/www.webdo.tn\/fr\/wp-content\/uploads\/2015\/03\/webdo_default-99.jpg","contentUrl":"https:\/\/www.webdo.tn\/fr\/wp-content\/uploads\/2015\/03\/webdo_default-99.jpg","width":800,"height":500,"caption":"Au mus\u00e9e du Bardo : Ils ont attaqu\u00e9 le coeur de notre culture trois fois mill\u00e9naire"},{"@type":"BreadcrumbList","@id":"https:\/\/www.webdo.tn\/fr\/actualite\/le-courrier-des-lecteurs\/au-musee-du-bardo-ils-ont-attaque-le-coeur-de-notre-culture-trois-fois-millenaire\/179999\/#breadcrumb","itemListElement":[{"@type":"ListItem","position":1,"name":"Accueil","item":"https:\/\/www.webdo.tn\/fr\/"},{"@type":"ListItem","position":2,"name":"Au mus\u00e9e du Bardo : Ils ont attaqu\u00e9 le coeur de notre culture trois fois mill\u00e9naire"}]},{"@type":"WebSite","@id":"https:\/\/www.webdo.tn\/fr\/#website","url":"https:\/\/www.webdo.tn\/fr\/","name":"webdo","description":"Tunisie - News en Tunisie et \u00e0 l&#039;international sur Webdo.tn","publisher":{"@id":"https:\/\/www.webdo.tn\/fr\/#organization"},"potentialAction":[{"@type":"SearchAction","target":{"@type":"EntryPoint","urlTemplate":"https:\/\/www.webdo.tn\/fr\/?s={search_term_string}"},"query-input":{"@type":"PropertyValueSpecification","valueRequired":true,"valueName":"search_term_string"}}],"inLanguage":"fr-FR"},{"@type":"Organization","@id":"https:\/\/www.webdo.tn\/fr\/#organization","name":"Webdo","alternateName":"Webdo.tn","url":"https:\/\/www.webdo.tn\/fr\/","logo":{"@type":"ImageObject","inLanguage":"fr-FR","@id":"https:\/\/www.webdo.tn\/fr\/#\/schema\/logo\/image\/","url":"https:\/\/www.webdo.tn\/fr\/wp-content\/uploads\/2025\/06\/Webdo-Tunisie_168377.jpg","contentUrl":"https:\/\/www.webdo.tn\/fr\/wp-content\/uploads\/2025\/06\/Webdo-Tunisie_168377.jpg","width":301,"height":301,"caption":"Webdo"},"image":{"@id":"https:\/\/www.webdo.tn\/fr\/#\/schema\/logo\/image\/"},"sameAs":["https:\/\/www.facebook.com\/webdotn","https:\/\/x.com\/webdo_tn"],"description":"Webdo est un m\u00e9dia num\u00e9rique tunisien fond\u00e9 en 2010, sp\u00e9cialis\u00e9 dans l\u2019actualit\u00e9 nationale et internationale, l\u2019\u00e9conomie, la soci\u00e9t\u00e9 et les analyses politiques. Le site s\u2019adresse \u00e0 un large public francophone et couvre l\u2019information tunisienne en temps r\u00e9el.","email":"redac@webdo.tn","legalName":"YNJ SARL","foundingDate":"2010-09-06","numberOfEmployees":{"@type":"QuantitativeValue","minValue":"11","maxValue":"50"}},{"@type":"Person","@id":"https:\/\/www.webdo.tn\/fr\/#\/schema\/person\/9a9c6118d687c117df8ef3cc36a4d175","name":"webdo.tn","image":{"@type":"ImageObject","inLanguage":"fr-FR","@id":"https:\/\/secure.gravatar.com\/avatar\/7ce1f28c0c3bbac99ff550b85ef8e44a6950c6ee24514fb6a5489e51d06f0298?s=96&d=mm&r=g","url":"https:\/\/secure.gravatar.com\/avatar\/7ce1f28c0c3bbac99ff550b85ef8e44a6950c6ee24514fb6a5489e51d06f0298?s=96&d=mm&r=g","contentUrl":"https:\/\/secure.gravatar.com\/avatar\/7ce1f28c0c3bbac99ff550b85ef8e44a6950c6ee24514fb6a5489e51d06f0298?s=96&d=mm&r=g","caption":"webdo.tn"},"url":"https:\/\/www.webdo.tn\/fr\/actualite\/author\/webdotn\/"}]}},"_links":{"self":[{"href":"https:\/\/www.webdo.tn\/fr\/wp-json\/wp\/v2\/posts\/179999","targetHints":{"allow":["GET"]}}],"collection":[{"href":"https:\/\/www.webdo.tn\/fr\/wp-json\/wp\/v2\/posts"}],"about":[{"href":"https:\/\/www.webdo.tn\/fr\/wp-json\/wp\/v2\/types\/post"}],"author":[{"embeddable":true,"href":"https:\/\/www.webdo.tn\/fr\/wp-json\/wp\/v2\/users\/3222"}],"replies":[{"embeddable":true,"href":"https:\/\/www.webdo.tn\/fr\/wp-json\/wp\/v2\/comments?post=179999"}],"version-history":[{"count":0,"href":"https:\/\/www.webdo.tn\/fr\/wp-json\/wp\/v2\/posts\/179999\/revisions"}],"wp:featuredmedia":[{"embeddable":true,"href":"https:\/\/www.webdo.tn\/fr\/wp-json\/wp\/v2\/media\/330487"}],"wp:attachment":[{"href":"https:\/\/www.webdo.tn\/fr\/wp-json\/wp\/v2\/media?parent=179999"}],"wp:term":[{"taxonomy":"category","embeddable":true,"href":"https:\/\/www.webdo.tn\/fr\/wp-json\/wp\/v2\/categories?post=179999"},{"taxonomy":"post_tag","embeddable":true,"href":"https:\/\/www.webdo.tn\/fr\/wp-json\/wp\/v2\/tags?post=179999"}],"curies":[{"name":"wp","href":"https:\/\/api.w.org\/{rel}","templated":true}]}}