{"id":179998,"date":"2015-04-07T19:14:00","date_gmt":"2015-04-07T19:14:00","guid":{"rendered":"https:\/\/www.webdo.tn\/fr\/blog\/tunisie-discours-de-beji-caid-essebsi-a-loccasion-de-la-remise-des-insignes-de-docteur-honoris-causa-par-luniversite-de-paris-sorbonne\/179998\/"},"modified":"2025-05-22T13:23:45","modified_gmt":"2025-05-22T13:23:45","slug":"tunisie-discours-de-beji-caid-essebsi-a-loccasion-de-la-remise-des-insignes-de-docteur-honoris-causa-par-luniversite-de-paris-sorbonne","status":"publish","type":"post","link":"https:\/\/www.webdo.tn\/fr\/actualite\/le-courrier-des-lecteurs\/tunisie-discours-de-beji-caid-essebsi-a-loccasion-de-la-remise-des-insignes-de-docteur-honoris-causa-par-luniversite-de-paris-sorbonne\/179998\/","title":{"rendered":"Discours de Beji Caid Essebsi, Docteur Honoris Causa, \u00e0 l&rsquo;Universit\u00e9 Paris 1 Panth\u00e9on-Sorbonne"},"content":{"rendered":"<p>Paris, le 7 avril 2015<br \/>\nMonsieur le Recteur Chancelier des Universit\u00e9s de Paris,<\/p>\n<p>Monsieur le Pr\u00e9sident de l\u2019Universit\u00e9 de Paris I Sorbonne,<\/p>\n<p>Mesdames et Messieurs les Pr\u00e9sidents des Universit\u00e9s fran\u00e7aises et tunisiennes,<\/p>\n<p>Messieurs les Professeurs, Chers \u00e9tudiants tunisiens, Honorables invit\u00e9s, chers amis fran\u00e7ais, chers amis de la Tunisie, chers concitoyens r\u00e9sidents en France, Mesdames, Messieurs<\/p>\n<p>C\u2019est avec une grande \u00e9motion et avec beaucoup de plaisir que l\u2019ancien \u00e9tudiant de la Facult\u00e9 de droit de Paris s\u2019adresse \u00e0 vous aujourd\u2019hui en tant que Pr\u00e9sident de la R\u00e9publique Tunisienne.<\/p>\n<p>Je vous remercie, M. le Pr\u00e9sident, pour votre discours et c\u2019est avec beaucoup de reconnaissance et d\u2019humilit\u00e9 que j\u2019accepte le titre de docteur honoris causa dont vous m\u2019attribuez les insignes.<\/p>\n<p>[pull_quote_center]<br \/>\nEn m\u2019honorant de la sorte, le Conseil de l\u2019Universit\u00e9 de Paris I Sorbonne rend en v\u00e9rit\u00e9 hommage \u00e0 la Tunisie nouvelle, pays de la R\u00e9volution de la libert\u00e9, de la dignit\u00e9 et de la justice sociale, pays qui a fait de l\u2019\u00e9ducation et de la science son credo et de l\u2019intelligence sa vraie richesse.<br \/>\n[\/pull_quote_center]<\/p>\n<p>D\u00e8s les premi\u00e8res ann\u00e9es de l\u2019ind\u00e9pendance, la Tunisie a investi dans l\u2019\u00e9ducation : une \u00e9ducation pour tous, gratuite, de qualit\u00e9, sans discrimination entre les gar\u00e7ons et les filles et ouverte sur les langues et les cultures. Apr\u00e8s la d\u00e9mocratisation de l\u2019enseignement, nous voil\u00e0 confront\u00e9s au d\u00e9fi de la qualit\u00e9 et de l\u2019ad\u00e9quation entre la formation et l\u2019emploi.<\/p>\n<p>[pull_quote_center]<br \/>\nC\u2019est avec nostalgie et reconnaissance \u00e0 mes ma\u00eetres que je retrouve aujourd\u2019hui ce haut lieu de la science et du savoir, 63 ans apr\u00e8s l\u2019avoir quitt\u00e9, en juillet 1952 pour retrouver mon pays et y exercer la profession d\u2019avocat et surtout pour prendre part \u00e0 la lutte de lib\u00e9ration nationale.<br \/>\n\u00a0<\/p>\n<p>[\/pull_quote_center]<\/p>\n<p>Celle-ci entrait dans sa derni\u00e8re phase suite au d\u00e9clenchement de la lutte arm\u00e9e le 18 janvier 1952 sous le leadership du Pr\u00e9sident Bourguiba et de ses compagnons, issus pour la plupart de cette prestigieuse Universit\u00e9.<\/p>\n<p>[quote_box_center]<br \/>\nC\u2019est le 20 mars 1956 que la Tunisie a acquis son ind\u00e9pendance d\u2019un commun accord entre les deux parties. Depuis, nos deux pays, la Tunisie et la France, ont su panser les blessures de l\u2019\u00e8re coloniale et s\u2019engager r\u00e9solument dans des relations privil\u00e9gi\u00e9es, notamment en mati\u00e8re scientifique et universitaire, dans un esprit d\u2019int\u00e9r\u00eats mutuels bien compris.<br \/>\n\u00a0<\/p>\n<p>[\/quote_box_center]<\/p>\n<p>Nos relations sont exemplaires et ma pr\u00e9sence aujourd\u2019hui parmi vous en est un symbole significatif. Apr\u00e8s le recouvrement de la souverainet\u00e9 nationale, celle de l\u2019\u00e9dification d\u2019un Etat moderne et respect\u00e9, la Tunisie vient de r\u00e9ussir de mani\u00e8re quasi exemplaire le d\u00e9fi de la transition d\u00e9mocratique.<\/p>\n<p>Mon pays s\u2019est d\u00e9barrass\u00e9 \u00e0 jamais de l\u2019autoritarisme. Il est fier d\u2019avoir une Constitution moderniste \u00e9labor\u00e9e par une Assembl\u00e9e nationale Constituante librement \u00e9lue.<\/p>\n<p>[pull_quote_center]<br \/>\nLes chapitres de notre Constitution relatifs aux droits et libert\u00e9s r\u00e9pondent aux standards internationaux les plus \u00e9volu\u00e9s en la mati\u00e8re. Par ailleurs, la Tunisie a organis\u00e9, en l\u2019espace d\u2019\u00e0 peine trois mois, des \u00e9lections l\u00e9gislatives et pr\u00e9sidentielles dont les r\u00e9sultats ont \u00e9t\u00e9 accept\u00e9s par tous et dont tous les observateurs internationaux ont reconnu le s\u00e9rieux, la libert\u00e9 et la transparence.<br \/>\n\u00a0<br \/>\n[\/pull_quote_center]<\/p>\n<p>Cette d\u00e9mocratie naissante et exceptionnelle dans notre environnement g\u00e9ostrat\u00e9gique, est aujourd\u2019hui menac\u00e9e par le terrorisme qui s\u2019est attaqu\u00e9 principalement \u00e0 notre mod\u00e8le de soci\u00e9t\u00e9 et nos r\u00e9f\u00e9rences culturelles.<\/p>\n<p>Mesdames, Messieurs,<\/p>\n<p>Cette c\u00e9r\u00e9monie solennelle me replonge dans mes ann\u00e9es de jeunesse \u00e0 la Facult\u00e9 de droit de Paris en octobre 1949 apr\u00e8s des \u00e9tudes primaires et secondaires au c\u00e9l\u00e8bre 6 Paris, coll\u00e8ge Sadiki, fond\u00e9 par le grand r\u00e9formateur tunisien Kheir-Eddine en 1875, et o\u00f9 l\u2019\u00e9lite tunisienne a acquis une solide culture arabe et fran\u00e7aise.<\/p>\n<p>C\u2019est au cours de ces ann\u00e9es parisiennes que je me suis impr\u00e9gn\u00e9 des principes fondamentaux du droit fran\u00e7ais et de la justice en suivant les cours d\u2019\u00e9minents professeurs, tels que Henry l\u00e9vy-Bruhl, L\u00e9on Juliot de La Morandi\u00e8re, Jean Escarra.<\/p>\n<p>[pull_quote_center]<br \/>\nC\u2019est au cours de ces ann\u00e9es que je me suis engag\u00e9 dans le combat politique et syndical. Et c\u2019est dans cette capitale des Lumi\u00e8res que j\u2019ai rencontr\u00e9 pour la premi\u00e8re fois, gr\u00e2ce \u00e0 mon camarade de facult\u00e9, Habib Bourguiba Junior, le leader Habib Bourguiba.<br \/>\n\u00a0<\/p>\n<p>[\/pull_quote_center]<\/p>\n<p>Depuis, un lien ind\u00e9fectible s\u2019est \u00e9tabli entre Bourguiba et moi-m\u00eame. En effet, d\u00e8s les premiers jours de l\u2019ind\u00e9pendance, j\u2019ai eu l\u2019insigne privil\u00e8ge de c\u00f4toyer ce grand visionnaire et de travailler sous sa direction.<\/p>\n<p>J\u2019ai \u00e9t\u00e9 plusieurs fois ministre de Bourguiba et c\u2019est lui qui m\u2019a accr\u00e9dit\u00e9 en tant qu\u2019Ambassadeur de Tunisie \u00e0 Paris de 1970 \u00e0 1971 apportant ainsi, ma modeste contribution au raffermissement des liens qui s\u2019\u00e9taient tiss\u00e9s depuis des si\u00e8cles entre nos deux peuples et nos deux pays.<\/p>\n<p>Mesdames, Messieurs,<\/p>\n<p>Suite \u00e0 la r\u00e9volution de d\u00e9cembre 2010 \u2013 janvier 2011, j\u2019ai d\u00fb interrompre ma retraite politique commenc\u00e9e depuis 21 ann\u00e9es et r\u00e9pondre \u00e0 mon devoir de patriote. J\u2019ai accept\u00e9 d\u2019\u00eatre Premier ministre et me suis engag\u00e9 \u00e0 mener \u00e0 son terme la premi\u00e8re phase de la transition d\u00e9mocratique. Le pays \u00e9tait encore en \u00e9bullition r\u00e9volutionnaire. Il fallait donner des signes forts, agir fermement et rapidement dans le sens de l\u2019apaisement et de la transition d\u00e9mocratique.<\/p>\n<p>L\u2019objectif primordial de mon gouvernement \u00e9tait l\u2019organisation d\u2019\u00e9lections libres d\u2019une Assembl\u00e9e constituante dans les d\u00e9lais les plus raisonnables. J\u2019ai associ\u00e9 l\u2019ensemble de la classe politique et civile pour promulguer les lois relatives aux libert\u00e9s et surtout pour doter le pays d\u2019une loi \u00e9lectorale favorisant la participation de toutes les tendances politiques, et surtout, assurant la parit\u00e9 entre les hommes et les femmes sur les listes de candidature.<\/p>\n<p>Au m\u00eame moment, il fallait d\u00e9ployer un effort p\u00e9dagogique immense pour expliquer au peuple que pour prot\u00e9ger la r\u00e9volution il fallait sauver l\u2019Etat, et Dieu merci, mon message a \u00e9t\u00e9 compris par la majorit\u00e9. Chose qui n\u2019\u00e9tait pas \u00e9vidente dans un contexte o\u00f9 r\u00e9gnait une extr\u00eame confusion, aggrav\u00e9e par la mont\u00e9e des surench\u00e8res de toutes parts et l\u2019accueil de plus d\u2019un million de r\u00e9fugi\u00e9s venant de la Libye voisine.<\/p>\n<p>Concomitamment, il fallait affronter les urgences sociales, s\u00e9curitaires et \u00e9conomiques. C\u2019est la raison pour laquelle j\u2019ai accept\u00e9 l\u2019invitation de la France et ai particip\u00e9 au sommet du G8 \u00e0 Deauville. J\u2019ai plaid\u00e9 alors la cause de la Tunisie aupr\u00e8s des puissances industrielles et des organisations financi\u00e8res internationales pour soutenir notre transition vers une d\u00e9mocratie stable.<\/p>\n<p>C\u2019est lors de cette m\u00eame rencontre que j\u2019ai contest\u00e9 la formule en vogue du printemps arabe en affirmant \u00abqu\u2019il n y\u2019a pas de printemps arabe, mais un d\u00e9but de printemps tunisien, et si ce printemps se confirme en Tunisie, \u00e0 ce moment-l\u00e0 nous pouvons r\u00eaver d\u2019un printemps arabe\u00bb. Quatre ans apr\u00e8s, le chemin est encore long.<\/p>\n<p>Plusieurs soci\u00e9t\u00e9s arabes sont aujourd\u2019hui menac\u00e9es d\u2019effritement : La Libye voisine, le Y\u00e9men, la Syrie, et l\u2019Irak . En Tunisie, nous avons r\u00e9ussi \u00e0 organiser, au cours de la m\u00eame ann\u00e9e o\u00f9 avait eu la r\u00e9volution, des \u00e9lections d\u00e9mocratiques, honn\u00eates, libres et transparentes.<\/p>\n<p>[pull_quote_center]<br \/>\nNous avons r\u00e9alis\u00e9 la premi\u00e8re alternance pacifique au pouvoir en octobre 2011. Une Assembl\u00e9e constituante a \u00e9t\u00e9 \u00e9lue et malgr\u00e9 de nombreux probl\u00e8mes de parcours nous sommes fiers d\u2019avoir cette Constitution du 27 janvier 2014 qui aurait pu \u00eatre toute autre n\u2019eut \u00e9t\u00e9 la vigilance des forces d\u00e9mocratiques et de la soci\u00e9t\u00e9 civile, notamment les femmes tunisiennes.<br \/>\n[\/pull_quote_center]<\/p>\n<p>Mesdames, Messieurs,<\/p>\n<p>Lorsque j\u2019ai accompli ma mission et remis le pouvoir aux vainqueurs des \u00e9lections de 2011, je pensais pouvoir enfin prendre ma retraite et cette fois pour de bon. Mais les circonstances tragiques qu\u2019a connues la Tunisie m\u2019ont oblig\u00e9 \u00e0 reprendre l\u2019initiative et \u00e0 redonner vie au projet de transition d\u00e9mocratique notamment par un r\u00e9\u00e9quilibrage du paysage politique.<\/p>\n<p>La fondation d\u2019un parti s\u2019est impos\u00e9e en raison de l\u2019\u00e9chec des tentatives de f\u00e9d\u00e9ration de diff\u00e9rents partis qui s\u2019\u00e9taient pr\u00e9sent\u00e9s en ordre dispers\u00e9 aux \u00e9lections de 2011 et qui n\u2019ont r\u00e9colt\u00e9 que des miettes.<\/p>\n<p>C\u2019est ainsi que le destin a voulu que je me trouve \u00e0 la t\u00eate d\u2019un vaste mouvement de r\u00e9sistance civile pour faire \u00e9chec aux ambitions h\u00e9g\u00e9moniques, pour d\u00e9fendre le mod\u00e8le soci\u00e9tal tunisien tel qu\u2019il a \u00e9t\u00e9 fa\u00e7onn\u00e9 par notre histoire, d\u00e9fendre notre Islam fond\u00e9 sur les valeurs d\u2019ouverture et de tol\u00e9rance, stopper les tentatives d\u2019exclusion politique d\u2019une frange enti\u00e8re de Tunisiens au nom de la rupture avec le pass\u00e9.<\/p>\n<p>Cette \u0153uvre qui a \u00e9t\u00e9 men\u00e9e avec conviction et d\u00e9termination a montr\u00e9 que la soci\u00e9t\u00e9 tunisienne, gr\u00e2ce \u00e0 ses \u00e9lites, gr\u00e2ce \u00e0 ses femmes, gr\u00e2ce \u00e0 sa jeunesse et \u00e0 l\u2019ancrage profond de ses organisations nationales, \u00e0 savoir l\u2019Union g\u00e9n\u00e9rale des travailleurs tunisiens (UGTT), l\u2019Union tunisienne pour l\u2019industrie, le commerce et l\u2019artisanat (UTICA), la Ligue tunisienne des droits de l\u2019homme et le Conseil de l\u2019Ordre des avocats est toujours capable de reprendre en main ses destin\u00e9es et de corriger l\u2019histoire au pr\u00e9sent.<\/p>\n<p>Aujourd\u2019hui, la Tunisie est dot\u00e9e d\u2019une Assembl\u00e9e l\u00e9gislative \u00e9lue pour 5 ans, d\u2019un Pr\u00e9sident \u00e9lu pour la m\u00eame p\u00e9riode et dispose d\u2019un gouvernement de coalition largement soutenu.<\/p>\n<p>[pull_quote_center]<br \/>\nLa mise en place des nouvelles institutions constitutionnelles est en \u0153uvre et, dans quelques semaines, le nouveau Conseil sup\u00e9rieur de la magistrature verra le jour.<br \/>\n\u00a0<\/p>\n<p>[\/pull_quote_center]<\/p>\n<p>Mesdames, Messieurs,<\/p>\n<p>C\u2019est avec beaucoup d\u2019humilit\u00e9 que j\u2019assume la direction du pays aujourd\u2019hui, et j\u2019avais annonc\u00e9 bien avant les \u00e9lections que le parti que je pr\u00e9sidais ne gouvernera pas tout seul, m\u00eame s\u2019il obtenait une majorit\u00e9 absolue. J\u2019ai toujours clam\u00e9 haut et fort : \u00abLa patrie avant les partis\u00bb. J\u2019ai veill\u00e9 au respect de cet engagement au lendemain des \u00e9lections. Je suis convaincu que la Tunisie doit \u00eatre gouvern\u00e9e par tous ses enfants, dans la diversit\u00e9 de leurs opinions et ob\u00e9diences.<\/p>\n<p>Une seule condition est exig\u00e9e, la mise en avant des int\u00e9r\u00eats sup\u00e9rieurs de la nation. La le\u00e7on tir\u00e9e de ma longue exp\u00e9rience au service de l\u2019Etat est que la gouvernance intelligente est celle qui consiste \u00e0 anticiper le cours de l\u2019histoire et ne pas h\u00e9siter ou s\u2019arr\u00eater \u00e0 mi-chemin. Chaque fois que la Tunisie a dout\u00e9 d\u2019elle-m\u00eame et que ses dirigeants ont h\u00e9sit\u00e9, elle a r\u00e9gress\u00e9.<\/p>\n<p>Cette conviction je l\u2019ai clairement exprim\u00e9e sur les pages du journal \u201cLe Monde\u201d lorsque j\u2019\u00e9tais Ambassadeur ici m\u00eame \u00e0 Paris et \u00e0 la veille de ma d\u00e9mission en janvier 1972. J\u2019avais consid\u00e9r\u00e9 alors que le pays a rat\u00e9 sa chance d\u2019entreprendre les r\u00e9formes politiques n\u00e9cessaires, m\u2019adressant directement au Pr\u00e9sident Bourguiba en ces termes: \u00abLorsque vous ne faites pas vous-m\u00eames la r\u00e9volution, d\u2019autres la feront pour vous\u00bb.<\/p>\n<p>Mesdames, Messieurs,<\/p>\n<p>Aujourd\u2019hui, notre responsabilit\u00e9 n\u2019en est que plus grande parce que les ambitions de notre peuple le sont aussi. Nous \u00e9voluons dans un contexte int\u00e9rieur et ext\u00e9rieur difficile et faisons face \u00e0 un terrorisme aveugle qui n\u2019a ni nationalit\u00e9 ni religion.<\/p>\n<p>Nous \u0153uvrons pour raffermir l\u2019unit\u00e9 nationale, la r\u00e9conciliation et les r\u00e9formes n\u00e9cessaires pour doter l\u2019Etat des institutions qu\u2019il faut pour un fonctionnement d\u00e9mocratique et pour \u00eatre en phase avec les principes de notre nouvelle Constitution.<\/p>\n<p>Nous \u0153uvrons pour redresser l\u2019\u00e9conomie et surtout pour r\u00e9pondre aux aspirations de notre jeunesse \u00e0 l\u2019\u00e9panouissement par le travail et la libert\u00e9. Nous sommes d\u00e9termin\u00e9s \u00e0 ancrer notre mod\u00e8le de soci\u00e9t\u00e9 et \u00e0 l\u2019immuniser, \u00e0 s\u00e9curiser notre pays contre le fl\u00e9au de la violence et du terrorisme pour p\u00e9renniser le printemps tunisien.<\/p>\n<p>Pour cela, nous comptons beaucoup sur nous-m\u00eames, mais aussi sur le soutien de la communaut\u00e9 internationale et celui de la France qui est notre premier partenaire. C\u2019est \u00e9galement en France que r\u00e9side une dynamique communaut\u00e9 tunisienne, la plus importante vivant en dehors de nos fronti\u00e8res.<\/p>\n<p>En relevant les d\u00e9fis de la d\u00e9mocratie et du d\u00e9veloppement, nous sommes convaincus que nous participons \u00e0 une \u0153uvre de civilisation fond\u00e9e sur les principes universels du droit, principes que j\u2019ai assimil\u00e9s sur les bancs de cette prestigieuse universit\u00e9 que fr\u00e9quente toujours des centaines d\u2019\u00e9tudiants et de chercheurs tunisiens et dans laquelle enseignent \u00e9galement plusieurs universitaires tunisiens.<\/p>\n<p>[pull_quote_center]<br \/>\nJ\u2019accorde personnellement une grande attention \u00e0 la coop\u00e9ration scientifique et universitaire et formule l\u2019espoir de voir les rapports entre l\u2019Universit\u00e9 de Paris I et les universit\u00e9s tunisiennes se consolider et se diversifier.<br \/>\n\u00a0<\/p>\n<p>[\/pull_quote_center]<\/p>\n<p>Mesdames, Messieurs,<\/p>\n<p>Permettez-moi de replacer le partenariat entre nos universit\u00e9s dans un cadre encore plus large, celui d\u2019un espace euro-m\u00e9diterran\u00e9en de l\u2019enseignement et de la formation.<\/p>\n<p>[pull_quote_center]<br \/>\nL\u2019Europe a besoin de la vitalit\u00e9 de la rive sud de la M\u00e9diterran\u00e9e pour renforcer sa comp\u00e9titivit\u00e9 et ses capacit\u00e9s d\u2019innovation. Les jeunesses des deux rives ont besoin de mieux se conna\u00eetre pour repousser ensemble les fronti\u00e8res de la connaissance et pour abattre les murs de l\u2019obscurantisme.<br \/>\n\u00a0<\/p>\n<p>[\/pull_quote_center]<\/p>\n<p>Alors, de cette tribune que vous m\u2019offrez, de ce grand amphith\u00e9\u00e2tre de la Sorbonne, j\u2019appelle \u00e0 la mise en place d\u2019un programme euro-m\u00e9diterran\u00e9en d\u2019\u00e9changes et de partenariats \u00e0 la hauteur des enjeux qui sont les n\u00f4tres, un programme de l\u2019ampleur et avec une ambition et des moyens comparables \u00e0 celui que lan\u00e7ait l\u2019Europe en 1987, le Programme Erasmus.<\/p>\n<p>Un programme dont l\u2019objectif serait de construire et de renforcer un espace de l\u2019\u00e9ducation, de l\u2019enseignement sup\u00e9rieur, de la formation et de l\u2019insertion professionnelle. Un programme dont l\u2019objectif serait de promouvoir la mobilit\u00e9 des \u00e9tudiants et des enseignants, des apprentis et des formateurs.<\/p>\n<p>[pull_quote_center]<\/p>\n<p>Car c\u2019est ensemble que nous pourrons construire une vision commune de nos destins et de nos besoins. Pour co-investir, il faut au pr\u00e9alable co-former. C\u2019est en favorisant la mobilit\u00e9 des cadres que nous pourrons construire les normes communes, bases de notre espace \u00e9conomique.<\/p>\n<p>\u00a0<\/p>\n<p>[\/pull_quote_center]<\/p>\n<p>De nombreuses initiatives existent d\u00e9j\u00e0, exemplaires parfois, tel le programme nouvelle chance, mais insuffisantes et souvent d\u00e9pass\u00e9es par les mutations profondes que conna\u00eet la r\u00e9gion. Et ne nous trompons pas, n\u2019attendons pas que ces mutations soient achev\u00e9es pour construire un cadre de coop\u00e9ration ad\u00e9quat, mais travaillons ensemble \u00e0 ce que ces mutations se fassent dans l\u2019int\u00e9r\u00eat commun. Je ne suis pas sans ignorer les difficult\u00e9s li\u00e9es \u00e0 la mobilit\u00e9, mais des solutions existent lorsque volont\u00e9 et vision se conjuguent.<\/p>\n<p>L\u2019Universit\u00e9 Paris-Dauphine dispose d\u2019un campus \u00e0 Tunis, d\u2019autres peuvent suivre. Des mutualisations sont possibles. Les mobilit\u00e9s peuvent s\u2019effectuer dans des directions multiples.<\/p>\n<p>Les seules limites sont celles de notre imagination. Ce programme dans lequel L\u00e9on l\u2019africain ferait \u00e9cho \u00e0 Erasme de Rotterdam, pourrait \u00eatre promu conjointement par nos deux pays aupr\u00e8s de l\u2019Union Europ\u00e9enne, de l\u2019Union du Maghreb arabe, de l\u2019Unesco et de l\u2019ensemble des pays concern\u00e9s. Et pour commencer, pourquoi ne pas envisager la cr\u00e9ation d\u2019une Chaire localis\u00e9e \u00e0 la fois \u00e0 Paris et \u00e0 Tunis et portant sur le d\u00e9veloppement inclusif et durable dans l\u2019espace euro-m\u00e9diterran\u00e9en. Nombre de d\u00e9fis auxquels nous avons \u00e0 faire face, transitions d\u00e9mographiques, transitions num\u00e9riques, changement climatique, ne peuvent \u00eatre trait\u00e9s que dans le cadre d\u2019une vision globale.<\/p>\n<p>A l\u2019heure o\u00f9 la France s\u2019appr\u00eate \u00e0 accueillir la Conf\u00e9rence Paris Climat 2015, ce serait une premi\u00e8re pierre dans la construction de cette vision commune. Mesdames, Messieurs Notre mission fondamentale est de permette \u00e0 la Tunisie de rejoindre le rang des nations d\u00e9velopp\u00e9es et de pr\u00e9parer nos jeunes aux exigences et d\u00e9fis de notre \u00e9poque en leur donnant les moyens et les outils n\u00e9cessaires pour r\u00e9ussir dans le monde d\u2019aujourd\u2019hui.<\/p>\n<p>[pull_quote_center]<br \/>\nDans cette entreprise, nous puisons notre d\u00e9termination dans l\u2019enthousiasme de cette jeunesse tunisienne et ses aspirations \u00e0 un avenir radieux, et tirons notre inspiration des valeurs nobles et humanistes qui sont pr\u00f4n\u00e9es depuis des si\u00e8cles dans l\u2019enceinte de cette illustre universit\u00e9.<br \/>\n\u00a0<\/p>\n<p>[\/pull_quote_center]<\/p>\n<p>Je ne saurai conclure mon allocution sans r\u00e9it\u00e9rer mes vifs remerciements \u00e0 tous ceux qui sont pr\u00e9sents ici et qui \u0153uvrent \u00e0 la p\u00e9rennit\u00e9 de l\u2019amiti\u00e9 tuniso-fran\u00e7aise.<\/p>\n<p>Merci de votre attention<\/p>\n","protected":false},"excerpt":{"rendered":"<p>Discours de Beji Caid Essebsi, Docteur Honoris Causa, \u00e0 l&rsquo;Universit\u00e9 Paris 1 Panth\u00e9on-Sorbonne<\/p>\n","protected":false},"author":3222,"featured_media":375350,"comment_status":"open","ping_status":"closed","sticky":false,"template":"","format":"standard","meta":{"footnotes":""},"categories":[7043],"tags":[],"class_list":["post-179998","post","type-post","status-publish","format-standard","has-post-thumbnail","hentry","category-le-courrier-des-lecteurs"],"yoast_head":"<!-- This site is optimized with the Yoast SEO Premium plugin v27.5 (Yoast SEO v27.5) - https:\/\/yoast.com\/product\/yoast-seo-premium-wordpress\/ -->\n<title>Discours de Beji Caid Essebsi, Docteur Honoris Causa, \u00e0 l&#039;Universit\u00e9 Paris 1 Panth\u00e9on-Sorbonne<\/title>\n<meta name=\"description\" content=\"Discours de Beji Caid Essebsi, Docteur Honoris Causa, \u00e0 l&#039;Universit\u00e9 Paris 1 Panth\u00e9on-Sorbonne\" \/>\n<link rel=\"canonical\" href=\"https:\/\/www.webdo.tn\/fr\/actualite\/le-courrier-des-lecteurs\/tunisie-discours-de-beji-caid-essebsi-a-loccasion-de-la-remise-des-insignes-de-docteur-honoris-causa-par-luniversite-de-paris-sorbonne\/179998\/\" \/>\n<meta property=\"og:locale\" content=\"fr_FR\" \/>\n<meta property=\"og:type\" content=\"article\" \/>\n<meta property=\"og:title\" content=\"Discours de Beji Caid Essebsi, Docteur Honoris Causa, \u00e0 l&#039;Universit\u00e9 Paris 1 Panth\u00e9on-Sorbonne\" \/>\n<meta property=\"og:description\" content=\"Discours de Beji Caid Essebsi, Docteur Honoris Causa, \u00e0 l&#039;Universit\u00e9 Paris 1 Panth\u00e9on-Sorbonne\" \/>\n<meta property=\"og:url\" content=\"https:\/\/www.webdo.tn\/fr\/actualite\/le-courrier-des-lecteurs\/tunisie-discours-de-beji-caid-essebsi-a-loccasion-de-la-remise-des-insignes-de-docteur-honoris-causa-par-luniversite-de-paris-sorbonne\/179998\/\" \/>\n<meta property=\"og:site_name\" content=\"webdo\" \/>\n<meta property=\"article:publisher\" content=\"https:\/\/www.facebook.com\/webdotn\" \/>\n<meta property=\"article:published_time\" content=\"2015-04-07T19:14:00+00:00\" \/>\n<meta property=\"article:modified_time\" content=\"2025-05-22T13:23:45+00:00\" \/>\n<meta property=\"og:image\" content=\"https:\/\/www.webdo.tn\/fr\/wp-content\/uploads\/2025\/06\/Capture-decran-2015-04-07-a-20.17.02-e1428434454872_179998.png\" \/>\n\t<meta property=\"og:image:width\" content=\"600\" \/>\n\t<meta property=\"og:image:height\" content=\"343\" \/>\n\t<meta property=\"og:image:type\" content=\"image\/png\" \/>\n<meta name=\"author\" content=\"webdo.tn\" \/>\n<meta name=\"twitter:card\" content=\"summary_large_image\" \/>\n<meta name=\"twitter:creator\" content=\"@webdo_tn\" \/>\n<meta name=\"twitter:site\" content=\"@webdo_tn\" \/>\n<meta name=\"twitter:label1\" content=\"\u00c9crit par\" \/>\n\t<meta name=\"twitter:data1\" content=\"webdo.tn\" \/>\n\t<meta name=\"twitter:label2\" content=\"Dur\u00e9e de lecture estim\u00e9e\" \/>\n\t<meta name=\"twitter:data2\" content=\"15 minutes\" \/>\n<script type=\"application\/ld+json\" class=\"yoast-schema-graph\">{\"@context\":\"https:\\\/\\\/schema.org\",\"@graph\":[{\"@type\":\"NewsArticle\",\"@id\":\"https:\\\/\\\/www.webdo.tn\\\/fr\\\/actualite\\\/le-courrier-des-lecteurs\\\/tunisie-discours-de-beji-caid-essebsi-a-loccasion-de-la-remise-des-insignes-de-docteur-honoris-causa-par-luniversite-de-paris-sorbonne\\\/179998\\\/#article\",\"isPartOf\":{\"@id\":\"https:\\\/\\\/www.webdo.tn\\\/fr\\\/actualite\\\/le-courrier-des-lecteurs\\\/tunisie-discours-de-beji-caid-essebsi-a-loccasion-de-la-remise-des-insignes-de-docteur-honoris-causa-par-luniversite-de-paris-sorbonne\\\/179998\\\/\"},\"author\":{\"name\":\"webdo.tn\",\"@id\":\"https:\\\/\\\/www.webdo.tn\\\/fr\\\/#\\\/schema\\\/person\\\/9a9c6118d687c117df8ef3cc36a4d175\"},\"headline\":\"Discours de Beji Caid Essebsi, Docteur Honoris Causa, \u00e0 l&rsquo;Universit\u00e9 Paris 1 Panth\u00e9on-Sorbonne\",\"datePublished\":\"2015-04-07T19:14:00+00:00\",\"dateModified\":\"2025-05-22T13:23:45+00:00\",\"mainEntityOfPage\":{\"@id\":\"https:\\\/\\\/www.webdo.tn\\\/fr\\\/actualite\\\/le-courrier-des-lecteurs\\\/tunisie-discours-de-beji-caid-essebsi-a-loccasion-de-la-remise-des-insignes-de-docteur-honoris-causa-par-luniversite-de-paris-sorbonne\\\/179998\\\/\"},\"wordCount\":2963,\"commentCount\":0,\"publisher\":{\"@id\":\"https:\\\/\\\/www.webdo.tn\\\/fr\\\/#organization\"},\"image\":{\"@id\":\"https:\\\/\\\/www.webdo.tn\\\/fr\\\/actualite\\\/le-courrier-des-lecteurs\\\/tunisie-discours-de-beji-caid-essebsi-a-loccasion-de-la-remise-des-insignes-de-docteur-honoris-causa-par-luniversite-de-paris-sorbonne\\\/179998\\\/#primaryimage\"},\"thumbnailUrl\":\"https:\\\/\\\/www.webdo.tn\\\/fr\\\/wp-content\\\/uploads\\\/2025\\\/06\\\/Capture-decran-2015-04-07-a-20.17.02-e1428434454872_179998.png\",\"articleSection\":[\"Le courrier des lecteurs\"],\"inLanguage\":\"fr-FR\"},{\"@type\":\"WebPage\",\"@id\":\"https:\\\/\\\/www.webdo.tn\\\/fr\\\/actualite\\\/le-courrier-des-lecteurs\\\/tunisie-discours-de-beji-caid-essebsi-a-loccasion-de-la-remise-des-insignes-de-docteur-honoris-causa-par-luniversite-de-paris-sorbonne\\\/179998\\\/\",\"url\":\"https:\\\/\\\/www.webdo.tn\\\/fr\\\/actualite\\\/le-courrier-des-lecteurs\\\/tunisie-discours-de-beji-caid-essebsi-a-loccasion-de-la-remise-des-insignes-de-docteur-honoris-causa-par-luniversite-de-paris-sorbonne\\\/179998\\\/\",\"name\":\"Discours de Beji Caid Essebsi, Docteur Honoris Causa, \u00e0 l'Universit\u00e9 Paris 1 Panth\u00e9on-Sorbonne\",\"isPartOf\":{\"@id\":\"https:\\\/\\\/www.webdo.tn\\\/fr\\\/#website\"},\"primaryImageOfPage\":{\"@id\":\"https:\\\/\\\/www.webdo.tn\\\/fr\\\/actualite\\\/le-courrier-des-lecteurs\\\/tunisie-discours-de-beji-caid-essebsi-a-loccasion-de-la-remise-des-insignes-de-docteur-honoris-causa-par-luniversite-de-paris-sorbonne\\\/179998\\\/#primaryimage\"},\"image\":{\"@id\":\"https:\\\/\\\/www.webdo.tn\\\/fr\\\/actualite\\\/le-courrier-des-lecteurs\\\/tunisie-discours-de-beji-caid-essebsi-a-loccasion-de-la-remise-des-insignes-de-docteur-honoris-causa-par-luniversite-de-paris-sorbonne\\\/179998\\\/#primaryimage\"},\"thumbnailUrl\":\"https:\\\/\\\/www.webdo.tn\\\/fr\\\/wp-content\\\/uploads\\\/2025\\\/06\\\/Capture-decran-2015-04-07-a-20.17.02-e1428434454872_179998.png\",\"datePublished\":\"2015-04-07T19:14:00+00:00\",\"dateModified\":\"2025-05-22T13:23:45+00:00\",\"description\":\"Discours de Beji Caid Essebsi, Docteur Honoris Causa, \u00e0 l'Universit\u00e9 Paris 1 Panth\u00e9on-Sorbonne\",\"breadcrumb\":{\"@id\":\"https:\\\/\\\/www.webdo.tn\\\/fr\\\/actualite\\\/le-courrier-des-lecteurs\\\/tunisie-discours-de-beji-caid-essebsi-a-loccasion-de-la-remise-des-insignes-de-docteur-honoris-causa-par-luniversite-de-paris-sorbonne\\\/179998\\\/#breadcrumb\"},\"inLanguage\":\"fr-FR\",\"potentialAction\":[{\"@type\":\"ReadAction\",\"target\":[\"https:\\\/\\\/www.webdo.tn\\\/fr\\\/actualite\\\/le-courrier-des-lecteurs\\\/tunisie-discours-de-beji-caid-essebsi-a-loccasion-de-la-remise-des-insignes-de-docteur-honoris-causa-par-luniversite-de-paris-sorbonne\\\/179998\\\/\"]}]},{\"@type\":\"ImageObject\",\"inLanguage\":\"fr-FR\",\"@id\":\"https:\\\/\\\/www.webdo.tn\\\/fr\\\/actualite\\\/le-courrier-des-lecteurs\\\/tunisie-discours-de-beji-caid-essebsi-a-loccasion-de-la-remise-des-insignes-de-docteur-honoris-causa-par-luniversite-de-paris-sorbonne\\\/179998\\\/#primaryimage\",\"url\":\"https:\\\/\\\/www.webdo.tn\\\/fr\\\/wp-content\\\/uploads\\\/2025\\\/06\\\/Capture-decran-2015-04-07-a-20.17.02-e1428434454872_179998.png\",\"contentUrl\":\"https:\\\/\\\/www.webdo.tn\\\/fr\\\/wp-content\\\/uploads\\\/2025\\\/06\\\/Capture-decran-2015-04-07-a-20.17.02-e1428434454872_179998.png\",\"width\":600,\"height\":343,\"caption\":\"Discours de Beji Caid Essebsi, Docteur Honoris Causa, \u00e0 l'Universit\u00e9 Paris 1 Panth\u00e9on-Sorbonne\"},{\"@type\":\"BreadcrumbList\",\"@id\":\"https:\\\/\\\/www.webdo.tn\\\/fr\\\/actualite\\\/le-courrier-des-lecteurs\\\/tunisie-discours-de-beji-caid-essebsi-a-loccasion-de-la-remise-des-insignes-de-docteur-honoris-causa-par-luniversite-de-paris-sorbonne\\\/179998\\\/#breadcrumb\",\"itemListElement\":[{\"@type\":\"ListItem\",\"position\":1,\"name\":\"Accueil\",\"item\":\"https:\\\/\\\/www.webdo.tn\\\/fr\\\/\"},{\"@type\":\"ListItem\",\"position\":2,\"name\":\"Discours de Beji Caid Essebsi, Docteur Honoris Causa, \u00e0 l&rsquo;Universit\u00e9 Paris 1 Panth\u00e9on-Sorbonne\"}]},{\"@type\":\"WebSite\",\"@id\":\"https:\\\/\\\/www.webdo.tn\\\/fr\\\/#website\",\"url\":\"https:\\\/\\\/www.webdo.tn\\\/fr\\\/\",\"name\":\"webdo\",\"description\":\"Tunisie - News en Tunisie et \u00e0 l&#039;international sur Webdo.tn\",\"publisher\":{\"@id\":\"https:\\\/\\\/www.webdo.tn\\\/fr\\\/#organization\"},\"potentialAction\":[{\"@type\":\"SearchAction\",\"target\":{\"@type\":\"EntryPoint\",\"urlTemplate\":\"https:\\\/\\\/www.webdo.tn\\\/fr\\\/?s={search_term_string}\"},\"query-input\":{\"@type\":\"PropertyValueSpecification\",\"valueRequired\":true,\"valueName\":\"search_term_string\"}}],\"inLanguage\":\"fr-FR\"},{\"@type\":\"Organization\",\"@id\":\"https:\\\/\\\/www.webdo.tn\\\/fr\\\/#organization\",\"name\":\"Webdo\",\"alternateName\":\"Webdo.tn\",\"url\":\"https:\\\/\\\/www.webdo.tn\\\/fr\\\/\",\"logo\":{\"@type\":\"ImageObject\",\"inLanguage\":\"fr-FR\",\"@id\":\"https:\\\/\\\/www.webdo.tn\\\/fr\\\/#\\\/schema\\\/logo\\\/image\\\/\",\"url\":\"https:\\\/\\\/www.webdo.tn\\\/fr\\\/wp-content\\\/uploads\\\/2025\\\/06\\\/Webdo-Tunisie_168377.jpg\",\"contentUrl\":\"https:\\\/\\\/www.webdo.tn\\\/fr\\\/wp-content\\\/uploads\\\/2025\\\/06\\\/Webdo-Tunisie_168377.jpg\",\"width\":301,\"height\":301,\"caption\":\"Webdo\"},\"image\":{\"@id\":\"https:\\\/\\\/www.webdo.tn\\\/fr\\\/#\\\/schema\\\/logo\\\/image\\\/\"},\"sameAs\":[\"https:\\\/\\\/www.facebook.com\\\/webdotn\",\"https:\\\/\\\/x.com\\\/webdo_tn\"],\"description\":\"Webdo est un m\u00e9dia num\u00e9rique tunisien fond\u00e9 en 2010, sp\u00e9cialis\u00e9 dans l\u2019actualit\u00e9 nationale et internationale, l\u2019\u00e9conomie, la soci\u00e9t\u00e9 et les analyses politiques. Le site s\u2019adresse \u00e0 un large public francophone et couvre l\u2019information tunisienne en temps r\u00e9el.\",\"email\":\"redac@webdo.tn\",\"legalName\":\"YNJ SARL\",\"foundingDate\":\"2010-09-06\",\"numberOfEmployees\":{\"@type\":\"QuantitativeValue\",\"minValue\":\"11\",\"maxValue\":\"50\"}},{\"@type\":\"Person\",\"@id\":\"https:\\\/\\\/www.webdo.tn\\\/fr\\\/#\\\/schema\\\/person\\\/9a9c6118d687c117df8ef3cc36a4d175\",\"name\":\"webdo.tn\",\"image\":{\"@type\":\"ImageObject\",\"inLanguage\":\"fr-FR\",\"@id\":\"https:\\\/\\\/secure.gravatar.com\\\/avatar\\\/7ce1f28c0c3bbac99ff550b85ef8e44a6950c6ee24514fb6a5489e51d06f0298?s=96&d=mm&r=g\",\"url\":\"https:\\\/\\\/secure.gravatar.com\\\/avatar\\\/7ce1f28c0c3bbac99ff550b85ef8e44a6950c6ee24514fb6a5489e51d06f0298?s=96&d=mm&r=g\",\"contentUrl\":\"https:\\\/\\\/secure.gravatar.com\\\/avatar\\\/7ce1f28c0c3bbac99ff550b85ef8e44a6950c6ee24514fb6a5489e51d06f0298?s=96&d=mm&r=g\",\"caption\":\"webdo.tn\"},\"url\":\"https:\\\/\\\/www.webdo.tn\\\/fr\\\/actualite\\\/author\\\/webdotn\\\/\"}]}<\/script>\n<!-- \/ Yoast SEO Premium plugin. -->","yoast_head_json":{"title":"Discours de Beji Caid Essebsi, Docteur Honoris Causa, \u00e0 l'Universit\u00e9 Paris 1 Panth\u00e9on-Sorbonne","description":"Discours de Beji Caid Essebsi, Docteur Honoris Causa, \u00e0 l'Universit\u00e9 Paris 1 Panth\u00e9on-Sorbonne","canonical":"https:\/\/www.webdo.tn\/fr\/actualite\/le-courrier-des-lecteurs\/tunisie-discours-de-beji-caid-essebsi-a-loccasion-de-la-remise-des-insignes-de-docteur-honoris-causa-par-luniversite-de-paris-sorbonne\/179998\/","og_locale":"fr_FR","og_type":"article","og_title":"Discours de Beji Caid Essebsi, Docteur Honoris Causa, \u00e0 l'Universit\u00e9 Paris 1 Panth\u00e9on-Sorbonne","og_description":"Discours de Beji Caid Essebsi, Docteur Honoris Causa, \u00e0 l'Universit\u00e9 Paris 1 Panth\u00e9on-Sorbonne","og_url":"https:\/\/www.webdo.tn\/fr\/actualite\/le-courrier-des-lecteurs\/tunisie-discours-de-beji-caid-essebsi-a-loccasion-de-la-remise-des-insignes-de-docteur-honoris-causa-par-luniversite-de-paris-sorbonne\/179998\/","og_site_name":"webdo","article_publisher":"https:\/\/www.facebook.com\/webdotn","article_published_time":"2015-04-07T19:14:00+00:00","article_modified_time":"2025-05-22T13:23:45+00:00","og_image":[{"width":600,"height":343,"url":"https:\/\/www.webdo.tn\/fr\/wp-content\/uploads\/2025\/06\/Capture-decran-2015-04-07-a-20.17.02-e1428434454872_179998.png","type":"image\/png"}],"author":"webdo.tn","twitter_card":"summary_large_image","twitter_creator":"@webdo_tn","twitter_site":"@webdo_tn","twitter_misc":{"\u00c9crit par":"webdo.tn","Dur\u00e9e de lecture estim\u00e9e":"15 minutes"},"schema":{"@context":"https:\/\/schema.org","@graph":[{"@type":"NewsArticle","@id":"https:\/\/www.webdo.tn\/fr\/actualite\/le-courrier-des-lecteurs\/tunisie-discours-de-beji-caid-essebsi-a-loccasion-de-la-remise-des-insignes-de-docteur-honoris-causa-par-luniversite-de-paris-sorbonne\/179998\/#article","isPartOf":{"@id":"https:\/\/www.webdo.tn\/fr\/actualite\/le-courrier-des-lecteurs\/tunisie-discours-de-beji-caid-essebsi-a-loccasion-de-la-remise-des-insignes-de-docteur-honoris-causa-par-luniversite-de-paris-sorbonne\/179998\/"},"author":{"name":"webdo.tn","@id":"https:\/\/www.webdo.tn\/fr\/#\/schema\/person\/9a9c6118d687c117df8ef3cc36a4d175"},"headline":"Discours de Beji Caid Essebsi, Docteur Honoris Causa, \u00e0 l&rsquo;Universit\u00e9 Paris 1 Panth\u00e9on-Sorbonne","datePublished":"2015-04-07T19:14:00+00:00","dateModified":"2025-05-22T13:23:45+00:00","mainEntityOfPage":{"@id":"https:\/\/www.webdo.tn\/fr\/actualite\/le-courrier-des-lecteurs\/tunisie-discours-de-beji-caid-essebsi-a-loccasion-de-la-remise-des-insignes-de-docteur-honoris-causa-par-luniversite-de-paris-sorbonne\/179998\/"},"wordCount":2963,"commentCount":0,"publisher":{"@id":"https:\/\/www.webdo.tn\/fr\/#organization"},"image":{"@id":"https:\/\/www.webdo.tn\/fr\/actualite\/le-courrier-des-lecteurs\/tunisie-discours-de-beji-caid-essebsi-a-loccasion-de-la-remise-des-insignes-de-docteur-honoris-causa-par-luniversite-de-paris-sorbonne\/179998\/#primaryimage"},"thumbnailUrl":"https:\/\/www.webdo.tn\/fr\/wp-content\/uploads\/2025\/06\/Capture-decran-2015-04-07-a-20.17.02-e1428434454872_179998.png","articleSection":["Le courrier des lecteurs"],"inLanguage":"fr-FR"},{"@type":"WebPage","@id":"https:\/\/www.webdo.tn\/fr\/actualite\/le-courrier-des-lecteurs\/tunisie-discours-de-beji-caid-essebsi-a-loccasion-de-la-remise-des-insignes-de-docteur-honoris-causa-par-luniversite-de-paris-sorbonne\/179998\/","url":"https:\/\/www.webdo.tn\/fr\/actualite\/le-courrier-des-lecteurs\/tunisie-discours-de-beji-caid-essebsi-a-loccasion-de-la-remise-des-insignes-de-docteur-honoris-causa-par-luniversite-de-paris-sorbonne\/179998\/","name":"Discours de Beji Caid Essebsi, Docteur Honoris Causa, \u00e0 l'Universit\u00e9 Paris 1 Panth\u00e9on-Sorbonne","isPartOf":{"@id":"https:\/\/www.webdo.tn\/fr\/#website"},"primaryImageOfPage":{"@id":"https:\/\/www.webdo.tn\/fr\/actualite\/le-courrier-des-lecteurs\/tunisie-discours-de-beji-caid-essebsi-a-loccasion-de-la-remise-des-insignes-de-docteur-honoris-causa-par-luniversite-de-paris-sorbonne\/179998\/#primaryimage"},"image":{"@id":"https:\/\/www.webdo.tn\/fr\/actualite\/le-courrier-des-lecteurs\/tunisie-discours-de-beji-caid-essebsi-a-loccasion-de-la-remise-des-insignes-de-docteur-honoris-causa-par-luniversite-de-paris-sorbonne\/179998\/#primaryimage"},"thumbnailUrl":"https:\/\/www.webdo.tn\/fr\/wp-content\/uploads\/2025\/06\/Capture-decran-2015-04-07-a-20.17.02-e1428434454872_179998.png","datePublished":"2015-04-07T19:14:00+00:00","dateModified":"2025-05-22T13:23:45+00:00","description":"Discours de Beji Caid Essebsi, Docteur Honoris Causa, \u00e0 l'Universit\u00e9 Paris 1 Panth\u00e9on-Sorbonne","breadcrumb":{"@id":"https:\/\/www.webdo.tn\/fr\/actualite\/le-courrier-des-lecteurs\/tunisie-discours-de-beji-caid-essebsi-a-loccasion-de-la-remise-des-insignes-de-docteur-honoris-causa-par-luniversite-de-paris-sorbonne\/179998\/#breadcrumb"},"inLanguage":"fr-FR","potentialAction":[{"@type":"ReadAction","target":["https:\/\/www.webdo.tn\/fr\/actualite\/le-courrier-des-lecteurs\/tunisie-discours-de-beji-caid-essebsi-a-loccasion-de-la-remise-des-insignes-de-docteur-honoris-causa-par-luniversite-de-paris-sorbonne\/179998\/"]}]},{"@type":"ImageObject","inLanguage":"fr-FR","@id":"https:\/\/www.webdo.tn\/fr\/actualite\/le-courrier-des-lecteurs\/tunisie-discours-de-beji-caid-essebsi-a-loccasion-de-la-remise-des-insignes-de-docteur-honoris-causa-par-luniversite-de-paris-sorbonne\/179998\/#primaryimage","url":"https:\/\/www.webdo.tn\/fr\/wp-content\/uploads\/2025\/06\/Capture-decran-2015-04-07-a-20.17.02-e1428434454872_179998.png","contentUrl":"https:\/\/www.webdo.tn\/fr\/wp-content\/uploads\/2025\/06\/Capture-decran-2015-04-07-a-20.17.02-e1428434454872_179998.png","width":600,"height":343,"caption":"Discours de Beji Caid Essebsi, Docteur Honoris Causa, \u00e0 l'Universit\u00e9 Paris 1 Panth\u00e9on-Sorbonne"},{"@type":"BreadcrumbList","@id":"https:\/\/www.webdo.tn\/fr\/actualite\/le-courrier-des-lecteurs\/tunisie-discours-de-beji-caid-essebsi-a-loccasion-de-la-remise-des-insignes-de-docteur-honoris-causa-par-luniversite-de-paris-sorbonne\/179998\/#breadcrumb","itemListElement":[{"@type":"ListItem","position":1,"name":"Accueil","item":"https:\/\/www.webdo.tn\/fr\/"},{"@type":"ListItem","position":2,"name":"Discours de Beji Caid Essebsi, Docteur Honoris Causa, \u00e0 l&rsquo;Universit\u00e9 Paris 1 Panth\u00e9on-Sorbonne"}]},{"@type":"WebSite","@id":"https:\/\/www.webdo.tn\/fr\/#website","url":"https:\/\/www.webdo.tn\/fr\/","name":"webdo","description":"Tunisie - News en Tunisie et \u00e0 l&#039;international sur Webdo.tn","publisher":{"@id":"https:\/\/www.webdo.tn\/fr\/#organization"},"potentialAction":[{"@type":"SearchAction","target":{"@type":"EntryPoint","urlTemplate":"https:\/\/www.webdo.tn\/fr\/?s={search_term_string}"},"query-input":{"@type":"PropertyValueSpecification","valueRequired":true,"valueName":"search_term_string"}}],"inLanguage":"fr-FR"},{"@type":"Organization","@id":"https:\/\/www.webdo.tn\/fr\/#organization","name":"Webdo","alternateName":"Webdo.tn","url":"https:\/\/www.webdo.tn\/fr\/","logo":{"@type":"ImageObject","inLanguage":"fr-FR","@id":"https:\/\/www.webdo.tn\/fr\/#\/schema\/logo\/image\/","url":"https:\/\/www.webdo.tn\/fr\/wp-content\/uploads\/2025\/06\/Webdo-Tunisie_168377.jpg","contentUrl":"https:\/\/www.webdo.tn\/fr\/wp-content\/uploads\/2025\/06\/Webdo-Tunisie_168377.jpg","width":301,"height":301,"caption":"Webdo"},"image":{"@id":"https:\/\/www.webdo.tn\/fr\/#\/schema\/logo\/image\/"},"sameAs":["https:\/\/www.facebook.com\/webdotn","https:\/\/x.com\/webdo_tn"],"description":"Webdo est un m\u00e9dia num\u00e9rique tunisien fond\u00e9 en 2010, sp\u00e9cialis\u00e9 dans l\u2019actualit\u00e9 nationale et internationale, l\u2019\u00e9conomie, la soci\u00e9t\u00e9 et les analyses politiques. Le site s\u2019adresse \u00e0 un large public francophone et couvre l\u2019information tunisienne en temps r\u00e9el.","email":"redac@webdo.tn","legalName":"YNJ SARL","foundingDate":"2010-09-06","numberOfEmployees":{"@type":"QuantitativeValue","minValue":"11","maxValue":"50"}},{"@type":"Person","@id":"https:\/\/www.webdo.tn\/fr\/#\/schema\/person\/9a9c6118d687c117df8ef3cc36a4d175","name":"webdo.tn","image":{"@type":"ImageObject","inLanguage":"fr-FR","@id":"https:\/\/secure.gravatar.com\/avatar\/7ce1f28c0c3bbac99ff550b85ef8e44a6950c6ee24514fb6a5489e51d06f0298?s=96&d=mm&r=g","url":"https:\/\/secure.gravatar.com\/avatar\/7ce1f28c0c3bbac99ff550b85ef8e44a6950c6ee24514fb6a5489e51d06f0298?s=96&d=mm&r=g","contentUrl":"https:\/\/secure.gravatar.com\/avatar\/7ce1f28c0c3bbac99ff550b85ef8e44a6950c6ee24514fb6a5489e51d06f0298?s=96&d=mm&r=g","caption":"webdo.tn"},"url":"https:\/\/www.webdo.tn\/fr\/actualite\/author\/webdotn\/"}]}},"_links":{"self":[{"href":"https:\/\/www.webdo.tn\/fr\/wp-json\/wp\/v2\/posts\/179998","targetHints":{"allow":["GET"]}}],"collection":[{"href":"https:\/\/www.webdo.tn\/fr\/wp-json\/wp\/v2\/posts"}],"about":[{"href":"https:\/\/www.webdo.tn\/fr\/wp-json\/wp\/v2\/types\/post"}],"author":[{"embeddable":true,"href":"https:\/\/www.webdo.tn\/fr\/wp-json\/wp\/v2\/users\/3222"}],"replies":[{"embeddable":true,"href":"https:\/\/www.webdo.tn\/fr\/wp-json\/wp\/v2\/comments?post=179998"}],"version-history":[{"count":0,"href":"https:\/\/www.webdo.tn\/fr\/wp-json\/wp\/v2\/posts\/179998\/revisions"}],"wp:featuredmedia":[{"embeddable":true,"href":"https:\/\/www.webdo.tn\/fr\/wp-json\/wp\/v2\/media\/375350"}],"wp:attachment":[{"href":"https:\/\/www.webdo.tn\/fr\/wp-json\/wp\/v2\/media?parent=179998"}],"wp:term":[{"taxonomy":"category","embeddable":true,"href":"https:\/\/www.webdo.tn\/fr\/wp-json\/wp\/v2\/categories?post=179998"},{"taxonomy":"post_tag","embeddable":true,"href":"https:\/\/www.webdo.tn\/fr\/wp-json\/wp\/v2\/tags?post=179998"}],"curies":[{"name":"wp","href":"https:\/\/api.w.org\/{rel}","templated":true}]}}