{"id":179997,"date":"2015-04-08T11:43:00","date_gmt":"2015-04-08T09:43:00","guid":{"rendered":"https:\/\/www.webdo.tn\/fr\/actualite\/le-courrier-des-lecteurs\/adieu-mansour\/179997"},"modified":"2015-04-08T11:43:00","modified_gmt":"2015-04-08T09:43:00","slug":"adieu-mansour","status":"publish","type":"post","link":"https:\/\/www.webdo.tn\/fr\/actualite\/le-courrier-des-lecteurs\/adieu-mansour\/179997\/","title":{"rendered":"Adieu, Mansour !"},"content":{"rendered":"<p>TRIBUNE | Par Imed BEN HAMIDA<\/p>\n<p>Il avait un sens suraigu de la responsabilit\u00e9 et un d\u00e9vouement drastique dans l\u2019accomplissement du devoir. On e\u00fbt pens\u00e9 qu\u2019il les h\u00e9rita d\u2019un quelconque apprentissage militaire. En fait, il les devait \u00e0 lui-m\u00eame, c\u2019\u00e9tait inn\u00e9 chez lui. C\u2019\u00e9tait la s\u00e8ve dont il se nourrissait.<\/p>\n<p>Il \u00e9tait d\u2019une rigueur singuli\u00e8re qui rebutait plus de gens qu\u2019elle n\u2019en attirait vers lui. Mais il en faisait peu de cas. Que son cercle d\u2019amis s\u2019\u00e9largissait ou se r\u00e9tr\u00e9cissait cela ne le tourmentait pas.<\/p>\n<p>Il voulait qu\u2019on l\u2019appr\u00e9cie pour ce qu\u2019il est et ce qu\u2019il a choisi d\u2019\u00eatre, parce qu\u2019il \u00e9tait l\u2019un des rares \u00e0 ne pas user de ces tortueuses hypocrisies sociales, si communes, pour se tisser des amiti\u00e9s ou des connaissances.<\/p>\n<p>On e\u00fbt dit qu\u2019il faisait expr\u00e8s de mettre cette rigueur en \u00e9vidence, dans son apparence m\u00eame, comme moyen de d\u00e9fense, c\u2019\u00e9tait son amulette \u00e0 lui pour chasser les fourbes et les malveillants.<\/p>\n<p>Il se foutait, du reste, de l\u2019opinion qu\u2019on se faisait de lui, du moment qu\u2019elle n\u2019\u00e9branlait pas ce qu\u2019il pensait \u00eatre le fondement de sa personnalit\u00e9. Il ne d\u00e9pendait pas, pour ainsi dire, du satisfecit des autres. Il puisait la volont\u00e9 dans lui-m\u00eame, dans sa foi en ses propres capacit\u00e9s.<\/p>\n<p>Et du travail, il en abattait. Pointilleux, implacable quant au moindre d\u00e9tail, il \u00e9tait intransigeant et ne n\u00e9gociait pas quand il pensait \u00eatre dans son droit, se froissait \u00e0 la moindre contrari\u00e9t\u00e9 qui touchait au fruit de son labeur.<\/p>\n<p>Mais il travaillait en silence, il n\u2019\u00e9tait pas de ceux qui grognassaient \u00e0 cause du volume de la t\u00e2che ou de sa difficult\u00e9. Il ex\u00e9cutait du mieux qu\u2019il pouvait, ne mesurait jamais son effort \u00e0 une contrepartie. Il donnait plus qu\u2019il ne recevait, mais ne s\u2019en plaignait jamais.<\/p>\n<p>Tout cela sans la moindre pr\u00e9tention. Il se contentait d\u2019une double casquette de chroniqueur social et de journaliste sportif, ne se hasardait pas dans ce qu\u2019il ne consid\u00e9rait pas de son ressort.<\/p>\n<p>Alors que le premier attard\u00e9 de ceux dont regorge la presse dans ce pays se serait mis \u00e0 disserter politique d\u00e8s qu\u2019il aurait su garer un verbe derri\u00e8re un sujet, lui, dont le style alliait subtilement rigueur et \u00e9l\u00e9gance, en plus d\u2019un respect scrupuleux des r\u00e8gles de la langue, ne se prenait pas pour un intellectuel, n\u2019outrepassait pas ce qu\u2019il s\u2019\u00e9tait fix\u00e9 comme sujets de pr\u00e9occupation.<\/p>\n<p>C\u2019\u00e9tait un gros d\u00e9voreur de polars, il en avait d\u00e9val\u00e9 des \u00e9paisseurs enti\u00e8res. Dashiell Hammet, Raymond Chandler, Agatha Christie, Fr\u00e9d\u00e9ric Dard, Carter Brown et James Hadley Chase n\u2019avaient pas de secret pour lui.<\/p>\n<p>On croirait qu\u2019il les avait c\u00f4toy\u00e9s, qu\u2019il avait \u00e9t\u00e9 quelque part avec Sam Spade, Philip Marlowe ou Hercule Poirot. C\u2019est gr\u00e2ce \u00e0 lui que nous p\u00fbmes lire, en son temps, le fameux SAS \u00ab Commando sur Tunis \u00bb, o\u00f9 son Altesse s\u00e9r\u00e9nissime Malko Linge est venu sauver Bourguiba d\u2019un complot ourdi par Kadhafi et o\u00f9 Ben Ali, non encore au pouvoir, se faisait appeler par G\u00e9rard de Villiers, g\u00e9n\u00e9ral Marchana.<\/p>\n<p>Et puis, il y a l\u2019homme.<br \/>\nDerri\u00e8re cet air grave du journaliste \u00e0 la t\u00e2che, se cachait un bon vivant, un bon ami, loyal et g\u00e9n\u00e9reux.<\/p>\n<p>En fait, d\u2019apparence, il \u00e9tait comme les portes des \u00ab speakeasies \u00bb des polars qu\u2019il lisait, sombres et aust\u00e8res et peu invitantes de l\u2019ext\u00e9rieur, il suffisait d\u2019ouvrir la petite fen\u00eatre pour apercevoir toute la joie de vivre, toute la gait\u00e9, toute la bonhomie qui fusait \u00e0 l\u2019int\u00e9rieur.<\/p>\n<p>C\u2019est comme \u00e7a qu\u2019il \u00e9tait. Il fallait tout simplement faire l\u2019effort de s\u2019inviter dans son monde. Et c\u2019est aussi pour cela qu\u2019il nous manquera \u00e0 tous et que nous continuerons \u00e0 ressentir la m\u00eame douleur apr\u00e8s ce d\u00e9part cruel.<\/p>\n<p>A sa femme Hela qui a \u00e9t\u00e9 \u00e0 ses c\u00f4t\u00e9s jusqu\u2019au bout, qui l\u2019a soutenu, avec beaucoup de courage, dans les moments les plus durs, et Dieu sait s\u2019il en a eus ; \u00e0 sa famille, \u00e0 ses amis, \u00e0 ses coll\u00e8gues, nous r\u00e9exprimons nos plus sinc\u00e8res condol\u00e9ances.<\/p>\n<p>Nous aurions tous tant souhait\u00e9 que Mansour fasse, encore, un petit bout de chemin avec nous\u2026<\/p>\n<p>[quote_box_center]<br \/>\nUn des pionniers du foot f\u00e9minin<br \/>\nParall\u00e8lement \u00e0 ses activit\u00e9s journalistiques, Mansour Amara \u00e9tait aussi l\u2019un des plus fervents promoteurs du football f\u00e9minin. L\u2019aventure a commenc\u00e9 en 2004 quand il fit partie de la Ligue F\u00e9d\u00e9rale qui s\u2019\u00e9tait occup\u00e9e de l\u2019organisation de tournois de football f\u00e9minin, un peu partout dans le pays. Le but de ces comp\u00e9titions \u00e9tait de voir la r\u00e9alit\u00e9 du terrain avant de lancer un v\u00e9ritable championnat.<br \/>\nEn 2006, la Ligue Nationale F\u00e9minine de Football a vu le jour et Mansour Amara fut l\u2019un des membres fondateurs de cette institution. Il y a \u00e9t\u00e9 d\u00e9sign\u00e9 comme pr\u00e9sident de la commission des comp\u00e9titions et le charg\u00e9 de communication jusqu\u2019\u00e0 la saison 2011-2012. De tout le paysage journalistique tunisien, Mansour Amara est l\u2019un des rares, pour ne pas dire le seul, \u00e0 avoir assur\u00e9 la promotion du football f\u00e9minin, \u00e0 y avoir cru et \u00e0 avoir continu\u00e9 \u00e0 le soutenir.<br \/>\nUn travail \u00e9norme et des efforts immenses lui ont valu les honneurs du ministre des Sports et de la Jeunesse, Tarek Dhiab, en 2012 \u00e0 l\u2019occasion de la Finale de la Coupe de Tunisie de football f\u00e9minin. En 2013, c\u2019est le comit\u00e9 olympique qui l\u2019honore, \u00e0 son tour, pour son r\u00f4le pr\u00e9pond\u00e9rant dans le d\u00e9veloppement du football f\u00e9minin.<br \/>\n[\/quote_box_center]<\/p>\n","protected":false},"excerpt":{"rendered":"<p>TRIBUNE | Par Imed BEN HAMIDA<\/p>\n<p>Il avait un sens suraigu de la responsabilit\u00e9 et un d\u00e9vouement drastique dans l\u2019accomplissement du devoir. On e\u00fbt pen<\/p>\n","protected":false},"author":3222,"featured_media":367686,"comment_status":"open","ping_status":"open","sticky":false,"template":"","format":"standard","meta":{"footnotes":""},"categories":[7043],"tags":[],"class_list":["post-179997","post","type-post","status-publish","format-standard","has-post-thumbnail","hentry","category-le-courrier-des-lecteurs"],"yoast_head":"<!-- This site is optimized with the Yoast SEO Premium plugin v27.5 (Yoast SEO v27.5) - https:\/\/yoast.com\/product\/yoast-seo-premium-wordpress\/ -->\n<title>Adieu, Mansour !<\/title>\n<meta name=\"description\" content=\"Adieu, Mansour !\" \/>\n<link rel=\"canonical\" href=\"https:\/\/www.webdo.tn\/fr\/actualite\/le-courrier-des-lecteurs\/adieu-mansour\/179997\/\" \/>\n<meta property=\"og:locale\" content=\"fr_FR\" \/>\n<meta property=\"og:type\" content=\"article\" \/>\n<meta property=\"og:title\" content=\"Adieu, Mansour !\" \/>\n<meta property=\"og:description\" content=\"Adieu, Mansour !\" \/>\n<meta property=\"og:url\" content=\"https:\/\/www.webdo.tn\/fr\/actualite\/le-courrier-des-lecteurs\/adieu-mansour\/179997\/\" \/>\n<meta property=\"og:site_name\" content=\"webdo\" \/>\n<meta property=\"article:publisher\" content=\"https:\/\/www.facebook.com\/webdotn\" \/>\n<meta property=\"article:published_time\" content=\"2015-04-08T09:43:00+00:00\" \/>\n<meta property=\"og:image\" content=\"https:\/\/www.webdo.tn\/fr\/wp-content\/uploads\/2025\/06\/Mansour-Amara_179997.jpg\" \/>\n\t<meta property=\"og:image:width\" content=\"637\" \/>\n\t<meta property=\"og:image:height\" content=\"683\" \/>\n\t<meta property=\"og:image:type\" content=\"image\/jpeg\" \/>\n<meta name=\"author\" content=\"webdo.tn\" \/>\n<meta name=\"twitter:card\" content=\"summary_large_image\" \/>\n<meta name=\"twitter:creator\" content=\"@webdo_tn\" \/>\n<meta name=\"twitter:site\" content=\"@webdo_tn\" \/>\n<meta name=\"twitter:label1\" content=\"\u00c9crit par\" \/>\n\t<meta name=\"twitter:data1\" content=\"webdo.tn\" \/>\n\t<meta name=\"twitter:label2\" content=\"Dur\u00e9e de lecture estim\u00e9e\" \/>\n\t<meta name=\"twitter:data2\" content=\"5 minutes\" \/>\n<script type=\"application\/ld+json\" class=\"yoast-schema-graph\">{\"@context\":\"https:\\\/\\\/schema.org\",\"@graph\":[{\"@type\":\"NewsArticle\",\"@id\":\"https:\\\/\\\/www.webdo.tn\\\/fr\\\/actualite\\\/le-courrier-des-lecteurs\\\/adieu-mansour\\\/179997\\\/#article\",\"isPartOf\":{\"@id\":\"https:\\\/\\\/www.webdo.tn\\\/fr\\\/actualite\\\/le-courrier-des-lecteurs\\\/adieu-mansour\\\/179997\\\/\"},\"author\":{\"name\":\"webdo.tn\",\"@id\":\"https:\\\/\\\/www.webdo.tn\\\/fr\\\/#\\\/schema\\\/person\\\/9a9c6118d687c117df8ef3cc36a4d175\"},\"headline\":\"Adieu, Mansour !\",\"datePublished\":\"2015-04-08T09:43:00+00:00\",\"mainEntityOfPage\":{\"@id\":\"https:\\\/\\\/www.webdo.tn\\\/fr\\\/actualite\\\/le-courrier-des-lecteurs\\\/adieu-mansour\\\/179997\\\/\"},\"wordCount\":1001,\"commentCount\":0,\"publisher\":{\"@id\":\"https:\\\/\\\/www.webdo.tn\\\/fr\\\/#organization\"},\"image\":{\"@id\":\"https:\\\/\\\/www.webdo.tn\\\/fr\\\/actualite\\\/le-courrier-des-lecteurs\\\/adieu-mansour\\\/179997\\\/#primaryimage\"},\"thumbnailUrl\":\"https:\\\/\\\/www.webdo.tn\\\/fr\\\/wp-content\\\/uploads\\\/2025\\\/06\\\/Mansour-Amara_179997.jpg\",\"articleSection\":[\"Le courrier des lecteurs\"],\"inLanguage\":\"fr-FR\"},{\"@type\":\"WebPage\",\"@id\":\"https:\\\/\\\/www.webdo.tn\\\/fr\\\/actualite\\\/le-courrier-des-lecteurs\\\/adieu-mansour\\\/179997\\\/\",\"url\":\"https:\\\/\\\/www.webdo.tn\\\/fr\\\/actualite\\\/le-courrier-des-lecteurs\\\/adieu-mansour\\\/179997\\\/\",\"name\":\"Adieu, Mansour !\",\"isPartOf\":{\"@id\":\"https:\\\/\\\/www.webdo.tn\\\/fr\\\/#website\"},\"primaryImageOfPage\":{\"@id\":\"https:\\\/\\\/www.webdo.tn\\\/fr\\\/actualite\\\/le-courrier-des-lecteurs\\\/adieu-mansour\\\/179997\\\/#primaryimage\"},\"image\":{\"@id\":\"https:\\\/\\\/www.webdo.tn\\\/fr\\\/actualite\\\/le-courrier-des-lecteurs\\\/adieu-mansour\\\/179997\\\/#primaryimage\"},\"thumbnailUrl\":\"https:\\\/\\\/www.webdo.tn\\\/fr\\\/wp-content\\\/uploads\\\/2025\\\/06\\\/Mansour-Amara_179997.jpg\",\"datePublished\":\"2015-04-08T09:43:00+00:00\",\"description\":\"Adieu, Mansour !\",\"breadcrumb\":{\"@id\":\"https:\\\/\\\/www.webdo.tn\\\/fr\\\/actualite\\\/le-courrier-des-lecteurs\\\/adieu-mansour\\\/179997\\\/#breadcrumb\"},\"inLanguage\":\"fr-FR\",\"potentialAction\":[{\"@type\":\"ReadAction\",\"target\":[\"https:\\\/\\\/www.webdo.tn\\\/fr\\\/actualite\\\/le-courrier-des-lecteurs\\\/adieu-mansour\\\/179997\\\/\"]}]},{\"@type\":\"ImageObject\",\"inLanguage\":\"fr-FR\",\"@id\":\"https:\\\/\\\/www.webdo.tn\\\/fr\\\/actualite\\\/le-courrier-des-lecteurs\\\/adieu-mansour\\\/179997\\\/#primaryimage\",\"url\":\"https:\\\/\\\/www.webdo.tn\\\/fr\\\/wp-content\\\/uploads\\\/2025\\\/06\\\/Mansour-Amara_179997.jpg\",\"contentUrl\":\"https:\\\/\\\/www.webdo.tn\\\/fr\\\/wp-content\\\/uploads\\\/2025\\\/06\\\/Mansour-Amara_179997.jpg\",\"width\":637,\"height\":683,\"caption\":\"Adieu, Mansour !\"},{\"@type\":\"BreadcrumbList\",\"@id\":\"https:\\\/\\\/www.webdo.tn\\\/fr\\\/actualite\\\/le-courrier-des-lecteurs\\\/adieu-mansour\\\/179997\\\/#breadcrumb\",\"itemListElement\":[{\"@type\":\"ListItem\",\"position\":1,\"name\":\"Accueil\",\"item\":\"https:\\\/\\\/www.webdo.tn\\\/fr\\\/\"},{\"@type\":\"ListItem\",\"position\":2,\"name\":\"Adieu, Mansour !\"}]},{\"@type\":\"WebSite\",\"@id\":\"https:\\\/\\\/www.webdo.tn\\\/fr\\\/#website\",\"url\":\"https:\\\/\\\/www.webdo.tn\\\/fr\\\/\",\"name\":\"webdo\",\"description\":\"Tunisie - News en Tunisie et \u00e0 l&#039;international sur Webdo.tn\",\"publisher\":{\"@id\":\"https:\\\/\\\/www.webdo.tn\\\/fr\\\/#organization\"},\"potentialAction\":[{\"@type\":\"SearchAction\",\"target\":{\"@type\":\"EntryPoint\",\"urlTemplate\":\"https:\\\/\\\/www.webdo.tn\\\/fr\\\/?s={search_term_string}\"},\"query-input\":{\"@type\":\"PropertyValueSpecification\",\"valueRequired\":true,\"valueName\":\"search_term_string\"}}],\"inLanguage\":\"fr-FR\"},{\"@type\":\"Organization\",\"@id\":\"https:\\\/\\\/www.webdo.tn\\\/fr\\\/#organization\",\"name\":\"Webdo\",\"alternateName\":\"Webdo.tn\",\"url\":\"https:\\\/\\\/www.webdo.tn\\\/fr\\\/\",\"logo\":{\"@type\":\"ImageObject\",\"inLanguage\":\"fr-FR\",\"@id\":\"https:\\\/\\\/www.webdo.tn\\\/fr\\\/#\\\/schema\\\/logo\\\/image\\\/\",\"url\":\"https:\\\/\\\/www.webdo.tn\\\/fr\\\/wp-content\\\/uploads\\\/2025\\\/06\\\/Webdo-Tunisie_168377.jpg\",\"contentUrl\":\"https:\\\/\\\/www.webdo.tn\\\/fr\\\/wp-content\\\/uploads\\\/2025\\\/06\\\/Webdo-Tunisie_168377.jpg\",\"width\":301,\"height\":301,\"caption\":\"Webdo\"},\"image\":{\"@id\":\"https:\\\/\\\/www.webdo.tn\\\/fr\\\/#\\\/schema\\\/logo\\\/image\\\/\"},\"sameAs\":[\"https:\\\/\\\/www.facebook.com\\\/webdotn\",\"https:\\\/\\\/x.com\\\/webdo_tn\"],\"description\":\"Webdo est un m\u00e9dia num\u00e9rique tunisien fond\u00e9 en 2010, sp\u00e9cialis\u00e9 dans l\u2019actualit\u00e9 nationale et internationale, l\u2019\u00e9conomie, la soci\u00e9t\u00e9 et les analyses politiques. Le site s\u2019adresse \u00e0 un large public francophone et couvre l\u2019information tunisienne en temps r\u00e9el.\",\"email\":\"redac@webdo.tn\",\"legalName\":\"YNJ SARL\",\"foundingDate\":\"2010-09-06\",\"numberOfEmployees\":{\"@type\":\"QuantitativeValue\",\"minValue\":\"11\",\"maxValue\":\"50\"}},{\"@type\":\"Person\",\"@id\":\"https:\\\/\\\/www.webdo.tn\\\/fr\\\/#\\\/schema\\\/person\\\/9a9c6118d687c117df8ef3cc36a4d175\",\"name\":\"webdo.tn\",\"image\":{\"@type\":\"ImageObject\",\"inLanguage\":\"fr-FR\",\"@id\":\"https:\\\/\\\/secure.gravatar.com\\\/avatar\\\/7ce1f28c0c3bbac99ff550b85ef8e44a6950c6ee24514fb6a5489e51d06f0298?s=96&d=mm&r=g\",\"url\":\"https:\\\/\\\/secure.gravatar.com\\\/avatar\\\/7ce1f28c0c3bbac99ff550b85ef8e44a6950c6ee24514fb6a5489e51d06f0298?s=96&d=mm&r=g\",\"contentUrl\":\"https:\\\/\\\/secure.gravatar.com\\\/avatar\\\/7ce1f28c0c3bbac99ff550b85ef8e44a6950c6ee24514fb6a5489e51d06f0298?s=96&d=mm&r=g\",\"caption\":\"webdo.tn\"},\"url\":\"https:\\\/\\\/www.webdo.tn\\\/fr\\\/actualite\\\/author\\\/webdotn\\\/\"}]}<\/script>\n<!-- \/ Yoast SEO Premium plugin. -->","yoast_head_json":{"title":"Adieu, Mansour !","description":"Adieu, Mansour !","canonical":"https:\/\/www.webdo.tn\/fr\/actualite\/le-courrier-des-lecteurs\/adieu-mansour\/179997\/","og_locale":"fr_FR","og_type":"article","og_title":"Adieu, Mansour !","og_description":"Adieu, Mansour !","og_url":"https:\/\/www.webdo.tn\/fr\/actualite\/le-courrier-des-lecteurs\/adieu-mansour\/179997\/","og_site_name":"webdo","article_publisher":"https:\/\/www.facebook.com\/webdotn","article_published_time":"2015-04-08T09:43:00+00:00","og_image":[{"width":637,"height":683,"url":"https:\/\/www.webdo.tn\/fr\/wp-content\/uploads\/2025\/06\/Mansour-Amara_179997.jpg","type":"image\/jpeg"}],"author":"webdo.tn","twitter_card":"summary_large_image","twitter_creator":"@webdo_tn","twitter_site":"@webdo_tn","twitter_misc":{"\u00c9crit par":"webdo.tn","Dur\u00e9e de lecture estim\u00e9e":"5 minutes"},"schema":{"@context":"https:\/\/schema.org","@graph":[{"@type":"NewsArticle","@id":"https:\/\/www.webdo.tn\/fr\/actualite\/le-courrier-des-lecteurs\/adieu-mansour\/179997\/#article","isPartOf":{"@id":"https:\/\/www.webdo.tn\/fr\/actualite\/le-courrier-des-lecteurs\/adieu-mansour\/179997\/"},"author":{"name":"webdo.tn","@id":"https:\/\/www.webdo.tn\/fr\/#\/schema\/person\/9a9c6118d687c117df8ef3cc36a4d175"},"headline":"Adieu, Mansour !","datePublished":"2015-04-08T09:43:00+00:00","mainEntityOfPage":{"@id":"https:\/\/www.webdo.tn\/fr\/actualite\/le-courrier-des-lecteurs\/adieu-mansour\/179997\/"},"wordCount":1001,"commentCount":0,"publisher":{"@id":"https:\/\/www.webdo.tn\/fr\/#organization"},"image":{"@id":"https:\/\/www.webdo.tn\/fr\/actualite\/le-courrier-des-lecteurs\/adieu-mansour\/179997\/#primaryimage"},"thumbnailUrl":"https:\/\/www.webdo.tn\/fr\/wp-content\/uploads\/2025\/06\/Mansour-Amara_179997.jpg","articleSection":["Le courrier des lecteurs"],"inLanguage":"fr-FR"},{"@type":"WebPage","@id":"https:\/\/www.webdo.tn\/fr\/actualite\/le-courrier-des-lecteurs\/adieu-mansour\/179997\/","url":"https:\/\/www.webdo.tn\/fr\/actualite\/le-courrier-des-lecteurs\/adieu-mansour\/179997\/","name":"Adieu, Mansour !","isPartOf":{"@id":"https:\/\/www.webdo.tn\/fr\/#website"},"primaryImageOfPage":{"@id":"https:\/\/www.webdo.tn\/fr\/actualite\/le-courrier-des-lecteurs\/adieu-mansour\/179997\/#primaryimage"},"image":{"@id":"https:\/\/www.webdo.tn\/fr\/actualite\/le-courrier-des-lecteurs\/adieu-mansour\/179997\/#primaryimage"},"thumbnailUrl":"https:\/\/www.webdo.tn\/fr\/wp-content\/uploads\/2025\/06\/Mansour-Amara_179997.jpg","datePublished":"2015-04-08T09:43:00+00:00","description":"Adieu, Mansour !","breadcrumb":{"@id":"https:\/\/www.webdo.tn\/fr\/actualite\/le-courrier-des-lecteurs\/adieu-mansour\/179997\/#breadcrumb"},"inLanguage":"fr-FR","potentialAction":[{"@type":"ReadAction","target":["https:\/\/www.webdo.tn\/fr\/actualite\/le-courrier-des-lecteurs\/adieu-mansour\/179997\/"]}]},{"@type":"ImageObject","inLanguage":"fr-FR","@id":"https:\/\/www.webdo.tn\/fr\/actualite\/le-courrier-des-lecteurs\/adieu-mansour\/179997\/#primaryimage","url":"https:\/\/www.webdo.tn\/fr\/wp-content\/uploads\/2025\/06\/Mansour-Amara_179997.jpg","contentUrl":"https:\/\/www.webdo.tn\/fr\/wp-content\/uploads\/2025\/06\/Mansour-Amara_179997.jpg","width":637,"height":683,"caption":"Adieu, Mansour !"},{"@type":"BreadcrumbList","@id":"https:\/\/www.webdo.tn\/fr\/actualite\/le-courrier-des-lecteurs\/adieu-mansour\/179997\/#breadcrumb","itemListElement":[{"@type":"ListItem","position":1,"name":"Accueil","item":"https:\/\/www.webdo.tn\/fr\/"},{"@type":"ListItem","position":2,"name":"Adieu, Mansour !"}]},{"@type":"WebSite","@id":"https:\/\/www.webdo.tn\/fr\/#website","url":"https:\/\/www.webdo.tn\/fr\/","name":"webdo","description":"Tunisie - News en Tunisie et \u00e0 l&#039;international sur Webdo.tn","publisher":{"@id":"https:\/\/www.webdo.tn\/fr\/#organization"},"potentialAction":[{"@type":"SearchAction","target":{"@type":"EntryPoint","urlTemplate":"https:\/\/www.webdo.tn\/fr\/?s={search_term_string}"},"query-input":{"@type":"PropertyValueSpecification","valueRequired":true,"valueName":"search_term_string"}}],"inLanguage":"fr-FR"},{"@type":"Organization","@id":"https:\/\/www.webdo.tn\/fr\/#organization","name":"Webdo","alternateName":"Webdo.tn","url":"https:\/\/www.webdo.tn\/fr\/","logo":{"@type":"ImageObject","inLanguage":"fr-FR","@id":"https:\/\/www.webdo.tn\/fr\/#\/schema\/logo\/image\/","url":"https:\/\/www.webdo.tn\/fr\/wp-content\/uploads\/2025\/06\/Webdo-Tunisie_168377.jpg","contentUrl":"https:\/\/www.webdo.tn\/fr\/wp-content\/uploads\/2025\/06\/Webdo-Tunisie_168377.jpg","width":301,"height":301,"caption":"Webdo"},"image":{"@id":"https:\/\/www.webdo.tn\/fr\/#\/schema\/logo\/image\/"},"sameAs":["https:\/\/www.facebook.com\/webdotn","https:\/\/x.com\/webdo_tn"],"description":"Webdo est un m\u00e9dia num\u00e9rique tunisien fond\u00e9 en 2010, sp\u00e9cialis\u00e9 dans l\u2019actualit\u00e9 nationale et internationale, l\u2019\u00e9conomie, la soci\u00e9t\u00e9 et les analyses politiques. Le site s\u2019adresse \u00e0 un large public francophone et couvre l\u2019information tunisienne en temps r\u00e9el.","email":"redac@webdo.tn","legalName":"YNJ SARL","foundingDate":"2010-09-06","numberOfEmployees":{"@type":"QuantitativeValue","minValue":"11","maxValue":"50"}},{"@type":"Person","@id":"https:\/\/www.webdo.tn\/fr\/#\/schema\/person\/9a9c6118d687c117df8ef3cc36a4d175","name":"webdo.tn","image":{"@type":"ImageObject","inLanguage":"fr-FR","@id":"https:\/\/secure.gravatar.com\/avatar\/7ce1f28c0c3bbac99ff550b85ef8e44a6950c6ee24514fb6a5489e51d06f0298?s=96&d=mm&r=g","url":"https:\/\/secure.gravatar.com\/avatar\/7ce1f28c0c3bbac99ff550b85ef8e44a6950c6ee24514fb6a5489e51d06f0298?s=96&d=mm&r=g","contentUrl":"https:\/\/secure.gravatar.com\/avatar\/7ce1f28c0c3bbac99ff550b85ef8e44a6950c6ee24514fb6a5489e51d06f0298?s=96&d=mm&r=g","caption":"webdo.tn"},"url":"https:\/\/www.webdo.tn\/fr\/actualite\/author\/webdotn\/"}]}},"_links":{"self":[{"href":"https:\/\/www.webdo.tn\/fr\/wp-json\/wp\/v2\/posts\/179997","targetHints":{"allow":["GET"]}}],"collection":[{"href":"https:\/\/www.webdo.tn\/fr\/wp-json\/wp\/v2\/posts"}],"about":[{"href":"https:\/\/www.webdo.tn\/fr\/wp-json\/wp\/v2\/types\/post"}],"author":[{"embeddable":true,"href":"https:\/\/www.webdo.tn\/fr\/wp-json\/wp\/v2\/users\/3222"}],"replies":[{"embeddable":true,"href":"https:\/\/www.webdo.tn\/fr\/wp-json\/wp\/v2\/comments?post=179997"}],"version-history":[{"count":0,"href":"https:\/\/www.webdo.tn\/fr\/wp-json\/wp\/v2\/posts\/179997\/revisions"}],"wp:featuredmedia":[{"embeddable":true,"href":"https:\/\/www.webdo.tn\/fr\/wp-json\/wp\/v2\/media\/367686"}],"wp:attachment":[{"href":"https:\/\/www.webdo.tn\/fr\/wp-json\/wp\/v2\/media?parent=179997"}],"wp:term":[{"taxonomy":"category","embeddable":true,"href":"https:\/\/www.webdo.tn\/fr\/wp-json\/wp\/v2\/categories?post=179997"},{"taxonomy":"post_tag","embeddable":true,"href":"https:\/\/www.webdo.tn\/fr\/wp-json\/wp\/v2\/tags?post=179997"}],"curies":[{"name":"wp","href":"https:\/\/api.w.org\/{rel}","templated":true}]}}