{"id":179995,"date":"2015-04-22T15:29:00","date_gmt":"2015-04-22T13:29:00","guid":{"rendered":"https:\/\/www.webdo.tn\/fr\/actualite\/le-courrier-des-lecteurs\/100-jours-de-solitude-quand-le-gouvernement-va-t-il-rompre-le-silence\/179995"},"modified":"2015-04-22T15:29:00","modified_gmt":"2015-04-22T13:29:00","slug":"100-jours-de-solitude-quand-le-gouvernement-va-t-il-rompre-le-silence","status":"publish","type":"post","link":"https:\/\/www.webdo.tn\/fr\/actualite\/le-courrier-des-lecteurs\/100-jours-de-solitude-quand-le-gouvernement-va-t-il-rompre-le-silence\/179995\/","title":{"rendered":"\u00ab\u00a0100 jours de solitude\u00a0\u00bb : Quand, le gouvernement va-t-il rompre le silence ?"},"content":{"rendered":"<p>Tribune | Par\u00a0Boutheina S. \/ Enseignante<br \/>\nMessieurs, \u00e9clairez-nous<br \/>\nSeuls, livr\u00e9s \u00e0 nous-m\u00eames, nous d\u00e9battons quotidiennement pour comprendre. En fait une atmosph\u00e8re d&rsquo;incompr\u00e9hension, d&rsquo;incertitude, de crainte et de manque de confiance r\u00e8gne depuis que le gouvernement est en fonction.<br \/>\n[pull_quote_center]Ce gouvernement qu&rsquo;on invoque pour parler n&rsquo;a rien entrepris pour \u00e9claircir les d\u00e9bats. A l&rsquo;heure o\u00f9 le pays va mal, il fait des projets au lieu d&rsquo;agir. Il faut dire que nous ne voyons rien venir. Aucun projet national r\u00e9aliste, aucune vision nette de l&rsquo;avenir.[\/pull_quote_center]<\/p>\n<p>Ce que le peuple veut (Ach\u00e2ab Yourid)<br \/>\nLe peuple a vot\u00e9 utile parce qu&rsquo;il a sinc\u00e8rement cru en un Etat qui r\u00e9pondrait aux attentes de ses citoyens et qui se porterait garant de leur \u00e9panouissement. Le peuple veut une am\u00e9lioration de la qualit\u00e9 de sa vie et de son quotidien.<\/p>\n<p>Le Tunisien vit au jour le jour, il se bat pour remplir son couffin, faire bouillir sa marmite, faire manger ses enfants, payer leurs \u00e9tudes, les faire vivre d\u00e9cemment.<\/p>\n<p>Le peuple a besoin de voir des projets traduits en actions qui ciblent les Tunisiens, des projets avec des chiffres et des indicateurs de mesure qui \u00e9valuent l&rsquo;impact r\u00e9el sur la vie des Tunisiens.<br \/>\n[pull_quote_center]Les Tunisiens n&rsquo;ont vu ni les prix baisser, ni la qualit\u00e9 des produits s&rsquo;am\u00e9liorer, ni l&rsquo;environnement s&rsquo;assainir, ni un h\u00f4pital s&rsquo;\u00e9quiper, ni une \u00e9cole se structurer, ni une route se construire, ni un bus arriver \u00e0 l&rsquo;heure, ni une queue devant un guichet se raccourcir, ni les trottoirs vid\u00e9s, ni des emplois cr\u00e9\u00e9s, ni les fonds d\u00e9tourn\u00e9s enfin restitu\u00e9s&#8230;[\/pull_quote_center]<\/p>\n<p>Sortez de votre silence<br \/>\nMessieurs les \u00e9lus, associez-nous \u00e0 vos d\u00e9bats \u00e0 huis-clos. Ecoutez vos \u00e9lecteurs avant de concevoir vos projets et vos lois. Prenez notre avis avant de\u00a0vous engager dans des actions vaines.<\/p>\n<p>Sachez que depuis le 14 janvier, les Tunisiens ont retrac\u00e9 leur nouveau destin. Ils ne sont plus les \u00ab\u00a0orphelins\u00a0\u00bb de Bourguiba comme beaucoup se plaisent \u00e0 r\u00e9p\u00e9ter.<br \/>\n[pull_quote_center]Nous refusons de plonger dans la solitude. Nous esp\u00e9rons vivement voir aussi le gouvernement sortir de son silence, se tirer de sa solitude, une solitude qui semble prendre une sorte de torpeur.[\/pull_quote_center]<\/p>\n","protected":false},"excerpt":{"rendered":"<p>Tribune | Par\u00a0Boutheina S. \/ Enseignante<br \/>\nMessieurs, \u00e9clairez-nous<br \/>\nSeuls, livr\u00e9s \u00e0 nous-m\u00eames, nous d\u00e9battons quotidiennement pour comprendre. En fa<\/p>\n","protected":false},"author":3222,"featured_media":367673,"comment_status":"open","ping_status":"open","sticky":false,"template":"","format":"standard","meta":{"footnotes":""},"categories":[7043],"tags":[2600],"class_list":["post-179995","post","type-post","status-publish","format-standard","has-post-thumbnail","hentry","category-le-courrier-des-lecteurs","tag-guerre"],"yoast_head":"<!-- This site is optimized with the Yoast SEO Premium plugin v27.5 (Yoast SEO v27.5) - https:\/\/yoast.com\/product\/yoast-seo-premium-wordpress\/ -->\n<title>100 jours de solitude : Quand, le gouvernement va-t-il rompre le silence ?<\/title>\n<meta name=\"description\" content=\"100 jours de solitude : Quand, le gouvernement va-t-il rompre le silence ?\" \/>\n<link rel=\"canonical\" href=\"https:\/\/www.webdo.tn\/fr\/actualite\/le-courrier-des-lecteurs\/100-jours-de-solitude-quand-le-gouvernement-va-t-il-rompre-le-silence\/179995\/\" \/>\n<meta property=\"og:locale\" content=\"fr_FR\" \/>\n<meta property=\"og:type\" content=\"article\" \/>\n<meta property=\"og:title\" content=\"&quot;100 jours de solitude&quot; : Quand, le gouvernement va-t-il rompre le silence ?\" \/>\n<meta property=\"og:description\" content=\"100 jours de solitude : Quand, le gouvernement va-t-il rompre le silence ?\" \/>\n<meta property=\"og:url\" content=\"https:\/\/www.webdo.tn\/fr\/actualite\/le-courrier-des-lecteurs\/100-jours-de-solitude-quand-le-gouvernement-va-t-il-rompre-le-silence\/179995\/\" \/>\n<meta property=\"og:site_name\" content=\"webdo\" \/>\n<meta property=\"article:publisher\" content=\"https:\/\/www.facebook.com\/webdotn\" \/>\n<meta property=\"article:published_time\" content=\"2015-04-22T13:29:00+00:00\" \/>\n<meta property=\"og:image\" content=\"https:\/\/www.webdo.tn\/fr\/wp-content\/uploads\/2025\/06\/webdo_default_179995.jpg\" \/>\n\t<meta property=\"og:image:width\" content=\"800\" \/>\n\t<meta property=\"og:image:height\" content=\"500\" \/>\n\t<meta property=\"og:image:type\" content=\"image\/jpeg\" \/>\n<meta name=\"author\" content=\"webdo.tn\" \/>\n<meta name=\"twitter:card\" content=\"summary_large_image\" \/>\n<meta name=\"twitter:creator\" content=\"@webdo_tn\" \/>\n<meta name=\"twitter:site\" content=\"@webdo_tn\" \/>\n<meta name=\"twitter:label1\" content=\"\u00c9crit par\" \/>\n\t<meta name=\"twitter:data1\" content=\"webdo.tn\" \/>\n\t<meta name=\"twitter:label2\" content=\"Dur\u00e9e de lecture estim\u00e9e\" \/>\n\t<meta name=\"twitter:data2\" content=\"2 minutes\" \/>\n<script type=\"application\/ld+json\" class=\"yoast-schema-graph\">{\"@context\":\"https:\\\/\\\/schema.org\",\"@graph\":[{\"@type\":\"NewsArticle\",\"@id\":\"https:\\\/\\\/www.webdo.tn\\\/fr\\\/actualite\\\/le-courrier-des-lecteurs\\\/100-jours-de-solitude-quand-le-gouvernement-va-t-il-rompre-le-silence\\\/179995\\\/#article\",\"isPartOf\":{\"@id\":\"https:\\\/\\\/www.webdo.tn\\\/fr\\\/actualite\\\/le-courrier-des-lecteurs\\\/100-jours-de-solitude-quand-le-gouvernement-va-t-il-rompre-le-silence\\\/179995\\\/\"},\"author\":{\"name\":\"webdo.tn\",\"@id\":\"https:\\\/\\\/www.webdo.tn\\\/fr\\\/#\\\/schema\\\/person\\\/9a9c6118d687c117df8ef3cc36a4d175\"},\"headline\":\"\u00ab\u00a0100 jours de solitude\u00a0\u00bb : Quand, le gouvernement va-t-il rompre le silence ?\",\"datePublished\":\"2015-04-22T13:29:00+00:00\",\"mainEntityOfPage\":{\"@id\":\"https:\\\/\\\/www.webdo.tn\\\/fr\\\/actualite\\\/le-courrier-des-lecteurs\\\/100-jours-de-solitude-quand-le-gouvernement-va-t-il-rompre-le-silence\\\/179995\\\/\"},\"wordCount\":410,\"commentCount\":0,\"publisher\":{\"@id\":\"https:\\\/\\\/www.webdo.tn\\\/fr\\\/#organization\"},\"image\":{\"@id\":\"https:\\\/\\\/www.webdo.tn\\\/fr\\\/actualite\\\/le-courrier-des-lecteurs\\\/100-jours-de-solitude-quand-le-gouvernement-va-t-il-rompre-le-silence\\\/179995\\\/#primaryimage\"},\"thumbnailUrl\":\"https:\\\/\\\/www.webdo.tn\\\/fr\\\/wp-content\\\/uploads\\\/2025\\\/06\\\/webdo_default_179995.jpg\",\"keywords\":[\"guerre\"],\"articleSection\":[\"Le courrier des lecteurs\"],\"inLanguage\":\"fr-FR\"},{\"@type\":\"WebPage\",\"@id\":\"https:\\\/\\\/www.webdo.tn\\\/fr\\\/actualite\\\/le-courrier-des-lecteurs\\\/100-jours-de-solitude-quand-le-gouvernement-va-t-il-rompre-le-silence\\\/179995\\\/\",\"url\":\"https:\\\/\\\/www.webdo.tn\\\/fr\\\/actualite\\\/le-courrier-des-lecteurs\\\/100-jours-de-solitude-quand-le-gouvernement-va-t-il-rompre-le-silence\\\/179995\\\/\",\"name\":\"100 jours de solitude : Quand, le gouvernement va-t-il rompre le silence ?\",\"isPartOf\":{\"@id\":\"https:\\\/\\\/www.webdo.tn\\\/fr\\\/#website\"},\"primaryImageOfPage\":{\"@id\":\"https:\\\/\\\/www.webdo.tn\\\/fr\\\/actualite\\\/le-courrier-des-lecteurs\\\/100-jours-de-solitude-quand-le-gouvernement-va-t-il-rompre-le-silence\\\/179995\\\/#primaryimage\"},\"image\":{\"@id\":\"https:\\\/\\\/www.webdo.tn\\\/fr\\\/actualite\\\/le-courrier-des-lecteurs\\\/100-jours-de-solitude-quand-le-gouvernement-va-t-il-rompre-le-silence\\\/179995\\\/#primaryimage\"},\"thumbnailUrl\":\"https:\\\/\\\/www.webdo.tn\\\/fr\\\/wp-content\\\/uploads\\\/2025\\\/06\\\/webdo_default_179995.jpg\",\"datePublished\":\"2015-04-22T13:29:00+00:00\",\"description\":\"100 jours de solitude : Quand, le gouvernement va-t-il rompre le silence ?\",\"breadcrumb\":{\"@id\":\"https:\\\/\\\/www.webdo.tn\\\/fr\\\/actualite\\\/le-courrier-des-lecteurs\\\/100-jours-de-solitude-quand-le-gouvernement-va-t-il-rompre-le-silence\\\/179995\\\/#breadcrumb\"},\"inLanguage\":\"fr-FR\",\"potentialAction\":[{\"@type\":\"ReadAction\",\"target\":[\"https:\\\/\\\/www.webdo.tn\\\/fr\\\/actualite\\\/le-courrier-des-lecteurs\\\/100-jours-de-solitude-quand-le-gouvernement-va-t-il-rompre-le-silence\\\/179995\\\/\"]}]},{\"@type\":\"ImageObject\",\"inLanguage\":\"fr-FR\",\"@id\":\"https:\\\/\\\/www.webdo.tn\\\/fr\\\/actualite\\\/le-courrier-des-lecteurs\\\/100-jours-de-solitude-quand-le-gouvernement-va-t-il-rompre-le-silence\\\/179995\\\/#primaryimage\",\"url\":\"https:\\\/\\\/www.webdo.tn\\\/fr\\\/wp-content\\\/uploads\\\/2025\\\/06\\\/webdo_default_179995.jpg\",\"contentUrl\":\"https:\\\/\\\/www.webdo.tn\\\/fr\\\/wp-content\\\/uploads\\\/2025\\\/06\\\/webdo_default_179995.jpg\",\"width\":800,\"height\":500,\"caption\":\"\\\"100 jours de solitude\\\" : Quand, le gouvernement va-t-il rompre le silence ?\"},{\"@type\":\"BreadcrumbList\",\"@id\":\"https:\\\/\\\/www.webdo.tn\\\/fr\\\/actualite\\\/le-courrier-des-lecteurs\\\/100-jours-de-solitude-quand-le-gouvernement-va-t-il-rompre-le-silence\\\/179995\\\/#breadcrumb\",\"itemListElement\":[{\"@type\":\"ListItem\",\"position\":1,\"name\":\"Accueil\",\"item\":\"https:\\\/\\\/www.webdo.tn\\\/fr\\\/\"},{\"@type\":\"ListItem\",\"position\":2,\"name\":\"\u00ab\u00a0100 jours de solitude\u00a0\u00bb : Quand, le gouvernement va-t-il rompre le silence ?\"}]},{\"@type\":\"WebSite\",\"@id\":\"https:\\\/\\\/www.webdo.tn\\\/fr\\\/#website\",\"url\":\"https:\\\/\\\/www.webdo.tn\\\/fr\\\/\",\"name\":\"webdo\",\"description\":\"Tunisie - News en Tunisie et \u00e0 l&#039;international sur Webdo.tn\",\"publisher\":{\"@id\":\"https:\\\/\\\/www.webdo.tn\\\/fr\\\/#organization\"},\"potentialAction\":[{\"@type\":\"SearchAction\",\"target\":{\"@type\":\"EntryPoint\",\"urlTemplate\":\"https:\\\/\\\/www.webdo.tn\\\/fr\\\/?s={search_term_string}\"},\"query-input\":{\"@type\":\"PropertyValueSpecification\",\"valueRequired\":true,\"valueName\":\"search_term_string\"}}],\"inLanguage\":\"fr-FR\"},{\"@type\":\"Organization\",\"@id\":\"https:\\\/\\\/www.webdo.tn\\\/fr\\\/#organization\",\"name\":\"Webdo\",\"alternateName\":\"Webdo.tn\",\"url\":\"https:\\\/\\\/www.webdo.tn\\\/fr\\\/\",\"logo\":{\"@type\":\"ImageObject\",\"inLanguage\":\"fr-FR\",\"@id\":\"https:\\\/\\\/www.webdo.tn\\\/fr\\\/#\\\/schema\\\/logo\\\/image\\\/\",\"url\":\"https:\\\/\\\/www.webdo.tn\\\/fr\\\/wp-content\\\/uploads\\\/2025\\\/06\\\/Webdo-Tunisie_168377.jpg\",\"contentUrl\":\"https:\\\/\\\/www.webdo.tn\\\/fr\\\/wp-content\\\/uploads\\\/2025\\\/06\\\/Webdo-Tunisie_168377.jpg\",\"width\":301,\"height\":301,\"caption\":\"Webdo\"},\"image\":{\"@id\":\"https:\\\/\\\/www.webdo.tn\\\/fr\\\/#\\\/schema\\\/logo\\\/image\\\/\"},\"sameAs\":[\"https:\\\/\\\/www.facebook.com\\\/webdotn\",\"https:\\\/\\\/x.com\\\/webdo_tn\"],\"description\":\"Webdo est un m\u00e9dia num\u00e9rique tunisien fond\u00e9 en 2010, sp\u00e9cialis\u00e9 dans l\u2019actualit\u00e9 nationale et internationale, l\u2019\u00e9conomie, la soci\u00e9t\u00e9 et les analyses politiques. Le site s\u2019adresse \u00e0 un large public francophone et couvre l\u2019information tunisienne en temps r\u00e9el.\",\"email\":\"redac@webdo.tn\",\"legalName\":\"YNJ SARL\",\"foundingDate\":\"2010-09-06\",\"numberOfEmployees\":{\"@type\":\"QuantitativeValue\",\"minValue\":\"11\",\"maxValue\":\"50\"}},{\"@type\":\"Person\",\"@id\":\"https:\\\/\\\/www.webdo.tn\\\/fr\\\/#\\\/schema\\\/person\\\/9a9c6118d687c117df8ef3cc36a4d175\",\"name\":\"webdo.tn\",\"image\":{\"@type\":\"ImageObject\",\"inLanguage\":\"fr-FR\",\"@id\":\"https:\\\/\\\/secure.gravatar.com\\\/avatar\\\/7ce1f28c0c3bbac99ff550b85ef8e44a6950c6ee24514fb6a5489e51d06f0298?s=96&d=mm&r=g\",\"url\":\"https:\\\/\\\/secure.gravatar.com\\\/avatar\\\/7ce1f28c0c3bbac99ff550b85ef8e44a6950c6ee24514fb6a5489e51d06f0298?s=96&d=mm&r=g\",\"contentUrl\":\"https:\\\/\\\/secure.gravatar.com\\\/avatar\\\/7ce1f28c0c3bbac99ff550b85ef8e44a6950c6ee24514fb6a5489e51d06f0298?s=96&d=mm&r=g\",\"caption\":\"webdo.tn\"},\"url\":\"https:\\\/\\\/www.webdo.tn\\\/fr\\\/actualite\\\/author\\\/webdotn\\\/\"}]}<\/script>\n<!-- \/ Yoast SEO Premium plugin. -->","yoast_head_json":{"title":"100 jours de solitude : Quand, le gouvernement va-t-il rompre le silence ?","description":"100 jours de solitude : Quand, le gouvernement va-t-il rompre le silence ?","canonical":"https:\/\/www.webdo.tn\/fr\/actualite\/le-courrier-des-lecteurs\/100-jours-de-solitude-quand-le-gouvernement-va-t-il-rompre-le-silence\/179995\/","og_locale":"fr_FR","og_type":"article","og_title":"\"100 jours de solitude\" : Quand, le gouvernement va-t-il rompre le silence ?","og_description":"100 jours de solitude : Quand, le gouvernement va-t-il rompre le silence ?","og_url":"https:\/\/www.webdo.tn\/fr\/actualite\/le-courrier-des-lecteurs\/100-jours-de-solitude-quand-le-gouvernement-va-t-il-rompre-le-silence\/179995\/","og_site_name":"webdo","article_publisher":"https:\/\/www.facebook.com\/webdotn","article_published_time":"2015-04-22T13:29:00+00:00","og_image":[{"width":800,"height":500,"url":"https:\/\/www.webdo.tn\/fr\/wp-content\/uploads\/2025\/06\/webdo_default_179995.jpg","type":"image\/jpeg"}],"author":"webdo.tn","twitter_card":"summary_large_image","twitter_creator":"@webdo_tn","twitter_site":"@webdo_tn","twitter_misc":{"\u00c9crit par":"webdo.tn","Dur\u00e9e de lecture estim\u00e9e":"2 minutes"},"schema":{"@context":"https:\/\/schema.org","@graph":[{"@type":"NewsArticle","@id":"https:\/\/www.webdo.tn\/fr\/actualite\/le-courrier-des-lecteurs\/100-jours-de-solitude-quand-le-gouvernement-va-t-il-rompre-le-silence\/179995\/#article","isPartOf":{"@id":"https:\/\/www.webdo.tn\/fr\/actualite\/le-courrier-des-lecteurs\/100-jours-de-solitude-quand-le-gouvernement-va-t-il-rompre-le-silence\/179995\/"},"author":{"name":"webdo.tn","@id":"https:\/\/www.webdo.tn\/fr\/#\/schema\/person\/9a9c6118d687c117df8ef3cc36a4d175"},"headline":"\u00ab\u00a0100 jours de solitude\u00a0\u00bb : Quand, le gouvernement va-t-il rompre le silence ?","datePublished":"2015-04-22T13:29:00+00:00","mainEntityOfPage":{"@id":"https:\/\/www.webdo.tn\/fr\/actualite\/le-courrier-des-lecteurs\/100-jours-de-solitude-quand-le-gouvernement-va-t-il-rompre-le-silence\/179995\/"},"wordCount":410,"commentCount":0,"publisher":{"@id":"https:\/\/www.webdo.tn\/fr\/#organization"},"image":{"@id":"https:\/\/www.webdo.tn\/fr\/actualite\/le-courrier-des-lecteurs\/100-jours-de-solitude-quand-le-gouvernement-va-t-il-rompre-le-silence\/179995\/#primaryimage"},"thumbnailUrl":"https:\/\/www.webdo.tn\/fr\/wp-content\/uploads\/2025\/06\/webdo_default_179995.jpg","keywords":["guerre"],"articleSection":["Le courrier des lecteurs"],"inLanguage":"fr-FR"},{"@type":"WebPage","@id":"https:\/\/www.webdo.tn\/fr\/actualite\/le-courrier-des-lecteurs\/100-jours-de-solitude-quand-le-gouvernement-va-t-il-rompre-le-silence\/179995\/","url":"https:\/\/www.webdo.tn\/fr\/actualite\/le-courrier-des-lecteurs\/100-jours-de-solitude-quand-le-gouvernement-va-t-il-rompre-le-silence\/179995\/","name":"100 jours de solitude : Quand, le gouvernement va-t-il rompre le silence ?","isPartOf":{"@id":"https:\/\/www.webdo.tn\/fr\/#website"},"primaryImageOfPage":{"@id":"https:\/\/www.webdo.tn\/fr\/actualite\/le-courrier-des-lecteurs\/100-jours-de-solitude-quand-le-gouvernement-va-t-il-rompre-le-silence\/179995\/#primaryimage"},"image":{"@id":"https:\/\/www.webdo.tn\/fr\/actualite\/le-courrier-des-lecteurs\/100-jours-de-solitude-quand-le-gouvernement-va-t-il-rompre-le-silence\/179995\/#primaryimage"},"thumbnailUrl":"https:\/\/www.webdo.tn\/fr\/wp-content\/uploads\/2025\/06\/webdo_default_179995.jpg","datePublished":"2015-04-22T13:29:00+00:00","description":"100 jours de solitude : Quand, le gouvernement va-t-il rompre le silence ?","breadcrumb":{"@id":"https:\/\/www.webdo.tn\/fr\/actualite\/le-courrier-des-lecteurs\/100-jours-de-solitude-quand-le-gouvernement-va-t-il-rompre-le-silence\/179995\/#breadcrumb"},"inLanguage":"fr-FR","potentialAction":[{"@type":"ReadAction","target":["https:\/\/www.webdo.tn\/fr\/actualite\/le-courrier-des-lecteurs\/100-jours-de-solitude-quand-le-gouvernement-va-t-il-rompre-le-silence\/179995\/"]}]},{"@type":"ImageObject","inLanguage":"fr-FR","@id":"https:\/\/www.webdo.tn\/fr\/actualite\/le-courrier-des-lecteurs\/100-jours-de-solitude-quand-le-gouvernement-va-t-il-rompre-le-silence\/179995\/#primaryimage","url":"https:\/\/www.webdo.tn\/fr\/wp-content\/uploads\/2025\/06\/webdo_default_179995.jpg","contentUrl":"https:\/\/www.webdo.tn\/fr\/wp-content\/uploads\/2025\/06\/webdo_default_179995.jpg","width":800,"height":500,"caption":"\"100 jours de solitude\" : Quand, le gouvernement va-t-il rompre le silence ?"},{"@type":"BreadcrumbList","@id":"https:\/\/www.webdo.tn\/fr\/actualite\/le-courrier-des-lecteurs\/100-jours-de-solitude-quand-le-gouvernement-va-t-il-rompre-le-silence\/179995\/#breadcrumb","itemListElement":[{"@type":"ListItem","position":1,"name":"Accueil","item":"https:\/\/www.webdo.tn\/fr\/"},{"@type":"ListItem","position":2,"name":"\u00ab\u00a0100 jours de solitude\u00a0\u00bb : Quand, le gouvernement va-t-il rompre le silence ?"}]},{"@type":"WebSite","@id":"https:\/\/www.webdo.tn\/fr\/#website","url":"https:\/\/www.webdo.tn\/fr\/","name":"webdo","description":"Tunisie - News en Tunisie et \u00e0 l&#039;international sur Webdo.tn","publisher":{"@id":"https:\/\/www.webdo.tn\/fr\/#organization"},"potentialAction":[{"@type":"SearchAction","target":{"@type":"EntryPoint","urlTemplate":"https:\/\/www.webdo.tn\/fr\/?s={search_term_string}"},"query-input":{"@type":"PropertyValueSpecification","valueRequired":true,"valueName":"search_term_string"}}],"inLanguage":"fr-FR"},{"@type":"Organization","@id":"https:\/\/www.webdo.tn\/fr\/#organization","name":"Webdo","alternateName":"Webdo.tn","url":"https:\/\/www.webdo.tn\/fr\/","logo":{"@type":"ImageObject","inLanguage":"fr-FR","@id":"https:\/\/www.webdo.tn\/fr\/#\/schema\/logo\/image\/","url":"https:\/\/www.webdo.tn\/fr\/wp-content\/uploads\/2025\/06\/Webdo-Tunisie_168377.jpg","contentUrl":"https:\/\/www.webdo.tn\/fr\/wp-content\/uploads\/2025\/06\/Webdo-Tunisie_168377.jpg","width":301,"height":301,"caption":"Webdo"},"image":{"@id":"https:\/\/www.webdo.tn\/fr\/#\/schema\/logo\/image\/"},"sameAs":["https:\/\/www.facebook.com\/webdotn","https:\/\/x.com\/webdo_tn"],"description":"Webdo est un m\u00e9dia num\u00e9rique tunisien fond\u00e9 en 2010, sp\u00e9cialis\u00e9 dans l\u2019actualit\u00e9 nationale et internationale, l\u2019\u00e9conomie, la soci\u00e9t\u00e9 et les analyses politiques. Le site s\u2019adresse \u00e0 un large public francophone et couvre l\u2019information tunisienne en temps r\u00e9el.","email":"redac@webdo.tn","legalName":"YNJ SARL","foundingDate":"2010-09-06","numberOfEmployees":{"@type":"QuantitativeValue","minValue":"11","maxValue":"50"}},{"@type":"Person","@id":"https:\/\/www.webdo.tn\/fr\/#\/schema\/person\/9a9c6118d687c117df8ef3cc36a4d175","name":"webdo.tn","image":{"@type":"ImageObject","inLanguage":"fr-FR","@id":"https:\/\/secure.gravatar.com\/avatar\/7ce1f28c0c3bbac99ff550b85ef8e44a6950c6ee24514fb6a5489e51d06f0298?s=96&d=mm&r=g","url":"https:\/\/secure.gravatar.com\/avatar\/7ce1f28c0c3bbac99ff550b85ef8e44a6950c6ee24514fb6a5489e51d06f0298?s=96&d=mm&r=g","contentUrl":"https:\/\/secure.gravatar.com\/avatar\/7ce1f28c0c3bbac99ff550b85ef8e44a6950c6ee24514fb6a5489e51d06f0298?s=96&d=mm&r=g","caption":"webdo.tn"},"url":"https:\/\/www.webdo.tn\/fr\/actualite\/author\/webdotn\/"}]}},"_links":{"self":[{"href":"https:\/\/www.webdo.tn\/fr\/wp-json\/wp\/v2\/posts\/179995","targetHints":{"allow":["GET"]}}],"collection":[{"href":"https:\/\/www.webdo.tn\/fr\/wp-json\/wp\/v2\/posts"}],"about":[{"href":"https:\/\/www.webdo.tn\/fr\/wp-json\/wp\/v2\/types\/post"}],"author":[{"embeddable":true,"href":"https:\/\/www.webdo.tn\/fr\/wp-json\/wp\/v2\/users\/3222"}],"replies":[{"embeddable":true,"href":"https:\/\/www.webdo.tn\/fr\/wp-json\/wp\/v2\/comments?post=179995"}],"version-history":[{"count":0,"href":"https:\/\/www.webdo.tn\/fr\/wp-json\/wp\/v2\/posts\/179995\/revisions"}],"wp:featuredmedia":[{"embeddable":true,"href":"https:\/\/www.webdo.tn\/fr\/wp-json\/wp\/v2\/media\/367673"}],"wp:attachment":[{"href":"https:\/\/www.webdo.tn\/fr\/wp-json\/wp\/v2\/media?parent=179995"}],"wp:term":[{"taxonomy":"category","embeddable":true,"href":"https:\/\/www.webdo.tn\/fr\/wp-json\/wp\/v2\/categories?post=179995"},{"taxonomy":"post_tag","embeddable":true,"href":"https:\/\/www.webdo.tn\/fr\/wp-json\/wp\/v2\/tags?post=179995"}],"curies":[{"name":"wp","href":"https:\/\/api.w.org\/{rel}","templated":true}]}}