{"id":179993,"date":"2017-08-09T10:26:00","date_gmt":"2017-08-09T10:26:00","guid":{"rendered":"https:\/\/www.webdo.tn\/fr\/blog\/elections-municipales-listes-citoyennes-independantes\/179993\/"},"modified":"2025-05-22T12:36:10","modified_gmt":"2025-05-22T12:36:10","slug":"elections-municipales-listes-citoyennes-independantes","status":"publish","type":"post","link":"https:\/\/www.webdo.tn\/fr\/actualite\/le-courrier-des-lecteurs\/elections-municipales-listes-citoyennes-independantes\/179993\/","title":{"rendered":"Elections municipales : Pour des listes citoyennes ind\u00e9pendantes"},"content":{"rendered":"<p>TRIBUNE | Par Adnane Belhajamor<br \/>\nLe d\u00e9lai l\u00e9gal de cl\u00f4ture des nouvelles inscriptions dans les listes \u00e9lectorales arrive \u00e0 son terme. A peine cinquante pour cent de l&rsquo;objectif fix\u00e9 r\u00e9alis\u00e9. Des intellectuels m\u00e9diatis\u00e9s et leurs fans \u00ab\u00a0irr\u00e9fl\u00e9chis\u00a0\u00bbsur les r\u00e9seaux appelant au boycott. Des partis qui patinent et qui ne savent pas par o\u00f9 commencer pour constituer des listes dans des communes o\u00f9 la plupart du temps ils n&rsquo;ont pas de partisans.<\/p>\n<p>Une Nahdha qu&rsquo;on dit en perte de vitesse et en proie \u00e0 des d\u00e9chirements internes, mais qui, curieusement \u00e0 cet \u00e9gard, est le seul parti de la place qui a des militants et des sympathisants partout dans le pays. Alors que faire ? Comment faire ? Le risque est s\u00e9rieux de se retrouver avec le parti islamiste r\u00e9gnant sur le pays apr\u00e8s s&rsquo;\u00eatre accapar\u00e9 le maximum de municipalit\u00e9s.<\/p>\n<p>En Alg\u00e9rie, l&rsquo;horrible histoire des ann\u00e9es de braise \u00e0 commencer comme \u00e7a, par la prise des communes et du pouvoir local. Vous connaissez la suite, cort\u00e8ges de morts et images de d\u00e9solation.<\/p>\n<p>Pouvons-nous prendre le risque de faire comme avant les \u00e9lections de 2014, c&rsquo;est \u00e0 dire rester l\u00e0 \u00e0 r\u00e9p\u00e9ter les vains v\u0153ux de voir les partis dits \u00ab\u00a0modernistes et pro-la\u00efcs\u00a0\u00bb se rassembler et constituer des listes communes?<\/p>\n<p>Je pense que non. Ce serait de la cr\u00e9dulit\u00e9 av\u00e9r\u00e9e ; du temps b\u00eatement perdu aussi et surtout. Pour \u00e9viter de sombrer dans un verbiage st\u00e9rile que je ne ma\u00eetrise d&rsquo;ailleurs pas, laissez-moi aller directement au vif du propos.<\/p>\n<p>Je sugg\u00e8re que vite, tr\u00e8s vite, dans les grandes, moyennes et petites villes, les cadres locaux ind\u00e9pendants montent leurs listes citoyennes pour des communes \u00e9mancip\u00e9es. Qu&rsquo;ils constituent ces listes ou finissent de le faire pour ceux qui ont d\u00e9j\u00e0 commenc\u00e9. Je connais pas mal de circonscriptions o\u00f9 les choses se sont mises en branle depuis le mois de Ramadan, \u00e0 la faveur des veill\u00e9es nocturnes.<\/p>\n<p>L&rsquo;heure est grave. Rien ne va plus. De deux choses l\u2019une. Soit que les citoyens authentiquement patriotes et r\u00e9publicains prennent le taureau par les cornes et d\u00e9cident de reprendre leurs villes et de les prot\u00e9ger contre les app\u00e9tits politico-religieux, ceux des revenants ou ceux des n\u00e9omafieux. Ou alors ils l\u00e2chent prise et c&rsquo;en est fini du r\u00eave de progr\u00e8s, de stabilit\u00e9 et de paix sur ce cher sol de cette ch\u00e8re patrie.<\/p>\n<p>J&rsquo;ose encore imaginer et esp\u00e9rer que dans chaque ville de mon pays, il y a des cadres de valeur, int\u00e8gres et pr\u00e9occup\u00e9s par l&rsquo;int\u00e9r\u00eat collectif de leur cit\u00e9. Des cadres qui pourront relever le d\u00e9fi de l&rsquo;\u00e9volution et de l\u2019\u00e9mancipation, qui sauront insuffler la vie de leurs communes et y injecter<br \/>\nla joie d&rsquo;y r\u00e9sider.<\/p>\n<p>Des tares et insuffisances multiples pourrissent la vie citadine. La mauvaise hygi\u00e8ne, le manque au niveau des \u00e9quipements et de l&rsquo;infrastructure, la jeunesse livr\u00e9e \u00e0 son malheureux sort, sans loisirs ni culture et j&rsquo;en passe.<\/p>\n<p>Il est temps que ce pays se prenne en charge s\u00e9rieusement et que ses citoyens se mettent au travail pour le remettre au travail.<\/p>\n<p>Les six ann\u00e9es qui se sont \u00e9coul\u00e9es auront eu un seul m\u00e9rite, celui de nous pr\u00e9ciser sur qui il ne faut pas compter.<\/p>\n<p>Vivent les listes ind\u00e9pendantes citoyennes.<\/p>\n<p>Vive la Tunisie r\u00e9publicaine et moderne.<\/p>\n","protected":false},"excerpt":{"rendered":"<p>Elections municipales : Pour des listes citoyennes ind\u00e9pendantes<\/p>\n","protected":false},"author":3222,"featured_media":325052,"comment_status":"open","ping_status":"closed","sticky":false,"template":"","format":"standard","meta":{"footnotes":""},"categories":[7043],"tags":[],"class_list":["post-179993","post","type-post","status-publish","format-standard","has-post-thumbnail","hentry","category-le-courrier-des-lecteurs"],"yoast_head":"<!-- This site is optimized with the Yoast SEO Premium plugin v27.5 (Yoast SEO v27.5) - https:\/\/yoast.com\/product\/yoast-seo-premium-wordpress\/ -->\n<title>Elections municipales : Pour des listes citoyennes ind\u00e9pendantes<\/title>\n<meta name=\"description\" content=\"Elections municipales : Pour des listes citoyennes ind\u00e9pendantes\" \/>\n<link rel=\"canonical\" href=\"https:\/\/www.webdo.tn\/fr\/actualite\/le-courrier-des-lecteurs\/elections-municipales-listes-citoyennes-independantes\/179993\/\" \/>\n<meta property=\"og:locale\" content=\"fr_FR\" \/>\n<meta property=\"og:type\" content=\"article\" \/>\n<meta property=\"og:title\" content=\"Elections municipales : Pour des listes citoyennes ind\u00e9pendantes\" \/>\n<meta property=\"og:description\" content=\"Elections municipales : Pour des listes citoyennes ind\u00e9pendantes\" \/>\n<meta property=\"og:url\" content=\"https:\/\/www.webdo.tn\/fr\/actualite\/le-courrier-des-lecteurs\/elections-municipales-listes-citoyennes-independantes\/179993\/\" \/>\n<meta property=\"og:site_name\" content=\"webdo\" \/>\n<meta property=\"article:publisher\" content=\"https:\/\/www.facebook.com\/webdotn\" \/>\n<meta property=\"article:published_time\" content=\"2017-08-09T10:26:00+00:00\" \/>\n<meta property=\"article:modified_time\" content=\"2025-05-22T12:36:10+00:00\" \/>\n<meta property=\"og:image\" content=\"https:\/\/www.webdo.tn\/fr\/wp-content\/uploads\/2017\/08\/vote-nouvelobs-1.jpg\" \/>\n\t<meta property=\"og:image:width\" content=\"833\" \/>\n\t<meta property=\"og:image:height\" content=\"413\" \/>\n\t<meta property=\"og:image:type\" content=\"image\/jpeg\" \/>\n<meta name=\"author\" content=\"webdo.tn\" \/>\n<meta name=\"twitter:card\" content=\"summary_large_image\" \/>\n<meta name=\"twitter:creator\" content=\"@webdo_tn\" \/>\n<meta name=\"twitter:site\" content=\"@webdo_tn\" \/>\n<meta name=\"twitter:label1\" content=\"\u00c9crit par\" \/>\n\t<meta name=\"twitter:data1\" content=\"webdo.tn\" \/>\n\t<meta name=\"twitter:label2\" content=\"Dur\u00e9e de lecture estim\u00e9e\" \/>\n\t<meta name=\"twitter:data2\" content=\"3 minutes\" \/>\n<script type=\"application\/ld+json\" class=\"yoast-schema-graph\">{\"@context\":\"https:\\\/\\\/schema.org\",\"@graph\":[{\"@type\":\"NewsArticle\",\"@id\":\"https:\\\/\\\/www.webdo.tn\\\/fr\\\/actualite\\\/le-courrier-des-lecteurs\\\/elections-municipales-listes-citoyennes-independantes\\\/179993\\\/#article\",\"isPartOf\":{\"@id\":\"https:\\\/\\\/www.webdo.tn\\\/fr\\\/actualite\\\/le-courrier-des-lecteurs\\\/elections-municipales-listes-citoyennes-independantes\\\/179993\\\/\"},\"author\":{\"name\":\"webdo.tn\",\"@id\":\"https:\\\/\\\/www.webdo.tn\\\/fr\\\/#\\\/schema\\\/person\\\/9a9c6118d687c117df8ef3cc36a4d175\"},\"headline\":\"Elections municipales : Pour des listes citoyennes ind\u00e9pendantes\",\"datePublished\":\"2017-08-09T10:26:00+00:00\",\"dateModified\":\"2025-05-22T12:36:10+00:00\",\"mainEntityOfPage\":{\"@id\":\"https:\\\/\\\/www.webdo.tn\\\/fr\\\/actualite\\\/le-courrier-des-lecteurs\\\/elections-municipales-listes-citoyennes-independantes\\\/179993\\\/\"},\"wordCount\":606,\"commentCount\":0,\"publisher\":{\"@id\":\"https:\\\/\\\/www.webdo.tn\\\/fr\\\/#organization\"},\"image\":{\"@id\":\"https:\\\/\\\/www.webdo.tn\\\/fr\\\/actualite\\\/le-courrier-des-lecteurs\\\/elections-municipales-listes-citoyennes-independantes\\\/179993\\\/#primaryimage\"},\"thumbnailUrl\":\"https:\\\/\\\/www.webdo.tn\\\/fr\\\/wp-content\\\/uploads\\\/2017\\\/08\\\/vote-nouvelobs-1.jpg\",\"articleSection\":[\"Le courrier des lecteurs\"],\"inLanguage\":\"fr-FR\"},{\"@type\":\"WebPage\",\"@id\":\"https:\\\/\\\/www.webdo.tn\\\/fr\\\/actualite\\\/le-courrier-des-lecteurs\\\/elections-municipales-listes-citoyennes-independantes\\\/179993\\\/\",\"url\":\"https:\\\/\\\/www.webdo.tn\\\/fr\\\/actualite\\\/le-courrier-des-lecteurs\\\/elections-municipales-listes-citoyennes-independantes\\\/179993\\\/\",\"name\":\"Elections municipales : Pour des listes citoyennes ind\u00e9pendantes\",\"isPartOf\":{\"@id\":\"https:\\\/\\\/www.webdo.tn\\\/fr\\\/#website\"},\"primaryImageOfPage\":{\"@id\":\"https:\\\/\\\/www.webdo.tn\\\/fr\\\/actualite\\\/le-courrier-des-lecteurs\\\/elections-municipales-listes-citoyennes-independantes\\\/179993\\\/#primaryimage\"},\"image\":{\"@id\":\"https:\\\/\\\/www.webdo.tn\\\/fr\\\/actualite\\\/le-courrier-des-lecteurs\\\/elections-municipales-listes-citoyennes-independantes\\\/179993\\\/#primaryimage\"},\"thumbnailUrl\":\"https:\\\/\\\/www.webdo.tn\\\/fr\\\/wp-content\\\/uploads\\\/2017\\\/08\\\/vote-nouvelobs-1.jpg\",\"datePublished\":\"2017-08-09T10:26:00+00:00\",\"dateModified\":\"2025-05-22T12:36:10+00:00\",\"description\":\"Elections municipales : Pour des listes citoyennes ind\u00e9pendantes\",\"breadcrumb\":{\"@id\":\"https:\\\/\\\/www.webdo.tn\\\/fr\\\/actualite\\\/le-courrier-des-lecteurs\\\/elections-municipales-listes-citoyennes-independantes\\\/179993\\\/#breadcrumb\"},\"inLanguage\":\"fr-FR\",\"potentialAction\":[{\"@type\":\"ReadAction\",\"target\":[\"https:\\\/\\\/www.webdo.tn\\\/fr\\\/actualite\\\/le-courrier-des-lecteurs\\\/elections-municipales-listes-citoyennes-independantes\\\/179993\\\/\"]}]},{\"@type\":\"ImageObject\",\"inLanguage\":\"fr-FR\",\"@id\":\"https:\\\/\\\/www.webdo.tn\\\/fr\\\/actualite\\\/le-courrier-des-lecteurs\\\/elections-municipales-listes-citoyennes-independantes\\\/179993\\\/#primaryimage\",\"url\":\"https:\\\/\\\/www.webdo.tn\\\/fr\\\/wp-content\\\/uploads\\\/2017\\\/08\\\/vote-nouvelobs-1.jpg\",\"contentUrl\":\"https:\\\/\\\/www.webdo.tn\\\/fr\\\/wp-content\\\/uploads\\\/2017\\\/08\\\/vote-nouvelobs-1.jpg\",\"width\":833,\"height\":413,\"caption\":\"Elections municipales : Pour des listes citoyennes ind\u00e9pendantes\"},{\"@type\":\"BreadcrumbList\",\"@id\":\"https:\\\/\\\/www.webdo.tn\\\/fr\\\/actualite\\\/le-courrier-des-lecteurs\\\/elections-municipales-listes-citoyennes-independantes\\\/179993\\\/#breadcrumb\",\"itemListElement\":[{\"@type\":\"ListItem\",\"position\":1,\"name\":\"Accueil\",\"item\":\"https:\\\/\\\/www.webdo.tn\\\/fr\\\/\"},{\"@type\":\"ListItem\",\"position\":2,\"name\":\"Elections municipales : Pour des listes citoyennes ind\u00e9pendantes\"}]},{\"@type\":\"WebSite\",\"@id\":\"https:\\\/\\\/www.webdo.tn\\\/fr\\\/#website\",\"url\":\"https:\\\/\\\/www.webdo.tn\\\/fr\\\/\",\"name\":\"webdo\",\"description\":\"Tunisie - News en Tunisie et \u00e0 l&#039;international sur Webdo.tn\",\"publisher\":{\"@id\":\"https:\\\/\\\/www.webdo.tn\\\/fr\\\/#organization\"},\"potentialAction\":[{\"@type\":\"SearchAction\",\"target\":{\"@type\":\"EntryPoint\",\"urlTemplate\":\"https:\\\/\\\/www.webdo.tn\\\/fr\\\/?s={search_term_string}\"},\"query-input\":{\"@type\":\"PropertyValueSpecification\",\"valueRequired\":true,\"valueName\":\"search_term_string\"}}],\"inLanguage\":\"fr-FR\"},{\"@type\":\"Organization\",\"@id\":\"https:\\\/\\\/www.webdo.tn\\\/fr\\\/#organization\",\"name\":\"Webdo\",\"alternateName\":\"Webdo.tn\",\"url\":\"https:\\\/\\\/www.webdo.tn\\\/fr\\\/\",\"logo\":{\"@type\":\"ImageObject\",\"inLanguage\":\"fr-FR\",\"@id\":\"https:\\\/\\\/www.webdo.tn\\\/fr\\\/#\\\/schema\\\/logo\\\/image\\\/\",\"url\":\"https:\\\/\\\/www.webdo.tn\\\/fr\\\/wp-content\\\/uploads\\\/2025\\\/06\\\/Webdo-Tunisie_168377.jpg\",\"contentUrl\":\"https:\\\/\\\/www.webdo.tn\\\/fr\\\/wp-content\\\/uploads\\\/2025\\\/06\\\/Webdo-Tunisie_168377.jpg\",\"width\":301,\"height\":301,\"caption\":\"Webdo\"},\"image\":{\"@id\":\"https:\\\/\\\/www.webdo.tn\\\/fr\\\/#\\\/schema\\\/logo\\\/image\\\/\"},\"sameAs\":[\"https:\\\/\\\/www.facebook.com\\\/webdotn\",\"https:\\\/\\\/x.com\\\/webdo_tn\"],\"description\":\"Webdo est un m\u00e9dia num\u00e9rique tunisien fond\u00e9 en 2010, sp\u00e9cialis\u00e9 dans l\u2019actualit\u00e9 nationale et internationale, l\u2019\u00e9conomie, la soci\u00e9t\u00e9 et les analyses politiques. Le site s\u2019adresse \u00e0 un large public francophone et couvre l\u2019information tunisienne en temps r\u00e9el.\",\"email\":\"redac@webdo.tn\",\"legalName\":\"YNJ SARL\",\"foundingDate\":\"2010-09-06\",\"numberOfEmployees\":{\"@type\":\"QuantitativeValue\",\"minValue\":\"11\",\"maxValue\":\"50\"}},{\"@type\":\"Person\",\"@id\":\"https:\\\/\\\/www.webdo.tn\\\/fr\\\/#\\\/schema\\\/person\\\/9a9c6118d687c117df8ef3cc36a4d175\",\"name\":\"webdo.tn\",\"image\":{\"@type\":\"ImageObject\",\"inLanguage\":\"fr-FR\",\"@id\":\"https:\\\/\\\/secure.gravatar.com\\\/avatar\\\/7ce1f28c0c3bbac99ff550b85ef8e44a6950c6ee24514fb6a5489e51d06f0298?s=96&d=mm&r=g\",\"url\":\"https:\\\/\\\/secure.gravatar.com\\\/avatar\\\/7ce1f28c0c3bbac99ff550b85ef8e44a6950c6ee24514fb6a5489e51d06f0298?s=96&d=mm&r=g\",\"contentUrl\":\"https:\\\/\\\/secure.gravatar.com\\\/avatar\\\/7ce1f28c0c3bbac99ff550b85ef8e44a6950c6ee24514fb6a5489e51d06f0298?s=96&d=mm&r=g\",\"caption\":\"webdo.tn\"},\"url\":\"https:\\\/\\\/www.webdo.tn\\\/fr\\\/actualite\\\/author\\\/webdotn\\\/\"}]}<\/script>\n<!-- \/ Yoast SEO Premium plugin. -->","yoast_head_json":{"title":"Elections municipales : Pour des listes citoyennes ind\u00e9pendantes","description":"Elections municipales : Pour des listes citoyennes ind\u00e9pendantes","canonical":"https:\/\/www.webdo.tn\/fr\/actualite\/le-courrier-des-lecteurs\/elections-municipales-listes-citoyennes-independantes\/179993\/","og_locale":"fr_FR","og_type":"article","og_title":"Elections municipales : Pour des listes citoyennes ind\u00e9pendantes","og_description":"Elections municipales : Pour des listes citoyennes ind\u00e9pendantes","og_url":"https:\/\/www.webdo.tn\/fr\/actualite\/le-courrier-des-lecteurs\/elections-municipales-listes-citoyennes-independantes\/179993\/","og_site_name":"webdo","article_publisher":"https:\/\/www.facebook.com\/webdotn","article_published_time":"2017-08-09T10:26:00+00:00","article_modified_time":"2025-05-22T12:36:10+00:00","og_image":[{"width":833,"height":413,"url":"https:\/\/www.webdo.tn\/fr\/wp-content\/uploads\/2017\/08\/vote-nouvelobs-1.jpg","type":"image\/jpeg"}],"author":"webdo.tn","twitter_card":"summary_large_image","twitter_creator":"@webdo_tn","twitter_site":"@webdo_tn","twitter_misc":{"\u00c9crit par":"webdo.tn","Dur\u00e9e de lecture estim\u00e9e":"3 minutes"},"schema":{"@context":"https:\/\/schema.org","@graph":[{"@type":"NewsArticle","@id":"https:\/\/www.webdo.tn\/fr\/actualite\/le-courrier-des-lecteurs\/elections-municipales-listes-citoyennes-independantes\/179993\/#article","isPartOf":{"@id":"https:\/\/www.webdo.tn\/fr\/actualite\/le-courrier-des-lecteurs\/elections-municipales-listes-citoyennes-independantes\/179993\/"},"author":{"name":"webdo.tn","@id":"https:\/\/www.webdo.tn\/fr\/#\/schema\/person\/9a9c6118d687c117df8ef3cc36a4d175"},"headline":"Elections municipales : Pour des listes citoyennes ind\u00e9pendantes","datePublished":"2017-08-09T10:26:00+00:00","dateModified":"2025-05-22T12:36:10+00:00","mainEntityOfPage":{"@id":"https:\/\/www.webdo.tn\/fr\/actualite\/le-courrier-des-lecteurs\/elections-municipales-listes-citoyennes-independantes\/179993\/"},"wordCount":606,"commentCount":0,"publisher":{"@id":"https:\/\/www.webdo.tn\/fr\/#organization"},"image":{"@id":"https:\/\/www.webdo.tn\/fr\/actualite\/le-courrier-des-lecteurs\/elections-municipales-listes-citoyennes-independantes\/179993\/#primaryimage"},"thumbnailUrl":"https:\/\/www.webdo.tn\/fr\/wp-content\/uploads\/2017\/08\/vote-nouvelobs-1.jpg","articleSection":["Le courrier des lecteurs"],"inLanguage":"fr-FR"},{"@type":"WebPage","@id":"https:\/\/www.webdo.tn\/fr\/actualite\/le-courrier-des-lecteurs\/elections-municipales-listes-citoyennes-independantes\/179993\/","url":"https:\/\/www.webdo.tn\/fr\/actualite\/le-courrier-des-lecteurs\/elections-municipales-listes-citoyennes-independantes\/179993\/","name":"Elections municipales : Pour des listes citoyennes ind\u00e9pendantes","isPartOf":{"@id":"https:\/\/www.webdo.tn\/fr\/#website"},"primaryImageOfPage":{"@id":"https:\/\/www.webdo.tn\/fr\/actualite\/le-courrier-des-lecteurs\/elections-municipales-listes-citoyennes-independantes\/179993\/#primaryimage"},"image":{"@id":"https:\/\/www.webdo.tn\/fr\/actualite\/le-courrier-des-lecteurs\/elections-municipales-listes-citoyennes-independantes\/179993\/#primaryimage"},"thumbnailUrl":"https:\/\/www.webdo.tn\/fr\/wp-content\/uploads\/2017\/08\/vote-nouvelobs-1.jpg","datePublished":"2017-08-09T10:26:00+00:00","dateModified":"2025-05-22T12:36:10+00:00","description":"Elections municipales : Pour des listes citoyennes ind\u00e9pendantes","breadcrumb":{"@id":"https:\/\/www.webdo.tn\/fr\/actualite\/le-courrier-des-lecteurs\/elections-municipales-listes-citoyennes-independantes\/179993\/#breadcrumb"},"inLanguage":"fr-FR","potentialAction":[{"@type":"ReadAction","target":["https:\/\/www.webdo.tn\/fr\/actualite\/le-courrier-des-lecteurs\/elections-municipales-listes-citoyennes-independantes\/179993\/"]}]},{"@type":"ImageObject","inLanguage":"fr-FR","@id":"https:\/\/www.webdo.tn\/fr\/actualite\/le-courrier-des-lecteurs\/elections-municipales-listes-citoyennes-independantes\/179993\/#primaryimage","url":"https:\/\/www.webdo.tn\/fr\/wp-content\/uploads\/2017\/08\/vote-nouvelobs-1.jpg","contentUrl":"https:\/\/www.webdo.tn\/fr\/wp-content\/uploads\/2017\/08\/vote-nouvelobs-1.jpg","width":833,"height":413,"caption":"Elections municipales : Pour des listes citoyennes ind\u00e9pendantes"},{"@type":"BreadcrumbList","@id":"https:\/\/www.webdo.tn\/fr\/actualite\/le-courrier-des-lecteurs\/elections-municipales-listes-citoyennes-independantes\/179993\/#breadcrumb","itemListElement":[{"@type":"ListItem","position":1,"name":"Accueil","item":"https:\/\/www.webdo.tn\/fr\/"},{"@type":"ListItem","position":2,"name":"Elections municipales : Pour des listes citoyennes ind\u00e9pendantes"}]},{"@type":"WebSite","@id":"https:\/\/www.webdo.tn\/fr\/#website","url":"https:\/\/www.webdo.tn\/fr\/","name":"webdo","description":"Tunisie - News en Tunisie et \u00e0 l&#039;international sur Webdo.tn","publisher":{"@id":"https:\/\/www.webdo.tn\/fr\/#organization"},"potentialAction":[{"@type":"SearchAction","target":{"@type":"EntryPoint","urlTemplate":"https:\/\/www.webdo.tn\/fr\/?s={search_term_string}"},"query-input":{"@type":"PropertyValueSpecification","valueRequired":true,"valueName":"search_term_string"}}],"inLanguage":"fr-FR"},{"@type":"Organization","@id":"https:\/\/www.webdo.tn\/fr\/#organization","name":"Webdo","alternateName":"Webdo.tn","url":"https:\/\/www.webdo.tn\/fr\/","logo":{"@type":"ImageObject","inLanguage":"fr-FR","@id":"https:\/\/www.webdo.tn\/fr\/#\/schema\/logo\/image\/","url":"https:\/\/www.webdo.tn\/fr\/wp-content\/uploads\/2025\/06\/Webdo-Tunisie_168377.jpg","contentUrl":"https:\/\/www.webdo.tn\/fr\/wp-content\/uploads\/2025\/06\/Webdo-Tunisie_168377.jpg","width":301,"height":301,"caption":"Webdo"},"image":{"@id":"https:\/\/www.webdo.tn\/fr\/#\/schema\/logo\/image\/"},"sameAs":["https:\/\/www.facebook.com\/webdotn","https:\/\/x.com\/webdo_tn"],"description":"Webdo est un m\u00e9dia num\u00e9rique tunisien fond\u00e9 en 2010, sp\u00e9cialis\u00e9 dans l\u2019actualit\u00e9 nationale et internationale, l\u2019\u00e9conomie, la soci\u00e9t\u00e9 et les analyses politiques. Le site s\u2019adresse \u00e0 un large public francophone et couvre l\u2019information tunisienne en temps r\u00e9el.","email":"redac@webdo.tn","legalName":"YNJ SARL","foundingDate":"2010-09-06","numberOfEmployees":{"@type":"QuantitativeValue","minValue":"11","maxValue":"50"}},{"@type":"Person","@id":"https:\/\/www.webdo.tn\/fr\/#\/schema\/person\/9a9c6118d687c117df8ef3cc36a4d175","name":"webdo.tn","image":{"@type":"ImageObject","inLanguage":"fr-FR","@id":"https:\/\/secure.gravatar.com\/avatar\/7ce1f28c0c3bbac99ff550b85ef8e44a6950c6ee24514fb6a5489e51d06f0298?s=96&d=mm&r=g","url":"https:\/\/secure.gravatar.com\/avatar\/7ce1f28c0c3bbac99ff550b85ef8e44a6950c6ee24514fb6a5489e51d06f0298?s=96&d=mm&r=g","contentUrl":"https:\/\/secure.gravatar.com\/avatar\/7ce1f28c0c3bbac99ff550b85ef8e44a6950c6ee24514fb6a5489e51d06f0298?s=96&d=mm&r=g","caption":"webdo.tn"},"url":"https:\/\/www.webdo.tn\/fr\/actualite\/author\/webdotn\/"}]}},"_links":{"self":[{"href":"https:\/\/www.webdo.tn\/fr\/wp-json\/wp\/v2\/posts\/179993","targetHints":{"allow":["GET"]}}],"collection":[{"href":"https:\/\/www.webdo.tn\/fr\/wp-json\/wp\/v2\/posts"}],"about":[{"href":"https:\/\/www.webdo.tn\/fr\/wp-json\/wp\/v2\/types\/post"}],"author":[{"embeddable":true,"href":"https:\/\/www.webdo.tn\/fr\/wp-json\/wp\/v2\/users\/3222"}],"replies":[{"embeddable":true,"href":"https:\/\/www.webdo.tn\/fr\/wp-json\/wp\/v2\/comments?post=179993"}],"version-history":[{"count":0,"href":"https:\/\/www.webdo.tn\/fr\/wp-json\/wp\/v2\/posts\/179993\/revisions"}],"wp:featuredmedia":[{"embeddable":true,"href":"https:\/\/www.webdo.tn\/fr\/wp-json\/wp\/v2\/media\/325052"}],"wp:attachment":[{"href":"https:\/\/www.webdo.tn\/fr\/wp-json\/wp\/v2\/media?parent=179993"}],"wp:term":[{"taxonomy":"category","embeddable":true,"href":"https:\/\/www.webdo.tn\/fr\/wp-json\/wp\/v2\/categories?post=179993"},{"taxonomy":"post_tag","embeddable":true,"href":"https:\/\/www.webdo.tn\/fr\/wp-json\/wp\/v2\/tags?post=179993"}],"curies":[{"name":"wp","href":"https:\/\/api.w.org\/{rel}","templated":true}]}}