{"id":179991,"date":"2018-12-18T11:22:00","date_gmt":"2018-12-18T11:22:00","guid":{"rendered":"https:\/\/www.webdo.tn\/fr\/blog\/des-petits-voeux-bien-propres\/179991\/"},"modified":"2025-05-22T12:31:03","modified_gmt":"2025-05-22T12:31:03","slug":"des-petits-voeux-bien-propres","status":"publish","type":"post","link":"https:\/\/www.webdo.tn\/fr\/actualite\/le-courrier-des-lecteurs\/des-petits-voeux-bien-propres\/179991\/","title":{"rendered":"Des petits v\u0153ux bien propres"},"content":{"rendered":"<p>Tribune | Par Mohamed Habib Salamouna, professeur de fran\u00e7ais<\/p>\n<p>Dans une soci\u00e9t\u00e9 o\u00f9 l\u2019on prend plus de r\u00e9solutions que de d\u00e9cisions, il est permis de formuler une fois par an quelques v\u0153ux qui n\u2019ont nul besoin de gr\u00e9gorien pour demeurer pieux. Permettez-moi donc de sacrifier \u00e0 un usage qui soulage le c\u0153ur sans changer quoi que ce soit au sacro-saint ordre \u00e9tabli.<\/p>\n<p>Pour 2019, je souhaite la disparition des interm\u00e9diaires qui ne transmettent pas, des libraires de quartier qui refusent de d\u00e9baller les journaux arriv\u00e9s tardivement sous pr\u00e9texte qu\u2019il est d\u00e9j\u00e0 midi, des pr\u00e9pos\u00e9s du p\u00e9age qui exigent l\u2019appoint en arguant que tout le monde le fait, des peintres qui vous expliquent longuement ce qu\u2019ils n\u2019ont pas su repr\u00e9senter sur leurs toiles, des \u00e9piciers qui vous disent qu\u2019ils voient bien \u00e0 qui ils ont affaire et qui, la minute d\u2019apr\u00e8s, n\u2019en exigent pas moins des arrhes, des g\u00e9n\u00e9raux ou des colonels qui n\u2019entament aucune conversation avant de s\u2019enqu\u00e9rir de votre grade dans la r\u00e9serve, des patrons aupr\u00e8s desquels vous allez solliciter une juste augmentation et qui font d\u00e9vier la conversation sur le p\u00e9nible sort des dirigeants r\u00e9vocables ad nutum, des voisins d\u2019avion qui croient int\u00e9ressant de vous raconter, dans la minute qui pr\u00e9c\u00e8de le d\u00e9collage, tous les accidents auxquels ils ont miraculeusement \u00e9chapp\u00e9, des th\u00e9\u00e2treuses qui sont persuad\u00e9es d\u2019avoir du talent parce qu\u2019elles ont beaucoup jou\u00e9 la com\u00e9die dans les chambres \u00e0 coucher, de certaines femmes mari\u00e9es qui m\u00e9prisent les p\u00e9ripat\u00e9ticiennes de ne pas savoir se contenter, comme elles, d\u2019un seul client, des Messalines de faubourg qui vous pr\u00e9viennent qu\u2019on n\u2019aura pas leur c\u0153ur alors qu\u2019elles savent pertinemment que vous ne visez pas si haut, des h\u00f4teliers qui vous r\u00e9veillent \u00e0 huit heures pour savoir si vous gardez la chambre apr\u00e8s midi, des restaurateurs qui font la t\u00eate parce que parce que vous ne prenez pas de l\u2019eau min\u00e9rale et qui veulent \u00e0 toute force vous caser le plat du jour, des m\u00e9decins dont le r\u00e9pondeur se borne \u00e0 pr\u00e9ciser qu\u2019ils sont actuellement en vacances, et des tailleurs d\u2019habits qui, tout en prenant vos mesures, remarquent entre haut et bas que votre bras droit est plus long que le gauche, que votre tour de taille s\u2019est encore \u00e9paissi et que vos deux jambes ne semblent pas sorties du m\u00eame moule.<\/p>\n<p>Je demande \u00e9galement que la loi punisse s\u00e9v\u00e8rement les demeur\u00e9s qui s\u2019obstinent \u00e0 prendre la parole sur les rares sujets que je connaisse un peu, les m\u00e9nag\u00e8res qui laissent leur linge \u00e0 s\u00e9cher alors que la pluie tombe \u00e0 verse, les artistes qui font carri\u00e8re alors que je ne leur ai jamais trouv\u00e9 aucun talent, les taxis qui s\u2019arr\u00eatent n\u2019importe o\u00f9 et de pr\u00e9f\u00e9rence au milieu de la rue pour bien montrer la supr\u00e9matie de ceux qui travaillent sur ceux qui se prom\u00e8nent, les assassins du secret professionnel qui n\u2019en finissent pas de rouvrir les plaies qu\u2019ils n\u2019ont pas \u00e9t\u00e9 capables de gu\u00e9rir, les impudents qui, roulant \u00e0 bord de voitures strictement identiques \u00e0 la mienne, prennent la responsabilit\u00e9 de banaliser mon r\u00eave, les services de r\u00e9clamations t\u00e9l\u00e9phoniques dont le pr\u00e9pos\u00e9 absent, sourd ou philosophe, ne r\u00e9pond jamais, les hommes politiques qui disent plus de six fois \u00ab moi, je \u00bb dans une courte allocution destin\u00e9e \u00e0 rendre hommage \u00e0 autrui, les nantis qui b\u00e2frent aux tables des trois-\u00e9toiles pour lutter contre la faim dans le monde, les imams bigots qui vous font raconter par le menu vos turpitudes avec l\u2019arri\u00e8re-pens\u00e9e qu\u2019il vous \u00e9chappera quelques bonnes adresses, les commer\u00e7ants qui, par le jeu des soldes, vous proposent dix pour cent plus cher des articles invendus depuis deux ans, les policiers qui, parce que vous avez mal gar\u00e9 votre automobile, s\u2019informent du nom de jeune fille de votre m\u00e8re, les contr\u00f4leurs du fisc qui ne commencent jamais une v\u00e9rification sans murmurer hypocritement qu\u2019ils changeraient bien leur place contre la v\u00f4tre, le garagiste tant pis qui hoche douloureusement la t\u00eate d\u00e8s qu\u2019un pneu est d\u00e9gonfl\u00e9, le garagistes tant mieux qui, sous-estimant la gravit\u00e9 des pannes, ne vous accorde m\u00eame pas l\u2019autonomie de d\u00e9placement qui vous permettrait d\u2019aller jusque chez son concurrent les plus proche, l\u2019\u00e9lectricien qui, apr\u00e8s avoir mis \u00e0 nu tous les fils de l\u2019installation, s\u2019en va en d\u00e9clarant que la raison du court-circuit lui \u00e9chappe et qu\u2019il vaut mieux faire appel \u00e0 quelqu\u2019un d\u2019autre, les fabricants de lave-linges tellement perfectionn\u00e9s que les revendeurs n\u2019y comprennent plus rien et dont, \u00e0 chaque manipulation, le dispositif laisse \u00e9chapper un de ces cris aigus de fille chatouill\u00e9e dont parle Paul Val\u00e9ry dans Le Cimeti\u00e8re marin, les plombiers d\u00e9bord\u00e9s qui vous conseilleront bient\u00f4t de venir les consulter chez eux en apportant votre baignoire ou votre lavabo, les \u00ab Hijouj et Mijouj \u00bb (qui ont donn\u00e9 du fil \u00e0 retordre \u00e0 notre ami Imed Ben Hamida) et tutti quanti.<\/p>\n","protected":false},"excerpt":{"rendered":"<p>Des petits v\u0153ux bien propres<\/p>\n","protected":false},"author":3222,"featured_media":296834,"comment_status":"open","ping_status":"closed","sticky":false,"template":"","format":"standard","meta":{"footnotes":""},"categories":[7043],"tags":[],"class_list":["post-179991","post","type-post","status-publish","format-standard","has-post-thumbnail","hentry","category-le-courrier-des-lecteurs"],"yoast_head":"<!-- This site is optimized with the Yoast SEO Premium plugin v27.5 (Yoast SEO v27.5) - https:\/\/yoast.com\/product\/yoast-seo-premium-wordpress\/ -->\n<title>Des petits v\u0153ux bien propres<\/title>\n<meta name=\"description\" content=\"Des petits v\u0153ux bien propres\" \/>\n<link rel=\"canonical\" href=\"https:\/\/www.webdo.tn\/fr\/actualite\/le-courrier-des-lecteurs\/des-petits-voeux-bien-propres\/179991\/\" \/>\n<meta property=\"og:locale\" content=\"fr_FR\" \/>\n<meta property=\"og:type\" content=\"article\" \/>\n<meta property=\"og:title\" content=\"Des petits v\u0153ux bien propres\" \/>\n<meta property=\"og:description\" content=\"Des petits v\u0153ux bien propres\" \/>\n<meta property=\"og:url\" content=\"https:\/\/www.webdo.tn\/fr\/actualite\/le-courrier-des-lecteurs\/des-petits-voeux-bien-propres\/179991\/\" \/>\n<meta property=\"og:site_name\" content=\"webdo\" \/>\n<meta property=\"article:publisher\" content=\"https:\/\/www.facebook.com\/webdotn\" \/>\n<meta property=\"article:published_time\" content=\"2018-12-18T11:22:00+00:00\" \/>\n<meta property=\"article:modified_time\" content=\"2025-05-22T12:31:03+00:00\" \/>\n<meta property=\"og:image\" content=\"https:\/\/www.webdo.tn\/fr\/wp-content\/uploads\/2018\/12\/tuns.jpg\" \/>\n\t<meta property=\"og:image:width\" content=\"780\" \/>\n\t<meta property=\"og:image:height\" content=\"439\" \/>\n\t<meta property=\"og:image:type\" content=\"image\/jpeg\" \/>\n<meta name=\"author\" content=\"webdo.tn\" \/>\n<meta name=\"twitter:card\" content=\"summary_large_image\" \/>\n<meta name=\"twitter:creator\" content=\"@webdo_tn\" \/>\n<meta name=\"twitter:site\" content=\"@webdo_tn\" \/>\n<meta name=\"twitter:label1\" content=\"\u00c9crit par\" \/>\n\t<meta name=\"twitter:data1\" content=\"webdo.tn\" \/>\n\t<meta name=\"twitter:label2\" content=\"Dur\u00e9e de lecture estim\u00e9e\" \/>\n\t<meta name=\"twitter:data2\" content=\"5 minutes\" \/>\n<script type=\"application\/ld+json\" class=\"yoast-schema-graph\">{\"@context\":\"https:\\\/\\\/schema.org\",\"@graph\":[{\"@type\":\"NewsArticle\",\"@id\":\"https:\\\/\\\/www.webdo.tn\\\/fr\\\/actualite\\\/le-courrier-des-lecteurs\\\/des-petits-voeux-bien-propres\\\/179991\\\/#article\",\"isPartOf\":{\"@id\":\"https:\\\/\\\/www.webdo.tn\\\/fr\\\/actualite\\\/le-courrier-des-lecteurs\\\/des-petits-voeux-bien-propres\\\/179991\\\/\"},\"author\":{\"name\":\"webdo.tn\",\"@id\":\"https:\\\/\\\/www.webdo.tn\\\/fr\\\/#\\\/schema\\\/person\\\/9a9c6118d687c117df8ef3cc36a4d175\"},\"headline\":\"Des petits v\u0153ux bien propres\",\"datePublished\":\"2018-12-18T11:22:00+00:00\",\"dateModified\":\"2025-05-22T12:31:03+00:00\",\"mainEntityOfPage\":{\"@id\":\"https:\\\/\\\/www.webdo.tn\\\/fr\\\/actualite\\\/le-courrier-des-lecteurs\\\/des-petits-voeux-bien-propres\\\/179991\\\/\"},\"wordCount\":908,\"commentCount\":0,\"publisher\":{\"@id\":\"https:\\\/\\\/www.webdo.tn\\\/fr\\\/#organization\"},\"image\":{\"@id\":\"https:\\\/\\\/www.webdo.tn\\\/fr\\\/actualite\\\/le-courrier-des-lecteurs\\\/des-petits-voeux-bien-propres\\\/179991\\\/#primaryimage\"},\"thumbnailUrl\":\"https:\\\/\\\/www.webdo.tn\\\/fr\\\/wp-content\\\/uploads\\\/2018\\\/12\\\/tuns.jpg\",\"articleSection\":[\"Le courrier des lecteurs\"],\"inLanguage\":\"fr-FR\"},{\"@type\":\"WebPage\",\"@id\":\"https:\\\/\\\/www.webdo.tn\\\/fr\\\/actualite\\\/le-courrier-des-lecteurs\\\/des-petits-voeux-bien-propres\\\/179991\\\/\",\"url\":\"https:\\\/\\\/www.webdo.tn\\\/fr\\\/actualite\\\/le-courrier-des-lecteurs\\\/des-petits-voeux-bien-propres\\\/179991\\\/\",\"name\":\"Des petits v\u0153ux bien propres\",\"isPartOf\":{\"@id\":\"https:\\\/\\\/www.webdo.tn\\\/fr\\\/#website\"},\"primaryImageOfPage\":{\"@id\":\"https:\\\/\\\/www.webdo.tn\\\/fr\\\/actualite\\\/le-courrier-des-lecteurs\\\/des-petits-voeux-bien-propres\\\/179991\\\/#primaryimage\"},\"image\":{\"@id\":\"https:\\\/\\\/www.webdo.tn\\\/fr\\\/actualite\\\/le-courrier-des-lecteurs\\\/des-petits-voeux-bien-propres\\\/179991\\\/#primaryimage\"},\"thumbnailUrl\":\"https:\\\/\\\/www.webdo.tn\\\/fr\\\/wp-content\\\/uploads\\\/2018\\\/12\\\/tuns.jpg\",\"datePublished\":\"2018-12-18T11:22:00+00:00\",\"dateModified\":\"2025-05-22T12:31:03+00:00\",\"description\":\"Des petits v\u0153ux bien propres\",\"breadcrumb\":{\"@id\":\"https:\\\/\\\/www.webdo.tn\\\/fr\\\/actualite\\\/le-courrier-des-lecteurs\\\/des-petits-voeux-bien-propres\\\/179991\\\/#breadcrumb\"},\"inLanguage\":\"fr-FR\",\"potentialAction\":[{\"@type\":\"ReadAction\",\"target\":[\"https:\\\/\\\/www.webdo.tn\\\/fr\\\/actualite\\\/le-courrier-des-lecteurs\\\/des-petits-voeux-bien-propres\\\/179991\\\/\"]}]},{\"@type\":\"ImageObject\",\"inLanguage\":\"fr-FR\",\"@id\":\"https:\\\/\\\/www.webdo.tn\\\/fr\\\/actualite\\\/le-courrier-des-lecteurs\\\/des-petits-voeux-bien-propres\\\/179991\\\/#primaryimage\",\"url\":\"https:\\\/\\\/www.webdo.tn\\\/fr\\\/wp-content\\\/uploads\\\/2018\\\/12\\\/tuns.jpg\",\"contentUrl\":\"https:\\\/\\\/www.webdo.tn\\\/fr\\\/wp-content\\\/uploads\\\/2018\\\/12\\\/tuns.jpg\",\"width\":780,\"height\":439,\"caption\":\"Des petits v\u0153ux bien propres\"},{\"@type\":\"BreadcrumbList\",\"@id\":\"https:\\\/\\\/www.webdo.tn\\\/fr\\\/actualite\\\/le-courrier-des-lecteurs\\\/des-petits-voeux-bien-propres\\\/179991\\\/#breadcrumb\",\"itemListElement\":[{\"@type\":\"ListItem\",\"position\":1,\"name\":\"Accueil\",\"item\":\"https:\\\/\\\/www.webdo.tn\\\/fr\\\/\"},{\"@type\":\"ListItem\",\"position\":2,\"name\":\"Des petits v\u0153ux bien propres\"}]},{\"@type\":\"WebSite\",\"@id\":\"https:\\\/\\\/www.webdo.tn\\\/fr\\\/#website\",\"url\":\"https:\\\/\\\/www.webdo.tn\\\/fr\\\/\",\"name\":\"webdo\",\"description\":\"Tunisie - News en Tunisie et \u00e0 l&#039;international sur Webdo.tn\",\"publisher\":{\"@id\":\"https:\\\/\\\/www.webdo.tn\\\/fr\\\/#organization\"},\"potentialAction\":[{\"@type\":\"SearchAction\",\"target\":{\"@type\":\"EntryPoint\",\"urlTemplate\":\"https:\\\/\\\/www.webdo.tn\\\/fr\\\/?s={search_term_string}\"},\"query-input\":{\"@type\":\"PropertyValueSpecification\",\"valueRequired\":true,\"valueName\":\"search_term_string\"}}],\"inLanguage\":\"fr-FR\"},{\"@type\":\"Organization\",\"@id\":\"https:\\\/\\\/www.webdo.tn\\\/fr\\\/#organization\",\"name\":\"Webdo\",\"alternateName\":\"Webdo.tn\",\"url\":\"https:\\\/\\\/www.webdo.tn\\\/fr\\\/\",\"logo\":{\"@type\":\"ImageObject\",\"inLanguage\":\"fr-FR\",\"@id\":\"https:\\\/\\\/www.webdo.tn\\\/fr\\\/#\\\/schema\\\/logo\\\/image\\\/\",\"url\":\"https:\\\/\\\/www.webdo.tn\\\/fr\\\/wp-content\\\/uploads\\\/2025\\\/06\\\/Webdo-Tunisie_168377.jpg\",\"contentUrl\":\"https:\\\/\\\/www.webdo.tn\\\/fr\\\/wp-content\\\/uploads\\\/2025\\\/06\\\/Webdo-Tunisie_168377.jpg\",\"width\":301,\"height\":301,\"caption\":\"Webdo\"},\"image\":{\"@id\":\"https:\\\/\\\/www.webdo.tn\\\/fr\\\/#\\\/schema\\\/logo\\\/image\\\/\"},\"sameAs\":[\"https:\\\/\\\/www.facebook.com\\\/webdotn\",\"https:\\\/\\\/x.com\\\/webdo_tn\"],\"description\":\"Webdo est un m\u00e9dia num\u00e9rique tunisien fond\u00e9 en 2010, sp\u00e9cialis\u00e9 dans l\u2019actualit\u00e9 nationale et internationale, l\u2019\u00e9conomie, la soci\u00e9t\u00e9 et les analyses politiques. Le site s\u2019adresse \u00e0 un large public francophone et couvre l\u2019information tunisienne en temps r\u00e9el.\",\"email\":\"redac@webdo.tn\",\"legalName\":\"YNJ SARL\",\"foundingDate\":\"2010-09-06\",\"numberOfEmployees\":{\"@type\":\"QuantitativeValue\",\"minValue\":\"11\",\"maxValue\":\"50\"}},{\"@type\":\"Person\",\"@id\":\"https:\\\/\\\/www.webdo.tn\\\/fr\\\/#\\\/schema\\\/person\\\/9a9c6118d687c117df8ef3cc36a4d175\",\"name\":\"webdo.tn\",\"image\":{\"@type\":\"ImageObject\",\"inLanguage\":\"fr-FR\",\"@id\":\"https:\\\/\\\/secure.gravatar.com\\\/avatar\\\/7ce1f28c0c3bbac99ff550b85ef8e44a6950c6ee24514fb6a5489e51d06f0298?s=96&d=mm&r=g\",\"url\":\"https:\\\/\\\/secure.gravatar.com\\\/avatar\\\/7ce1f28c0c3bbac99ff550b85ef8e44a6950c6ee24514fb6a5489e51d06f0298?s=96&d=mm&r=g\",\"contentUrl\":\"https:\\\/\\\/secure.gravatar.com\\\/avatar\\\/7ce1f28c0c3bbac99ff550b85ef8e44a6950c6ee24514fb6a5489e51d06f0298?s=96&d=mm&r=g\",\"caption\":\"webdo.tn\"},\"url\":\"https:\\\/\\\/www.webdo.tn\\\/fr\\\/actualite\\\/author\\\/webdotn\\\/\"}]}<\/script>\n<!-- \/ Yoast SEO Premium plugin. -->","yoast_head_json":{"title":"Des petits v\u0153ux bien propres","description":"Des petits v\u0153ux bien propres","canonical":"https:\/\/www.webdo.tn\/fr\/actualite\/le-courrier-des-lecteurs\/des-petits-voeux-bien-propres\/179991\/","og_locale":"fr_FR","og_type":"article","og_title":"Des petits v\u0153ux bien propres","og_description":"Des petits v\u0153ux bien propres","og_url":"https:\/\/www.webdo.tn\/fr\/actualite\/le-courrier-des-lecteurs\/des-petits-voeux-bien-propres\/179991\/","og_site_name":"webdo","article_publisher":"https:\/\/www.facebook.com\/webdotn","article_published_time":"2018-12-18T11:22:00+00:00","article_modified_time":"2025-05-22T12:31:03+00:00","og_image":[{"width":780,"height":439,"url":"https:\/\/www.webdo.tn\/fr\/wp-content\/uploads\/2018\/12\/tuns.jpg","type":"image\/jpeg"}],"author":"webdo.tn","twitter_card":"summary_large_image","twitter_creator":"@webdo_tn","twitter_site":"@webdo_tn","twitter_misc":{"\u00c9crit par":"webdo.tn","Dur\u00e9e de lecture estim\u00e9e":"5 minutes"},"schema":{"@context":"https:\/\/schema.org","@graph":[{"@type":"NewsArticle","@id":"https:\/\/www.webdo.tn\/fr\/actualite\/le-courrier-des-lecteurs\/des-petits-voeux-bien-propres\/179991\/#article","isPartOf":{"@id":"https:\/\/www.webdo.tn\/fr\/actualite\/le-courrier-des-lecteurs\/des-petits-voeux-bien-propres\/179991\/"},"author":{"name":"webdo.tn","@id":"https:\/\/www.webdo.tn\/fr\/#\/schema\/person\/9a9c6118d687c117df8ef3cc36a4d175"},"headline":"Des petits v\u0153ux bien propres","datePublished":"2018-12-18T11:22:00+00:00","dateModified":"2025-05-22T12:31:03+00:00","mainEntityOfPage":{"@id":"https:\/\/www.webdo.tn\/fr\/actualite\/le-courrier-des-lecteurs\/des-petits-voeux-bien-propres\/179991\/"},"wordCount":908,"commentCount":0,"publisher":{"@id":"https:\/\/www.webdo.tn\/fr\/#organization"},"image":{"@id":"https:\/\/www.webdo.tn\/fr\/actualite\/le-courrier-des-lecteurs\/des-petits-voeux-bien-propres\/179991\/#primaryimage"},"thumbnailUrl":"https:\/\/www.webdo.tn\/fr\/wp-content\/uploads\/2018\/12\/tuns.jpg","articleSection":["Le courrier des lecteurs"],"inLanguage":"fr-FR"},{"@type":"WebPage","@id":"https:\/\/www.webdo.tn\/fr\/actualite\/le-courrier-des-lecteurs\/des-petits-voeux-bien-propres\/179991\/","url":"https:\/\/www.webdo.tn\/fr\/actualite\/le-courrier-des-lecteurs\/des-petits-voeux-bien-propres\/179991\/","name":"Des petits v\u0153ux bien propres","isPartOf":{"@id":"https:\/\/www.webdo.tn\/fr\/#website"},"primaryImageOfPage":{"@id":"https:\/\/www.webdo.tn\/fr\/actualite\/le-courrier-des-lecteurs\/des-petits-voeux-bien-propres\/179991\/#primaryimage"},"image":{"@id":"https:\/\/www.webdo.tn\/fr\/actualite\/le-courrier-des-lecteurs\/des-petits-voeux-bien-propres\/179991\/#primaryimage"},"thumbnailUrl":"https:\/\/www.webdo.tn\/fr\/wp-content\/uploads\/2018\/12\/tuns.jpg","datePublished":"2018-12-18T11:22:00+00:00","dateModified":"2025-05-22T12:31:03+00:00","description":"Des petits v\u0153ux bien propres","breadcrumb":{"@id":"https:\/\/www.webdo.tn\/fr\/actualite\/le-courrier-des-lecteurs\/des-petits-voeux-bien-propres\/179991\/#breadcrumb"},"inLanguage":"fr-FR","potentialAction":[{"@type":"ReadAction","target":["https:\/\/www.webdo.tn\/fr\/actualite\/le-courrier-des-lecteurs\/des-petits-voeux-bien-propres\/179991\/"]}]},{"@type":"ImageObject","inLanguage":"fr-FR","@id":"https:\/\/www.webdo.tn\/fr\/actualite\/le-courrier-des-lecteurs\/des-petits-voeux-bien-propres\/179991\/#primaryimage","url":"https:\/\/www.webdo.tn\/fr\/wp-content\/uploads\/2018\/12\/tuns.jpg","contentUrl":"https:\/\/www.webdo.tn\/fr\/wp-content\/uploads\/2018\/12\/tuns.jpg","width":780,"height":439,"caption":"Des petits v\u0153ux bien propres"},{"@type":"BreadcrumbList","@id":"https:\/\/www.webdo.tn\/fr\/actualite\/le-courrier-des-lecteurs\/des-petits-voeux-bien-propres\/179991\/#breadcrumb","itemListElement":[{"@type":"ListItem","position":1,"name":"Accueil","item":"https:\/\/www.webdo.tn\/fr\/"},{"@type":"ListItem","position":2,"name":"Des petits v\u0153ux bien propres"}]},{"@type":"WebSite","@id":"https:\/\/www.webdo.tn\/fr\/#website","url":"https:\/\/www.webdo.tn\/fr\/","name":"webdo","description":"Tunisie - News en Tunisie et \u00e0 l&#039;international sur Webdo.tn","publisher":{"@id":"https:\/\/www.webdo.tn\/fr\/#organization"},"potentialAction":[{"@type":"SearchAction","target":{"@type":"EntryPoint","urlTemplate":"https:\/\/www.webdo.tn\/fr\/?s={search_term_string}"},"query-input":{"@type":"PropertyValueSpecification","valueRequired":true,"valueName":"search_term_string"}}],"inLanguage":"fr-FR"},{"@type":"Organization","@id":"https:\/\/www.webdo.tn\/fr\/#organization","name":"Webdo","alternateName":"Webdo.tn","url":"https:\/\/www.webdo.tn\/fr\/","logo":{"@type":"ImageObject","inLanguage":"fr-FR","@id":"https:\/\/www.webdo.tn\/fr\/#\/schema\/logo\/image\/","url":"https:\/\/www.webdo.tn\/fr\/wp-content\/uploads\/2025\/06\/Webdo-Tunisie_168377.jpg","contentUrl":"https:\/\/www.webdo.tn\/fr\/wp-content\/uploads\/2025\/06\/Webdo-Tunisie_168377.jpg","width":301,"height":301,"caption":"Webdo"},"image":{"@id":"https:\/\/www.webdo.tn\/fr\/#\/schema\/logo\/image\/"},"sameAs":["https:\/\/www.facebook.com\/webdotn","https:\/\/x.com\/webdo_tn"],"description":"Webdo est un m\u00e9dia num\u00e9rique tunisien fond\u00e9 en 2010, sp\u00e9cialis\u00e9 dans l\u2019actualit\u00e9 nationale et internationale, l\u2019\u00e9conomie, la soci\u00e9t\u00e9 et les analyses politiques. Le site s\u2019adresse \u00e0 un large public francophone et couvre l\u2019information tunisienne en temps r\u00e9el.","email":"redac@webdo.tn","legalName":"YNJ SARL","foundingDate":"2010-09-06","numberOfEmployees":{"@type":"QuantitativeValue","minValue":"11","maxValue":"50"}},{"@type":"Person","@id":"https:\/\/www.webdo.tn\/fr\/#\/schema\/person\/9a9c6118d687c117df8ef3cc36a4d175","name":"webdo.tn","image":{"@type":"ImageObject","inLanguage":"fr-FR","@id":"https:\/\/secure.gravatar.com\/avatar\/7ce1f28c0c3bbac99ff550b85ef8e44a6950c6ee24514fb6a5489e51d06f0298?s=96&d=mm&r=g","url":"https:\/\/secure.gravatar.com\/avatar\/7ce1f28c0c3bbac99ff550b85ef8e44a6950c6ee24514fb6a5489e51d06f0298?s=96&d=mm&r=g","contentUrl":"https:\/\/secure.gravatar.com\/avatar\/7ce1f28c0c3bbac99ff550b85ef8e44a6950c6ee24514fb6a5489e51d06f0298?s=96&d=mm&r=g","caption":"webdo.tn"},"url":"https:\/\/www.webdo.tn\/fr\/actualite\/author\/webdotn\/"}]}},"_links":{"self":[{"href":"https:\/\/www.webdo.tn\/fr\/wp-json\/wp\/v2\/posts\/179991","targetHints":{"allow":["GET"]}}],"collection":[{"href":"https:\/\/www.webdo.tn\/fr\/wp-json\/wp\/v2\/posts"}],"about":[{"href":"https:\/\/www.webdo.tn\/fr\/wp-json\/wp\/v2\/types\/post"}],"author":[{"embeddable":true,"href":"https:\/\/www.webdo.tn\/fr\/wp-json\/wp\/v2\/users\/3222"}],"replies":[{"embeddable":true,"href":"https:\/\/www.webdo.tn\/fr\/wp-json\/wp\/v2\/comments?post=179991"}],"version-history":[{"count":0,"href":"https:\/\/www.webdo.tn\/fr\/wp-json\/wp\/v2\/posts\/179991\/revisions"}],"wp:featuredmedia":[{"embeddable":true,"href":"https:\/\/www.webdo.tn\/fr\/wp-json\/wp\/v2\/media\/296834"}],"wp:attachment":[{"href":"https:\/\/www.webdo.tn\/fr\/wp-json\/wp\/v2\/media?parent=179991"}],"wp:term":[{"taxonomy":"category","embeddable":true,"href":"https:\/\/www.webdo.tn\/fr\/wp-json\/wp\/v2\/categories?post=179991"},{"taxonomy":"post_tag","embeddable":true,"href":"https:\/\/www.webdo.tn\/fr\/wp-json\/wp\/v2\/tags?post=179991"}],"curies":[{"name":"wp","href":"https:\/\/api.w.org\/{rel}","templated":true}]}}