{"id":179989,"date":"2011-12-02T15:26:00","date_gmt":"2011-12-02T15:26:00","guid":{"rendered":"https:\/\/www.webdo.tn\/fr\/blog\/l-etat-major-des-tic-appelle-a-la-creation-d-un-ministere-des-telecoms\/179989\/"},"modified":"2025-05-22T13:12:47","modified_gmt":"2025-05-22T13:12:47","slug":"l-etat-major-des-tic-appelle-a-la-creation-d-un-ministere-des-telecoms","status":"publish","type":"post","link":"https:\/\/www.webdo.tn\/fr\/actualite\/tech\/l-etat-major-des-tic-appelle-a-la-creation-d-un-ministere-des-telecoms\/179989\/","title":{"rendered":"L\u2019\u00c9tat-major des TIC appelle \u00e0 la cr\u00e9ation d\u2019un minist\u00e8re des T\u00e9l\u00e9coms"},"content":{"rendered":"<p>Alors que l&rsquo;on attend toujours les changements au sein du gouvernement et aux postes de ministres, les directeurs de l\u2019ex-minist\u00e8re des Technologies de la communication, et actuel secr\u00e9tariat d\u2019\u00c9tat de la Technologie, ont appel\u00e9, dans une missive, les secr\u00e9taires g\u00e9n\u00e9raux des partis politiques \u00e0 plaider en faveur de la cr\u00e9ation d\u2019un minist\u00e8re pour les TIC.<\/p>\n<p>Le secteur, disent-ils dans leur lettre, est strat\u00e9gique et primordial pour le d\u00e9veloppement \u00e9conomique et social du pays. Il offre des opportunit\u00e9s r\u00e9elles d\u2019investissements et d\u2019emploi. Il ne devait pas \u00eatre marginalis\u00e9.<\/p>\n<p>Pour eux, le secteur est complexe (T\u00e9l\u00e9coms, poste, Internet et t\u00e9l\u00e9diffusion). Sa fusion avec le minist\u00e8re de l\u2019Industrie, durant le gouvernement transitoire, n\u2019a pas favoris\u00e9 son d\u00e9veloppement, pire, elle a particip\u00e9 \u00e0 empirer davantage le rendement interne du secteur et \u00e0 retarder sa croissance.<\/p>\n<p>Chiffres \u00e0 l\u2019appui, ils ont parl\u00e9 des potentialit\u00e9s r\u00e9elles du secteur (10.000 emplois) et ont plaid\u00e9, dans ce sens, l\u2019adoption d\u2019une approche strat\u00e9gique s\u2019appuyant sur une restructuration du secteur et sur une place plus importante \u00e0 l\u2019innovation et \u00e0 l\u2019initiative priv\u00e9e.<\/p>\n<p>L\u2019\u00c9tat-major des TIC n\u2019a pas oubli\u00e9 de mentionner les innombrables faiblesses du secteur (comme le d\u00e9ploiement non homog\u00e8ne des Tic sur la Tunisie)  \u00e0 prendre en compte dans l\u2019approche du d\u00e9veloppement du nouveau gouvernement.<\/p>\n","protected":false},"excerpt":{"rendered":"<p>L\u2019\u00c9tat-major des TIC appelle \u00e0 la cr\u00e9ation d\u2019un minist\u00e8re des T\u00e9l\u00e9coms <\/p>\n","protected":false},"author":3222,"featured_media":333891,"comment_status":"open","ping_status":"closed","sticky":false,"template":"","format":"standard","meta":{"footnotes":""},"categories":[9070],"tags":[],"class_list":["post-179989","post","type-post","status-publish","format-standard","has-post-thumbnail","hentry","category-tech"],"yoast_head":"<!-- This site is optimized with the Yoast SEO Premium plugin v27.5 (Yoast SEO v27.5) - https:\/\/yoast.com\/product\/yoast-seo-premium-wordpress\/ -->\n<title>L\u2019\u00c9tat-major des TIC appelle \u00e0 la cr\u00e9ation d\u2019un minist\u00e8re des T\u00e9l\u00e9coms<\/title>\n<meta name=\"description\" content=\"L\u2019\u00c9tat-major des TIC appelle \u00e0 la cr\u00e9ation d\u2019un minist\u00e8re des T\u00e9l\u00e9coms\" \/>\n<link rel=\"canonical\" href=\"https:\/\/www.webdo.tn\/fr\/actualite\/tech\/l-etat-major-des-tic-appelle-a-la-creation-d-un-ministere-des-telecoms\/179989\/\" \/>\n<meta property=\"og:locale\" content=\"fr_FR\" \/>\n<meta property=\"og:type\" content=\"article\" \/>\n<meta property=\"og:title\" content=\"L\u2019\u00c9tat-major des TIC appelle \u00e0 la cr\u00e9ation d\u2019un minist\u00e8re des T\u00e9l\u00e9coms\" \/>\n<meta property=\"og:description\" content=\"L\u2019\u00c9tat-major des TIC appelle \u00e0 la cr\u00e9ation d\u2019un minist\u00e8re des T\u00e9l\u00e9coms\" \/>\n<meta property=\"og:url\" content=\"https:\/\/www.webdo.tn\/fr\/actualite\/tech\/l-etat-major-des-tic-appelle-a-la-creation-d-un-ministere-des-telecoms\/179989\/\" \/>\n<meta property=\"og:site_name\" content=\"webdo\" \/>\n<meta property=\"article:publisher\" content=\"https:\/\/www.facebook.com\/webdotn\" \/>\n<meta property=\"article:published_time\" content=\"2011-12-02T15:26:00+00:00\" \/>\n<meta property=\"article:modified_time\" content=\"2025-05-22T13:12:47+00:00\" \/>\n<meta property=\"og:image\" content=\"https:\/\/www.webdo.tn\/fr\/wp-content\/uploads\/2011\/12\/Telecom-photo-moneylife.in_.jpg\" \/>\n\t<meta property=\"og:image:width\" content=\"360\" \/>\n\t<meta property=\"og:image:height\" content=\"250\" \/>\n\t<meta property=\"og:image:type\" content=\"image\/jpeg\" \/>\n<meta name=\"author\" content=\"webdo.tn\" \/>\n<meta name=\"twitter:card\" content=\"summary_large_image\" \/>\n<meta name=\"twitter:creator\" content=\"@webdo_tn\" \/>\n<meta name=\"twitter:site\" content=\"@webdo_tn\" \/>\n<meta name=\"twitter:label1\" content=\"\u00c9crit par\" \/>\n\t<meta name=\"twitter:data1\" content=\"webdo.tn\" \/>\n\t<meta name=\"twitter:label2\" content=\"Dur\u00e9e de lecture estim\u00e9e\" \/>\n\t<meta name=\"twitter:data2\" content=\"1 minute\" \/>\n<script type=\"application\/ld+json\" class=\"yoast-schema-graph\">{\"@context\":\"https:\\\/\\\/schema.org\",\"@graph\":[{\"@type\":\"NewsArticle\",\"@id\":\"https:\\\/\\\/www.webdo.tn\\\/fr\\\/actualite\\\/tech\\\/l-etat-major-des-tic-appelle-a-la-creation-d-un-ministere-des-telecoms\\\/179989\\\/#article\",\"isPartOf\":{\"@id\":\"https:\\\/\\\/www.webdo.tn\\\/fr\\\/actualite\\\/tech\\\/l-etat-major-des-tic-appelle-a-la-creation-d-un-ministere-des-telecoms\\\/179989\\\/\"},\"author\":{\"name\":\"webdo.tn\",\"@id\":\"https:\\\/\\\/www.webdo.tn\\\/fr\\\/#\\\/schema\\\/person\\\/9a9c6118d687c117df8ef3cc36a4d175\"},\"headline\":\"L\u2019\u00c9tat-major des TIC appelle \u00e0 la cr\u00e9ation d\u2019un minist\u00e8re des T\u00e9l\u00e9coms\",\"datePublished\":\"2011-12-02T15:26:00+00:00\",\"dateModified\":\"2025-05-22T13:12:47+00:00\",\"mainEntityOfPage\":{\"@id\":\"https:\\\/\\\/www.webdo.tn\\\/fr\\\/actualite\\\/tech\\\/l-etat-major-des-tic-appelle-a-la-creation-d-un-ministere-des-telecoms\\\/179989\\\/\"},\"wordCount\":255,\"commentCount\":0,\"publisher\":{\"@id\":\"https:\\\/\\\/www.webdo.tn\\\/fr\\\/#organization\"},\"image\":{\"@id\":\"https:\\\/\\\/www.webdo.tn\\\/fr\\\/actualite\\\/tech\\\/l-etat-major-des-tic-appelle-a-la-creation-d-un-ministere-des-telecoms\\\/179989\\\/#primaryimage\"},\"thumbnailUrl\":\"https:\\\/\\\/www.webdo.tn\\\/fr\\\/wp-content\\\/uploads\\\/2011\\\/12\\\/Telecom-photo-moneylife.in_.jpg\",\"articleSection\":[\"Tech\"],\"inLanguage\":\"fr-FR\"},{\"@type\":\"WebPage\",\"@id\":\"https:\\\/\\\/www.webdo.tn\\\/fr\\\/actualite\\\/tech\\\/l-etat-major-des-tic-appelle-a-la-creation-d-un-ministere-des-telecoms\\\/179989\\\/\",\"url\":\"https:\\\/\\\/www.webdo.tn\\\/fr\\\/actualite\\\/tech\\\/l-etat-major-des-tic-appelle-a-la-creation-d-un-ministere-des-telecoms\\\/179989\\\/\",\"name\":\"L\u2019\u00c9tat-major des TIC appelle \u00e0 la cr\u00e9ation d\u2019un minist\u00e8re des T\u00e9l\u00e9coms\",\"isPartOf\":{\"@id\":\"https:\\\/\\\/www.webdo.tn\\\/fr\\\/#website\"},\"primaryImageOfPage\":{\"@id\":\"https:\\\/\\\/www.webdo.tn\\\/fr\\\/actualite\\\/tech\\\/l-etat-major-des-tic-appelle-a-la-creation-d-un-ministere-des-telecoms\\\/179989\\\/#primaryimage\"},\"image\":{\"@id\":\"https:\\\/\\\/www.webdo.tn\\\/fr\\\/actualite\\\/tech\\\/l-etat-major-des-tic-appelle-a-la-creation-d-un-ministere-des-telecoms\\\/179989\\\/#primaryimage\"},\"thumbnailUrl\":\"https:\\\/\\\/www.webdo.tn\\\/fr\\\/wp-content\\\/uploads\\\/2011\\\/12\\\/Telecom-photo-moneylife.in_.jpg\",\"datePublished\":\"2011-12-02T15:26:00+00:00\",\"dateModified\":\"2025-05-22T13:12:47+00:00\",\"description\":\"L\u2019\u00c9tat-major des TIC appelle \u00e0 la cr\u00e9ation d\u2019un minist\u00e8re des T\u00e9l\u00e9coms\",\"breadcrumb\":{\"@id\":\"https:\\\/\\\/www.webdo.tn\\\/fr\\\/actualite\\\/tech\\\/l-etat-major-des-tic-appelle-a-la-creation-d-un-ministere-des-telecoms\\\/179989\\\/#breadcrumb\"},\"inLanguage\":\"fr-FR\",\"potentialAction\":[{\"@type\":\"ReadAction\",\"target\":[\"https:\\\/\\\/www.webdo.tn\\\/fr\\\/actualite\\\/tech\\\/l-etat-major-des-tic-appelle-a-la-creation-d-un-ministere-des-telecoms\\\/179989\\\/\"]}]},{\"@type\":\"ImageObject\",\"inLanguage\":\"fr-FR\",\"@id\":\"https:\\\/\\\/www.webdo.tn\\\/fr\\\/actualite\\\/tech\\\/l-etat-major-des-tic-appelle-a-la-creation-d-un-ministere-des-telecoms\\\/179989\\\/#primaryimage\",\"url\":\"https:\\\/\\\/www.webdo.tn\\\/fr\\\/wp-content\\\/uploads\\\/2011\\\/12\\\/Telecom-photo-moneylife.in_.jpg\",\"contentUrl\":\"https:\\\/\\\/www.webdo.tn\\\/fr\\\/wp-content\\\/uploads\\\/2011\\\/12\\\/Telecom-photo-moneylife.in_.jpg\",\"width\":360,\"height\":250,\"caption\":\"L\u2019\u00c9tat-major des TIC appelle \u00e0 la cr\u00e9ation d\u2019un minist\u00e8re des T\u00e9l\u00e9coms\"},{\"@type\":\"BreadcrumbList\",\"@id\":\"https:\\\/\\\/www.webdo.tn\\\/fr\\\/actualite\\\/tech\\\/l-etat-major-des-tic-appelle-a-la-creation-d-un-ministere-des-telecoms\\\/179989\\\/#breadcrumb\",\"itemListElement\":[{\"@type\":\"ListItem\",\"position\":1,\"name\":\"Accueil\",\"item\":\"https:\\\/\\\/www.webdo.tn\\\/fr\\\/\"},{\"@type\":\"ListItem\",\"position\":2,\"name\":\"L\u2019\u00c9tat-major des TIC appelle \u00e0 la cr\u00e9ation d\u2019un minist\u00e8re des T\u00e9l\u00e9coms\"}]},{\"@type\":\"WebSite\",\"@id\":\"https:\\\/\\\/www.webdo.tn\\\/fr\\\/#website\",\"url\":\"https:\\\/\\\/www.webdo.tn\\\/fr\\\/\",\"name\":\"webdo\",\"description\":\"Tunisie - News en Tunisie et \u00e0 l&#039;international sur Webdo.tn\",\"publisher\":{\"@id\":\"https:\\\/\\\/www.webdo.tn\\\/fr\\\/#organization\"},\"potentialAction\":[{\"@type\":\"SearchAction\",\"target\":{\"@type\":\"EntryPoint\",\"urlTemplate\":\"https:\\\/\\\/www.webdo.tn\\\/fr\\\/?s={search_term_string}\"},\"query-input\":{\"@type\":\"PropertyValueSpecification\",\"valueRequired\":true,\"valueName\":\"search_term_string\"}}],\"inLanguage\":\"fr-FR\"},{\"@type\":\"Organization\",\"@id\":\"https:\\\/\\\/www.webdo.tn\\\/fr\\\/#organization\",\"name\":\"Webdo\",\"alternateName\":\"Webdo.tn\",\"url\":\"https:\\\/\\\/www.webdo.tn\\\/fr\\\/\",\"logo\":{\"@type\":\"ImageObject\",\"inLanguage\":\"fr-FR\",\"@id\":\"https:\\\/\\\/www.webdo.tn\\\/fr\\\/#\\\/schema\\\/logo\\\/image\\\/\",\"url\":\"https:\\\/\\\/www.webdo.tn\\\/fr\\\/wp-content\\\/uploads\\\/2025\\\/06\\\/Webdo-Tunisie_168377.jpg\",\"contentUrl\":\"https:\\\/\\\/www.webdo.tn\\\/fr\\\/wp-content\\\/uploads\\\/2025\\\/06\\\/Webdo-Tunisie_168377.jpg\",\"width\":301,\"height\":301,\"caption\":\"Webdo\"},\"image\":{\"@id\":\"https:\\\/\\\/www.webdo.tn\\\/fr\\\/#\\\/schema\\\/logo\\\/image\\\/\"},\"sameAs\":[\"https:\\\/\\\/www.facebook.com\\\/webdotn\",\"https:\\\/\\\/x.com\\\/webdo_tn\"],\"description\":\"Webdo est un m\u00e9dia num\u00e9rique tunisien fond\u00e9 en 2010, sp\u00e9cialis\u00e9 dans l\u2019actualit\u00e9 nationale et internationale, l\u2019\u00e9conomie, la soci\u00e9t\u00e9 et les analyses politiques. Le site s\u2019adresse \u00e0 un large public francophone et couvre l\u2019information tunisienne en temps r\u00e9el.\",\"email\":\"redac@webdo.tn\",\"legalName\":\"YNJ SARL\",\"foundingDate\":\"2010-09-06\",\"numberOfEmployees\":{\"@type\":\"QuantitativeValue\",\"minValue\":\"11\",\"maxValue\":\"50\"}},{\"@type\":\"Person\",\"@id\":\"https:\\\/\\\/www.webdo.tn\\\/fr\\\/#\\\/schema\\\/person\\\/9a9c6118d687c117df8ef3cc36a4d175\",\"name\":\"webdo.tn\",\"image\":{\"@type\":\"ImageObject\",\"inLanguage\":\"fr-FR\",\"@id\":\"https:\\\/\\\/secure.gravatar.com\\\/avatar\\\/7ce1f28c0c3bbac99ff550b85ef8e44a6950c6ee24514fb6a5489e51d06f0298?s=96&d=mm&r=g\",\"url\":\"https:\\\/\\\/secure.gravatar.com\\\/avatar\\\/7ce1f28c0c3bbac99ff550b85ef8e44a6950c6ee24514fb6a5489e51d06f0298?s=96&d=mm&r=g\",\"contentUrl\":\"https:\\\/\\\/secure.gravatar.com\\\/avatar\\\/7ce1f28c0c3bbac99ff550b85ef8e44a6950c6ee24514fb6a5489e51d06f0298?s=96&d=mm&r=g\",\"caption\":\"webdo.tn\"},\"url\":\"https:\\\/\\\/www.webdo.tn\\\/fr\\\/actualite\\\/author\\\/webdotn\\\/\"}]}<\/script>\n<!-- \/ Yoast SEO Premium plugin. -->","yoast_head_json":{"title":"L\u2019\u00c9tat-major des TIC appelle \u00e0 la cr\u00e9ation d\u2019un minist\u00e8re des T\u00e9l\u00e9coms","description":"L\u2019\u00c9tat-major des TIC appelle \u00e0 la cr\u00e9ation d\u2019un minist\u00e8re des T\u00e9l\u00e9coms","canonical":"https:\/\/www.webdo.tn\/fr\/actualite\/tech\/l-etat-major-des-tic-appelle-a-la-creation-d-un-ministere-des-telecoms\/179989\/","og_locale":"fr_FR","og_type":"article","og_title":"L\u2019\u00c9tat-major des TIC appelle \u00e0 la cr\u00e9ation d\u2019un minist\u00e8re des T\u00e9l\u00e9coms","og_description":"L\u2019\u00c9tat-major des TIC appelle \u00e0 la cr\u00e9ation d\u2019un minist\u00e8re des T\u00e9l\u00e9coms","og_url":"https:\/\/www.webdo.tn\/fr\/actualite\/tech\/l-etat-major-des-tic-appelle-a-la-creation-d-un-ministere-des-telecoms\/179989\/","og_site_name":"webdo","article_publisher":"https:\/\/www.facebook.com\/webdotn","article_published_time":"2011-12-02T15:26:00+00:00","article_modified_time":"2025-05-22T13:12:47+00:00","og_image":[{"width":360,"height":250,"url":"https:\/\/www.webdo.tn\/fr\/wp-content\/uploads\/2011\/12\/Telecom-photo-moneylife.in_.jpg","type":"image\/jpeg"}],"author":"webdo.tn","twitter_card":"summary_large_image","twitter_creator":"@webdo_tn","twitter_site":"@webdo_tn","twitter_misc":{"\u00c9crit par":"webdo.tn","Dur\u00e9e de lecture estim\u00e9e":"1 minute"},"schema":{"@context":"https:\/\/schema.org","@graph":[{"@type":"NewsArticle","@id":"https:\/\/www.webdo.tn\/fr\/actualite\/tech\/l-etat-major-des-tic-appelle-a-la-creation-d-un-ministere-des-telecoms\/179989\/#article","isPartOf":{"@id":"https:\/\/www.webdo.tn\/fr\/actualite\/tech\/l-etat-major-des-tic-appelle-a-la-creation-d-un-ministere-des-telecoms\/179989\/"},"author":{"name":"webdo.tn","@id":"https:\/\/www.webdo.tn\/fr\/#\/schema\/person\/9a9c6118d687c117df8ef3cc36a4d175"},"headline":"L\u2019\u00c9tat-major des TIC appelle \u00e0 la cr\u00e9ation d\u2019un minist\u00e8re des T\u00e9l\u00e9coms","datePublished":"2011-12-02T15:26:00+00:00","dateModified":"2025-05-22T13:12:47+00:00","mainEntityOfPage":{"@id":"https:\/\/www.webdo.tn\/fr\/actualite\/tech\/l-etat-major-des-tic-appelle-a-la-creation-d-un-ministere-des-telecoms\/179989\/"},"wordCount":255,"commentCount":0,"publisher":{"@id":"https:\/\/www.webdo.tn\/fr\/#organization"},"image":{"@id":"https:\/\/www.webdo.tn\/fr\/actualite\/tech\/l-etat-major-des-tic-appelle-a-la-creation-d-un-ministere-des-telecoms\/179989\/#primaryimage"},"thumbnailUrl":"https:\/\/www.webdo.tn\/fr\/wp-content\/uploads\/2011\/12\/Telecom-photo-moneylife.in_.jpg","articleSection":["Tech"],"inLanguage":"fr-FR"},{"@type":"WebPage","@id":"https:\/\/www.webdo.tn\/fr\/actualite\/tech\/l-etat-major-des-tic-appelle-a-la-creation-d-un-ministere-des-telecoms\/179989\/","url":"https:\/\/www.webdo.tn\/fr\/actualite\/tech\/l-etat-major-des-tic-appelle-a-la-creation-d-un-ministere-des-telecoms\/179989\/","name":"L\u2019\u00c9tat-major des TIC appelle \u00e0 la cr\u00e9ation d\u2019un minist\u00e8re des T\u00e9l\u00e9coms","isPartOf":{"@id":"https:\/\/www.webdo.tn\/fr\/#website"},"primaryImageOfPage":{"@id":"https:\/\/www.webdo.tn\/fr\/actualite\/tech\/l-etat-major-des-tic-appelle-a-la-creation-d-un-ministere-des-telecoms\/179989\/#primaryimage"},"image":{"@id":"https:\/\/www.webdo.tn\/fr\/actualite\/tech\/l-etat-major-des-tic-appelle-a-la-creation-d-un-ministere-des-telecoms\/179989\/#primaryimage"},"thumbnailUrl":"https:\/\/www.webdo.tn\/fr\/wp-content\/uploads\/2011\/12\/Telecom-photo-moneylife.in_.jpg","datePublished":"2011-12-02T15:26:00+00:00","dateModified":"2025-05-22T13:12:47+00:00","description":"L\u2019\u00c9tat-major des TIC appelle \u00e0 la cr\u00e9ation d\u2019un minist\u00e8re des T\u00e9l\u00e9coms","breadcrumb":{"@id":"https:\/\/www.webdo.tn\/fr\/actualite\/tech\/l-etat-major-des-tic-appelle-a-la-creation-d-un-ministere-des-telecoms\/179989\/#breadcrumb"},"inLanguage":"fr-FR","potentialAction":[{"@type":"ReadAction","target":["https:\/\/www.webdo.tn\/fr\/actualite\/tech\/l-etat-major-des-tic-appelle-a-la-creation-d-un-ministere-des-telecoms\/179989\/"]}]},{"@type":"ImageObject","inLanguage":"fr-FR","@id":"https:\/\/www.webdo.tn\/fr\/actualite\/tech\/l-etat-major-des-tic-appelle-a-la-creation-d-un-ministere-des-telecoms\/179989\/#primaryimage","url":"https:\/\/www.webdo.tn\/fr\/wp-content\/uploads\/2011\/12\/Telecom-photo-moneylife.in_.jpg","contentUrl":"https:\/\/www.webdo.tn\/fr\/wp-content\/uploads\/2011\/12\/Telecom-photo-moneylife.in_.jpg","width":360,"height":250,"caption":"L\u2019\u00c9tat-major des TIC appelle \u00e0 la cr\u00e9ation d\u2019un minist\u00e8re des T\u00e9l\u00e9coms"},{"@type":"BreadcrumbList","@id":"https:\/\/www.webdo.tn\/fr\/actualite\/tech\/l-etat-major-des-tic-appelle-a-la-creation-d-un-ministere-des-telecoms\/179989\/#breadcrumb","itemListElement":[{"@type":"ListItem","position":1,"name":"Accueil","item":"https:\/\/www.webdo.tn\/fr\/"},{"@type":"ListItem","position":2,"name":"L\u2019\u00c9tat-major des TIC appelle \u00e0 la cr\u00e9ation d\u2019un minist\u00e8re des T\u00e9l\u00e9coms"}]},{"@type":"WebSite","@id":"https:\/\/www.webdo.tn\/fr\/#website","url":"https:\/\/www.webdo.tn\/fr\/","name":"webdo","description":"Tunisie - News en Tunisie et \u00e0 l&#039;international sur Webdo.tn","publisher":{"@id":"https:\/\/www.webdo.tn\/fr\/#organization"},"potentialAction":[{"@type":"SearchAction","target":{"@type":"EntryPoint","urlTemplate":"https:\/\/www.webdo.tn\/fr\/?s={search_term_string}"},"query-input":{"@type":"PropertyValueSpecification","valueRequired":true,"valueName":"search_term_string"}}],"inLanguage":"fr-FR"},{"@type":"Organization","@id":"https:\/\/www.webdo.tn\/fr\/#organization","name":"Webdo","alternateName":"Webdo.tn","url":"https:\/\/www.webdo.tn\/fr\/","logo":{"@type":"ImageObject","inLanguage":"fr-FR","@id":"https:\/\/www.webdo.tn\/fr\/#\/schema\/logo\/image\/","url":"https:\/\/www.webdo.tn\/fr\/wp-content\/uploads\/2025\/06\/Webdo-Tunisie_168377.jpg","contentUrl":"https:\/\/www.webdo.tn\/fr\/wp-content\/uploads\/2025\/06\/Webdo-Tunisie_168377.jpg","width":301,"height":301,"caption":"Webdo"},"image":{"@id":"https:\/\/www.webdo.tn\/fr\/#\/schema\/logo\/image\/"},"sameAs":["https:\/\/www.facebook.com\/webdotn","https:\/\/x.com\/webdo_tn"],"description":"Webdo est un m\u00e9dia num\u00e9rique tunisien fond\u00e9 en 2010, sp\u00e9cialis\u00e9 dans l\u2019actualit\u00e9 nationale et internationale, l\u2019\u00e9conomie, la soci\u00e9t\u00e9 et les analyses politiques. Le site s\u2019adresse \u00e0 un large public francophone et couvre l\u2019information tunisienne en temps r\u00e9el.","email":"redac@webdo.tn","legalName":"YNJ SARL","foundingDate":"2010-09-06","numberOfEmployees":{"@type":"QuantitativeValue","minValue":"11","maxValue":"50"}},{"@type":"Person","@id":"https:\/\/www.webdo.tn\/fr\/#\/schema\/person\/9a9c6118d687c117df8ef3cc36a4d175","name":"webdo.tn","image":{"@type":"ImageObject","inLanguage":"fr-FR","@id":"https:\/\/secure.gravatar.com\/avatar\/7ce1f28c0c3bbac99ff550b85ef8e44a6950c6ee24514fb6a5489e51d06f0298?s=96&d=mm&r=g","url":"https:\/\/secure.gravatar.com\/avatar\/7ce1f28c0c3bbac99ff550b85ef8e44a6950c6ee24514fb6a5489e51d06f0298?s=96&d=mm&r=g","contentUrl":"https:\/\/secure.gravatar.com\/avatar\/7ce1f28c0c3bbac99ff550b85ef8e44a6950c6ee24514fb6a5489e51d06f0298?s=96&d=mm&r=g","caption":"webdo.tn"},"url":"https:\/\/www.webdo.tn\/fr\/actualite\/author\/webdotn\/"}]}},"_links":{"self":[{"href":"https:\/\/www.webdo.tn\/fr\/wp-json\/wp\/v2\/posts\/179989","targetHints":{"allow":["GET"]}}],"collection":[{"href":"https:\/\/www.webdo.tn\/fr\/wp-json\/wp\/v2\/posts"}],"about":[{"href":"https:\/\/www.webdo.tn\/fr\/wp-json\/wp\/v2\/types\/post"}],"author":[{"embeddable":true,"href":"https:\/\/www.webdo.tn\/fr\/wp-json\/wp\/v2\/users\/3222"}],"replies":[{"embeddable":true,"href":"https:\/\/www.webdo.tn\/fr\/wp-json\/wp\/v2\/comments?post=179989"}],"version-history":[{"count":0,"href":"https:\/\/www.webdo.tn\/fr\/wp-json\/wp\/v2\/posts\/179989\/revisions"}],"wp:featuredmedia":[{"embeddable":true,"href":"https:\/\/www.webdo.tn\/fr\/wp-json\/wp\/v2\/media\/333891"}],"wp:attachment":[{"href":"https:\/\/www.webdo.tn\/fr\/wp-json\/wp\/v2\/media?parent=179989"}],"wp:term":[{"taxonomy":"category","embeddable":true,"href":"https:\/\/www.webdo.tn\/fr\/wp-json\/wp\/v2\/categories?post=179989"},{"taxonomy":"post_tag","embeddable":true,"href":"https:\/\/www.webdo.tn\/fr\/wp-json\/wp\/v2\/tags?post=179989"}],"curies":[{"name":"wp","href":"https:\/\/api.w.org\/{rel}","templated":true}]}}