{"id":179056,"date":"2021-06-02T09:31:00","date_gmt":"2021-06-02T09:31:00","guid":{"rendered":"https:\/\/www.webdo.tn\/fr\/blog\/tunisie-telecom-a-la-5eme-edition-du-tunisia-digital-summit\/179056\/"},"modified":"2025-05-22T12:20:09","modified_gmt":"2025-05-22T12:20:09","slug":"tunisie-telecom-a-la-5eme-edition-du-tunisia-digital-summit","status":"publish","type":"post","link":"https:\/\/www.webdo.tn\/fr\/actualite\/tech\/tunisie-telecom-a-la-5eme-edition-du-tunisia-digital-summit\/179056\/","title":{"rendered":"Tunisie Telecom \u00e0 la 5\u00e8me \u00e9dition du \u00ab\u00a0Tunisia Digital Summit\u00a0\u00bb"},"content":{"rendered":"<p>Tunisie Telecom participe \u00e0 la 5\u00e8me \u00e9dition du \u00ab\u00a0Tunisia Digital Summit\u00a0\u00bb, mercredi 2 et jeudi 3 juin 2021 en mode hybride \u00e0 l\u2019h\u00f4tel La\u00eeco Tunis et en ligne sur \u00ab\u00a0TDS Event Platform\u00a0\u00bb.<\/p>\n<p>Cet \u00e9v\u00e9nement, d\u00e9di\u00e9 \u00e0 la transformation digitale, r\u00e9pond \u00e0 la n\u00e9cessit\u00e9 pressante de d\u00e9couvrir et de surveiller de pr\u00e8s les nouveaut\u00e9s des technologies de rupture qui r\u00e9volutionnent la vie des citoyens, les entreprises (publiques et priv\u00e9es) ainsi que les divers secteurs \u00e9conomiques.<\/p>\n<p>Des experts internationaux et nationaux se rassembleront avec les principaux acteurs du num\u00e9rique pour \u00e9changer et discuter des d\u00e9fis complexes de la transformation digitale acc\u00e9l\u00e9r\u00e9e par la perturbation Covid-19.<\/p>\n<p>En marge de cette participation, Jih\u00e8ne Bouzaiene directeur ex\u00e9cutif March\u00e9s Entreprises de TT, prendra part au Panel de discussion 6, intitul\u00e9 : \u00ab\u00a0Au moment de la crise : l\u2019exp\u00e9rience client passe \u00e0 l\u2019Hybride\u00a0\u00bb, ce mercredi 2 juin de 11H00 \u00e0 11H40.<\/p>\n","protected":false},"excerpt":{"rendered":"<p>Tunisie Telecom \u00e0 la 5\u00e8me \u00e9dition du  Tunisia Digital Summit <\/p>\n","protected":false},"author":3222,"featured_media":368833,"comment_status":"open","ping_status":"closed","sticky":false,"template":"","format":"standard","meta":{"footnotes":""},"categories":[9070],"tags":[],"class_list":["post-179056","post","type-post","status-publish","format-standard","has-post-thumbnail","hentry","category-tech"],"yoast_head":"<!-- This site is optimized with the Yoast SEO Premium plugin v27.5 (Yoast SEO v27.5) - https:\/\/yoast.com\/product\/yoast-seo-premium-wordpress\/ -->\n<title>Tunisie Telecom \u00e0 la 5\u00e8me \u00e9dition du Tunisia Digital Summit<\/title>\n<meta name=\"description\" content=\"Tunisie Telecom \u00e0 la 5\u00e8me \u00e9dition du Tunisia Digital Summit\" \/>\n<link rel=\"canonical\" href=\"https:\/\/www.webdo.tn\/fr\/actualite\/tech\/tunisie-telecom-a-la-5eme-edition-du-tunisia-digital-summit\/179056\/\" \/>\n<meta property=\"og:locale\" content=\"fr_FR\" \/>\n<meta property=\"og:type\" content=\"article\" \/>\n<meta property=\"og:title\" content=\"Tunisie Telecom \u00e0 la 5\u00e8me \u00e9dition du &quot;Tunisia Digital Summit&quot;\" \/>\n<meta property=\"og:description\" content=\"Tunisie Telecom \u00e0 la 5\u00e8me \u00e9dition du Tunisia Digital Summit\" \/>\n<meta property=\"og:url\" content=\"https:\/\/www.webdo.tn\/fr\/actualite\/tech\/tunisie-telecom-a-la-5eme-edition-du-tunisia-digital-summit\/179056\/\" \/>\n<meta property=\"og:site_name\" content=\"webdo\" \/>\n<meta property=\"article:publisher\" content=\"https:\/\/www.facebook.com\/webdotn\" \/>\n<meta property=\"article:published_time\" content=\"2021-06-02T09:31:00+00:00\" \/>\n<meta property=\"article:modified_time\" content=\"2025-05-22T12:20:09+00:00\" \/>\n<meta property=\"og:image\" content=\"https:\/\/www.webdo.tn\/fr\/wp-content\/uploads\/2025\/06\/TDS-696x385-1_179056.jpg\" \/>\n\t<meta property=\"og:image:width\" content=\"696\" \/>\n\t<meta property=\"og:image:height\" content=\"385\" \/>\n\t<meta property=\"og:image:type\" content=\"image\/jpeg\" \/>\n<meta name=\"author\" content=\"webdo.tn\" \/>\n<meta name=\"twitter:card\" content=\"summary_large_image\" \/>\n<meta name=\"twitter:creator\" content=\"@webdo_tn\" \/>\n<meta name=\"twitter:site\" content=\"@webdo_tn\" \/>\n<meta name=\"twitter:label1\" content=\"\u00c9crit par\" \/>\n\t<meta name=\"twitter:data1\" content=\"webdo.tn\" \/>\n\t<meta name=\"twitter:label2\" content=\"Dur\u00e9e de lecture estim\u00e9e\" \/>\n\t<meta name=\"twitter:data2\" content=\"1 minute\" \/>\n<script type=\"application\/ld+json\" class=\"yoast-schema-graph\">{\"@context\":\"https:\\\/\\\/schema.org\",\"@graph\":[{\"@type\":\"NewsArticle\",\"@id\":\"https:\\\/\\\/www.webdo.tn\\\/fr\\\/actualite\\\/tech\\\/tunisie-telecom-a-la-5eme-edition-du-tunisia-digital-summit\\\/179056\\\/#article\",\"isPartOf\":{\"@id\":\"https:\\\/\\\/www.webdo.tn\\\/fr\\\/actualite\\\/tech\\\/tunisie-telecom-a-la-5eme-edition-du-tunisia-digital-summit\\\/179056\\\/\"},\"author\":{\"name\":\"webdo.tn\",\"@id\":\"https:\\\/\\\/www.webdo.tn\\\/fr\\\/#\\\/schema\\\/person\\\/9a9c6118d687c117df8ef3cc36a4d175\"},\"headline\":\"Tunisie Telecom \u00e0 la 5\u00e8me \u00e9dition du \u00ab\u00a0Tunisia Digital Summit\u00a0\u00bb\",\"datePublished\":\"2021-06-02T09:31:00+00:00\",\"dateModified\":\"2025-05-22T12:20:09+00:00\",\"mainEntityOfPage\":{\"@id\":\"https:\\\/\\\/www.webdo.tn\\\/fr\\\/actualite\\\/tech\\\/tunisie-telecom-a-la-5eme-edition-du-tunisia-digital-summit\\\/179056\\\/\"},\"wordCount\":163,\"commentCount\":0,\"publisher\":{\"@id\":\"https:\\\/\\\/www.webdo.tn\\\/fr\\\/#organization\"},\"image\":{\"@id\":\"https:\\\/\\\/www.webdo.tn\\\/fr\\\/actualite\\\/tech\\\/tunisie-telecom-a-la-5eme-edition-du-tunisia-digital-summit\\\/179056\\\/#primaryimage\"},\"thumbnailUrl\":\"https:\\\/\\\/www.webdo.tn\\\/fr\\\/wp-content\\\/uploads\\\/2025\\\/06\\\/TDS-696x385-1_179056.jpg\",\"articleSection\":[\"Tech\"],\"inLanguage\":\"fr-FR\"},{\"@type\":\"WebPage\",\"@id\":\"https:\\\/\\\/www.webdo.tn\\\/fr\\\/actualite\\\/tech\\\/tunisie-telecom-a-la-5eme-edition-du-tunisia-digital-summit\\\/179056\\\/\",\"url\":\"https:\\\/\\\/www.webdo.tn\\\/fr\\\/actualite\\\/tech\\\/tunisie-telecom-a-la-5eme-edition-du-tunisia-digital-summit\\\/179056\\\/\",\"name\":\"Tunisie Telecom \u00e0 la 5\u00e8me \u00e9dition du Tunisia Digital Summit\",\"isPartOf\":{\"@id\":\"https:\\\/\\\/www.webdo.tn\\\/fr\\\/#website\"},\"primaryImageOfPage\":{\"@id\":\"https:\\\/\\\/www.webdo.tn\\\/fr\\\/actualite\\\/tech\\\/tunisie-telecom-a-la-5eme-edition-du-tunisia-digital-summit\\\/179056\\\/#primaryimage\"},\"image\":{\"@id\":\"https:\\\/\\\/www.webdo.tn\\\/fr\\\/actualite\\\/tech\\\/tunisie-telecom-a-la-5eme-edition-du-tunisia-digital-summit\\\/179056\\\/#primaryimage\"},\"thumbnailUrl\":\"https:\\\/\\\/www.webdo.tn\\\/fr\\\/wp-content\\\/uploads\\\/2025\\\/06\\\/TDS-696x385-1_179056.jpg\",\"datePublished\":\"2021-06-02T09:31:00+00:00\",\"dateModified\":\"2025-05-22T12:20:09+00:00\",\"description\":\"Tunisie Telecom \u00e0 la 5\u00e8me \u00e9dition du Tunisia Digital Summit\",\"breadcrumb\":{\"@id\":\"https:\\\/\\\/www.webdo.tn\\\/fr\\\/actualite\\\/tech\\\/tunisie-telecom-a-la-5eme-edition-du-tunisia-digital-summit\\\/179056\\\/#breadcrumb\"},\"inLanguage\":\"fr-FR\",\"potentialAction\":[{\"@type\":\"ReadAction\",\"target\":[\"https:\\\/\\\/www.webdo.tn\\\/fr\\\/actualite\\\/tech\\\/tunisie-telecom-a-la-5eme-edition-du-tunisia-digital-summit\\\/179056\\\/\"]}]},{\"@type\":\"ImageObject\",\"inLanguage\":\"fr-FR\",\"@id\":\"https:\\\/\\\/www.webdo.tn\\\/fr\\\/actualite\\\/tech\\\/tunisie-telecom-a-la-5eme-edition-du-tunisia-digital-summit\\\/179056\\\/#primaryimage\",\"url\":\"https:\\\/\\\/www.webdo.tn\\\/fr\\\/wp-content\\\/uploads\\\/2025\\\/06\\\/TDS-696x385-1_179056.jpg\",\"contentUrl\":\"https:\\\/\\\/www.webdo.tn\\\/fr\\\/wp-content\\\/uploads\\\/2025\\\/06\\\/TDS-696x385-1_179056.jpg\",\"width\":696,\"height\":385,\"caption\":\"Tunisie Telecom \u00e0 la 5\u00e8me \u00e9dition du \\\"Tunisia Digital Summit\\\"\"},{\"@type\":\"BreadcrumbList\",\"@id\":\"https:\\\/\\\/www.webdo.tn\\\/fr\\\/actualite\\\/tech\\\/tunisie-telecom-a-la-5eme-edition-du-tunisia-digital-summit\\\/179056\\\/#breadcrumb\",\"itemListElement\":[{\"@type\":\"ListItem\",\"position\":1,\"name\":\"Accueil\",\"item\":\"https:\\\/\\\/www.webdo.tn\\\/fr\\\/\"},{\"@type\":\"ListItem\",\"position\":2,\"name\":\"Tunisie Telecom \u00e0 la 5\u00e8me \u00e9dition du \u00ab\u00a0Tunisia Digital Summit\u00a0\u00bb\"}]},{\"@type\":\"WebSite\",\"@id\":\"https:\\\/\\\/www.webdo.tn\\\/fr\\\/#website\",\"url\":\"https:\\\/\\\/www.webdo.tn\\\/fr\\\/\",\"name\":\"webdo\",\"description\":\"Tunisie - News en Tunisie et \u00e0 l&#039;international sur Webdo.tn\",\"publisher\":{\"@id\":\"https:\\\/\\\/www.webdo.tn\\\/fr\\\/#organization\"},\"potentialAction\":[{\"@type\":\"SearchAction\",\"target\":{\"@type\":\"EntryPoint\",\"urlTemplate\":\"https:\\\/\\\/www.webdo.tn\\\/fr\\\/?s={search_term_string}\"},\"query-input\":{\"@type\":\"PropertyValueSpecification\",\"valueRequired\":true,\"valueName\":\"search_term_string\"}}],\"inLanguage\":\"fr-FR\"},{\"@type\":\"Organization\",\"@id\":\"https:\\\/\\\/www.webdo.tn\\\/fr\\\/#organization\",\"name\":\"Webdo\",\"alternateName\":\"Webdo.tn\",\"url\":\"https:\\\/\\\/www.webdo.tn\\\/fr\\\/\",\"logo\":{\"@type\":\"ImageObject\",\"inLanguage\":\"fr-FR\",\"@id\":\"https:\\\/\\\/www.webdo.tn\\\/fr\\\/#\\\/schema\\\/logo\\\/image\\\/\",\"url\":\"https:\\\/\\\/www.webdo.tn\\\/fr\\\/wp-content\\\/uploads\\\/2025\\\/06\\\/Webdo-Tunisie_168377.jpg\",\"contentUrl\":\"https:\\\/\\\/www.webdo.tn\\\/fr\\\/wp-content\\\/uploads\\\/2025\\\/06\\\/Webdo-Tunisie_168377.jpg\",\"width\":301,\"height\":301,\"caption\":\"Webdo\"},\"image\":{\"@id\":\"https:\\\/\\\/www.webdo.tn\\\/fr\\\/#\\\/schema\\\/logo\\\/image\\\/\"},\"sameAs\":[\"https:\\\/\\\/www.facebook.com\\\/webdotn\",\"https:\\\/\\\/x.com\\\/webdo_tn\"],\"description\":\"Webdo est un m\u00e9dia num\u00e9rique tunisien fond\u00e9 en 2010, sp\u00e9cialis\u00e9 dans l\u2019actualit\u00e9 nationale et internationale, l\u2019\u00e9conomie, la soci\u00e9t\u00e9 et les analyses politiques. Le site s\u2019adresse \u00e0 un large public francophone et couvre l\u2019information tunisienne en temps r\u00e9el.\",\"email\":\"redac@webdo.tn\",\"legalName\":\"YNJ SARL\",\"foundingDate\":\"2010-09-06\",\"numberOfEmployees\":{\"@type\":\"QuantitativeValue\",\"minValue\":\"11\",\"maxValue\":\"50\"}},{\"@type\":\"Person\",\"@id\":\"https:\\\/\\\/www.webdo.tn\\\/fr\\\/#\\\/schema\\\/person\\\/9a9c6118d687c117df8ef3cc36a4d175\",\"name\":\"webdo.tn\",\"image\":{\"@type\":\"ImageObject\",\"inLanguage\":\"fr-FR\",\"@id\":\"https:\\\/\\\/secure.gravatar.com\\\/avatar\\\/7ce1f28c0c3bbac99ff550b85ef8e44a6950c6ee24514fb6a5489e51d06f0298?s=96&d=mm&r=g\",\"url\":\"https:\\\/\\\/secure.gravatar.com\\\/avatar\\\/7ce1f28c0c3bbac99ff550b85ef8e44a6950c6ee24514fb6a5489e51d06f0298?s=96&d=mm&r=g\",\"contentUrl\":\"https:\\\/\\\/secure.gravatar.com\\\/avatar\\\/7ce1f28c0c3bbac99ff550b85ef8e44a6950c6ee24514fb6a5489e51d06f0298?s=96&d=mm&r=g\",\"caption\":\"webdo.tn\"},\"url\":\"https:\\\/\\\/www.webdo.tn\\\/fr\\\/actualite\\\/author\\\/webdotn\\\/\"}]}<\/script>\n<!-- \/ Yoast SEO Premium plugin. -->","yoast_head_json":{"title":"Tunisie Telecom \u00e0 la 5\u00e8me \u00e9dition du Tunisia Digital Summit","description":"Tunisie Telecom \u00e0 la 5\u00e8me \u00e9dition du Tunisia Digital Summit","canonical":"https:\/\/www.webdo.tn\/fr\/actualite\/tech\/tunisie-telecom-a-la-5eme-edition-du-tunisia-digital-summit\/179056\/","og_locale":"fr_FR","og_type":"article","og_title":"Tunisie Telecom \u00e0 la 5\u00e8me \u00e9dition du \"Tunisia Digital Summit\"","og_description":"Tunisie Telecom \u00e0 la 5\u00e8me \u00e9dition du Tunisia Digital Summit","og_url":"https:\/\/www.webdo.tn\/fr\/actualite\/tech\/tunisie-telecom-a-la-5eme-edition-du-tunisia-digital-summit\/179056\/","og_site_name":"webdo","article_publisher":"https:\/\/www.facebook.com\/webdotn","article_published_time":"2021-06-02T09:31:00+00:00","article_modified_time":"2025-05-22T12:20:09+00:00","og_image":[{"width":696,"height":385,"url":"https:\/\/www.webdo.tn\/fr\/wp-content\/uploads\/2025\/06\/TDS-696x385-1_179056.jpg","type":"image\/jpeg"}],"author":"webdo.tn","twitter_card":"summary_large_image","twitter_creator":"@webdo_tn","twitter_site":"@webdo_tn","twitter_misc":{"\u00c9crit par":"webdo.tn","Dur\u00e9e de lecture estim\u00e9e":"1 minute"},"schema":{"@context":"https:\/\/schema.org","@graph":[{"@type":"NewsArticle","@id":"https:\/\/www.webdo.tn\/fr\/actualite\/tech\/tunisie-telecom-a-la-5eme-edition-du-tunisia-digital-summit\/179056\/#article","isPartOf":{"@id":"https:\/\/www.webdo.tn\/fr\/actualite\/tech\/tunisie-telecom-a-la-5eme-edition-du-tunisia-digital-summit\/179056\/"},"author":{"name":"webdo.tn","@id":"https:\/\/www.webdo.tn\/fr\/#\/schema\/person\/9a9c6118d687c117df8ef3cc36a4d175"},"headline":"Tunisie Telecom \u00e0 la 5\u00e8me \u00e9dition du \u00ab\u00a0Tunisia Digital Summit\u00a0\u00bb","datePublished":"2021-06-02T09:31:00+00:00","dateModified":"2025-05-22T12:20:09+00:00","mainEntityOfPage":{"@id":"https:\/\/www.webdo.tn\/fr\/actualite\/tech\/tunisie-telecom-a-la-5eme-edition-du-tunisia-digital-summit\/179056\/"},"wordCount":163,"commentCount":0,"publisher":{"@id":"https:\/\/www.webdo.tn\/fr\/#organization"},"image":{"@id":"https:\/\/www.webdo.tn\/fr\/actualite\/tech\/tunisie-telecom-a-la-5eme-edition-du-tunisia-digital-summit\/179056\/#primaryimage"},"thumbnailUrl":"https:\/\/www.webdo.tn\/fr\/wp-content\/uploads\/2025\/06\/TDS-696x385-1_179056.jpg","articleSection":["Tech"],"inLanguage":"fr-FR"},{"@type":"WebPage","@id":"https:\/\/www.webdo.tn\/fr\/actualite\/tech\/tunisie-telecom-a-la-5eme-edition-du-tunisia-digital-summit\/179056\/","url":"https:\/\/www.webdo.tn\/fr\/actualite\/tech\/tunisie-telecom-a-la-5eme-edition-du-tunisia-digital-summit\/179056\/","name":"Tunisie Telecom \u00e0 la 5\u00e8me \u00e9dition du Tunisia Digital Summit","isPartOf":{"@id":"https:\/\/www.webdo.tn\/fr\/#website"},"primaryImageOfPage":{"@id":"https:\/\/www.webdo.tn\/fr\/actualite\/tech\/tunisie-telecom-a-la-5eme-edition-du-tunisia-digital-summit\/179056\/#primaryimage"},"image":{"@id":"https:\/\/www.webdo.tn\/fr\/actualite\/tech\/tunisie-telecom-a-la-5eme-edition-du-tunisia-digital-summit\/179056\/#primaryimage"},"thumbnailUrl":"https:\/\/www.webdo.tn\/fr\/wp-content\/uploads\/2025\/06\/TDS-696x385-1_179056.jpg","datePublished":"2021-06-02T09:31:00+00:00","dateModified":"2025-05-22T12:20:09+00:00","description":"Tunisie Telecom \u00e0 la 5\u00e8me \u00e9dition du Tunisia Digital Summit","breadcrumb":{"@id":"https:\/\/www.webdo.tn\/fr\/actualite\/tech\/tunisie-telecom-a-la-5eme-edition-du-tunisia-digital-summit\/179056\/#breadcrumb"},"inLanguage":"fr-FR","potentialAction":[{"@type":"ReadAction","target":["https:\/\/www.webdo.tn\/fr\/actualite\/tech\/tunisie-telecom-a-la-5eme-edition-du-tunisia-digital-summit\/179056\/"]}]},{"@type":"ImageObject","inLanguage":"fr-FR","@id":"https:\/\/www.webdo.tn\/fr\/actualite\/tech\/tunisie-telecom-a-la-5eme-edition-du-tunisia-digital-summit\/179056\/#primaryimage","url":"https:\/\/www.webdo.tn\/fr\/wp-content\/uploads\/2025\/06\/TDS-696x385-1_179056.jpg","contentUrl":"https:\/\/www.webdo.tn\/fr\/wp-content\/uploads\/2025\/06\/TDS-696x385-1_179056.jpg","width":696,"height":385,"caption":"Tunisie Telecom \u00e0 la 5\u00e8me \u00e9dition du \"Tunisia Digital Summit\""},{"@type":"BreadcrumbList","@id":"https:\/\/www.webdo.tn\/fr\/actualite\/tech\/tunisie-telecom-a-la-5eme-edition-du-tunisia-digital-summit\/179056\/#breadcrumb","itemListElement":[{"@type":"ListItem","position":1,"name":"Accueil","item":"https:\/\/www.webdo.tn\/fr\/"},{"@type":"ListItem","position":2,"name":"Tunisie Telecom \u00e0 la 5\u00e8me \u00e9dition du \u00ab\u00a0Tunisia Digital Summit\u00a0\u00bb"}]},{"@type":"WebSite","@id":"https:\/\/www.webdo.tn\/fr\/#website","url":"https:\/\/www.webdo.tn\/fr\/","name":"webdo","description":"Tunisie - News en Tunisie et \u00e0 l&#039;international sur Webdo.tn","publisher":{"@id":"https:\/\/www.webdo.tn\/fr\/#organization"},"potentialAction":[{"@type":"SearchAction","target":{"@type":"EntryPoint","urlTemplate":"https:\/\/www.webdo.tn\/fr\/?s={search_term_string}"},"query-input":{"@type":"PropertyValueSpecification","valueRequired":true,"valueName":"search_term_string"}}],"inLanguage":"fr-FR"},{"@type":"Organization","@id":"https:\/\/www.webdo.tn\/fr\/#organization","name":"Webdo","alternateName":"Webdo.tn","url":"https:\/\/www.webdo.tn\/fr\/","logo":{"@type":"ImageObject","inLanguage":"fr-FR","@id":"https:\/\/www.webdo.tn\/fr\/#\/schema\/logo\/image\/","url":"https:\/\/www.webdo.tn\/fr\/wp-content\/uploads\/2025\/06\/Webdo-Tunisie_168377.jpg","contentUrl":"https:\/\/www.webdo.tn\/fr\/wp-content\/uploads\/2025\/06\/Webdo-Tunisie_168377.jpg","width":301,"height":301,"caption":"Webdo"},"image":{"@id":"https:\/\/www.webdo.tn\/fr\/#\/schema\/logo\/image\/"},"sameAs":["https:\/\/www.facebook.com\/webdotn","https:\/\/x.com\/webdo_tn"],"description":"Webdo est un m\u00e9dia num\u00e9rique tunisien fond\u00e9 en 2010, sp\u00e9cialis\u00e9 dans l\u2019actualit\u00e9 nationale et internationale, l\u2019\u00e9conomie, la soci\u00e9t\u00e9 et les analyses politiques. Le site s\u2019adresse \u00e0 un large public francophone et couvre l\u2019information tunisienne en temps r\u00e9el.","email":"redac@webdo.tn","legalName":"YNJ SARL","foundingDate":"2010-09-06","numberOfEmployees":{"@type":"QuantitativeValue","minValue":"11","maxValue":"50"}},{"@type":"Person","@id":"https:\/\/www.webdo.tn\/fr\/#\/schema\/person\/9a9c6118d687c117df8ef3cc36a4d175","name":"webdo.tn","image":{"@type":"ImageObject","inLanguage":"fr-FR","@id":"https:\/\/secure.gravatar.com\/avatar\/7ce1f28c0c3bbac99ff550b85ef8e44a6950c6ee24514fb6a5489e51d06f0298?s=96&d=mm&r=g","url":"https:\/\/secure.gravatar.com\/avatar\/7ce1f28c0c3bbac99ff550b85ef8e44a6950c6ee24514fb6a5489e51d06f0298?s=96&d=mm&r=g","contentUrl":"https:\/\/secure.gravatar.com\/avatar\/7ce1f28c0c3bbac99ff550b85ef8e44a6950c6ee24514fb6a5489e51d06f0298?s=96&d=mm&r=g","caption":"webdo.tn"},"url":"https:\/\/www.webdo.tn\/fr\/actualite\/author\/webdotn\/"}]}},"_links":{"self":[{"href":"https:\/\/www.webdo.tn\/fr\/wp-json\/wp\/v2\/posts\/179056","targetHints":{"allow":["GET"]}}],"collection":[{"href":"https:\/\/www.webdo.tn\/fr\/wp-json\/wp\/v2\/posts"}],"about":[{"href":"https:\/\/www.webdo.tn\/fr\/wp-json\/wp\/v2\/types\/post"}],"author":[{"embeddable":true,"href":"https:\/\/www.webdo.tn\/fr\/wp-json\/wp\/v2\/users\/3222"}],"replies":[{"embeddable":true,"href":"https:\/\/www.webdo.tn\/fr\/wp-json\/wp\/v2\/comments?post=179056"}],"version-history":[{"count":0,"href":"https:\/\/www.webdo.tn\/fr\/wp-json\/wp\/v2\/posts\/179056\/revisions"}],"wp:featuredmedia":[{"embeddable":true,"href":"https:\/\/www.webdo.tn\/fr\/wp-json\/wp\/v2\/media\/368833"}],"wp:attachment":[{"href":"https:\/\/www.webdo.tn\/fr\/wp-json\/wp\/v2\/media?parent=179056"}],"wp:term":[{"taxonomy":"category","embeddable":true,"href":"https:\/\/www.webdo.tn\/fr\/wp-json\/wp\/v2\/categories?post=179056"},{"taxonomy":"post_tag","embeddable":true,"href":"https:\/\/www.webdo.tn\/fr\/wp-json\/wp\/v2\/tags?post=179056"}],"curies":[{"name":"wp","href":"https:\/\/api.w.org\/{rel}","templated":true}]}}