{"id":178977,"date":"2011-08-03T16:02:00","date_gmt":"2011-08-03T16:02:00","guid":{"rendered":"https:\/\/www.webdo.tn\/fr\/actualite\/blog\/l-edito-les-rapaces\/178977\/"},"modified":"2011-08-03T16:02:00","modified_gmt":"2011-08-03T16:02:00","slug":"l-edito-les-rapaces","status":"publish","type":"post","link":"https:\/\/www.webdo.tn\/fr\/actualite\/edito\/l-edito-les-rapaces\/178977\/","title":{"rendered":"Les rapaces"},"content":{"rendered":"<p>La r\u00e9volution tunisienne a attis\u00e9 l\u2019opportunisme de certaines cat\u00e9gories sociales ou de certains hommes politiques les uns pour en tirer un profit en monnaie sonnantes et tr\u00e9buchantes, les autres pour arriver \u00e0 leurs ambitions pouvoir politiques.<\/p>\n<p>L\u2019histoire nous enseigne que chaque changement socio politique important \u2013 qu\u2019il soit partiel ou total, radical ou m\u00eame superficiel- par le fait d\u2019une guerre, d\u2019une r\u00e9volte, d\u2019un mouvement social ou d\u2019une r\u00e9volution produit la chute, ou du moins la contestation de leur domination, de certaines couches sociales au d\u00e9triment d\u2019autres qui grimpent dans l\u2019\u00e9chelle de la hi\u00e9rarchie \u00e9conomique ou politique.<\/p>\n<p>Le changement qui s\u2019est produit en Tunisie n\u2019a pas \u00e9chapp\u00e9 \u00e0 cette r\u00e8gle objective avec l\u2019apparition de deux types de rapaces\u00a0: ceux qui cherchent \u00e0 en tirer un profit p\u00e9cuniaire et ceux qui piaffent d\u2019impatience pour prendre les r\u00eanes du pouvoir.<\/p>\n<p>Les rapaces \u00e0 caract\u00e8re \u00e9conomique sont visibles \u00e0 l\u2019\u0153il nu, ne prenant pas en consid\u00e9ration les difficult\u00e9s \u00e9conomiques travers\u00e9es par le pays et la bourse des citoyens pour s\u2019adonner \u00e0 la sp\u00e9culation, au trafic des denr\u00e9es alimentaires, et de toutes sortes de produits contribuant \u00e0 l\u2019instauration d\u2019une inflation qui devient de plus en plus insupportable pour tous.<\/p>\n<p>Dans cette p\u00e9riode de pr\u00e9carit\u00e9, et o\u00f9 normalement tous les citoyens doivent s\u2019unir, mettre la main dans la main pour essayer de s\u2019en sortir ensemble en faisant preuve de solidarit\u00e9, d\u2019unit\u00e9 et de soutien mutuel, voil\u00e0 que des sp\u00e9culateurs compliquent leur vie quotidienne mettant d\u2019ailleurs gravement en danger une paix civile et sociale qui semble se r\u00e9installer  graduellement.<\/p>\n<p>Les rapaces politiques sont tout aussi voraces cherchant co\u00fbte que co\u00fbte, par tous les moyens, y compris par la malhonn\u00eatet\u00e9 ou la manipulation \u00e0 atteindre leurs objectifs, en ce temps de p\u00e9riode pr\u00e9\u00e9lectorale \u00e0 la course aux voix des citoyens.<\/p>\n<p>Le d\u00e9but de ce mois de Ramadan nous offre un exemple type de ce genre d\u2019opportunisme frappant, n\u2019ob\u00e9issant \u00e0 aucune r\u00e8gle de morale politique que chaque parti ou formation devrait respecter dans le contexte actuel de la Tunisie. Il s\u2019agit de l\u2019\u00e9mission de l\u2019un des fondateurs du mouvement islamiste en Tunisie, Abdelfatteh Mourou, qu\u2019il anime quotidiennement sur la cha\u00eene Hannibal. S\u2019il est vrai que la t\u00e9l\u00e9vision, sous l\u2019\u00e8re Ben Ali et aujourd\u2019hui, semble \u00e9veiller des vocations d\u2019animateurs de t\u00e9l\u00e9vision chez quelques \u00ab\u00a0honorables\u00a0\u00bb avocats, il n\u2019en est pas moins vrai que Mourou se d\u00e9couvre tardivement ce \u00ab\u00a0don\u00a0\u00bb\u00a0!<\/p>\n<p>Lui, qui se pr\u00e9sente depuis quelques temps comme le chantre de la tendance \u00ab\u00a0lib\u00e9rale\u00a0\u00bb chez les Islamistes, allant m\u00eame jusqu\u2019\u00e0 \u00ab\u00a0menacer\u00a0\u00bb de fonder sa propre formation politique, utilise des man\u0153uvres dilatoires et profite \u00e0 la fois de la complicit\u00e9 d\u2019un patron de presse loin d\u2019\u00eatre au dessus de tout soup\u00e7on (ses liens avec l\u2019ancien r\u00e9gime sont av\u00e9r\u00e9s sinon comment aurait-il pu b\u00e9n\u00e9ficier de l\u2019autorisation de cr\u00e9er sa cha\u00eene sans oublier l\u2019assistance et les avantages qu\u2019il avait pu obtenir), mais aussi du manque de fermet\u00e9 des autorit\u00e9s pour agir de la sorte.<\/p>\n<p>L\u2019administration se doit donc de r\u00e9agir pour remettre de l\u2019ordre dans les circuits \u00e9conomiques, mettre fin \u00e0 l\u2019anarchie terrible qui s\u00e9vit un peu partout (un petit tour du c\u00f4t\u00e9 de l\u2019Avenue Bourguiba \u00e0 Tunis le montre clairement) et dans le fonctionnement d\u2019autres institutions comme dans certains m\u00e9dias o\u00f9 la recherche du sensationnel ou tout simplement d\u2019objectifs strictement personnels sont entrain de \u00ab\u00a0re-prendre\u00a0\u00bb le pas sur les grands principes d\u2019impartialit\u00e9 et d\u2019objectivit\u00e9 qui devraient caract\u00e9riser leur attitude.<\/p>\n<p>Aujourd\u2019hui, ces rapaces qui veulent fondre sur la Tunisie devraient faire l\u2019objet d\u2019une r\u00e9action vigoureuse de la part d\u2019abord de la soci\u00e9t\u00e9 civile, avec toutes ses composantes, et ensuite du gouvernement provisoire qui doit assumer ses responsabilit\u00e9s face \u00e0 ces dangereuses d\u00e9rives.<\/p>\n","protected":false},"excerpt":{"rendered":"<p>Les rapaces<\/p>\n","protected":false},"author":3222,"featured_media":365193,"comment_status":"open","ping_status":"closed","sticky":false,"template":"","format":"standard","meta":{"footnotes":""},"categories":[2589],"tags":[],"class_list":["post-178977","post","type-post","status-publish","format-standard","has-post-thumbnail","hentry","category-edito"],"yoast_head":"<!-- This site is optimized with the Yoast SEO Premium plugin v27.4 (Yoast SEO v27.5) - https:\/\/yoast.com\/product\/yoast-seo-premium-wordpress\/ -->\n<title>Les rapaces<\/title>\n<meta name=\"description\" content=\"Les rapaces\" \/>\n<link rel=\"canonical\" href=\"https:\/\/www.webdo.tn\/fr\/actualite\/edito\/l-edito-les-rapaces\/178977\/\" \/>\n<meta property=\"og:locale\" content=\"fr_FR\" \/>\n<meta property=\"og:type\" content=\"article\" \/>\n<meta property=\"og:title\" content=\"Les rapaces\" \/>\n<meta property=\"og:description\" content=\"Les rapaces\" \/>\n<meta property=\"og:url\" content=\"https:\/\/www.webdo.tn\/fr\/actualite\/edito\/l-edito-les-rapaces\/178977\/\" \/>\n<meta property=\"og:site_name\" content=\"webdo\" \/>\n<meta property=\"article:publisher\" content=\"https:\/\/www.facebook.com\/webdotn\" \/>\n<meta property=\"article:published_time\" content=\"2011-08-03T16:02:00+00:00\" \/>\n<meta property=\"og:image\" content=\"https:\/\/www.webdo.tn\/fr\/wp-content\/uploads\/2011\/08\/Rapace.jpg\" \/>\n\t<meta property=\"og:image:width\" content=\"216\" \/>\n\t<meta property=\"og:image:height\" content=\"252\" \/>\n\t<meta property=\"og:image:type\" content=\"image\/jpeg\" \/>\n<meta name=\"author\" content=\"webdo.tn\" \/>\n<meta name=\"twitter:card\" content=\"summary_large_image\" \/>\n<meta name=\"twitter:creator\" content=\"@webdo_tn\" \/>\n<meta name=\"twitter:site\" content=\"@webdo_tn\" \/>\n<meta name=\"twitter:label1\" content=\"\u00c9crit par\" \/>\n\t<meta name=\"twitter:data1\" content=\"webdo.tn\" \/>\n\t<meta name=\"twitter:label2\" content=\"Dur\u00e9e de lecture estim\u00e9e\" \/>\n\t<meta name=\"twitter:data2\" content=\"3 minutes\" \/>\n<script type=\"application\/ld+json\" class=\"yoast-schema-graph\">{\"@context\":\"https:\\\/\\\/schema.org\",\"@graph\":[{\"@type\":\"NewsArticle\",\"@id\":\"https:\\\/\\\/www.webdo.tn\\\/fr\\\/actualite\\\/edito\\\/l-edito-les-rapaces\\\/178977\\\/#article\",\"isPartOf\":{\"@id\":\"https:\\\/\\\/www.webdo.tn\\\/fr\\\/actualite\\\/edito\\\/l-edito-les-rapaces\\\/178977\\\/\"},\"author\":{\"name\":\"webdo.tn\",\"@id\":\"https:\\\/\\\/www.webdo.tn\\\/fr\\\/#\\\/schema\\\/person\\\/9a9c6118d687c117df8ef3cc36a4d175\"},\"headline\":\"Les rapaces\",\"datePublished\":\"2011-08-03T16:02:00+00:00\",\"mainEntityOfPage\":{\"@id\":\"https:\\\/\\\/www.webdo.tn\\\/fr\\\/actualite\\\/edito\\\/l-edito-les-rapaces\\\/178977\\\/\"},\"wordCount\":691,\"commentCount\":0,\"publisher\":{\"@id\":\"https:\\\/\\\/www.webdo.tn\\\/fr\\\/#organization\"},\"image\":{\"@id\":\"https:\\\/\\\/www.webdo.tn\\\/fr\\\/actualite\\\/edito\\\/l-edito-les-rapaces\\\/178977\\\/#primaryimage\"},\"thumbnailUrl\":\"https:\\\/\\\/www.webdo.tn\\\/fr\\\/wp-content\\\/uploads\\\/2011\\\/08\\\/Rapace.jpg\",\"articleSection\":[\"Edito\"],\"inLanguage\":\"fr-FR\"},{\"@type\":\"WebPage\",\"@id\":\"https:\\\/\\\/www.webdo.tn\\\/fr\\\/actualite\\\/edito\\\/l-edito-les-rapaces\\\/178977\\\/\",\"url\":\"https:\\\/\\\/www.webdo.tn\\\/fr\\\/actualite\\\/edito\\\/l-edito-les-rapaces\\\/178977\\\/\",\"name\":\"Les rapaces\",\"isPartOf\":{\"@id\":\"https:\\\/\\\/www.webdo.tn\\\/fr\\\/#website\"},\"primaryImageOfPage\":{\"@id\":\"https:\\\/\\\/www.webdo.tn\\\/fr\\\/actualite\\\/edito\\\/l-edito-les-rapaces\\\/178977\\\/#primaryimage\"},\"image\":{\"@id\":\"https:\\\/\\\/www.webdo.tn\\\/fr\\\/actualite\\\/edito\\\/l-edito-les-rapaces\\\/178977\\\/#primaryimage\"},\"thumbnailUrl\":\"https:\\\/\\\/www.webdo.tn\\\/fr\\\/wp-content\\\/uploads\\\/2011\\\/08\\\/Rapace.jpg\",\"datePublished\":\"2011-08-03T16:02:00+00:00\",\"description\":\"Les rapaces\",\"breadcrumb\":{\"@id\":\"https:\\\/\\\/www.webdo.tn\\\/fr\\\/actualite\\\/edito\\\/l-edito-les-rapaces\\\/178977\\\/#breadcrumb\"},\"inLanguage\":\"fr-FR\",\"potentialAction\":[{\"@type\":\"ReadAction\",\"target\":[\"https:\\\/\\\/www.webdo.tn\\\/fr\\\/actualite\\\/edito\\\/l-edito-les-rapaces\\\/178977\\\/\"]}]},{\"@type\":\"ImageObject\",\"inLanguage\":\"fr-FR\",\"@id\":\"https:\\\/\\\/www.webdo.tn\\\/fr\\\/actualite\\\/edito\\\/l-edito-les-rapaces\\\/178977\\\/#primaryimage\",\"url\":\"https:\\\/\\\/www.webdo.tn\\\/fr\\\/wp-content\\\/uploads\\\/2011\\\/08\\\/Rapace.jpg\",\"contentUrl\":\"https:\\\/\\\/www.webdo.tn\\\/fr\\\/wp-content\\\/uploads\\\/2011\\\/08\\\/Rapace.jpg\",\"width\":216,\"height\":252,\"caption\":\"Les rapaces\"},{\"@type\":\"BreadcrumbList\",\"@id\":\"https:\\\/\\\/www.webdo.tn\\\/fr\\\/actualite\\\/edito\\\/l-edito-les-rapaces\\\/178977\\\/#breadcrumb\",\"itemListElement\":[{\"@type\":\"ListItem\",\"position\":1,\"name\":\"Accueil\",\"item\":\"https:\\\/\\\/www.webdo.tn\\\/fr\\\/\"},{\"@type\":\"ListItem\",\"position\":2,\"name\":\"Les rapaces\"}]},{\"@type\":\"WebSite\",\"@id\":\"https:\\\/\\\/www.webdo.tn\\\/fr\\\/#website\",\"url\":\"https:\\\/\\\/www.webdo.tn\\\/fr\\\/\",\"name\":\"webdo\",\"description\":\"Tunisie - News en Tunisie et \u00e0 l&#039;international sur Webdo.tn\",\"publisher\":{\"@id\":\"https:\\\/\\\/www.webdo.tn\\\/fr\\\/#organization\"},\"potentialAction\":[{\"@type\":\"SearchAction\",\"target\":{\"@type\":\"EntryPoint\",\"urlTemplate\":\"https:\\\/\\\/www.webdo.tn\\\/fr\\\/?s={search_term_string}\"},\"query-input\":{\"@type\":\"PropertyValueSpecification\",\"valueRequired\":true,\"valueName\":\"search_term_string\"}}],\"inLanguage\":\"fr-FR\"},{\"@type\":\"Organization\",\"@id\":\"https:\\\/\\\/www.webdo.tn\\\/fr\\\/#organization\",\"name\":\"Webdo\",\"alternateName\":\"Webdo.tn\",\"url\":\"https:\\\/\\\/www.webdo.tn\\\/fr\\\/\",\"logo\":{\"@type\":\"ImageObject\",\"inLanguage\":\"fr-FR\",\"@id\":\"https:\\\/\\\/www.webdo.tn\\\/fr\\\/#\\\/schema\\\/logo\\\/image\\\/\",\"url\":\"https:\\\/\\\/www.webdo.tn\\\/fr\\\/wp-content\\\/uploads\\\/2025\\\/06\\\/Webdo-Tunisie_168377.jpg\",\"contentUrl\":\"https:\\\/\\\/www.webdo.tn\\\/fr\\\/wp-content\\\/uploads\\\/2025\\\/06\\\/Webdo-Tunisie_168377.jpg\",\"width\":301,\"height\":301,\"caption\":\"Webdo\"},\"image\":{\"@id\":\"https:\\\/\\\/www.webdo.tn\\\/fr\\\/#\\\/schema\\\/logo\\\/image\\\/\"},\"sameAs\":[\"https:\\\/\\\/www.facebook.com\\\/webdotn\",\"https:\\\/\\\/x.com\\\/webdo_tn\"],\"description\":\"Webdo est un m\u00e9dia num\u00e9rique tunisien fond\u00e9 en 2010, sp\u00e9cialis\u00e9 dans l\u2019actualit\u00e9 nationale et internationale, l\u2019\u00e9conomie, la soci\u00e9t\u00e9 et les analyses politiques. Le site s\u2019adresse \u00e0 un large public francophone et couvre l\u2019information tunisienne en temps r\u00e9el.\",\"email\":\"redac@webdo.tn\",\"legalName\":\"YNJ SARL\",\"foundingDate\":\"2010-09-06\",\"numberOfEmployees\":{\"@type\":\"QuantitativeValue\",\"minValue\":\"11\",\"maxValue\":\"50\"}},{\"@type\":\"Person\",\"@id\":\"https:\\\/\\\/www.webdo.tn\\\/fr\\\/#\\\/schema\\\/person\\\/9a9c6118d687c117df8ef3cc36a4d175\",\"name\":\"webdo.tn\",\"image\":{\"@type\":\"ImageObject\",\"inLanguage\":\"fr-FR\",\"@id\":\"https:\\\/\\\/secure.gravatar.com\\\/avatar\\\/7ce1f28c0c3bbac99ff550b85ef8e44a6950c6ee24514fb6a5489e51d06f0298?s=96&d=mm&r=g\",\"url\":\"https:\\\/\\\/secure.gravatar.com\\\/avatar\\\/7ce1f28c0c3bbac99ff550b85ef8e44a6950c6ee24514fb6a5489e51d06f0298?s=96&d=mm&r=g\",\"contentUrl\":\"https:\\\/\\\/secure.gravatar.com\\\/avatar\\\/7ce1f28c0c3bbac99ff550b85ef8e44a6950c6ee24514fb6a5489e51d06f0298?s=96&d=mm&r=g\",\"caption\":\"webdo.tn\"},\"url\":\"https:\\\/\\\/www.webdo.tn\\\/fr\\\/actualite\\\/author\\\/webdotn\\\/\"}]}<\/script>\n<!-- \/ Yoast SEO Premium plugin. -->","yoast_head_json":{"title":"Les rapaces","description":"Les rapaces","canonical":"https:\/\/www.webdo.tn\/fr\/actualite\/edito\/l-edito-les-rapaces\/178977\/","og_locale":"fr_FR","og_type":"article","og_title":"Les rapaces","og_description":"Les rapaces","og_url":"https:\/\/www.webdo.tn\/fr\/actualite\/edito\/l-edito-les-rapaces\/178977\/","og_site_name":"webdo","article_publisher":"https:\/\/www.facebook.com\/webdotn","article_published_time":"2011-08-03T16:02:00+00:00","og_image":[{"width":216,"height":252,"url":"https:\/\/www.webdo.tn\/fr\/wp-content\/uploads\/2011\/08\/Rapace.jpg","type":"image\/jpeg"}],"author":"webdo.tn","twitter_card":"summary_large_image","twitter_creator":"@webdo_tn","twitter_site":"@webdo_tn","twitter_misc":{"\u00c9crit par":"webdo.tn","Dur\u00e9e de lecture estim\u00e9e":"3 minutes"},"schema":{"@context":"https:\/\/schema.org","@graph":[{"@type":"NewsArticle","@id":"https:\/\/www.webdo.tn\/fr\/actualite\/edito\/l-edito-les-rapaces\/178977\/#article","isPartOf":{"@id":"https:\/\/www.webdo.tn\/fr\/actualite\/edito\/l-edito-les-rapaces\/178977\/"},"author":{"name":"webdo.tn","@id":"https:\/\/www.webdo.tn\/fr\/#\/schema\/person\/9a9c6118d687c117df8ef3cc36a4d175"},"headline":"Les rapaces","datePublished":"2011-08-03T16:02:00+00:00","mainEntityOfPage":{"@id":"https:\/\/www.webdo.tn\/fr\/actualite\/edito\/l-edito-les-rapaces\/178977\/"},"wordCount":691,"commentCount":0,"publisher":{"@id":"https:\/\/www.webdo.tn\/fr\/#organization"},"image":{"@id":"https:\/\/www.webdo.tn\/fr\/actualite\/edito\/l-edito-les-rapaces\/178977\/#primaryimage"},"thumbnailUrl":"https:\/\/www.webdo.tn\/fr\/wp-content\/uploads\/2011\/08\/Rapace.jpg","articleSection":["Edito"],"inLanguage":"fr-FR"},{"@type":"WebPage","@id":"https:\/\/www.webdo.tn\/fr\/actualite\/edito\/l-edito-les-rapaces\/178977\/","url":"https:\/\/www.webdo.tn\/fr\/actualite\/edito\/l-edito-les-rapaces\/178977\/","name":"Les rapaces","isPartOf":{"@id":"https:\/\/www.webdo.tn\/fr\/#website"},"primaryImageOfPage":{"@id":"https:\/\/www.webdo.tn\/fr\/actualite\/edito\/l-edito-les-rapaces\/178977\/#primaryimage"},"image":{"@id":"https:\/\/www.webdo.tn\/fr\/actualite\/edito\/l-edito-les-rapaces\/178977\/#primaryimage"},"thumbnailUrl":"https:\/\/www.webdo.tn\/fr\/wp-content\/uploads\/2011\/08\/Rapace.jpg","datePublished":"2011-08-03T16:02:00+00:00","description":"Les rapaces","breadcrumb":{"@id":"https:\/\/www.webdo.tn\/fr\/actualite\/edito\/l-edito-les-rapaces\/178977\/#breadcrumb"},"inLanguage":"fr-FR","potentialAction":[{"@type":"ReadAction","target":["https:\/\/www.webdo.tn\/fr\/actualite\/edito\/l-edito-les-rapaces\/178977\/"]}]},{"@type":"ImageObject","inLanguage":"fr-FR","@id":"https:\/\/www.webdo.tn\/fr\/actualite\/edito\/l-edito-les-rapaces\/178977\/#primaryimage","url":"https:\/\/www.webdo.tn\/fr\/wp-content\/uploads\/2011\/08\/Rapace.jpg","contentUrl":"https:\/\/www.webdo.tn\/fr\/wp-content\/uploads\/2011\/08\/Rapace.jpg","width":216,"height":252,"caption":"Les rapaces"},{"@type":"BreadcrumbList","@id":"https:\/\/www.webdo.tn\/fr\/actualite\/edito\/l-edito-les-rapaces\/178977\/#breadcrumb","itemListElement":[{"@type":"ListItem","position":1,"name":"Accueil","item":"https:\/\/www.webdo.tn\/fr\/"},{"@type":"ListItem","position":2,"name":"Les rapaces"}]},{"@type":"WebSite","@id":"https:\/\/www.webdo.tn\/fr\/#website","url":"https:\/\/www.webdo.tn\/fr\/","name":"webdo","description":"Tunisie - News en Tunisie et \u00e0 l&#039;international sur Webdo.tn","publisher":{"@id":"https:\/\/www.webdo.tn\/fr\/#organization"},"potentialAction":[{"@type":"SearchAction","target":{"@type":"EntryPoint","urlTemplate":"https:\/\/www.webdo.tn\/fr\/?s={search_term_string}"},"query-input":{"@type":"PropertyValueSpecification","valueRequired":true,"valueName":"search_term_string"}}],"inLanguage":"fr-FR"},{"@type":"Organization","@id":"https:\/\/www.webdo.tn\/fr\/#organization","name":"Webdo","alternateName":"Webdo.tn","url":"https:\/\/www.webdo.tn\/fr\/","logo":{"@type":"ImageObject","inLanguage":"fr-FR","@id":"https:\/\/www.webdo.tn\/fr\/#\/schema\/logo\/image\/","url":"https:\/\/www.webdo.tn\/fr\/wp-content\/uploads\/2025\/06\/Webdo-Tunisie_168377.jpg","contentUrl":"https:\/\/www.webdo.tn\/fr\/wp-content\/uploads\/2025\/06\/Webdo-Tunisie_168377.jpg","width":301,"height":301,"caption":"Webdo"},"image":{"@id":"https:\/\/www.webdo.tn\/fr\/#\/schema\/logo\/image\/"},"sameAs":["https:\/\/www.facebook.com\/webdotn","https:\/\/x.com\/webdo_tn"],"description":"Webdo est un m\u00e9dia num\u00e9rique tunisien fond\u00e9 en 2010, sp\u00e9cialis\u00e9 dans l\u2019actualit\u00e9 nationale et internationale, l\u2019\u00e9conomie, la soci\u00e9t\u00e9 et les analyses politiques. Le site s\u2019adresse \u00e0 un large public francophone et couvre l\u2019information tunisienne en temps r\u00e9el.","email":"redac@webdo.tn","legalName":"YNJ SARL","foundingDate":"2010-09-06","numberOfEmployees":{"@type":"QuantitativeValue","minValue":"11","maxValue":"50"}},{"@type":"Person","@id":"https:\/\/www.webdo.tn\/fr\/#\/schema\/person\/9a9c6118d687c117df8ef3cc36a4d175","name":"webdo.tn","image":{"@type":"ImageObject","inLanguage":"fr-FR","@id":"https:\/\/secure.gravatar.com\/avatar\/7ce1f28c0c3bbac99ff550b85ef8e44a6950c6ee24514fb6a5489e51d06f0298?s=96&d=mm&r=g","url":"https:\/\/secure.gravatar.com\/avatar\/7ce1f28c0c3bbac99ff550b85ef8e44a6950c6ee24514fb6a5489e51d06f0298?s=96&d=mm&r=g","contentUrl":"https:\/\/secure.gravatar.com\/avatar\/7ce1f28c0c3bbac99ff550b85ef8e44a6950c6ee24514fb6a5489e51d06f0298?s=96&d=mm&r=g","caption":"webdo.tn"},"url":"https:\/\/www.webdo.tn\/fr\/actualite\/author\/webdotn\/"}]}},"_links":{"self":[{"href":"https:\/\/www.webdo.tn\/fr\/wp-json\/wp\/v2\/posts\/178977","targetHints":{"allow":["GET"]}}],"collection":[{"href":"https:\/\/www.webdo.tn\/fr\/wp-json\/wp\/v2\/posts"}],"about":[{"href":"https:\/\/www.webdo.tn\/fr\/wp-json\/wp\/v2\/types\/post"}],"author":[{"embeddable":true,"href":"https:\/\/www.webdo.tn\/fr\/wp-json\/wp\/v2\/users\/3222"}],"replies":[{"embeddable":true,"href":"https:\/\/www.webdo.tn\/fr\/wp-json\/wp\/v2\/comments?post=178977"}],"version-history":[{"count":0,"href":"https:\/\/www.webdo.tn\/fr\/wp-json\/wp\/v2\/posts\/178977\/revisions"}],"wp:featuredmedia":[{"embeddable":true,"href":"https:\/\/www.webdo.tn\/fr\/wp-json\/wp\/v2\/media\/365193"}],"wp:attachment":[{"href":"https:\/\/www.webdo.tn\/fr\/wp-json\/wp\/v2\/media?parent=178977"}],"wp:term":[{"taxonomy":"category","embeddable":true,"href":"https:\/\/www.webdo.tn\/fr\/wp-json\/wp\/v2\/categories?post=178977"},{"taxonomy":"post_tag","embeddable":true,"href":"https:\/\/www.webdo.tn\/fr\/wp-json\/wp\/v2\/tags?post=178977"}],"curies":[{"name":"wp","href":"https:\/\/api.w.org\/{rel}","templated":true}]}}