{"id":178969,"date":"2011-09-29T15:08:00","date_gmt":"2011-09-29T15:08:00","guid":{"rendered":"https:\/\/www.webdo.tn\/fr\/blog\/le-point-de-lotfi-larguet-culture\/178969\/"},"modified":"2011-09-29T15:08:00","modified_gmt":"2011-09-29T15:08:00","slug":"le-point-de-lotfi-larguet-culture","status":"publish","type":"post","link":"https:\/\/www.webdo.tn\/fr\/actualite\/edito\/le-point-de-lotfi-larguet-culture\/178969\/","title":{"rendered":"Culture"},"content":{"rendered":"<p>La sc\u00e8ne politique de la Tunisie se caract\u00e9rise ces derniers jours par une accalmie certaine, les listes candidates aux \u00e9lections de l\u2019Assembl\u00e9e Constituante fourbissant \u00ab leurs armes \u00bb en vue de lancer leur campagne \u00e9lectorale.<\/p>\n<p>En revanche, certains secteurs continuent de souffrir malgr\u00e9 les efforts \u00e9normes, et parfois d\u00e9sesp\u00e9r\u00e9s, de leurs acteurs de poursuivre leurs activit\u00e9s. Le secteur auquel on peut s\u2019int\u00e9resser aujourd\u2019hui est le secteur culturel qui n\u2019a pas retenu outre mesure l\u2019attention des partis politiques, y compris les plus importants, que ce soit dans leurs discours ou dans leurs programmes. Ces derniers se sont content\u00e9s tout simplement de d\u00e9finir quelques vagues principes et quelques slogans pompeux et passe-partout pour pr\u00e9senter leurs propres visions de la chose culturelle et du devenir des activit\u00e9s culturelles dans la Tunisie du futur.<\/p>\n<p>Parmi les questions qui retiennent l\u2019attention, nous pouvons relever deux faits inqui\u00e9tants et qui devraient mobiliser les principaux acteurs de la vie politique nationale. Curieusement, et mis \u00e0 part le gouvernement transitoire qui a pris quelques mesures int\u00e9ressantes, les partis politiques ont fait preuve d\u2019un silence assourdissant face aux atteintes enregistr\u00e9es dans le domaine culturel.<\/p>\n<p>En effet, la reprise des travaux de construction dans la zone hautement arch\u00e9ologique de la Maalga, zone connue pour son riche et inestimable patrimoine carthaginois et romain, n\u2019a engendr\u00e9 que la r\u00e9action de centaines de citoyens \u00e9clair\u00e9s qui ont initi\u00e9 des actions de nature \u00e0 attirer l\u2019attention des autorit\u00e9s municipales de la r\u00e9gion et \u00e0 les pousser \u00e0 r\u00e9agir.<\/p>\n<p>Le second fait que nous citons est cette d\u00e9cision \u00e9manant de la direction d\u2019un h\u00f4tel de la capitale de diff\u00e9rer la r\u00e9ouverture de l\u2019espace \u00ab Africart \u00bb, le seul qui se bat depuis plus de quatre ans pour la remise en selle du cin\u00e9ma d\u2019art et d\u2019essai dans notre pays ; mais qui fut, rappelez-vous-en, la cible de quelques illumin\u00e9s qui \u00e9taient venus y exercer leur terrorisme intellectuel \u00e0 l\u2019occasion du fameux film documentaire de Nadia Fani. Aujourd\u2019hui, alors que la salle n\u2019a besoin que d\u2019une b\u00e9nigne r\u00e9paration, des vitres bris\u00e9es, la direction de l\u2019h\u00f4tel a renvoy\u00e9 aux calendes grecques sa r\u00e9ouverture. Et, on ignore si cet espace reverra le jour !<\/p>\n<p>Or, nul n\u2019ignore le d\u00e9sert culturel instaur\u00e9 par le r\u00e9gime d\u00e9chu lequel a mis au pas les artistes et les gens de culture pour les remplacer par des \u00ab larbins \u00bb qui ne cessaient de l\u2019encenser tout en contribuant \u00e0 l\u2019ab\u00eatissement de la jeunesse et du peuple. Ainsi, on a vu mourir \u00e0 petits feux des salles de cin\u00e9ma, remplac\u00e9s par des espaces commerciaux contrairement aux textes qui interdisent cette reconversion, les espaces th\u00e9\u00e2traux, les cin\u00e9-clubs, le cin\u00e9ma amateur, la bonne musique, l\u2019\u00e9dition, etc.<\/p>\n<p>Or la Tunisie de demain ne pourra pas se construire sans les hommes de culture. Les efforts et les mesures pour remettre au go\u00fbt du jour les salles de cin\u00e9ma et de spectacle, les th\u00e9\u00e2tres, les maisons de culture, et autres espaces et activit\u00e9s culturels doivent \u00eatre soutenus pour redonner un autre contenu \u00e0 la culture de notre pays, tout en garantissant la libert\u00e9 d\u2019expression \u00e0 tous les artistes. Car sans libert\u00e9, il n\u2019y a pas d\u2019art, ni de culture.<\/p>\n","protected":false},"excerpt":{"rendered":"<p>Culture<\/p>\n","protected":false},"author":3222,"featured_media":334012,"comment_status":"open","ping_status":"closed","sticky":false,"template":"","format":"standard","meta":{"footnotes":""},"categories":[2589],"tags":[2600],"class_list":["post-178969","post","type-post","status-publish","format-standard","has-post-thumbnail","hentry","category-edito","tag-guerre"],"yoast_head":"<!-- This site is optimized with the Yoast SEO Premium plugin v27.4 (Yoast SEO v27.5) - https:\/\/yoast.com\/product\/yoast-seo-premium-wordpress\/ -->\n<title>Culture<\/title>\n<meta name=\"description\" content=\"Culture\" \/>\n<link rel=\"canonical\" href=\"https:\/\/www.webdo.tn\/fr\/actualite\/edito\/le-point-de-lotfi-larguet-culture\/178969\/\" \/>\n<meta property=\"og:locale\" content=\"fr_FR\" \/>\n<meta property=\"og:type\" content=\"article\" \/>\n<meta property=\"og:title\" content=\"Culture\" \/>\n<meta property=\"og:description\" content=\"Culture\" \/>\n<meta property=\"og:url\" content=\"https:\/\/www.webdo.tn\/fr\/actualite\/edito\/le-point-de-lotfi-larguet-culture\/178969\/\" \/>\n<meta property=\"og:site_name\" content=\"webdo\" \/>\n<meta property=\"article:publisher\" content=\"https:\/\/www.facebook.com\/webdotn\" \/>\n<meta property=\"article:published_time\" content=\"2011-09-29T15:08:00+00:00\" \/>\n<meta property=\"og:image\" content=\"https:\/\/www.webdo.tn\/fr\/wp-content\/uploads\/2011\/09\/Art-photo-easyvectors.com_.jpg\" \/>\n\t<meta property=\"og:image:width\" content=\"255\" \/>\n\t<meta property=\"og:image:height\" content=\"191\" \/>\n\t<meta property=\"og:image:type\" content=\"image\/jpeg\" \/>\n<meta name=\"author\" content=\"webdo.tn\" \/>\n<meta name=\"twitter:card\" content=\"summary_large_image\" \/>\n<meta name=\"twitter:creator\" content=\"@webdo_tn\" \/>\n<meta name=\"twitter:site\" content=\"@webdo_tn\" \/>\n<meta name=\"twitter:label1\" content=\"\u00c9crit par\" \/>\n\t<meta name=\"twitter:data1\" content=\"webdo.tn\" \/>\n\t<meta name=\"twitter:label2\" content=\"Dur\u00e9e de lecture estim\u00e9e\" \/>\n\t<meta name=\"twitter:data2\" content=\"3 minutes\" \/>\n<script type=\"application\/ld+json\" class=\"yoast-schema-graph\">{\"@context\":\"https:\\\/\\\/schema.org\",\"@graph\":[{\"@type\":\"NewsArticle\",\"@id\":\"https:\\\/\\\/www.webdo.tn\\\/fr\\\/actualite\\\/edito\\\/le-point-de-lotfi-larguet-culture\\\/178969\\\/#article\",\"isPartOf\":{\"@id\":\"https:\\\/\\\/www.webdo.tn\\\/fr\\\/actualite\\\/edito\\\/le-point-de-lotfi-larguet-culture\\\/178969\\\/\"},\"author\":{\"name\":\"webdo.tn\",\"@id\":\"https:\\\/\\\/www.webdo.tn\\\/fr\\\/#\\\/schema\\\/person\\\/9a9c6118d687c117df8ef3cc36a4d175\"},\"headline\":\"Culture\",\"datePublished\":\"2011-09-29T15:08:00+00:00\",\"mainEntityOfPage\":{\"@id\":\"https:\\\/\\\/www.webdo.tn\\\/fr\\\/actualite\\\/edito\\\/le-point-de-lotfi-larguet-culture\\\/178969\\\/\"},\"wordCount\":574,\"commentCount\":0,\"publisher\":{\"@id\":\"https:\\\/\\\/www.webdo.tn\\\/fr\\\/#organization\"},\"image\":{\"@id\":\"https:\\\/\\\/www.webdo.tn\\\/fr\\\/actualite\\\/edito\\\/le-point-de-lotfi-larguet-culture\\\/178969\\\/#primaryimage\"},\"thumbnailUrl\":\"https:\\\/\\\/www.webdo.tn\\\/fr\\\/wp-content\\\/uploads\\\/2011\\\/09\\\/Art-photo-easyvectors.com_.jpg\",\"keywords\":[\"guerre\"],\"articleSection\":[\"Edito\"],\"inLanguage\":\"fr-FR\"},{\"@type\":\"WebPage\",\"@id\":\"https:\\\/\\\/www.webdo.tn\\\/fr\\\/actualite\\\/edito\\\/le-point-de-lotfi-larguet-culture\\\/178969\\\/\",\"url\":\"https:\\\/\\\/www.webdo.tn\\\/fr\\\/actualite\\\/edito\\\/le-point-de-lotfi-larguet-culture\\\/178969\\\/\",\"name\":\"Culture\",\"isPartOf\":{\"@id\":\"https:\\\/\\\/www.webdo.tn\\\/fr\\\/#website\"},\"primaryImageOfPage\":{\"@id\":\"https:\\\/\\\/www.webdo.tn\\\/fr\\\/actualite\\\/edito\\\/le-point-de-lotfi-larguet-culture\\\/178969\\\/#primaryimage\"},\"image\":{\"@id\":\"https:\\\/\\\/www.webdo.tn\\\/fr\\\/actualite\\\/edito\\\/le-point-de-lotfi-larguet-culture\\\/178969\\\/#primaryimage\"},\"thumbnailUrl\":\"https:\\\/\\\/www.webdo.tn\\\/fr\\\/wp-content\\\/uploads\\\/2011\\\/09\\\/Art-photo-easyvectors.com_.jpg\",\"datePublished\":\"2011-09-29T15:08:00+00:00\",\"description\":\"Culture\",\"breadcrumb\":{\"@id\":\"https:\\\/\\\/www.webdo.tn\\\/fr\\\/actualite\\\/edito\\\/le-point-de-lotfi-larguet-culture\\\/178969\\\/#breadcrumb\"},\"inLanguage\":\"fr-FR\",\"potentialAction\":[{\"@type\":\"ReadAction\",\"target\":[\"https:\\\/\\\/www.webdo.tn\\\/fr\\\/actualite\\\/edito\\\/le-point-de-lotfi-larguet-culture\\\/178969\\\/\"]}]},{\"@type\":\"ImageObject\",\"inLanguage\":\"fr-FR\",\"@id\":\"https:\\\/\\\/www.webdo.tn\\\/fr\\\/actualite\\\/edito\\\/le-point-de-lotfi-larguet-culture\\\/178969\\\/#primaryimage\",\"url\":\"https:\\\/\\\/www.webdo.tn\\\/fr\\\/wp-content\\\/uploads\\\/2011\\\/09\\\/Art-photo-easyvectors.com_.jpg\",\"contentUrl\":\"https:\\\/\\\/www.webdo.tn\\\/fr\\\/wp-content\\\/uploads\\\/2011\\\/09\\\/Art-photo-easyvectors.com_.jpg\",\"width\":255,\"height\":191,\"caption\":\"Culture\"},{\"@type\":\"BreadcrumbList\",\"@id\":\"https:\\\/\\\/www.webdo.tn\\\/fr\\\/actualite\\\/edito\\\/le-point-de-lotfi-larguet-culture\\\/178969\\\/#breadcrumb\",\"itemListElement\":[{\"@type\":\"ListItem\",\"position\":1,\"name\":\"Accueil\",\"item\":\"https:\\\/\\\/www.webdo.tn\\\/fr\\\/\"},{\"@type\":\"ListItem\",\"position\":2,\"name\":\"Culture\"}]},{\"@type\":\"WebSite\",\"@id\":\"https:\\\/\\\/www.webdo.tn\\\/fr\\\/#website\",\"url\":\"https:\\\/\\\/www.webdo.tn\\\/fr\\\/\",\"name\":\"webdo\",\"description\":\"Tunisie - News en Tunisie et \u00e0 l&#039;international sur Webdo.tn\",\"publisher\":{\"@id\":\"https:\\\/\\\/www.webdo.tn\\\/fr\\\/#organization\"},\"potentialAction\":[{\"@type\":\"SearchAction\",\"target\":{\"@type\":\"EntryPoint\",\"urlTemplate\":\"https:\\\/\\\/www.webdo.tn\\\/fr\\\/?s={search_term_string}\"},\"query-input\":{\"@type\":\"PropertyValueSpecification\",\"valueRequired\":true,\"valueName\":\"search_term_string\"}}],\"inLanguage\":\"fr-FR\"},{\"@type\":\"Organization\",\"@id\":\"https:\\\/\\\/www.webdo.tn\\\/fr\\\/#organization\",\"name\":\"Webdo\",\"alternateName\":\"Webdo.tn\",\"url\":\"https:\\\/\\\/www.webdo.tn\\\/fr\\\/\",\"logo\":{\"@type\":\"ImageObject\",\"inLanguage\":\"fr-FR\",\"@id\":\"https:\\\/\\\/www.webdo.tn\\\/fr\\\/#\\\/schema\\\/logo\\\/image\\\/\",\"url\":\"https:\\\/\\\/www.webdo.tn\\\/fr\\\/wp-content\\\/uploads\\\/2025\\\/06\\\/Webdo-Tunisie_168377.jpg\",\"contentUrl\":\"https:\\\/\\\/www.webdo.tn\\\/fr\\\/wp-content\\\/uploads\\\/2025\\\/06\\\/Webdo-Tunisie_168377.jpg\",\"width\":301,\"height\":301,\"caption\":\"Webdo\"},\"image\":{\"@id\":\"https:\\\/\\\/www.webdo.tn\\\/fr\\\/#\\\/schema\\\/logo\\\/image\\\/\"},\"sameAs\":[\"https:\\\/\\\/www.facebook.com\\\/webdotn\",\"https:\\\/\\\/x.com\\\/webdo_tn\"],\"description\":\"Webdo est un m\u00e9dia num\u00e9rique tunisien fond\u00e9 en 2010, sp\u00e9cialis\u00e9 dans l\u2019actualit\u00e9 nationale et internationale, l\u2019\u00e9conomie, la soci\u00e9t\u00e9 et les analyses politiques. Le site s\u2019adresse \u00e0 un large public francophone et couvre l\u2019information tunisienne en temps r\u00e9el.\",\"email\":\"redac@webdo.tn\",\"legalName\":\"YNJ SARL\",\"foundingDate\":\"2010-09-06\",\"numberOfEmployees\":{\"@type\":\"QuantitativeValue\",\"minValue\":\"11\",\"maxValue\":\"50\"}},{\"@type\":\"Person\",\"@id\":\"https:\\\/\\\/www.webdo.tn\\\/fr\\\/#\\\/schema\\\/person\\\/9a9c6118d687c117df8ef3cc36a4d175\",\"name\":\"webdo.tn\",\"image\":{\"@type\":\"ImageObject\",\"inLanguage\":\"fr-FR\",\"@id\":\"https:\\\/\\\/secure.gravatar.com\\\/avatar\\\/7ce1f28c0c3bbac99ff550b85ef8e44a6950c6ee24514fb6a5489e51d06f0298?s=96&d=mm&r=g\",\"url\":\"https:\\\/\\\/secure.gravatar.com\\\/avatar\\\/7ce1f28c0c3bbac99ff550b85ef8e44a6950c6ee24514fb6a5489e51d06f0298?s=96&d=mm&r=g\",\"contentUrl\":\"https:\\\/\\\/secure.gravatar.com\\\/avatar\\\/7ce1f28c0c3bbac99ff550b85ef8e44a6950c6ee24514fb6a5489e51d06f0298?s=96&d=mm&r=g\",\"caption\":\"webdo.tn\"},\"url\":\"https:\\\/\\\/www.webdo.tn\\\/fr\\\/actualite\\\/author\\\/webdotn\\\/\"}]}<\/script>\n<!-- \/ Yoast SEO Premium plugin. -->","yoast_head_json":{"title":"Culture","description":"Culture","canonical":"https:\/\/www.webdo.tn\/fr\/actualite\/edito\/le-point-de-lotfi-larguet-culture\/178969\/","og_locale":"fr_FR","og_type":"article","og_title":"Culture","og_description":"Culture","og_url":"https:\/\/www.webdo.tn\/fr\/actualite\/edito\/le-point-de-lotfi-larguet-culture\/178969\/","og_site_name":"webdo","article_publisher":"https:\/\/www.facebook.com\/webdotn","article_published_time":"2011-09-29T15:08:00+00:00","og_image":[{"width":255,"height":191,"url":"https:\/\/www.webdo.tn\/fr\/wp-content\/uploads\/2011\/09\/Art-photo-easyvectors.com_.jpg","type":"image\/jpeg"}],"author":"webdo.tn","twitter_card":"summary_large_image","twitter_creator":"@webdo_tn","twitter_site":"@webdo_tn","twitter_misc":{"\u00c9crit par":"webdo.tn","Dur\u00e9e de lecture estim\u00e9e":"3 minutes"},"schema":{"@context":"https:\/\/schema.org","@graph":[{"@type":"NewsArticle","@id":"https:\/\/www.webdo.tn\/fr\/actualite\/edito\/le-point-de-lotfi-larguet-culture\/178969\/#article","isPartOf":{"@id":"https:\/\/www.webdo.tn\/fr\/actualite\/edito\/le-point-de-lotfi-larguet-culture\/178969\/"},"author":{"name":"webdo.tn","@id":"https:\/\/www.webdo.tn\/fr\/#\/schema\/person\/9a9c6118d687c117df8ef3cc36a4d175"},"headline":"Culture","datePublished":"2011-09-29T15:08:00+00:00","mainEntityOfPage":{"@id":"https:\/\/www.webdo.tn\/fr\/actualite\/edito\/le-point-de-lotfi-larguet-culture\/178969\/"},"wordCount":574,"commentCount":0,"publisher":{"@id":"https:\/\/www.webdo.tn\/fr\/#organization"},"image":{"@id":"https:\/\/www.webdo.tn\/fr\/actualite\/edito\/le-point-de-lotfi-larguet-culture\/178969\/#primaryimage"},"thumbnailUrl":"https:\/\/www.webdo.tn\/fr\/wp-content\/uploads\/2011\/09\/Art-photo-easyvectors.com_.jpg","keywords":["guerre"],"articleSection":["Edito"],"inLanguage":"fr-FR"},{"@type":"WebPage","@id":"https:\/\/www.webdo.tn\/fr\/actualite\/edito\/le-point-de-lotfi-larguet-culture\/178969\/","url":"https:\/\/www.webdo.tn\/fr\/actualite\/edito\/le-point-de-lotfi-larguet-culture\/178969\/","name":"Culture","isPartOf":{"@id":"https:\/\/www.webdo.tn\/fr\/#website"},"primaryImageOfPage":{"@id":"https:\/\/www.webdo.tn\/fr\/actualite\/edito\/le-point-de-lotfi-larguet-culture\/178969\/#primaryimage"},"image":{"@id":"https:\/\/www.webdo.tn\/fr\/actualite\/edito\/le-point-de-lotfi-larguet-culture\/178969\/#primaryimage"},"thumbnailUrl":"https:\/\/www.webdo.tn\/fr\/wp-content\/uploads\/2011\/09\/Art-photo-easyvectors.com_.jpg","datePublished":"2011-09-29T15:08:00+00:00","description":"Culture","breadcrumb":{"@id":"https:\/\/www.webdo.tn\/fr\/actualite\/edito\/le-point-de-lotfi-larguet-culture\/178969\/#breadcrumb"},"inLanguage":"fr-FR","potentialAction":[{"@type":"ReadAction","target":["https:\/\/www.webdo.tn\/fr\/actualite\/edito\/le-point-de-lotfi-larguet-culture\/178969\/"]}]},{"@type":"ImageObject","inLanguage":"fr-FR","@id":"https:\/\/www.webdo.tn\/fr\/actualite\/edito\/le-point-de-lotfi-larguet-culture\/178969\/#primaryimage","url":"https:\/\/www.webdo.tn\/fr\/wp-content\/uploads\/2011\/09\/Art-photo-easyvectors.com_.jpg","contentUrl":"https:\/\/www.webdo.tn\/fr\/wp-content\/uploads\/2011\/09\/Art-photo-easyvectors.com_.jpg","width":255,"height":191,"caption":"Culture"},{"@type":"BreadcrumbList","@id":"https:\/\/www.webdo.tn\/fr\/actualite\/edito\/le-point-de-lotfi-larguet-culture\/178969\/#breadcrumb","itemListElement":[{"@type":"ListItem","position":1,"name":"Accueil","item":"https:\/\/www.webdo.tn\/fr\/"},{"@type":"ListItem","position":2,"name":"Culture"}]},{"@type":"WebSite","@id":"https:\/\/www.webdo.tn\/fr\/#website","url":"https:\/\/www.webdo.tn\/fr\/","name":"webdo","description":"Tunisie - News en Tunisie et \u00e0 l&#039;international sur Webdo.tn","publisher":{"@id":"https:\/\/www.webdo.tn\/fr\/#organization"},"potentialAction":[{"@type":"SearchAction","target":{"@type":"EntryPoint","urlTemplate":"https:\/\/www.webdo.tn\/fr\/?s={search_term_string}"},"query-input":{"@type":"PropertyValueSpecification","valueRequired":true,"valueName":"search_term_string"}}],"inLanguage":"fr-FR"},{"@type":"Organization","@id":"https:\/\/www.webdo.tn\/fr\/#organization","name":"Webdo","alternateName":"Webdo.tn","url":"https:\/\/www.webdo.tn\/fr\/","logo":{"@type":"ImageObject","inLanguage":"fr-FR","@id":"https:\/\/www.webdo.tn\/fr\/#\/schema\/logo\/image\/","url":"https:\/\/www.webdo.tn\/fr\/wp-content\/uploads\/2025\/06\/Webdo-Tunisie_168377.jpg","contentUrl":"https:\/\/www.webdo.tn\/fr\/wp-content\/uploads\/2025\/06\/Webdo-Tunisie_168377.jpg","width":301,"height":301,"caption":"Webdo"},"image":{"@id":"https:\/\/www.webdo.tn\/fr\/#\/schema\/logo\/image\/"},"sameAs":["https:\/\/www.facebook.com\/webdotn","https:\/\/x.com\/webdo_tn"],"description":"Webdo est un m\u00e9dia num\u00e9rique tunisien fond\u00e9 en 2010, sp\u00e9cialis\u00e9 dans l\u2019actualit\u00e9 nationale et internationale, l\u2019\u00e9conomie, la soci\u00e9t\u00e9 et les analyses politiques. Le site s\u2019adresse \u00e0 un large public francophone et couvre l\u2019information tunisienne en temps r\u00e9el.","email":"redac@webdo.tn","legalName":"YNJ SARL","foundingDate":"2010-09-06","numberOfEmployees":{"@type":"QuantitativeValue","minValue":"11","maxValue":"50"}},{"@type":"Person","@id":"https:\/\/www.webdo.tn\/fr\/#\/schema\/person\/9a9c6118d687c117df8ef3cc36a4d175","name":"webdo.tn","image":{"@type":"ImageObject","inLanguage":"fr-FR","@id":"https:\/\/secure.gravatar.com\/avatar\/7ce1f28c0c3bbac99ff550b85ef8e44a6950c6ee24514fb6a5489e51d06f0298?s=96&d=mm&r=g","url":"https:\/\/secure.gravatar.com\/avatar\/7ce1f28c0c3bbac99ff550b85ef8e44a6950c6ee24514fb6a5489e51d06f0298?s=96&d=mm&r=g","contentUrl":"https:\/\/secure.gravatar.com\/avatar\/7ce1f28c0c3bbac99ff550b85ef8e44a6950c6ee24514fb6a5489e51d06f0298?s=96&d=mm&r=g","caption":"webdo.tn"},"url":"https:\/\/www.webdo.tn\/fr\/actualite\/author\/webdotn\/"}]}},"_links":{"self":[{"href":"https:\/\/www.webdo.tn\/fr\/wp-json\/wp\/v2\/posts\/178969","targetHints":{"allow":["GET"]}}],"collection":[{"href":"https:\/\/www.webdo.tn\/fr\/wp-json\/wp\/v2\/posts"}],"about":[{"href":"https:\/\/www.webdo.tn\/fr\/wp-json\/wp\/v2\/types\/post"}],"author":[{"embeddable":true,"href":"https:\/\/www.webdo.tn\/fr\/wp-json\/wp\/v2\/users\/3222"}],"replies":[{"embeddable":true,"href":"https:\/\/www.webdo.tn\/fr\/wp-json\/wp\/v2\/comments?post=178969"}],"version-history":[{"count":0,"href":"https:\/\/www.webdo.tn\/fr\/wp-json\/wp\/v2\/posts\/178969\/revisions"}],"wp:featuredmedia":[{"embeddable":true,"href":"https:\/\/www.webdo.tn\/fr\/wp-json\/wp\/v2\/media\/334012"}],"wp:attachment":[{"href":"https:\/\/www.webdo.tn\/fr\/wp-json\/wp\/v2\/media?parent=178969"}],"wp:term":[{"taxonomy":"category","embeddable":true,"href":"https:\/\/www.webdo.tn\/fr\/wp-json\/wp\/v2\/categories?post=178969"},{"taxonomy":"post_tag","embeddable":true,"href":"https:\/\/www.webdo.tn\/fr\/wp-json\/wp\/v2\/tags?post=178969"}],"curies":[{"name":"wp","href":"https:\/\/api.w.org\/{rel}","templated":true}]}}