{"id":178964,"date":"2011-12-02T12:16:00","date_gmt":"2011-12-02T12:16:00","guid":{"rendered":"https:\/\/www.webdo.tn\/fr\/blog\/le-point-de-lotfi-larguet-la-voie-de-la-sedition\/178964\/"},"modified":"2011-12-02T12:16:00","modified_gmt":"2011-12-02T12:16:00","slug":"le-point-de-lotfi-larguet-la-voie-de-la-sedition","status":"publish","type":"post","link":"https:\/\/www.webdo.tn\/fr\/actualite\/edito\/le-point-de-lotfi-larguet-la-voie-de-la-sedition\/178964\/","title":{"rendered":"Le point de Lotfi Larguet &#8211; La voie de la s\u00e9dition ?"},"content":{"rendered":"<p>L\u2019\u00e9lection de l\u2019Assembl\u00e9e Constituante n\u2019a, semble-t-il, pas mis la Tunisie sur le chemin de la stabilit\u00e9 et de la s\u00e9curit\u00e9 comme on pouvait l\u2019esp\u00e9rer. Bien au contraire, les incidents se multiplient un peu partout dans le pays surtout dans les gouvernorats de Kasserine et Gafsa o\u00f9 les citoyens revendiquent, notamment, la r\u00e9solution de leurs probl\u00e8mes sociaux.<\/p>\n<p>Mais, il n\u2019y a pas que \u00e7a !<\/p>\n<p>On peut commencer tout d\u2019abord par cette fissure apparue dans le triumvirat compos\u00e9 d\u2019Ennahdha, du Congr\u00e8s Pour la R\u00e9publique et d\u2019Ettakatol autour de certaines questions ayant trait aux attributions respectives du Pr\u00e9sident de la R\u00e9publique et du Premier Ministre, ainsi que dans la majorit\u00e9 requise pour l\u2019adoption des dispositions constitutionnelles futures, les uns (ceux d\u2019Ennahdha) pr\u00f4nant, en seconde lecture, la majorit\u00e9 simple, alors que les autres souhaitent (y compris les autres partis repr\u00e9sent\u00e9s au sein de ces commissions) une majorit\u00e9 qualifi\u00e9e des deux tiers.<\/p>\n<p>En fait, les partis \u00ab civils \u00bb craignent, \u00e0 juste titre d\u2019ailleurs, que les Islamistes ne tentent de faire le forcing et d\u2019imposer leur emprise tant sur la gestion des affaires de l\u2019\u00c9tat, avec des attributions dignes d\u2019un Calife pour le premier ministre (qui aurait la possibilit\u00e9, apr\u00e8s une d\u00e9l\u00e9gation de la Constituante, de \u00ab l\u00e9gif\u00e9rer \u00bb c\u2019est-\u00e0-dire de se substituer au l\u00e9gislateur et de prendre des lois), de disposer du pouvoir r\u00e9glementaire g\u00e9n\u00e9ral (il aurait la possibilit\u00e9 de prendre des d\u00e9crets \u00e0 caract\u00e8re r\u00e9glementaire), de pouvoir nommer aux hautes fonctions de l\u2019\u00c9tat qu\u2019elles soient civiles ou militaires, que sur le mode d\u2019adoption de la Constitution. Ce cas de figure ouvrirait la voie \u00e0 une totale concentration des pouvoirs, ex\u00e9cutif et l\u00e9gislatif, et serait d\u2019autant plus dangereux que les exp\u00e9riences v\u00e9cues, par le pass\u00e9, par notre pays ont donn\u00e9 lieu \u00e0 des d\u00e9rives et \u00e0 un totalitarisme qui a pr\u00e9par\u00e9 le lit \u00e0 une v\u00e9ritable dictature \u00e9touffante que le Peuple tunisien ne souhaite plus jamais revivre.<\/p>\n<p>Quant au Pr\u00e9sident de la R\u00e9publique, il n\u2019aurait pratiquement aucun pouvoir r\u00e9el puisqu\u2019il sera confin\u00e9 dans des attributions honorifiques ou formelles dans la mesure o\u00f9 il ne serait, en fin de compte, qu\u2019un simple scribe qui signerait les d\u00e9crets sans avoir aucune influence sur leur contenu, ou une institution qui servirait \u00e0 la parade qui ne ferait que l\u00e9gitimer une mainmise partisane !<\/p>\n<p>Cette tendance est repouss\u00e9e vigoureusement tant par les partis qui ont choisi le camp de l\u2019opposition que par l\u2019ensemble de la soci\u00e9t\u00e9 civile, qui d\u00e9nonce ce monopole et cette nouvelle dictature annonc\u00e9e.<\/p>\n<p>Mais, les choses ne se sont pas arr\u00eat\u00e9es l\u00e0 puisque l\u2019on assiste, de nouveau, \u00e0 cette vague, \u0153uvre d\u2019une minorit\u00e9 agissante, de vouloir imposer la restriction des libert\u00e9s acad\u00e9miques \u00e0 l\u2019universit\u00e9. Si aujourd\u2019hui, on demande simplement d\u2019autoriser quelques filles de porter le niqab \u00e0 l\u2019int\u00e9rieur de l\u2019enceinte universitaire ou de r\u00e9server une salle de pri\u00e8re, on risque demain de voir des enseignantes violent\u00e9es pour se soumettre aux rigueurs vestimentaires (comme cela s\u2019est d\u00e9j\u00e0 produit) ou d\u2019orienter les cours vers des tendances rigoristes. <\/p>\n<p>Il est clair qu\u2019en voulant imposer, y compris par l\u2019usage de la violence, ces pratiques inhabituelles et totalement \u00e9trang\u00e8res \u00e0 notre soci\u00e9t\u00e9 et qui sont insidieusement et sournoisement soutenues, elles risquent, si elles se poursuivent, de mener le pays vers la violence confessionnelle et ouvrirait la voie \u00e0 la s\u00e9dition. Car, les citoyens qui ne partagent pas ces convictions, et ils sont une \u00e9crasante majorit\u00e9, se verraient taxer d\u2019apostats.<\/p>\n<p>Aujourd\u2019hui, notre pays a besoin de consensus, chose que les extr\u00e9mistes ne peuvent accepter voulant imposer leur vision du monde et de la Cit\u00e9 \u00e0 tous les citoyens. Ceux qui croient atteindre cet objectif se trompent lourdement d\u2019\u00e9poque et pourraient entra\u00eener le pays dans un interminable cercle vicieux tr\u00e8s dangereux \u00e0 la fois pour notre avenir commun et surtout pour la D\u00e9mocratie pour laquelle se sont sacrifi\u00e9s les Tunisiens.<\/p>\n","protected":false},"excerpt":{"rendered":"<p>Le point de Lotfi Larguet &#8211; La voie de la s\u00e9dition ?<\/p>\n","protected":false},"author":3222,"featured_media":333892,"comment_status":"open","ping_status":"closed","sticky":false,"template":"","format":"standard","meta":{"footnotes":""},"categories":[2589],"tags":[2600],"class_list":["post-178964","post","type-post","status-publish","format-standard","has-post-thumbnail","hentry","category-edito","tag-guerre"],"yoast_head":"<!-- This site is optimized with the Yoast SEO Premium plugin v27.5 (Yoast SEO v27.5) - https:\/\/yoast.com\/product\/yoast-seo-premium-wordpress\/ -->\n<title>Le point de Lotfi Larguet - La voie de la s\u00e9dition ?<\/title>\n<meta name=\"description\" content=\"Le point de Lotfi Larguet - La voie de la s\u00e9dition ?\" \/>\n<link rel=\"canonical\" href=\"https:\/\/www.webdo.tn\/fr\/actualite\/edito\/le-point-de-lotfi-larguet-la-voie-de-la-sedition\/178964\/\" \/>\n<meta property=\"og:locale\" content=\"fr_FR\" \/>\n<meta property=\"og:type\" content=\"article\" \/>\n<meta property=\"og:title\" content=\"Le point de Lotfi Larguet - La voie de la s\u00e9dition ?\" \/>\n<meta property=\"og:description\" content=\"Le point de Lotfi Larguet - La voie de la s\u00e9dition ?\" \/>\n<meta property=\"og:url\" content=\"https:\/\/www.webdo.tn\/fr\/actualite\/edito\/le-point-de-lotfi-larguet-la-voie-de-la-sedition\/178964\/\" \/>\n<meta property=\"og:site_name\" content=\"webdo\" \/>\n<meta property=\"article:publisher\" content=\"https:\/\/www.facebook.com\/webdotn\" \/>\n<meta property=\"article:published_time\" content=\"2011-12-02T12:16:00+00:00\" \/>\n<meta property=\"og:image\" content=\"https:\/\/www.webdo.tn\/fr\/wp-content\/uploads\/2011\/12\/Drapeau-Tunisie.jpg\" \/>\n\t<meta property=\"og:image:width\" content=\"262\" \/>\n\t<meta property=\"og:image:height\" content=\"182\" \/>\n\t<meta property=\"og:image:type\" content=\"image\/jpeg\" \/>\n<meta name=\"author\" content=\"webdo.tn\" \/>\n<meta name=\"twitter:card\" content=\"summary_large_image\" \/>\n<meta name=\"twitter:creator\" content=\"@webdo_tn\" \/>\n<meta name=\"twitter:site\" content=\"@webdo_tn\" \/>\n<meta name=\"twitter:label1\" content=\"\u00c9crit par\" \/>\n\t<meta name=\"twitter:data1\" content=\"webdo.tn\" \/>\n\t<meta name=\"twitter:label2\" content=\"Dur\u00e9e de lecture estim\u00e9e\" \/>\n\t<meta name=\"twitter:data2\" content=\"4 minutes\" \/>\n<script type=\"application\/ld+json\" class=\"yoast-schema-graph\">{\"@context\":\"https:\\\/\\\/schema.org\",\"@graph\":[{\"@type\":\"NewsArticle\",\"@id\":\"https:\\\/\\\/www.webdo.tn\\\/fr\\\/actualite\\\/edito\\\/le-point-de-lotfi-larguet-la-voie-de-la-sedition\\\/178964\\\/#article\",\"isPartOf\":{\"@id\":\"https:\\\/\\\/www.webdo.tn\\\/fr\\\/actualite\\\/edito\\\/le-point-de-lotfi-larguet-la-voie-de-la-sedition\\\/178964\\\/\"},\"author\":{\"name\":\"webdo.tn\",\"@id\":\"https:\\\/\\\/www.webdo.tn\\\/fr\\\/#\\\/schema\\\/person\\\/9a9c6118d687c117df8ef3cc36a4d175\"},\"headline\":\"Le point de Lotfi Larguet &#8211; La voie de la s\u00e9dition ?\",\"datePublished\":\"2011-12-02T12:16:00+00:00\",\"mainEntityOfPage\":{\"@id\":\"https:\\\/\\\/www.webdo.tn\\\/fr\\\/actualite\\\/edito\\\/le-point-de-lotfi-larguet-la-voie-de-la-sedition\\\/178964\\\/\"},\"wordCount\":718,\"commentCount\":0,\"publisher\":{\"@id\":\"https:\\\/\\\/www.webdo.tn\\\/fr\\\/#organization\"},\"image\":{\"@id\":\"https:\\\/\\\/www.webdo.tn\\\/fr\\\/actualite\\\/edito\\\/le-point-de-lotfi-larguet-la-voie-de-la-sedition\\\/178964\\\/#primaryimage\"},\"thumbnailUrl\":\"https:\\\/\\\/www.webdo.tn\\\/fr\\\/wp-content\\\/uploads\\\/2011\\\/12\\\/Drapeau-Tunisie.jpg\",\"keywords\":[\"guerre\"],\"articleSection\":[\"Edito\"],\"inLanguage\":\"fr-FR\"},{\"@type\":\"WebPage\",\"@id\":\"https:\\\/\\\/www.webdo.tn\\\/fr\\\/actualite\\\/edito\\\/le-point-de-lotfi-larguet-la-voie-de-la-sedition\\\/178964\\\/\",\"url\":\"https:\\\/\\\/www.webdo.tn\\\/fr\\\/actualite\\\/edito\\\/le-point-de-lotfi-larguet-la-voie-de-la-sedition\\\/178964\\\/\",\"name\":\"Le point de Lotfi Larguet - La voie de la s\u00e9dition ?\",\"isPartOf\":{\"@id\":\"https:\\\/\\\/www.webdo.tn\\\/fr\\\/#website\"},\"primaryImageOfPage\":{\"@id\":\"https:\\\/\\\/www.webdo.tn\\\/fr\\\/actualite\\\/edito\\\/le-point-de-lotfi-larguet-la-voie-de-la-sedition\\\/178964\\\/#primaryimage\"},\"image\":{\"@id\":\"https:\\\/\\\/www.webdo.tn\\\/fr\\\/actualite\\\/edito\\\/le-point-de-lotfi-larguet-la-voie-de-la-sedition\\\/178964\\\/#primaryimage\"},\"thumbnailUrl\":\"https:\\\/\\\/www.webdo.tn\\\/fr\\\/wp-content\\\/uploads\\\/2011\\\/12\\\/Drapeau-Tunisie.jpg\",\"datePublished\":\"2011-12-02T12:16:00+00:00\",\"description\":\"Le point de Lotfi Larguet - La voie de la s\u00e9dition ?\",\"breadcrumb\":{\"@id\":\"https:\\\/\\\/www.webdo.tn\\\/fr\\\/actualite\\\/edito\\\/le-point-de-lotfi-larguet-la-voie-de-la-sedition\\\/178964\\\/#breadcrumb\"},\"inLanguage\":\"fr-FR\",\"potentialAction\":[{\"@type\":\"ReadAction\",\"target\":[\"https:\\\/\\\/www.webdo.tn\\\/fr\\\/actualite\\\/edito\\\/le-point-de-lotfi-larguet-la-voie-de-la-sedition\\\/178964\\\/\"]}]},{\"@type\":\"ImageObject\",\"inLanguage\":\"fr-FR\",\"@id\":\"https:\\\/\\\/www.webdo.tn\\\/fr\\\/actualite\\\/edito\\\/le-point-de-lotfi-larguet-la-voie-de-la-sedition\\\/178964\\\/#primaryimage\",\"url\":\"https:\\\/\\\/www.webdo.tn\\\/fr\\\/wp-content\\\/uploads\\\/2011\\\/12\\\/Drapeau-Tunisie.jpg\",\"contentUrl\":\"https:\\\/\\\/www.webdo.tn\\\/fr\\\/wp-content\\\/uploads\\\/2011\\\/12\\\/Drapeau-Tunisie.jpg\",\"width\":262,\"height\":182,\"caption\":\"Le point de Lotfi Larguet - La voie de la s\u00e9dition ?\"},{\"@type\":\"BreadcrumbList\",\"@id\":\"https:\\\/\\\/www.webdo.tn\\\/fr\\\/actualite\\\/edito\\\/le-point-de-lotfi-larguet-la-voie-de-la-sedition\\\/178964\\\/#breadcrumb\",\"itemListElement\":[{\"@type\":\"ListItem\",\"position\":1,\"name\":\"Accueil\",\"item\":\"https:\\\/\\\/www.webdo.tn\\\/fr\\\/\"},{\"@type\":\"ListItem\",\"position\":2,\"name\":\"Le point de Lotfi Larguet &#8211; La voie de la s\u00e9dition ?\"}]},{\"@type\":\"WebSite\",\"@id\":\"https:\\\/\\\/www.webdo.tn\\\/fr\\\/#website\",\"url\":\"https:\\\/\\\/www.webdo.tn\\\/fr\\\/\",\"name\":\"webdo\",\"description\":\"Tunisie - News en Tunisie et \u00e0 l&#039;international sur Webdo.tn\",\"publisher\":{\"@id\":\"https:\\\/\\\/www.webdo.tn\\\/fr\\\/#organization\"},\"potentialAction\":[{\"@type\":\"SearchAction\",\"target\":{\"@type\":\"EntryPoint\",\"urlTemplate\":\"https:\\\/\\\/www.webdo.tn\\\/fr\\\/?s={search_term_string}\"},\"query-input\":{\"@type\":\"PropertyValueSpecification\",\"valueRequired\":true,\"valueName\":\"search_term_string\"}}],\"inLanguage\":\"fr-FR\"},{\"@type\":\"Organization\",\"@id\":\"https:\\\/\\\/www.webdo.tn\\\/fr\\\/#organization\",\"name\":\"Webdo\",\"alternateName\":\"Webdo.tn\",\"url\":\"https:\\\/\\\/www.webdo.tn\\\/fr\\\/\",\"logo\":{\"@type\":\"ImageObject\",\"inLanguage\":\"fr-FR\",\"@id\":\"https:\\\/\\\/www.webdo.tn\\\/fr\\\/#\\\/schema\\\/logo\\\/image\\\/\",\"url\":\"https:\\\/\\\/www.webdo.tn\\\/fr\\\/wp-content\\\/uploads\\\/2025\\\/06\\\/Webdo-Tunisie_168377.jpg\",\"contentUrl\":\"https:\\\/\\\/www.webdo.tn\\\/fr\\\/wp-content\\\/uploads\\\/2025\\\/06\\\/Webdo-Tunisie_168377.jpg\",\"width\":301,\"height\":301,\"caption\":\"Webdo\"},\"image\":{\"@id\":\"https:\\\/\\\/www.webdo.tn\\\/fr\\\/#\\\/schema\\\/logo\\\/image\\\/\"},\"sameAs\":[\"https:\\\/\\\/www.facebook.com\\\/webdotn\",\"https:\\\/\\\/x.com\\\/webdo_tn\"],\"description\":\"Webdo est un m\u00e9dia num\u00e9rique tunisien fond\u00e9 en 2010, sp\u00e9cialis\u00e9 dans l\u2019actualit\u00e9 nationale et internationale, l\u2019\u00e9conomie, la soci\u00e9t\u00e9 et les analyses politiques. Le site s\u2019adresse \u00e0 un large public francophone et couvre l\u2019information tunisienne en temps r\u00e9el.\",\"email\":\"redac@webdo.tn\",\"legalName\":\"YNJ SARL\",\"foundingDate\":\"2010-09-06\",\"numberOfEmployees\":{\"@type\":\"QuantitativeValue\",\"minValue\":\"11\",\"maxValue\":\"50\"}},{\"@type\":\"Person\",\"@id\":\"https:\\\/\\\/www.webdo.tn\\\/fr\\\/#\\\/schema\\\/person\\\/9a9c6118d687c117df8ef3cc36a4d175\",\"name\":\"webdo.tn\",\"image\":{\"@type\":\"ImageObject\",\"inLanguage\":\"fr-FR\",\"@id\":\"https:\\\/\\\/secure.gravatar.com\\\/avatar\\\/7ce1f28c0c3bbac99ff550b85ef8e44a6950c6ee24514fb6a5489e51d06f0298?s=96&d=mm&r=g\",\"url\":\"https:\\\/\\\/secure.gravatar.com\\\/avatar\\\/7ce1f28c0c3bbac99ff550b85ef8e44a6950c6ee24514fb6a5489e51d06f0298?s=96&d=mm&r=g\",\"contentUrl\":\"https:\\\/\\\/secure.gravatar.com\\\/avatar\\\/7ce1f28c0c3bbac99ff550b85ef8e44a6950c6ee24514fb6a5489e51d06f0298?s=96&d=mm&r=g\",\"caption\":\"webdo.tn\"},\"url\":\"https:\\\/\\\/www.webdo.tn\\\/fr\\\/actualite\\\/author\\\/webdotn\\\/\"}]}<\/script>\n<!-- \/ Yoast SEO Premium plugin. -->","yoast_head_json":{"title":"Le point de Lotfi Larguet - La voie de la s\u00e9dition ?","description":"Le point de Lotfi Larguet - La voie de la s\u00e9dition ?","canonical":"https:\/\/www.webdo.tn\/fr\/actualite\/edito\/le-point-de-lotfi-larguet-la-voie-de-la-sedition\/178964\/","og_locale":"fr_FR","og_type":"article","og_title":"Le point de Lotfi Larguet - La voie de la s\u00e9dition ?","og_description":"Le point de Lotfi Larguet - La voie de la s\u00e9dition ?","og_url":"https:\/\/www.webdo.tn\/fr\/actualite\/edito\/le-point-de-lotfi-larguet-la-voie-de-la-sedition\/178964\/","og_site_name":"webdo","article_publisher":"https:\/\/www.facebook.com\/webdotn","article_published_time":"2011-12-02T12:16:00+00:00","og_image":[{"width":262,"height":182,"url":"https:\/\/www.webdo.tn\/fr\/wp-content\/uploads\/2011\/12\/Drapeau-Tunisie.jpg","type":"image\/jpeg"}],"author":"webdo.tn","twitter_card":"summary_large_image","twitter_creator":"@webdo_tn","twitter_site":"@webdo_tn","twitter_misc":{"\u00c9crit par":"webdo.tn","Dur\u00e9e de lecture estim\u00e9e":"4 minutes"},"schema":{"@context":"https:\/\/schema.org","@graph":[{"@type":"NewsArticle","@id":"https:\/\/www.webdo.tn\/fr\/actualite\/edito\/le-point-de-lotfi-larguet-la-voie-de-la-sedition\/178964\/#article","isPartOf":{"@id":"https:\/\/www.webdo.tn\/fr\/actualite\/edito\/le-point-de-lotfi-larguet-la-voie-de-la-sedition\/178964\/"},"author":{"name":"webdo.tn","@id":"https:\/\/www.webdo.tn\/fr\/#\/schema\/person\/9a9c6118d687c117df8ef3cc36a4d175"},"headline":"Le point de Lotfi Larguet &#8211; La voie de la s\u00e9dition ?","datePublished":"2011-12-02T12:16:00+00:00","mainEntityOfPage":{"@id":"https:\/\/www.webdo.tn\/fr\/actualite\/edito\/le-point-de-lotfi-larguet-la-voie-de-la-sedition\/178964\/"},"wordCount":718,"commentCount":0,"publisher":{"@id":"https:\/\/www.webdo.tn\/fr\/#organization"},"image":{"@id":"https:\/\/www.webdo.tn\/fr\/actualite\/edito\/le-point-de-lotfi-larguet-la-voie-de-la-sedition\/178964\/#primaryimage"},"thumbnailUrl":"https:\/\/www.webdo.tn\/fr\/wp-content\/uploads\/2011\/12\/Drapeau-Tunisie.jpg","keywords":["guerre"],"articleSection":["Edito"],"inLanguage":"fr-FR"},{"@type":"WebPage","@id":"https:\/\/www.webdo.tn\/fr\/actualite\/edito\/le-point-de-lotfi-larguet-la-voie-de-la-sedition\/178964\/","url":"https:\/\/www.webdo.tn\/fr\/actualite\/edito\/le-point-de-lotfi-larguet-la-voie-de-la-sedition\/178964\/","name":"Le point de Lotfi Larguet - La voie de la s\u00e9dition ?","isPartOf":{"@id":"https:\/\/www.webdo.tn\/fr\/#website"},"primaryImageOfPage":{"@id":"https:\/\/www.webdo.tn\/fr\/actualite\/edito\/le-point-de-lotfi-larguet-la-voie-de-la-sedition\/178964\/#primaryimage"},"image":{"@id":"https:\/\/www.webdo.tn\/fr\/actualite\/edito\/le-point-de-lotfi-larguet-la-voie-de-la-sedition\/178964\/#primaryimage"},"thumbnailUrl":"https:\/\/www.webdo.tn\/fr\/wp-content\/uploads\/2011\/12\/Drapeau-Tunisie.jpg","datePublished":"2011-12-02T12:16:00+00:00","description":"Le point de Lotfi Larguet - La voie de la s\u00e9dition ?","breadcrumb":{"@id":"https:\/\/www.webdo.tn\/fr\/actualite\/edito\/le-point-de-lotfi-larguet-la-voie-de-la-sedition\/178964\/#breadcrumb"},"inLanguage":"fr-FR","potentialAction":[{"@type":"ReadAction","target":["https:\/\/www.webdo.tn\/fr\/actualite\/edito\/le-point-de-lotfi-larguet-la-voie-de-la-sedition\/178964\/"]}]},{"@type":"ImageObject","inLanguage":"fr-FR","@id":"https:\/\/www.webdo.tn\/fr\/actualite\/edito\/le-point-de-lotfi-larguet-la-voie-de-la-sedition\/178964\/#primaryimage","url":"https:\/\/www.webdo.tn\/fr\/wp-content\/uploads\/2011\/12\/Drapeau-Tunisie.jpg","contentUrl":"https:\/\/www.webdo.tn\/fr\/wp-content\/uploads\/2011\/12\/Drapeau-Tunisie.jpg","width":262,"height":182,"caption":"Le point de Lotfi Larguet - La voie de la s\u00e9dition ?"},{"@type":"BreadcrumbList","@id":"https:\/\/www.webdo.tn\/fr\/actualite\/edito\/le-point-de-lotfi-larguet-la-voie-de-la-sedition\/178964\/#breadcrumb","itemListElement":[{"@type":"ListItem","position":1,"name":"Accueil","item":"https:\/\/www.webdo.tn\/fr\/"},{"@type":"ListItem","position":2,"name":"Le point de Lotfi Larguet &#8211; La voie de la s\u00e9dition ?"}]},{"@type":"WebSite","@id":"https:\/\/www.webdo.tn\/fr\/#website","url":"https:\/\/www.webdo.tn\/fr\/","name":"webdo","description":"Tunisie - News en Tunisie et \u00e0 l&#039;international sur Webdo.tn","publisher":{"@id":"https:\/\/www.webdo.tn\/fr\/#organization"},"potentialAction":[{"@type":"SearchAction","target":{"@type":"EntryPoint","urlTemplate":"https:\/\/www.webdo.tn\/fr\/?s={search_term_string}"},"query-input":{"@type":"PropertyValueSpecification","valueRequired":true,"valueName":"search_term_string"}}],"inLanguage":"fr-FR"},{"@type":"Organization","@id":"https:\/\/www.webdo.tn\/fr\/#organization","name":"Webdo","alternateName":"Webdo.tn","url":"https:\/\/www.webdo.tn\/fr\/","logo":{"@type":"ImageObject","inLanguage":"fr-FR","@id":"https:\/\/www.webdo.tn\/fr\/#\/schema\/logo\/image\/","url":"https:\/\/www.webdo.tn\/fr\/wp-content\/uploads\/2025\/06\/Webdo-Tunisie_168377.jpg","contentUrl":"https:\/\/www.webdo.tn\/fr\/wp-content\/uploads\/2025\/06\/Webdo-Tunisie_168377.jpg","width":301,"height":301,"caption":"Webdo"},"image":{"@id":"https:\/\/www.webdo.tn\/fr\/#\/schema\/logo\/image\/"},"sameAs":["https:\/\/www.facebook.com\/webdotn","https:\/\/x.com\/webdo_tn"],"description":"Webdo est un m\u00e9dia num\u00e9rique tunisien fond\u00e9 en 2010, sp\u00e9cialis\u00e9 dans l\u2019actualit\u00e9 nationale et internationale, l\u2019\u00e9conomie, la soci\u00e9t\u00e9 et les analyses politiques. Le site s\u2019adresse \u00e0 un large public francophone et couvre l\u2019information tunisienne en temps r\u00e9el.","email":"redac@webdo.tn","legalName":"YNJ SARL","foundingDate":"2010-09-06","numberOfEmployees":{"@type":"QuantitativeValue","minValue":"11","maxValue":"50"}},{"@type":"Person","@id":"https:\/\/www.webdo.tn\/fr\/#\/schema\/person\/9a9c6118d687c117df8ef3cc36a4d175","name":"webdo.tn","image":{"@type":"ImageObject","inLanguage":"fr-FR","@id":"https:\/\/secure.gravatar.com\/avatar\/7ce1f28c0c3bbac99ff550b85ef8e44a6950c6ee24514fb6a5489e51d06f0298?s=96&d=mm&r=g","url":"https:\/\/secure.gravatar.com\/avatar\/7ce1f28c0c3bbac99ff550b85ef8e44a6950c6ee24514fb6a5489e51d06f0298?s=96&d=mm&r=g","contentUrl":"https:\/\/secure.gravatar.com\/avatar\/7ce1f28c0c3bbac99ff550b85ef8e44a6950c6ee24514fb6a5489e51d06f0298?s=96&d=mm&r=g","caption":"webdo.tn"},"url":"https:\/\/www.webdo.tn\/fr\/actualite\/author\/webdotn\/"}]}},"_links":{"self":[{"href":"https:\/\/www.webdo.tn\/fr\/wp-json\/wp\/v2\/posts\/178964","targetHints":{"allow":["GET"]}}],"collection":[{"href":"https:\/\/www.webdo.tn\/fr\/wp-json\/wp\/v2\/posts"}],"about":[{"href":"https:\/\/www.webdo.tn\/fr\/wp-json\/wp\/v2\/types\/post"}],"author":[{"embeddable":true,"href":"https:\/\/www.webdo.tn\/fr\/wp-json\/wp\/v2\/users\/3222"}],"replies":[{"embeddable":true,"href":"https:\/\/www.webdo.tn\/fr\/wp-json\/wp\/v2\/comments?post=178964"}],"version-history":[{"count":0,"href":"https:\/\/www.webdo.tn\/fr\/wp-json\/wp\/v2\/posts\/178964\/revisions"}],"wp:featuredmedia":[{"embeddable":true,"href":"https:\/\/www.webdo.tn\/fr\/wp-json\/wp\/v2\/media\/333892"}],"wp:attachment":[{"href":"https:\/\/www.webdo.tn\/fr\/wp-json\/wp\/v2\/media?parent=178964"}],"wp:term":[{"taxonomy":"category","embeddable":true,"href":"https:\/\/www.webdo.tn\/fr\/wp-json\/wp\/v2\/categories?post=178964"},{"taxonomy":"post_tag","embeddable":true,"href":"https:\/\/www.webdo.tn\/fr\/wp-json\/wp\/v2\/tags?post=178964"}],"curies":[{"name":"wp","href":"https:\/\/api.w.org\/{rel}","templated":true}]}}