{"id":178960,"date":"2016-11-01T22:13:00","date_gmt":"2016-11-01T22:13:00","guid":{"rendered":"https:\/\/www.webdo.tn\/fr\/blog\/tunisie-chaos-ravageur-greve-taxis-exemple\/178960\/"},"modified":"2025-05-22T12:36:59","modified_gmt":"2025-05-22T12:36:59","slug":"tunisie-chaos-ravageur-greve-taxis-exemple","status":"publish","type":"post","link":"https:\/\/www.webdo.tn\/fr\/actualite\/edito\/tunisie-chaos-ravageur-greve-taxis-exemple\/178960\/","title":{"rendered":"Le chaos ravageur : La gr\u00e8ve des taxis, un exemple !"},"content":{"rendered":"<p>Les conducteurs de taxis se sont abstenus lundi de sillonner les rues de la capitale proclamant une gr\u00e8ve surprise, l\u2019information n\u2019ayant pas \u00e9t\u00e9 suffisamment relay\u00e9e. Les citoyens, qui se permettent encore de prendre un taxi avec la chute vertigineuse de leur pouvoir d\u2019achat, durent donc se rabattre sur d\u2019autres solutions de fortune pour assurer leurs d\u00e9placements.<\/p>\n<p>Nous n\u2019allons pas nous attarder sur les r\u00e9els d\u00e9sagr\u00e9ments subis par les citoyens, les causes devant \u00eatre recherch\u00e9es essentiellement derri\u00e8re les d\u00e9faillances du service public du transport \u00e0 cause d\u2019une politique d\u00e9sastreuse en la mati\u00e8re, mais sur les raisons qui ont pouss\u00e9 les conducteurs de taxis \u00e0 user de leur \u00ab droit de gr\u00e8ve \u00bb !<\/p>\n<p>Certaines de ces raisons m\u2019ont paru l\u00e9gitimes, notamment le \u00ab harc\u00e8lement \u00bb dont ils seraient victimes de la part des agents de la circulation avec des amendes lourdes et excessives pour n\u2019importe quelle \u00ab broutille \u00bb, comme l\u2019expliquent les conducteurs de taxis.<\/p>\n<p>Sur ce plan, personne n\u2019ignore les relations de client\u00e9lisme et la corruption qui s\u00e9vissaient auparavant, les conducteurs de taxis \u00e9tant devenus la vache \u00e0 lait de ces agents v\u00e9reux ! Mais, en face, il faut aussi croire qu\u2019une forme de complicit\u00e9 existe entre eux lorsqu\u2019on constate le \u00ab man\u00e8ge \u00bb des taxis de l\u2019a\u00e9roport de Tunis-Carthage et son flot de d\u00e9passements et d\u2019abus de tous genres sur lesquels le simple citoyen n\u2019a aucune emprise.<\/p>\n<p>Autrement dit, il s\u2019agit donc pour les conducteurs de taxis d\u2019\u00eatre sans reproche pour priver les agents de la circulation, dont plusieurs ne manquent pas de probit\u00e9, de les prendre en otage ou de les sanctionner.<\/p>\n<p>Cependant, nous avons pu \u00e9couter quelques interventions des repr\u00e9sentants syndicaux des conducteurs de taxis, et nous ne pouvons pas nous emp\u00eacher de souligner que certaines de leurs \u00ab revendications \u00bb sont ahurissantes, voulant perp\u00e9tuer des comportements anarchiques et les l\u00e9gitimant !<\/p>\n<p>Ainsi, on a pu entendre qu\u2019il ne comprend pas pourquoi on sanctionne un chauffeur de taxi mal ras\u00e9 (sic !) ? Pourquoi ne porterait-il pas un Jean ? N\u2019a-t-il pas le droit de porter des espadrilles ou m\u00eame des tongs ??? Autrement dit, les repr\u00e9sentants des taxistes seraient donc favorables \u00e0 la poursuite de cette conduite et de ces mani\u00e8res d\u2019\u00eatre de leurs comp\u00e8res, une conduite qui donne une image d\u00e9sastreuse de notre pays.<\/p>\n<p>Ce qui est le plus choquant, c\u2019est que certains m\u00e9dias, et non des moindres vu leur audience, d\u00e9fendent en quelque sorte cette position ind\u00e9fendable ! C\u2019est l\u00e0 une nouvelle expression de ce chaos qui continue de ravager le pays, de miner ses assises et de ruiner son image\u2026<br \/>\nL.L.<\/p>\n","protected":false},"excerpt":{"rendered":"<p>Le chaos ravageur : La gr\u00e8ve des taxis, un exemple !<\/p>\n","protected":false},"author":3222,"featured_media":312492,"comment_status":"open","ping_status":"closed","sticky":false,"template":"","format":"standard","meta":{"footnotes":""},"categories":[2589],"tags":[],"class_list":["post-178960","post","type-post","status-publish","format-standard","has-post-thumbnail","hentry","category-edito"],"yoast_head":"<!-- This site is optimized with the Yoast SEO Premium plugin v27.5 (Yoast SEO v27.5) - https:\/\/yoast.com\/product\/yoast-seo-premium-wordpress\/ -->\n<title>Le chaos ravageur : La gr\u00e8ve des taxis, un exemple !<\/title>\n<meta name=\"description\" content=\"Le chaos ravageur : La gr\u00e8ve des taxis, un exemple !\" \/>\n<link rel=\"canonical\" href=\"https:\/\/www.webdo.tn\/fr\/actualite\/edito\/tunisie-chaos-ravageur-greve-taxis-exemple\/178960\/\" \/>\n<meta property=\"og:locale\" content=\"fr_FR\" \/>\n<meta property=\"og:type\" content=\"article\" \/>\n<meta property=\"og:title\" content=\"Le chaos ravageur : La gr\u00e8ve des taxis, un exemple !\" \/>\n<meta property=\"og:description\" content=\"Le chaos ravageur : La gr\u00e8ve des taxis, un exemple !\" \/>\n<meta property=\"og:url\" content=\"https:\/\/www.webdo.tn\/fr\/actualite\/edito\/tunisie-chaos-ravageur-greve-taxis-exemple\/178960\/\" \/>\n<meta property=\"og:site_name\" content=\"webdo\" \/>\n<meta property=\"article:publisher\" content=\"https:\/\/www.facebook.com\/webdotn\" \/>\n<meta property=\"article:published_time\" content=\"2016-11-01T22:13:00+00:00\" \/>\n<meta property=\"article:modified_time\" content=\"2025-05-22T12:36:59+00:00\" \/>\n<meta property=\"og:image\" content=\"https:\/\/www.webdo.tn\/fr\/wp-content\/uploads\/2016\/11\/IMG_5136.jpg\" \/>\n\t<meta property=\"og:image:width\" content=\"600\" \/>\n\t<meta property=\"og:image:height\" content=\"337\" \/>\n\t<meta property=\"og:image:type\" content=\"image\/jpeg\" \/>\n<meta name=\"author\" content=\"webdo.tn\" \/>\n<meta name=\"twitter:card\" content=\"summary_large_image\" \/>\n<meta name=\"twitter:creator\" content=\"@webdo_tn\" \/>\n<meta name=\"twitter:site\" content=\"@webdo_tn\" \/>\n<meta name=\"twitter:label1\" content=\"\u00c9crit par\" \/>\n\t<meta name=\"twitter:data1\" content=\"webdo.tn\" \/>\n\t<meta name=\"twitter:label2\" content=\"Dur\u00e9e de lecture estim\u00e9e\" \/>\n\t<meta name=\"twitter:data2\" content=\"2 minutes\" \/>\n<script type=\"application\/ld+json\" class=\"yoast-schema-graph\">{\"@context\":\"https:\\\/\\\/schema.org\",\"@graph\":[{\"@type\":\"NewsArticle\",\"@id\":\"https:\\\/\\\/www.webdo.tn\\\/fr\\\/actualite\\\/edito\\\/tunisie-chaos-ravageur-greve-taxis-exemple\\\/178960\\\/#article\",\"isPartOf\":{\"@id\":\"https:\\\/\\\/www.webdo.tn\\\/fr\\\/actualite\\\/edito\\\/tunisie-chaos-ravageur-greve-taxis-exemple\\\/178960\\\/\"},\"author\":{\"name\":\"webdo.tn\",\"@id\":\"https:\\\/\\\/www.webdo.tn\\\/fr\\\/#\\\/schema\\\/person\\\/9a9c6118d687c117df8ef3cc36a4d175\"},\"headline\":\"Le chaos ravageur : La gr\u00e8ve des taxis, un exemple !\",\"datePublished\":\"2016-11-01T22:13:00+00:00\",\"dateModified\":\"2025-05-22T12:36:59+00:00\",\"mainEntityOfPage\":{\"@id\":\"https:\\\/\\\/www.webdo.tn\\\/fr\\\/actualite\\\/edito\\\/tunisie-chaos-ravageur-greve-taxis-exemple\\\/178960\\\/\"},\"wordCount\":471,\"commentCount\":0,\"publisher\":{\"@id\":\"https:\\\/\\\/www.webdo.tn\\\/fr\\\/#organization\"},\"image\":{\"@id\":\"https:\\\/\\\/www.webdo.tn\\\/fr\\\/actualite\\\/edito\\\/tunisie-chaos-ravageur-greve-taxis-exemple\\\/178960\\\/#primaryimage\"},\"thumbnailUrl\":\"https:\\\/\\\/www.webdo.tn\\\/fr\\\/wp-content\\\/uploads\\\/2016\\\/11\\\/IMG_5136.jpg\",\"articleSection\":[\"Edito\"],\"inLanguage\":\"fr-FR\"},{\"@type\":\"WebPage\",\"@id\":\"https:\\\/\\\/www.webdo.tn\\\/fr\\\/actualite\\\/edito\\\/tunisie-chaos-ravageur-greve-taxis-exemple\\\/178960\\\/\",\"url\":\"https:\\\/\\\/www.webdo.tn\\\/fr\\\/actualite\\\/edito\\\/tunisie-chaos-ravageur-greve-taxis-exemple\\\/178960\\\/\",\"name\":\"Le chaos ravageur : La gr\u00e8ve des taxis, un exemple !\",\"isPartOf\":{\"@id\":\"https:\\\/\\\/www.webdo.tn\\\/fr\\\/#website\"},\"primaryImageOfPage\":{\"@id\":\"https:\\\/\\\/www.webdo.tn\\\/fr\\\/actualite\\\/edito\\\/tunisie-chaos-ravageur-greve-taxis-exemple\\\/178960\\\/#primaryimage\"},\"image\":{\"@id\":\"https:\\\/\\\/www.webdo.tn\\\/fr\\\/actualite\\\/edito\\\/tunisie-chaos-ravageur-greve-taxis-exemple\\\/178960\\\/#primaryimage\"},\"thumbnailUrl\":\"https:\\\/\\\/www.webdo.tn\\\/fr\\\/wp-content\\\/uploads\\\/2016\\\/11\\\/IMG_5136.jpg\",\"datePublished\":\"2016-11-01T22:13:00+00:00\",\"dateModified\":\"2025-05-22T12:36:59+00:00\",\"description\":\"Le chaos ravageur : La gr\u00e8ve des taxis, un exemple !\",\"breadcrumb\":{\"@id\":\"https:\\\/\\\/www.webdo.tn\\\/fr\\\/actualite\\\/edito\\\/tunisie-chaos-ravageur-greve-taxis-exemple\\\/178960\\\/#breadcrumb\"},\"inLanguage\":\"fr-FR\",\"potentialAction\":[{\"@type\":\"ReadAction\",\"target\":[\"https:\\\/\\\/www.webdo.tn\\\/fr\\\/actualite\\\/edito\\\/tunisie-chaos-ravageur-greve-taxis-exemple\\\/178960\\\/\"]}]},{\"@type\":\"ImageObject\",\"inLanguage\":\"fr-FR\",\"@id\":\"https:\\\/\\\/www.webdo.tn\\\/fr\\\/actualite\\\/edito\\\/tunisie-chaos-ravageur-greve-taxis-exemple\\\/178960\\\/#primaryimage\",\"url\":\"https:\\\/\\\/www.webdo.tn\\\/fr\\\/wp-content\\\/uploads\\\/2016\\\/11\\\/IMG_5136.jpg\",\"contentUrl\":\"https:\\\/\\\/www.webdo.tn\\\/fr\\\/wp-content\\\/uploads\\\/2016\\\/11\\\/IMG_5136.jpg\",\"width\":600,\"height\":337,\"caption\":\"Le chaos ravageur : La gr\u00e8ve des taxis, un exemple !\"},{\"@type\":\"BreadcrumbList\",\"@id\":\"https:\\\/\\\/www.webdo.tn\\\/fr\\\/actualite\\\/edito\\\/tunisie-chaos-ravageur-greve-taxis-exemple\\\/178960\\\/#breadcrumb\",\"itemListElement\":[{\"@type\":\"ListItem\",\"position\":1,\"name\":\"Accueil\",\"item\":\"https:\\\/\\\/www.webdo.tn\\\/fr\\\/\"},{\"@type\":\"ListItem\",\"position\":2,\"name\":\"Le chaos ravageur : La gr\u00e8ve des taxis, un exemple !\"}]},{\"@type\":\"WebSite\",\"@id\":\"https:\\\/\\\/www.webdo.tn\\\/fr\\\/#website\",\"url\":\"https:\\\/\\\/www.webdo.tn\\\/fr\\\/\",\"name\":\"webdo\",\"description\":\"Tunisie - News en Tunisie et \u00e0 l&#039;international sur Webdo.tn\",\"publisher\":{\"@id\":\"https:\\\/\\\/www.webdo.tn\\\/fr\\\/#organization\"},\"potentialAction\":[{\"@type\":\"SearchAction\",\"target\":{\"@type\":\"EntryPoint\",\"urlTemplate\":\"https:\\\/\\\/www.webdo.tn\\\/fr\\\/?s={search_term_string}\"},\"query-input\":{\"@type\":\"PropertyValueSpecification\",\"valueRequired\":true,\"valueName\":\"search_term_string\"}}],\"inLanguage\":\"fr-FR\"},{\"@type\":\"Organization\",\"@id\":\"https:\\\/\\\/www.webdo.tn\\\/fr\\\/#organization\",\"name\":\"Webdo\",\"alternateName\":\"Webdo.tn\",\"url\":\"https:\\\/\\\/www.webdo.tn\\\/fr\\\/\",\"logo\":{\"@type\":\"ImageObject\",\"inLanguage\":\"fr-FR\",\"@id\":\"https:\\\/\\\/www.webdo.tn\\\/fr\\\/#\\\/schema\\\/logo\\\/image\\\/\",\"url\":\"https:\\\/\\\/www.webdo.tn\\\/fr\\\/wp-content\\\/uploads\\\/2025\\\/06\\\/Webdo-Tunisie_168377.jpg\",\"contentUrl\":\"https:\\\/\\\/www.webdo.tn\\\/fr\\\/wp-content\\\/uploads\\\/2025\\\/06\\\/Webdo-Tunisie_168377.jpg\",\"width\":301,\"height\":301,\"caption\":\"Webdo\"},\"image\":{\"@id\":\"https:\\\/\\\/www.webdo.tn\\\/fr\\\/#\\\/schema\\\/logo\\\/image\\\/\"},\"sameAs\":[\"https:\\\/\\\/www.facebook.com\\\/webdotn\",\"https:\\\/\\\/x.com\\\/webdo_tn\"],\"description\":\"Webdo est un m\u00e9dia num\u00e9rique tunisien fond\u00e9 en 2010, sp\u00e9cialis\u00e9 dans l\u2019actualit\u00e9 nationale et internationale, l\u2019\u00e9conomie, la soci\u00e9t\u00e9 et les analyses politiques. Le site s\u2019adresse \u00e0 un large public francophone et couvre l\u2019information tunisienne en temps r\u00e9el.\",\"email\":\"redac@webdo.tn\",\"legalName\":\"YNJ SARL\",\"foundingDate\":\"2010-09-06\",\"numberOfEmployees\":{\"@type\":\"QuantitativeValue\",\"minValue\":\"11\",\"maxValue\":\"50\"}},{\"@type\":\"Person\",\"@id\":\"https:\\\/\\\/www.webdo.tn\\\/fr\\\/#\\\/schema\\\/person\\\/9a9c6118d687c117df8ef3cc36a4d175\",\"name\":\"webdo.tn\",\"image\":{\"@type\":\"ImageObject\",\"inLanguage\":\"fr-FR\",\"@id\":\"https:\\\/\\\/secure.gravatar.com\\\/avatar\\\/7ce1f28c0c3bbac99ff550b85ef8e44a6950c6ee24514fb6a5489e51d06f0298?s=96&d=mm&r=g\",\"url\":\"https:\\\/\\\/secure.gravatar.com\\\/avatar\\\/7ce1f28c0c3bbac99ff550b85ef8e44a6950c6ee24514fb6a5489e51d06f0298?s=96&d=mm&r=g\",\"contentUrl\":\"https:\\\/\\\/secure.gravatar.com\\\/avatar\\\/7ce1f28c0c3bbac99ff550b85ef8e44a6950c6ee24514fb6a5489e51d06f0298?s=96&d=mm&r=g\",\"caption\":\"webdo.tn\"},\"url\":\"https:\\\/\\\/www.webdo.tn\\\/fr\\\/actualite\\\/author\\\/webdotn\\\/\"}]}<\/script>\n<!-- \/ Yoast SEO Premium plugin. -->","yoast_head_json":{"title":"Le chaos ravageur : La gr\u00e8ve des taxis, un exemple !","description":"Le chaos ravageur : La gr\u00e8ve des taxis, un exemple !","canonical":"https:\/\/www.webdo.tn\/fr\/actualite\/edito\/tunisie-chaos-ravageur-greve-taxis-exemple\/178960\/","og_locale":"fr_FR","og_type":"article","og_title":"Le chaos ravageur : La gr\u00e8ve des taxis, un exemple !","og_description":"Le chaos ravageur : La gr\u00e8ve des taxis, un exemple !","og_url":"https:\/\/www.webdo.tn\/fr\/actualite\/edito\/tunisie-chaos-ravageur-greve-taxis-exemple\/178960\/","og_site_name":"webdo","article_publisher":"https:\/\/www.facebook.com\/webdotn","article_published_time":"2016-11-01T22:13:00+00:00","article_modified_time":"2025-05-22T12:36:59+00:00","og_image":[{"width":600,"height":337,"url":"https:\/\/www.webdo.tn\/fr\/wp-content\/uploads\/2016\/11\/IMG_5136.jpg","type":"image\/jpeg"}],"author":"webdo.tn","twitter_card":"summary_large_image","twitter_creator":"@webdo_tn","twitter_site":"@webdo_tn","twitter_misc":{"\u00c9crit par":"webdo.tn","Dur\u00e9e de lecture estim\u00e9e":"2 minutes"},"schema":{"@context":"https:\/\/schema.org","@graph":[{"@type":"NewsArticle","@id":"https:\/\/www.webdo.tn\/fr\/actualite\/edito\/tunisie-chaos-ravageur-greve-taxis-exemple\/178960\/#article","isPartOf":{"@id":"https:\/\/www.webdo.tn\/fr\/actualite\/edito\/tunisie-chaos-ravageur-greve-taxis-exemple\/178960\/"},"author":{"name":"webdo.tn","@id":"https:\/\/www.webdo.tn\/fr\/#\/schema\/person\/9a9c6118d687c117df8ef3cc36a4d175"},"headline":"Le chaos ravageur : La gr\u00e8ve des taxis, un exemple !","datePublished":"2016-11-01T22:13:00+00:00","dateModified":"2025-05-22T12:36:59+00:00","mainEntityOfPage":{"@id":"https:\/\/www.webdo.tn\/fr\/actualite\/edito\/tunisie-chaos-ravageur-greve-taxis-exemple\/178960\/"},"wordCount":471,"commentCount":0,"publisher":{"@id":"https:\/\/www.webdo.tn\/fr\/#organization"},"image":{"@id":"https:\/\/www.webdo.tn\/fr\/actualite\/edito\/tunisie-chaos-ravageur-greve-taxis-exemple\/178960\/#primaryimage"},"thumbnailUrl":"https:\/\/www.webdo.tn\/fr\/wp-content\/uploads\/2016\/11\/IMG_5136.jpg","articleSection":["Edito"],"inLanguage":"fr-FR"},{"@type":"WebPage","@id":"https:\/\/www.webdo.tn\/fr\/actualite\/edito\/tunisie-chaos-ravageur-greve-taxis-exemple\/178960\/","url":"https:\/\/www.webdo.tn\/fr\/actualite\/edito\/tunisie-chaos-ravageur-greve-taxis-exemple\/178960\/","name":"Le chaos ravageur : La gr\u00e8ve des taxis, un exemple !","isPartOf":{"@id":"https:\/\/www.webdo.tn\/fr\/#website"},"primaryImageOfPage":{"@id":"https:\/\/www.webdo.tn\/fr\/actualite\/edito\/tunisie-chaos-ravageur-greve-taxis-exemple\/178960\/#primaryimage"},"image":{"@id":"https:\/\/www.webdo.tn\/fr\/actualite\/edito\/tunisie-chaos-ravageur-greve-taxis-exemple\/178960\/#primaryimage"},"thumbnailUrl":"https:\/\/www.webdo.tn\/fr\/wp-content\/uploads\/2016\/11\/IMG_5136.jpg","datePublished":"2016-11-01T22:13:00+00:00","dateModified":"2025-05-22T12:36:59+00:00","description":"Le chaos ravageur : La gr\u00e8ve des taxis, un exemple !","breadcrumb":{"@id":"https:\/\/www.webdo.tn\/fr\/actualite\/edito\/tunisie-chaos-ravageur-greve-taxis-exemple\/178960\/#breadcrumb"},"inLanguage":"fr-FR","potentialAction":[{"@type":"ReadAction","target":["https:\/\/www.webdo.tn\/fr\/actualite\/edito\/tunisie-chaos-ravageur-greve-taxis-exemple\/178960\/"]}]},{"@type":"ImageObject","inLanguage":"fr-FR","@id":"https:\/\/www.webdo.tn\/fr\/actualite\/edito\/tunisie-chaos-ravageur-greve-taxis-exemple\/178960\/#primaryimage","url":"https:\/\/www.webdo.tn\/fr\/wp-content\/uploads\/2016\/11\/IMG_5136.jpg","contentUrl":"https:\/\/www.webdo.tn\/fr\/wp-content\/uploads\/2016\/11\/IMG_5136.jpg","width":600,"height":337,"caption":"Le chaos ravageur : La gr\u00e8ve des taxis, un exemple !"},{"@type":"BreadcrumbList","@id":"https:\/\/www.webdo.tn\/fr\/actualite\/edito\/tunisie-chaos-ravageur-greve-taxis-exemple\/178960\/#breadcrumb","itemListElement":[{"@type":"ListItem","position":1,"name":"Accueil","item":"https:\/\/www.webdo.tn\/fr\/"},{"@type":"ListItem","position":2,"name":"Le chaos ravageur : La gr\u00e8ve des taxis, un exemple !"}]},{"@type":"WebSite","@id":"https:\/\/www.webdo.tn\/fr\/#website","url":"https:\/\/www.webdo.tn\/fr\/","name":"webdo","description":"Tunisie - News en Tunisie et \u00e0 l&#039;international sur Webdo.tn","publisher":{"@id":"https:\/\/www.webdo.tn\/fr\/#organization"},"potentialAction":[{"@type":"SearchAction","target":{"@type":"EntryPoint","urlTemplate":"https:\/\/www.webdo.tn\/fr\/?s={search_term_string}"},"query-input":{"@type":"PropertyValueSpecification","valueRequired":true,"valueName":"search_term_string"}}],"inLanguage":"fr-FR"},{"@type":"Organization","@id":"https:\/\/www.webdo.tn\/fr\/#organization","name":"Webdo","alternateName":"Webdo.tn","url":"https:\/\/www.webdo.tn\/fr\/","logo":{"@type":"ImageObject","inLanguage":"fr-FR","@id":"https:\/\/www.webdo.tn\/fr\/#\/schema\/logo\/image\/","url":"https:\/\/www.webdo.tn\/fr\/wp-content\/uploads\/2025\/06\/Webdo-Tunisie_168377.jpg","contentUrl":"https:\/\/www.webdo.tn\/fr\/wp-content\/uploads\/2025\/06\/Webdo-Tunisie_168377.jpg","width":301,"height":301,"caption":"Webdo"},"image":{"@id":"https:\/\/www.webdo.tn\/fr\/#\/schema\/logo\/image\/"},"sameAs":["https:\/\/www.facebook.com\/webdotn","https:\/\/x.com\/webdo_tn"],"description":"Webdo est un m\u00e9dia num\u00e9rique tunisien fond\u00e9 en 2010, sp\u00e9cialis\u00e9 dans l\u2019actualit\u00e9 nationale et internationale, l\u2019\u00e9conomie, la soci\u00e9t\u00e9 et les analyses politiques. Le site s\u2019adresse \u00e0 un large public francophone et couvre l\u2019information tunisienne en temps r\u00e9el.","email":"redac@webdo.tn","legalName":"YNJ SARL","foundingDate":"2010-09-06","numberOfEmployees":{"@type":"QuantitativeValue","minValue":"11","maxValue":"50"}},{"@type":"Person","@id":"https:\/\/www.webdo.tn\/fr\/#\/schema\/person\/9a9c6118d687c117df8ef3cc36a4d175","name":"webdo.tn","image":{"@type":"ImageObject","inLanguage":"fr-FR","@id":"https:\/\/secure.gravatar.com\/avatar\/7ce1f28c0c3bbac99ff550b85ef8e44a6950c6ee24514fb6a5489e51d06f0298?s=96&d=mm&r=g","url":"https:\/\/secure.gravatar.com\/avatar\/7ce1f28c0c3bbac99ff550b85ef8e44a6950c6ee24514fb6a5489e51d06f0298?s=96&d=mm&r=g","contentUrl":"https:\/\/secure.gravatar.com\/avatar\/7ce1f28c0c3bbac99ff550b85ef8e44a6950c6ee24514fb6a5489e51d06f0298?s=96&d=mm&r=g","caption":"webdo.tn"},"url":"https:\/\/www.webdo.tn\/fr\/actualite\/author\/webdotn\/"}]}},"_links":{"self":[{"href":"https:\/\/www.webdo.tn\/fr\/wp-json\/wp\/v2\/posts\/178960","targetHints":{"allow":["GET"]}}],"collection":[{"href":"https:\/\/www.webdo.tn\/fr\/wp-json\/wp\/v2\/posts"}],"about":[{"href":"https:\/\/www.webdo.tn\/fr\/wp-json\/wp\/v2\/types\/post"}],"author":[{"embeddable":true,"href":"https:\/\/www.webdo.tn\/fr\/wp-json\/wp\/v2\/users\/3222"}],"replies":[{"embeddable":true,"href":"https:\/\/www.webdo.tn\/fr\/wp-json\/wp\/v2\/comments?post=178960"}],"version-history":[{"count":0,"href":"https:\/\/www.webdo.tn\/fr\/wp-json\/wp\/v2\/posts\/178960\/revisions"}],"wp:featuredmedia":[{"embeddable":true,"href":"https:\/\/www.webdo.tn\/fr\/wp-json\/wp\/v2\/media\/312492"}],"wp:attachment":[{"href":"https:\/\/www.webdo.tn\/fr\/wp-json\/wp\/v2\/media?parent=178960"}],"wp:term":[{"taxonomy":"category","embeddable":true,"href":"https:\/\/www.webdo.tn\/fr\/wp-json\/wp\/v2\/categories?post=178960"},{"taxonomy":"post_tag","embeddable":true,"href":"https:\/\/www.webdo.tn\/fr\/wp-json\/wp\/v2\/tags?post=178960"}],"curies":[{"name":"wp","href":"https:\/\/api.w.org\/{rel}","templated":true}]}}