{"id":178959,"date":"2016-11-11T09:21:00","date_gmt":"2016-11-11T08:21:00","guid":{"rendered":"https:\/\/www.webdo.tn\/fr\/actualite\/edito\/trump-a-maison-blanche-changements\/178959"},"modified":"2016-11-11T09:21:00","modified_gmt":"2016-11-11T08:21:00","slug":"trump-a-maison-blanche-changements","status":"publish","type":"post","link":"https:\/\/www.webdo.tn\/fr\/actualite\/edito\/trump-a-maison-blanche-changements\/178959\/","title":{"rendered":"Trump \u00e0 la Maison Blanche : Quels changements ?"},"content":{"rendered":"<p>Les Am\u00e9ricains viennent de faire un vote historique en envoyant Donald Trump \u00e0 la Maison Blanche pour un mandat de quatre ans en tant que 45\u00e8me pr\u00e9sident de la premi\u00e8re puissance mondiale.<\/p>\n<p>Alors que les observateurs de la vie politique am\u00e9ricaine, \u00e0 quelques exceptions pr\u00e8s, ainsi que les sondages donnaient Hillary Clinton vainqueur, les urnes ont parl\u00e9 pour sacrer le \u00ab\u00a0mythique\u00a0\u00bb pr\u00e9sentateur de t\u00e9l\u00e9r\u00e9alit\u00e9 dont les passages faisaient un tabac et explosaient les audiences. Un v\u00e9ritable pied de nez \u00e0 tous les \u00ab\u00a0proph\u00e8tes\u00a0\u00bb de la vie politique et aux \u00ab\u00a0pseudo-experts\u00a0\u00bb !<\/p>\n<p>Il faut dire que l\u2019\u00e9lectorat am\u00e9ricain n\u2019est pas \u00e0 sa premi\u00e8re surprise du genre. L\u2019on se rappelle que l\u2019\u00e9lection d\u2019un acteur de seconde zone, un illustre inconnu \u00e0 l\u2019\u00e9poque, Ronald Reagan en 1980 face au pr\u00e9sident d\u00e9mocrate sortant, Jimmy Carter, avait aussi provoqu\u00e9 un \u00ab\u00a0s\u00e9isme\u00a0\u00bb similaire \u00e0 celui que l\u2019on d\u00e9crit aujourd\u2019hui apr\u00e8s la victoire de Donald Trump.<\/p>\n<p>L\u2019ascension de ce dernier \u00e0 la plus haute magistrature am\u00e9ricaine est une d\u00e9faite d\u2019abord de l\u2019establishment us, de la classe politique emp\u00eatr\u00e9e depuis des ann\u00e9es dans d\u2018inextricables probl\u00e9matiques sur le plan international dans plusieurs dossiers relatifs \u00e0 la politique \u00e9trang\u00e8re des Etats-Unis (terrorisme, Syrie, Irak, Iran, Libye etc. ) ainsi que les probl\u00e8mes et la crise \u00e9conomiques qui secouent le g\u00e9ant am\u00e9ricain et qui frappent de plein fouet plusieurs classes sociales notamment les classes moyennes et les classes laborieuses.<\/p>\n<p>Elle est ensuite celle d\u2019un discours qui n\u2019arrive plus \u00e0 mobiliser les \u00e9lecteurs am\u00e9ricains, les d\u00e9bats \u00ab\u00a0intellos\u00a0\u00bb ne les int\u00e9ressant plus et surtout n\u2019ayant aucun r\u00e9el impact sur leur vie quotidienne tout en annon\u00e7ant la perte des Etats-Unis leur place de leader du monde.<\/p>\n<p>Si, Hillary Clinton apparaissait comme une candidate du statuquo, Donald Trump \u00e9tait, paradoxalement, le candidat du changement usant d\u2019un discours populaire, voire populiste, qui a pu mobiliser les suffragants et qui lui a permis de remporter largement le scrutin.<\/p>\n<p>Ce qui est d\u00e9routant dans ce vote, et qui ne fait que confirmer la perversit\u00e9 de la d\u00e9mocratie \u00e0 l\u2019am\u00e9ricaine, c\u2019est que les \u00e9lections paraissent aujourd\u2019hui beaucoup plus une affaire de gros sous et un investissement financier que l\u2019expression libre de la volont\u00e9 des \u00e9lecteurs. Trump a \u00e9t\u00e9 aussi probablement \u00e9lu parce qu\u2019il a su manipuler la majorit\u00e9 de la population et gr\u00e2ce \u00e0 une campagne \u00e9lectorale agressive, provocatrice et fond\u00e9e sur la restauration de la grandeur am\u00e9ricaine.<\/p>\n<p>Dans cette optique, le futur qu\u2019il va tracer aux Etats-Unis sera quand m\u00eame marqu\u00e9 par une nouvelle orientation qui pourrait se manifester notamment par le retour \u00e0 une forme de protectionnisme, \u00e0 une baisse des imp\u00f4ts, un durcissement des conditions d\u2019immigration pour tenter de relancer la machine \u00e9conomique.<\/p>\n<p>Au niveau international, ce qui nous int\u00e9resse, c\u2019est son comportement envers la Tunisie, et sur ce plan, l\u2019intention qu\u2019on lui pr\u00eate est de mener une lutte sans merci contre le terrorisme islamiste quitte \u00e0 s\u2019allier avec la Russie. Cela explique l\u2019empressement avec lequel le pr\u00e9sident Sissi l\u2019a f\u00e9licit\u00e9 et une \u00e9ventuelle action d\u2019envergure dans cette direction pourrait entra\u00eener de grands bouleversements dans notre r\u00e9gion.<\/p>\n<p>Maintenant, Trump comme plusieurs de ceux qui l\u2019ont pr\u00e9c\u00e9d\u00e9, ne sera pas seul aux commandes, mais simplement un \u00ab\u00a0pion\u00a0\u00bb entre les mains des multinationales\u2026<br \/>\nL.L.<\/p>\n","protected":false},"excerpt":{"rendered":"<p>Les Am\u00e9ricains viennent de faire un vote historique en envoyant Donald Trump \u00e0 la Maison Blanche pour un mandat de quatre ans en tant que 45\u00e8me pr\u00e9side<\/p>\n","protected":false},"author":3222,"featured_media":366890,"comment_status":"open","ping_status":"open","sticky":false,"template":"","format":"standard","meta":{"footnotes":""},"categories":[2589],"tags":[],"class_list":["post-178959","post","type-post","status-publish","format-standard","has-post-thumbnail","hentry","category-edito"],"yoast_head":"<!-- This site is optimized with the Yoast SEO Premium plugin v27.5 (Yoast SEO v27.5) - https:\/\/yoast.com\/product\/yoast-seo-premium-wordpress\/ -->\n<title>Trump \u00e0 la Maison Blanche : Quels changements ?<\/title>\n<meta name=\"description\" content=\"Trump \u00e0 la Maison Blanche : Quels changements ?\" \/>\n<link rel=\"canonical\" href=\"https:\/\/www.webdo.tn\/fr\/actualite\/edito\/trump-a-maison-blanche-changements\/178959\/\" \/>\n<meta property=\"og:locale\" content=\"fr_FR\" \/>\n<meta property=\"og:type\" content=\"article\" \/>\n<meta property=\"og:title\" content=\"Trump \u00e0 la Maison Blanche : Quels changements ?\" \/>\n<meta property=\"og:description\" content=\"Trump \u00e0 la Maison Blanche : Quels changements ?\" \/>\n<meta property=\"og:url\" content=\"https:\/\/www.webdo.tn\/fr\/actualite\/edito\/trump-a-maison-blanche-changements\/178959\/\" \/>\n<meta property=\"og:site_name\" content=\"webdo\" \/>\n<meta property=\"article:publisher\" content=\"https:\/\/www.facebook.com\/webdotn\" \/>\n<meta property=\"article:published_time\" content=\"2016-11-11T08:21:00+00:00\" \/>\n<meta property=\"og:image\" content=\"https:\/\/www.webdo.tn\/fr\/wp-content\/uploads\/2025\/06\/Trump-3-300x172_178959.jpg\" \/>\n\t<meta property=\"og:image:width\" content=\"300\" \/>\n\t<meta property=\"og:image:height\" content=\"172\" \/>\n\t<meta property=\"og:image:type\" content=\"image\/jpeg\" \/>\n<meta name=\"author\" content=\"webdo.tn\" \/>\n<meta name=\"twitter:card\" content=\"summary_large_image\" \/>\n<meta name=\"twitter:creator\" content=\"@webdo_tn\" \/>\n<meta name=\"twitter:site\" content=\"@webdo_tn\" \/>\n<meta name=\"twitter:label1\" content=\"\u00c9crit par\" \/>\n\t<meta name=\"twitter:data1\" content=\"webdo.tn\" \/>\n\t<meta name=\"twitter:label2\" content=\"Dur\u00e9e de lecture estim\u00e9e\" \/>\n\t<meta name=\"twitter:data2\" content=\"3 minutes\" \/>\n<script type=\"application\/ld+json\" class=\"yoast-schema-graph\">{\"@context\":\"https:\\\/\\\/schema.org\",\"@graph\":[{\"@type\":\"NewsArticle\",\"@id\":\"https:\\\/\\\/www.webdo.tn\\\/fr\\\/actualite\\\/edito\\\/trump-a-maison-blanche-changements\\\/178959\\\/#article\",\"isPartOf\":{\"@id\":\"https:\\\/\\\/www.webdo.tn\\\/fr\\\/actualite\\\/edito\\\/trump-a-maison-blanche-changements\\\/178959\\\/\"},\"author\":{\"name\":\"webdo.tn\",\"@id\":\"https:\\\/\\\/www.webdo.tn\\\/fr\\\/#\\\/schema\\\/person\\\/9a9c6118d687c117df8ef3cc36a4d175\"},\"headline\":\"Trump \u00e0 la Maison Blanche : Quels changements ?\",\"datePublished\":\"2016-11-11T08:21:00+00:00\",\"mainEntityOfPage\":{\"@id\":\"https:\\\/\\\/www.webdo.tn\\\/fr\\\/actualite\\\/edito\\\/trump-a-maison-blanche-changements\\\/178959\\\/\"},\"wordCount\":596,\"commentCount\":0,\"publisher\":{\"@id\":\"https:\\\/\\\/www.webdo.tn\\\/fr\\\/#organization\"},\"image\":{\"@id\":\"https:\\\/\\\/www.webdo.tn\\\/fr\\\/actualite\\\/edito\\\/trump-a-maison-blanche-changements\\\/178959\\\/#primaryimage\"},\"thumbnailUrl\":\"https:\\\/\\\/www.webdo.tn\\\/fr\\\/wp-content\\\/uploads\\\/2025\\\/06\\\/Trump-3-300x172_178959.jpg\",\"articleSection\":[\"Edito\"],\"inLanguage\":\"fr-FR\"},{\"@type\":\"WebPage\",\"@id\":\"https:\\\/\\\/www.webdo.tn\\\/fr\\\/actualite\\\/edito\\\/trump-a-maison-blanche-changements\\\/178959\\\/\",\"url\":\"https:\\\/\\\/www.webdo.tn\\\/fr\\\/actualite\\\/edito\\\/trump-a-maison-blanche-changements\\\/178959\\\/\",\"name\":\"Trump \u00e0 la Maison Blanche : Quels changements ?\",\"isPartOf\":{\"@id\":\"https:\\\/\\\/www.webdo.tn\\\/fr\\\/#website\"},\"primaryImageOfPage\":{\"@id\":\"https:\\\/\\\/www.webdo.tn\\\/fr\\\/actualite\\\/edito\\\/trump-a-maison-blanche-changements\\\/178959\\\/#primaryimage\"},\"image\":{\"@id\":\"https:\\\/\\\/www.webdo.tn\\\/fr\\\/actualite\\\/edito\\\/trump-a-maison-blanche-changements\\\/178959\\\/#primaryimage\"},\"thumbnailUrl\":\"https:\\\/\\\/www.webdo.tn\\\/fr\\\/wp-content\\\/uploads\\\/2025\\\/06\\\/Trump-3-300x172_178959.jpg\",\"datePublished\":\"2016-11-11T08:21:00+00:00\",\"description\":\"Trump \u00e0 la Maison Blanche : Quels changements ?\",\"breadcrumb\":{\"@id\":\"https:\\\/\\\/www.webdo.tn\\\/fr\\\/actualite\\\/edito\\\/trump-a-maison-blanche-changements\\\/178959\\\/#breadcrumb\"},\"inLanguage\":\"fr-FR\",\"potentialAction\":[{\"@type\":\"ReadAction\",\"target\":[\"https:\\\/\\\/www.webdo.tn\\\/fr\\\/actualite\\\/edito\\\/trump-a-maison-blanche-changements\\\/178959\\\/\"]}]},{\"@type\":\"ImageObject\",\"inLanguage\":\"fr-FR\",\"@id\":\"https:\\\/\\\/www.webdo.tn\\\/fr\\\/actualite\\\/edito\\\/trump-a-maison-blanche-changements\\\/178959\\\/#primaryimage\",\"url\":\"https:\\\/\\\/www.webdo.tn\\\/fr\\\/wp-content\\\/uploads\\\/2025\\\/06\\\/Trump-3-300x172_178959.jpg\",\"contentUrl\":\"https:\\\/\\\/www.webdo.tn\\\/fr\\\/wp-content\\\/uploads\\\/2025\\\/06\\\/Trump-3-300x172_178959.jpg\",\"width\":300,\"height\":172,\"caption\":\"Trump \u00e0 la Maison Blanche : Quels changements ?\"},{\"@type\":\"BreadcrumbList\",\"@id\":\"https:\\\/\\\/www.webdo.tn\\\/fr\\\/actualite\\\/edito\\\/trump-a-maison-blanche-changements\\\/178959\\\/#breadcrumb\",\"itemListElement\":[{\"@type\":\"ListItem\",\"position\":1,\"name\":\"Accueil\",\"item\":\"https:\\\/\\\/www.webdo.tn\\\/fr\\\/\"},{\"@type\":\"ListItem\",\"position\":2,\"name\":\"Trump \u00e0 la Maison Blanche : Quels changements ?\"}]},{\"@type\":\"WebSite\",\"@id\":\"https:\\\/\\\/www.webdo.tn\\\/fr\\\/#website\",\"url\":\"https:\\\/\\\/www.webdo.tn\\\/fr\\\/\",\"name\":\"webdo\",\"description\":\"Tunisie - News en Tunisie et \u00e0 l&#039;international sur Webdo.tn\",\"publisher\":{\"@id\":\"https:\\\/\\\/www.webdo.tn\\\/fr\\\/#organization\"},\"potentialAction\":[{\"@type\":\"SearchAction\",\"target\":{\"@type\":\"EntryPoint\",\"urlTemplate\":\"https:\\\/\\\/www.webdo.tn\\\/fr\\\/?s={search_term_string}\"},\"query-input\":{\"@type\":\"PropertyValueSpecification\",\"valueRequired\":true,\"valueName\":\"search_term_string\"}}],\"inLanguage\":\"fr-FR\"},{\"@type\":\"Organization\",\"@id\":\"https:\\\/\\\/www.webdo.tn\\\/fr\\\/#organization\",\"name\":\"Webdo\",\"alternateName\":\"Webdo.tn\",\"url\":\"https:\\\/\\\/www.webdo.tn\\\/fr\\\/\",\"logo\":{\"@type\":\"ImageObject\",\"inLanguage\":\"fr-FR\",\"@id\":\"https:\\\/\\\/www.webdo.tn\\\/fr\\\/#\\\/schema\\\/logo\\\/image\\\/\",\"url\":\"https:\\\/\\\/www.webdo.tn\\\/fr\\\/wp-content\\\/uploads\\\/2025\\\/06\\\/Webdo-Tunisie_168377.jpg\",\"contentUrl\":\"https:\\\/\\\/www.webdo.tn\\\/fr\\\/wp-content\\\/uploads\\\/2025\\\/06\\\/Webdo-Tunisie_168377.jpg\",\"width\":301,\"height\":301,\"caption\":\"Webdo\"},\"image\":{\"@id\":\"https:\\\/\\\/www.webdo.tn\\\/fr\\\/#\\\/schema\\\/logo\\\/image\\\/\"},\"sameAs\":[\"https:\\\/\\\/www.facebook.com\\\/webdotn\",\"https:\\\/\\\/x.com\\\/webdo_tn\"],\"description\":\"Webdo est un m\u00e9dia num\u00e9rique tunisien fond\u00e9 en 2010, sp\u00e9cialis\u00e9 dans l\u2019actualit\u00e9 nationale et internationale, l\u2019\u00e9conomie, la soci\u00e9t\u00e9 et les analyses politiques. Le site s\u2019adresse \u00e0 un large public francophone et couvre l\u2019information tunisienne en temps r\u00e9el.\",\"email\":\"redac@webdo.tn\",\"legalName\":\"YNJ SARL\",\"foundingDate\":\"2010-09-06\",\"numberOfEmployees\":{\"@type\":\"QuantitativeValue\",\"minValue\":\"11\",\"maxValue\":\"50\"}},{\"@type\":\"Person\",\"@id\":\"https:\\\/\\\/www.webdo.tn\\\/fr\\\/#\\\/schema\\\/person\\\/9a9c6118d687c117df8ef3cc36a4d175\",\"name\":\"webdo.tn\",\"image\":{\"@type\":\"ImageObject\",\"inLanguage\":\"fr-FR\",\"@id\":\"https:\\\/\\\/secure.gravatar.com\\\/avatar\\\/7ce1f28c0c3bbac99ff550b85ef8e44a6950c6ee24514fb6a5489e51d06f0298?s=96&d=mm&r=g\",\"url\":\"https:\\\/\\\/secure.gravatar.com\\\/avatar\\\/7ce1f28c0c3bbac99ff550b85ef8e44a6950c6ee24514fb6a5489e51d06f0298?s=96&d=mm&r=g\",\"contentUrl\":\"https:\\\/\\\/secure.gravatar.com\\\/avatar\\\/7ce1f28c0c3bbac99ff550b85ef8e44a6950c6ee24514fb6a5489e51d06f0298?s=96&d=mm&r=g\",\"caption\":\"webdo.tn\"},\"url\":\"https:\\\/\\\/www.webdo.tn\\\/fr\\\/actualite\\\/author\\\/webdotn\\\/\"}]}<\/script>\n<!-- \/ Yoast SEO Premium plugin. -->","yoast_head_json":{"title":"Trump \u00e0 la Maison Blanche : Quels changements ?","description":"Trump \u00e0 la Maison Blanche : Quels changements ?","canonical":"https:\/\/www.webdo.tn\/fr\/actualite\/edito\/trump-a-maison-blanche-changements\/178959\/","og_locale":"fr_FR","og_type":"article","og_title":"Trump \u00e0 la Maison Blanche : Quels changements ?","og_description":"Trump \u00e0 la Maison Blanche : Quels changements ?","og_url":"https:\/\/www.webdo.tn\/fr\/actualite\/edito\/trump-a-maison-blanche-changements\/178959\/","og_site_name":"webdo","article_publisher":"https:\/\/www.facebook.com\/webdotn","article_published_time":"2016-11-11T08:21:00+00:00","og_image":[{"width":300,"height":172,"url":"https:\/\/www.webdo.tn\/fr\/wp-content\/uploads\/2025\/06\/Trump-3-300x172_178959.jpg","type":"image\/jpeg"}],"author":"webdo.tn","twitter_card":"summary_large_image","twitter_creator":"@webdo_tn","twitter_site":"@webdo_tn","twitter_misc":{"\u00c9crit par":"webdo.tn","Dur\u00e9e de lecture estim\u00e9e":"3 minutes"},"schema":{"@context":"https:\/\/schema.org","@graph":[{"@type":"NewsArticle","@id":"https:\/\/www.webdo.tn\/fr\/actualite\/edito\/trump-a-maison-blanche-changements\/178959\/#article","isPartOf":{"@id":"https:\/\/www.webdo.tn\/fr\/actualite\/edito\/trump-a-maison-blanche-changements\/178959\/"},"author":{"name":"webdo.tn","@id":"https:\/\/www.webdo.tn\/fr\/#\/schema\/person\/9a9c6118d687c117df8ef3cc36a4d175"},"headline":"Trump \u00e0 la Maison Blanche : Quels changements ?","datePublished":"2016-11-11T08:21:00+00:00","mainEntityOfPage":{"@id":"https:\/\/www.webdo.tn\/fr\/actualite\/edito\/trump-a-maison-blanche-changements\/178959\/"},"wordCount":596,"commentCount":0,"publisher":{"@id":"https:\/\/www.webdo.tn\/fr\/#organization"},"image":{"@id":"https:\/\/www.webdo.tn\/fr\/actualite\/edito\/trump-a-maison-blanche-changements\/178959\/#primaryimage"},"thumbnailUrl":"https:\/\/www.webdo.tn\/fr\/wp-content\/uploads\/2025\/06\/Trump-3-300x172_178959.jpg","articleSection":["Edito"],"inLanguage":"fr-FR"},{"@type":"WebPage","@id":"https:\/\/www.webdo.tn\/fr\/actualite\/edito\/trump-a-maison-blanche-changements\/178959\/","url":"https:\/\/www.webdo.tn\/fr\/actualite\/edito\/trump-a-maison-blanche-changements\/178959\/","name":"Trump \u00e0 la Maison Blanche : Quels changements ?","isPartOf":{"@id":"https:\/\/www.webdo.tn\/fr\/#website"},"primaryImageOfPage":{"@id":"https:\/\/www.webdo.tn\/fr\/actualite\/edito\/trump-a-maison-blanche-changements\/178959\/#primaryimage"},"image":{"@id":"https:\/\/www.webdo.tn\/fr\/actualite\/edito\/trump-a-maison-blanche-changements\/178959\/#primaryimage"},"thumbnailUrl":"https:\/\/www.webdo.tn\/fr\/wp-content\/uploads\/2025\/06\/Trump-3-300x172_178959.jpg","datePublished":"2016-11-11T08:21:00+00:00","description":"Trump \u00e0 la Maison Blanche : Quels changements ?","breadcrumb":{"@id":"https:\/\/www.webdo.tn\/fr\/actualite\/edito\/trump-a-maison-blanche-changements\/178959\/#breadcrumb"},"inLanguage":"fr-FR","potentialAction":[{"@type":"ReadAction","target":["https:\/\/www.webdo.tn\/fr\/actualite\/edito\/trump-a-maison-blanche-changements\/178959\/"]}]},{"@type":"ImageObject","inLanguage":"fr-FR","@id":"https:\/\/www.webdo.tn\/fr\/actualite\/edito\/trump-a-maison-blanche-changements\/178959\/#primaryimage","url":"https:\/\/www.webdo.tn\/fr\/wp-content\/uploads\/2025\/06\/Trump-3-300x172_178959.jpg","contentUrl":"https:\/\/www.webdo.tn\/fr\/wp-content\/uploads\/2025\/06\/Trump-3-300x172_178959.jpg","width":300,"height":172,"caption":"Trump \u00e0 la Maison Blanche : Quels changements ?"},{"@type":"BreadcrumbList","@id":"https:\/\/www.webdo.tn\/fr\/actualite\/edito\/trump-a-maison-blanche-changements\/178959\/#breadcrumb","itemListElement":[{"@type":"ListItem","position":1,"name":"Accueil","item":"https:\/\/www.webdo.tn\/fr\/"},{"@type":"ListItem","position":2,"name":"Trump \u00e0 la Maison Blanche : Quels changements ?"}]},{"@type":"WebSite","@id":"https:\/\/www.webdo.tn\/fr\/#website","url":"https:\/\/www.webdo.tn\/fr\/","name":"webdo","description":"Tunisie - News en Tunisie et \u00e0 l&#039;international sur Webdo.tn","publisher":{"@id":"https:\/\/www.webdo.tn\/fr\/#organization"},"potentialAction":[{"@type":"SearchAction","target":{"@type":"EntryPoint","urlTemplate":"https:\/\/www.webdo.tn\/fr\/?s={search_term_string}"},"query-input":{"@type":"PropertyValueSpecification","valueRequired":true,"valueName":"search_term_string"}}],"inLanguage":"fr-FR"},{"@type":"Organization","@id":"https:\/\/www.webdo.tn\/fr\/#organization","name":"Webdo","alternateName":"Webdo.tn","url":"https:\/\/www.webdo.tn\/fr\/","logo":{"@type":"ImageObject","inLanguage":"fr-FR","@id":"https:\/\/www.webdo.tn\/fr\/#\/schema\/logo\/image\/","url":"https:\/\/www.webdo.tn\/fr\/wp-content\/uploads\/2025\/06\/Webdo-Tunisie_168377.jpg","contentUrl":"https:\/\/www.webdo.tn\/fr\/wp-content\/uploads\/2025\/06\/Webdo-Tunisie_168377.jpg","width":301,"height":301,"caption":"Webdo"},"image":{"@id":"https:\/\/www.webdo.tn\/fr\/#\/schema\/logo\/image\/"},"sameAs":["https:\/\/www.facebook.com\/webdotn","https:\/\/x.com\/webdo_tn"],"description":"Webdo est un m\u00e9dia num\u00e9rique tunisien fond\u00e9 en 2010, sp\u00e9cialis\u00e9 dans l\u2019actualit\u00e9 nationale et internationale, l\u2019\u00e9conomie, la soci\u00e9t\u00e9 et les analyses politiques. Le site s\u2019adresse \u00e0 un large public francophone et couvre l\u2019information tunisienne en temps r\u00e9el.","email":"redac@webdo.tn","legalName":"YNJ SARL","foundingDate":"2010-09-06","numberOfEmployees":{"@type":"QuantitativeValue","minValue":"11","maxValue":"50"}},{"@type":"Person","@id":"https:\/\/www.webdo.tn\/fr\/#\/schema\/person\/9a9c6118d687c117df8ef3cc36a4d175","name":"webdo.tn","image":{"@type":"ImageObject","inLanguage":"fr-FR","@id":"https:\/\/secure.gravatar.com\/avatar\/7ce1f28c0c3bbac99ff550b85ef8e44a6950c6ee24514fb6a5489e51d06f0298?s=96&d=mm&r=g","url":"https:\/\/secure.gravatar.com\/avatar\/7ce1f28c0c3bbac99ff550b85ef8e44a6950c6ee24514fb6a5489e51d06f0298?s=96&d=mm&r=g","contentUrl":"https:\/\/secure.gravatar.com\/avatar\/7ce1f28c0c3bbac99ff550b85ef8e44a6950c6ee24514fb6a5489e51d06f0298?s=96&d=mm&r=g","caption":"webdo.tn"},"url":"https:\/\/www.webdo.tn\/fr\/actualite\/author\/webdotn\/"}]}},"_links":{"self":[{"href":"https:\/\/www.webdo.tn\/fr\/wp-json\/wp\/v2\/posts\/178959","targetHints":{"allow":["GET"]}}],"collection":[{"href":"https:\/\/www.webdo.tn\/fr\/wp-json\/wp\/v2\/posts"}],"about":[{"href":"https:\/\/www.webdo.tn\/fr\/wp-json\/wp\/v2\/types\/post"}],"author":[{"embeddable":true,"href":"https:\/\/www.webdo.tn\/fr\/wp-json\/wp\/v2\/users\/3222"}],"replies":[{"embeddable":true,"href":"https:\/\/www.webdo.tn\/fr\/wp-json\/wp\/v2\/comments?post=178959"}],"version-history":[{"count":0,"href":"https:\/\/www.webdo.tn\/fr\/wp-json\/wp\/v2\/posts\/178959\/revisions"}],"wp:featuredmedia":[{"embeddable":true,"href":"https:\/\/www.webdo.tn\/fr\/wp-json\/wp\/v2\/media\/366890"}],"wp:attachment":[{"href":"https:\/\/www.webdo.tn\/fr\/wp-json\/wp\/v2\/media?parent=178959"}],"wp:term":[{"taxonomy":"category","embeddable":true,"href":"https:\/\/www.webdo.tn\/fr\/wp-json\/wp\/v2\/categories?post=178959"},{"taxonomy":"post_tag","embeddable":true,"href":"https:\/\/www.webdo.tn\/fr\/wp-json\/wp\/v2\/tags?post=178959"}],"curies":[{"name":"wp","href":"https:\/\/api.w.org\/{rel}","templated":true}]}}