{"id":178958,"date":"2016-11-11T09:35:00","date_gmt":"2016-11-11T09:35:00","guid":{"rendered":"https:\/\/www.webdo.tn\/fr\/blog\/tunisie-recyclage-politique\/178958\/"},"modified":"2025-05-22T12:36:58","modified_gmt":"2025-05-22T12:36:58","slug":"tunisie-recyclage-politique","status":"publish","type":"post","link":"https:\/\/www.webdo.tn\/fr\/actualite\/edito\/tunisie-recyclage-politique\/178958\/","title":{"rendered":"Tunisie : Recyclage politique"},"content":{"rendered":"<p>La sc\u00e8ne politique tunisienne connait un formidable \u00e9miettement. Mis \u00e0 part les Islamistes d\u2019Ennahdha qui semblent garder au moins une unit\u00e9 de fa\u00e7ade, les autres partis, notamment Nidaa Toun\u00e8s partent en mille morceaux.<\/p>\n<p>Aujourd\u2019hui, ce parti vit une v\u00e9ritable crise d\u2019identit\u00e9 avec la d\u00e9termination de ce que ses adeptes ont appel\u00e9 \u00ab une Commission du salut \u00bb. Celle-ci a exprim\u00e9 sa volont\u00e9 de construire une formation politique qui deviendrait un part institutionnel. Ces membres sont donc partis en guerre contre la mainmise de Hafedh Caid Essebsi sur le parti.<\/p>\n<p>Or, ce dernier ne semble pas vouloir l\u00e2cher le morceau et perdre son r\u00f4le et l\u2019espoir d\u2019avoir une chance, dans l\u2019avenir, de pouvoir jouer un r\u00f4le politique. Bref, il s\u2019agit d\u2019un n\u0153ud gordien. Cependant, cette bataille au sein de Nidaa Toun\u00e8s, et dans le cas o\u00f9 elle aboutirait \u00e0 un congr\u00e8s v\u00e9ritablement d\u00e9mocratique, ce serait le v\u0153u de cette commission du salut, pourrait permettre de faire \u00e9merger un parti politique nouveau, capable de remodeler la vie politique tunisienne.<\/p>\n<p>Auparavant, ce parti avait d\u00e9j\u00e0 pay\u00e9 l\u2019extr\u00eame perversit\u00e9 de son \u00e9volution puisqu\u2019il fut scind\u00e9 en deux avec la \u00ab fugue \u00bb de Mohsen Marzouk et de plusieurs \u00e9lus. Apr\u00e8s quelques mois de consultations et de pr\u00e9paration, ils form\u00e8rent une nouvelle formation politique qui fut appel\u00e9e \u00ab Machrou Toun\u00e8s \u00bb.<\/p>\n<p>Cette formation n\u2019\u00e9volue pas sans soubresauts puisqu\u2019elle vient de connaitre une crise interne avec une pol\u00e9mique qui a abouti \u00e0 l\u2019exclusion de membres influents et \u00e9lus au sein de l\u2019Assembl\u00e9e des Repr\u00e9sentants du Peuple. Ces derniers accusent Mohsen Marzouk de se comporter comme un \u00ab dictateur \u00bb et remettent en cause son \u00ab pouvoir personnel \u00bb, des pouvoirs qui lui auraient \u00e9t\u00e9 attribu\u00e9s par les \u00ab instances \u00bb du parti.<\/p>\n<p>Mais, cela ne semble gu\u00e8re g\u00eaner Mohsen Marzouk puisqu\u2019il s\u2019est tout simplement retourn\u00e9 vers d\u2019anciens \u00ab rcdistes \u00bb pour \u00ab renforcer \u00bb ses rangs. Ces derniers ont entam\u00e9 et donc r\u00e9ussi leur recyclage politique en se donnant une nouvelle chance de revenir sur la sc\u00e8ne politique occupant m\u00eame une place de choix au sein de Machrou Toun\u00e8s, \u00e0 son bureau politique comme les Sadok Chaabane, Slim Tlatli, Riadh Saada, alors que d\u2019autres l\u2019ont ralli\u00e9 en attendant d\u2019autres avanc\u00e9es. Ces personnes sont connues comme ayant figur\u00e9 parmi les personnalit\u00e9s du Rassemblement Constitutionnel D\u00e9mocratique\u2026<\/p>\n<p>Outre ces personnalit\u00e9s \u00ab rcdistes \u00bb, d\u2019autres personnalit\u00e9s politiques tentent de se rappeler au bon souvenir des Tunisiens et essaient un \u00ab come-back \u00bb politique. Parmi les plus en vue de ces personnalit\u00e9s, on retrouve Ahmed N\u00e9jib Chebbi. Apr\u00e8s son \u00e9chec historique aux l\u00e9gislatives puis aux Pr\u00e9sidentielles, il annon\u00e7a son retrait de son parti et de la vie politique. Ce fut fait mais le virus et son implacable ambition de vouloir rejouer un r\u00f4le politique dans le pays l\u2019ont repris.<\/p>\n<p>Son nom fut d\u2019abord cit\u00e9 parmi les possibles candidats \u00e0 la succession d\u2019Habib Essid. Et aujourd\u2019hui, il se recycle avec un nouveau projet politique. Son retour sur la sc\u00e8ne m\u00e9diatique avec des apparitions sur les plateaux lui a permis de pr\u00e9senter ses id\u00e9es pour la gouvernance du pays.<\/p>\n<p>Ces recyclages sont-ils des tentatives d\u00e9sesp\u00e9r\u00e9es de revenir sur la sc\u00e8ne politique ou bien ces personnalit\u00e9s gagneront-elles leur pari en comptant sur l\u2019amn\u00e9sie populaire\u2026<br \/>\nL.L.<\/p>\n","protected":false},"excerpt":{"rendered":"<p>Tunisie : Recyclage politique<\/p>\n","protected":false},"author":3222,"featured_media":312396,"comment_status":"open","ping_status":"closed","sticky":false,"template":"","format":"standard","meta":{"footnotes":""},"categories":[2589],"tags":[],"class_list":["post-178958","post","type-post","status-publish","format-standard","has-post-thumbnail","hentry","category-edito"],"yoast_head":"<!-- This site is optimized with the Yoast SEO Premium plugin v27.5 (Yoast SEO v27.5) - https:\/\/yoast.com\/product\/yoast-seo-premium-wordpress\/ -->\n<title>Tunisie : Recyclage politique<\/title>\n<meta name=\"description\" content=\"Tunisie : Recyclage politique\" \/>\n<link rel=\"canonical\" href=\"https:\/\/www.webdo.tn\/fr\/actualite\/edito\/tunisie-recyclage-politique\/178958\/\" \/>\n<meta property=\"og:locale\" content=\"fr_FR\" \/>\n<meta property=\"og:type\" content=\"article\" \/>\n<meta property=\"og:title\" content=\"Tunisie : Recyclage politique\" \/>\n<meta property=\"og:description\" content=\"Tunisie : Recyclage politique\" \/>\n<meta property=\"og:url\" content=\"https:\/\/www.webdo.tn\/fr\/actualite\/edito\/tunisie-recyclage-politique\/178958\/\" \/>\n<meta property=\"og:site_name\" content=\"webdo\" \/>\n<meta property=\"article:publisher\" content=\"https:\/\/www.facebook.com\/webdotn\" \/>\n<meta property=\"article:published_time\" content=\"2016-11-11T09:35:00+00:00\" \/>\n<meta property=\"article:modified_time\" content=\"2025-05-22T12:36:58+00:00\" \/>\n<meta property=\"og:image\" content=\"https:\/\/www.webdo.tn\/fr\/wp-content\/uploads\/2016\/11\/Sadok-chaabane.jpg\" \/>\n\t<meta property=\"og:image:width\" content=\"675\" \/>\n\t<meta property=\"og:image:height\" content=\"425\" \/>\n\t<meta property=\"og:image:type\" content=\"image\/jpeg\" \/>\n<meta name=\"author\" content=\"webdo.tn\" \/>\n<meta name=\"twitter:card\" content=\"summary_large_image\" \/>\n<meta name=\"twitter:creator\" content=\"@webdo_tn\" \/>\n<meta name=\"twitter:site\" content=\"@webdo_tn\" \/>\n<meta name=\"twitter:label1\" content=\"\u00c9crit par\" \/>\n\t<meta name=\"twitter:data1\" content=\"webdo.tn\" \/>\n\t<meta name=\"twitter:label2\" content=\"Dur\u00e9e de lecture estim\u00e9e\" \/>\n\t<meta name=\"twitter:data2\" content=\"3 minutes\" \/>\n<script type=\"application\/ld+json\" class=\"yoast-schema-graph\">{\"@context\":\"https:\\\/\\\/schema.org\",\"@graph\":[{\"@type\":\"NewsArticle\",\"@id\":\"https:\\\/\\\/www.webdo.tn\\\/fr\\\/actualite\\\/edito\\\/tunisie-recyclage-politique\\\/178958\\\/#article\",\"isPartOf\":{\"@id\":\"https:\\\/\\\/www.webdo.tn\\\/fr\\\/actualite\\\/edito\\\/tunisie-recyclage-politique\\\/178958\\\/\"},\"author\":{\"name\":\"webdo.tn\",\"@id\":\"https:\\\/\\\/www.webdo.tn\\\/fr\\\/#\\\/schema\\\/person\\\/9a9c6118d687c117df8ef3cc36a4d175\"},\"headline\":\"Tunisie : Recyclage politique\",\"datePublished\":\"2016-11-11T09:35:00+00:00\",\"dateModified\":\"2025-05-22T12:36:58+00:00\",\"mainEntityOfPage\":{\"@id\":\"https:\\\/\\\/www.webdo.tn\\\/fr\\\/actualite\\\/edito\\\/tunisie-recyclage-politique\\\/178958\\\/\"},\"wordCount\":589,\"commentCount\":0,\"publisher\":{\"@id\":\"https:\\\/\\\/www.webdo.tn\\\/fr\\\/#organization\"},\"image\":{\"@id\":\"https:\\\/\\\/www.webdo.tn\\\/fr\\\/actualite\\\/edito\\\/tunisie-recyclage-politique\\\/178958\\\/#primaryimage\"},\"thumbnailUrl\":\"https:\\\/\\\/www.webdo.tn\\\/fr\\\/wp-content\\\/uploads\\\/2016\\\/11\\\/Sadok-chaabane.jpg\",\"articleSection\":[\"Edito\"],\"inLanguage\":\"fr-FR\"},{\"@type\":\"WebPage\",\"@id\":\"https:\\\/\\\/www.webdo.tn\\\/fr\\\/actualite\\\/edito\\\/tunisie-recyclage-politique\\\/178958\\\/\",\"url\":\"https:\\\/\\\/www.webdo.tn\\\/fr\\\/actualite\\\/edito\\\/tunisie-recyclage-politique\\\/178958\\\/\",\"name\":\"Tunisie : Recyclage politique\",\"isPartOf\":{\"@id\":\"https:\\\/\\\/www.webdo.tn\\\/fr\\\/#website\"},\"primaryImageOfPage\":{\"@id\":\"https:\\\/\\\/www.webdo.tn\\\/fr\\\/actualite\\\/edito\\\/tunisie-recyclage-politique\\\/178958\\\/#primaryimage\"},\"image\":{\"@id\":\"https:\\\/\\\/www.webdo.tn\\\/fr\\\/actualite\\\/edito\\\/tunisie-recyclage-politique\\\/178958\\\/#primaryimage\"},\"thumbnailUrl\":\"https:\\\/\\\/www.webdo.tn\\\/fr\\\/wp-content\\\/uploads\\\/2016\\\/11\\\/Sadok-chaabane.jpg\",\"datePublished\":\"2016-11-11T09:35:00+00:00\",\"dateModified\":\"2025-05-22T12:36:58+00:00\",\"description\":\"Tunisie : Recyclage politique\",\"breadcrumb\":{\"@id\":\"https:\\\/\\\/www.webdo.tn\\\/fr\\\/actualite\\\/edito\\\/tunisie-recyclage-politique\\\/178958\\\/#breadcrumb\"},\"inLanguage\":\"fr-FR\",\"potentialAction\":[{\"@type\":\"ReadAction\",\"target\":[\"https:\\\/\\\/www.webdo.tn\\\/fr\\\/actualite\\\/edito\\\/tunisie-recyclage-politique\\\/178958\\\/\"]}]},{\"@type\":\"ImageObject\",\"inLanguage\":\"fr-FR\",\"@id\":\"https:\\\/\\\/www.webdo.tn\\\/fr\\\/actualite\\\/edito\\\/tunisie-recyclage-politique\\\/178958\\\/#primaryimage\",\"url\":\"https:\\\/\\\/www.webdo.tn\\\/fr\\\/wp-content\\\/uploads\\\/2016\\\/11\\\/Sadok-chaabane.jpg\",\"contentUrl\":\"https:\\\/\\\/www.webdo.tn\\\/fr\\\/wp-content\\\/uploads\\\/2016\\\/11\\\/Sadok-chaabane.jpg\",\"width\":675,\"height\":425,\"caption\":\"Tunisie : Recyclage politique\"},{\"@type\":\"BreadcrumbList\",\"@id\":\"https:\\\/\\\/www.webdo.tn\\\/fr\\\/actualite\\\/edito\\\/tunisie-recyclage-politique\\\/178958\\\/#breadcrumb\",\"itemListElement\":[{\"@type\":\"ListItem\",\"position\":1,\"name\":\"Accueil\",\"item\":\"https:\\\/\\\/www.webdo.tn\\\/fr\\\/\"},{\"@type\":\"ListItem\",\"position\":2,\"name\":\"Tunisie : Recyclage politique\"}]},{\"@type\":\"WebSite\",\"@id\":\"https:\\\/\\\/www.webdo.tn\\\/fr\\\/#website\",\"url\":\"https:\\\/\\\/www.webdo.tn\\\/fr\\\/\",\"name\":\"webdo\",\"description\":\"Tunisie - News en Tunisie et \u00e0 l&#039;international sur Webdo.tn\",\"publisher\":{\"@id\":\"https:\\\/\\\/www.webdo.tn\\\/fr\\\/#organization\"},\"potentialAction\":[{\"@type\":\"SearchAction\",\"target\":{\"@type\":\"EntryPoint\",\"urlTemplate\":\"https:\\\/\\\/www.webdo.tn\\\/fr\\\/?s={search_term_string}\"},\"query-input\":{\"@type\":\"PropertyValueSpecification\",\"valueRequired\":true,\"valueName\":\"search_term_string\"}}],\"inLanguage\":\"fr-FR\"},{\"@type\":\"Organization\",\"@id\":\"https:\\\/\\\/www.webdo.tn\\\/fr\\\/#organization\",\"name\":\"Webdo\",\"alternateName\":\"Webdo.tn\",\"url\":\"https:\\\/\\\/www.webdo.tn\\\/fr\\\/\",\"logo\":{\"@type\":\"ImageObject\",\"inLanguage\":\"fr-FR\",\"@id\":\"https:\\\/\\\/www.webdo.tn\\\/fr\\\/#\\\/schema\\\/logo\\\/image\\\/\",\"url\":\"https:\\\/\\\/www.webdo.tn\\\/fr\\\/wp-content\\\/uploads\\\/2025\\\/06\\\/Webdo-Tunisie_168377.jpg\",\"contentUrl\":\"https:\\\/\\\/www.webdo.tn\\\/fr\\\/wp-content\\\/uploads\\\/2025\\\/06\\\/Webdo-Tunisie_168377.jpg\",\"width\":301,\"height\":301,\"caption\":\"Webdo\"},\"image\":{\"@id\":\"https:\\\/\\\/www.webdo.tn\\\/fr\\\/#\\\/schema\\\/logo\\\/image\\\/\"},\"sameAs\":[\"https:\\\/\\\/www.facebook.com\\\/webdotn\",\"https:\\\/\\\/x.com\\\/webdo_tn\"],\"description\":\"Webdo est un m\u00e9dia num\u00e9rique tunisien fond\u00e9 en 2010, sp\u00e9cialis\u00e9 dans l\u2019actualit\u00e9 nationale et internationale, l\u2019\u00e9conomie, la soci\u00e9t\u00e9 et les analyses politiques. Le site s\u2019adresse \u00e0 un large public francophone et couvre l\u2019information tunisienne en temps r\u00e9el.\",\"email\":\"redac@webdo.tn\",\"legalName\":\"YNJ SARL\",\"foundingDate\":\"2010-09-06\",\"numberOfEmployees\":{\"@type\":\"QuantitativeValue\",\"minValue\":\"11\",\"maxValue\":\"50\"}},{\"@type\":\"Person\",\"@id\":\"https:\\\/\\\/www.webdo.tn\\\/fr\\\/#\\\/schema\\\/person\\\/9a9c6118d687c117df8ef3cc36a4d175\",\"name\":\"webdo.tn\",\"image\":{\"@type\":\"ImageObject\",\"inLanguage\":\"fr-FR\",\"@id\":\"https:\\\/\\\/secure.gravatar.com\\\/avatar\\\/7ce1f28c0c3bbac99ff550b85ef8e44a6950c6ee24514fb6a5489e51d06f0298?s=96&d=mm&r=g\",\"url\":\"https:\\\/\\\/secure.gravatar.com\\\/avatar\\\/7ce1f28c0c3bbac99ff550b85ef8e44a6950c6ee24514fb6a5489e51d06f0298?s=96&d=mm&r=g\",\"contentUrl\":\"https:\\\/\\\/secure.gravatar.com\\\/avatar\\\/7ce1f28c0c3bbac99ff550b85ef8e44a6950c6ee24514fb6a5489e51d06f0298?s=96&d=mm&r=g\",\"caption\":\"webdo.tn\"},\"url\":\"https:\\\/\\\/www.webdo.tn\\\/fr\\\/actualite\\\/author\\\/webdotn\\\/\"}]}<\/script>\n<!-- \/ Yoast SEO Premium plugin. -->","yoast_head_json":{"title":"Tunisie : Recyclage politique","description":"Tunisie : Recyclage politique","canonical":"https:\/\/www.webdo.tn\/fr\/actualite\/edito\/tunisie-recyclage-politique\/178958\/","og_locale":"fr_FR","og_type":"article","og_title":"Tunisie : Recyclage politique","og_description":"Tunisie : Recyclage politique","og_url":"https:\/\/www.webdo.tn\/fr\/actualite\/edito\/tunisie-recyclage-politique\/178958\/","og_site_name":"webdo","article_publisher":"https:\/\/www.facebook.com\/webdotn","article_published_time":"2016-11-11T09:35:00+00:00","article_modified_time":"2025-05-22T12:36:58+00:00","og_image":[{"width":675,"height":425,"url":"https:\/\/www.webdo.tn\/fr\/wp-content\/uploads\/2016\/11\/Sadok-chaabane.jpg","type":"image\/jpeg"}],"author":"webdo.tn","twitter_card":"summary_large_image","twitter_creator":"@webdo_tn","twitter_site":"@webdo_tn","twitter_misc":{"\u00c9crit par":"webdo.tn","Dur\u00e9e de lecture estim\u00e9e":"3 minutes"},"schema":{"@context":"https:\/\/schema.org","@graph":[{"@type":"NewsArticle","@id":"https:\/\/www.webdo.tn\/fr\/actualite\/edito\/tunisie-recyclage-politique\/178958\/#article","isPartOf":{"@id":"https:\/\/www.webdo.tn\/fr\/actualite\/edito\/tunisie-recyclage-politique\/178958\/"},"author":{"name":"webdo.tn","@id":"https:\/\/www.webdo.tn\/fr\/#\/schema\/person\/9a9c6118d687c117df8ef3cc36a4d175"},"headline":"Tunisie : Recyclage politique","datePublished":"2016-11-11T09:35:00+00:00","dateModified":"2025-05-22T12:36:58+00:00","mainEntityOfPage":{"@id":"https:\/\/www.webdo.tn\/fr\/actualite\/edito\/tunisie-recyclage-politique\/178958\/"},"wordCount":589,"commentCount":0,"publisher":{"@id":"https:\/\/www.webdo.tn\/fr\/#organization"},"image":{"@id":"https:\/\/www.webdo.tn\/fr\/actualite\/edito\/tunisie-recyclage-politique\/178958\/#primaryimage"},"thumbnailUrl":"https:\/\/www.webdo.tn\/fr\/wp-content\/uploads\/2016\/11\/Sadok-chaabane.jpg","articleSection":["Edito"],"inLanguage":"fr-FR"},{"@type":"WebPage","@id":"https:\/\/www.webdo.tn\/fr\/actualite\/edito\/tunisie-recyclage-politique\/178958\/","url":"https:\/\/www.webdo.tn\/fr\/actualite\/edito\/tunisie-recyclage-politique\/178958\/","name":"Tunisie : Recyclage politique","isPartOf":{"@id":"https:\/\/www.webdo.tn\/fr\/#website"},"primaryImageOfPage":{"@id":"https:\/\/www.webdo.tn\/fr\/actualite\/edito\/tunisie-recyclage-politique\/178958\/#primaryimage"},"image":{"@id":"https:\/\/www.webdo.tn\/fr\/actualite\/edito\/tunisie-recyclage-politique\/178958\/#primaryimage"},"thumbnailUrl":"https:\/\/www.webdo.tn\/fr\/wp-content\/uploads\/2016\/11\/Sadok-chaabane.jpg","datePublished":"2016-11-11T09:35:00+00:00","dateModified":"2025-05-22T12:36:58+00:00","description":"Tunisie : Recyclage politique","breadcrumb":{"@id":"https:\/\/www.webdo.tn\/fr\/actualite\/edito\/tunisie-recyclage-politique\/178958\/#breadcrumb"},"inLanguage":"fr-FR","potentialAction":[{"@type":"ReadAction","target":["https:\/\/www.webdo.tn\/fr\/actualite\/edito\/tunisie-recyclage-politique\/178958\/"]}]},{"@type":"ImageObject","inLanguage":"fr-FR","@id":"https:\/\/www.webdo.tn\/fr\/actualite\/edito\/tunisie-recyclage-politique\/178958\/#primaryimage","url":"https:\/\/www.webdo.tn\/fr\/wp-content\/uploads\/2016\/11\/Sadok-chaabane.jpg","contentUrl":"https:\/\/www.webdo.tn\/fr\/wp-content\/uploads\/2016\/11\/Sadok-chaabane.jpg","width":675,"height":425,"caption":"Tunisie : Recyclage politique"},{"@type":"BreadcrumbList","@id":"https:\/\/www.webdo.tn\/fr\/actualite\/edito\/tunisie-recyclage-politique\/178958\/#breadcrumb","itemListElement":[{"@type":"ListItem","position":1,"name":"Accueil","item":"https:\/\/www.webdo.tn\/fr\/"},{"@type":"ListItem","position":2,"name":"Tunisie : Recyclage politique"}]},{"@type":"WebSite","@id":"https:\/\/www.webdo.tn\/fr\/#website","url":"https:\/\/www.webdo.tn\/fr\/","name":"webdo","description":"Tunisie - News en Tunisie et \u00e0 l&#039;international sur Webdo.tn","publisher":{"@id":"https:\/\/www.webdo.tn\/fr\/#organization"},"potentialAction":[{"@type":"SearchAction","target":{"@type":"EntryPoint","urlTemplate":"https:\/\/www.webdo.tn\/fr\/?s={search_term_string}"},"query-input":{"@type":"PropertyValueSpecification","valueRequired":true,"valueName":"search_term_string"}}],"inLanguage":"fr-FR"},{"@type":"Organization","@id":"https:\/\/www.webdo.tn\/fr\/#organization","name":"Webdo","alternateName":"Webdo.tn","url":"https:\/\/www.webdo.tn\/fr\/","logo":{"@type":"ImageObject","inLanguage":"fr-FR","@id":"https:\/\/www.webdo.tn\/fr\/#\/schema\/logo\/image\/","url":"https:\/\/www.webdo.tn\/fr\/wp-content\/uploads\/2025\/06\/Webdo-Tunisie_168377.jpg","contentUrl":"https:\/\/www.webdo.tn\/fr\/wp-content\/uploads\/2025\/06\/Webdo-Tunisie_168377.jpg","width":301,"height":301,"caption":"Webdo"},"image":{"@id":"https:\/\/www.webdo.tn\/fr\/#\/schema\/logo\/image\/"},"sameAs":["https:\/\/www.facebook.com\/webdotn","https:\/\/x.com\/webdo_tn"],"description":"Webdo est un m\u00e9dia num\u00e9rique tunisien fond\u00e9 en 2010, sp\u00e9cialis\u00e9 dans l\u2019actualit\u00e9 nationale et internationale, l\u2019\u00e9conomie, la soci\u00e9t\u00e9 et les analyses politiques. Le site s\u2019adresse \u00e0 un large public francophone et couvre l\u2019information tunisienne en temps r\u00e9el.","email":"redac@webdo.tn","legalName":"YNJ SARL","foundingDate":"2010-09-06","numberOfEmployees":{"@type":"QuantitativeValue","minValue":"11","maxValue":"50"}},{"@type":"Person","@id":"https:\/\/www.webdo.tn\/fr\/#\/schema\/person\/9a9c6118d687c117df8ef3cc36a4d175","name":"webdo.tn","image":{"@type":"ImageObject","inLanguage":"fr-FR","@id":"https:\/\/secure.gravatar.com\/avatar\/7ce1f28c0c3bbac99ff550b85ef8e44a6950c6ee24514fb6a5489e51d06f0298?s=96&d=mm&r=g","url":"https:\/\/secure.gravatar.com\/avatar\/7ce1f28c0c3bbac99ff550b85ef8e44a6950c6ee24514fb6a5489e51d06f0298?s=96&d=mm&r=g","contentUrl":"https:\/\/secure.gravatar.com\/avatar\/7ce1f28c0c3bbac99ff550b85ef8e44a6950c6ee24514fb6a5489e51d06f0298?s=96&d=mm&r=g","caption":"webdo.tn"},"url":"https:\/\/www.webdo.tn\/fr\/actualite\/author\/webdotn\/"}]}},"_links":{"self":[{"href":"https:\/\/www.webdo.tn\/fr\/wp-json\/wp\/v2\/posts\/178958","targetHints":{"allow":["GET"]}}],"collection":[{"href":"https:\/\/www.webdo.tn\/fr\/wp-json\/wp\/v2\/posts"}],"about":[{"href":"https:\/\/www.webdo.tn\/fr\/wp-json\/wp\/v2\/types\/post"}],"author":[{"embeddable":true,"href":"https:\/\/www.webdo.tn\/fr\/wp-json\/wp\/v2\/users\/3222"}],"replies":[{"embeddable":true,"href":"https:\/\/www.webdo.tn\/fr\/wp-json\/wp\/v2\/comments?post=178958"}],"version-history":[{"count":0,"href":"https:\/\/www.webdo.tn\/fr\/wp-json\/wp\/v2\/posts\/178958\/revisions"}],"wp:featuredmedia":[{"embeddable":true,"href":"https:\/\/www.webdo.tn\/fr\/wp-json\/wp\/v2\/media\/312396"}],"wp:attachment":[{"href":"https:\/\/www.webdo.tn\/fr\/wp-json\/wp\/v2\/media?parent=178958"}],"wp:term":[{"taxonomy":"category","embeddable":true,"href":"https:\/\/www.webdo.tn\/fr\/wp-json\/wp\/v2\/categories?post=178958"},{"taxonomy":"post_tag","embeddable":true,"href":"https:\/\/www.webdo.tn\/fr\/wp-json\/wp\/v2\/tags?post=178958"}],"curies":[{"name":"wp","href":"https:\/\/api.w.org\/{rel}","templated":true}]}}