{"id":178957,"date":"2016-11-14T09:37:00","date_gmt":"2016-11-14T09:37:00","guid":{"rendered":"https:\/\/www.webdo.tn\/fr\/blog\/tunisie-absence-de-vision-globale-inconsequences\/178957\/"},"modified":"2025-05-22T12:36:55","modified_gmt":"2025-05-22T12:36:55","slug":"tunisie-absence-de-vision-globale-inconsequences","status":"publish","type":"post","link":"https:\/\/www.webdo.tn\/fr\/actualite\/edito\/tunisie-absence-de-vision-globale-inconsequences\/178957\/","title":{"rendered":"Tunisie : Absence de vision globale et incons\u00e9quences"},"content":{"rendered":"<p>L\u2019absence de vision globale de la politique \u00e9conomique et financi\u00e8re de l\u2019Etat engendre des d\u00e9cisions qui prennent l\u2019allure de mesures en contradiction avec les objectifs initiaux ou trac\u00e9s par les gouvernants eux-m\u00eames !<\/p>\n<p>Tous les citoyens ont compris que la loi de finances 2017 pr\u00e9voit dans son ensemble l\u2019adoption d\u2019un budget d\u2019aust\u00e9rit\u00e9. Des mesures comme le report des majorations salariales dans la fonction publique est un exemple frappant de cette volont\u00e9 de limiter les d\u00e9penses budg\u00e9taires de fonctionnement de l\u2019administration publique.<\/p>\n<p>Or, on est surpris parfois par des d\u00e9cisions aussi improvis\u00e9es qu\u2019elles sont tr\u00e8s mal r\u00e9fl\u00e9chies dans la mesure o\u00f9 elles d\u00e9notent de l\u2019absence d\u2019un esprit synth\u00e9tique au sein du gouvernement qui parvienne \u00e0 saisir l\u2019ensemble du \u00ab programme \u00bb dans sa globalit\u00e9.<\/p>\n<p>La derni\u00e8re annonce du ministre de la fonction publique et de la gouvernance, Abid Briki, de la r\u00e9ouverture de certaines administrations et services publics le samedi peut \u00eatre consid\u00e9r\u00e9e comme positive dans la mesure o\u00f9 les citoyens la revendiquaient depuis longtemps.<\/p>\n<p>Il a aussi pr\u00e9cis\u00e9 que cette mesure n\u2019annulait pas l\u2019horaire administratif consacr\u00e9 sous la Tro\u00efka avec l\u2019organisation du travail au sein des administrations publiques durant cinq jours avec deux jours de cong\u00e9, le samedi et le dimanche.<\/p>\n<p>Le ministre a enfin ajout\u00e9 que les agents qui vont travailler le samedi b\u00e9n\u00e9ficieront d\u2019avantages soit en termes financiers avec des primes d\u2019heures suppl\u00e9mentaires, soit en termes de compensation avec l\u2019attribution de jours de repos.<\/p>\n<p>Si cette deuxi\u00e8me hypoth\u00e8se est logique, la premi\u00e8re nous semble incons\u00e9quente avec la volont\u00e9 des pouvoirs publics de contenir le budget de fonctionnement de l\u2019administration publique.<\/p>\n<p>Accorder des primes sous forme d\u2019heures suppl\u00e9mentaires, et quoique limit\u00e9es, constituent quand m\u00eame des charges financi\u00e8res additionnelles. Ces charges ont-elles \u00e9t\u00e9 pr\u00e9vues par le budget 2017 ?<\/p>\n<p>Est-ce que l\u2019Etat a les moyens de payer des heures suppl\u00e9mentaires pour des centaines d\u2019agents publics d\u2019autant plus qu\u2019en parcourant la liste des services publics concern\u00e9s, on note qu\u2019ils sont quand m\u00eame nombreux (STEG, SONEDE, TELECOM, POSTE, CNRPS, CNSS, RECETTES DES FINANCES).<\/p>\n<p>Deux remarques doivent \u00eatre formul\u00e9es : d\u2019abord, certains de ces services publics ouvraient d\u00e9j\u00e0 leurs portes le samedi bien avant cette annonce (STEG, SONEDE, TUNISIE TELECOM) pour percevoir leurs redevances ; ensuite, il aurait \u00e9t\u00e9 beaucoup plus logique, pour demeurer en symbiose avec la \u00ab philosophie d\u2019aust\u00e9rit\u00e9 \u00bb pr\u00f4n\u00e9e par le gouvernement, d\u2019\u00e9viter le paiement de primes et ces heures suppl\u00e9mentaires en invitant les responsables de ces structures \u00e0 mettre en place une forme de rotation entre les agents de fa\u00e7on \u00e0 organiser ce travail du samedi\u2026<\/p>\n<p>Cela aurait \u00e9t\u00e9 plus coh\u00e9rent avec les mesures de la loi de finances 2017 que tout le monde semble rejeter aujourd\u2019hui\u2026<br \/>\nLL<\/p>\n","protected":false},"excerpt":{"rendered":"<p>Tunisie : Absence de vision globale et incons\u00e9quences<\/p>\n","protected":false},"author":3222,"featured_media":326917,"comment_status":"open","ping_status":"closed","sticky":false,"template":"","format":"standard","meta":{"footnotes":""},"categories":[2589],"tags":[],"class_list":["post-178957","post","type-post","status-publish","format-standard","has-post-thumbnail","hentry","category-edito"],"yoast_head":"<!-- This site is optimized with the Yoast SEO Premium plugin v27.5 (Yoast SEO v27.5) - https:\/\/yoast.com\/product\/yoast-seo-premium-wordpress\/ -->\n<title>Tunisie : Absence de vision globale et incons\u00e9quences<\/title>\n<meta name=\"description\" content=\"Tunisie : Absence de vision globale et incons\u00e9quences\" \/>\n<link rel=\"canonical\" href=\"https:\/\/www.webdo.tn\/fr\/actualite\/edito\/tunisie-absence-de-vision-globale-inconsequences\/178957\/\" \/>\n<meta property=\"og:locale\" content=\"fr_FR\" \/>\n<meta property=\"og:type\" content=\"article\" \/>\n<meta property=\"og:title\" content=\"Tunisie : Absence de vision globale et incons\u00e9quences\" \/>\n<meta property=\"og:description\" content=\"Tunisie : Absence de vision globale et incons\u00e9quences\" \/>\n<meta property=\"og:url\" content=\"https:\/\/www.webdo.tn\/fr\/actualite\/edito\/tunisie-absence-de-vision-globale-inconsequences\/178957\/\" \/>\n<meta property=\"og:site_name\" content=\"webdo\" \/>\n<meta property=\"article:publisher\" content=\"https:\/\/www.facebook.com\/webdotn\" \/>\n<meta property=\"article:published_time\" content=\"2016-11-14T09:37:00+00:00\" \/>\n<meta property=\"article:modified_time\" content=\"2025-05-22T12:36:55+00:00\" \/>\n<meta property=\"og:image\" content=\"https:\/\/www.webdo.tn\/fr\/wp-content\/uploads\/2016\/11\/administration-300x144-2.jpg\" \/>\n\t<meta property=\"og:image:width\" content=\"300\" \/>\n\t<meta property=\"og:image:height\" content=\"144\" \/>\n\t<meta property=\"og:image:type\" content=\"image\/jpeg\" \/>\n<meta name=\"author\" content=\"webdo.tn\" \/>\n<meta name=\"twitter:card\" content=\"summary_large_image\" \/>\n<meta name=\"twitter:creator\" content=\"@webdo_tn\" \/>\n<meta name=\"twitter:site\" content=\"@webdo_tn\" \/>\n<meta name=\"twitter:label1\" content=\"\u00c9crit par\" \/>\n\t<meta name=\"twitter:data1\" content=\"webdo.tn\" \/>\n\t<meta name=\"twitter:label2\" content=\"Dur\u00e9e de lecture estim\u00e9e\" \/>\n\t<meta name=\"twitter:data2\" content=\"2 minutes\" \/>\n<script type=\"application\/ld+json\" class=\"yoast-schema-graph\">{\"@context\":\"https:\\\/\\\/schema.org\",\"@graph\":[{\"@type\":\"NewsArticle\",\"@id\":\"https:\\\/\\\/www.webdo.tn\\\/fr\\\/actualite\\\/edito\\\/tunisie-absence-de-vision-globale-inconsequences\\\/178957\\\/#article\",\"isPartOf\":{\"@id\":\"https:\\\/\\\/www.webdo.tn\\\/fr\\\/actualite\\\/edito\\\/tunisie-absence-de-vision-globale-inconsequences\\\/178957\\\/\"},\"author\":{\"name\":\"webdo.tn\",\"@id\":\"https:\\\/\\\/www.webdo.tn\\\/fr\\\/#\\\/schema\\\/person\\\/9a9c6118d687c117df8ef3cc36a4d175\"},\"headline\":\"Tunisie : Absence de vision globale et incons\u00e9quences\",\"datePublished\":\"2016-11-14T09:37:00+00:00\",\"dateModified\":\"2025-05-22T12:36:55+00:00\",\"mainEntityOfPage\":{\"@id\":\"https:\\\/\\\/www.webdo.tn\\\/fr\\\/actualite\\\/edito\\\/tunisie-absence-de-vision-globale-inconsequences\\\/178957\\\/\"},\"wordCount\":506,\"commentCount\":0,\"publisher\":{\"@id\":\"https:\\\/\\\/www.webdo.tn\\\/fr\\\/#organization\"},\"image\":{\"@id\":\"https:\\\/\\\/www.webdo.tn\\\/fr\\\/actualite\\\/edito\\\/tunisie-absence-de-vision-globale-inconsequences\\\/178957\\\/#primaryimage\"},\"thumbnailUrl\":\"https:\\\/\\\/www.webdo.tn\\\/fr\\\/wp-content\\\/uploads\\\/2016\\\/11\\\/administration-300x144-2.jpg\",\"articleSection\":[\"Edito\"],\"inLanguage\":\"fr-FR\"},{\"@type\":\"WebPage\",\"@id\":\"https:\\\/\\\/www.webdo.tn\\\/fr\\\/actualite\\\/edito\\\/tunisie-absence-de-vision-globale-inconsequences\\\/178957\\\/\",\"url\":\"https:\\\/\\\/www.webdo.tn\\\/fr\\\/actualite\\\/edito\\\/tunisie-absence-de-vision-globale-inconsequences\\\/178957\\\/\",\"name\":\"Tunisie : Absence de vision globale et incons\u00e9quences\",\"isPartOf\":{\"@id\":\"https:\\\/\\\/www.webdo.tn\\\/fr\\\/#website\"},\"primaryImageOfPage\":{\"@id\":\"https:\\\/\\\/www.webdo.tn\\\/fr\\\/actualite\\\/edito\\\/tunisie-absence-de-vision-globale-inconsequences\\\/178957\\\/#primaryimage\"},\"image\":{\"@id\":\"https:\\\/\\\/www.webdo.tn\\\/fr\\\/actualite\\\/edito\\\/tunisie-absence-de-vision-globale-inconsequences\\\/178957\\\/#primaryimage\"},\"thumbnailUrl\":\"https:\\\/\\\/www.webdo.tn\\\/fr\\\/wp-content\\\/uploads\\\/2016\\\/11\\\/administration-300x144-2.jpg\",\"datePublished\":\"2016-11-14T09:37:00+00:00\",\"dateModified\":\"2025-05-22T12:36:55+00:00\",\"description\":\"Tunisie : Absence de vision globale et incons\u00e9quences\",\"breadcrumb\":{\"@id\":\"https:\\\/\\\/www.webdo.tn\\\/fr\\\/actualite\\\/edito\\\/tunisie-absence-de-vision-globale-inconsequences\\\/178957\\\/#breadcrumb\"},\"inLanguage\":\"fr-FR\",\"potentialAction\":[{\"@type\":\"ReadAction\",\"target\":[\"https:\\\/\\\/www.webdo.tn\\\/fr\\\/actualite\\\/edito\\\/tunisie-absence-de-vision-globale-inconsequences\\\/178957\\\/\"]}]},{\"@type\":\"ImageObject\",\"inLanguage\":\"fr-FR\",\"@id\":\"https:\\\/\\\/www.webdo.tn\\\/fr\\\/actualite\\\/edito\\\/tunisie-absence-de-vision-globale-inconsequences\\\/178957\\\/#primaryimage\",\"url\":\"https:\\\/\\\/www.webdo.tn\\\/fr\\\/wp-content\\\/uploads\\\/2016\\\/11\\\/administration-300x144-2.jpg\",\"contentUrl\":\"https:\\\/\\\/www.webdo.tn\\\/fr\\\/wp-content\\\/uploads\\\/2016\\\/11\\\/administration-300x144-2.jpg\",\"width\":300,\"height\":144,\"caption\":\"Tunisie : Absence de vision globale et incons\u00e9quences\"},{\"@type\":\"BreadcrumbList\",\"@id\":\"https:\\\/\\\/www.webdo.tn\\\/fr\\\/actualite\\\/edito\\\/tunisie-absence-de-vision-globale-inconsequences\\\/178957\\\/#breadcrumb\",\"itemListElement\":[{\"@type\":\"ListItem\",\"position\":1,\"name\":\"Accueil\",\"item\":\"https:\\\/\\\/www.webdo.tn\\\/fr\\\/\"},{\"@type\":\"ListItem\",\"position\":2,\"name\":\"Tunisie : Absence de vision globale et incons\u00e9quences\"}]},{\"@type\":\"WebSite\",\"@id\":\"https:\\\/\\\/www.webdo.tn\\\/fr\\\/#website\",\"url\":\"https:\\\/\\\/www.webdo.tn\\\/fr\\\/\",\"name\":\"webdo\",\"description\":\"Tunisie - News en Tunisie et \u00e0 l&#039;international sur Webdo.tn\",\"publisher\":{\"@id\":\"https:\\\/\\\/www.webdo.tn\\\/fr\\\/#organization\"},\"potentialAction\":[{\"@type\":\"SearchAction\",\"target\":{\"@type\":\"EntryPoint\",\"urlTemplate\":\"https:\\\/\\\/www.webdo.tn\\\/fr\\\/?s={search_term_string}\"},\"query-input\":{\"@type\":\"PropertyValueSpecification\",\"valueRequired\":true,\"valueName\":\"search_term_string\"}}],\"inLanguage\":\"fr-FR\"},{\"@type\":\"Organization\",\"@id\":\"https:\\\/\\\/www.webdo.tn\\\/fr\\\/#organization\",\"name\":\"Webdo\",\"alternateName\":\"Webdo.tn\",\"url\":\"https:\\\/\\\/www.webdo.tn\\\/fr\\\/\",\"logo\":{\"@type\":\"ImageObject\",\"inLanguage\":\"fr-FR\",\"@id\":\"https:\\\/\\\/www.webdo.tn\\\/fr\\\/#\\\/schema\\\/logo\\\/image\\\/\",\"url\":\"https:\\\/\\\/www.webdo.tn\\\/fr\\\/wp-content\\\/uploads\\\/2025\\\/06\\\/Webdo-Tunisie_168377.jpg\",\"contentUrl\":\"https:\\\/\\\/www.webdo.tn\\\/fr\\\/wp-content\\\/uploads\\\/2025\\\/06\\\/Webdo-Tunisie_168377.jpg\",\"width\":301,\"height\":301,\"caption\":\"Webdo\"},\"image\":{\"@id\":\"https:\\\/\\\/www.webdo.tn\\\/fr\\\/#\\\/schema\\\/logo\\\/image\\\/\"},\"sameAs\":[\"https:\\\/\\\/www.facebook.com\\\/webdotn\",\"https:\\\/\\\/x.com\\\/webdo_tn\"],\"description\":\"Webdo est un m\u00e9dia num\u00e9rique tunisien fond\u00e9 en 2010, sp\u00e9cialis\u00e9 dans l\u2019actualit\u00e9 nationale et internationale, l\u2019\u00e9conomie, la soci\u00e9t\u00e9 et les analyses politiques. Le site s\u2019adresse \u00e0 un large public francophone et couvre l\u2019information tunisienne en temps r\u00e9el.\",\"email\":\"redac@webdo.tn\",\"legalName\":\"YNJ SARL\",\"foundingDate\":\"2010-09-06\",\"numberOfEmployees\":{\"@type\":\"QuantitativeValue\",\"minValue\":\"11\",\"maxValue\":\"50\"}},{\"@type\":\"Person\",\"@id\":\"https:\\\/\\\/www.webdo.tn\\\/fr\\\/#\\\/schema\\\/person\\\/9a9c6118d687c117df8ef3cc36a4d175\",\"name\":\"webdo.tn\",\"image\":{\"@type\":\"ImageObject\",\"inLanguage\":\"fr-FR\",\"@id\":\"https:\\\/\\\/secure.gravatar.com\\\/avatar\\\/7ce1f28c0c3bbac99ff550b85ef8e44a6950c6ee24514fb6a5489e51d06f0298?s=96&d=mm&r=g\",\"url\":\"https:\\\/\\\/secure.gravatar.com\\\/avatar\\\/7ce1f28c0c3bbac99ff550b85ef8e44a6950c6ee24514fb6a5489e51d06f0298?s=96&d=mm&r=g\",\"contentUrl\":\"https:\\\/\\\/secure.gravatar.com\\\/avatar\\\/7ce1f28c0c3bbac99ff550b85ef8e44a6950c6ee24514fb6a5489e51d06f0298?s=96&d=mm&r=g\",\"caption\":\"webdo.tn\"},\"url\":\"https:\\\/\\\/www.webdo.tn\\\/fr\\\/actualite\\\/author\\\/webdotn\\\/\"}]}<\/script>\n<!-- \/ Yoast SEO Premium plugin. -->","yoast_head_json":{"title":"Tunisie : Absence de vision globale et incons\u00e9quences","description":"Tunisie : Absence de vision globale et incons\u00e9quences","canonical":"https:\/\/www.webdo.tn\/fr\/actualite\/edito\/tunisie-absence-de-vision-globale-inconsequences\/178957\/","og_locale":"fr_FR","og_type":"article","og_title":"Tunisie : Absence de vision globale et incons\u00e9quences","og_description":"Tunisie : Absence de vision globale et incons\u00e9quences","og_url":"https:\/\/www.webdo.tn\/fr\/actualite\/edito\/tunisie-absence-de-vision-globale-inconsequences\/178957\/","og_site_name":"webdo","article_publisher":"https:\/\/www.facebook.com\/webdotn","article_published_time":"2016-11-14T09:37:00+00:00","article_modified_time":"2025-05-22T12:36:55+00:00","og_image":[{"width":300,"height":144,"url":"https:\/\/www.webdo.tn\/fr\/wp-content\/uploads\/2016\/11\/administration-300x144-2.jpg","type":"image\/jpeg"}],"author":"webdo.tn","twitter_card":"summary_large_image","twitter_creator":"@webdo_tn","twitter_site":"@webdo_tn","twitter_misc":{"\u00c9crit par":"webdo.tn","Dur\u00e9e de lecture estim\u00e9e":"2 minutes"},"schema":{"@context":"https:\/\/schema.org","@graph":[{"@type":"NewsArticle","@id":"https:\/\/www.webdo.tn\/fr\/actualite\/edito\/tunisie-absence-de-vision-globale-inconsequences\/178957\/#article","isPartOf":{"@id":"https:\/\/www.webdo.tn\/fr\/actualite\/edito\/tunisie-absence-de-vision-globale-inconsequences\/178957\/"},"author":{"name":"webdo.tn","@id":"https:\/\/www.webdo.tn\/fr\/#\/schema\/person\/9a9c6118d687c117df8ef3cc36a4d175"},"headline":"Tunisie : Absence de vision globale et incons\u00e9quences","datePublished":"2016-11-14T09:37:00+00:00","dateModified":"2025-05-22T12:36:55+00:00","mainEntityOfPage":{"@id":"https:\/\/www.webdo.tn\/fr\/actualite\/edito\/tunisie-absence-de-vision-globale-inconsequences\/178957\/"},"wordCount":506,"commentCount":0,"publisher":{"@id":"https:\/\/www.webdo.tn\/fr\/#organization"},"image":{"@id":"https:\/\/www.webdo.tn\/fr\/actualite\/edito\/tunisie-absence-de-vision-globale-inconsequences\/178957\/#primaryimage"},"thumbnailUrl":"https:\/\/www.webdo.tn\/fr\/wp-content\/uploads\/2016\/11\/administration-300x144-2.jpg","articleSection":["Edito"],"inLanguage":"fr-FR"},{"@type":"WebPage","@id":"https:\/\/www.webdo.tn\/fr\/actualite\/edito\/tunisie-absence-de-vision-globale-inconsequences\/178957\/","url":"https:\/\/www.webdo.tn\/fr\/actualite\/edito\/tunisie-absence-de-vision-globale-inconsequences\/178957\/","name":"Tunisie : Absence de vision globale et incons\u00e9quences","isPartOf":{"@id":"https:\/\/www.webdo.tn\/fr\/#website"},"primaryImageOfPage":{"@id":"https:\/\/www.webdo.tn\/fr\/actualite\/edito\/tunisie-absence-de-vision-globale-inconsequences\/178957\/#primaryimage"},"image":{"@id":"https:\/\/www.webdo.tn\/fr\/actualite\/edito\/tunisie-absence-de-vision-globale-inconsequences\/178957\/#primaryimage"},"thumbnailUrl":"https:\/\/www.webdo.tn\/fr\/wp-content\/uploads\/2016\/11\/administration-300x144-2.jpg","datePublished":"2016-11-14T09:37:00+00:00","dateModified":"2025-05-22T12:36:55+00:00","description":"Tunisie : Absence de vision globale et incons\u00e9quences","breadcrumb":{"@id":"https:\/\/www.webdo.tn\/fr\/actualite\/edito\/tunisie-absence-de-vision-globale-inconsequences\/178957\/#breadcrumb"},"inLanguage":"fr-FR","potentialAction":[{"@type":"ReadAction","target":["https:\/\/www.webdo.tn\/fr\/actualite\/edito\/tunisie-absence-de-vision-globale-inconsequences\/178957\/"]}]},{"@type":"ImageObject","inLanguage":"fr-FR","@id":"https:\/\/www.webdo.tn\/fr\/actualite\/edito\/tunisie-absence-de-vision-globale-inconsequences\/178957\/#primaryimage","url":"https:\/\/www.webdo.tn\/fr\/wp-content\/uploads\/2016\/11\/administration-300x144-2.jpg","contentUrl":"https:\/\/www.webdo.tn\/fr\/wp-content\/uploads\/2016\/11\/administration-300x144-2.jpg","width":300,"height":144,"caption":"Tunisie : Absence de vision globale et incons\u00e9quences"},{"@type":"BreadcrumbList","@id":"https:\/\/www.webdo.tn\/fr\/actualite\/edito\/tunisie-absence-de-vision-globale-inconsequences\/178957\/#breadcrumb","itemListElement":[{"@type":"ListItem","position":1,"name":"Accueil","item":"https:\/\/www.webdo.tn\/fr\/"},{"@type":"ListItem","position":2,"name":"Tunisie : Absence de vision globale et incons\u00e9quences"}]},{"@type":"WebSite","@id":"https:\/\/www.webdo.tn\/fr\/#website","url":"https:\/\/www.webdo.tn\/fr\/","name":"webdo","description":"Tunisie - News en Tunisie et \u00e0 l&#039;international sur Webdo.tn","publisher":{"@id":"https:\/\/www.webdo.tn\/fr\/#organization"},"potentialAction":[{"@type":"SearchAction","target":{"@type":"EntryPoint","urlTemplate":"https:\/\/www.webdo.tn\/fr\/?s={search_term_string}"},"query-input":{"@type":"PropertyValueSpecification","valueRequired":true,"valueName":"search_term_string"}}],"inLanguage":"fr-FR"},{"@type":"Organization","@id":"https:\/\/www.webdo.tn\/fr\/#organization","name":"Webdo","alternateName":"Webdo.tn","url":"https:\/\/www.webdo.tn\/fr\/","logo":{"@type":"ImageObject","inLanguage":"fr-FR","@id":"https:\/\/www.webdo.tn\/fr\/#\/schema\/logo\/image\/","url":"https:\/\/www.webdo.tn\/fr\/wp-content\/uploads\/2025\/06\/Webdo-Tunisie_168377.jpg","contentUrl":"https:\/\/www.webdo.tn\/fr\/wp-content\/uploads\/2025\/06\/Webdo-Tunisie_168377.jpg","width":301,"height":301,"caption":"Webdo"},"image":{"@id":"https:\/\/www.webdo.tn\/fr\/#\/schema\/logo\/image\/"},"sameAs":["https:\/\/www.facebook.com\/webdotn","https:\/\/x.com\/webdo_tn"],"description":"Webdo est un m\u00e9dia num\u00e9rique tunisien fond\u00e9 en 2010, sp\u00e9cialis\u00e9 dans l\u2019actualit\u00e9 nationale et internationale, l\u2019\u00e9conomie, la soci\u00e9t\u00e9 et les analyses politiques. Le site s\u2019adresse \u00e0 un large public francophone et couvre l\u2019information tunisienne en temps r\u00e9el.","email":"redac@webdo.tn","legalName":"YNJ SARL","foundingDate":"2010-09-06","numberOfEmployees":{"@type":"QuantitativeValue","minValue":"11","maxValue":"50"}},{"@type":"Person","@id":"https:\/\/www.webdo.tn\/fr\/#\/schema\/person\/9a9c6118d687c117df8ef3cc36a4d175","name":"webdo.tn","image":{"@type":"ImageObject","inLanguage":"fr-FR","@id":"https:\/\/secure.gravatar.com\/avatar\/7ce1f28c0c3bbac99ff550b85ef8e44a6950c6ee24514fb6a5489e51d06f0298?s=96&d=mm&r=g","url":"https:\/\/secure.gravatar.com\/avatar\/7ce1f28c0c3bbac99ff550b85ef8e44a6950c6ee24514fb6a5489e51d06f0298?s=96&d=mm&r=g","contentUrl":"https:\/\/secure.gravatar.com\/avatar\/7ce1f28c0c3bbac99ff550b85ef8e44a6950c6ee24514fb6a5489e51d06f0298?s=96&d=mm&r=g","caption":"webdo.tn"},"url":"https:\/\/www.webdo.tn\/fr\/actualite\/author\/webdotn\/"}]}},"_links":{"self":[{"href":"https:\/\/www.webdo.tn\/fr\/wp-json\/wp\/v2\/posts\/178957","targetHints":{"allow":["GET"]}}],"collection":[{"href":"https:\/\/www.webdo.tn\/fr\/wp-json\/wp\/v2\/posts"}],"about":[{"href":"https:\/\/www.webdo.tn\/fr\/wp-json\/wp\/v2\/types\/post"}],"author":[{"embeddable":true,"href":"https:\/\/www.webdo.tn\/fr\/wp-json\/wp\/v2\/users\/3222"}],"replies":[{"embeddable":true,"href":"https:\/\/www.webdo.tn\/fr\/wp-json\/wp\/v2\/comments?post=178957"}],"version-history":[{"count":0,"href":"https:\/\/www.webdo.tn\/fr\/wp-json\/wp\/v2\/posts\/178957\/revisions"}],"wp:featuredmedia":[{"embeddable":true,"href":"https:\/\/www.webdo.tn\/fr\/wp-json\/wp\/v2\/media\/326917"}],"wp:attachment":[{"href":"https:\/\/www.webdo.tn\/fr\/wp-json\/wp\/v2\/media?parent=178957"}],"wp:term":[{"taxonomy":"category","embeddable":true,"href":"https:\/\/www.webdo.tn\/fr\/wp-json\/wp\/v2\/categories?post=178957"},{"taxonomy":"post_tag","embeddable":true,"href":"https:\/\/www.webdo.tn\/fr\/wp-json\/wp\/v2\/tags?post=178957"}],"curies":[{"name":"wp","href":"https:\/\/api.w.org\/{rel}","templated":true}]}}