{"id":178956,"date":"2016-11-24T16:39:00","date_gmt":"2016-11-24T16:39:00","guid":{"rendered":"https:\/\/www.webdo.tn\/fr\/blog\/dernieres-propositions-gouvernement-seront-acceptees-lugtt\/178956\/"},"modified":"2025-05-22T12:36:54","modified_gmt":"2025-05-22T12:36:54","slug":"dernieres-propositions-gouvernement-seront-acceptees-lugtt","status":"publish","type":"post","link":"https:\/\/www.webdo.tn\/fr\/actualite\/edito\/dernieres-propositions-gouvernement-seront-acceptees-lugtt\/178956\/","title":{"rendered":"Les derni\u00e8res propositions du gouvernement seront-elles accept\u00e9es par l\u2019UGTT ?"},"content":{"rendered":"<p>Les n\u00e9gociations se poursuivent entre le gouvernement et les responsables de l\u2019Union G\u00e9n\u00e9rale des Travailleurs Tunisiens (UGTT) sur la question majeure du report des majorations salariales qui demeure le point de discorde entre les deux parties<\/p>\n<p>A titre de rappel, le gouvernement avait propos\u00e9 le report du versement des majorations salariales pr\u00e9vues \u00e0 partir de janvier 2017, dans un premier temps de deux ann\u00e9es, puis d\u2019une ann\u00e9e et enfin de neuf mois.<\/p>\n<p>A toutes ces propositions, l\u2019UGTT avait r\u00e9pondu par un refus net et clair, tenant \u00e0 l\u2019application imm\u00e9diate de l\u2019accord sign\u00e9 avec le gouvernement pr\u00e9c\u00e9dent, tout en brandissant la menace d\u2019une gr\u00e8ve g\u00e9n\u00e9rale qui pourrait \u00eatre d\u00e9cr\u00e9t\u00e9e avant le 8 d\u00e9cembre prochain, soit au moins deux jours avant la date pr\u00e9vue pour l\u2019adoption de la loi de finances par les \u00e9lus de l\u2019Assembl\u00e9e des Repr\u00e9sentants du Peuple.<\/p>\n<p>La derni\u00e8re proposition du gouvernement Youssef Chahed qui a \u00e9t\u00e9 faite \u00e0 la Centrale Syndicale et qui pourrait constituer l\u2019ultime chance de sauver ce qui pourrait l\u2019\u00eatre, pr\u00e9server la paix sociale et \u00e9viter la crise politico-sociale est la suivante. Elle pr\u00e9voit le report du versement des majorations salariales pour une p\u00e9riode de neuf mois.<\/p>\n<p>Autrement dit, leur versement se fera \u00e0 partir du mois d\u2019octobre 2017. Par ailleurs, les agents publics b\u00e9n\u00e9ficieront d\u00e8s le d\u00e9but de cette ann\u00e9e d\u2019une r\u00e9duction du taux d\u2019imposition qui leur est appliqu\u00e9 jusque-l\u00e0. Cela se traduirait concr\u00e8tement par une augmentation de leurs r\u00e9mun\u00e9rations.<\/p>\n<p>En ce qui concerne le rappel des augmentations de 2017 (de janvier \u00e0 septembre) leur sera vers\u00e9 sur deux ann\u00e9es soit en 2018 et en 2019.<\/p>\n<p>Enfin, les majorations salariales pr\u00e9vues d\u00e8s le d\u00e9but du mois de janvier 2018 seront vers\u00e9es \u00e0 temps, c\u2019est-\u00e0-dire depuis Janvier 2018. De m\u00eame, les majorations sp\u00e9cifiques seront aussi vers\u00e9es \u00e0 partir de cette date.<\/p>\n<p>Il semblerait qu\u2019il s\u2019agit de la derni\u00e8re proposition du gouvernement, autrement dit l\u2019\u00e9quipe gouvernementale n\u2019a plus d\u2019autres alternatives.<\/p>\n<p>L\u2019UGTT est donc appel\u00e9 aujourd\u2019hui \u00e0 d\u00e9finir sa position quant \u00e0 l\u2019acceptation ou au refus de cet avant-projet. Les syndicalistes vont-ils approuver cette proposition ou bien vont-ils poursuivre leur niet et leur rejet ?<\/p>\n<p>A ce sujet, il est encore difficile de pr\u00e9voir la position d\u00e9finitive de l\u2019UGTT d\u2019autant plus que cette derni\u00e8re appelle le gouvernement \u00e0 lutter contre plusieurs distorsions et les ph\u00e9nom\u00e8nes anormaux qui continuent \u00e0 nuire gravement \u00e0 l\u2019\u00e9conomie du pays.<\/p>\n<p>Or l\u2019\u00e9quipe de Youssef Chahed n\u2019arrive pas \u00e0 lutter contre les fl\u00e9aux qui menacent l\u2019\u00e9conomie nationale comme les diff\u00e9rents trafics ou la corruption contre lesquels elle n\u2019a oppos\u00e9 que des \u00ab op\u00e9rations \u00bb spectaculaires mais sans v\u00e9ritable port\u00e9e r\u00e9elle. C\u2019est dire que le \u00ab Oui \u00bb de l\u2019UGTT ne sera pas facile \u00e0 obtenir.<br \/>\nL.L.<\/p>\n","protected":false},"excerpt":{"rendered":"<p>Les derni\u00e8res propositions du gouvernement seront-elles accept\u00e9es par l\u2019UGTT ?<\/p>\n","protected":false},"author":3222,"featured_media":326827,"comment_status":"open","ping_status":"closed","sticky":false,"template":"","format":"standard","meta":{"footnotes":""},"categories":[2589],"tags":[],"class_list":["post-178956","post","type-post","status-publish","format-standard","has-post-thumbnail","hentry","category-edito"],"yoast_head":"<!-- This site is optimized with the Yoast SEO Premium plugin v27.5 (Yoast SEO v27.5) - https:\/\/yoast.com\/product\/yoast-seo-premium-wordpress\/ -->\n<title>Les derni\u00e8res propositions du gouvernement seront-elles accept\u00e9es par l\u2019UGTT ?<\/title>\n<meta name=\"description\" content=\"Les derni\u00e8res propositions du gouvernement seront-elles accept\u00e9es par l\u2019UGTT ?\" \/>\n<link rel=\"canonical\" href=\"https:\/\/www.webdo.tn\/fr\/actualite\/edito\/dernieres-propositions-gouvernement-seront-acceptees-lugtt\/178956\/\" \/>\n<meta property=\"og:locale\" content=\"fr_FR\" \/>\n<meta property=\"og:type\" content=\"article\" \/>\n<meta property=\"og:title\" content=\"Les derni\u00e8res propositions du gouvernement seront-elles accept\u00e9es par l\u2019UGTT ?\" \/>\n<meta property=\"og:description\" content=\"Les derni\u00e8res propositions du gouvernement seront-elles accept\u00e9es par l\u2019UGTT ?\" \/>\n<meta property=\"og:url\" content=\"https:\/\/www.webdo.tn\/fr\/actualite\/edito\/dernieres-propositions-gouvernement-seront-acceptees-lugtt\/178956\/\" \/>\n<meta property=\"og:site_name\" content=\"webdo\" \/>\n<meta property=\"article:publisher\" content=\"https:\/\/www.facebook.com\/webdotn\" \/>\n<meta property=\"article:published_time\" content=\"2016-11-24T16:39:00+00:00\" \/>\n<meta property=\"article:modified_time\" content=\"2025-05-22T12:36:54+00:00\" \/>\n<meta property=\"og:image\" content=\"https:\/\/www.webdo.tn\/fr\/wp-content\/uploads\/2016\/11\/Chahed-Abassi-300x188-1.jpg\" \/>\n\t<meta property=\"og:image:width\" content=\"300\" \/>\n\t<meta property=\"og:image:height\" content=\"188\" \/>\n\t<meta property=\"og:image:type\" content=\"image\/jpeg\" \/>\n<meta name=\"author\" content=\"webdo.tn\" \/>\n<meta name=\"twitter:card\" content=\"summary_large_image\" \/>\n<meta name=\"twitter:creator\" content=\"@webdo_tn\" \/>\n<meta name=\"twitter:site\" content=\"@webdo_tn\" \/>\n<meta name=\"twitter:label1\" content=\"\u00c9crit par\" \/>\n\t<meta name=\"twitter:data1\" content=\"webdo.tn\" \/>\n\t<meta name=\"twitter:label2\" content=\"Dur\u00e9e de lecture estim\u00e9e\" \/>\n\t<meta name=\"twitter:data2\" content=\"3 minutes\" \/>\n<script type=\"application\/ld+json\" class=\"yoast-schema-graph\">{\"@context\":\"https:\\\/\\\/schema.org\",\"@graph\":[{\"@type\":\"NewsArticle\",\"@id\":\"https:\\\/\\\/www.webdo.tn\\\/fr\\\/actualite\\\/edito\\\/dernieres-propositions-gouvernement-seront-acceptees-lugtt\\\/178956\\\/#article\",\"isPartOf\":{\"@id\":\"https:\\\/\\\/www.webdo.tn\\\/fr\\\/actualite\\\/edito\\\/dernieres-propositions-gouvernement-seront-acceptees-lugtt\\\/178956\\\/\"},\"author\":{\"name\":\"webdo.tn\",\"@id\":\"https:\\\/\\\/www.webdo.tn\\\/fr\\\/#\\\/schema\\\/person\\\/9a9c6118d687c117df8ef3cc36a4d175\"},\"headline\":\"Les derni\u00e8res propositions du gouvernement seront-elles accept\u00e9es par l\u2019UGTT ?\",\"datePublished\":\"2016-11-24T16:39:00+00:00\",\"dateModified\":\"2025-05-22T12:36:54+00:00\",\"mainEntityOfPage\":{\"@id\":\"https:\\\/\\\/www.webdo.tn\\\/fr\\\/actualite\\\/edito\\\/dernieres-propositions-gouvernement-seront-acceptees-lugtt\\\/178956\\\/\"},\"wordCount\":515,\"commentCount\":0,\"publisher\":{\"@id\":\"https:\\\/\\\/www.webdo.tn\\\/fr\\\/#organization\"},\"image\":{\"@id\":\"https:\\\/\\\/www.webdo.tn\\\/fr\\\/actualite\\\/edito\\\/dernieres-propositions-gouvernement-seront-acceptees-lugtt\\\/178956\\\/#primaryimage\"},\"thumbnailUrl\":\"https:\\\/\\\/www.webdo.tn\\\/fr\\\/wp-content\\\/uploads\\\/2016\\\/11\\\/Chahed-Abassi-300x188-1.jpg\",\"articleSection\":[\"Edito\"],\"inLanguage\":\"fr-FR\"},{\"@type\":\"WebPage\",\"@id\":\"https:\\\/\\\/www.webdo.tn\\\/fr\\\/actualite\\\/edito\\\/dernieres-propositions-gouvernement-seront-acceptees-lugtt\\\/178956\\\/\",\"url\":\"https:\\\/\\\/www.webdo.tn\\\/fr\\\/actualite\\\/edito\\\/dernieres-propositions-gouvernement-seront-acceptees-lugtt\\\/178956\\\/\",\"name\":\"Les derni\u00e8res propositions du gouvernement seront-elles accept\u00e9es par l\u2019UGTT ?\",\"isPartOf\":{\"@id\":\"https:\\\/\\\/www.webdo.tn\\\/fr\\\/#website\"},\"primaryImageOfPage\":{\"@id\":\"https:\\\/\\\/www.webdo.tn\\\/fr\\\/actualite\\\/edito\\\/dernieres-propositions-gouvernement-seront-acceptees-lugtt\\\/178956\\\/#primaryimage\"},\"image\":{\"@id\":\"https:\\\/\\\/www.webdo.tn\\\/fr\\\/actualite\\\/edito\\\/dernieres-propositions-gouvernement-seront-acceptees-lugtt\\\/178956\\\/#primaryimage\"},\"thumbnailUrl\":\"https:\\\/\\\/www.webdo.tn\\\/fr\\\/wp-content\\\/uploads\\\/2016\\\/11\\\/Chahed-Abassi-300x188-1.jpg\",\"datePublished\":\"2016-11-24T16:39:00+00:00\",\"dateModified\":\"2025-05-22T12:36:54+00:00\",\"description\":\"Les derni\u00e8res propositions du gouvernement seront-elles accept\u00e9es par l\u2019UGTT ?\",\"breadcrumb\":{\"@id\":\"https:\\\/\\\/www.webdo.tn\\\/fr\\\/actualite\\\/edito\\\/dernieres-propositions-gouvernement-seront-acceptees-lugtt\\\/178956\\\/#breadcrumb\"},\"inLanguage\":\"fr-FR\",\"potentialAction\":[{\"@type\":\"ReadAction\",\"target\":[\"https:\\\/\\\/www.webdo.tn\\\/fr\\\/actualite\\\/edito\\\/dernieres-propositions-gouvernement-seront-acceptees-lugtt\\\/178956\\\/\"]}]},{\"@type\":\"ImageObject\",\"inLanguage\":\"fr-FR\",\"@id\":\"https:\\\/\\\/www.webdo.tn\\\/fr\\\/actualite\\\/edito\\\/dernieres-propositions-gouvernement-seront-acceptees-lugtt\\\/178956\\\/#primaryimage\",\"url\":\"https:\\\/\\\/www.webdo.tn\\\/fr\\\/wp-content\\\/uploads\\\/2016\\\/11\\\/Chahed-Abassi-300x188-1.jpg\",\"contentUrl\":\"https:\\\/\\\/www.webdo.tn\\\/fr\\\/wp-content\\\/uploads\\\/2016\\\/11\\\/Chahed-Abassi-300x188-1.jpg\",\"width\":300,\"height\":188,\"caption\":\"Les derni\u00e8res propositions du gouvernement seront-elles accept\u00e9es par l\u2019UGTT ?\"},{\"@type\":\"BreadcrumbList\",\"@id\":\"https:\\\/\\\/www.webdo.tn\\\/fr\\\/actualite\\\/edito\\\/dernieres-propositions-gouvernement-seront-acceptees-lugtt\\\/178956\\\/#breadcrumb\",\"itemListElement\":[{\"@type\":\"ListItem\",\"position\":1,\"name\":\"Accueil\",\"item\":\"https:\\\/\\\/www.webdo.tn\\\/fr\\\/\"},{\"@type\":\"ListItem\",\"position\":2,\"name\":\"Les derni\u00e8res propositions du gouvernement seront-elles accept\u00e9es par l\u2019UGTT ?\"}]},{\"@type\":\"WebSite\",\"@id\":\"https:\\\/\\\/www.webdo.tn\\\/fr\\\/#website\",\"url\":\"https:\\\/\\\/www.webdo.tn\\\/fr\\\/\",\"name\":\"webdo\",\"description\":\"Tunisie - News en Tunisie et \u00e0 l&#039;international sur Webdo.tn\",\"publisher\":{\"@id\":\"https:\\\/\\\/www.webdo.tn\\\/fr\\\/#organization\"},\"potentialAction\":[{\"@type\":\"SearchAction\",\"target\":{\"@type\":\"EntryPoint\",\"urlTemplate\":\"https:\\\/\\\/www.webdo.tn\\\/fr\\\/?s={search_term_string}\"},\"query-input\":{\"@type\":\"PropertyValueSpecification\",\"valueRequired\":true,\"valueName\":\"search_term_string\"}}],\"inLanguage\":\"fr-FR\"},{\"@type\":\"Organization\",\"@id\":\"https:\\\/\\\/www.webdo.tn\\\/fr\\\/#organization\",\"name\":\"Webdo\",\"alternateName\":\"Webdo.tn\",\"url\":\"https:\\\/\\\/www.webdo.tn\\\/fr\\\/\",\"logo\":{\"@type\":\"ImageObject\",\"inLanguage\":\"fr-FR\",\"@id\":\"https:\\\/\\\/www.webdo.tn\\\/fr\\\/#\\\/schema\\\/logo\\\/image\\\/\",\"url\":\"https:\\\/\\\/www.webdo.tn\\\/fr\\\/wp-content\\\/uploads\\\/2025\\\/06\\\/Webdo-Tunisie_168377.jpg\",\"contentUrl\":\"https:\\\/\\\/www.webdo.tn\\\/fr\\\/wp-content\\\/uploads\\\/2025\\\/06\\\/Webdo-Tunisie_168377.jpg\",\"width\":301,\"height\":301,\"caption\":\"Webdo\"},\"image\":{\"@id\":\"https:\\\/\\\/www.webdo.tn\\\/fr\\\/#\\\/schema\\\/logo\\\/image\\\/\"},\"sameAs\":[\"https:\\\/\\\/www.facebook.com\\\/webdotn\",\"https:\\\/\\\/x.com\\\/webdo_tn\"],\"description\":\"Webdo est un m\u00e9dia num\u00e9rique tunisien fond\u00e9 en 2010, sp\u00e9cialis\u00e9 dans l\u2019actualit\u00e9 nationale et internationale, l\u2019\u00e9conomie, la soci\u00e9t\u00e9 et les analyses politiques. Le site s\u2019adresse \u00e0 un large public francophone et couvre l\u2019information tunisienne en temps r\u00e9el.\",\"email\":\"redac@webdo.tn\",\"legalName\":\"YNJ SARL\",\"foundingDate\":\"2010-09-06\",\"numberOfEmployees\":{\"@type\":\"QuantitativeValue\",\"minValue\":\"11\",\"maxValue\":\"50\"}},{\"@type\":\"Person\",\"@id\":\"https:\\\/\\\/www.webdo.tn\\\/fr\\\/#\\\/schema\\\/person\\\/9a9c6118d687c117df8ef3cc36a4d175\",\"name\":\"webdo.tn\",\"image\":{\"@type\":\"ImageObject\",\"inLanguage\":\"fr-FR\",\"@id\":\"https:\\\/\\\/secure.gravatar.com\\\/avatar\\\/7ce1f28c0c3bbac99ff550b85ef8e44a6950c6ee24514fb6a5489e51d06f0298?s=96&d=mm&r=g\",\"url\":\"https:\\\/\\\/secure.gravatar.com\\\/avatar\\\/7ce1f28c0c3bbac99ff550b85ef8e44a6950c6ee24514fb6a5489e51d06f0298?s=96&d=mm&r=g\",\"contentUrl\":\"https:\\\/\\\/secure.gravatar.com\\\/avatar\\\/7ce1f28c0c3bbac99ff550b85ef8e44a6950c6ee24514fb6a5489e51d06f0298?s=96&d=mm&r=g\",\"caption\":\"webdo.tn\"},\"url\":\"https:\\\/\\\/www.webdo.tn\\\/fr\\\/actualite\\\/author\\\/webdotn\\\/\"}]}<\/script>\n<!-- \/ Yoast SEO Premium plugin. -->","yoast_head_json":{"title":"Les derni\u00e8res propositions du gouvernement seront-elles accept\u00e9es par l\u2019UGTT ?","description":"Les derni\u00e8res propositions du gouvernement seront-elles accept\u00e9es par l\u2019UGTT ?","canonical":"https:\/\/www.webdo.tn\/fr\/actualite\/edito\/dernieres-propositions-gouvernement-seront-acceptees-lugtt\/178956\/","og_locale":"fr_FR","og_type":"article","og_title":"Les derni\u00e8res propositions du gouvernement seront-elles accept\u00e9es par l\u2019UGTT ?","og_description":"Les derni\u00e8res propositions du gouvernement seront-elles accept\u00e9es par l\u2019UGTT ?","og_url":"https:\/\/www.webdo.tn\/fr\/actualite\/edito\/dernieres-propositions-gouvernement-seront-acceptees-lugtt\/178956\/","og_site_name":"webdo","article_publisher":"https:\/\/www.facebook.com\/webdotn","article_published_time":"2016-11-24T16:39:00+00:00","article_modified_time":"2025-05-22T12:36:54+00:00","og_image":[{"width":300,"height":188,"url":"https:\/\/www.webdo.tn\/fr\/wp-content\/uploads\/2016\/11\/Chahed-Abassi-300x188-1.jpg","type":"image\/jpeg"}],"author":"webdo.tn","twitter_card":"summary_large_image","twitter_creator":"@webdo_tn","twitter_site":"@webdo_tn","twitter_misc":{"\u00c9crit par":"webdo.tn","Dur\u00e9e de lecture estim\u00e9e":"3 minutes"},"schema":{"@context":"https:\/\/schema.org","@graph":[{"@type":"NewsArticle","@id":"https:\/\/www.webdo.tn\/fr\/actualite\/edito\/dernieres-propositions-gouvernement-seront-acceptees-lugtt\/178956\/#article","isPartOf":{"@id":"https:\/\/www.webdo.tn\/fr\/actualite\/edito\/dernieres-propositions-gouvernement-seront-acceptees-lugtt\/178956\/"},"author":{"name":"webdo.tn","@id":"https:\/\/www.webdo.tn\/fr\/#\/schema\/person\/9a9c6118d687c117df8ef3cc36a4d175"},"headline":"Les derni\u00e8res propositions du gouvernement seront-elles accept\u00e9es par l\u2019UGTT ?","datePublished":"2016-11-24T16:39:00+00:00","dateModified":"2025-05-22T12:36:54+00:00","mainEntityOfPage":{"@id":"https:\/\/www.webdo.tn\/fr\/actualite\/edito\/dernieres-propositions-gouvernement-seront-acceptees-lugtt\/178956\/"},"wordCount":515,"commentCount":0,"publisher":{"@id":"https:\/\/www.webdo.tn\/fr\/#organization"},"image":{"@id":"https:\/\/www.webdo.tn\/fr\/actualite\/edito\/dernieres-propositions-gouvernement-seront-acceptees-lugtt\/178956\/#primaryimage"},"thumbnailUrl":"https:\/\/www.webdo.tn\/fr\/wp-content\/uploads\/2016\/11\/Chahed-Abassi-300x188-1.jpg","articleSection":["Edito"],"inLanguage":"fr-FR"},{"@type":"WebPage","@id":"https:\/\/www.webdo.tn\/fr\/actualite\/edito\/dernieres-propositions-gouvernement-seront-acceptees-lugtt\/178956\/","url":"https:\/\/www.webdo.tn\/fr\/actualite\/edito\/dernieres-propositions-gouvernement-seront-acceptees-lugtt\/178956\/","name":"Les derni\u00e8res propositions du gouvernement seront-elles accept\u00e9es par l\u2019UGTT ?","isPartOf":{"@id":"https:\/\/www.webdo.tn\/fr\/#website"},"primaryImageOfPage":{"@id":"https:\/\/www.webdo.tn\/fr\/actualite\/edito\/dernieres-propositions-gouvernement-seront-acceptees-lugtt\/178956\/#primaryimage"},"image":{"@id":"https:\/\/www.webdo.tn\/fr\/actualite\/edito\/dernieres-propositions-gouvernement-seront-acceptees-lugtt\/178956\/#primaryimage"},"thumbnailUrl":"https:\/\/www.webdo.tn\/fr\/wp-content\/uploads\/2016\/11\/Chahed-Abassi-300x188-1.jpg","datePublished":"2016-11-24T16:39:00+00:00","dateModified":"2025-05-22T12:36:54+00:00","description":"Les derni\u00e8res propositions du gouvernement seront-elles accept\u00e9es par l\u2019UGTT ?","breadcrumb":{"@id":"https:\/\/www.webdo.tn\/fr\/actualite\/edito\/dernieres-propositions-gouvernement-seront-acceptees-lugtt\/178956\/#breadcrumb"},"inLanguage":"fr-FR","potentialAction":[{"@type":"ReadAction","target":["https:\/\/www.webdo.tn\/fr\/actualite\/edito\/dernieres-propositions-gouvernement-seront-acceptees-lugtt\/178956\/"]}]},{"@type":"ImageObject","inLanguage":"fr-FR","@id":"https:\/\/www.webdo.tn\/fr\/actualite\/edito\/dernieres-propositions-gouvernement-seront-acceptees-lugtt\/178956\/#primaryimage","url":"https:\/\/www.webdo.tn\/fr\/wp-content\/uploads\/2016\/11\/Chahed-Abassi-300x188-1.jpg","contentUrl":"https:\/\/www.webdo.tn\/fr\/wp-content\/uploads\/2016\/11\/Chahed-Abassi-300x188-1.jpg","width":300,"height":188,"caption":"Les derni\u00e8res propositions du gouvernement seront-elles accept\u00e9es par l\u2019UGTT ?"},{"@type":"BreadcrumbList","@id":"https:\/\/www.webdo.tn\/fr\/actualite\/edito\/dernieres-propositions-gouvernement-seront-acceptees-lugtt\/178956\/#breadcrumb","itemListElement":[{"@type":"ListItem","position":1,"name":"Accueil","item":"https:\/\/www.webdo.tn\/fr\/"},{"@type":"ListItem","position":2,"name":"Les derni\u00e8res propositions du gouvernement seront-elles accept\u00e9es par l\u2019UGTT ?"}]},{"@type":"WebSite","@id":"https:\/\/www.webdo.tn\/fr\/#website","url":"https:\/\/www.webdo.tn\/fr\/","name":"webdo","description":"Tunisie - News en Tunisie et \u00e0 l&#039;international sur Webdo.tn","publisher":{"@id":"https:\/\/www.webdo.tn\/fr\/#organization"},"potentialAction":[{"@type":"SearchAction","target":{"@type":"EntryPoint","urlTemplate":"https:\/\/www.webdo.tn\/fr\/?s={search_term_string}"},"query-input":{"@type":"PropertyValueSpecification","valueRequired":true,"valueName":"search_term_string"}}],"inLanguage":"fr-FR"},{"@type":"Organization","@id":"https:\/\/www.webdo.tn\/fr\/#organization","name":"Webdo","alternateName":"Webdo.tn","url":"https:\/\/www.webdo.tn\/fr\/","logo":{"@type":"ImageObject","inLanguage":"fr-FR","@id":"https:\/\/www.webdo.tn\/fr\/#\/schema\/logo\/image\/","url":"https:\/\/www.webdo.tn\/fr\/wp-content\/uploads\/2025\/06\/Webdo-Tunisie_168377.jpg","contentUrl":"https:\/\/www.webdo.tn\/fr\/wp-content\/uploads\/2025\/06\/Webdo-Tunisie_168377.jpg","width":301,"height":301,"caption":"Webdo"},"image":{"@id":"https:\/\/www.webdo.tn\/fr\/#\/schema\/logo\/image\/"},"sameAs":["https:\/\/www.facebook.com\/webdotn","https:\/\/x.com\/webdo_tn"],"description":"Webdo est un m\u00e9dia num\u00e9rique tunisien fond\u00e9 en 2010, sp\u00e9cialis\u00e9 dans l\u2019actualit\u00e9 nationale et internationale, l\u2019\u00e9conomie, la soci\u00e9t\u00e9 et les analyses politiques. Le site s\u2019adresse \u00e0 un large public francophone et couvre l\u2019information tunisienne en temps r\u00e9el.","email":"redac@webdo.tn","legalName":"YNJ SARL","foundingDate":"2010-09-06","numberOfEmployees":{"@type":"QuantitativeValue","minValue":"11","maxValue":"50"}},{"@type":"Person","@id":"https:\/\/www.webdo.tn\/fr\/#\/schema\/person\/9a9c6118d687c117df8ef3cc36a4d175","name":"webdo.tn","image":{"@type":"ImageObject","inLanguage":"fr-FR","@id":"https:\/\/secure.gravatar.com\/avatar\/7ce1f28c0c3bbac99ff550b85ef8e44a6950c6ee24514fb6a5489e51d06f0298?s=96&d=mm&r=g","url":"https:\/\/secure.gravatar.com\/avatar\/7ce1f28c0c3bbac99ff550b85ef8e44a6950c6ee24514fb6a5489e51d06f0298?s=96&d=mm&r=g","contentUrl":"https:\/\/secure.gravatar.com\/avatar\/7ce1f28c0c3bbac99ff550b85ef8e44a6950c6ee24514fb6a5489e51d06f0298?s=96&d=mm&r=g","caption":"webdo.tn"},"url":"https:\/\/www.webdo.tn\/fr\/actualite\/author\/webdotn\/"}]}},"_links":{"self":[{"href":"https:\/\/www.webdo.tn\/fr\/wp-json\/wp\/v2\/posts\/178956","targetHints":{"allow":["GET"]}}],"collection":[{"href":"https:\/\/www.webdo.tn\/fr\/wp-json\/wp\/v2\/posts"}],"about":[{"href":"https:\/\/www.webdo.tn\/fr\/wp-json\/wp\/v2\/types\/post"}],"author":[{"embeddable":true,"href":"https:\/\/www.webdo.tn\/fr\/wp-json\/wp\/v2\/users\/3222"}],"replies":[{"embeddable":true,"href":"https:\/\/www.webdo.tn\/fr\/wp-json\/wp\/v2\/comments?post=178956"}],"version-history":[{"count":0,"href":"https:\/\/www.webdo.tn\/fr\/wp-json\/wp\/v2\/posts\/178956\/revisions"}],"wp:featuredmedia":[{"embeddable":true,"href":"https:\/\/www.webdo.tn\/fr\/wp-json\/wp\/v2\/media\/326827"}],"wp:attachment":[{"href":"https:\/\/www.webdo.tn\/fr\/wp-json\/wp\/v2\/media?parent=178956"}],"wp:term":[{"taxonomy":"category","embeddable":true,"href":"https:\/\/www.webdo.tn\/fr\/wp-json\/wp\/v2\/categories?post=178956"},{"taxonomy":"post_tag","embeddable":true,"href":"https:\/\/www.webdo.tn\/fr\/wp-json\/wp\/v2\/tags?post=178956"}],"curies":[{"name":"wp","href":"https:\/\/api.w.org\/{rel}","templated":true}]}}