{"id":178955,"date":"2016-11-25T09:31:00","date_gmt":"2016-11-25T09:31:00","guid":{"rendered":"https:\/\/www.webdo.tn\/fr\/blog\/tunisie-vigilance-continue-contre-terrorisme\/178955\/"},"modified":"2025-05-22T13:24:35","modified_gmt":"2025-05-22T13:24:35","slug":"tunisie-vigilance-continue-contre-terrorisme","status":"publish","type":"post","link":"https:\/\/www.webdo.tn\/fr\/actualite\/edito\/tunisie-vigilance-continue-contre-terrorisme\/178955\/","title":{"rendered":"Tunisie : Une vigilance continue contre le terrorisme"},"content":{"rendered":"<p>Un an apr\u00e8s l\u2019attentat qui a frapp\u00e9 les douze agents de la s\u00e9curit\u00e9 pr\u00e9sidentielle \u00e0 la rue Mohamed V, il est plus que n\u00e9cessaire de se rappeler que le terrorisme constitue la plus s\u00e9rieuse et grande menace qui peut faire rentrer le pays dans une spirale de violence, m\u00eame si d\u2019autres ph\u00e9nom\u00e8nes peuvent \u00eatre tout aussi d\u00e9vastateurs.<\/p>\n<p>On se rappelle que cet attentat s\u2019est produit \u00e0 la veille du d\u00e9marrage des Journ\u00e9es Cin\u00e9matographiques de Carthage, et qu\u2019il a contribu\u00e9 \u00e0 la motivation des tunisiens pour assister en grand nombre \u00e0 cette manifestation.<\/p>\n<p>Depuis cette date, la lutte contre le terrorisme a pris un autre tournant en Tunisie avec la r\u00e9ussite des forces de s\u00e9curit\u00e9 \u00e0 faire capoter plusieurs attentats qui visaient \u00e0 la fois les b\u00e2timents publics, les agents de la s\u00e9curit\u00e9 (policiers et militaires).<\/p>\n<p>Mais, on a aussi v\u00e9cu la tentative d\u2019occuper la ville de Ben Guerdane quelques mois apr\u00e8s (le 16 mars dernier) qui a vu nos forces de s\u00e9curit\u00e9 et notre arm\u00e9e parvenir \u00e0 repousser les assaillants dont la volont\u00e9 consistait \u00e0 \u00e9tablir un \u00e9mirat dans cette r\u00e9gion de notre pays.<\/p>\n<p>En cette occasion, nos forces s\u00e9curitaires ont d\u00e9montr\u00e9 un professionnalisme et un patriotisme qui font honneur \u00e0 notre pays, et elles ont pu s\u2019\u00e9riger en tant que notre principal atout dans la lutte contre le terrorisme.<\/p>\n<p>Ces deux op\u00e9rations terroristes de grande envergure ont provoqu\u00e9 une v\u00e9ritable onde de choc au sein du peuple tunisien. Les citoyens ont compris que la lutte contre le terrorisme d\u00e9pend de la volont\u00e9 et exige la participation de tous \u00e0 cet effort. La vigilance doit non seulement concerner tout le monde mais elle doit aussi \u00eatre continue et ne jamais se rel\u00e2cher.<\/p>\n<p>C\u2019est cette mani\u00e8re d\u2019agir qui a mis nos forces de s\u00e9curit\u00e9 sur les traces de plusieurs apprentis terroristes avec le d\u00e9mant\u00e8lement de plusieurs groupes et sur les traces de plusieurs caches d\u2019armes qui furent d\u00e9couvertes.<\/p>\n<p>Elles se sont surtout multipli\u00e9es ces derniers temps dans cette m\u00eame ville de Ben Guerdane, la derni\u00e8re ayant \u00e9t\u00e9 d\u00e9couverte aujourd\u2019hui, ce qui d\u00e9montre que la menace demeure tr\u00e8s s\u00e9rieuse d\u2019autant plus que les cons\u00e9quences de l\u2019\u00e9volution de la situation politique en Libye pourraient entra\u00eener de nouveaux d\u00e9veloppements qui n\u00e9cessitent des mesures sp\u00e9ciales et efficaces.<\/p>\n<p>En outre, il convient de pr\u00e9ciser que la lutte contre le terrorisme doit toucher tous les aspects de la vie culturelle, \u00e9ducative, m\u00e9diatique et tout ce qui se rapporte \u00e0 la confection des esprits. C\u2019est dire que la bataille sera tr\u00e8s dure et tr\u00e8s longue, et exige un souffle in\u00e9puisable.<br \/>\nL.L.<\/p>\n","protected":false},"excerpt":{"rendered":"<p>Tunisie : Une vigilance continue contre le terrorisme<\/p>\n","protected":false},"author":3222,"featured_media":338299,"comment_status":"open","ping_status":"closed","sticky":false,"template":"","format":"standard","meta":{"footnotes":""},"categories":[2589],"tags":[],"class_list":["post-178955","post","type-post","status-publish","format-standard","has-post-thumbnail","hentry","category-edito"],"yoast_head":"<!-- This site is optimized with the Yoast SEO Premium plugin v27.5 (Yoast SEO v27.5) - https:\/\/yoast.com\/product\/yoast-seo-premium-wordpress\/ -->\n<title>Tunisie : Une vigilance continue contre le terrorisme<\/title>\n<meta name=\"description\" content=\"Tunisie : Une vigilance continue contre le terrorisme\" \/>\n<link rel=\"canonical\" href=\"https:\/\/www.webdo.tn\/fr\/actualite\/edito\/tunisie-vigilance-continue-contre-terrorisme\/178955\/\" \/>\n<meta property=\"og:locale\" content=\"fr_FR\" \/>\n<meta property=\"og:type\" content=\"article\" \/>\n<meta property=\"og:title\" content=\"Tunisie : Une vigilance continue contre le terrorisme\" \/>\n<meta property=\"og:description\" content=\"Tunisie : Une vigilance continue contre le terrorisme\" \/>\n<meta property=\"og:url\" content=\"https:\/\/www.webdo.tn\/fr\/actualite\/edito\/tunisie-vigilance-continue-contre-terrorisme\/178955\/\" \/>\n<meta property=\"og:site_name\" content=\"webdo\" \/>\n<meta property=\"article:publisher\" content=\"https:\/\/www.facebook.com\/webdotn\" \/>\n<meta property=\"article:published_time\" content=\"2016-11-25T09:31:00+00:00\" \/>\n<meta property=\"article:modified_time\" content=\"2025-05-22T13:24:35+00:00\" \/>\n<meta property=\"og:image\" content=\"https:\/\/www.webdo.tn\/fr\/wp-content\/uploads\/2016\/11\/Forces-spA\u00a9ciales-300x210-1.jpg\" \/>\n\t<meta property=\"og:image:width\" content=\"300\" \/>\n\t<meta property=\"og:image:height\" content=\"210\" \/>\n\t<meta property=\"og:image:type\" content=\"image\/jpeg\" \/>\n<meta name=\"author\" content=\"webdo.tn\" \/>\n<meta name=\"twitter:card\" content=\"summary_large_image\" \/>\n<meta name=\"twitter:creator\" content=\"@webdo_tn\" \/>\n<meta name=\"twitter:site\" content=\"@webdo_tn\" \/>\n<meta name=\"twitter:label1\" content=\"\u00c9crit par\" \/>\n\t<meta name=\"twitter:data1\" content=\"webdo.tn\" \/>\n\t<meta name=\"twitter:label2\" content=\"Dur\u00e9e de lecture estim\u00e9e\" \/>\n\t<meta name=\"twitter:data2\" content=\"2 minutes\" \/>\n<script type=\"application\/ld+json\" class=\"yoast-schema-graph\">{\"@context\":\"https:\\\/\\\/schema.org\",\"@graph\":[{\"@type\":\"NewsArticle\",\"@id\":\"https:\\\/\\\/www.webdo.tn\\\/fr\\\/actualite\\\/edito\\\/tunisie-vigilance-continue-contre-terrorisme\\\/178955\\\/#article\",\"isPartOf\":{\"@id\":\"https:\\\/\\\/www.webdo.tn\\\/fr\\\/actualite\\\/edito\\\/tunisie-vigilance-continue-contre-terrorisme\\\/178955\\\/\"},\"author\":{\"name\":\"webdo.tn\",\"@id\":\"https:\\\/\\\/www.webdo.tn\\\/fr\\\/#\\\/schema\\\/person\\\/9a9c6118d687c117df8ef3cc36a4d175\"},\"headline\":\"Tunisie : Une vigilance continue contre le terrorisme\",\"datePublished\":\"2016-11-25T09:31:00+00:00\",\"dateModified\":\"2025-05-22T13:24:35+00:00\",\"mainEntityOfPage\":{\"@id\":\"https:\\\/\\\/www.webdo.tn\\\/fr\\\/actualite\\\/edito\\\/tunisie-vigilance-continue-contre-terrorisme\\\/178955\\\/\"},\"wordCount\":481,\"commentCount\":0,\"publisher\":{\"@id\":\"https:\\\/\\\/www.webdo.tn\\\/fr\\\/#organization\"},\"image\":{\"@id\":\"https:\\\/\\\/www.webdo.tn\\\/fr\\\/actualite\\\/edito\\\/tunisie-vigilance-continue-contre-terrorisme\\\/178955\\\/#primaryimage\"},\"thumbnailUrl\":\"https:\\\/\\\/www.webdo.tn\\\/fr\\\/wp-content\\\/uploads\\\/2016\\\/11\\\/Forces-spA\u00a9ciales-300x210-1.jpg\",\"articleSection\":[\"Edito\"],\"inLanguage\":\"fr-FR\"},{\"@type\":\"WebPage\",\"@id\":\"https:\\\/\\\/www.webdo.tn\\\/fr\\\/actualite\\\/edito\\\/tunisie-vigilance-continue-contre-terrorisme\\\/178955\\\/\",\"url\":\"https:\\\/\\\/www.webdo.tn\\\/fr\\\/actualite\\\/edito\\\/tunisie-vigilance-continue-contre-terrorisme\\\/178955\\\/\",\"name\":\"Tunisie : Une vigilance continue contre le terrorisme\",\"isPartOf\":{\"@id\":\"https:\\\/\\\/www.webdo.tn\\\/fr\\\/#website\"},\"primaryImageOfPage\":{\"@id\":\"https:\\\/\\\/www.webdo.tn\\\/fr\\\/actualite\\\/edito\\\/tunisie-vigilance-continue-contre-terrorisme\\\/178955\\\/#primaryimage\"},\"image\":{\"@id\":\"https:\\\/\\\/www.webdo.tn\\\/fr\\\/actualite\\\/edito\\\/tunisie-vigilance-continue-contre-terrorisme\\\/178955\\\/#primaryimage\"},\"thumbnailUrl\":\"https:\\\/\\\/www.webdo.tn\\\/fr\\\/wp-content\\\/uploads\\\/2016\\\/11\\\/Forces-spA\u00a9ciales-300x210-1.jpg\",\"datePublished\":\"2016-11-25T09:31:00+00:00\",\"dateModified\":\"2025-05-22T13:24:35+00:00\",\"description\":\"Tunisie : Une vigilance continue contre le terrorisme\",\"breadcrumb\":{\"@id\":\"https:\\\/\\\/www.webdo.tn\\\/fr\\\/actualite\\\/edito\\\/tunisie-vigilance-continue-contre-terrorisme\\\/178955\\\/#breadcrumb\"},\"inLanguage\":\"fr-FR\",\"potentialAction\":[{\"@type\":\"ReadAction\",\"target\":[\"https:\\\/\\\/www.webdo.tn\\\/fr\\\/actualite\\\/edito\\\/tunisie-vigilance-continue-contre-terrorisme\\\/178955\\\/\"]}]},{\"@type\":\"ImageObject\",\"inLanguage\":\"fr-FR\",\"@id\":\"https:\\\/\\\/www.webdo.tn\\\/fr\\\/actualite\\\/edito\\\/tunisie-vigilance-continue-contre-terrorisme\\\/178955\\\/#primaryimage\",\"url\":\"https:\\\/\\\/www.webdo.tn\\\/fr\\\/wp-content\\\/uploads\\\/2016\\\/11\\\/Forces-spA\u00a9ciales-300x210-1.jpg\",\"contentUrl\":\"https:\\\/\\\/www.webdo.tn\\\/fr\\\/wp-content\\\/uploads\\\/2016\\\/11\\\/Forces-spA\u00a9ciales-300x210-1.jpg\",\"width\":300,\"height\":210,\"caption\":\"Tunisie : Une vigilance continue contre le terrorisme\"},{\"@type\":\"BreadcrumbList\",\"@id\":\"https:\\\/\\\/www.webdo.tn\\\/fr\\\/actualite\\\/edito\\\/tunisie-vigilance-continue-contre-terrorisme\\\/178955\\\/#breadcrumb\",\"itemListElement\":[{\"@type\":\"ListItem\",\"position\":1,\"name\":\"Accueil\",\"item\":\"https:\\\/\\\/www.webdo.tn\\\/fr\\\/\"},{\"@type\":\"ListItem\",\"position\":2,\"name\":\"Tunisie : Une vigilance continue contre le terrorisme\"}]},{\"@type\":\"WebSite\",\"@id\":\"https:\\\/\\\/www.webdo.tn\\\/fr\\\/#website\",\"url\":\"https:\\\/\\\/www.webdo.tn\\\/fr\\\/\",\"name\":\"webdo\",\"description\":\"Tunisie - News en Tunisie et \u00e0 l&#039;international sur Webdo.tn\",\"publisher\":{\"@id\":\"https:\\\/\\\/www.webdo.tn\\\/fr\\\/#organization\"},\"potentialAction\":[{\"@type\":\"SearchAction\",\"target\":{\"@type\":\"EntryPoint\",\"urlTemplate\":\"https:\\\/\\\/www.webdo.tn\\\/fr\\\/?s={search_term_string}\"},\"query-input\":{\"@type\":\"PropertyValueSpecification\",\"valueRequired\":true,\"valueName\":\"search_term_string\"}}],\"inLanguage\":\"fr-FR\"},{\"@type\":\"Organization\",\"@id\":\"https:\\\/\\\/www.webdo.tn\\\/fr\\\/#organization\",\"name\":\"Webdo\",\"alternateName\":\"Webdo.tn\",\"url\":\"https:\\\/\\\/www.webdo.tn\\\/fr\\\/\",\"logo\":{\"@type\":\"ImageObject\",\"inLanguage\":\"fr-FR\",\"@id\":\"https:\\\/\\\/www.webdo.tn\\\/fr\\\/#\\\/schema\\\/logo\\\/image\\\/\",\"url\":\"https:\\\/\\\/www.webdo.tn\\\/fr\\\/wp-content\\\/uploads\\\/2025\\\/06\\\/Webdo-Tunisie_168377.jpg\",\"contentUrl\":\"https:\\\/\\\/www.webdo.tn\\\/fr\\\/wp-content\\\/uploads\\\/2025\\\/06\\\/Webdo-Tunisie_168377.jpg\",\"width\":301,\"height\":301,\"caption\":\"Webdo\"},\"image\":{\"@id\":\"https:\\\/\\\/www.webdo.tn\\\/fr\\\/#\\\/schema\\\/logo\\\/image\\\/\"},\"sameAs\":[\"https:\\\/\\\/www.facebook.com\\\/webdotn\",\"https:\\\/\\\/x.com\\\/webdo_tn\"],\"description\":\"Webdo est un m\u00e9dia num\u00e9rique tunisien fond\u00e9 en 2010, sp\u00e9cialis\u00e9 dans l\u2019actualit\u00e9 nationale et internationale, l\u2019\u00e9conomie, la soci\u00e9t\u00e9 et les analyses politiques. Le site s\u2019adresse \u00e0 un large public francophone et couvre l\u2019information tunisienne en temps r\u00e9el.\",\"email\":\"redac@webdo.tn\",\"legalName\":\"YNJ SARL\",\"foundingDate\":\"2010-09-06\",\"numberOfEmployees\":{\"@type\":\"QuantitativeValue\",\"minValue\":\"11\",\"maxValue\":\"50\"}},{\"@type\":\"Person\",\"@id\":\"https:\\\/\\\/www.webdo.tn\\\/fr\\\/#\\\/schema\\\/person\\\/9a9c6118d687c117df8ef3cc36a4d175\",\"name\":\"webdo.tn\",\"image\":{\"@type\":\"ImageObject\",\"inLanguage\":\"fr-FR\",\"@id\":\"https:\\\/\\\/secure.gravatar.com\\\/avatar\\\/7ce1f28c0c3bbac99ff550b85ef8e44a6950c6ee24514fb6a5489e51d06f0298?s=96&d=mm&r=g\",\"url\":\"https:\\\/\\\/secure.gravatar.com\\\/avatar\\\/7ce1f28c0c3bbac99ff550b85ef8e44a6950c6ee24514fb6a5489e51d06f0298?s=96&d=mm&r=g\",\"contentUrl\":\"https:\\\/\\\/secure.gravatar.com\\\/avatar\\\/7ce1f28c0c3bbac99ff550b85ef8e44a6950c6ee24514fb6a5489e51d06f0298?s=96&d=mm&r=g\",\"caption\":\"webdo.tn\"},\"url\":\"https:\\\/\\\/www.webdo.tn\\\/fr\\\/actualite\\\/author\\\/webdotn\\\/\"}]}<\/script>\n<!-- \/ Yoast SEO Premium plugin. -->","yoast_head_json":{"title":"Tunisie : Une vigilance continue contre le terrorisme","description":"Tunisie : Une vigilance continue contre le terrorisme","canonical":"https:\/\/www.webdo.tn\/fr\/actualite\/edito\/tunisie-vigilance-continue-contre-terrorisme\/178955\/","og_locale":"fr_FR","og_type":"article","og_title":"Tunisie : Une vigilance continue contre le terrorisme","og_description":"Tunisie : Une vigilance continue contre le terrorisme","og_url":"https:\/\/www.webdo.tn\/fr\/actualite\/edito\/tunisie-vigilance-continue-contre-terrorisme\/178955\/","og_site_name":"webdo","article_publisher":"https:\/\/www.facebook.com\/webdotn","article_published_time":"2016-11-25T09:31:00+00:00","article_modified_time":"2025-05-22T13:24:35+00:00","og_image":[{"width":300,"height":210,"url":"https:\/\/www.webdo.tn\/fr\/wp-content\/uploads\/2016\/11\/Forces-spA\u00a9ciales-300x210-1.jpg","type":"image\/jpeg"}],"author":"webdo.tn","twitter_card":"summary_large_image","twitter_creator":"@webdo_tn","twitter_site":"@webdo_tn","twitter_misc":{"\u00c9crit par":"webdo.tn","Dur\u00e9e de lecture estim\u00e9e":"2 minutes"},"schema":{"@context":"https:\/\/schema.org","@graph":[{"@type":"NewsArticle","@id":"https:\/\/www.webdo.tn\/fr\/actualite\/edito\/tunisie-vigilance-continue-contre-terrorisme\/178955\/#article","isPartOf":{"@id":"https:\/\/www.webdo.tn\/fr\/actualite\/edito\/tunisie-vigilance-continue-contre-terrorisme\/178955\/"},"author":{"name":"webdo.tn","@id":"https:\/\/www.webdo.tn\/fr\/#\/schema\/person\/9a9c6118d687c117df8ef3cc36a4d175"},"headline":"Tunisie : Une vigilance continue contre le terrorisme","datePublished":"2016-11-25T09:31:00+00:00","dateModified":"2025-05-22T13:24:35+00:00","mainEntityOfPage":{"@id":"https:\/\/www.webdo.tn\/fr\/actualite\/edito\/tunisie-vigilance-continue-contre-terrorisme\/178955\/"},"wordCount":481,"commentCount":0,"publisher":{"@id":"https:\/\/www.webdo.tn\/fr\/#organization"},"image":{"@id":"https:\/\/www.webdo.tn\/fr\/actualite\/edito\/tunisie-vigilance-continue-contre-terrorisme\/178955\/#primaryimage"},"thumbnailUrl":"https:\/\/www.webdo.tn\/fr\/wp-content\/uploads\/2016\/11\/Forces-spA\u00a9ciales-300x210-1.jpg","articleSection":["Edito"],"inLanguage":"fr-FR"},{"@type":"WebPage","@id":"https:\/\/www.webdo.tn\/fr\/actualite\/edito\/tunisie-vigilance-continue-contre-terrorisme\/178955\/","url":"https:\/\/www.webdo.tn\/fr\/actualite\/edito\/tunisie-vigilance-continue-contre-terrorisme\/178955\/","name":"Tunisie : Une vigilance continue contre le terrorisme","isPartOf":{"@id":"https:\/\/www.webdo.tn\/fr\/#website"},"primaryImageOfPage":{"@id":"https:\/\/www.webdo.tn\/fr\/actualite\/edito\/tunisie-vigilance-continue-contre-terrorisme\/178955\/#primaryimage"},"image":{"@id":"https:\/\/www.webdo.tn\/fr\/actualite\/edito\/tunisie-vigilance-continue-contre-terrorisme\/178955\/#primaryimage"},"thumbnailUrl":"https:\/\/www.webdo.tn\/fr\/wp-content\/uploads\/2016\/11\/Forces-spA\u00a9ciales-300x210-1.jpg","datePublished":"2016-11-25T09:31:00+00:00","dateModified":"2025-05-22T13:24:35+00:00","description":"Tunisie : Une vigilance continue contre le terrorisme","breadcrumb":{"@id":"https:\/\/www.webdo.tn\/fr\/actualite\/edito\/tunisie-vigilance-continue-contre-terrorisme\/178955\/#breadcrumb"},"inLanguage":"fr-FR","potentialAction":[{"@type":"ReadAction","target":["https:\/\/www.webdo.tn\/fr\/actualite\/edito\/tunisie-vigilance-continue-contre-terrorisme\/178955\/"]}]},{"@type":"ImageObject","inLanguage":"fr-FR","@id":"https:\/\/www.webdo.tn\/fr\/actualite\/edito\/tunisie-vigilance-continue-contre-terrorisme\/178955\/#primaryimage","url":"https:\/\/www.webdo.tn\/fr\/wp-content\/uploads\/2016\/11\/Forces-spA\u00a9ciales-300x210-1.jpg","contentUrl":"https:\/\/www.webdo.tn\/fr\/wp-content\/uploads\/2016\/11\/Forces-spA\u00a9ciales-300x210-1.jpg","width":300,"height":210,"caption":"Tunisie : Une vigilance continue contre le terrorisme"},{"@type":"BreadcrumbList","@id":"https:\/\/www.webdo.tn\/fr\/actualite\/edito\/tunisie-vigilance-continue-contre-terrorisme\/178955\/#breadcrumb","itemListElement":[{"@type":"ListItem","position":1,"name":"Accueil","item":"https:\/\/www.webdo.tn\/fr\/"},{"@type":"ListItem","position":2,"name":"Tunisie : Une vigilance continue contre le terrorisme"}]},{"@type":"WebSite","@id":"https:\/\/www.webdo.tn\/fr\/#website","url":"https:\/\/www.webdo.tn\/fr\/","name":"webdo","description":"Tunisie - News en Tunisie et \u00e0 l&#039;international sur Webdo.tn","publisher":{"@id":"https:\/\/www.webdo.tn\/fr\/#organization"},"potentialAction":[{"@type":"SearchAction","target":{"@type":"EntryPoint","urlTemplate":"https:\/\/www.webdo.tn\/fr\/?s={search_term_string}"},"query-input":{"@type":"PropertyValueSpecification","valueRequired":true,"valueName":"search_term_string"}}],"inLanguage":"fr-FR"},{"@type":"Organization","@id":"https:\/\/www.webdo.tn\/fr\/#organization","name":"Webdo","alternateName":"Webdo.tn","url":"https:\/\/www.webdo.tn\/fr\/","logo":{"@type":"ImageObject","inLanguage":"fr-FR","@id":"https:\/\/www.webdo.tn\/fr\/#\/schema\/logo\/image\/","url":"https:\/\/www.webdo.tn\/fr\/wp-content\/uploads\/2025\/06\/Webdo-Tunisie_168377.jpg","contentUrl":"https:\/\/www.webdo.tn\/fr\/wp-content\/uploads\/2025\/06\/Webdo-Tunisie_168377.jpg","width":301,"height":301,"caption":"Webdo"},"image":{"@id":"https:\/\/www.webdo.tn\/fr\/#\/schema\/logo\/image\/"},"sameAs":["https:\/\/www.facebook.com\/webdotn","https:\/\/x.com\/webdo_tn"],"description":"Webdo est un m\u00e9dia num\u00e9rique tunisien fond\u00e9 en 2010, sp\u00e9cialis\u00e9 dans l\u2019actualit\u00e9 nationale et internationale, l\u2019\u00e9conomie, la soci\u00e9t\u00e9 et les analyses politiques. Le site s\u2019adresse \u00e0 un large public francophone et couvre l\u2019information tunisienne en temps r\u00e9el.","email":"redac@webdo.tn","legalName":"YNJ SARL","foundingDate":"2010-09-06","numberOfEmployees":{"@type":"QuantitativeValue","minValue":"11","maxValue":"50"}},{"@type":"Person","@id":"https:\/\/www.webdo.tn\/fr\/#\/schema\/person\/9a9c6118d687c117df8ef3cc36a4d175","name":"webdo.tn","image":{"@type":"ImageObject","inLanguage":"fr-FR","@id":"https:\/\/secure.gravatar.com\/avatar\/7ce1f28c0c3bbac99ff550b85ef8e44a6950c6ee24514fb6a5489e51d06f0298?s=96&d=mm&r=g","url":"https:\/\/secure.gravatar.com\/avatar\/7ce1f28c0c3bbac99ff550b85ef8e44a6950c6ee24514fb6a5489e51d06f0298?s=96&d=mm&r=g","contentUrl":"https:\/\/secure.gravatar.com\/avatar\/7ce1f28c0c3bbac99ff550b85ef8e44a6950c6ee24514fb6a5489e51d06f0298?s=96&d=mm&r=g","caption":"webdo.tn"},"url":"https:\/\/www.webdo.tn\/fr\/actualite\/author\/webdotn\/"}]}},"_links":{"self":[{"href":"https:\/\/www.webdo.tn\/fr\/wp-json\/wp\/v2\/posts\/178955","targetHints":{"allow":["GET"]}}],"collection":[{"href":"https:\/\/www.webdo.tn\/fr\/wp-json\/wp\/v2\/posts"}],"about":[{"href":"https:\/\/www.webdo.tn\/fr\/wp-json\/wp\/v2\/types\/post"}],"author":[{"embeddable":true,"href":"https:\/\/www.webdo.tn\/fr\/wp-json\/wp\/v2\/users\/3222"}],"replies":[{"embeddable":true,"href":"https:\/\/www.webdo.tn\/fr\/wp-json\/wp\/v2\/comments?post=178955"}],"version-history":[{"count":0,"href":"https:\/\/www.webdo.tn\/fr\/wp-json\/wp\/v2\/posts\/178955\/revisions"}],"wp:featuredmedia":[{"embeddable":true,"href":"https:\/\/www.webdo.tn\/fr\/wp-json\/wp\/v2\/media\/338299"}],"wp:attachment":[{"href":"https:\/\/www.webdo.tn\/fr\/wp-json\/wp\/v2\/media?parent=178955"}],"wp:term":[{"taxonomy":"category","embeddable":true,"href":"https:\/\/www.webdo.tn\/fr\/wp-json\/wp\/v2\/categories?post=178955"},{"taxonomy":"post_tag","embeddable":true,"href":"https:\/\/www.webdo.tn\/fr\/wp-json\/wp\/v2\/tags?post=178955"}],"curies":[{"name":"wp","href":"https:\/\/api.w.org\/{rel}","templated":true}]}}