{"id":178954,"date":"2016-12-02T16:06:00","date_gmt":"2016-12-02T16:06:00","guid":{"rendered":"https:\/\/www.webdo.tn\/fr\/blog\/tunisie-colere-mauvaise-conseillere\/178954\/"},"modified":"2025-05-22T12:36:54","modified_gmt":"2025-05-22T12:36:54","slug":"tunisie-colere-mauvaise-conseillere","status":"publish","type":"post","link":"https:\/\/www.webdo.tn\/fr\/actualite\/edito\/tunisie-colere-mauvaise-conseillere\/178954\/","title":{"rendered":"Tunisie : La \u00ab\u00a0col\u00e8re\u00a0\u00bb mauvaise conseill\u00e8re"},"content":{"rendered":"<p>On a d\u00e9cid\u00e9ment du mal \u00e0 comprendre certaines affirmations de certains dirigeants politiques dont le discours nous laisse circonspect \u00e0 la fois par ce qu\u2019ils souhaitent \u00e9mettre comme message en direction de l\u2019opinion publique.<\/p>\n<p>Quelques semaines auparavant, Rached Ghannouchi a d\u00e9clar\u00e9 \u00e0 propos des terroristes de Daech qu\u2019il s\u2019agissait de \u00ab l\u2019Islam en col\u00e8re \u00bb. On se rappelle la pol\u00e9mique que ces propos avaient soulev\u00e9 \u00e0 l\u2019\u00e9poque dans la mesure qu\u2019ils \u00e9taient une sorte de justification de la violence et donc du terrorisme, un peu dans la continuit\u00e9 des d\u00e9clarations relatives aux Salafistes qui \u00ab lui rappelaient sa jeunesse ! \u00bb<\/p>\n<p>Cette fois-ci, c\u2019est un autre dirigeant \u00ab new \u00bb nahdhaoui, en l\u2019occurrence Mohamed Goumani, un ex-du Parti D\u00e9mocratique Progressiste dont il a quitt\u00e9 les rangs avant de fonder un nouveau parti apr\u00e8s le 14 janvier, le Parti de la R\u00e9forme et du D\u00e9veloppement, \u00ab Hizb Al Islah wa Tanmiyya \u00bb.<\/p>\n<p>Il a ensuite entam\u00e9 un rapprochement avec l\u2019Alliance D\u00e9mocratique qui n\u2019a pas abouti \u00e0 un r\u00e9sultat concret, les deux courants s\u2019\u00e9tant effiloch\u00e9s. Enfin, il a r\u00e9int\u00e9gr\u00e9 Ennahdha puisqu\u2019il \u00e9tait, \u00e0 l\u2019origine, un militant au sein du Mouvement de la Tendance Islamique (MTI).<\/p>\n<p>Mohamed Goumani, enseignant d\u2019\u00e9ducation religieuse, vient de d\u00e9clarer lors de l\u2019\u00e9mission Midi Show sur les ondes de Mosa\u00efque aujourd\u2019hui, au sujet des slogans des enseignants lors de leur rassemblement devant le minist\u00e8re de l\u2019\u00e9ducation nationale et hostile \u00e0 N\u00e9ji Jelloul, qu\u2019ils \u00e9taient le \u00ab fruit de la col\u00e8re des enseignants \u00bb, et que \u00ab lorsque quelqu\u2019un est en col\u00e8re, il n\u2019est plus raisonnable ! \u00bb<\/p>\n<p>Autrement dit, la col\u00e8re chez les Islamistes ouvre la porte \u00e0 tous les d\u00e9bordements possibles et les justifient. Du courroux \u00e0 la vindicte en passant par la violence ou m\u00eame le terrorisme peuvent \u00eatre \u00ab excus\u00e9s \u00bb et \u00ab compris \u00bb !<\/p>\n<p>En r\u00e9alit\u00e9, Mohamed Goumani est revenu au bercail d\u2019Ennahdha dans l\u2019espoir de devenir dans un proche avenir le candidat potentiel \u00e0 la succession de N\u00e9ji Jelloul. Le r\u00eave des Islamistes d\u2019atteindre leurs desseins soci\u00e9taux passe par la ma\u00eetrise et l\u2019influence qu\u2019ils esp\u00e8rent mettre en place \u00e0 travers les programmes scolaires et donc \u00e0 travers l\u2019ensemble du syst\u00e8me \u00e9ducatif.<\/p>\n<p>C\u2019est dans cet esprit, que N\u00e9ji Jelloul figure parmi l\u2019un de leurs ennemis qu\u2019il faut abattre et la \u00ab cabale \u00bb men\u00e9e par les syndicats verse objectivement, ind\u00e9pendamment de la l\u00e9gitimit\u00e9 ou non de leurs revendications, dans ce m\u00eame sac !<br \/>\nLL<\/p>\n","protected":false},"excerpt":{"rendered":"<p>Tunisie : La  col\u00e8re  mauvaise conseill\u00e8re<\/p>\n","protected":false},"author":3222,"featured_media":312152,"comment_status":"open","ping_status":"closed","sticky":false,"template":"","format":"standard","meta":{"footnotes":""},"categories":[2589],"tags":[],"class_list":["post-178954","post","type-post","status-publish","format-standard","has-post-thumbnail","hentry","category-edito"],"yoast_head":"<!-- This site is optimized with the Yoast SEO Premium plugin v27.5 (Yoast SEO v27.5) - https:\/\/yoast.com\/product\/yoast-seo-premium-wordpress\/ -->\n<title>Tunisie : La col\u00e8re mauvaise conseill\u00e8re<\/title>\n<meta name=\"description\" content=\"Tunisie : La col\u00e8re mauvaise conseill\u00e8re\" \/>\n<link rel=\"canonical\" href=\"https:\/\/www.webdo.tn\/fr\/actualite\/edito\/tunisie-colere-mauvaise-conseillere\/178954\/\" \/>\n<meta property=\"og:locale\" content=\"fr_FR\" \/>\n<meta property=\"og:type\" content=\"article\" \/>\n<meta property=\"og:title\" content=\"Tunisie : La &quot;col\u00e8re&quot; mauvaise conseill\u00e8re\" \/>\n<meta property=\"og:description\" content=\"Tunisie : La col\u00e8re mauvaise conseill\u00e8re\" \/>\n<meta property=\"og:url\" content=\"https:\/\/www.webdo.tn\/fr\/actualite\/edito\/tunisie-colere-mauvaise-conseillere\/178954\/\" \/>\n<meta property=\"og:site_name\" content=\"webdo\" \/>\n<meta property=\"article:publisher\" content=\"https:\/\/www.facebook.com\/webdotn\" \/>\n<meta property=\"article:published_time\" content=\"2016-12-02T16:06:00+00:00\" \/>\n<meta property=\"article:modified_time\" content=\"2025-05-22T12:36:54+00:00\" \/>\n<meta property=\"og:image\" content=\"https:\/\/www.webdo.tn\/fr\/wp-content\/uploads\/2016\/12\/Mohamed-Goumani-300x180-1.jpg\" \/>\n\t<meta property=\"og:image:width\" content=\"300\" \/>\n\t<meta property=\"og:image:height\" content=\"180\" \/>\n\t<meta property=\"og:image:type\" content=\"image\/jpeg\" \/>\n<meta name=\"author\" content=\"webdo.tn\" \/>\n<meta name=\"twitter:card\" content=\"summary_large_image\" \/>\n<meta name=\"twitter:creator\" content=\"@webdo_tn\" \/>\n<meta name=\"twitter:site\" content=\"@webdo_tn\" \/>\n<meta name=\"twitter:label1\" content=\"\u00c9crit par\" \/>\n\t<meta name=\"twitter:data1\" content=\"webdo.tn\" \/>\n\t<meta name=\"twitter:label2\" content=\"Dur\u00e9e de lecture estim\u00e9e\" \/>\n\t<meta name=\"twitter:data2\" content=\"2 minutes\" \/>\n<script type=\"application\/ld+json\" class=\"yoast-schema-graph\">{\"@context\":\"https:\\\/\\\/schema.org\",\"@graph\":[{\"@type\":\"NewsArticle\",\"@id\":\"https:\\\/\\\/www.webdo.tn\\\/fr\\\/actualite\\\/edito\\\/tunisie-colere-mauvaise-conseillere\\\/178954\\\/#article\",\"isPartOf\":{\"@id\":\"https:\\\/\\\/www.webdo.tn\\\/fr\\\/actualite\\\/edito\\\/tunisie-colere-mauvaise-conseillere\\\/178954\\\/\"},\"author\":{\"name\":\"webdo.tn\",\"@id\":\"https:\\\/\\\/www.webdo.tn\\\/fr\\\/#\\\/schema\\\/person\\\/9a9c6118d687c117df8ef3cc36a4d175\"},\"headline\":\"Tunisie : La \u00ab\u00a0col\u00e8re\u00a0\u00bb mauvaise conseill\u00e8re\",\"datePublished\":\"2016-12-02T16:06:00+00:00\",\"dateModified\":\"2025-05-22T12:36:54+00:00\",\"mainEntityOfPage\":{\"@id\":\"https:\\\/\\\/www.webdo.tn\\\/fr\\\/actualite\\\/edito\\\/tunisie-colere-mauvaise-conseillere\\\/178954\\\/\"},\"wordCount\":439,\"commentCount\":0,\"publisher\":{\"@id\":\"https:\\\/\\\/www.webdo.tn\\\/fr\\\/#organization\"},\"image\":{\"@id\":\"https:\\\/\\\/www.webdo.tn\\\/fr\\\/actualite\\\/edito\\\/tunisie-colere-mauvaise-conseillere\\\/178954\\\/#primaryimage\"},\"thumbnailUrl\":\"https:\\\/\\\/www.webdo.tn\\\/fr\\\/wp-content\\\/uploads\\\/2016\\\/12\\\/Mohamed-Goumani-300x180-1.jpg\",\"articleSection\":[\"Edito\"],\"inLanguage\":\"fr-FR\"},{\"@type\":\"WebPage\",\"@id\":\"https:\\\/\\\/www.webdo.tn\\\/fr\\\/actualite\\\/edito\\\/tunisie-colere-mauvaise-conseillere\\\/178954\\\/\",\"url\":\"https:\\\/\\\/www.webdo.tn\\\/fr\\\/actualite\\\/edito\\\/tunisie-colere-mauvaise-conseillere\\\/178954\\\/\",\"name\":\"Tunisie : La col\u00e8re mauvaise conseill\u00e8re\",\"isPartOf\":{\"@id\":\"https:\\\/\\\/www.webdo.tn\\\/fr\\\/#website\"},\"primaryImageOfPage\":{\"@id\":\"https:\\\/\\\/www.webdo.tn\\\/fr\\\/actualite\\\/edito\\\/tunisie-colere-mauvaise-conseillere\\\/178954\\\/#primaryimage\"},\"image\":{\"@id\":\"https:\\\/\\\/www.webdo.tn\\\/fr\\\/actualite\\\/edito\\\/tunisie-colere-mauvaise-conseillere\\\/178954\\\/#primaryimage\"},\"thumbnailUrl\":\"https:\\\/\\\/www.webdo.tn\\\/fr\\\/wp-content\\\/uploads\\\/2016\\\/12\\\/Mohamed-Goumani-300x180-1.jpg\",\"datePublished\":\"2016-12-02T16:06:00+00:00\",\"dateModified\":\"2025-05-22T12:36:54+00:00\",\"description\":\"Tunisie : La col\u00e8re mauvaise conseill\u00e8re\",\"breadcrumb\":{\"@id\":\"https:\\\/\\\/www.webdo.tn\\\/fr\\\/actualite\\\/edito\\\/tunisie-colere-mauvaise-conseillere\\\/178954\\\/#breadcrumb\"},\"inLanguage\":\"fr-FR\",\"potentialAction\":[{\"@type\":\"ReadAction\",\"target\":[\"https:\\\/\\\/www.webdo.tn\\\/fr\\\/actualite\\\/edito\\\/tunisie-colere-mauvaise-conseillere\\\/178954\\\/\"]}]},{\"@type\":\"ImageObject\",\"inLanguage\":\"fr-FR\",\"@id\":\"https:\\\/\\\/www.webdo.tn\\\/fr\\\/actualite\\\/edito\\\/tunisie-colere-mauvaise-conseillere\\\/178954\\\/#primaryimage\",\"url\":\"https:\\\/\\\/www.webdo.tn\\\/fr\\\/wp-content\\\/uploads\\\/2016\\\/12\\\/Mohamed-Goumani-300x180-1.jpg\",\"contentUrl\":\"https:\\\/\\\/www.webdo.tn\\\/fr\\\/wp-content\\\/uploads\\\/2016\\\/12\\\/Mohamed-Goumani-300x180-1.jpg\",\"width\":300,\"height\":180,\"caption\":\"Tunisie : La \\\"col\u00e8re\\\" mauvaise conseill\u00e8re\"},{\"@type\":\"BreadcrumbList\",\"@id\":\"https:\\\/\\\/www.webdo.tn\\\/fr\\\/actualite\\\/edito\\\/tunisie-colere-mauvaise-conseillere\\\/178954\\\/#breadcrumb\",\"itemListElement\":[{\"@type\":\"ListItem\",\"position\":1,\"name\":\"Accueil\",\"item\":\"https:\\\/\\\/www.webdo.tn\\\/fr\\\/\"},{\"@type\":\"ListItem\",\"position\":2,\"name\":\"Tunisie : La \u00ab\u00a0col\u00e8re\u00a0\u00bb mauvaise conseill\u00e8re\"}]},{\"@type\":\"WebSite\",\"@id\":\"https:\\\/\\\/www.webdo.tn\\\/fr\\\/#website\",\"url\":\"https:\\\/\\\/www.webdo.tn\\\/fr\\\/\",\"name\":\"webdo\",\"description\":\"Tunisie - News en Tunisie et \u00e0 l&#039;international sur Webdo.tn\",\"publisher\":{\"@id\":\"https:\\\/\\\/www.webdo.tn\\\/fr\\\/#organization\"},\"potentialAction\":[{\"@type\":\"SearchAction\",\"target\":{\"@type\":\"EntryPoint\",\"urlTemplate\":\"https:\\\/\\\/www.webdo.tn\\\/fr\\\/?s={search_term_string}\"},\"query-input\":{\"@type\":\"PropertyValueSpecification\",\"valueRequired\":true,\"valueName\":\"search_term_string\"}}],\"inLanguage\":\"fr-FR\"},{\"@type\":\"Organization\",\"@id\":\"https:\\\/\\\/www.webdo.tn\\\/fr\\\/#organization\",\"name\":\"Webdo\",\"alternateName\":\"Webdo.tn\",\"url\":\"https:\\\/\\\/www.webdo.tn\\\/fr\\\/\",\"logo\":{\"@type\":\"ImageObject\",\"inLanguage\":\"fr-FR\",\"@id\":\"https:\\\/\\\/www.webdo.tn\\\/fr\\\/#\\\/schema\\\/logo\\\/image\\\/\",\"url\":\"https:\\\/\\\/www.webdo.tn\\\/fr\\\/wp-content\\\/uploads\\\/2025\\\/06\\\/Webdo-Tunisie_168377.jpg\",\"contentUrl\":\"https:\\\/\\\/www.webdo.tn\\\/fr\\\/wp-content\\\/uploads\\\/2025\\\/06\\\/Webdo-Tunisie_168377.jpg\",\"width\":301,\"height\":301,\"caption\":\"Webdo\"},\"image\":{\"@id\":\"https:\\\/\\\/www.webdo.tn\\\/fr\\\/#\\\/schema\\\/logo\\\/image\\\/\"},\"sameAs\":[\"https:\\\/\\\/www.facebook.com\\\/webdotn\",\"https:\\\/\\\/x.com\\\/webdo_tn\"],\"description\":\"Webdo est un m\u00e9dia num\u00e9rique tunisien fond\u00e9 en 2010, sp\u00e9cialis\u00e9 dans l\u2019actualit\u00e9 nationale et internationale, l\u2019\u00e9conomie, la soci\u00e9t\u00e9 et les analyses politiques. Le site s\u2019adresse \u00e0 un large public francophone et couvre l\u2019information tunisienne en temps r\u00e9el.\",\"email\":\"redac@webdo.tn\",\"legalName\":\"YNJ SARL\",\"foundingDate\":\"2010-09-06\",\"numberOfEmployees\":{\"@type\":\"QuantitativeValue\",\"minValue\":\"11\",\"maxValue\":\"50\"}},{\"@type\":\"Person\",\"@id\":\"https:\\\/\\\/www.webdo.tn\\\/fr\\\/#\\\/schema\\\/person\\\/9a9c6118d687c117df8ef3cc36a4d175\",\"name\":\"webdo.tn\",\"image\":{\"@type\":\"ImageObject\",\"inLanguage\":\"fr-FR\",\"@id\":\"https:\\\/\\\/secure.gravatar.com\\\/avatar\\\/7ce1f28c0c3bbac99ff550b85ef8e44a6950c6ee24514fb6a5489e51d06f0298?s=96&d=mm&r=g\",\"url\":\"https:\\\/\\\/secure.gravatar.com\\\/avatar\\\/7ce1f28c0c3bbac99ff550b85ef8e44a6950c6ee24514fb6a5489e51d06f0298?s=96&d=mm&r=g\",\"contentUrl\":\"https:\\\/\\\/secure.gravatar.com\\\/avatar\\\/7ce1f28c0c3bbac99ff550b85ef8e44a6950c6ee24514fb6a5489e51d06f0298?s=96&d=mm&r=g\",\"caption\":\"webdo.tn\"},\"url\":\"https:\\\/\\\/www.webdo.tn\\\/fr\\\/actualite\\\/author\\\/webdotn\\\/\"}]}<\/script>\n<!-- \/ Yoast SEO Premium plugin. -->","yoast_head_json":{"title":"Tunisie : La col\u00e8re mauvaise conseill\u00e8re","description":"Tunisie : La col\u00e8re mauvaise conseill\u00e8re","canonical":"https:\/\/www.webdo.tn\/fr\/actualite\/edito\/tunisie-colere-mauvaise-conseillere\/178954\/","og_locale":"fr_FR","og_type":"article","og_title":"Tunisie : La \"col\u00e8re\" mauvaise conseill\u00e8re","og_description":"Tunisie : La col\u00e8re mauvaise conseill\u00e8re","og_url":"https:\/\/www.webdo.tn\/fr\/actualite\/edito\/tunisie-colere-mauvaise-conseillere\/178954\/","og_site_name":"webdo","article_publisher":"https:\/\/www.facebook.com\/webdotn","article_published_time":"2016-12-02T16:06:00+00:00","article_modified_time":"2025-05-22T12:36:54+00:00","og_image":[{"width":300,"height":180,"url":"https:\/\/www.webdo.tn\/fr\/wp-content\/uploads\/2016\/12\/Mohamed-Goumani-300x180-1.jpg","type":"image\/jpeg"}],"author":"webdo.tn","twitter_card":"summary_large_image","twitter_creator":"@webdo_tn","twitter_site":"@webdo_tn","twitter_misc":{"\u00c9crit par":"webdo.tn","Dur\u00e9e de lecture estim\u00e9e":"2 minutes"},"schema":{"@context":"https:\/\/schema.org","@graph":[{"@type":"NewsArticle","@id":"https:\/\/www.webdo.tn\/fr\/actualite\/edito\/tunisie-colere-mauvaise-conseillere\/178954\/#article","isPartOf":{"@id":"https:\/\/www.webdo.tn\/fr\/actualite\/edito\/tunisie-colere-mauvaise-conseillere\/178954\/"},"author":{"name":"webdo.tn","@id":"https:\/\/www.webdo.tn\/fr\/#\/schema\/person\/9a9c6118d687c117df8ef3cc36a4d175"},"headline":"Tunisie : La \u00ab\u00a0col\u00e8re\u00a0\u00bb mauvaise conseill\u00e8re","datePublished":"2016-12-02T16:06:00+00:00","dateModified":"2025-05-22T12:36:54+00:00","mainEntityOfPage":{"@id":"https:\/\/www.webdo.tn\/fr\/actualite\/edito\/tunisie-colere-mauvaise-conseillere\/178954\/"},"wordCount":439,"commentCount":0,"publisher":{"@id":"https:\/\/www.webdo.tn\/fr\/#organization"},"image":{"@id":"https:\/\/www.webdo.tn\/fr\/actualite\/edito\/tunisie-colere-mauvaise-conseillere\/178954\/#primaryimage"},"thumbnailUrl":"https:\/\/www.webdo.tn\/fr\/wp-content\/uploads\/2016\/12\/Mohamed-Goumani-300x180-1.jpg","articleSection":["Edito"],"inLanguage":"fr-FR"},{"@type":"WebPage","@id":"https:\/\/www.webdo.tn\/fr\/actualite\/edito\/tunisie-colere-mauvaise-conseillere\/178954\/","url":"https:\/\/www.webdo.tn\/fr\/actualite\/edito\/tunisie-colere-mauvaise-conseillere\/178954\/","name":"Tunisie : La col\u00e8re mauvaise conseill\u00e8re","isPartOf":{"@id":"https:\/\/www.webdo.tn\/fr\/#website"},"primaryImageOfPage":{"@id":"https:\/\/www.webdo.tn\/fr\/actualite\/edito\/tunisie-colere-mauvaise-conseillere\/178954\/#primaryimage"},"image":{"@id":"https:\/\/www.webdo.tn\/fr\/actualite\/edito\/tunisie-colere-mauvaise-conseillere\/178954\/#primaryimage"},"thumbnailUrl":"https:\/\/www.webdo.tn\/fr\/wp-content\/uploads\/2016\/12\/Mohamed-Goumani-300x180-1.jpg","datePublished":"2016-12-02T16:06:00+00:00","dateModified":"2025-05-22T12:36:54+00:00","description":"Tunisie : La col\u00e8re mauvaise conseill\u00e8re","breadcrumb":{"@id":"https:\/\/www.webdo.tn\/fr\/actualite\/edito\/tunisie-colere-mauvaise-conseillere\/178954\/#breadcrumb"},"inLanguage":"fr-FR","potentialAction":[{"@type":"ReadAction","target":["https:\/\/www.webdo.tn\/fr\/actualite\/edito\/tunisie-colere-mauvaise-conseillere\/178954\/"]}]},{"@type":"ImageObject","inLanguage":"fr-FR","@id":"https:\/\/www.webdo.tn\/fr\/actualite\/edito\/tunisie-colere-mauvaise-conseillere\/178954\/#primaryimage","url":"https:\/\/www.webdo.tn\/fr\/wp-content\/uploads\/2016\/12\/Mohamed-Goumani-300x180-1.jpg","contentUrl":"https:\/\/www.webdo.tn\/fr\/wp-content\/uploads\/2016\/12\/Mohamed-Goumani-300x180-1.jpg","width":300,"height":180,"caption":"Tunisie : La \"col\u00e8re\" mauvaise conseill\u00e8re"},{"@type":"BreadcrumbList","@id":"https:\/\/www.webdo.tn\/fr\/actualite\/edito\/tunisie-colere-mauvaise-conseillere\/178954\/#breadcrumb","itemListElement":[{"@type":"ListItem","position":1,"name":"Accueil","item":"https:\/\/www.webdo.tn\/fr\/"},{"@type":"ListItem","position":2,"name":"Tunisie : La \u00ab\u00a0col\u00e8re\u00a0\u00bb mauvaise conseill\u00e8re"}]},{"@type":"WebSite","@id":"https:\/\/www.webdo.tn\/fr\/#website","url":"https:\/\/www.webdo.tn\/fr\/","name":"webdo","description":"Tunisie - News en Tunisie et \u00e0 l&#039;international sur Webdo.tn","publisher":{"@id":"https:\/\/www.webdo.tn\/fr\/#organization"},"potentialAction":[{"@type":"SearchAction","target":{"@type":"EntryPoint","urlTemplate":"https:\/\/www.webdo.tn\/fr\/?s={search_term_string}"},"query-input":{"@type":"PropertyValueSpecification","valueRequired":true,"valueName":"search_term_string"}}],"inLanguage":"fr-FR"},{"@type":"Organization","@id":"https:\/\/www.webdo.tn\/fr\/#organization","name":"Webdo","alternateName":"Webdo.tn","url":"https:\/\/www.webdo.tn\/fr\/","logo":{"@type":"ImageObject","inLanguage":"fr-FR","@id":"https:\/\/www.webdo.tn\/fr\/#\/schema\/logo\/image\/","url":"https:\/\/www.webdo.tn\/fr\/wp-content\/uploads\/2025\/06\/Webdo-Tunisie_168377.jpg","contentUrl":"https:\/\/www.webdo.tn\/fr\/wp-content\/uploads\/2025\/06\/Webdo-Tunisie_168377.jpg","width":301,"height":301,"caption":"Webdo"},"image":{"@id":"https:\/\/www.webdo.tn\/fr\/#\/schema\/logo\/image\/"},"sameAs":["https:\/\/www.facebook.com\/webdotn","https:\/\/x.com\/webdo_tn"],"description":"Webdo est un m\u00e9dia num\u00e9rique tunisien fond\u00e9 en 2010, sp\u00e9cialis\u00e9 dans l\u2019actualit\u00e9 nationale et internationale, l\u2019\u00e9conomie, la soci\u00e9t\u00e9 et les analyses politiques. Le site s\u2019adresse \u00e0 un large public francophone et couvre l\u2019information tunisienne en temps r\u00e9el.","email":"redac@webdo.tn","legalName":"YNJ SARL","foundingDate":"2010-09-06","numberOfEmployees":{"@type":"QuantitativeValue","minValue":"11","maxValue":"50"}},{"@type":"Person","@id":"https:\/\/www.webdo.tn\/fr\/#\/schema\/person\/9a9c6118d687c117df8ef3cc36a4d175","name":"webdo.tn","image":{"@type":"ImageObject","inLanguage":"fr-FR","@id":"https:\/\/secure.gravatar.com\/avatar\/7ce1f28c0c3bbac99ff550b85ef8e44a6950c6ee24514fb6a5489e51d06f0298?s=96&d=mm&r=g","url":"https:\/\/secure.gravatar.com\/avatar\/7ce1f28c0c3bbac99ff550b85ef8e44a6950c6ee24514fb6a5489e51d06f0298?s=96&d=mm&r=g","contentUrl":"https:\/\/secure.gravatar.com\/avatar\/7ce1f28c0c3bbac99ff550b85ef8e44a6950c6ee24514fb6a5489e51d06f0298?s=96&d=mm&r=g","caption":"webdo.tn"},"url":"https:\/\/www.webdo.tn\/fr\/actualite\/author\/webdotn\/"}]}},"_links":{"self":[{"href":"https:\/\/www.webdo.tn\/fr\/wp-json\/wp\/v2\/posts\/178954","targetHints":{"allow":["GET"]}}],"collection":[{"href":"https:\/\/www.webdo.tn\/fr\/wp-json\/wp\/v2\/posts"}],"about":[{"href":"https:\/\/www.webdo.tn\/fr\/wp-json\/wp\/v2\/types\/post"}],"author":[{"embeddable":true,"href":"https:\/\/www.webdo.tn\/fr\/wp-json\/wp\/v2\/users\/3222"}],"replies":[{"embeddable":true,"href":"https:\/\/www.webdo.tn\/fr\/wp-json\/wp\/v2\/comments?post=178954"}],"version-history":[{"count":0,"href":"https:\/\/www.webdo.tn\/fr\/wp-json\/wp\/v2\/posts\/178954\/revisions"}],"wp:featuredmedia":[{"embeddable":true,"href":"https:\/\/www.webdo.tn\/fr\/wp-json\/wp\/v2\/media\/312152"}],"wp:attachment":[{"href":"https:\/\/www.webdo.tn\/fr\/wp-json\/wp\/v2\/media?parent=178954"}],"wp:term":[{"taxonomy":"category","embeddable":true,"href":"https:\/\/www.webdo.tn\/fr\/wp-json\/wp\/v2\/categories?post=178954"},{"taxonomy":"post_tag","embeddable":true,"href":"https:\/\/www.webdo.tn\/fr\/wp-json\/wp\/v2\/tags?post=178954"}],"curies":[{"name":"wp","href":"https:\/\/api.w.org\/{rel}","templated":true}]}}