{"id":178952,"date":"2016-12-09T09:25:00","date_gmt":"2016-12-09T09:25:00","guid":{"rendered":"https:\/\/www.webdo.tn\/fr\/blog\/tunisie-retour-terroristes-pardon-impossible\/178952\/"},"modified":"2016-12-09T09:25:00","modified_gmt":"2016-12-09T09:25:00","slug":"tunisie-retour-terroristes-pardon-impossible","status":"publish","type":"post","link":"https:\/\/www.webdo.tn\/fr\/actualite\/edito\/tunisie-retour-terroristes-pardon-impossible\/178952\/","title":{"rendered":"Retour des terroristes : Le pardon impossible !"},"content":{"rendered":"<p>La pol\u00e9mique du retour des terroristes au pays et de l\u2019\u00e9ventuelle \u00ab pardon \u00bb dont ils pourraient b\u00e9n\u00e9ficier a d\u00e9marr\u00e9 depuis la fin de la semaine \u00e9coul\u00e9e lorsque Samir El Ouafi a re\u00e7u dans son \u00e9mission du dimanche un certain Tarek Maaroufi, un djihadiste \u00ab repenti \u00bb qui s\u2019est exprim\u00e9 sur lui-m\u00eame et sur ses \u00ab anciennes \u00bb activit\u00e9s.<\/p>\n<p>Cette \u00ab sortie \u00bb de Tarek Maaroufi sur le petit \u00e9cran dans une \u00e9mission tr\u00e8s suivie, parait-il, n\u2019a rien de fortuit. Bien au contraire, elle nous semble \u00eatre particuli\u00e8rement bien \u00e9tudi\u00e9e en fonction du d\u00e9veloppement et de l\u2019\u00e9volution de la situation en Irak ou en Syrie o\u00f9 Daech serait en compl\u00e8te d\u00e9route face aux arm\u00e9es syrienne et irakienne.<\/p>\n<p>L\u2019exclusion de milliers de \u00ab Daechiens \u00bb de ces pays fait planer le risque de les voir d\u00e9barquer chez eux, dans leurs pays natals. La Tunisie peut \u00e9mettre des craintes s\u00e9rieuses quant au retour de ces terroristes dont le nombre d\u00e9passerait les cinq mille individus.<\/p>\n<p>Ce retour a de quoi inqui\u00e9ter la majeure partie de la population dans la mesure o\u00f9 ces terroristes sont connus pour leur extr\u00eame violence, leur extr\u00e9misme et leur cruaut\u00e9.<\/p>\n<p>Cette crainte de les voir rentrer au pays devient encore plus angoissante d\u2019autant plus que nos fronti\u00e8res sont loin d\u2019offrir toutes les garanties de s\u00e9curit\u00e9 pour pouvoir les intercepter \u00e0 leur retour au pays.<\/p>\n<p>Nos fronti\u00e8res du sud notamment avec la Libye sont extr\u00eamement poreuses et constituent un point faible que nos forces de s\u00e9curit\u00e9 sont oblig\u00e9es de renforcer s\u00e9rieusement et de se montrer vigilants.<\/p>\n<p>Car et jusque-l\u00e0, ces terroristes \u00e9taient traqu\u00e9s par les autorit\u00e9s comp\u00e9tentes m\u00eame si les informations relatives \u00e0 cet aspect de leurs activit\u00e9s sont peu relay\u00e9es voire rares.<\/p>\n<p>Cependant, les derni\u00e8res interventions du Pr\u00e9sident de la R\u00e9publique dans les m\u00e9dias n\u2019ont fait qu\u2019amplifier ces craintes. En effet, la plus haute autorit\u00e9 de l\u2019Etat, B\u00e9ji Caid Essebsi, a d\u00e9clar\u00e9 que \u00ab les Tunisiens peuvent rentrer chez eux, la constitution leur garantissant de rentrer dans leur pays \u00bb, avant d\u2019ajouter que \u00ab la Tunisie n\u2019a pas assez de prisons pour enfermer tous les djihadistes de retour des zones de conflits. \u00bb<\/p>\n<p>Si l\u2019on ne peut contester le droit de tous les Tunisiens de rentrer dans leur pays, on ne peut, en revanche, les ignorer ni leur permettre de b\u00e9n\u00e9ficier de l\u2019immunit\u00e9 dont certains semblent vouloir leur accorder.<\/p>\n<p>Si les Islamistes ont toujours exprim\u00e9 leur v\u0153u de discuter avec ces Salafistes et de les \u00ab dompter \u00bb spirituellement, rien ne peut garantir qu\u2019ils ne retourneront pas leurs armes contre leur propre peuple et contre l\u2019Etat tunisien.<\/p>\n<p>Certes, le communiqu\u00e9 publi\u00e9 par la Pr\u00e9sidence de la R\u00e9publique essaie de r\u00e9tablir une forme de v\u00e9rit\u00e9 en soulignant que \u00ab la Tunisie prendra toutes les dispositions pour neutraliser ces terroristes \u00bb avant de rappeler que la loi anti-terroriste du 7 ao\u00fbt 2015 pr\u00e9voit que les terroristes sont automatiquement sanctionn\u00e9s qu\u2019ils le fassent en Tunisie ou \u00e0 l\u2019\u00e9tranger.<\/p>\n<p>Et \u00e0 ce sujet, le communiqu\u00e9 pr\u00e9cise que seul le Procureur de la R\u00e9publique pr\u00e8s du Tribunal de premi\u00e8re instance est seul comp\u00e9tent pour d\u00e9clencher et exercer l\u2019action publique relative aux infractions terroristes pr\u00e9vues par la loi cit\u00e9e ci-dessus.<\/p>\n<p>Dans tous les cas de figure, aucun compromis n\u2019est possible contre des individus sanguinaires qui n\u2019ont laiss\u00e9 derri\u00e8re eux que des drames, de la destruction et des morts. Le pardon ne peut \u00eatre accord\u00e9 \u00e0 des individus cruels et barbares dont la vie d\u2019un homme ne vaut rien et n\u2019a aucune signification\u2026<br \/>\nL.L.<\/p>\n","protected":false},"excerpt":{"rendered":"<p>Retour des terroristes : Le pardon impossible !<\/p>\n","protected":false},"author":3222,"featured_media":338363,"comment_status":"open","ping_status":"closed","sticky":false,"template":"","format":"standard","meta":{"footnotes":""},"categories":[2589],"tags":[2600],"class_list":["post-178952","post","type-post","status-publish","format-standard","has-post-thumbnail","hentry","category-edito","tag-guerre"],"yoast_head":"<!-- This site is optimized with the Yoast SEO Premium plugin v27.5 (Yoast SEO v27.5) - https:\/\/yoast.com\/product\/yoast-seo-premium-wordpress\/ -->\n<title>Retour des terroristes : Le pardon impossible !<\/title>\n<meta name=\"description\" content=\"Retour des terroristes : Le pardon impossible !\" \/>\n<link rel=\"canonical\" href=\"https:\/\/www.webdo.tn\/fr\/actualite\/edito\/tunisie-retour-terroristes-pardon-impossible\/178952\/\" \/>\n<meta property=\"og:locale\" content=\"fr_FR\" \/>\n<meta property=\"og:type\" content=\"article\" \/>\n<meta property=\"og:title\" content=\"Retour des terroristes : Le pardon impossible !\" \/>\n<meta property=\"og:description\" content=\"Retour des terroristes : Le pardon impossible !\" \/>\n<meta property=\"og:url\" content=\"https:\/\/www.webdo.tn\/fr\/actualite\/edito\/tunisie-retour-terroristes-pardon-impossible\/178952\/\" \/>\n<meta property=\"og:site_name\" content=\"webdo\" \/>\n<meta property=\"article:publisher\" content=\"https:\/\/www.facebook.com\/webdotn\" \/>\n<meta property=\"article:published_time\" content=\"2016-12-09T09:25:00+00:00\" \/>\n<meta property=\"og:image\" content=\"https:\/\/www.webdo.tn\/fr\/wp-content\/uploads\/2016\/12\/djihadistes-300x191-1.jpg\" \/>\n\t<meta property=\"og:image:width\" content=\"300\" \/>\n\t<meta property=\"og:image:height\" content=\"191\" \/>\n\t<meta property=\"og:image:type\" content=\"image\/jpeg\" \/>\n<meta name=\"author\" content=\"webdo.tn\" \/>\n<meta name=\"twitter:card\" content=\"summary_large_image\" \/>\n<meta name=\"twitter:creator\" content=\"@webdo_tn\" \/>\n<meta name=\"twitter:site\" content=\"@webdo_tn\" \/>\n<meta name=\"twitter:label1\" content=\"\u00c9crit par\" \/>\n\t<meta name=\"twitter:data1\" content=\"webdo.tn\" \/>\n\t<meta name=\"twitter:label2\" content=\"Dur\u00e9e de lecture estim\u00e9e\" \/>\n\t<meta name=\"twitter:data2\" content=\"3 minutes\" \/>\n<script type=\"application\/ld+json\" class=\"yoast-schema-graph\">{\"@context\":\"https:\\\/\\\/schema.org\",\"@graph\":[{\"@type\":\"NewsArticle\",\"@id\":\"https:\\\/\\\/www.webdo.tn\\\/fr\\\/actualite\\\/edito\\\/tunisie-retour-terroristes-pardon-impossible\\\/178952\\\/#article\",\"isPartOf\":{\"@id\":\"https:\\\/\\\/www.webdo.tn\\\/fr\\\/actualite\\\/edito\\\/tunisie-retour-terroristes-pardon-impossible\\\/178952\\\/\"},\"author\":{\"name\":\"webdo.tn\",\"@id\":\"https:\\\/\\\/www.webdo.tn\\\/fr\\\/#\\\/schema\\\/person\\\/9a9c6118d687c117df8ef3cc36a4d175\"},\"headline\":\"Retour des terroristes : Le pardon impossible !\",\"datePublished\":\"2016-12-09T09:25:00+00:00\",\"mainEntityOfPage\":{\"@id\":\"https:\\\/\\\/www.webdo.tn\\\/fr\\\/actualite\\\/edito\\\/tunisie-retour-terroristes-pardon-impossible\\\/178952\\\/\"},\"wordCount\":642,\"commentCount\":0,\"publisher\":{\"@id\":\"https:\\\/\\\/www.webdo.tn\\\/fr\\\/#organization\"},\"image\":{\"@id\":\"https:\\\/\\\/www.webdo.tn\\\/fr\\\/actualite\\\/edito\\\/tunisie-retour-terroristes-pardon-impossible\\\/178952\\\/#primaryimage\"},\"thumbnailUrl\":\"https:\\\/\\\/www.webdo.tn\\\/fr\\\/wp-content\\\/uploads\\\/2016\\\/12\\\/djihadistes-300x191-1.jpg\",\"keywords\":[\"guerre\"],\"articleSection\":[\"Edito\"],\"inLanguage\":\"fr-FR\"},{\"@type\":\"WebPage\",\"@id\":\"https:\\\/\\\/www.webdo.tn\\\/fr\\\/actualite\\\/edito\\\/tunisie-retour-terroristes-pardon-impossible\\\/178952\\\/\",\"url\":\"https:\\\/\\\/www.webdo.tn\\\/fr\\\/actualite\\\/edito\\\/tunisie-retour-terroristes-pardon-impossible\\\/178952\\\/\",\"name\":\"Retour des terroristes : Le pardon impossible !\",\"isPartOf\":{\"@id\":\"https:\\\/\\\/www.webdo.tn\\\/fr\\\/#website\"},\"primaryImageOfPage\":{\"@id\":\"https:\\\/\\\/www.webdo.tn\\\/fr\\\/actualite\\\/edito\\\/tunisie-retour-terroristes-pardon-impossible\\\/178952\\\/#primaryimage\"},\"image\":{\"@id\":\"https:\\\/\\\/www.webdo.tn\\\/fr\\\/actualite\\\/edito\\\/tunisie-retour-terroristes-pardon-impossible\\\/178952\\\/#primaryimage\"},\"thumbnailUrl\":\"https:\\\/\\\/www.webdo.tn\\\/fr\\\/wp-content\\\/uploads\\\/2016\\\/12\\\/djihadistes-300x191-1.jpg\",\"datePublished\":\"2016-12-09T09:25:00+00:00\",\"description\":\"Retour des terroristes : Le pardon impossible !\",\"breadcrumb\":{\"@id\":\"https:\\\/\\\/www.webdo.tn\\\/fr\\\/actualite\\\/edito\\\/tunisie-retour-terroristes-pardon-impossible\\\/178952\\\/#breadcrumb\"},\"inLanguage\":\"fr-FR\",\"potentialAction\":[{\"@type\":\"ReadAction\",\"target\":[\"https:\\\/\\\/www.webdo.tn\\\/fr\\\/actualite\\\/edito\\\/tunisie-retour-terroristes-pardon-impossible\\\/178952\\\/\"]}]},{\"@type\":\"ImageObject\",\"inLanguage\":\"fr-FR\",\"@id\":\"https:\\\/\\\/www.webdo.tn\\\/fr\\\/actualite\\\/edito\\\/tunisie-retour-terroristes-pardon-impossible\\\/178952\\\/#primaryimage\",\"url\":\"https:\\\/\\\/www.webdo.tn\\\/fr\\\/wp-content\\\/uploads\\\/2016\\\/12\\\/djihadistes-300x191-1.jpg\",\"contentUrl\":\"https:\\\/\\\/www.webdo.tn\\\/fr\\\/wp-content\\\/uploads\\\/2016\\\/12\\\/djihadistes-300x191-1.jpg\",\"width\":300,\"height\":191,\"caption\":\"Retour des terroristes : Le pardon impossible !\"},{\"@type\":\"BreadcrumbList\",\"@id\":\"https:\\\/\\\/www.webdo.tn\\\/fr\\\/actualite\\\/edito\\\/tunisie-retour-terroristes-pardon-impossible\\\/178952\\\/#breadcrumb\",\"itemListElement\":[{\"@type\":\"ListItem\",\"position\":1,\"name\":\"Accueil\",\"item\":\"https:\\\/\\\/www.webdo.tn\\\/fr\\\/\"},{\"@type\":\"ListItem\",\"position\":2,\"name\":\"Retour des terroristes : Le pardon impossible !\"}]},{\"@type\":\"WebSite\",\"@id\":\"https:\\\/\\\/www.webdo.tn\\\/fr\\\/#website\",\"url\":\"https:\\\/\\\/www.webdo.tn\\\/fr\\\/\",\"name\":\"webdo\",\"description\":\"Tunisie - News en Tunisie et \u00e0 l&#039;international sur Webdo.tn\",\"publisher\":{\"@id\":\"https:\\\/\\\/www.webdo.tn\\\/fr\\\/#organization\"},\"potentialAction\":[{\"@type\":\"SearchAction\",\"target\":{\"@type\":\"EntryPoint\",\"urlTemplate\":\"https:\\\/\\\/www.webdo.tn\\\/fr\\\/?s={search_term_string}\"},\"query-input\":{\"@type\":\"PropertyValueSpecification\",\"valueRequired\":true,\"valueName\":\"search_term_string\"}}],\"inLanguage\":\"fr-FR\"},{\"@type\":\"Organization\",\"@id\":\"https:\\\/\\\/www.webdo.tn\\\/fr\\\/#organization\",\"name\":\"Webdo\",\"alternateName\":\"Webdo.tn\",\"url\":\"https:\\\/\\\/www.webdo.tn\\\/fr\\\/\",\"logo\":{\"@type\":\"ImageObject\",\"inLanguage\":\"fr-FR\",\"@id\":\"https:\\\/\\\/www.webdo.tn\\\/fr\\\/#\\\/schema\\\/logo\\\/image\\\/\",\"url\":\"https:\\\/\\\/www.webdo.tn\\\/fr\\\/wp-content\\\/uploads\\\/2025\\\/06\\\/Webdo-Tunisie_168377.jpg\",\"contentUrl\":\"https:\\\/\\\/www.webdo.tn\\\/fr\\\/wp-content\\\/uploads\\\/2025\\\/06\\\/Webdo-Tunisie_168377.jpg\",\"width\":301,\"height\":301,\"caption\":\"Webdo\"},\"image\":{\"@id\":\"https:\\\/\\\/www.webdo.tn\\\/fr\\\/#\\\/schema\\\/logo\\\/image\\\/\"},\"sameAs\":[\"https:\\\/\\\/www.facebook.com\\\/webdotn\",\"https:\\\/\\\/x.com\\\/webdo_tn\"],\"description\":\"Webdo est un m\u00e9dia num\u00e9rique tunisien fond\u00e9 en 2010, sp\u00e9cialis\u00e9 dans l\u2019actualit\u00e9 nationale et internationale, l\u2019\u00e9conomie, la soci\u00e9t\u00e9 et les analyses politiques. Le site s\u2019adresse \u00e0 un large public francophone et couvre l\u2019information tunisienne en temps r\u00e9el.\",\"email\":\"redac@webdo.tn\",\"legalName\":\"YNJ SARL\",\"foundingDate\":\"2010-09-06\",\"numberOfEmployees\":{\"@type\":\"QuantitativeValue\",\"minValue\":\"11\",\"maxValue\":\"50\"}},{\"@type\":\"Person\",\"@id\":\"https:\\\/\\\/www.webdo.tn\\\/fr\\\/#\\\/schema\\\/person\\\/9a9c6118d687c117df8ef3cc36a4d175\",\"name\":\"webdo.tn\",\"image\":{\"@type\":\"ImageObject\",\"inLanguage\":\"fr-FR\",\"@id\":\"https:\\\/\\\/secure.gravatar.com\\\/avatar\\\/7ce1f28c0c3bbac99ff550b85ef8e44a6950c6ee24514fb6a5489e51d06f0298?s=96&d=mm&r=g\",\"url\":\"https:\\\/\\\/secure.gravatar.com\\\/avatar\\\/7ce1f28c0c3bbac99ff550b85ef8e44a6950c6ee24514fb6a5489e51d06f0298?s=96&d=mm&r=g\",\"contentUrl\":\"https:\\\/\\\/secure.gravatar.com\\\/avatar\\\/7ce1f28c0c3bbac99ff550b85ef8e44a6950c6ee24514fb6a5489e51d06f0298?s=96&d=mm&r=g\",\"caption\":\"webdo.tn\"},\"url\":\"https:\\\/\\\/www.webdo.tn\\\/fr\\\/actualite\\\/author\\\/webdotn\\\/\"}]}<\/script>\n<!-- \/ Yoast SEO Premium plugin. -->","yoast_head_json":{"title":"Retour des terroristes : Le pardon impossible !","description":"Retour des terroristes : Le pardon impossible !","canonical":"https:\/\/www.webdo.tn\/fr\/actualite\/edito\/tunisie-retour-terroristes-pardon-impossible\/178952\/","og_locale":"fr_FR","og_type":"article","og_title":"Retour des terroristes : Le pardon impossible !","og_description":"Retour des terroristes : Le pardon impossible !","og_url":"https:\/\/www.webdo.tn\/fr\/actualite\/edito\/tunisie-retour-terroristes-pardon-impossible\/178952\/","og_site_name":"webdo","article_publisher":"https:\/\/www.facebook.com\/webdotn","article_published_time":"2016-12-09T09:25:00+00:00","og_image":[{"width":300,"height":191,"url":"https:\/\/www.webdo.tn\/fr\/wp-content\/uploads\/2016\/12\/djihadistes-300x191-1.jpg","type":"image\/jpeg"}],"author":"webdo.tn","twitter_card":"summary_large_image","twitter_creator":"@webdo_tn","twitter_site":"@webdo_tn","twitter_misc":{"\u00c9crit par":"webdo.tn","Dur\u00e9e de lecture estim\u00e9e":"3 minutes"},"schema":{"@context":"https:\/\/schema.org","@graph":[{"@type":"NewsArticle","@id":"https:\/\/www.webdo.tn\/fr\/actualite\/edito\/tunisie-retour-terroristes-pardon-impossible\/178952\/#article","isPartOf":{"@id":"https:\/\/www.webdo.tn\/fr\/actualite\/edito\/tunisie-retour-terroristes-pardon-impossible\/178952\/"},"author":{"name":"webdo.tn","@id":"https:\/\/www.webdo.tn\/fr\/#\/schema\/person\/9a9c6118d687c117df8ef3cc36a4d175"},"headline":"Retour des terroristes : Le pardon impossible !","datePublished":"2016-12-09T09:25:00+00:00","mainEntityOfPage":{"@id":"https:\/\/www.webdo.tn\/fr\/actualite\/edito\/tunisie-retour-terroristes-pardon-impossible\/178952\/"},"wordCount":642,"commentCount":0,"publisher":{"@id":"https:\/\/www.webdo.tn\/fr\/#organization"},"image":{"@id":"https:\/\/www.webdo.tn\/fr\/actualite\/edito\/tunisie-retour-terroristes-pardon-impossible\/178952\/#primaryimage"},"thumbnailUrl":"https:\/\/www.webdo.tn\/fr\/wp-content\/uploads\/2016\/12\/djihadistes-300x191-1.jpg","keywords":["guerre"],"articleSection":["Edito"],"inLanguage":"fr-FR"},{"@type":"WebPage","@id":"https:\/\/www.webdo.tn\/fr\/actualite\/edito\/tunisie-retour-terroristes-pardon-impossible\/178952\/","url":"https:\/\/www.webdo.tn\/fr\/actualite\/edito\/tunisie-retour-terroristes-pardon-impossible\/178952\/","name":"Retour des terroristes : Le pardon impossible !","isPartOf":{"@id":"https:\/\/www.webdo.tn\/fr\/#website"},"primaryImageOfPage":{"@id":"https:\/\/www.webdo.tn\/fr\/actualite\/edito\/tunisie-retour-terroristes-pardon-impossible\/178952\/#primaryimage"},"image":{"@id":"https:\/\/www.webdo.tn\/fr\/actualite\/edito\/tunisie-retour-terroristes-pardon-impossible\/178952\/#primaryimage"},"thumbnailUrl":"https:\/\/www.webdo.tn\/fr\/wp-content\/uploads\/2016\/12\/djihadistes-300x191-1.jpg","datePublished":"2016-12-09T09:25:00+00:00","description":"Retour des terroristes : Le pardon impossible !","breadcrumb":{"@id":"https:\/\/www.webdo.tn\/fr\/actualite\/edito\/tunisie-retour-terroristes-pardon-impossible\/178952\/#breadcrumb"},"inLanguage":"fr-FR","potentialAction":[{"@type":"ReadAction","target":["https:\/\/www.webdo.tn\/fr\/actualite\/edito\/tunisie-retour-terroristes-pardon-impossible\/178952\/"]}]},{"@type":"ImageObject","inLanguage":"fr-FR","@id":"https:\/\/www.webdo.tn\/fr\/actualite\/edito\/tunisie-retour-terroristes-pardon-impossible\/178952\/#primaryimage","url":"https:\/\/www.webdo.tn\/fr\/wp-content\/uploads\/2016\/12\/djihadistes-300x191-1.jpg","contentUrl":"https:\/\/www.webdo.tn\/fr\/wp-content\/uploads\/2016\/12\/djihadistes-300x191-1.jpg","width":300,"height":191,"caption":"Retour des terroristes : Le pardon impossible !"},{"@type":"BreadcrumbList","@id":"https:\/\/www.webdo.tn\/fr\/actualite\/edito\/tunisie-retour-terroristes-pardon-impossible\/178952\/#breadcrumb","itemListElement":[{"@type":"ListItem","position":1,"name":"Accueil","item":"https:\/\/www.webdo.tn\/fr\/"},{"@type":"ListItem","position":2,"name":"Retour des terroristes : Le pardon impossible !"}]},{"@type":"WebSite","@id":"https:\/\/www.webdo.tn\/fr\/#website","url":"https:\/\/www.webdo.tn\/fr\/","name":"webdo","description":"Tunisie - News en Tunisie et \u00e0 l&#039;international sur Webdo.tn","publisher":{"@id":"https:\/\/www.webdo.tn\/fr\/#organization"},"potentialAction":[{"@type":"SearchAction","target":{"@type":"EntryPoint","urlTemplate":"https:\/\/www.webdo.tn\/fr\/?s={search_term_string}"},"query-input":{"@type":"PropertyValueSpecification","valueRequired":true,"valueName":"search_term_string"}}],"inLanguage":"fr-FR"},{"@type":"Organization","@id":"https:\/\/www.webdo.tn\/fr\/#organization","name":"Webdo","alternateName":"Webdo.tn","url":"https:\/\/www.webdo.tn\/fr\/","logo":{"@type":"ImageObject","inLanguage":"fr-FR","@id":"https:\/\/www.webdo.tn\/fr\/#\/schema\/logo\/image\/","url":"https:\/\/www.webdo.tn\/fr\/wp-content\/uploads\/2025\/06\/Webdo-Tunisie_168377.jpg","contentUrl":"https:\/\/www.webdo.tn\/fr\/wp-content\/uploads\/2025\/06\/Webdo-Tunisie_168377.jpg","width":301,"height":301,"caption":"Webdo"},"image":{"@id":"https:\/\/www.webdo.tn\/fr\/#\/schema\/logo\/image\/"},"sameAs":["https:\/\/www.facebook.com\/webdotn","https:\/\/x.com\/webdo_tn"],"description":"Webdo est un m\u00e9dia num\u00e9rique tunisien fond\u00e9 en 2010, sp\u00e9cialis\u00e9 dans l\u2019actualit\u00e9 nationale et internationale, l\u2019\u00e9conomie, la soci\u00e9t\u00e9 et les analyses politiques. Le site s\u2019adresse \u00e0 un large public francophone et couvre l\u2019information tunisienne en temps r\u00e9el.","email":"redac@webdo.tn","legalName":"YNJ SARL","foundingDate":"2010-09-06","numberOfEmployees":{"@type":"QuantitativeValue","minValue":"11","maxValue":"50"}},{"@type":"Person","@id":"https:\/\/www.webdo.tn\/fr\/#\/schema\/person\/9a9c6118d687c117df8ef3cc36a4d175","name":"webdo.tn","image":{"@type":"ImageObject","inLanguage":"fr-FR","@id":"https:\/\/secure.gravatar.com\/avatar\/7ce1f28c0c3bbac99ff550b85ef8e44a6950c6ee24514fb6a5489e51d06f0298?s=96&d=mm&r=g","url":"https:\/\/secure.gravatar.com\/avatar\/7ce1f28c0c3bbac99ff550b85ef8e44a6950c6ee24514fb6a5489e51d06f0298?s=96&d=mm&r=g","contentUrl":"https:\/\/secure.gravatar.com\/avatar\/7ce1f28c0c3bbac99ff550b85ef8e44a6950c6ee24514fb6a5489e51d06f0298?s=96&d=mm&r=g","caption":"webdo.tn"},"url":"https:\/\/www.webdo.tn\/fr\/actualite\/author\/webdotn\/"}]}},"_links":{"self":[{"href":"https:\/\/www.webdo.tn\/fr\/wp-json\/wp\/v2\/posts\/178952","targetHints":{"allow":["GET"]}}],"collection":[{"href":"https:\/\/www.webdo.tn\/fr\/wp-json\/wp\/v2\/posts"}],"about":[{"href":"https:\/\/www.webdo.tn\/fr\/wp-json\/wp\/v2\/types\/post"}],"author":[{"embeddable":true,"href":"https:\/\/www.webdo.tn\/fr\/wp-json\/wp\/v2\/users\/3222"}],"replies":[{"embeddable":true,"href":"https:\/\/www.webdo.tn\/fr\/wp-json\/wp\/v2\/comments?post=178952"}],"version-history":[{"count":0,"href":"https:\/\/www.webdo.tn\/fr\/wp-json\/wp\/v2\/posts\/178952\/revisions"}],"wp:featuredmedia":[{"embeddable":true,"href":"https:\/\/www.webdo.tn\/fr\/wp-json\/wp\/v2\/media\/338363"}],"wp:attachment":[{"href":"https:\/\/www.webdo.tn\/fr\/wp-json\/wp\/v2\/media?parent=178952"}],"wp:term":[{"taxonomy":"category","embeddable":true,"href":"https:\/\/www.webdo.tn\/fr\/wp-json\/wp\/v2\/categories?post=178952"},{"taxonomy":"post_tag","embeddable":true,"href":"https:\/\/www.webdo.tn\/fr\/wp-json\/wp\/v2\/tags?post=178952"}],"curies":[{"name":"wp","href":"https:\/\/api.w.org\/{rel}","templated":true}]}}