{"id":178951,"date":"2016-12-13T14:28:00","date_gmt":"2016-12-13T13:28:00","guid":{"rendered":"https:\/\/www.webdo.tn\/fr\/actualite\/edito\/tunisie-100-jours-de-youssef-chahed\/178951"},"modified":"2016-12-13T14:28:00","modified_gmt":"2016-12-13T13:28:00","slug":"tunisie-100-jours-de-youssef-chahed","status":"publish","type":"post","link":"https:\/\/www.webdo.tn\/fr\/actualite\/edito\/tunisie-100-jours-de-youssef-chahed\/178951\/","title":{"rendered":"Tunisie : Les 100 jours de Youssef Chahed !"},"content":{"rendered":"<p>Tunis Hebdo | L\u2019\u00e9valuation du rendement d\u2019un gouvernement, notamment dans les d\u00e9mocraties occidentales, commence d\u00e8s le 100\u00e8me jour \u00e0 partir de la date de son investiture. Tout au long de cette p\u00e9riode, les observateurs, les analystes, les partis politiques, les syndicats et l\u2019ensemble de l\u2019opinion publique scrutent les premiers pas et les premi\u00e8res d\u00e9cisions de la nouvelle \u00e9quipe gouvernementale.<\/p>\n<p>On consid\u00e8re cela comme \u00e9tant une p\u00e9riode suffisante pour d\u00e9tecter, au moins, les intentions et la capacit\u00e9 de gouverner du nouveau leader de l\u2019ex\u00e9cutif et de ses collaborateurs. Cent jours apr\u00e8s, ou un peu plus, le gouvernement Chahed ayant b\u00e9n\u00e9fici\u00e9 de la confiance de l\u2019Assembl\u00e9e des Repr\u00e9sentants du Peuple le 26 ao\u00fbt dernier, que peut-on dire des premiers pas de ce second Chef du gouvernement ?<\/p>\n<p>Pour que l\u2019\u00e9valuation soit la plus objective possible, il convient de revenir aux r\u00e9alisations d\u00e9j\u00e0 faites ou en voie de l\u2019\u00eatre dans le futur. Auparavant, il faut reconna\u00eetre une r\u00e9alit\u00e9 : le pays est au-devant de multiples exigences, parfois m\u00eame contradictoires : les demandes et les revendications des citoyens, toutes cat\u00e9gories confondues, sont autant nombreuses que vari\u00e9es, et souvent tr\u00e8s complexes, l\u2019imbrication des int\u00e9r\u00eats et leur complexit\u00e9 rendent tr\u00e8s compliqu\u00e9es la mise en place de politiques publiques \u00e0 m\u00eame de r\u00e9pondre positivement \u00e0 toutes ces sollicitations.<\/p>\n<p>Nous commencerons, en premier lieu, par \u00e9carter les succ\u00e8s des forces s\u00e9curitaires \u00e0 contenir la menace terroriste. Le m\u00e9rite de cette r\u00e9ussite n\u2019est pas \u00e0 mettre au cr\u00e9dit du gouvernement sachant que ce domaine est tenu par des professionnels, dans la police, la garde nationale ou l\u2019arm\u00e9e, qui agissent loin des consid\u00e9rations politiques.<\/p>\n<p>Nous allons donc partir de la m\u00e9thodologie du Chef de gouvernement et de son approche dans la mani\u00e8re de g\u00e9rer ses dossiers. Sur ce plan, il est clair qu\u2019il aurait pu s\u2019\u00e9viter bien des difficult\u00e9s s\u2019il avait su user du dialogue, sur lequel il semble pourtant vouloir fonder sa mani\u00e8re de gouverner, avant de prendre quelques d\u00e9cisions et quelques initiatives sur lesquels il a d\u00fb finalement revenir.<\/p>\n<p>L\u00e0, nous visons les mesures se rapportant au report des majorations des salaires dans le secteur public ou aux diverses mesures fiscales touchant les professions lib\u00e9rales, notamment les avocats qui ont \u00e9t\u00e9 inscrites au projet de loi de finances. A ce propos, le dialogue aurait d\u00fb \u00eatre pr\u00e9alable \u00e0 toutes ces d\u00e9cisions d\u2019autant plus qu\u2019il \u00e9tait aussi li\u00e9 par le Pacte de Carthage.<\/p>\n<p>Cette d\u00e9marche aurait pu aussi \u00e9viter au pays des tensions inutiles, dont il n\u2019avait pas besoin en ce contexte particuli\u00e8rement d\u00e9licat d\u2019autant plus qu\u2019il intervenait pratiquement en m\u00eame temps que la fameuse Conf\u00e9rence internationale de l\u2019investissement.<\/p>\n<p>Ensuite, et en ce qui concerne les actions entreprises et leur \u00e9volution, on remarque que les promesses de lutte contre la corruption, l\u2019\u00e9conomie parall\u00e8le et les diff\u00e9rents trafics, la contrebande ou le respect de la loi n\u2019ont fait l\u2019objet que de quelques actions spectaculaires sans plus ! On a certes d\u00e9moli, parfois en m\u00e9connaissance du droit, des devantures de caf\u00e9s ou de commerces y compris dans les quartiers chic de la capitale, ou, des constructions anarchiques ; on a \u00ab d\u00e9couvert \u00bb des d\u00e9p\u00f4ts de produits de contrebande, on a emp\u00each\u00e9 des marchands ambulants d\u2019envahir les rues de la capitale, mais ce ne fut que de la poudre aux yeux.<\/p>\n<p>Ces mesures ont \u00e9t\u00e9 sans r\u00e9sultats palpables. Allez voir du c\u00f4t\u00e9 de la rue Charles de Gaulle, par exemple, les op\u00e9rations se sont limit\u00e9es aux petits d\u00e9taillants qui figurent au bout des r\u00e9seaux de contrebande. Quant \u00e0 la corruption qui s\u00e9vit un peu partout dans tous les domaines et \u00e0 tous les \u00e9tages, le gouvernement semble impuissant de lutter contre ce ph\u00e9nom\u00e8ne de mani\u00e8re efficace.<\/p>\n<p>Enfin, la loi de finances 2017, qui \u00e9tait le cheval de bataille et servait de base \u00e0 la politique du gouvernement pour l\u2019ann\u00e9e prochaine, elle a \u00e9t\u00e9 pratiquement vid\u00e9e de son sens, Youssef Chahed et son \u00e9quipe n\u2019obtenant que quelques miettes telle la lev\u00e9e du secret bancaire ou la r\u00e9vision des taux d\u2019imposition des revenus alors que l\u2019identifiant fiscal que l\u2019on va appliquer sur les professions lib\u00e9rales existe d\u00e9j\u00e0 et ne constitue pas une innovation.<\/p>\n<p>La r\u00e9vision de la politique fiscale vers davantage d\u2019\u00e9quit\u00e9 et de justice entre les diff\u00e9rentes cat\u00e9gories de citoyens, n\u00e9cessaire pour instaurer un v\u00e9ritable Etat de droit, passe par le perfectionnement des m\u00e9canismes de la collecte des imp\u00f4ts en s\u2019appuyant sur une administration plus efficiente sur tous les plans (transparence des proc\u00e9dures, probit\u00e9 des agents, respect de la l\u00e9gislation et des droits du contribuable etc..) et par un profond amendement des principes et des techniques.<\/p>\n<p>Autrement dit, le \u00ab bilan \u00bb de Youssef Chahed et de son \u00e9quipe n\u2019est pas tr\u00e8s brillant. Il aurait pu l\u2019\u00eatre davantage si jamais la volont\u00e9 du changement \u00e9tait plus marqu\u00e9e et s\u2019il existait un v\u00e9ritable discours rassurant tout en \u00e9tant capable de motiver un peuple encore bien loin d\u2019\u00eatre optimiste dans un pays o\u00f9 le mariage des contraires est devenu la seule d\u00e9marche possible.<\/p>\n<p>Or ce compromis fallacieux sur lequel on est en train de \u00ab b\u00e2tir \u00bb le pays risque un jour de se d\u00e9rober sous nos pieds et de se transformer en sables mouvants qui nous engloutiraient et enterrerait \u00e0 jamais la d\u00e9mocratie dont on r\u00eavait\u2026<br \/>\nL.L.<\/p>\n","protected":false},"excerpt":{"rendered":"<p>Tunis Hebdo | L\u2019\u00e9valuation du rendement d\u2019un gouvernement, notamment dans les d\u00e9mocraties occidentales, commence d\u00e8s le 100\u00e8me jour \u00e0 partir de la<\/p>\n","protected":false},"author":3222,"featured_media":366841,"comment_status":"open","ping_status":"open","sticky":false,"template":"","format":"standard","meta":{"footnotes":""},"categories":[2589],"tags":[],"class_list":["post-178951","post","type-post","status-publish","format-standard","has-post-thumbnail","hentry","category-edito"],"yoast_head":"<!-- This site is optimized with the Yoast SEO Premium plugin v27.5 (Yoast SEO v27.5) - https:\/\/yoast.com\/product\/yoast-seo-premium-wordpress\/ -->\n<title>Tunisie : Les 100 jours de Youssef Chahed !<\/title>\n<meta name=\"description\" content=\"Tunisie : Les 100 jours de Youssef Chahed !\" \/>\n<link rel=\"canonical\" href=\"https:\/\/www.webdo.tn\/fr\/actualite\/edito\/tunisie-100-jours-de-youssef-chahed\/178951\/\" \/>\n<meta property=\"og:locale\" content=\"fr_FR\" \/>\n<meta property=\"og:type\" content=\"article\" \/>\n<meta property=\"og:title\" content=\"Tunisie : Les 100 jours de Youssef Chahed !\" \/>\n<meta property=\"og:description\" content=\"Tunisie : Les 100 jours de Youssef Chahed !\" \/>\n<meta property=\"og:url\" content=\"https:\/\/www.webdo.tn\/fr\/actualite\/edito\/tunisie-100-jours-de-youssef-chahed\/178951\/\" \/>\n<meta property=\"og:site_name\" content=\"webdo\" \/>\n<meta property=\"article:publisher\" content=\"https:\/\/www.facebook.com\/webdotn\" \/>\n<meta property=\"article:published_time\" content=\"2016-12-13T13:28:00+00:00\" \/>\n<meta property=\"og:image\" content=\"https:\/\/www.webdo.tn\/fr\/wp-content\/uploads\/2025\/06\/Chahed-1-300x200_178951.jpg\" \/>\n\t<meta property=\"og:image:width\" content=\"300\" \/>\n\t<meta property=\"og:image:height\" content=\"200\" \/>\n\t<meta property=\"og:image:type\" content=\"image\/jpeg\" \/>\n<meta name=\"author\" content=\"webdo.tn\" \/>\n<meta name=\"twitter:card\" content=\"summary_large_image\" \/>\n<meta name=\"twitter:creator\" content=\"@webdo_tn\" \/>\n<meta name=\"twitter:site\" content=\"@webdo_tn\" \/>\n<meta name=\"twitter:label1\" content=\"\u00c9crit par\" \/>\n\t<meta name=\"twitter:data1\" content=\"webdo.tn\" \/>\n\t<meta name=\"twitter:label2\" content=\"Dur\u00e9e de lecture estim\u00e9e\" \/>\n\t<meta name=\"twitter:data2\" content=\"5 minutes\" \/>\n<script type=\"application\/ld+json\" class=\"yoast-schema-graph\">{\"@context\":\"https:\\\/\\\/schema.org\",\"@graph\":[{\"@type\":\"NewsArticle\",\"@id\":\"https:\\\/\\\/www.webdo.tn\\\/fr\\\/actualite\\\/edito\\\/tunisie-100-jours-de-youssef-chahed\\\/178951\\\/#article\",\"isPartOf\":{\"@id\":\"https:\\\/\\\/www.webdo.tn\\\/fr\\\/actualite\\\/edito\\\/tunisie-100-jours-de-youssef-chahed\\\/178951\\\/\"},\"author\":{\"name\":\"webdo.tn\",\"@id\":\"https:\\\/\\\/www.webdo.tn\\\/fr\\\/#\\\/schema\\\/person\\\/9a9c6118d687c117df8ef3cc36a4d175\"},\"headline\":\"Tunisie : Les 100 jours de Youssef Chahed !\",\"datePublished\":\"2016-12-13T13:28:00+00:00\",\"mainEntityOfPage\":{\"@id\":\"https:\\\/\\\/www.webdo.tn\\\/fr\\\/actualite\\\/edito\\\/tunisie-100-jours-de-youssef-chahed\\\/178951\\\/\"},\"wordCount\":974,\"commentCount\":0,\"publisher\":{\"@id\":\"https:\\\/\\\/www.webdo.tn\\\/fr\\\/#organization\"},\"image\":{\"@id\":\"https:\\\/\\\/www.webdo.tn\\\/fr\\\/actualite\\\/edito\\\/tunisie-100-jours-de-youssef-chahed\\\/178951\\\/#primaryimage\"},\"thumbnailUrl\":\"https:\\\/\\\/www.webdo.tn\\\/fr\\\/wp-content\\\/uploads\\\/2025\\\/06\\\/Chahed-1-300x200_178951.jpg\",\"articleSection\":[\"Edito\"],\"inLanguage\":\"fr-FR\"},{\"@type\":\"WebPage\",\"@id\":\"https:\\\/\\\/www.webdo.tn\\\/fr\\\/actualite\\\/edito\\\/tunisie-100-jours-de-youssef-chahed\\\/178951\\\/\",\"url\":\"https:\\\/\\\/www.webdo.tn\\\/fr\\\/actualite\\\/edito\\\/tunisie-100-jours-de-youssef-chahed\\\/178951\\\/\",\"name\":\"Tunisie : Les 100 jours de Youssef Chahed !\",\"isPartOf\":{\"@id\":\"https:\\\/\\\/www.webdo.tn\\\/fr\\\/#website\"},\"primaryImageOfPage\":{\"@id\":\"https:\\\/\\\/www.webdo.tn\\\/fr\\\/actualite\\\/edito\\\/tunisie-100-jours-de-youssef-chahed\\\/178951\\\/#primaryimage\"},\"image\":{\"@id\":\"https:\\\/\\\/www.webdo.tn\\\/fr\\\/actualite\\\/edito\\\/tunisie-100-jours-de-youssef-chahed\\\/178951\\\/#primaryimage\"},\"thumbnailUrl\":\"https:\\\/\\\/www.webdo.tn\\\/fr\\\/wp-content\\\/uploads\\\/2025\\\/06\\\/Chahed-1-300x200_178951.jpg\",\"datePublished\":\"2016-12-13T13:28:00+00:00\",\"description\":\"Tunisie : Les 100 jours de Youssef Chahed !\",\"breadcrumb\":{\"@id\":\"https:\\\/\\\/www.webdo.tn\\\/fr\\\/actualite\\\/edito\\\/tunisie-100-jours-de-youssef-chahed\\\/178951\\\/#breadcrumb\"},\"inLanguage\":\"fr-FR\",\"potentialAction\":[{\"@type\":\"ReadAction\",\"target\":[\"https:\\\/\\\/www.webdo.tn\\\/fr\\\/actualite\\\/edito\\\/tunisie-100-jours-de-youssef-chahed\\\/178951\\\/\"]}]},{\"@type\":\"ImageObject\",\"inLanguage\":\"fr-FR\",\"@id\":\"https:\\\/\\\/www.webdo.tn\\\/fr\\\/actualite\\\/edito\\\/tunisie-100-jours-de-youssef-chahed\\\/178951\\\/#primaryimage\",\"url\":\"https:\\\/\\\/www.webdo.tn\\\/fr\\\/wp-content\\\/uploads\\\/2025\\\/06\\\/Chahed-1-300x200_178951.jpg\",\"contentUrl\":\"https:\\\/\\\/www.webdo.tn\\\/fr\\\/wp-content\\\/uploads\\\/2025\\\/06\\\/Chahed-1-300x200_178951.jpg\",\"width\":300,\"height\":200,\"caption\":\"Tunisie : Les 100 jours de Youssef Chahed !\"},{\"@type\":\"BreadcrumbList\",\"@id\":\"https:\\\/\\\/www.webdo.tn\\\/fr\\\/actualite\\\/edito\\\/tunisie-100-jours-de-youssef-chahed\\\/178951\\\/#breadcrumb\",\"itemListElement\":[{\"@type\":\"ListItem\",\"position\":1,\"name\":\"Accueil\",\"item\":\"https:\\\/\\\/www.webdo.tn\\\/fr\\\/\"},{\"@type\":\"ListItem\",\"position\":2,\"name\":\"Tunisie : Les 100 jours de Youssef Chahed !\"}]},{\"@type\":\"WebSite\",\"@id\":\"https:\\\/\\\/www.webdo.tn\\\/fr\\\/#website\",\"url\":\"https:\\\/\\\/www.webdo.tn\\\/fr\\\/\",\"name\":\"webdo\",\"description\":\"Tunisie - News en Tunisie et \u00e0 l&#039;international sur Webdo.tn\",\"publisher\":{\"@id\":\"https:\\\/\\\/www.webdo.tn\\\/fr\\\/#organization\"},\"potentialAction\":[{\"@type\":\"SearchAction\",\"target\":{\"@type\":\"EntryPoint\",\"urlTemplate\":\"https:\\\/\\\/www.webdo.tn\\\/fr\\\/?s={search_term_string}\"},\"query-input\":{\"@type\":\"PropertyValueSpecification\",\"valueRequired\":true,\"valueName\":\"search_term_string\"}}],\"inLanguage\":\"fr-FR\"},{\"@type\":\"Organization\",\"@id\":\"https:\\\/\\\/www.webdo.tn\\\/fr\\\/#organization\",\"name\":\"Webdo\",\"alternateName\":\"Webdo.tn\",\"url\":\"https:\\\/\\\/www.webdo.tn\\\/fr\\\/\",\"logo\":{\"@type\":\"ImageObject\",\"inLanguage\":\"fr-FR\",\"@id\":\"https:\\\/\\\/www.webdo.tn\\\/fr\\\/#\\\/schema\\\/logo\\\/image\\\/\",\"url\":\"https:\\\/\\\/www.webdo.tn\\\/fr\\\/wp-content\\\/uploads\\\/2025\\\/06\\\/Webdo-Tunisie_168377.jpg\",\"contentUrl\":\"https:\\\/\\\/www.webdo.tn\\\/fr\\\/wp-content\\\/uploads\\\/2025\\\/06\\\/Webdo-Tunisie_168377.jpg\",\"width\":301,\"height\":301,\"caption\":\"Webdo\"},\"image\":{\"@id\":\"https:\\\/\\\/www.webdo.tn\\\/fr\\\/#\\\/schema\\\/logo\\\/image\\\/\"},\"sameAs\":[\"https:\\\/\\\/www.facebook.com\\\/webdotn\",\"https:\\\/\\\/x.com\\\/webdo_tn\"],\"description\":\"Webdo est un m\u00e9dia num\u00e9rique tunisien fond\u00e9 en 2010, sp\u00e9cialis\u00e9 dans l\u2019actualit\u00e9 nationale et internationale, l\u2019\u00e9conomie, la soci\u00e9t\u00e9 et les analyses politiques. Le site s\u2019adresse \u00e0 un large public francophone et couvre l\u2019information tunisienne en temps r\u00e9el.\",\"email\":\"redac@webdo.tn\",\"legalName\":\"YNJ SARL\",\"foundingDate\":\"2010-09-06\",\"numberOfEmployees\":{\"@type\":\"QuantitativeValue\",\"minValue\":\"11\",\"maxValue\":\"50\"}},{\"@type\":\"Person\",\"@id\":\"https:\\\/\\\/www.webdo.tn\\\/fr\\\/#\\\/schema\\\/person\\\/9a9c6118d687c117df8ef3cc36a4d175\",\"name\":\"webdo.tn\",\"image\":{\"@type\":\"ImageObject\",\"inLanguage\":\"fr-FR\",\"@id\":\"https:\\\/\\\/secure.gravatar.com\\\/avatar\\\/7ce1f28c0c3bbac99ff550b85ef8e44a6950c6ee24514fb6a5489e51d06f0298?s=96&d=mm&r=g\",\"url\":\"https:\\\/\\\/secure.gravatar.com\\\/avatar\\\/7ce1f28c0c3bbac99ff550b85ef8e44a6950c6ee24514fb6a5489e51d06f0298?s=96&d=mm&r=g\",\"contentUrl\":\"https:\\\/\\\/secure.gravatar.com\\\/avatar\\\/7ce1f28c0c3bbac99ff550b85ef8e44a6950c6ee24514fb6a5489e51d06f0298?s=96&d=mm&r=g\",\"caption\":\"webdo.tn\"},\"url\":\"https:\\\/\\\/www.webdo.tn\\\/fr\\\/actualite\\\/author\\\/webdotn\\\/\"}]}<\/script>\n<!-- \/ Yoast SEO Premium plugin. -->","yoast_head_json":{"title":"Tunisie : Les 100 jours de Youssef Chahed !","description":"Tunisie : Les 100 jours de Youssef Chahed !","canonical":"https:\/\/www.webdo.tn\/fr\/actualite\/edito\/tunisie-100-jours-de-youssef-chahed\/178951\/","og_locale":"fr_FR","og_type":"article","og_title":"Tunisie : Les 100 jours de Youssef Chahed !","og_description":"Tunisie : Les 100 jours de Youssef Chahed !","og_url":"https:\/\/www.webdo.tn\/fr\/actualite\/edito\/tunisie-100-jours-de-youssef-chahed\/178951\/","og_site_name":"webdo","article_publisher":"https:\/\/www.facebook.com\/webdotn","article_published_time":"2016-12-13T13:28:00+00:00","og_image":[{"width":300,"height":200,"url":"https:\/\/www.webdo.tn\/fr\/wp-content\/uploads\/2025\/06\/Chahed-1-300x200_178951.jpg","type":"image\/jpeg"}],"author":"webdo.tn","twitter_card":"summary_large_image","twitter_creator":"@webdo_tn","twitter_site":"@webdo_tn","twitter_misc":{"\u00c9crit par":"webdo.tn","Dur\u00e9e de lecture estim\u00e9e":"5 minutes"},"schema":{"@context":"https:\/\/schema.org","@graph":[{"@type":"NewsArticle","@id":"https:\/\/www.webdo.tn\/fr\/actualite\/edito\/tunisie-100-jours-de-youssef-chahed\/178951\/#article","isPartOf":{"@id":"https:\/\/www.webdo.tn\/fr\/actualite\/edito\/tunisie-100-jours-de-youssef-chahed\/178951\/"},"author":{"name":"webdo.tn","@id":"https:\/\/www.webdo.tn\/fr\/#\/schema\/person\/9a9c6118d687c117df8ef3cc36a4d175"},"headline":"Tunisie : Les 100 jours de Youssef Chahed !","datePublished":"2016-12-13T13:28:00+00:00","mainEntityOfPage":{"@id":"https:\/\/www.webdo.tn\/fr\/actualite\/edito\/tunisie-100-jours-de-youssef-chahed\/178951\/"},"wordCount":974,"commentCount":0,"publisher":{"@id":"https:\/\/www.webdo.tn\/fr\/#organization"},"image":{"@id":"https:\/\/www.webdo.tn\/fr\/actualite\/edito\/tunisie-100-jours-de-youssef-chahed\/178951\/#primaryimage"},"thumbnailUrl":"https:\/\/www.webdo.tn\/fr\/wp-content\/uploads\/2025\/06\/Chahed-1-300x200_178951.jpg","articleSection":["Edito"],"inLanguage":"fr-FR"},{"@type":"WebPage","@id":"https:\/\/www.webdo.tn\/fr\/actualite\/edito\/tunisie-100-jours-de-youssef-chahed\/178951\/","url":"https:\/\/www.webdo.tn\/fr\/actualite\/edito\/tunisie-100-jours-de-youssef-chahed\/178951\/","name":"Tunisie : Les 100 jours de Youssef Chahed !","isPartOf":{"@id":"https:\/\/www.webdo.tn\/fr\/#website"},"primaryImageOfPage":{"@id":"https:\/\/www.webdo.tn\/fr\/actualite\/edito\/tunisie-100-jours-de-youssef-chahed\/178951\/#primaryimage"},"image":{"@id":"https:\/\/www.webdo.tn\/fr\/actualite\/edito\/tunisie-100-jours-de-youssef-chahed\/178951\/#primaryimage"},"thumbnailUrl":"https:\/\/www.webdo.tn\/fr\/wp-content\/uploads\/2025\/06\/Chahed-1-300x200_178951.jpg","datePublished":"2016-12-13T13:28:00+00:00","description":"Tunisie : Les 100 jours de Youssef Chahed !","breadcrumb":{"@id":"https:\/\/www.webdo.tn\/fr\/actualite\/edito\/tunisie-100-jours-de-youssef-chahed\/178951\/#breadcrumb"},"inLanguage":"fr-FR","potentialAction":[{"@type":"ReadAction","target":["https:\/\/www.webdo.tn\/fr\/actualite\/edito\/tunisie-100-jours-de-youssef-chahed\/178951\/"]}]},{"@type":"ImageObject","inLanguage":"fr-FR","@id":"https:\/\/www.webdo.tn\/fr\/actualite\/edito\/tunisie-100-jours-de-youssef-chahed\/178951\/#primaryimage","url":"https:\/\/www.webdo.tn\/fr\/wp-content\/uploads\/2025\/06\/Chahed-1-300x200_178951.jpg","contentUrl":"https:\/\/www.webdo.tn\/fr\/wp-content\/uploads\/2025\/06\/Chahed-1-300x200_178951.jpg","width":300,"height":200,"caption":"Tunisie : Les 100 jours de Youssef Chahed !"},{"@type":"BreadcrumbList","@id":"https:\/\/www.webdo.tn\/fr\/actualite\/edito\/tunisie-100-jours-de-youssef-chahed\/178951\/#breadcrumb","itemListElement":[{"@type":"ListItem","position":1,"name":"Accueil","item":"https:\/\/www.webdo.tn\/fr\/"},{"@type":"ListItem","position":2,"name":"Tunisie : Les 100 jours de Youssef Chahed !"}]},{"@type":"WebSite","@id":"https:\/\/www.webdo.tn\/fr\/#website","url":"https:\/\/www.webdo.tn\/fr\/","name":"webdo","description":"Tunisie - News en Tunisie et \u00e0 l&#039;international sur Webdo.tn","publisher":{"@id":"https:\/\/www.webdo.tn\/fr\/#organization"},"potentialAction":[{"@type":"SearchAction","target":{"@type":"EntryPoint","urlTemplate":"https:\/\/www.webdo.tn\/fr\/?s={search_term_string}"},"query-input":{"@type":"PropertyValueSpecification","valueRequired":true,"valueName":"search_term_string"}}],"inLanguage":"fr-FR"},{"@type":"Organization","@id":"https:\/\/www.webdo.tn\/fr\/#organization","name":"Webdo","alternateName":"Webdo.tn","url":"https:\/\/www.webdo.tn\/fr\/","logo":{"@type":"ImageObject","inLanguage":"fr-FR","@id":"https:\/\/www.webdo.tn\/fr\/#\/schema\/logo\/image\/","url":"https:\/\/www.webdo.tn\/fr\/wp-content\/uploads\/2025\/06\/Webdo-Tunisie_168377.jpg","contentUrl":"https:\/\/www.webdo.tn\/fr\/wp-content\/uploads\/2025\/06\/Webdo-Tunisie_168377.jpg","width":301,"height":301,"caption":"Webdo"},"image":{"@id":"https:\/\/www.webdo.tn\/fr\/#\/schema\/logo\/image\/"},"sameAs":["https:\/\/www.facebook.com\/webdotn","https:\/\/x.com\/webdo_tn"],"description":"Webdo est un m\u00e9dia num\u00e9rique tunisien fond\u00e9 en 2010, sp\u00e9cialis\u00e9 dans l\u2019actualit\u00e9 nationale et internationale, l\u2019\u00e9conomie, la soci\u00e9t\u00e9 et les analyses politiques. Le site s\u2019adresse \u00e0 un large public francophone et couvre l\u2019information tunisienne en temps r\u00e9el.","email":"redac@webdo.tn","legalName":"YNJ SARL","foundingDate":"2010-09-06","numberOfEmployees":{"@type":"QuantitativeValue","minValue":"11","maxValue":"50"}},{"@type":"Person","@id":"https:\/\/www.webdo.tn\/fr\/#\/schema\/person\/9a9c6118d687c117df8ef3cc36a4d175","name":"webdo.tn","image":{"@type":"ImageObject","inLanguage":"fr-FR","@id":"https:\/\/secure.gravatar.com\/avatar\/7ce1f28c0c3bbac99ff550b85ef8e44a6950c6ee24514fb6a5489e51d06f0298?s=96&d=mm&r=g","url":"https:\/\/secure.gravatar.com\/avatar\/7ce1f28c0c3bbac99ff550b85ef8e44a6950c6ee24514fb6a5489e51d06f0298?s=96&d=mm&r=g","contentUrl":"https:\/\/secure.gravatar.com\/avatar\/7ce1f28c0c3bbac99ff550b85ef8e44a6950c6ee24514fb6a5489e51d06f0298?s=96&d=mm&r=g","caption":"webdo.tn"},"url":"https:\/\/www.webdo.tn\/fr\/actualite\/author\/webdotn\/"}]}},"_links":{"self":[{"href":"https:\/\/www.webdo.tn\/fr\/wp-json\/wp\/v2\/posts\/178951","targetHints":{"allow":["GET"]}}],"collection":[{"href":"https:\/\/www.webdo.tn\/fr\/wp-json\/wp\/v2\/posts"}],"about":[{"href":"https:\/\/www.webdo.tn\/fr\/wp-json\/wp\/v2\/types\/post"}],"author":[{"embeddable":true,"href":"https:\/\/www.webdo.tn\/fr\/wp-json\/wp\/v2\/users\/3222"}],"replies":[{"embeddable":true,"href":"https:\/\/www.webdo.tn\/fr\/wp-json\/wp\/v2\/comments?post=178951"}],"version-history":[{"count":0,"href":"https:\/\/www.webdo.tn\/fr\/wp-json\/wp\/v2\/posts\/178951\/revisions"}],"wp:featuredmedia":[{"embeddable":true,"href":"https:\/\/www.webdo.tn\/fr\/wp-json\/wp\/v2\/media\/366841"}],"wp:attachment":[{"href":"https:\/\/www.webdo.tn\/fr\/wp-json\/wp\/v2\/media?parent=178951"}],"wp:term":[{"taxonomy":"category","embeddable":true,"href":"https:\/\/www.webdo.tn\/fr\/wp-json\/wp\/v2\/categories?post=178951"},{"taxonomy":"post_tag","embeddable":true,"href":"https:\/\/www.webdo.tn\/fr\/wp-json\/wp\/v2\/tags?post=178951"}],"curies":[{"name":"wp","href":"https:\/\/api.w.org\/{rel}","templated":true}]}}